{"id":16233,"date":"2015-12-30T09:13:22","date_gmt":"2015-12-30T12:13:22","guid":{"rendered":"http:\/\/patagoniambiental.com.ar\/?p=16233"},"modified":"2015-12-30T09:13:22","modified_gmt":"2015-12-30T12:13:22","slug":"lanzaron-campana-bosques-sin-fuego","status":"publish","type":"post","link":"https:\/\/patagoniambiental.com.ar\/info\/lanzaron-campana-bosques-sin-fuego\/","title":{"rendered":"Lanzaron campa\u00f1a \u201cBosques sin fuego\u201d"},"content":{"rendered":"<p>El ministro de Ambiente y Desarrollo Sustentable, Sergio Bergman, lanz\u00f3 la campa\u00f1a \u201cBosques sin fuego\u201d, de prevenci\u00f3n de incendios forestales en los parques nacionales, llam\u00f3 a todos los residentes y turistas a \u201ccuidar nuestra casa\u201d y anunci\u00f3 un refuerzo del Sistema Federal de Manejo del Fuego (SFMF).<\/p>\n<p>\u201cLos funcionarios venimos a hacer nuestro deber, reforzar el equipamiento, agregar tecnolog\u00eda, articular con todos los organismos y jurisdicciones, administrar los recursos en forma eficiente y a asegurar la presencia del Estado, y ponemos a los brigadistas y los que trabajan frente al fuego como prioridad\u201d, expres\u00f3 el ministro en di\u00e1logo con los medios.<\/p>\n<p>Bergman ofreci\u00f3 una conferencia de prensa que se prolong\u00f3 en un di\u00e1logo con todos los sectores que en cada temporada enfrentan la problem\u00e1tica, entre ellos Parques Nacionales, los servicios de bosques y lucha contra el fuego en las provincias, bomberos voluntarios, polic\u00edas, personal de Defensa Civil y otros.<\/p>\n<p>\u201cSomos un equipo, somos el equipo que la comunidad reclama cuando aparece una cat\u00e1strofe, como incendios, erupciones o inundaciones. Tenemos que actuar en forma coordinada y recuperar la confianza entre nosotros\u201d, sostuvo.<\/p>\n<p>Inform\u00f3 que llevar\u00e1n de dos a cuatro los helic\u00f3pteros con base en la regi\u00f3n, que estar\u00e1n a disposici\u00f3n en Bariloche (Parque Nacional Nahuel Huapi), El Bols\u00f3n (PN Lago Puelo), San Mart\u00edn de los Andes (PN Lan\u00edn) y Trevelin (PN Los Alerces).<\/p>\n<p>Tambi\u00e9n habr\u00e1 seis aviones hidrantes (dos en Bariloche, dos en El Bols\u00f3n, uno en San Mart\u00edn de los Andes y uno en Trevelin), y uno de observaci\u00f3n en esta ciudad, para cubrir la zona m\u00e1s cr\u00edtica en caso de incendio forestal.<\/p>\n<p>El funcionario destac\u00f3 que \u201cla idea es reforzar lo m\u00e1s posible y mejorar la eficiencia de los recursos disponibles\u201d.<\/p>\n<p>Bergman expres\u00f3 su disposici\u00f3n para recibir y analizar reclamos de pase a planta de brigadistas y de integraci\u00f3n en la red de trabajo a los bomberos voluntarios urbanos, que siempre son convocados a incendios de interfase, \u00a0pero no participan en los comit\u00e9s de planificaci\u00f3n.<\/p>\n<p>\u201cTenemos que salir del reclamo y transformarnos en parte de la soluci\u00f3n. Nosotros hacemos nuestro trabajo, pero las soluciones est\u00e1n m\u00e1s en la sociedad civil que en el Estado\u201d, dijo, advirtiendo que el Ministerio \u201cno viene a borrar todo lo hecho y empezar de nuevo\u201d e instando a \u201csincerar todo, dialogar y buscar consensos\u201d.<\/p>\n<p>El nuevo director del SFMF, Fernando Epele, precis\u00f3 a T\u00e9lam que el organismo tiene entre sus l\u00edneas de trabajo \u201cactuar contra la especulaci\u00f3n inmobiliaria\u201d, que en casos de incendios forestales como los de la temporada pasada en el oeste Chubut surgi\u00f3 como una sospecha del origen del fuego intencional.<\/p>\n<p>A su vez, el nuevo presidente de la Administraci\u00f3n de Parques Nacionales, Eugenio Breard, destac\u00f3 que con el cambio de cartera del organismo -antes en el Ministerio de Turismo, ahora en Ambiente y Desarrollo Sustentable- \u201cseguir\u00e1 los objetivos planteados por el ministro, de eficientizaci\u00f3n del cuidado de los recursos y la administraci\u00f3n, para una pol\u00edtica de expansi\u00f3n\u201d.<\/p>\n<p>&nbsp;<\/p>\n","protected":false},"excerpt":{"rendered":"<p>El ministro de Ambiente y Desarrollo Sustentable, Sergio Bergman, lanz\u00f3 la campa\u00f1a \u201cBosques sin fuego\u201d, de prevenci\u00f3n de incendios forestales [&hellip;]<\/p>\n","protected":false},"author":2,"featured_media":16234,"comment_status":"closed","ping_status":"closed","sticky":false,"template":"","format":"standard","meta":{"site-sidebar-layout":"default","site-content-layout":"","ast-site-content-layout":"default","site-content-style":"default","site-sidebar-style":"default","ast-global-header-display":"","ast-banner-title-visibility":"","ast-main-header-display":"","ast-hfb-above-header-display":"","ast-hfb-below-header-display":"","ast-hfb-mobile-header-display":"","site-post-title":"","ast-breadcrumbs-content":"","ast-featured-img":"","footer-sml-layout":"","ast-disable-related-posts":"","theme-transparent-header-meta":"","adv-header-id-meta":"","stick-header-meta":"","header-above-stick-meta":"","header-main-stick-meta":"","header-below-stick-meta":"","astra-migrate-meta-layouts":"default","ast-page-background-enabled":"default","ast-page-background-meta":{"desktop":{"background-color":"var(--ast-global-color-5)","background-image":"","background-repeat":"repeat","background-position":"center center","background-size":"auto","background-attachment":"scroll","background-type":"","background-media":"","overlay-type":"","overlay-color":"","overlay-opacity":"","overlay-gradient":""},"tablet":{"background-color":"","background-image":"","background-repeat":"repeat","background-position":"center center","background-size":"auto","background-attachment":"scroll","background-type":"","background-media":"","overlay-type":"","overlay-color":"","overlay-opacity":"","overlay-gradient":""},"mobile":{"background-color":"","background-image":"","background-repeat":"repeat","background-position":"center center","background-size":"auto","background-attachment":"scroll","background-type":"","background-media":"","overlay-type":"","overlay-color":"","overlay-opacity":"","overlay-gradient":""}},"ast-content-background-meta":{"desktop":{"background-color":"var(--ast-global-color-4)","background-image":"","background-repeat":"repeat","background-position":"center center","background-size":"auto","background-attachment":"scroll","background-type":"","background-media":"","overlay-type":"","overlay-color":"","overlay-opacity":"","overlay-gradient":""},"tablet":{"background-color":"var(--ast-global-color-4)","background-image":"","background-repeat":"repeat","background-position":"center center","background-size":"auto","background-attachment":"scroll","background-type":"","background-media":"","overlay-type":"","overlay-color":"","overlay-opacity":"","overlay-gradient":""},"mobile":{"background-color":"var(--ast-global-color-4)","background-image":"","background-repeat":"repeat","background-position":"center center","background-size":"auto","background-attachment":"scroll","background-type":"","background-media":"","overlay-type":"","overlay-color":"","overlay-opacity":"","overlay-gradient":""}},"footnotes":""},"categories":[1],"tags":[],"class_list":["post-16233","post","type-post","status-publish","format-standard","has-post-thumbnail","hentry","category-noticias"],"yoast_head":"<!-- This site is optimized with the Yoast SEO Premium plugin v23.0 (Yoast SEO v27.5) - https:\/\/yoast.com\/product\/yoast-seo-premium-wordpress\/ -->\n<title>Lanzaron campa\u00f1a \u201cBosques sin fuego\u201d<\/title>\n<meta name=\"robots\" content=\"index, follow, max-snippet:-1, max-image-preview:large, max-video-preview:-1\" \/>\n<link rel=\"canonical\" href=\"https:\/\/patagoniambiental.com.ar\/info\/lanzaron-campana-bosques-sin-fuego\/\" \/>\n<meta property=\"og:locale\" content=\"es_ES\" \/>\n<meta property=\"og:type\" content=\"article\" \/>\n<meta property=\"og:title\" content=\"Lanzaron campa\u00f1a \u201cBosques sin fuego\u201d\" \/>\n<meta property=\"og:description\" content=\"El ministro de Ambiente y Desarrollo Sustentable, Sergio Bergman, lanz\u00f3 la campa\u00f1a \u201cBosques sin fuego\u201d, de prevenci\u00f3n de incendios forestales [&hellip;]\" \/>\n<meta property=\"og:url\" content=\"https:\/\/patagoniambiental.com.ar\/info\/lanzaron-campana-bosques-sin-fuego\/\" \/>\n<meta property=\"og:site_name\" content=\"Patagonia Ambiental\" \/>\n<meta property=\"article:publisher\" content=\"https:\/\/www.facebook.com\/patagonia.ambiental\" \/>\n<meta property=\"article:author\" content=\"https:\/\/www.facebook.com\/share\/1C1V8Gv9BX\/?mibextid=qi2Omg\" \/>\n<meta property=\"article:published_time\" content=\"2015-12-30T12:13:22+00:00\" \/>\n<meta name=\"author\" content=\"Patagonia Ambiental\" \/>\n<meta name=\"twitter:card\" content=\"summary_large_image\" \/>\n<meta name=\"twitter:creator\" content=\"@PatAmb\" \/>\n<meta name=\"twitter:site\" content=\"@PatAmb\" \/>\n<script type=\"application\/ld+json\" class=\"yoast-schema-graph\">{\"@context\":\"https:\\\/\\\/schema.org\",\"@graph\":[{\"@type\":\"Article\",\"@id\":\"https:\\\/\\\/patagoniambiental.com.ar\\\/info\\\/lanzaron-campana-bosques-sin-fuego\\\/#article\",\"isPartOf\":{\"@id\":\"https:\\\/\\\/patagoniambiental.com.ar\\\/info\\\/lanzaron-campana-bosques-sin-fuego\\\/\"},\"author\":{\"name\":\"Patagonia Ambiental\",\"@id\":\"https:\\\/\\\/patagoniambiental.com.ar\\\/info\\\/#\\\/schema\\\/person\\\/db12bff64bbcbf6a253710bf0ea37b5d\"},\"headline\":\"Lanzaron campa\u00f1a \u201cBosques sin fuego\u201d\",\"datePublished\":\"2015-12-30T12:13:22+00:00\",\"mainEntityOfPage\":{\"@id\":\"https:\\\/\\\/patagoniambiental.com.ar\\\/info\\\/lanzaron-campana-bosques-sin-fuego\\\/\"},\"wordCount\":531,\"publisher\":{\"@id\":\"https:\\\/\\\/patagoniambiental.com.ar\\\/info\\\/#organization\"},\"image\":{\"@id\":\"https:\\\/\\\/patagoniambiental.com.ar\\\/info\\\/lanzaron-campana-bosques-sin-fuego\\\/#primaryimage\"},\"thumbnailUrl\":\"\",\"articleSection\":[\"Noticias\"],\"inLanguage\":\"es\"},{\"@type\":\"WebPage\",\"@id\":\"https:\\\/\\\/patagoniambiental.com.ar\\\/info\\\/lanzaron-campana-bosques-sin-fuego\\\/\",\"url\":\"https:\\\/\\\/patagoniambiental.com.ar\\\/info\\\/lanzaron-campana-bosques-sin-fuego\\\/\",\"name\":\"Lanzaron campa\u00f1a \u201cBosques sin fuego\u201d\",\"isPartOf\":{\"@id\":\"https:\\\/\\\/patagoniambiental.com.ar\\\/info\\\/#website\"},\"primaryImageOfPage\":{\"@id\":\"https:\\\/\\\/patagoniambiental.com.ar\\\/info\\\/lanzaron-campana-bosques-sin-fuego\\\/#primaryimage\"},\"image\":{\"@id\":\"https:\\\/\\\/patagoniambiental.com.ar\\\/info\\\/lanzaron-campana-bosques-sin-fuego\\\/#primaryimage\"},\"thumbnailUrl\":\"\",\"datePublished\":\"2015-12-30T12:13:22+00:00\",\"breadcrumb\":{\"@id\":\"https:\\\/\\\/patagoniambiental.com.ar\\\/info\\\/lanzaron-campana-bosques-sin-fuego\\\/#breadcrumb\"},\"inLanguage\":\"es\",\"potentialAction\":[{\"@type\":\"ReadAction\",\"target\":[\"https:\\\/\\\/patagoniambiental.com.ar\\\/info\\\/lanzaron-campana-bosques-sin-fuego\\\/\"]}]},{\"@type\":\"ImageObject\",\"inLanguage\":\"es\",\"@id\":\"https:\\\/\\\/patagoniambiental.com.ar\\\/info\\\/lanzaron-campana-bosques-sin-fuego\\\/#primaryimage\",\"url\":\"\",\"contentUrl\":\"\"},{\"@type\":\"BreadcrumbList\",\"@id\":\"https:\\\/\\\/patagoniambiental.com.ar\\\/info\\\/lanzaron-campana-bosques-sin-fuego\\\/#breadcrumb\",\"itemListElement\":[{\"@type\":\"ListItem\",\"position\":1,\"name\":\"Inicio\",\"item\":\"https:\\\/\\\/patagoniambiental.com.ar\\\/info\\\/\"},{\"@type\":\"ListItem\",\"position\":2,\"name\":\"Lanzaron campa\u00f1a \u201cBosques sin fuego\u201d\"}]},{\"@type\":\"WebSite\",\"@id\":\"https:\\\/\\\/patagoniambiental.com.ar\\\/info\\\/#website\",\"url\":\"https:\\\/\\\/patagoniambiental.com.ar\\\/info\\\/\",\"name\":\"Patagonia Ambiental\",\"description\":\"Monitoreo y an\u00e1lisis de la situaci\u00f3n geopol\u00edtica en el mundo y su implicancia en la Patagonia\",\"publisher\":{\"@id\":\"https:\\\/\\\/patagoniambiental.com.ar\\\/info\\\/#organization\"},\"potentialAction\":[{\"@type\":\"SearchAction\",\"target\":{\"@type\":\"EntryPoint\",\"urlTemplate\":\"https:\\\/\\\/patagoniambiental.com.ar\\\/info\\\/?s={search_term_string}\"},\"query-input\":{\"@type\":\"PropertyValueSpecification\",\"valueRequired\":true,\"valueName\":\"search_term_string\"}}],\"inLanguage\":\"es\"},{\"@type\":\"Organization\",\"@id\":\"https:\\\/\\\/patagoniambiental.com.ar\\\/info\\\/#organization\",\"name\":\"Patagonia Ambiental\",\"url\":\"https:\\\/\\\/patagoniambiental.com.ar\\\/info\\\/\",\"logo\":{\"@type\":\"ImageObject\",\"inLanguage\":\"es\",\"@id\":\"https:\\\/\\\/patagoniambiental.com.ar\\\/info\\\/#\\\/schema\\\/logo\\\/image\\\/\",\"url\":\"https:\\\/\\\/patagoniambiental.com.ar\\\/info\\\/wp-content\\\/uploads\\\/2025\\\/05\\\/LOGO-PATAGONIA-AMBIENTAL.png\",\"contentUrl\":\"https:\\\/\\\/patagoniambiental.com.ar\\\/info\\\/wp-content\\\/uploads\\\/2025\\\/05\\\/LOGO-PATAGONIA-AMBIENTAL.png\",\"width\":433,\"height\":250,\"caption\":\"Patagonia Ambiental\"},\"image\":{\"@id\":\"https:\\\/\\\/patagoniambiental.com.ar\\\/info\\\/#\\\/schema\\\/logo\\\/image\\\/\"},\"sameAs\":[\"https:\\\/\\\/www.facebook.com\\\/patagonia.ambiental\",\"https:\\\/\\\/x.com\\\/PatAmb\"]},{\"@type\":\"Person\",\"@id\":\"https:\\\/\\\/patagoniambiental.com.ar\\\/info\\\/#\\\/schema\\\/person\\\/db12bff64bbcbf6a253710bf0ea37b5d\",\"name\":\"Patagonia Ambiental\",\"description\":\"Andr\u00e9s Nievas T\u00e9cnico en manejo ambiental, consultor Ambiental y escritor para medios locales e internacionales sobre temas de geopolitica y medio ambiente.\",\"sameAs\":[\"http:\\\/\\\/www.patagoniambiental.com.ar\",\"https:\\\/\\\/www.facebook.com\\\/share\\\/1C1V8Gv9BX\\\/?mibextid=qi2Omg\",\"@patagoniambiental\",\"https:\\\/\\\/youtube.com\\\/@patagoniaambiental2023?si=BLt58t0wuXquxlYZ\"]}]}<\/script>\n<!-- \/ Yoast SEO Premium plugin. -->","yoast_head_json":{"title":"Lanzaron campa\u00f1a \u201cBosques sin fuego\u201d","robots":{"index":"index","follow":"follow","max-snippet":"max-snippet:-1","max-image-preview":"max-image-preview:large","max-video-preview":"max-video-preview:-1"},"canonical":"https:\/\/patagoniambiental.com.ar\/info\/lanzaron-campana-bosques-sin-fuego\/","og_locale":"es_ES","og_type":"article","og_title":"Lanzaron campa\u00f1a \u201cBosques sin fuego\u201d","og_description":"El ministro de Ambiente y Desarrollo Sustentable, Sergio Bergman, lanz\u00f3 la campa\u00f1a \u201cBosques sin fuego\u201d, de prevenci\u00f3n de incendios forestales [&hellip;]","og_url":"https:\/\/patagoniambiental.com.ar\/info\/lanzaron-campana-bosques-sin-fuego\/","og_site_name":"Patagonia Ambiental","article_publisher":"https:\/\/www.facebook.com\/patagonia.ambiental","article_author":"https:\/\/www.facebook.com\/share\/1C1V8Gv9BX\/?mibextid=qi2Omg","article_published_time":"2015-12-30T12:13:22+00:00","author":"Patagonia Ambiental","twitter_card":"summary_large_image","twitter_creator":"@PatAmb","twitter_site":"@PatAmb","schema":{"@context":"https:\/\/schema.org","@graph":[{"@type":"Article","@id":"https:\/\/patagoniambiental.com.ar\/info\/lanzaron-campana-bosques-sin-fuego\/#article","isPartOf":{"@id":"https:\/\/patagoniambiental.com.ar\/info\/lanzaron-campana-bosques-sin-fuego\/"},"author":{"name":"Patagonia Ambiental","@id":"https:\/\/patagoniambiental.com.ar\/info\/#\/schema\/person\/db12bff64bbcbf6a253710bf0ea37b5d"},"headline":"Lanzaron campa\u00f1a \u201cBosques sin fuego\u201d","datePublished":"2015-12-30T12:13:22+00:00","mainEntityOfPage":{"@id":"https:\/\/patagoniambiental.com.ar\/info\/lanzaron-campana-bosques-sin-fuego\/"},"wordCount":531,"publisher":{"@id":"https:\/\/patagoniambiental.com.ar\/info\/#organization"},"image":{"@id":"https:\/\/patagoniambiental.com.ar\/info\/lanzaron-campana-bosques-sin-fuego\/#primaryimage"},"thumbnailUrl":"","articleSection":["Noticias"],"inLanguage":"es"},{"@type":"WebPage","@id":"https:\/\/patagoniambiental.com.ar\/info\/lanzaron-campana-bosques-sin-fuego\/","url":"https:\/\/patagoniambiental.com.ar\/info\/lanzaron-campana-bosques-sin-fuego\/","name":"Lanzaron campa\u00f1a \u201cBosques sin fuego\u201d","isPartOf":{"@id":"https:\/\/patagoniambiental.com.ar\/info\/#website"},"primaryImageOfPage":{"@id":"https:\/\/patagoniambiental.com.ar\/info\/lanzaron-campana-bosques-sin-fuego\/#primaryimage"},"image":{"@id":"https:\/\/patagoniambiental.com.ar\/info\/lanzaron-campana-bosques-sin-fuego\/#primaryimage"},"thumbnailUrl":"","datePublished":"2015-12-30T12:13:22+00:00","breadcrumb":{"@id":"https:\/\/patagoniambiental.com.ar\/info\/lanzaron-campana-bosques-sin-fuego\/#breadcrumb"},"inLanguage":"es","potentialAction":[{"@type":"ReadAction","target":["https:\/\/patagoniambiental.com.ar\/info\/lanzaron-campana-bosques-sin-fuego\/"]}]},{"@type":"ImageObject","inLanguage":"es","@id":"https:\/\/patagoniambiental.com.ar\/info\/lanzaron-campana-bosques-sin-fuego\/#primaryimage","url":"","contentUrl":""},{"@type":"BreadcrumbList","@id":"https:\/\/patagoniambiental.com.ar\/info\/lanzaron-campana-bosques-sin-fuego\/#breadcrumb","itemListElement":[{"@type":"ListItem","position":1,"name":"Inicio","item":"https:\/\/patagoniambiental.com.ar\/info\/"},{"@type":"ListItem","position":2,"name":"Lanzaron campa\u00f1a \u201cBosques sin fuego\u201d"}]},{"@type":"WebSite","@id":"https:\/\/patagoniambiental.com.ar\/info\/#website","url":"https:\/\/patagoniambiental.com.ar\/info\/","name":"Patagonia Ambiental","description":"Monitoreo y an\u00e1lisis de la situaci\u00f3n geopol\u00edtica en el mundo y su implicancia en la Patagonia","publisher":{"@id":"https:\/\/patagoniambiental.com.ar\/info\/#organization"},"potentialAction":[{"@type":"SearchAction","target":{"@type":"EntryPoint","urlTemplate":"https:\/\/patagoniambiental.com.ar\/info\/?s={search_term_string}"},"query-input":{"@type":"PropertyValueSpecification","valueRequired":true,"valueName":"search_term_string"}}],"inLanguage":"es"},{"@type":"Organization","@id":"https:\/\/patagoniambiental.com.ar\/info\/#organization","name":"Patagonia Ambiental","url":"https:\/\/patagoniambiental.com.ar\/info\/","logo":{"@type":"ImageObject","inLanguage":"es","@id":"https:\/\/patagoniambiental.com.ar\/info\/#\/schema\/logo\/image\/","url":"https:\/\/patagoniambiental.com.ar\/info\/wp-content\/uploads\/2025\/05\/LOGO-PATAGONIA-AMBIENTAL.png","contentUrl":"https:\/\/patagoniambiental.com.ar\/info\/wp-content\/uploads\/2025\/05\/LOGO-PATAGONIA-AMBIENTAL.png","width":433,"height":250,"caption":"Patagonia Ambiental"},"image":{"@id":"https:\/\/patagoniambiental.com.ar\/info\/#\/schema\/logo\/image\/"},"sameAs":["https:\/\/www.facebook.com\/patagonia.ambiental","https:\/\/x.com\/PatAmb"]},{"@type":"Person","@id":"https:\/\/patagoniambiental.com.ar\/info\/#\/schema\/person\/db12bff64bbcbf6a253710bf0ea37b5d","name":"Patagonia Ambiental","description":"Andr\u00e9s Nievas T\u00e9cnico en manejo ambiental, consultor Ambiental y escritor para medios locales e internacionales sobre temas de geopolitica y medio ambiente.","sameAs":["http:\/\/www.patagoniambiental.com.ar","https:\/\/www.facebook.com\/share\/1C1V8Gv9BX\/?mibextid=qi2Omg","@patagoniambiental","https:\/\/youtube.com\/@patagoniaambiental2023?si=BLt58t0wuXquxlYZ"]}]}},"_links":{"self":[{"href":"https:\/\/patagoniambiental.com.ar\/info\/wp-json\/wp\/v2\/posts\/16233","targetHints":{"allow":["GET"]}}],"collection":[{"href":"https:\/\/patagoniambiental.com.ar\/info\/wp-json\/wp\/v2\/posts"}],"about":[{"href":"https:\/\/patagoniambiental.com.ar\/info\/wp-json\/wp\/v2\/types\/post"}],"author":[{"embeddable":true,"href":"https:\/\/patagoniambiental.com.ar\/info\/wp-json\/wp\/v2\/users\/2"}],"replies":[{"embeddable":true,"href":"https:\/\/patagoniambiental.com.ar\/info\/wp-json\/wp\/v2\/comments?post=16233"}],"version-history":[{"count":0,"href":"https:\/\/patagoniambiental.com.ar\/info\/wp-json\/wp\/v2\/posts\/16233\/revisions"}],"wp:featuredmedia":[{"embeddable":true,"href":"https:\/\/patagoniambiental.com.ar\/info\/wp-json\/"}],"wp:attachment":[{"href":"https:\/\/patagoniambiental.com.ar\/info\/wp-json\/wp\/v2\/media?parent=16233"}],"wp:term":[{"taxonomy":"category","embeddable":true,"href":"https:\/\/patagoniambiental.com.ar\/info\/wp-json\/wp\/v2\/categories?post=16233"},{"taxonomy":"post_tag","embeddable":true,"href":"https:\/\/patagoniambiental.com.ar\/info\/wp-json\/wp\/v2\/tags?post=16233"}],"curies":[{"name":"wp","href":"https:\/\/api.w.org\/{rel}","templated":true}]}}