{"id":16247,"date":"2016-01-02T11:10:09","date_gmt":"2016-01-02T14:10:09","guid":{"rendered":"http:\/\/patagoniambiental.com.ar\/?p=16247"},"modified":"2016-01-02T11:10:09","modified_gmt":"2016-01-02T14:10:09","slug":"ushuaia-abrieron-sobres-para-manejo-y-disposicion-final-de-residuos","status":"publish","type":"post","link":"https:\/\/patagoniambiental.com.ar\/info\/ushuaia-abrieron-sobres-para-manejo-y-disposicion-final-de-residuos\/","title":{"rendered":"Ushuaia: Abrieron sobres para manejo y disposici\u00f3n final de residuos"},"content":{"rendered":"<p>Se realiz\u00f3 la apertura de los sobres de la Licitaci\u00f3n P\u00fablica Nacional e Internacional 016\/2015 correspondiente al dise\u00f1o, construcci\u00f3n, operaci\u00f3n y mantenimiento de m\u00f3dulos de disposici\u00f3n final de Residuos S\u00f3lidos Urbanos y asimilables, junto a obras complementarias.<\/p>\n<p>En la oportunidad se present\u00f3 una sola empresa con sendos sobres, uno de la propuesta t\u00e9cnica del proyecto y el otro de la oferta econ\u00f3mica. La empresa oferente es EVASA (Emprendimientos Viales Argentinos Sociedad An\u00f3nima).<\/p>\n<p>La apertura de sobres se realiz\u00f3 en el SUM de la Secretar\u00eda de Promoci\u00f3n Social y estuvieron presentes la secretaria de Producci\u00f3n y Medio Ambiente, Cristina Mor\u00e1n y Flores y la Subsecretaria de esa cartera, Sonia Castiglione. Asimismo, en la mesa de la Comisi\u00f3n de Apertura, encabezada por Javier V\u00e1squez, estuvo presente la directora de Ecolog\u00eda y Medio Ambiente, ingeniera Marcela Arg\u00fcello, adem\u00e1s del Asesor Letrado del Municipio, doctor Daniel Garay y la Auditora Interna, Zarina Salom\u00e9 \u00c1guila Pereyra, entre otros funcionarios integrantes de la mencionada comisi\u00f3n.<\/p>\n<p>La subsecretaria Castiglione se\u00f1al\u00f3 al respecto que \u201cse trata del segundo llamado a licitaci\u00f3n puesto que el primero se declar\u00f3 desierto; en esta oportunidad una sola empresa present\u00f3 su propuesta, la que ser\u00e1 analizada oportunamente por la Comisi\u00f3n de Preadjudicaci\u00f3n\u201d. Asimismo valor\u00f3 que \u201ces un paso muy importante para poder seguir un camino m\u00e1s ordenado y m\u00e1s eficiente en lo que hace a la gesti\u00f3n de los residuos domiciliarios\u201d.<\/p>\n<p>Sobre los aspectos t\u00e9cnicos del sistema, record\u00f3 la Subsecretaria que \u201clos pliegos fueron elaborados por personal municipal y estuvo a consideraci\u00f3n del Concejo Deliberante durante casi un a\u00f1o y medio, con alg\u00fan aporte del Cuerpo deliberativo en alg\u00fan sentido y es as\u00ed que llegamos a la aprobaci\u00f3n del pliego, el primer llamado a licitaci\u00f3n, que como dije qued\u00f3 desierto; ahora llegamos a esta segunda licitaci\u00f3n con la presentaci\u00f3n de una empresa de una propuesta, que vamos a ver si prospera\u201d.<\/p>\n<p>Explic\u00f3 que \u201cel relleno sanitario es el mismo; lo que se est\u00e1 licitando es la operaci\u00f3n y el trabajo de disposici\u00f3n final de los residuos; es decir, el manejo del residuo domiciliario en el relleno sanitario\u201d.<\/p>\n<p>Por \u00faltimo confi\u00f3 que \u201cla Comisi\u00f3n de Preadjudicaci\u00f3n tiene un plazo para definir, pero nosotros estamos de alguna manera tratando de acortar todos los plazos en lo que depende del municipio y esta comisi\u00f3n, en vista que la pr\u00f3rroga otorgada por el Concejo Deliberante anterior, no por el actual, vence el 31 de marzo, con lo cual estamos tratando de apurar la evaluaci\u00f3n y trabajar las horas que sean necesarias desde la municipalidad para llegar lo antes posible a una buena evaluaci\u00f3n y ver si la propuesta puede prosperar o no\u201d, concluy\u00f3.<\/p>\n","protected":false},"excerpt":{"rendered":"<p>Se realiz\u00f3 la apertura de los sobres de la Licitaci\u00f3n P\u00fablica Nacional e Internacional 016\/2015 correspondiente al dise\u00f1o, construcci\u00f3n, operaci\u00f3n [&hellip;]<\/p>\n","protected":false},"author":2,"featured_media":0,"comment_status":"closed","ping_status":"closed","sticky":false,"template":"","format":"standard","meta":{"site-sidebar-layout":"default","site-content-layout":"","ast-site-content-layout":"default","site-content-style":"default","site-sidebar-style":"default","ast-global-header-display":"","ast-banner-title-visibility":"","ast-main-header-display":"","ast-hfb-above-header-display":"","ast-hfb-below-header-display":"","ast-hfb-mobile-header-display":"","site-post-title":"","ast-breadcrumbs-content":"","ast-featured-img":"","footer-sml-layout":"","ast-disable-related-posts":"","theme-transparent-header-meta":"","adv-header-id-meta":"","stick-header-meta":"","header-above-stick-meta":"","header-main-stick-meta":"","header-below-stick-meta":"","astra-migrate-meta-layouts":"default","ast-page-background-enabled":"default","ast-page-background-meta":{"desktop":{"background-color":"var(--ast-global-color-5)","background-image":"","background-repeat":"repeat","background-position":"center center","background-size":"auto","background-attachment":"scroll","background-type":"","background-media":"","overlay-type":"","overlay-color":"","overlay-opacity":"","overlay-gradient":""},"tablet":{"background-color":"","background-image":"","background-repeat":"repeat","background-position":"center center","background-size":"auto","background-attachment":"scroll","background-type":"","background-media":"","overlay-type":"","overlay-color":"","overlay-opacity":"","overlay-gradient":""},"mobile":{"background-color":"","background-image":"","background-repeat":"repeat","background-position":"center center","background-size":"auto","background-attachment":"scroll","background-type":"","background-media":"","overlay-type":"","overlay-color":"","overlay-opacity":"","overlay-gradient":""}},"ast-content-background-meta":{"desktop":{"background-color":"var(--ast-global-color-4)","background-image":"","background-repeat":"repeat","background-position":"center center","background-size":"auto","background-attachment":"scroll","background-type":"","background-media":"","overlay-type":"","overlay-color":"","overlay-opacity":"","overlay-gradient":""},"tablet":{"background-color":"var(--ast-global-color-4)","background-image":"","background-repeat":"repeat","background-position":"center center","background-size":"auto","background-attachment":"scroll","background-type":"","background-media":"","overlay-type":"","overlay-color":"","overlay-opacity":"","overlay-gradient":""},"mobile":{"background-color":"var(--ast-global-color-4)","background-image":"","background-repeat":"repeat","background-position":"center center","background-size":"auto","background-attachment":"scroll","background-type":"","background-media":"","overlay-type":"","overlay-color":"","overlay-opacity":"","overlay-gradient":""}},"footnotes":""},"categories":[1],"tags":[],"class_list":["post-16247","post","type-post","status-publish","format-standard","hentry","category-noticias"],"yoast_head":"<!-- This site is optimized with the Yoast SEO Premium plugin v23.0 (Yoast SEO v27.5) - https:\/\/yoast.com\/product\/yoast-seo-premium-wordpress\/ -->\n<title>Ushuaia: Abrieron sobres para manejo y disposici\u00f3n final de residuos<\/title>\n<meta name=\"robots\" content=\"index, follow, max-snippet:-1, max-image-preview:large, max-video-preview:-1\" \/>\n<link rel=\"canonical\" href=\"https:\/\/patagoniambiental.com.ar\/info\/ushuaia-abrieron-sobres-para-manejo-y-disposicion-final-de-residuos\/\" \/>\n<meta property=\"og:locale\" content=\"es_ES\" \/>\n<meta property=\"og:type\" content=\"article\" \/>\n<meta property=\"og:title\" content=\"Ushuaia: Abrieron sobres para manejo y disposici\u00f3n final de residuos\" \/>\n<meta property=\"og:description\" content=\"Se realiz\u00f3 la apertura de los sobres de la Licitaci\u00f3n P\u00fablica Nacional e Internacional 016\/2015 correspondiente al dise\u00f1o, construcci\u00f3n, operaci\u00f3n [&hellip;]\" \/>\n<meta property=\"og:url\" content=\"https:\/\/patagoniambiental.com.ar\/info\/ushuaia-abrieron-sobres-para-manejo-y-disposicion-final-de-residuos\/\" \/>\n<meta property=\"og:site_name\" content=\"Patagonia Ambiental\" \/>\n<meta property=\"article:publisher\" content=\"https:\/\/www.facebook.com\/patagonia.ambiental\" \/>\n<meta property=\"article:author\" content=\"https:\/\/www.facebook.com\/share\/1C1V8Gv9BX\/?mibextid=qi2Omg\" \/>\n<meta property=\"article:published_time\" content=\"2016-01-02T14:10:09+00:00\" \/>\n<meta name=\"author\" content=\"Patagonia Ambiental\" \/>\n<meta name=\"twitter:card\" content=\"summary_large_image\" \/>\n<meta name=\"twitter:creator\" content=\"@PatAmb\" \/>\n<meta name=\"twitter:site\" content=\"@PatAmb\" \/>\n<script type=\"application\/ld+json\" class=\"yoast-schema-graph\">{\"@context\":\"https:\\\/\\\/schema.org\",\"@graph\":[{\"@type\":\"Article\",\"@id\":\"https:\\\/\\\/patagoniambiental.com.ar\\\/info\\\/ushuaia-abrieron-sobres-para-manejo-y-disposicion-final-de-residuos\\\/#article\",\"isPartOf\":{\"@id\":\"https:\\\/\\\/patagoniambiental.com.ar\\\/info\\\/ushuaia-abrieron-sobres-para-manejo-y-disposicion-final-de-residuos\\\/\"},\"author\":{\"name\":\"Patagonia Ambiental\",\"@id\":\"https:\\\/\\\/patagoniambiental.com.ar\\\/info\\\/#\\\/schema\\\/person\\\/db12bff64bbcbf6a253710bf0ea37b5d\"},\"headline\":\"Ushuaia: Abrieron sobres para manejo y disposici\u00f3n final de residuos\",\"datePublished\":\"2016-01-02T14:10:09+00:00\",\"mainEntityOfPage\":{\"@id\":\"https:\\\/\\\/patagoniambiental.com.ar\\\/info\\\/ushuaia-abrieron-sobres-para-manejo-y-disposicion-final-de-residuos\\\/\"},\"wordCount\":490,\"publisher\":{\"@id\":\"https:\\\/\\\/patagoniambiental.com.ar\\\/info\\\/#organization\"},\"articleSection\":[\"Noticias\"],\"inLanguage\":\"es\"},{\"@type\":\"WebPage\",\"@id\":\"https:\\\/\\\/patagoniambiental.com.ar\\\/info\\\/ushuaia-abrieron-sobres-para-manejo-y-disposicion-final-de-residuos\\\/\",\"url\":\"https:\\\/\\\/patagoniambiental.com.ar\\\/info\\\/ushuaia-abrieron-sobres-para-manejo-y-disposicion-final-de-residuos\\\/\",\"name\":\"Ushuaia: Abrieron sobres para manejo y disposici\u00f3n final de residuos\",\"isPartOf\":{\"@id\":\"https:\\\/\\\/patagoniambiental.com.ar\\\/info\\\/#website\"},\"datePublished\":\"2016-01-02T14:10:09+00:00\",\"breadcrumb\":{\"@id\":\"https:\\\/\\\/patagoniambiental.com.ar\\\/info\\\/ushuaia-abrieron-sobres-para-manejo-y-disposicion-final-de-residuos\\\/#breadcrumb\"},\"inLanguage\":\"es\",\"potentialAction\":[{\"@type\":\"ReadAction\",\"target\":[\"https:\\\/\\\/patagoniambiental.com.ar\\\/info\\\/ushuaia-abrieron-sobres-para-manejo-y-disposicion-final-de-residuos\\\/\"]}]},{\"@type\":\"BreadcrumbList\",\"@id\":\"https:\\\/\\\/patagoniambiental.com.ar\\\/info\\\/ushuaia-abrieron-sobres-para-manejo-y-disposicion-final-de-residuos\\\/#breadcrumb\",\"itemListElement\":[{\"@type\":\"ListItem\",\"position\":1,\"name\":\"Inicio\",\"item\":\"https:\\\/\\\/patagoniambiental.com.ar\\\/info\\\/\"},{\"@type\":\"ListItem\",\"position\":2,\"name\":\"Ushuaia: Abrieron sobres para manejo y disposici\u00f3n final de residuos\"}]},{\"@type\":\"WebSite\",\"@id\":\"https:\\\/\\\/patagoniambiental.com.ar\\\/info\\\/#website\",\"url\":\"https:\\\/\\\/patagoniambiental.com.ar\\\/info\\\/\",\"name\":\"Patagonia Ambiental\",\"description\":\"Monitoreo y an\u00e1lisis de la situaci\u00f3n geopol\u00edtica en el mundo y su implicancia en la Patagonia\",\"publisher\":{\"@id\":\"https:\\\/\\\/patagoniambiental.com.ar\\\/info\\\/#organization\"},\"potentialAction\":[{\"@type\":\"SearchAction\",\"target\":{\"@type\":\"EntryPoint\",\"urlTemplate\":\"https:\\\/\\\/patagoniambiental.com.ar\\\/info\\\/?s={search_term_string}\"},\"query-input\":{\"@type\":\"PropertyValueSpecification\",\"valueRequired\":true,\"valueName\":\"search_term_string\"}}],\"inLanguage\":\"es\"},{\"@type\":\"Organization\",\"@id\":\"https:\\\/\\\/patagoniambiental.com.ar\\\/info\\\/#organization\",\"name\":\"Patagonia Ambiental\",\"url\":\"https:\\\/\\\/patagoniambiental.com.ar\\\/info\\\/\",\"logo\":{\"@type\":\"ImageObject\",\"inLanguage\":\"es\",\"@id\":\"https:\\\/\\\/patagoniambiental.com.ar\\\/info\\\/#\\\/schema\\\/logo\\\/image\\\/\",\"url\":\"https:\\\/\\\/patagoniambiental.com.ar\\\/info\\\/wp-content\\\/uploads\\\/2025\\\/05\\\/LOGO-PATAGONIA-AMBIENTAL.png\",\"contentUrl\":\"https:\\\/\\\/patagoniambiental.com.ar\\\/info\\\/wp-content\\\/uploads\\\/2025\\\/05\\\/LOGO-PATAGONIA-AMBIENTAL.png\",\"width\":433,\"height\":250,\"caption\":\"Patagonia Ambiental\"},\"image\":{\"@id\":\"https:\\\/\\\/patagoniambiental.com.ar\\\/info\\\/#\\\/schema\\\/logo\\\/image\\\/\"},\"sameAs\":[\"https:\\\/\\\/www.facebook.com\\\/patagonia.ambiental\",\"https:\\\/\\\/x.com\\\/PatAmb\"]},{\"@type\":\"Person\",\"@id\":\"https:\\\/\\\/patagoniambiental.com.ar\\\/info\\\/#\\\/schema\\\/person\\\/db12bff64bbcbf6a253710bf0ea37b5d\",\"name\":\"Patagonia Ambiental\",\"description\":\"Andr\u00e9s Nievas T\u00e9cnico en manejo ambiental, consultor Ambiental y escritor para medios locales e internacionales sobre temas de geopolitica y medio ambiente.\",\"sameAs\":[\"http:\\\/\\\/www.patagoniambiental.com.ar\",\"https:\\\/\\\/www.facebook.com\\\/share\\\/1C1V8Gv9BX\\\/?mibextid=qi2Omg\",\"@patagoniambiental\",\"https:\\\/\\\/youtube.com\\\/@patagoniaambiental2023?si=BLt58t0wuXquxlYZ\"]}]}<\/script>\n<!-- \/ Yoast SEO Premium plugin. -->","yoast_head_json":{"title":"Ushuaia: Abrieron sobres para manejo y disposici\u00f3n final de residuos","robots":{"index":"index","follow":"follow","max-snippet":"max-snippet:-1","max-image-preview":"max-image-preview:large","max-video-preview":"max-video-preview:-1"},"canonical":"https:\/\/patagoniambiental.com.ar\/info\/ushuaia-abrieron-sobres-para-manejo-y-disposicion-final-de-residuos\/","og_locale":"es_ES","og_type":"article","og_title":"Ushuaia: Abrieron sobres para manejo y disposici\u00f3n final de residuos","og_description":"Se realiz\u00f3 la apertura de los sobres de la Licitaci\u00f3n P\u00fablica Nacional e Internacional 016\/2015 correspondiente al dise\u00f1o, construcci\u00f3n, operaci\u00f3n [&hellip;]","og_url":"https:\/\/patagoniambiental.com.ar\/info\/ushuaia-abrieron-sobres-para-manejo-y-disposicion-final-de-residuos\/","og_site_name":"Patagonia Ambiental","article_publisher":"https:\/\/www.facebook.com\/patagonia.ambiental","article_author":"https:\/\/www.facebook.com\/share\/1C1V8Gv9BX\/?mibextid=qi2Omg","article_published_time":"2016-01-02T14:10:09+00:00","author":"Patagonia Ambiental","twitter_card":"summary_large_image","twitter_creator":"@PatAmb","twitter_site":"@PatAmb","schema":{"@context":"https:\/\/schema.org","@graph":[{"@type":"Article","@id":"https:\/\/patagoniambiental.com.ar\/info\/ushuaia-abrieron-sobres-para-manejo-y-disposicion-final-de-residuos\/#article","isPartOf":{"@id":"https:\/\/patagoniambiental.com.ar\/info\/ushuaia-abrieron-sobres-para-manejo-y-disposicion-final-de-residuos\/"},"author":{"name":"Patagonia Ambiental","@id":"https:\/\/patagoniambiental.com.ar\/info\/#\/schema\/person\/db12bff64bbcbf6a253710bf0ea37b5d"},"headline":"Ushuaia: Abrieron sobres para manejo y disposici\u00f3n final de residuos","datePublished":"2016-01-02T14:10:09+00:00","mainEntityOfPage":{"@id":"https:\/\/patagoniambiental.com.ar\/info\/ushuaia-abrieron-sobres-para-manejo-y-disposicion-final-de-residuos\/"},"wordCount":490,"publisher":{"@id":"https:\/\/patagoniambiental.com.ar\/info\/#organization"},"articleSection":["Noticias"],"inLanguage":"es"},{"@type":"WebPage","@id":"https:\/\/patagoniambiental.com.ar\/info\/ushuaia-abrieron-sobres-para-manejo-y-disposicion-final-de-residuos\/","url":"https:\/\/patagoniambiental.com.ar\/info\/ushuaia-abrieron-sobres-para-manejo-y-disposicion-final-de-residuos\/","name":"Ushuaia: Abrieron sobres para manejo y disposici\u00f3n final de residuos","isPartOf":{"@id":"https:\/\/patagoniambiental.com.ar\/info\/#website"},"datePublished":"2016-01-02T14:10:09+00:00","breadcrumb":{"@id":"https:\/\/patagoniambiental.com.ar\/info\/ushuaia-abrieron-sobres-para-manejo-y-disposicion-final-de-residuos\/#breadcrumb"},"inLanguage":"es","potentialAction":[{"@type":"ReadAction","target":["https:\/\/patagoniambiental.com.ar\/info\/ushuaia-abrieron-sobres-para-manejo-y-disposicion-final-de-residuos\/"]}]},{"@type":"BreadcrumbList","@id":"https:\/\/patagoniambiental.com.ar\/info\/ushuaia-abrieron-sobres-para-manejo-y-disposicion-final-de-residuos\/#breadcrumb","itemListElement":[{"@type":"ListItem","position":1,"name":"Inicio","item":"https:\/\/patagoniambiental.com.ar\/info\/"},{"@type":"ListItem","position":2,"name":"Ushuaia: Abrieron sobres para manejo y disposici\u00f3n final de residuos"}]},{"@type":"WebSite","@id":"https:\/\/patagoniambiental.com.ar\/info\/#website","url":"https:\/\/patagoniambiental.com.ar\/info\/","name":"Patagonia Ambiental","description":"Monitoreo y an\u00e1lisis de la situaci\u00f3n geopol\u00edtica en el mundo y su implicancia en la Patagonia","publisher":{"@id":"https:\/\/patagoniambiental.com.ar\/info\/#organization"},"potentialAction":[{"@type":"SearchAction","target":{"@type":"EntryPoint","urlTemplate":"https:\/\/patagoniambiental.com.ar\/info\/?s={search_term_string}"},"query-input":{"@type":"PropertyValueSpecification","valueRequired":true,"valueName":"search_term_string"}}],"inLanguage":"es"},{"@type":"Organization","@id":"https:\/\/patagoniambiental.com.ar\/info\/#organization","name":"Patagonia Ambiental","url":"https:\/\/patagoniambiental.com.ar\/info\/","logo":{"@type":"ImageObject","inLanguage":"es","@id":"https:\/\/patagoniambiental.com.ar\/info\/#\/schema\/logo\/image\/","url":"https:\/\/patagoniambiental.com.ar\/info\/wp-content\/uploads\/2025\/05\/LOGO-PATAGONIA-AMBIENTAL.png","contentUrl":"https:\/\/patagoniambiental.com.ar\/info\/wp-content\/uploads\/2025\/05\/LOGO-PATAGONIA-AMBIENTAL.png","width":433,"height":250,"caption":"Patagonia Ambiental"},"image":{"@id":"https:\/\/patagoniambiental.com.ar\/info\/#\/schema\/logo\/image\/"},"sameAs":["https:\/\/www.facebook.com\/patagonia.ambiental","https:\/\/x.com\/PatAmb"]},{"@type":"Person","@id":"https:\/\/patagoniambiental.com.ar\/info\/#\/schema\/person\/db12bff64bbcbf6a253710bf0ea37b5d","name":"Patagonia Ambiental","description":"Andr\u00e9s Nievas T\u00e9cnico en manejo ambiental, consultor Ambiental y escritor para medios locales e internacionales sobre temas de geopolitica y medio ambiente.","sameAs":["http:\/\/www.patagoniambiental.com.ar","https:\/\/www.facebook.com\/share\/1C1V8Gv9BX\/?mibextid=qi2Omg","@patagoniambiental","https:\/\/youtube.com\/@patagoniaambiental2023?si=BLt58t0wuXquxlYZ"]}]}},"_links":{"self":[{"href":"https:\/\/patagoniambiental.com.ar\/info\/wp-json\/wp\/v2\/posts\/16247","targetHints":{"allow":["GET"]}}],"collection":[{"href":"https:\/\/patagoniambiental.com.ar\/info\/wp-json\/wp\/v2\/posts"}],"about":[{"href":"https:\/\/patagoniambiental.com.ar\/info\/wp-json\/wp\/v2\/types\/post"}],"author":[{"embeddable":true,"href":"https:\/\/patagoniambiental.com.ar\/info\/wp-json\/wp\/v2\/users\/2"}],"replies":[{"embeddable":true,"href":"https:\/\/patagoniambiental.com.ar\/info\/wp-json\/wp\/v2\/comments?post=16247"}],"version-history":[{"count":0,"href":"https:\/\/patagoniambiental.com.ar\/info\/wp-json\/wp\/v2\/posts\/16247\/revisions"}],"wp:attachment":[{"href":"https:\/\/patagoniambiental.com.ar\/info\/wp-json\/wp\/v2\/media?parent=16247"}],"wp:term":[{"taxonomy":"category","embeddable":true,"href":"https:\/\/patagoniambiental.com.ar\/info\/wp-json\/wp\/v2\/categories?post=16247"},{"taxonomy":"post_tag","embeddable":true,"href":"https:\/\/patagoniambiental.com.ar\/info\/wp-json\/wp\/v2\/tags?post=16247"}],"curies":[{"name":"wp","href":"https:\/\/api.w.org\/{rel}","templated":true}]}}