{"id":16259,"date":"2016-01-04T10:57:12","date_gmt":"2016-01-04T13:57:12","guid":{"rendered":"http:\/\/patagoniambiental.com.ar\/?p=16259"},"modified":"2016-01-04T10:57:12","modified_gmt":"2016-01-04T13:57:12","slug":"secretaria-de-ambiente-repudia-accionar-contra-guarda-ambiental-y-reitera-reglamentacion-para-anrs","status":"publish","type":"post","link":"https:\/\/patagoniambiental.com.ar\/info\/secretaria-de-ambiente-repudia-accionar-contra-guarda-ambiental-y-reitera-reglamentacion-para-anrs\/","title":{"rendered":"Secretar\u00eda de Ambiente repudia accionar contra Guarda Ambiental y reitera reglamentaci\u00f3n para ANRs"},"content":{"rendered":"<div><\/div>\n<div>La SAyDS repudia en\u00e9rgicamente el accionar de personas que en forma deliberada atropellaron y abandonaron al coordinador de guardias ambientales del \u00c1rea Natural Protegida Bah\u00eda de San Antonio, Maximiliano Bertini.<\/div>\n<div id=\"ecxx_cuerpo\">\n<p>El guarda, quien permaneci\u00f3 tirado por alrededor de dos horas, fue asistido y se encuentra bajo atenci\u00f3n m\u00e9dica.<\/p>\n<p>Ante esta situaci\u00f3n, la SAyDS recuerda a los visitantes y comunidad en general la reglamentaci\u00f3n vigente para las ANPs, en la que se expresa claramente la prohibici\u00f3n de circular por estos sectores en veh\u00edculos motorizados. Desde Ambiente se analizan las medidas a seguir ante la justicia.<\/p>\n<p>El hecho se produjo el 1 de enero, en horas de la tarde, en la zona conocida como Los \u00c1lamos, del \u00c1rea Natural Protegida Bah\u00eda de San Antonio. De acuerdo a la informaci\u00f3n aportada a la SAyDS, por la zona circulaban dos veh\u00edculos motorizados, en uno de ellos viajaban cuatro j\u00f3venes, mientras que en el otro lo hac\u00edan dos mujeres.<\/p>\n<p>Estas personas desoyeron el pedido de detenci\u00f3n de dos agentes de Conservaci\u00f3n, en la zona cercana a Terrazas del Mar, y huyeron hacia la zona norte del sector. All\u00ed fueron interceptados por el coordinador de Guardas, al que deliberadamente atropellaron y abandonaron. Bertini fue abandonado bajo la lluvia por estas personas y tras un lapso aproximado de dos horas, fue auxiliado.<\/p>\n<p>El Guarda Ambiental fue asistido por un ocasional visitante, por los agentes de Conservaci\u00f3n, Polic\u00eda y Bomberos. El Guarda Ambiental recibi\u00f3 un fuerte golpe en una de sus piernas y se encontraba en estado de shock. En primer lugar fue llevado al hospital de Las Grutas y luego derivado al nosocomio de San Antonio, donde descartaron fracturas. Bertini deber\u00e1 asistir en los pr\u00f3ximos d\u00edas a un especialista.<\/p>\n<p>Desde la SAyDS destacaron y agradecieron la labor de la Polic\u00eda y del Cuerpo de Bomberos para rescatar a Bertini.<\/p>\n<p>&nbsp;<\/p>\n<p><strong><em>Reglamentaci\u00f3n<\/em><\/strong><\/p>\n<p>&nbsp;<\/p>\n<p>Ante este repudiable acto, la Secretar\u00eda de Ambiente recuerda a ocasionales visitantes, turistas y comunidad en general que existe legislaci\u00f3n vigente en el territorio rionegrino para la protecci\u00f3n de diferentes \u00e1reas para la conservaci\u00f3n de la naturaleza, por su alto valor patrimonial. En cada uno de estos sectores trabajan Guardas Ambientales, que tienen a su cargo una tarea primordial, como es la protecci\u00f3n de la biodiversidad, en especial del impacto que produce la actividad humana.<\/p>\n<p>Estos agentes forman parte del Servicio de \u00c1reas Naturales Protegidas, dependiente de la SAyDS, tienen a su cargo el control, fiscalizaci\u00f3n e investigaci\u00f3n en las ANPs rionegrinas, convirti\u00e9ndose en autoridad competente en cada sector.<\/p>\n<p>La Secretar\u00eda de Ambiente recuerda adem\u00e1s que en uno de sus art\u00edculos, la reglamentaci\u00f3n vigente proh\u00edbe terminantemente la circulaci\u00f3n de todo tipo de veh\u00edculos motorizados por las \u00c1reas Naturales Protegidas.<\/p>\n<p>Desde el Servicio de \u00c1reas Naturales Protegidas, dependiente de la Secretar\u00eda de Ambiente y Desarrollo Sustentable de R\u00edo Negro, reiteran:<\/p>\n<p>&nbsp;<\/p>\n<p>\u2022 No circular por las playas y\/o m\u00e9danos para evitar atropellar a la fauna que utiliza el espacio de la playa para descansar y reproducirse. Circular s\u00f3lo por caminos autorizados.<\/p>\n<p>\u2022 Cuidar el agua, que en general es escasa en estas zonas.<\/p>\n<p>\u2022 No arrojar basura. Lo recomendable es volver con los residuos al hogar.<\/p>\n<p>\u2022 No utilizar ni recolectar le\u00f1a.<\/p>\n<p>\u2022 Respetar la carteler\u00eda.<\/p>\n<p>\u2022 No sobrevolar las lober\u00edas con parapentes. La sombra generada por \u00e9stos ocasiona estampidas.<\/p>\n<p>\u2022 No acercarse a la fauna (lobos marinos, ping\u00fcinos, etc.) presente en las \u00e1reas. Por lo general se encuentran descansando.<\/p>\n<p>\u2022 No cazar. Las ANP funcionan justamente como refugio para especies protegidas.<\/p>\n<p>\u2022 Ante cualquier duda consultar al Guarda Ambiental.<\/p>\n<\/div>\n<p>&nbsp;<\/p>\n","protected":false},"excerpt":{"rendered":"<p>La SAyDS repudia en\u00e9rgicamente el accionar de personas que en forma deliberada atropellaron y abandonaron al coordinador de guardias ambientales [&hellip;]<\/p>\n","protected":false},"author":2,"featured_media":0,"comment_status":"closed","ping_status":"closed","sticky":false,"template":"","format":"standard","meta":{"site-sidebar-layout":"default","site-content-layout":"","ast-site-content-layout":"default","site-content-style":"default","site-sidebar-style":"default","ast-global-header-display":"","ast-banner-title-visibility":"","ast-main-header-display":"","ast-hfb-above-header-display":"","ast-hfb-below-header-display":"","ast-hfb-mobile-header-display":"","site-post-title":"","ast-breadcrumbs-content":"","ast-featured-img":"","footer-sml-layout":"","ast-disable-related-posts":"","theme-transparent-header-meta":"","adv-header-id-meta":"","stick-header-meta":"","header-above-stick-meta":"","header-main-stick-meta":"","header-below-stick-meta":"","astra-migrate-meta-layouts":"default","ast-page-background-enabled":"default","ast-page-background-meta":{"desktop":{"background-color":"var(--ast-global-color-5)","background-image":"","background-repeat":"repeat","background-position":"center center","background-size":"auto","background-attachment":"scroll","background-type":"","background-media":"","overlay-type":"","overlay-color":"","overlay-opacity":"","overlay-gradient":""},"tablet":{"background-color":"","background-image":"","background-repeat":"repeat","background-position":"center center","background-size":"auto","background-attachment":"scroll","background-type":"","background-media":"","overlay-type":"","overlay-color":"","overlay-opacity":"","overlay-gradient":""},"mobile":{"background-color":"","background-image":"","background-repeat":"repeat","background-position":"center center","background-size":"auto","background-attachment":"scroll","background-type":"","background-media":"","overlay-type":"","overlay-color":"","overlay-opacity":"","overlay-gradient":""}},"ast-content-background-meta":{"desktop":{"background-color":"var(--ast-global-color-4)","background-image":"","background-repeat":"repeat","background-position":"center center","background-size":"auto","background-attachment":"scroll","background-type":"","background-media":"","overlay-type":"","overlay-color":"","overlay-opacity":"","overlay-gradient":""},"tablet":{"background-color":"var(--ast-global-color-4)","background-image":"","background-repeat":"repeat","background-position":"center center","background-size":"auto","background-attachment":"scroll","background-type":"","background-media":"","overlay-type":"","overlay-color":"","overlay-opacity":"","overlay-gradient":""},"mobile":{"background-color":"var(--ast-global-color-4)","background-image":"","background-repeat":"repeat","background-position":"center center","background-size":"auto","background-attachment":"scroll","background-type":"","background-media":"","overlay-type":"","overlay-color":"","overlay-opacity":"","overlay-gradient":""}},"footnotes":""},"categories":[1],"tags":[],"class_list":["post-16259","post","type-post","status-publish","format-standard","hentry","category-noticias"],"yoast_head":"<!-- This site is optimized with the Yoast SEO Premium plugin v23.0 (Yoast SEO v27.5) - https:\/\/yoast.com\/product\/yoast-seo-premium-wordpress\/ -->\n<title>Secretar\u00eda de Ambiente repudia accionar contra Guarda Ambiental y reitera reglamentaci\u00f3n para ANRs<\/title>\n<meta name=\"robots\" content=\"index, follow, max-snippet:-1, max-image-preview:large, max-video-preview:-1\" \/>\n<link rel=\"canonical\" href=\"https:\/\/patagoniambiental.com.ar\/info\/secretaria-de-ambiente-repudia-accionar-contra-guarda-ambiental-y-reitera-reglamentacion-para-anrs\/\" \/>\n<meta property=\"og:locale\" content=\"es_ES\" \/>\n<meta property=\"og:type\" content=\"article\" \/>\n<meta property=\"og:title\" content=\"Secretar\u00eda de Ambiente repudia accionar contra Guarda Ambiental y reitera reglamentaci\u00f3n para ANRs\" \/>\n<meta property=\"og:description\" content=\"La SAyDS repudia en\u00e9rgicamente el accionar de personas que en forma deliberada atropellaron y abandonaron al coordinador de guardias ambientales [&hellip;]\" \/>\n<meta property=\"og:url\" content=\"https:\/\/patagoniambiental.com.ar\/info\/secretaria-de-ambiente-repudia-accionar-contra-guarda-ambiental-y-reitera-reglamentacion-para-anrs\/\" \/>\n<meta property=\"og:site_name\" content=\"Patagonia Ambiental\" \/>\n<meta property=\"article:publisher\" content=\"https:\/\/www.facebook.com\/patagonia.ambiental\" \/>\n<meta property=\"article:author\" content=\"https:\/\/www.facebook.com\/share\/1C1V8Gv9BX\/?mibextid=qi2Omg\" \/>\n<meta property=\"article:published_time\" content=\"2016-01-04T13:57:12+00:00\" \/>\n<meta name=\"author\" content=\"Patagonia Ambiental\" \/>\n<meta name=\"twitter:card\" content=\"summary_large_image\" \/>\n<meta name=\"twitter:creator\" content=\"@PatAmb\" \/>\n<meta name=\"twitter:site\" content=\"@PatAmb\" \/>\n<script type=\"application\/ld+json\" class=\"yoast-schema-graph\">{\"@context\":\"https:\\\/\\\/schema.org\",\"@graph\":[{\"@type\":\"Article\",\"@id\":\"https:\\\/\\\/patagoniambiental.com.ar\\\/info\\\/secretaria-de-ambiente-repudia-accionar-contra-guarda-ambiental-y-reitera-reglamentacion-para-anrs\\\/#article\",\"isPartOf\":{\"@id\":\"https:\\\/\\\/patagoniambiental.com.ar\\\/info\\\/secretaria-de-ambiente-repudia-accionar-contra-guarda-ambiental-y-reitera-reglamentacion-para-anrs\\\/\"},\"author\":{\"name\":\"Patagonia Ambiental\",\"@id\":\"https:\\\/\\\/patagoniambiental.com.ar\\\/info\\\/#\\\/schema\\\/person\\\/db12bff64bbcbf6a253710bf0ea37b5d\"},\"headline\":\"Secretar\u00eda de Ambiente repudia accionar contra Guarda Ambiental y reitera reglamentaci\u00f3n para ANRs\",\"datePublished\":\"2016-01-04T13:57:12+00:00\",\"mainEntityOfPage\":{\"@id\":\"https:\\\/\\\/patagoniambiental.com.ar\\\/info\\\/secretaria-de-ambiente-repudia-accionar-contra-guarda-ambiental-y-reitera-reglamentacion-para-anrs\\\/\"},\"wordCount\":635,\"publisher\":{\"@id\":\"https:\\\/\\\/patagoniambiental.com.ar\\\/info\\\/#organization\"},\"articleSection\":[\"Noticias\"],\"inLanguage\":\"es\"},{\"@type\":\"WebPage\",\"@id\":\"https:\\\/\\\/patagoniambiental.com.ar\\\/info\\\/secretaria-de-ambiente-repudia-accionar-contra-guarda-ambiental-y-reitera-reglamentacion-para-anrs\\\/\",\"url\":\"https:\\\/\\\/patagoniambiental.com.ar\\\/info\\\/secretaria-de-ambiente-repudia-accionar-contra-guarda-ambiental-y-reitera-reglamentacion-para-anrs\\\/\",\"name\":\"Secretar\u00eda de Ambiente repudia accionar contra Guarda Ambiental y reitera reglamentaci\u00f3n para ANRs\",\"isPartOf\":{\"@id\":\"https:\\\/\\\/patagoniambiental.com.ar\\\/info\\\/#website\"},\"datePublished\":\"2016-01-04T13:57:12+00:00\",\"breadcrumb\":{\"@id\":\"https:\\\/\\\/patagoniambiental.com.ar\\\/info\\\/secretaria-de-ambiente-repudia-accionar-contra-guarda-ambiental-y-reitera-reglamentacion-para-anrs\\\/#breadcrumb\"},\"inLanguage\":\"es\",\"potentialAction\":[{\"@type\":\"ReadAction\",\"target\":[\"https:\\\/\\\/patagoniambiental.com.ar\\\/info\\\/secretaria-de-ambiente-repudia-accionar-contra-guarda-ambiental-y-reitera-reglamentacion-para-anrs\\\/\"]}]},{\"@type\":\"BreadcrumbList\",\"@id\":\"https:\\\/\\\/patagoniambiental.com.ar\\\/info\\\/secretaria-de-ambiente-repudia-accionar-contra-guarda-ambiental-y-reitera-reglamentacion-para-anrs\\\/#breadcrumb\",\"itemListElement\":[{\"@type\":\"ListItem\",\"position\":1,\"name\":\"Inicio\",\"item\":\"https:\\\/\\\/patagoniambiental.com.ar\\\/info\\\/\"},{\"@type\":\"ListItem\",\"position\":2,\"name\":\"Secretar\u00eda de Ambiente repudia accionar contra Guarda Ambiental y reitera reglamentaci\u00f3n para ANRs\"}]},{\"@type\":\"WebSite\",\"@id\":\"https:\\\/\\\/patagoniambiental.com.ar\\\/info\\\/#website\",\"url\":\"https:\\\/\\\/patagoniambiental.com.ar\\\/info\\\/\",\"name\":\"Patagonia Ambiental\",\"description\":\"Monitoreo y an\u00e1lisis de la situaci\u00f3n geopol\u00edtica en el mundo y su implicancia en la Patagonia\",\"publisher\":{\"@id\":\"https:\\\/\\\/patagoniambiental.com.ar\\\/info\\\/#organization\"},\"potentialAction\":[{\"@type\":\"SearchAction\",\"target\":{\"@type\":\"EntryPoint\",\"urlTemplate\":\"https:\\\/\\\/patagoniambiental.com.ar\\\/info\\\/?s={search_term_string}\"},\"query-input\":{\"@type\":\"PropertyValueSpecification\",\"valueRequired\":true,\"valueName\":\"search_term_string\"}}],\"inLanguage\":\"es\"},{\"@type\":\"Organization\",\"@id\":\"https:\\\/\\\/patagoniambiental.com.ar\\\/info\\\/#organization\",\"name\":\"Patagonia Ambiental\",\"url\":\"https:\\\/\\\/patagoniambiental.com.ar\\\/info\\\/\",\"logo\":{\"@type\":\"ImageObject\",\"inLanguage\":\"es\",\"@id\":\"https:\\\/\\\/patagoniambiental.com.ar\\\/info\\\/#\\\/schema\\\/logo\\\/image\\\/\",\"url\":\"https:\\\/\\\/patagoniambiental.com.ar\\\/info\\\/wp-content\\\/uploads\\\/2025\\\/05\\\/LOGO-PATAGONIA-AMBIENTAL.png\",\"contentUrl\":\"https:\\\/\\\/patagoniambiental.com.ar\\\/info\\\/wp-content\\\/uploads\\\/2025\\\/05\\\/LOGO-PATAGONIA-AMBIENTAL.png\",\"width\":433,\"height\":250,\"caption\":\"Patagonia Ambiental\"},\"image\":{\"@id\":\"https:\\\/\\\/patagoniambiental.com.ar\\\/info\\\/#\\\/schema\\\/logo\\\/image\\\/\"},\"sameAs\":[\"https:\\\/\\\/www.facebook.com\\\/patagonia.ambiental\",\"https:\\\/\\\/x.com\\\/PatAmb\"]},{\"@type\":\"Person\",\"@id\":\"https:\\\/\\\/patagoniambiental.com.ar\\\/info\\\/#\\\/schema\\\/person\\\/db12bff64bbcbf6a253710bf0ea37b5d\",\"name\":\"Patagonia Ambiental\",\"description\":\"Andr\u00e9s Nievas T\u00e9cnico en manejo ambiental, consultor Ambiental y escritor para medios locales e internacionales sobre temas de geopolitica y medio ambiente.\",\"sameAs\":[\"http:\\\/\\\/www.patagoniambiental.com.ar\",\"https:\\\/\\\/www.facebook.com\\\/share\\\/1C1V8Gv9BX\\\/?mibextid=qi2Omg\",\"@patagoniambiental\",\"https:\\\/\\\/youtube.com\\\/@patagoniaambiental2023?si=BLt58t0wuXquxlYZ\"]}]}<\/script>\n<!-- \/ Yoast SEO Premium plugin. -->","yoast_head_json":{"title":"Secretar\u00eda de Ambiente repudia accionar contra Guarda Ambiental y reitera reglamentaci\u00f3n para ANRs","robots":{"index":"index","follow":"follow","max-snippet":"max-snippet:-1","max-image-preview":"max-image-preview:large","max-video-preview":"max-video-preview:-1"},"canonical":"https:\/\/patagoniambiental.com.ar\/info\/secretaria-de-ambiente-repudia-accionar-contra-guarda-ambiental-y-reitera-reglamentacion-para-anrs\/","og_locale":"es_ES","og_type":"article","og_title":"Secretar\u00eda de Ambiente repudia accionar contra Guarda Ambiental y reitera reglamentaci\u00f3n para ANRs","og_description":"La SAyDS repudia en\u00e9rgicamente el accionar de personas que en forma deliberada atropellaron y abandonaron al coordinador de guardias ambientales [&hellip;]","og_url":"https:\/\/patagoniambiental.com.ar\/info\/secretaria-de-ambiente-repudia-accionar-contra-guarda-ambiental-y-reitera-reglamentacion-para-anrs\/","og_site_name":"Patagonia Ambiental","article_publisher":"https:\/\/www.facebook.com\/patagonia.ambiental","article_author":"https:\/\/www.facebook.com\/share\/1C1V8Gv9BX\/?mibextid=qi2Omg","article_published_time":"2016-01-04T13:57:12+00:00","author":"Patagonia Ambiental","twitter_card":"summary_large_image","twitter_creator":"@PatAmb","twitter_site":"@PatAmb","schema":{"@context":"https:\/\/schema.org","@graph":[{"@type":"Article","@id":"https:\/\/patagoniambiental.com.ar\/info\/secretaria-de-ambiente-repudia-accionar-contra-guarda-ambiental-y-reitera-reglamentacion-para-anrs\/#article","isPartOf":{"@id":"https:\/\/patagoniambiental.com.ar\/info\/secretaria-de-ambiente-repudia-accionar-contra-guarda-ambiental-y-reitera-reglamentacion-para-anrs\/"},"author":{"name":"Patagonia Ambiental","@id":"https:\/\/patagoniambiental.com.ar\/info\/#\/schema\/person\/db12bff64bbcbf6a253710bf0ea37b5d"},"headline":"Secretar\u00eda de Ambiente repudia accionar contra Guarda Ambiental y reitera reglamentaci\u00f3n para ANRs","datePublished":"2016-01-04T13:57:12+00:00","mainEntityOfPage":{"@id":"https:\/\/patagoniambiental.com.ar\/info\/secretaria-de-ambiente-repudia-accionar-contra-guarda-ambiental-y-reitera-reglamentacion-para-anrs\/"},"wordCount":635,"publisher":{"@id":"https:\/\/patagoniambiental.com.ar\/info\/#organization"},"articleSection":["Noticias"],"inLanguage":"es"},{"@type":"WebPage","@id":"https:\/\/patagoniambiental.com.ar\/info\/secretaria-de-ambiente-repudia-accionar-contra-guarda-ambiental-y-reitera-reglamentacion-para-anrs\/","url":"https:\/\/patagoniambiental.com.ar\/info\/secretaria-de-ambiente-repudia-accionar-contra-guarda-ambiental-y-reitera-reglamentacion-para-anrs\/","name":"Secretar\u00eda de Ambiente repudia accionar contra Guarda Ambiental y reitera reglamentaci\u00f3n para ANRs","isPartOf":{"@id":"https:\/\/patagoniambiental.com.ar\/info\/#website"},"datePublished":"2016-01-04T13:57:12+00:00","breadcrumb":{"@id":"https:\/\/patagoniambiental.com.ar\/info\/secretaria-de-ambiente-repudia-accionar-contra-guarda-ambiental-y-reitera-reglamentacion-para-anrs\/#breadcrumb"},"inLanguage":"es","potentialAction":[{"@type":"ReadAction","target":["https:\/\/patagoniambiental.com.ar\/info\/secretaria-de-ambiente-repudia-accionar-contra-guarda-ambiental-y-reitera-reglamentacion-para-anrs\/"]}]},{"@type":"BreadcrumbList","@id":"https:\/\/patagoniambiental.com.ar\/info\/secretaria-de-ambiente-repudia-accionar-contra-guarda-ambiental-y-reitera-reglamentacion-para-anrs\/#breadcrumb","itemListElement":[{"@type":"ListItem","position":1,"name":"Inicio","item":"https:\/\/patagoniambiental.com.ar\/info\/"},{"@type":"ListItem","position":2,"name":"Secretar\u00eda de Ambiente repudia accionar contra Guarda Ambiental y reitera reglamentaci\u00f3n para ANRs"}]},{"@type":"WebSite","@id":"https:\/\/patagoniambiental.com.ar\/info\/#website","url":"https:\/\/patagoniambiental.com.ar\/info\/","name":"Patagonia Ambiental","description":"Monitoreo y an\u00e1lisis de la situaci\u00f3n geopol\u00edtica en el mundo y su implicancia en la Patagonia","publisher":{"@id":"https:\/\/patagoniambiental.com.ar\/info\/#organization"},"potentialAction":[{"@type":"SearchAction","target":{"@type":"EntryPoint","urlTemplate":"https:\/\/patagoniambiental.com.ar\/info\/?s={search_term_string}"},"query-input":{"@type":"PropertyValueSpecification","valueRequired":true,"valueName":"search_term_string"}}],"inLanguage":"es"},{"@type":"Organization","@id":"https:\/\/patagoniambiental.com.ar\/info\/#organization","name":"Patagonia Ambiental","url":"https:\/\/patagoniambiental.com.ar\/info\/","logo":{"@type":"ImageObject","inLanguage":"es","@id":"https:\/\/patagoniambiental.com.ar\/info\/#\/schema\/logo\/image\/","url":"https:\/\/patagoniambiental.com.ar\/info\/wp-content\/uploads\/2025\/05\/LOGO-PATAGONIA-AMBIENTAL.png","contentUrl":"https:\/\/patagoniambiental.com.ar\/info\/wp-content\/uploads\/2025\/05\/LOGO-PATAGONIA-AMBIENTAL.png","width":433,"height":250,"caption":"Patagonia Ambiental"},"image":{"@id":"https:\/\/patagoniambiental.com.ar\/info\/#\/schema\/logo\/image\/"},"sameAs":["https:\/\/www.facebook.com\/patagonia.ambiental","https:\/\/x.com\/PatAmb"]},{"@type":"Person","@id":"https:\/\/patagoniambiental.com.ar\/info\/#\/schema\/person\/db12bff64bbcbf6a253710bf0ea37b5d","name":"Patagonia Ambiental","description":"Andr\u00e9s Nievas T\u00e9cnico en manejo ambiental, consultor Ambiental y escritor para medios locales e internacionales sobre temas de geopolitica y medio ambiente.","sameAs":["http:\/\/www.patagoniambiental.com.ar","https:\/\/www.facebook.com\/share\/1C1V8Gv9BX\/?mibextid=qi2Omg","@patagoniambiental","https:\/\/youtube.com\/@patagoniaambiental2023?si=BLt58t0wuXquxlYZ"]}]}},"_links":{"self":[{"href":"https:\/\/patagoniambiental.com.ar\/info\/wp-json\/wp\/v2\/posts\/16259","targetHints":{"allow":["GET"]}}],"collection":[{"href":"https:\/\/patagoniambiental.com.ar\/info\/wp-json\/wp\/v2\/posts"}],"about":[{"href":"https:\/\/patagoniambiental.com.ar\/info\/wp-json\/wp\/v2\/types\/post"}],"author":[{"embeddable":true,"href":"https:\/\/patagoniambiental.com.ar\/info\/wp-json\/wp\/v2\/users\/2"}],"replies":[{"embeddable":true,"href":"https:\/\/patagoniambiental.com.ar\/info\/wp-json\/wp\/v2\/comments?post=16259"}],"version-history":[{"count":0,"href":"https:\/\/patagoniambiental.com.ar\/info\/wp-json\/wp\/v2\/posts\/16259\/revisions"}],"wp:attachment":[{"href":"https:\/\/patagoniambiental.com.ar\/info\/wp-json\/wp\/v2\/media?parent=16259"}],"wp:term":[{"taxonomy":"category","embeddable":true,"href":"https:\/\/patagoniambiental.com.ar\/info\/wp-json\/wp\/v2\/categories?post=16259"},{"taxonomy":"post_tag","embeddable":true,"href":"https:\/\/patagoniambiental.com.ar\/info\/wp-json\/wp\/v2\/tags?post=16259"}],"curies":[{"name":"wp","href":"https:\/\/api.w.org\/{rel}","templated":true}]}}