{"id":16262,"date":"2016-01-04T11:04:26","date_gmt":"2016-01-04T14:04:26","guid":{"rendered":"http:\/\/patagoniambiental.com.ar\/?p=16262"},"modified":"2016-01-04T11:04:26","modified_gmt":"2016-01-04T14:04:26","slug":"el-dpa-celebro-su-54o-aniversario-con-un-homenaje-a-los-trabajadores","status":"publish","type":"post","link":"https:\/\/patagoniambiental.com.ar\/info\/el-dpa-celebro-su-54o-aniversario-con-un-homenaje-a-los-trabajadores\/","title":{"rendered":"El DPA celebr\u00f3 su 54\u00ba aniversario con un homenaje a los trabajadores"},"content":{"rendered":"<p class=\"ecxx_MsoNormal\"><b><\/b>El vicegobernador de R\u00edo Negro, Pedro Pesatti, presidi\u00f3 el 54\u00ba aniversario del Departamento Provincial de Aguas (DPA), junto al titular del organismo, Fernando Curetti. El acto, realizado el mi\u00e9rcoles pasado, fue un homenaje a los trabajadores y cont\u00f3 con la participaci\u00f3n de m\u00e1s de 80 miembros de la instituci\u00f3n.<\/p>\n<p>La celebraci\u00f3n record\u00f3 un nuevo aniversario de uno de los organismos de gesti\u00f3n del agua\u00a0 m\u00e1s antiguos del pa\u00eds y con mayores competencias, que naci\u00f3 el 30 de diciembre de 1961, con la promulgaci\u00f3n de la Ley N\u00ba 285. El DPA, a cargo del manejo integral del uso del agua en la provincia de R\u00edo Negro, trabaj\u00f3 sobre las distintas facetas involucradas en la tem\u00e1tica del recurso h\u00eddrico, tanto desde la infraestructura como desde los aspectos legales, sociales y culturales.<\/p>\n<p>En la oportunidad, el Superintendente Curetti expres\u00f3: \u201cQuiero agradecer a todos los que hoy est\u00e1n presentes; hemos hecho este acto con motivo de celebrar el 54\u00b0 aniversario y homenajear a los que han pasado por el organismo y han dejado su impronta\u201d.<\/p>\n<p>\u201cTenemos un organismo con un presente muy fuerte y con una historia muy rica, pero tambi\u00e9n con un gran futuro, que es nuestro desaf\u00edo\u201d, manifest\u00f3 Curetti y a\u00f1adi\u00f3: \u201cPor eso, cuando el gobernador\u00a0 Alberto Weretilneck convoc\u00f3 en su discurso de asunci\u00f3n a pensar en la Provincia para los pr\u00f3ximos 30 a\u00f1os, este organismo, que administra \u00a0un recurso tan importante como es el agua, debe ser protagonista de esa discusi\u00f3n. Tenemos equipo suficiente para estar a la altura de las circunstancias\u201d.<\/p>\n<p>Por \u00faltimo, agradeci\u00f3 la presencia del vicegobernador Pesatti y la de todos los trabajadores.<\/p>\n<p>El acto, que tuvo lugar en el Museo Tecnol\u00f3gico del Agua y el Suelo, cont\u00f3 con la participaci\u00f3n de m\u00e1s de 80 trabajadores del DPA y de Aguas Rionegrinas Sociedad del Estado (ARSE). All\u00ed se homenaje\u00f3 a\u00a0 quienes fueron parte del organismo en su car\u00e1cter de superintendente: Numa Bini, titular de la instituci\u00f3n de1973 a 1976; Roberto Schever\u00edn, superintendente de 1980 a 1981; Eduardo Lui, a cargo del DPA de 1981 a 1983; Juan Kugler, t\u00edtular desde 1983 hasta 1991; Fernando Erica, de 1991 a 1999; Mario De Rege, a cargo desde 1999 hasta 2003; y Horacio Collado, de 2003 a 2011.<\/p>\n","protected":false},"excerpt":{"rendered":"<p>El vicegobernador de R\u00edo Negro, Pedro Pesatti, presidi\u00f3 el 54\u00ba aniversario del Departamento Provincial de Aguas (DPA), junto al titular [&hellip;]<\/p>\n","protected":false},"author":2,"featured_media":0,"comment_status":"closed","ping_status":"closed","sticky":false,"template":"","format":"standard","meta":{"site-sidebar-layout":"default","site-content-layout":"","ast-site-content-layout":"default","site-content-style":"default","site-sidebar-style":"default","ast-global-header-display":"","ast-banner-title-visibility":"","ast-main-header-display":"","ast-hfb-above-header-display":"","ast-hfb-below-header-display":"","ast-hfb-mobile-header-display":"","site-post-title":"","ast-breadcrumbs-content":"","ast-featured-img":"","footer-sml-layout":"","ast-disable-related-posts":"","theme-transparent-header-meta":"","adv-header-id-meta":"","stick-header-meta":"","header-above-stick-meta":"","header-main-stick-meta":"","header-below-stick-meta":"","astra-migrate-meta-layouts":"default","ast-page-background-enabled":"default","ast-page-background-meta":{"desktop":{"background-color":"var(--ast-global-color-5)","background-image":"","background-repeat":"repeat","background-position":"center center","background-size":"auto","background-attachment":"scroll","background-type":"","background-media":"","overlay-type":"","overlay-color":"","overlay-opacity":"","overlay-gradient":""},"tablet":{"background-color":"","background-image":"","background-repeat":"repeat","background-position":"center center","background-size":"auto","background-attachment":"scroll","background-type":"","background-media":"","overlay-type":"","overlay-color":"","overlay-opacity":"","overlay-gradient":""},"mobile":{"background-color":"","background-image":"","background-repeat":"repeat","background-position":"center center","background-size":"auto","background-attachment":"scroll","background-type":"","background-media":"","overlay-type":"","overlay-color":"","overlay-opacity":"","overlay-gradient":""}},"ast-content-background-meta":{"desktop":{"background-color":"var(--ast-global-color-4)","background-image":"","background-repeat":"repeat","background-position":"center center","background-size":"auto","background-attachment":"scroll","background-type":"","background-media":"","overlay-type":"","overlay-color":"","overlay-opacity":"","overlay-gradient":""},"tablet":{"background-color":"var(--ast-global-color-4)","background-image":"","background-repeat":"repeat","background-position":"center center","background-size":"auto","background-attachment":"scroll","background-type":"","background-media":"","overlay-type":"","overlay-color":"","overlay-opacity":"","overlay-gradient":""},"mobile":{"background-color":"var(--ast-global-color-4)","background-image":"","background-repeat":"repeat","background-position":"center center","background-size":"auto","background-attachment":"scroll","background-type":"","background-media":"","overlay-type":"","overlay-color":"","overlay-opacity":"","overlay-gradient":""}},"footnotes":""},"categories":[1],"tags":[],"class_list":["post-16262","post","type-post","status-publish","format-standard","hentry","category-noticias"],"yoast_head":"<!-- This site is optimized with the Yoast SEO Premium plugin v23.0 (Yoast SEO v27.5) - https:\/\/yoast.com\/product\/yoast-seo-premium-wordpress\/ -->\n<title>El DPA celebr\u00f3 su 54\u00ba aniversario con un homenaje a los trabajadores<\/title>\n<meta name=\"robots\" content=\"index, follow, max-snippet:-1, max-image-preview:large, max-video-preview:-1\" \/>\n<link rel=\"canonical\" href=\"https:\/\/patagoniambiental.com.ar\/info\/el-dpa-celebro-su-54o-aniversario-con-un-homenaje-a-los-trabajadores\/\" \/>\n<meta property=\"og:locale\" content=\"es_ES\" \/>\n<meta property=\"og:type\" content=\"article\" \/>\n<meta property=\"og:title\" content=\"El DPA celebr\u00f3 su 54\u00ba aniversario con un homenaje a los trabajadores\" \/>\n<meta property=\"og:description\" content=\"El vicegobernador de R\u00edo Negro, Pedro Pesatti, presidi\u00f3 el 54\u00ba aniversario del Departamento Provincial de Aguas (DPA), junto al titular [&hellip;]\" \/>\n<meta property=\"og:url\" content=\"https:\/\/patagoniambiental.com.ar\/info\/el-dpa-celebro-su-54o-aniversario-con-un-homenaje-a-los-trabajadores\/\" \/>\n<meta property=\"og:site_name\" content=\"Patagonia Ambiental\" \/>\n<meta property=\"article:publisher\" content=\"https:\/\/www.facebook.com\/patagonia.ambiental\" \/>\n<meta property=\"article:author\" content=\"https:\/\/www.facebook.com\/share\/1C1V8Gv9BX\/?mibextid=qi2Omg\" \/>\n<meta property=\"article:published_time\" content=\"2016-01-04T14:04:26+00:00\" \/>\n<meta name=\"author\" content=\"Patagonia Ambiental\" \/>\n<meta name=\"twitter:card\" content=\"summary_large_image\" \/>\n<meta name=\"twitter:creator\" content=\"@PatAmb\" \/>\n<meta name=\"twitter:site\" content=\"@PatAmb\" \/>\n<script type=\"application\/ld+json\" class=\"yoast-schema-graph\">{\"@context\":\"https:\\\/\\\/schema.org\",\"@graph\":[{\"@type\":\"Article\",\"@id\":\"https:\\\/\\\/patagoniambiental.com.ar\\\/info\\\/el-dpa-celebro-su-54o-aniversario-con-un-homenaje-a-los-trabajadores\\\/#article\",\"isPartOf\":{\"@id\":\"https:\\\/\\\/patagoniambiental.com.ar\\\/info\\\/el-dpa-celebro-su-54o-aniversario-con-un-homenaje-a-los-trabajadores\\\/\"},\"author\":{\"name\":\"Patagonia Ambiental\",\"@id\":\"https:\\\/\\\/patagoniambiental.com.ar\\\/info\\\/#\\\/schema\\\/person\\\/db12bff64bbcbf6a253710bf0ea37b5d\"},\"headline\":\"El DPA celebr\u00f3 su 54\u00ba aniversario con un homenaje a los trabajadores\",\"datePublished\":\"2016-01-04T14:04:26+00:00\",\"mainEntityOfPage\":{\"@id\":\"https:\\\/\\\/patagoniambiental.com.ar\\\/info\\\/el-dpa-celebro-su-54o-aniversario-con-un-homenaje-a-los-trabajadores\\\/\"},\"wordCount\":385,\"publisher\":{\"@id\":\"https:\\\/\\\/patagoniambiental.com.ar\\\/info\\\/#organization\"},\"articleSection\":[\"Noticias\"],\"inLanguage\":\"es\"},{\"@type\":\"WebPage\",\"@id\":\"https:\\\/\\\/patagoniambiental.com.ar\\\/info\\\/el-dpa-celebro-su-54o-aniversario-con-un-homenaje-a-los-trabajadores\\\/\",\"url\":\"https:\\\/\\\/patagoniambiental.com.ar\\\/info\\\/el-dpa-celebro-su-54o-aniversario-con-un-homenaje-a-los-trabajadores\\\/\",\"name\":\"El DPA celebr\u00f3 su 54\u00ba aniversario con un homenaje a los trabajadores\",\"isPartOf\":{\"@id\":\"https:\\\/\\\/patagoniambiental.com.ar\\\/info\\\/#website\"},\"datePublished\":\"2016-01-04T14:04:26+00:00\",\"breadcrumb\":{\"@id\":\"https:\\\/\\\/patagoniambiental.com.ar\\\/info\\\/el-dpa-celebro-su-54o-aniversario-con-un-homenaje-a-los-trabajadores\\\/#breadcrumb\"},\"inLanguage\":\"es\",\"potentialAction\":[{\"@type\":\"ReadAction\",\"target\":[\"https:\\\/\\\/patagoniambiental.com.ar\\\/info\\\/el-dpa-celebro-su-54o-aniversario-con-un-homenaje-a-los-trabajadores\\\/\"]}]},{\"@type\":\"BreadcrumbList\",\"@id\":\"https:\\\/\\\/patagoniambiental.com.ar\\\/info\\\/el-dpa-celebro-su-54o-aniversario-con-un-homenaje-a-los-trabajadores\\\/#breadcrumb\",\"itemListElement\":[{\"@type\":\"ListItem\",\"position\":1,\"name\":\"Inicio\",\"item\":\"https:\\\/\\\/patagoniambiental.com.ar\\\/info\\\/\"},{\"@type\":\"ListItem\",\"position\":2,\"name\":\"El DPA celebr\u00f3 su 54\u00ba aniversario con un homenaje a los trabajadores\"}]},{\"@type\":\"WebSite\",\"@id\":\"https:\\\/\\\/patagoniambiental.com.ar\\\/info\\\/#website\",\"url\":\"https:\\\/\\\/patagoniambiental.com.ar\\\/info\\\/\",\"name\":\"Patagonia Ambiental\",\"description\":\"Monitoreo y an\u00e1lisis de la situaci\u00f3n geopol\u00edtica en el mundo y su implicancia en la Patagonia\",\"publisher\":{\"@id\":\"https:\\\/\\\/patagoniambiental.com.ar\\\/info\\\/#organization\"},\"potentialAction\":[{\"@type\":\"SearchAction\",\"target\":{\"@type\":\"EntryPoint\",\"urlTemplate\":\"https:\\\/\\\/patagoniambiental.com.ar\\\/info\\\/?s={search_term_string}\"},\"query-input\":{\"@type\":\"PropertyValueSpecification\",\"valueRequired\":true,\"valueName\":\"search_term_string\"}}],\"inLanguage\":\"es\"},{\"@type\":\"Organization\",\"@id\":\"https:\\\/\\\/patagoniambiental.com.ar\\\/info\\\/#organization\",\"name\":\"Patagonia Ambiental\",\"url\":\"https:\\\/\\\/patagoniambiental.com.ar\\\/info\\\/\",\"logo\":{\"@type\":\"ImageObject\",\"inLanguage\":\"es\",\"@id\":\"https:\\\/\\\/patagoniambiental.com.ar\\\/info\\\/#\\\/schema\\\/logo\\\/image\\\/\",\"url\":\"https:\\\/\\\/patagoniambiental.com.ar\\\/info\\\/wp-content\\\/uploads\\\/2025\\\/05\\\/LOGO-PATAGONIA-AMBIENTAL.png\",\"contentUrl\":\"https:\\\/\\\/patagoniambiental.com.ar\\\/info\\\/wp-content\\\/uploads\\\/2025\\\/05\\\/LOGO-PATAGONIA-AMBIENTAL.png\",\"width\":433,\"height\":250,\"caption\":\"Patagonia Ambiental\"},\"image\":{\"@id\":\"https:\\\/\\\/patagoniambiental.com.ar\\\/info\\\/#\\\/schema\\\/logo\\\/image\\\/\"},\"sameAs\":[\"https:\\\/\\\/www.facebook.com\\\/patagonia.ambiental\",\"https:\\\/\\\/x.com\\\/PatAmb\"]},{\"@type\":\"Person\",\"@id\":\"https:\\\/\\\/patagoniambiental.com.ar\\\/info\\\/#\\\/schema\\\/person\\\/db12bff64bbcbf6a253710bf0ea37b5d\",\"name\":\"Patagonia Ambiental\",\"description\":\"Andr\u00e9s Nievas T\u00e9cnico en manejo ambiental, consultor Ambiental y escritor para medios locales e internacionales sobre temas de geopolitica y medio ambiente.\",\"sameAs\":[\"http:\\\/\\\/www.patagoniambiental.com.ar\",\"https:\\\/\\\/www.facebook.com\\\/share\\\/1C1V8Gv9BX\\\/?mibextid=qi2Omg\",\"@patagoniambiental\",\"https:\\\/\\\/youtube.com\\\/@patagoniaambiental2023?si=BLt58t0wuXquxlYZ\"]}]}<\/script>\n<!-- \/ Yoast SEO Premium plugin. -->","yoast_head_json":{"title":"El DPA celebr\u00f3 su 54\u00ba aniversario con un homenaje a los trabajadores","robots":{"index":"index","follow":"follow","max-snippet":"max-snippet:-1","max-image-preview":"max-image-preview:large","max-video-preview":"max-video-preview:-1"},"canonical":"https:\/\/patagoniambiental.com.ar\/info\/el-dpa-celebro-su-54o-aniversario-con-un-homenaje-a-los-trabajadores\/","og_locale":"es_ES","og_type":"article","og_title":"El DPA celebr\u00f3 su 54\u00ba aniversario con un homenaje a los trabajadores","og_description":"El vicegobernador de R\u00edo Negro, Pedro Pesatti, presidi\u00f3 el 54\u00ba aniversario del Departamento Provincial de Aguas (DPA), junto al titular [&hellip;]","og_url":"https:\/\/patagoniambiental.com.ar\/info\/el-dpa-celebro-su-54o-aniversario-con-un-homenaje-a-los-trabajadores\/","og_site_name":"Patagonia Ambiental","article_publisher":"https:\/\/www.facebook.com\/patagonia.ambiental","article_author":"https:\/\/www.facebook.com\/share\/1C1V8Gv9BX\/?mibextid=qi2Omg","article_published_time":"2016-01-04T14:04:26+00:00","author":"Patagonia Ambiental","twitter_card":"summary_large_image","twitter_creator":"@PatAmb","twitter_site":"@PatAmb","schema":{"@context":"https:\/\/schema.org","@graph":[{"@type":"Article","@id":"https:\/\/patagoniambiental.com.ar\/info\/el-dpa-celebro-su-54o-aniversario-con-un-homenaje-a-los-trabajadores\/#article","isPartOf":{"@id":"https:\/\/patagoniambiental.com.ar\/info\/el-dpa-celebro-su-54o-aniversario-con-un-homenaje-a-los-trabajadores\/"},"author":{"name":"Patagonia Ambiental","@id":"https:\/\/patagoniambiental.com.ar\/info\/#\/schema\/person\/db12bff64bbcbf6a253710bf0ea37b5d"},"headline":"El DPA celebr\u00f3 su 54\u00ba aniversario con un homenaje a los trabajadores","datePublished":"2016-01-04T14:04:26+00:00","mainEntityOfPage":{"@id":"https:\/\/patagoniambiental.com.ar\/info\/el-dpa-celebro-su-54o-aniversario-con-un-homenaje-a-los-trabajadores\/"},"wordCount":385,"publisher":{"@id":"https:\/\/patagoniambiental.com.ar\/info\/#organization"},"articleSection":["Noticias"],"inLanguage":"es"},{"@type":"WebPage","@id":"https:\/\/patagoniambiental.com.ar\/info\/el-dpa-celebro-su-54o-aniversario-con-un-homenaje-a-los-trabajadores\/","url":"https:\/\/patagoniambiental.com.ar\/info\/el-dpa-celebro-su-54o-aniversario-con-un-homenaje-a-los-trabajadores\/","name":"El DPA celebr\u00f3 su 54\u00ba aniversario con un homenaje a los trabajadores","isPartOf":{"@id":"https:\/\/patagoniambiental.com.ar\/info\/#website"},"datePublished":"2016-01-04T14:04:26+00:00","breadcrumb":{"@id":"https:\/\/patagoniambiental.com.ar\/info\/el-dpa-celebro-su-54o-aniversario-con-un-homenaje-a-los-trabajadores\/#breadcrumb"},"inLanguage":"es","potentialAction":[{"@type":"ReadAction","target":["https:\/\/patagoniambiental.com.ar\/info\/el-dpa-celebro-su-54o-aniversario-con-un-homenaje-a-los-trabajadores\/"]}]},{"@type":"BreadcrumbList","@id":"https:\/\/patagoniambiental.com.ar\/info\/el-dpa-celebro-su-54o-aniversario-con-un-homenaje-a-los-trabajadores\/#breadcrumb","itemListElement":[{"@type":"ListItem","position":1,"name":"Inicio","item":"https:\/\/patagoniambiental.com.ar\/info\/"},{"@type":"ListItem","position":2,"name":"El DPA celebr\u00f3 su 54\u00ba aniversario con un homenaje a los trabajadores"}]},{"@type":"WebSite","@id":"https:\/\/patagoniambiental.com.ar\/info\/#website","url":"https:\/\/patagoniambiental.com.ar\/info\/","name":"Patagonia Ambiental","description":"Monitoreo y an\u00e1lisis de la situaci\u00f3n geopol\u00edtica en el mundo y su implicancia en la Patagonia","publisher":{"@id":"https:\/\/patagoniambiental.com.ar\/info\/#organization"},"potentialAction":[{"@type":"SearchAction","target":{"@type":"EntryPoint","urlTemplate":"https:\/\/patagoniambiental.com.ar\/info\/?s={search_term_string}"},"query-input":{"@type":"PropertyValueSpecification","valueRequired":true,"valueName":"search_term_string"}}],"inLanguage":"es"},{"@type":"Organization","@id":"https:\/\/patagoniambiental.com.ar\/info\/#organization","name":"Patagonia Ambiental","url":"https:\/\/patagoniambiental.com.ar\/info\/","logo":{"@type":"ImageObject","inLanguage":"es","@id":"https:\/\/patagoniambiental.com.ar\/info\/#\/schema\/logo\/image\/","url":"https:\/\/patagoniambiental.com.ar\/info\/wp-content\/uploads\/2025\/05\/LOGO-PATAGONIA-AMBIENTAL.png","contentUrl":"https:\/\/patagoniambiental.com.ar\/info\/wp-content\/uploads\/2025\/05\/LOGO-PATAGONIA-AMBIENTAL.png","width":433,"height":250,"caption":"Patagonia Ambiental"},"image":{"@id":"https:\/\/patagoniambiental.com.ar\/info\/#\/schema\/logo\/image\/"},"sameAs":["https:\/\/www.facebook.com\/patagonia.ambiental","https:\/\/x.com\/PatAmb"]},{"@type":"Person","@id":"https:\/\/patagoniambiental.com.ar\/info\/#\/schema\/person\/db12bff64bbcbf6a253710bf0ea37b5d","name":"Patagonia Ambiental","description":"Andr\u00e9s Nievas T\u00e9cnico en manejo ambiental, consultor Ambiental y escritor para medios locales e internacionales sobre temas de geopolitica y medio ambiente.","sameAs":["http:\/\/www.patagoniambiental.com.ar","https:\/\/www.facebook.com\/share\/1C1V8Gv9BX\/?mibextid=qi2Omg","@patagoniambiental","https:\/\/youtube.com\/@patagoniaambiental2023?si=BLt58t0wuXquxlYZ"]}]}},"_links":{"self":[{"href":"https:\/\/patagoniambiental.com.ar\/info\/wp-json\/wp\/v2\/posts\/16262","targetHints":{"allow":["GET"]}}],"collection":[{"href":"https:\/\/patagoniambiental.com.ar\/info\/wp-json\/wp\/v2\/posts"}],"about":[{"href":"https:\/\/patagoniambiental.com.ar\/info\/wp-json\/wp\/v2\/types\/post"}],"author":[{"embeddable":true,"href":"https:\/\/patagoniambiental.com.ar\/info\/wp-json\/wp\/v2\/users\/2"}],"replies":[{"embeddable":true,"href":"https:\/\/patagoniambiental.com.ar\/info\/wp-json\/wp\/v2\/comments?post=16262"}],"version-history":[{"count":0,"href":"https:\/\/patagoniambiental.com.ar\/info\/wp-json\/wp\/v2\/posts\/16262\/revisions"}],"wp:attachment":[{"href":"https:\/\/patagoniambiental.com.ar\/info\/wp-json\/wp\/v2\/media?parent=16262"}],"wp:term":[{"taxonomy":"category","embeddable":true,"href":"https:\/\/patagoniambiental.com.ar\/info\/wp-json\/wp\/v2\/categories?post=16262"},{"taxonomy":"post_tag","embeddable":true,"href":"https:\/\/patagoniambiental.com.ar\/info\/wp-json\/wp\/v2\/tags?post=16262"}],"curies":[{"name":"wp","href":"https:\/\/api.w.org\/{rel}","templated":true}]}}