{"id":16264,"date":"2016-01-04T11:08:21","date_gmt":"2016-01-04T14:08:21","guid":{"rendered":"http:\/\/patagoniambiental.com.ar\/?p=16264"},"modified":"2016-01-04T11:08:21","modified_gmt":"2016-01-04T14:08:21","slug":"buque-esperanza-de-greenpeace-visita-la-argentina","status":"publish","type":"post","link":"https:\/\/patagoniambiental.com.ar\/info\/buque-esperanza-de-greenpeace-visita-la-argentina\/","title":{"rendered":"Buque Esperanza de Greenpeace visita la Argentina"},"content":{"rendered":"<p>\u00abTe\u00f3rica, mec\u00e1nica y f\u00edsicamente\u00bb, as\u00ed se tiene que entrenar la tripulaci\u00f3n del emblem\u00e1tico buque Esperanza de Greenpeace, a su paso por las costas argentinas, para estar listos para participar con acciones mar\u00edtimas por todo el globo en las campa\u00f1as en defensa del medio ambiente.<\/p>\n<p>Ana Carla Mart\u00ednez es una de las encargadas de brindar este tipo de formaci\u00f3n a los nuevos voluntarios de la entidad que, pr\u00f3ximamente, protagonizar\u00e1n las nuevas expediciones del barco, como ya hicieran en defensa de los glaciares, el \u00c1rtico o la lucha contra la pesca ilegal, entre otros.<\/p>\n<p>Esta argentina lleva toda una vida vinculada a la ONG, ya que antes incluso de finalizar la educaci\u00f3n secundaria, con 17 a\u00f1os, ya se uni\u00f3 a la organizaci\u00f3n ecologista como voluntaria y, ahora, con 39, lleva seis a\u00f1os a bordo de la flota de barcos de Greenpeace.<\/p>\n<p>Para Mart\u00ednez, estas sesiones pr\u00e1cticas a bordo del Esperanza son una manera de que la tripulaci\u00f3n \u201cvaya agarrando m\u00e1s conocimiento\u201d y que, quienes m\u00e1s saben, vayan traspasando su destreza a los reci\u00e9n llegados, explic\u00f3 a Efe.<\/p>\n<p>El adiestramiento mar\u00edtimo de quienes conforman esta secci\u00f3n de Greenpeace consiste en aprender a manejar los botes de forma te\u00f3rica y pr\u00e1ctica -todos deben de tener la licencia para utilizarlos-, tambi\u00e9n realizan escalada y otros ejercicios que les permitan ganar agilidad para enfrentarse a contratiempos o a acciones sorpresivas ante las que deban actuar r\u00e1pidamente.<\/p>\n<p>\u201cA veces, para entrenar para nuestras propias acciones utilizamos este barco como si fuera otro, tom\u00e1ndolo como escenario de otro barco y entonces lo abordamos. Hay un mundo de maniobras que se pueden aprender en los \u2018training\u2019 de los botes\u201d, asegura la marinera.<\/p>\n<p>Para ellos es su modo de vida, su rutina diaria, por lo que, todos en alg\u00fan que otro momento terminan aprendiendo c\u00f3mo llevar a cabo cada una de las pr\u00e1cticas que realizan y que les permitir\u00e1n, si es necesario, estar \u201cpreparados para actuar en cinco minutos\u201d.<\/p>\n<p>Un adiestramiento est\u00e1ndar para una persona sin conocimientos previos tendr\u00e1 una duraci\u00f3n aproximada de una semana, aunque siempre se tenga en cuenta \u201cesa cosa innata que trae cada persona\u201d, confiesa.<\/p>\n<p>Javiera Hern\u00e1ndez, por ejemplo, es una voluntaria chilena de Greenpeace y lleva s\u00f3lo cuatro meses a bordo del Esperanza, aunque ya le ha dado tiempo a cumplir un sue\u00f1o.<\/p>\n<p>\u201cDesde muy peque\u00f1a conoc\u00eda la organizaci\u00f3n y yo creo que era como un sue\u00f1o. Una cosa as\u00ed. Y bueno, ahora he aprovechado al m\u00e1ximo este viaje\u201d, explic\u00f3 a Efe.<\/p>\n<p>Lleva dos entrenamientos con botes y asegura que es lo que realmente le gusta y la forma en la que desear\u00eda poder ayudar a sus compa\u00f1eros ambientalistas a enfrentarse a una acci\u00f3n en medio del oc\u00e9ano, aunque por ahora, \u201cmantener el rumbo teniendo un bote al lado\u201d o \u201csituar la proa en un punto fijo\u201d todav\u00eda se le resista.<\/p>\n<p>Andr\u00e9s Soto es el mec\u00e1nico de botes del Esperanza y sus manos revisan cada una de las lanchas que hay a bordo para comprobar que todo est\u00e9 correcto cuando deban utilizarse.<\/p>\n<p>Junto a Ana Carla forma el equipo m\u00e1s vinculado al \u00e1rea formativa del Esperanza, pero tambi\u00e9n un matrimonio que naci\u00f3 y se consolid\u00f3 alrededor de Greenpeace.<\/p>\n<p>Para ellos, tener a su pareja a bordo \u201cfacilita la vida\u201d, ya que el otro \u201csabe lo que significa tu trabajo, lo que significan tus metas en la vida y comparte y entiende los tiempos\u201d.<\/p>\n<p>Como ellos, y los otros 20 activistas de diversas nacionalidades que conviven en los 72 metros de largo por 14 de ancho del Esperanza, durante periodos de tres meses, miles de personas se preparan cada d\u00eda en Greenpeace con el sentir com\u00fan de lograr, con su esfuerzo, un planeta m\u00e1s sustentable y ecol\u00f3gico. EFEverde<\/p>\n","protected":false},"excerpt":{"rendered":"<p>\u00abTe\u00f3rica, mec\u00e1nica y f\u00edsicamente\u00bb, as\u00ed se tiene que entrenar la tripulaci\u00f3n del emblem\u00e1tico buque Esperanza de Greenpeace, a su paso [&hellip;]<\/p>\n","protected":false},"author":2,"featured_media":0,"comment_status":"closed","ping_status":"closed","sticky":false,"template":"","format":"standard","meta":{"site-sidebar-layout":"default","site-content-layout":"","ast-site-content-layout":"default","site-content-style":"default","site-sidebar-style":"default","ast-global-header-display":"","ast-banner-title-visibility":"","ast-main-header-display":"","ast-hfb-above-header-display":"","ast-hfb-below-header-display":"","ast-hfb-mobile-header-display":"","site-post-title":"","ast-breadcrumbs-content":"","ast-featured-img":"","footer-sml-layout":"","ast-disable-related-posts":"","theme-transparent-header-meta":"","adv-header-id-meta":"","stick-header-meta":"","header-above-stick-meta":"","header-main-stick-meta":"","header-below-stick-meta":"","astra-migrate-meta-layouts":"default","ast-page-background-enabled":"default","ast-page-background-meta":{"desktop":{"background-color":"var(--ast-global-color-5)","background-image":"","background-repeat":"repeat","background-position":"center center","background-size":"auto","background-attachment":"scroll","background-type":"","background-media":"","overlay-type":"","overlay-color":"","overlay-opacity":"","overlay-gradient":""},"tablet":{"background-color":"","background-image":"","background-repeat":"repeat","background-position":"center center","background-size":"auto","background-attachment":"scroll","background-type":"","background-media":"","overlay-type":"","overlay-color":"","overlay-opacity":"","overlay-gradient":""},"mobile":{"background-color":"","background-image":"","background-repeat":"repeat","background-position":"center center","background-size":"auto","background-attachment":"scroll","background-type":"","background-media":"","overlay-type":"","overlay-color":"","overlay-opacity":"","overlay-gradient":""}},"ast-content-background-meta":{"desktop":{"background-color":"var(--ast-global-color-4)","background-image":"","background-repeat":"repeat","background-position":"center center","background-size":"auto","background-attachment":"scroll","background-type":"","background-media":"","overlay-type":"","overlay-color":"","overlay-opacity":"","overlay-gradient":""},"tablet":{"background-color":"var(--ast-global-color-4)","background-image":"","background-repeat":"repeat","background-position":"center center","background-size":"auto","background-attachment":"scroll","background-type":"","background-media":"","overlay-type":"","overlay-color":"","overlay-opacity":"","overlay-gradient":""},"mobile":{"background-color":"var(--ast-global-color-4)","background-image":"","background-repeat":"repeat","background-position":"center center","background-size":"auto","background-attachment":"scroll","background-type":"","background-media":"","overlay-type":"","overlay-color":"","overlay-opacity":"","overlay-gradient":""}},"footnotes":""},"categories":[1],"tags":[],"class_list":["post-16264","post","type-post","status-publish","format-standard","hentry","category-noticias"],"yoast_head":"<!-- This site is optimized with the Yoast SEO Premium plugin v23.0 (Yoast SEO v27.5) - https:\/\/yoast.com\/product\/yoast-seo-premium-wordpress\/ -->\n<title>Buque Esperanza de Greenpeace visita la Argentina<\/title>\n<meta name=\"robots\" content=\"index, follow, max-snippet:-1, max-image-preview:large, max-video-preview:-1\" \/>\n<link rel=\"canonical\" href=\"https:\/\/patagoniambiental.com.ar\/info\/buque-esperanza-de-greenpeace-visita-la-argentina\/\" \/>\n<meta property=\"og:locale\" content=\"es_ES\" \/>\n<meta property=\"og:type\" content=\"article\" \/>\n<meta property=\"og:title\" content=\"Buque Esperanza de Greenpeace visita la Argentina\" \/>\n<meta property=\"og:description\" content=\"\u00abTe\u00f3rica, mec\u00e1nica y f\u00edsicamente\u00bb, as\u00ed se tiene que entrenar la tripulaci\u00f3n del emblem\u00e1tico buque Esperanza de Greenpeace, a su paso [&hellip;]\" \/>\n<meta property=\"og:url\" content=\"https:\/\/patagoniambiental.com.ar\/info\/buque-esperanza-de-greenpeace-visita-la-argentina\/\" \/>\n<meta property=\"og:site_name\" content=\"Patagonia Ambiental\" \/>\n<meta property=\"article:publisher\" content=\"https:\/\/www.facebook.com\/patagonia.ambiental\" \/>\n<meta property=\"article:author\" content=\"https:\/\/www.facebook.com\/share\/1C1V8Gv9BX\/?mibextid=qi2Omg\" \/>\n<meta property=\"article:published_time\" content=\"2016-01-04T14:08:21+00:00\" \/>\n<meta name=\"author\" content=\"Patagonia Ambiental\" \/>\n<meta name=\"twitter:card\" content=\"summary_large_image\" \/>\n<meta name=\"twitter:creator\" content=\"@PatAmb\" \/>\n<meta name=\"twitter:site\" content=\"@PatAmb\" \/>\n<script type=\"application\/ld+json\" class=\"yoast-schema-graph\">{\"@context\":\"https:\\\/\\\/schema.org\",\"@graph\":[{\"@type\":\"Article\",\"@id\":\"https:\\\/\\\/patagoniambiental.com.ar\\\/info\\\/buque-esperanza-de-greenpeace-visita-la-argentina\\\/#article\",\"isPartOf\":{\"@id\":\"https:\\\/\\\/patagoniambiental.com.ar\\\/info\\\/buque-esperanza-de-greenpeace-visita-la-argentina\\\/\"},\"author\":{\"name\":\"Patagonia Ambiental\",\"@id\":\"https:\\\/\\\/patagoniambiental.com.ar\\\/info\\\/#\\\/schema\\\/person\\\/db12bff64bbcbf6a253710bf0ea37b5d\"},\"headline\":\"Buque Esperanza de Greenpeace visita la Argentina\",\"datePublished\":\"2016-01-04T14:08:21+00:00\",\"mainEntityOfPage\":{\"@id\":\"https:\\\/\\\/patagoniambiental.com.ar\\\/info\\\/buque-esperanza-de-greenpeace-visita-la-argentina\\\/\"},\"wordCount\":669,\"publisher\":{\"@id\":\"https:\\\/\\\/patagoniambiental.com.ar\\\/info\\\/#organization\"},\"articleSection\":[\"Noticias\"],\"inLanguage\":\"es\"},{\"@type\":\"WebPage\",\"@id\":\"https:\\\/\\\/patagoniambiental.com.ar\\\/info\\\/buque-esperanza-de-greenpeace-visita-la-argentina\\\/\",\"url\":\"https:\\\/\\\/patagoniambiental.com.ar\\\/info\\\/buque-esperanza-de-greenpeace-visita-la-argentina\\\/\",\"name\":\"Buque Esperanza de Greenpeace visita la Argentina\",\"isPartOf\":{\"@id\":\"https:\\\/\\\/patagoniambiental.com.ar\\\/info\\\/#website\"},\"datePublished\":\"2016-01-04T14:08:21+00:00\",\"breadcrumb\":{\"@id\":\"https:\\\/\\\/patagoniambiental.com.ar\\\/info\\\/buque-esperanza-de-greenpeace-visita-la-argentina\\\/#breadcrumb\"},\"inLanguage\":\"es\",\"potentialAction\":[{\"@type\":\"ReadAction\",\"target\":[\"https:\\\/\\\/patagoniambiental.com.ar\\\/info\\\/buque-esperanza-de-greenpeace-visita-la-argentina\\\/\"]}]},{\"@type\":\"BreadcrumbList\",\"@id\":\"https:\\\/\\\/patagoniambiental.com.ar\\\/info\\\/buque-esperanza-de-greenpeace-visita-la-argentina\\\/#breadcrumb\",\"itemListElement\":[{\"@type\":\"ListItem\",\"position\":1,\"name\":\"Inicio\",\"item\":\"https:\\\/\\\/patagoniambiental.com.ar\\\/info\\\/\"},{\"@type\":\"ListItem\",\"position\":2,\"name\":\"Buque Esperanza de Greenpeace visita la Argentina\"}]},{\"@type\":\"WebSite\",\"@id\":\"https:\\\/\\\/patagoniambiental.com.ar\\\/info\\\/#website\",\"url\":\"https:\\\/\\\/patagoniambiental.com.ar\\\/info\\\/\",\"name\":\"Patagonia Ambiental\",\"description\":\"Monitoreo y an\u00e1lisis de la situaci\u00f3n geopol\u00edtica en el mundo y su implicancia en la Patagonia\",\"publisher\":{\"@id\":\"https:\\\/\\\/patagoniambiental.com.ar\\\/info\\\/#organization\"},\"potentialAction\":[{\"@type\":\"SearchAction\",\"target\":{\"@type\":\"EntryPoint\",\"urlTemplate\":\"https:\\\/\\\/patagoniambiental.com.ar\\\/info\\\/?s={search_term_string}\"},\"query-input\":{\"@type\":\"PropertyValueSpecification\",\"valueRequired\":true,\"valueName\":\"search_term_string\"}}],\"inLanguage\":\"es\"},{\"@type\":\"Organization\",\"@id\":\"https:\\\/\\\/patagoniambiental.com.ar\\\/info\\\/#organization\",\"name\":\"Patagonia Ambiental\",\"url\":\"https:\\\/\\\/patagoniambiental.com.ar\\\/info\\\/\",\"logo\":{\"@type\":\"ImageObject\",\"inLanguage\":\"es\",\"@id\":\"https:\\\/\\\/patagoniambiental.com.ar\\\/info\\\/#\\\/schema\\\/logo\\\/image\\\/\",\"url\":\"https:\\\/\\\/patagoniambiental.com.ar\\\/info\\\/wp-content\\\/uploads\\\/2025\\\/05\\\/LOGO-PATAGONIA-AMBIENTAL.png\",\"contentUrl\":\"https:\\\/\\\/patagoniambiental.com.ar\\\/info\\\/wp-content\\\/uploads\\\/2025\\\/05\\\/LOGO-PATAGONIA-AMBIENTAL.png\",\"width\":433,\"height\":250,\"caption\":\"Patagonia Ambiental\"},\"image\":{\"@id\":\"https:\\\/\\\/patagoniambiental.com.ar\\\/info\\\/#\\\/schema\\\/logo\\\/image\\\/\"},\"sameAs\":[\"https:\\\/\\\/www.facebook.com\\\/patagonia.ambiental\",\"https:\\\/\\\/x.com\\\/PatAmb\"]},{\"@type\":\"Person\",\"@id\":\"https:\\\/\\\/patagoniambiental.com.ar\\\/info\\\/#\\\/schema\\\/person\\\/db12bff64bbcbf6a253710bf0ea37b5d\",\"name\":\"Patagonia Ambiental\",\"description\":\"Andr\u00e9s Nievas T\u00e9cnico en manejo ambiental, consultor Ambiental y escritor para medios locales e internacionales sobre temas de geopolitica y medio ambiente.\",\"sameAs\":[\"http:\\\/\\\/www.patagoniambiental.com.ar\",\"https:\\\/\\\/www.facebook.com\\\/share\\\/1C1V8Gv9BX\\\/?mibextid=qi2Omg\",\"@patagoniambiental\",\"https:\\\/\\\/youtube.com\\\/@patagoniaambiental2023?si=BLt58t0wuXquxlYZ\"]}]}<\/script>\n<!-- \/ Yoast SEO Premium plugin. -->","yoast_head_json":{"title":"Buque Esperanza de Greenpeace visita la Argentina","robots":{"index":"index","follow":"follow","max-snippet":"max-snippet:-1","max-image-preview":"max-image-preview:large","max-video-preview":"max-video-preview:-1"},"canonical":"https:\/\/patagoniambiental.com.ar\/info\/buque-esperanza-de-greenpeace-visita-la-argentina\/","og_locale":"es_ES","og_type":"article","og_title":"Buque Esperanza de Greenpeace visita la Argentina","og_description":"\u00abTe\u00f3rica, mec\u00e1nica y f\u00edsicamente\u00bb, as\u00ed se tiene que entrenar la tripulaci\u00f3n del emblem\u00e1tico buque Esperanza de Greenpeace, a su paso [&hellip;]","og_url":"https:\/\/patagoniambiental.com.ar\/info\/buque-esperanza-de-greenpeace-visita-la-argentina\/","og_site_name":"Patagonia Ambiental","article_publisher":"https:\/\/www.facebook.com\/patagonia.ambiental","article_author":"https:\/\/www.facebook.com\/share\/1C1V8Gv9BX\/?mibextid=qi2Omg","article_published_time":"2016-01-04T14:08:21+00:00","author":"Patagonia Ambiental","twitter_card":"summary_large_image","twitter_creator":"@PatAmb","twitter_site":"@PatAmb","schema":{"@context":"https:\/\/schema.org","@graph":[{"@type":"Article","@id":"https:\/\/patagoniambiental.com.ar\/info\/buque-esperanza-de-greenpeace-visita-la-argentina\/#article","isPartOf":{"@id":"https:\/\/patagoniambiental.com.ar\/info\/buque-esperanza-de-greenpeace-visita-la-argentina\/"},"author":{"name":"Patagonia Ambiental","@id":"https:\/\/patagoniambiental.com.ar\/info\/#\/schema\/person\/db12bff64bbcbf6a253710bf0ea37b5d"},"headline":"Buque Esperanza de Greenpeace visita la Argentina","datePublished":"2016-01-04T14:08:21+00:00","mainEntityOfPage":{"@id":"https:\/\/patagoniambiental.com.ar\/info\/buque-esperanza-de-greenpeace-visita-la-argentina\/"},"wordCount":669,"publisher":{"@id":"https:\/\/patagoniambiental.com.ar\/info\/#organization"},"articleSection":["Noticias"],"inLanguage":"es"},{"@type":"WebPage","@id":"https:\/\/patagoniambiental.com.ar\/info\/buque-esperanza-de-greenpeace-visita-la-argentina\/","url":"https:\/\/patagoniambiental.com.ar\/info\/buque-esperanza-de-greenpeace-visita-la-argentina\/","name":"Buque Esperanza de Greenpeace visita la Argentina","isPartOf":{"@id":"https:\/\/patagoniambiental.com.ar\/info\/#website"},"datePublished":"2016-01-04T14:08:21+00:00","breadcrumb":{"@id":"https:\/\/patagoniambiental.com.ar\/info\/buque-esperanza-de-greenpeace-visita-la-argentina\/#breadcrumb"},"inLanguage":"es","potentialAction":[{"@type":"ReadAction","target":["https:\/\/patagoniambiental.com.ar\/info\/buque-esperanza-de-greenpeace-visita-la-argentina\/"]}]},{"@type":"BreadcrumbList","@id":"https:\/\/patagoniambiental.com.ar\/info\/buque-esperanza-de-greenpeace-visita-la-argentina\/#breadcrumb","itemListElement":[{"@type":"ListItem","position":1,"name":"Inicio","item":"https:\/\/patagoniambiental.com.ar\/info\/"},{"@type":"ListItem","position":2,"name":"Buque Esperanza de Greenpeace visita la Argentina"}]},{"@type":"WebSite","@id":"https:\/\/patagoniambiental.com.ar\/info\/#website","url":"https:\/\/patagoniambiental.com.ar\/info\/","name":"Patagonia Ambiental","description":"Monitoreo y an\u00e1lisis de la situaci\u00f3n geopol\u00edtica en el mundo y su implicancia en la Patagonia","publisher":{"@id":"https:\/\/patagoniambiental.com.ar\/info\/#organization"},"potentialAction":[{"@type":"SearchAction","target":{"@type":"EntryPoint","urlTemplate":"https:\/\/patagoniambiental.com.ar\/info\/?s={search_term_string}"},"query-input":{"@type":"PropertyValueSpecification","valueRequired":true,"valueName":"search_term_string"}}],"inLanguage":"es"},{"@type":"Organization","@id":"https:\/\/patagoniambiental.com.ar\/info\/#organization","name":"Patagonia Ambiental","url":"https:\/\/patagoniambiental.com.ar\/info\/","logo":{"@type":"ImageObject","inLanguage":"es","@id":"https:\/\/patagoniambiental.com.ar\/info\/#\/schema\/logo\/image\/","url":"https:\/\/patagoniambiental.com.ar\/info\/wp-content\/uploads\/2025\/05\/LOGO-PATAGONIA-AMBIENTAL.png","contentUrl":"https:\/\/patagoniambiental.com.ar\/info\/wp-content\/uploads\/2025\/05\/LOGO-PATAGONIA-AMBIENTAL.png","width":433,"height":250,"caption":"Patagonia Ambiental"},"image":{"@id":"https:\/\/patagoniambiental.com.ar\/info\/#\/schema\/logo\/image\/"},"sameAs":["https:\/\/www.facebook.com\/patagonia.ambiental","https:\/\/x.com\/PatAmb"]},{"@type":"Person","@id":"https:\/\/patagoniambiental.com.ar\/info\/#\/schema\/person\/db12bff64bbcbf6a253710bf0ea37b5d","name":"Patagonia Ambiental","description":"Andr\u00e9s Nievas T\u00e9cnico en manejo ambiental, consultor Ambiental y escritor para medios locales e internacionales sobre temas de geopolitica y medio ambiente.","sameAs":["http:\/\/www.patagoniambiental.com.ar","https:\/\/www.facebook.com\/share\/1C1V8Gv9BX\/?mibextid=qi2Omg","@patagoniambiental","https:\/\/youtube.com\/@patagoniaambiental2023?si=BLt58t0wuXquxlYZ"]}]}},"_links":{"self":[{"href":"https:\/\/patagoniambiental.com.ar\/info\/wp-json\/wp\/v2\/posts\/16264","targetHints":{"allow":["GET"]}}],"collection":[{"href":"https:\/\/patagoniambiental.com.ar\/info\/wp-json\/wp\/v2\/posts"}],"about":[{"href":"https:\/\/patagoniambiental.com.ar\/info\/wp-json\/wp\/v2\/types\/post"}],"author":[{"embeddable":true,"href":"https:\/\/patagoniambiental.com.ar\/info\/wp-json\/wp\/v2\/users\/2"}],"replies":[{"embeddable":true,"href":"https:\/\/patagoniambiental.com.ar\/info\/wp-json\/wp\/v2\/comments?post=16264"}],"version-history":[{"count":0,"href":"https:\/\/patagoniambiental.com.ar\/info\/wp-json\/wp\/v2\/posts\/16264\/revisions"}],"wp:attachment":[{"href":"https:\/\/patagoniambiental.com.ar\/info\/wp-json\/wp\/v2\/media?parent=16264"}],"wp:term":[{"taxonomy":"category","embeddable":true,"href":"https:\/\/patagoniambiental.com.ar\/info\/wp-json\/wp\/v2\/categories?post=16264"},{"taxonomy":"post_tag","embeddable":true,"href":"https:\/\/patagoniambiental.com.ar\/info\/wp-json\/wp\/v2\/tags?post=16264"}],"curies":[{"name":"wp","href":"https:\/\/api.w.org\/{rel}","templated":true}]}}