{"id":16267,"date":"2016-01-05T09:14:43","date_gmt":"2016-01-05T12:14:43","guid":{"rendered":"http:\/\/patagoniambiental.com.ar\/?p=16267"},"modified":"2016-01-05T09:14:43","modified_gmt":"2016-01-05T12:14:43","slug":"en-neuquen-ya-se-implementa-la-separacion-de-residuos-en-origen","status":"publish","type":"post","link":"https:\/\/patagoniambiental.com.ar\/info\/en-neuquen-ya-se-implementa-la-separacion-de-residuos-en-origen\/","title":{"rendered":"En Neuqu\u00e9n ya se implementa la separaci\u00f3n de residuos en origen"},"content":{"rendered":"<p>Desde el lunes 4\u00a0rige en la ciudad la implementaci\u00f3n de la separaci\u00f3n de residuos en origen que posteriormente ser\u00e1n tratados en el Complejo Ambiental Neuqu\u00e9n, que incluye una planta de reciclado. \u201cEs una iniciativa que nos llena de orgullo porque somos de los pocos municipios en el pa\u00eds que cuentan con este sistema en materia de disposici\u00f3n final\u201d, sostuvo el intendente Horacio Quiroga.<\/p>\n<p>El jefe comunal subray\u00f3 que uno de los objetivos de esta cuarta gesti\u00f3n es \u201cconvertir a Neuqu\u00e9n en la ciudad m\u00e1s limpia de toda la Patagonia y para eso tenemos que saber qu\u00e9 hacer con la basura\u201d. Asimismo, remarc\u00f3 los beneficios de este sistema y dijo que \u201ctenemos la firme decisi\u00f3n de cuidar el medio ambiente y nuestros recursos naturales, porque hablamos de reciclaje pero tambi\u00e9n de menor producci\u00f3n de residuos en los basurales y de ahorro en los costos de materia prima\u201d.<\/p>\n<p>\u201cEste es el primer paso -prosigui\u00f3- y sabemos que ser\u00e1 un proceso largo que implica un cambio cultural de nuestros h\u00e1bitos y una toma de conciencia sobre la importancia de esto\u201d. Adem\u00e1s, expres\u00f3 que si bien no habr\u00e1 sanciones en esta primera etapa, \u201capuntamos a la buena voluntad y a la toma de conciencia por parte del vecino para que tengamos \u00e9xito\u201d.<\/p>\n<p>Por su parte, el secretario de Econom\u00eda y Hacienda, Jos\u00e9 Luis Artaza, detall\u00f3 que los lunes, mi\u00e9rcoles y viernes se recolectar\u00e1n los residuos h\u00famedos, en tanto que el martes, jueves y s\u00e1bado, los secos que son los reciclables. En tal sentido aclar\u00f3 que \u201cel servicio de Cliba comienza a las 21 y se extiende hasta la tarde de la jornada siguiente. Es decir que hoy, lunes, el turno que inicia a las 9 de la noche corresponde al d\u00eda martes, por lo tanto los vecinos hoy tienen que sacar los residuos secos; ma\u00f1ana, martes, los h\u00famedos y as\u00ed sucesivamente. El s\u00e1bado a la noche no hay recolecci\u00f3n porque corresponde al turno del domingo de Cliba\u201d.<\/p>\n<p>Desde el municipio se pide a los vecinos contar con dos cestos en sus hogares para depositar los residuos por separado. En uno va el material seco, es decir, papeles, cartones, latas de aluminio, metal, envases pl\u00e1sticos y de vidrio, ropa y telas, todos limpios y sin humedad, que son los que tienen valor de recuperaci\u00f3n y de mercado y que sirven de insumos para otros procesos. En otro, de menor tama\u00f1o, dejar el material h\u00famedo, es decir, restos de comidas y org\u00e1nicos, papeles y cartones sucios, y todos los residuos contaminados, con mucha suciedad o mojados.<\/p>\n<p>Artaza recalc\u00f3 que los secos son todos los que contienen pl\u00e1sticos, por ejemplo, botellas, envases, tapitas, papel film, bolsas, sachet, potes, bidones, telgopor, radiograf\u00edas, vajilla descartable limpia y seca. Tambi\u00e9n el vidrio est\u00e1n dentro de los residuos secos, siempre y cuando no est\u00e9 roto; al igual las botellas, frascos, envases transparentes o de color. Los vidrios rotos van dentro de los h\u00famedos que van a enterramiento para evitar que la gente que trabaje en la separaci\u00f3n dentro del complejo se lastime.<\/p>\n<p>Tambi\u00e9n corresponde a secos, el metal, las latas de acero o de aluminio, de hierro, de cobre, de plomo, de zinc, de bronce o de otro metal, desodorantes en aerosol, tapas de frasco y de aluminios, papel aluminio, llaves, candados, picaportes, grifer\u00edas y cualquier artefacto de cobre o esta\u00f1o, el cart\u00f3n y el papel blanco o de color pero que no est\u00e9 impreso, cartulinas, diarios, revistas, folletos, gu\u00edas telef\u00f3nicas, cajas de cart\u00f3n, cajas de huevos, rollos de papel, envases tetrabrik, telas y ropa, siempre que est\u00e9n en buen estado y limpios.<\/p>\n<p>Por \u00faltimo, explic\u00f3 que el municipio lleva adelante la construcci\u00f3n del Complejo Ambiental Neuqu\u00e9n \u201cdonde trabajar\u00e1n constituidos como cooperativa las mismas personas que antes se dedicaban al cirujeo y que no ten\u00edan ning\u00fan tipo de organizaci\u00f3n en cuanto al trabajo y que ahora podr\u00e1n realizar su tarea de manera segura y con las medidas de salubridad necesarias\u201d.<\/p>\n","protected":false},"excerpt":{"rendered":"<p>Desde el lunes 4\u00a0rige en la ciudad la implementaci\u00f3n de la separaci\u00f3n de residuos en origen que posteriormente ser\u00e1n tratados [&hellip;]<\/p>\n","protected":false},"author":2,"featured_media":0,"comment_status":"closed","ping_status":"closed","sticky":false,"template":"","format":"standard","meta":{"site-sidebar-layout":"default","site-content-layout":"","ast-site-content-layout":"default","site-content-style":"default","site-sidebar-style":"default","ast-global-header-display":"","ast-banner-title-visibility":"","ast-main-header-display":"","ast-hfb-above-header-display":"","ast-hfb-below-header-display":"","ast-hfb-mobile-header-display":"","site-post-title":"","ast-breadcrumbs-content":"","ast-featured-img":"","footer-sml-layout":"","ast-disable-related-posts":"","theme-transparent-header-meta":"","adv-header-id-meta":"","stick-header-meta":"","header-above-stick-meta":"","header-main-stick-meta":"","header-below-stick-meta":"","astra-migrate-meta-layouts":"default","ast-page-background-enabled":"default","ast-page-background-meta":{"desktop":{"background-color":"var(--ast-global-color-5)","background-image":"","background-repeat":"repeat","background-position":"center center","background-size":"auto","background-attachment":"scroll","background-type":"","background-media":"","overlay-type":"","overlay-color":"","overlay-opacity":"","overlay-gradient":""},"tablet":{"background-color":"","background-image":"","background-repeat":"repeat","background-position":"center center","background-size":"auto","background-attachment":"scroll","background-type":"","background-media":"","overlay-type":"","overlay-color":"","overlay-opacity":"","overlay-gradient":""},"mobile":{"background-color":"","background-image":"","background-repeat":"repeat","background-position":"center center","background-size":"auto","background-attachment":"scroll","background-type":"","background-media":"","overlay-type":"","overlay-color":"","overlay-opacity":"","overlay-gradient":""}},"ast-content-background-meta":{"desktop":{"background-color":"var(--ast-global-color-4)","background-image":"","background-repeat":"repeat","background-position":"center center","background-size":"auto","background-attachment":"scroll","background-type":"","background-media":"","overlay-type":"","overlay-color":"","overlay-opacity":"","overlay-gradient":""},"tablet":{"background-color":"var(--ast-global-color-4)","background-image":"","background-repeat":"repeat","background-position":"center center","background-size":"auto","background-attachment":"scroll","background-type":"","background-media":"","overlay-type":"","overlay-color":"","overlay-opacity":"","overlay-gradient":""},"mobile":{"background-color":"var(--ast-global-color-4)","background-image":"","background-repeat":"repeat","background-position":"center center","background-size":"auto","background-attachment":"scroll","background-type":"","background-media":"","overlay-type":"","overlay-color":"","overlay-opacity":"","overlay-gradient":""}},"footnotes":""},"categories":[1],"tags":[],"class_list":["post-16267","post","type-post","status-publish","format-standard","hentry","category-noticias"],"yoast_head":"<!-- This site is optimized with the Yoast SEO Premium plugin v23.0 (Yoast SEO v27.5) - https:\/\/yoast.com\/product\/yoast-seo-premium-wordpress\/ -->\n<title>En Neuqu\u00e9n ya se implementa la separaci\u00f3n de residuos en origen<\/title>\n<meta name=\"robots\" content=\"index, follow, max-snippet:-1, max-image-preview:large, max-video-preview:-1\" \/>\n<link rel=\"canonical\" href=\"https:\/\/patagoniambiental.com.ar\/info\/en-neuquen-ya-se-implementa-la-separacion-de-residuos-en-origen\/\" \/>\n<meta property=\"og:locale\" content=\"es_ES\" \/>\n<meta property=\"og:type\" content=\"article\" \/>\n<meta property=\"og:title\" content=\"En Neuqu\u00e9n ya se implementa la separaci\u00f3n de residuos en origen\" \/>\n<meta property=\"og:description\" content=\"Desde el lunes 4\u00a0rige en la ciudad la implementaci\u00f3n de la separaci\u00f3n de residuos en origen que posteriormente ser\u00e1n tratados [&hellip;]\" \/>\n<meta property=\"og:url\" content=\"https:\/\/patagoniambiental.com.ar\/info\/en-neuquen-ya-se-implementa-la-separacion-de-residuos-en-origen\/\" \/>\n<meta property=\"og:site_name\" content=\"Patagonia Ambiental\" \/>\n<meta property=\"article:publisher\" content=\"https:\/\/www.facebook.com\/patagonia.ambiental\" \/>\n<meta property=\"article:author\" content=\"https:\/\/www.facebook.com\/share\/1C1V8Gv9BX\/?mibextid=qi2Omg\" \/>\n<meta property=\"article:published_time\" content=\"2016-01-05T12:14:43+00:00\" \/>\n<meta name=\"author\" content=\"Patagonia Ambiental\" \/>\n<meta name=\"twitter:card\" content=\"summary_large_image\" \/>\n<meta name=\"twitter:creator\" content=\"@PatAmb\" \/>\n<meta name=\"twitter:site\" content=\"@PatAmb\" \/>\n<script type=\"application\/ld+json\" class=\"yoast-schema-graph\">{\"@context\":\"https:\\\/\\\/schema.org\",\"@graph\":[{\"@type\":\"Article\",\"@id\":\"https:\\\/\\\/patagoniambiental.com.ar\\\/info\\\/en-neuquen-ya-se-implementa-la-separacion-de-residuos-en-origen\\\/#article\",\"isPartOf\":{\"@id\":\"https:\\\/\\\/patagoniambiental.com.ar\\\/info\\\/en-neuquen-ya-se-implementa-la-separacion-de-residuos-en-origen\\\/\"},\"author\":{\"name\":\"Patagonia Ambiental\",\"@id\":\"https:\\\/\\\/patagoniambiental.com.ar\\\/info\\\/#\\\/schema\\\/person\\\/db12bff64bbcbf6a253710bf0ea37b5d\"},\"headline\":\"En Neuqu\u00e9n ya se implementa la separaci\u00f3n de residuos en origen\",\"datePublished\":\"2016-01-05T12:14:43+00:00\",\"mainEntityOfPage\":{\"@id\":\"https:\\\/\\\/patagoniambiental.com.ar\\\/info\\\/en-neuquen-ya-se-implementa-la-separacion-de-residuos-en-origen\\\/\"},\"wordCount\":711,\"publisher\":{\"@id\":\"https:\\\/\\\/patagoniambiental.com.ar\\\/info\\\/#organization\"},\"articleSection\":[\"Noticias\"],\"inLanguage\":\"es\"},{\"@type\":\"WebPage\",\"@id\":\"https:\\\/\\\/patagoniambiental.com.ar\\\/info\\\/en-neuquen-ya-se-implementa-la-separacion-de-residuos-en-origen\\\/\",\"url\":\"https:\\\/\\\/patagoniambiental.com.ar\\\/info\\\/en-neuquen-ya-se-implementa-la-separacion-de-residuos-en-origen\\\/\",\"name\":\"En Neuqu\u00e9n ya se implementa la separaci\u00f3n de residuos en origen\",\"isPartOf\":{\"@id\":\"https:\\\/\\\/patagoniambiental.com.ar\\\/info\\\/#website\"},\"datePublished\":\"2016-01-05T12:14:43+00:00\",\"breadcrumb\":{\"@id\":\"https:\\\/\\\/patagoniambiental.com.ar\\\/info\\\/en-neuquen-ya-se-implementa-la-separacion-de-residuos-en-origen\\\/#breadcrumb\"},\"inLanguage\":\"es\",\"potentialAction\":[{\"@type\":\"ReadAction\",\"target\":[\"https:\\\/\\\/patagoniambiental.com.ar\\\/info\\\/en-neuquen-ya-se-implementa-la-separacion-de-residuos-en-origen\\\/\"]}]},{\"@type\":\"BreadcrumbList\",\"@id\":\"https:\\\/\\\/patagoniambiental.com.ar\\\/info\\\/en-neuquen-ya-se-implementa-la-separacion-de-residuos-en-origen\\\/#breadcrumb\",\"itemListElement\":[{\"@type\":\"ListItem\",\"position\":1,\"name\":\"Inicio\",\"item\":\"https:\\\/\\\/patagoniambiental.com.ar\\\/info\\\/\"},{\"@type\":\"ListItem\",\"position\":2,\"name\":\"En Neuqu\u00e9n ya se implementa la separaci\u00f3n de residuos en origen\"}]},{\"@type\":\"WebSite\",\"@id\":\"https:\\\/\\\/patagoniambiental.com.ar\\\/info\\\/#website\",\"url\":\"https:\\\/\\\/patagoniambiental.com.ar\\\/info\\\/\",\"name\":\"Patagonia Ambiental\",\"description\":\"Monitoreo y an\u00e1lisis de la situaci\u00f3n geopol\u00edtica en el mundo y su implicancia en la Patagonia\",\"publisher\":{\"@id\":\"https:\\\/\\\/patagoniambiental.com.ar\\\/info\\\/#organization\"},\"potentialAction\":[{\"@type\":\"SearchAction\",\"target\":{\"@type\":\"EntryPoint\",\"urlTemplate\":\"https:\\\/\\\/patagoniambiental.com.ar\\\/info\\\/?s={search_term_string}\"},\"query-input\":{\"@type\":\"PropertyValueSpecification\",\"valueRequired\":true,\"valueName\":\"search_term_string\"}}],\"inLanguage\":\"es\"},{\"@type\":\"Organization\",\"@id\":\"https:\\\/\\\/patagoniambiental.com.ar\\\/info\\\/#organization\",\"name\":\"Patagonia Ambiental\",\"url\":\"https:\\\/\\\/patagoniambiental.com.ar\\\/info\\\/\",\"logo\":{\"@type\":\"ImageObject\",\"inLanguage\":\"es\",\"@id\":\"https:\\\/\\\/patagoniambiental.com.ar\\\/info\\\/#\\\/schema\\\/logo\\\/image\\\/\",\"url\":\"https:\\\/\\\/patagoniambiental.com.ar\\\/info\\\/wp-content\\\/uploads\\\/2025\\\/05\\\/LOGO-PATAGONIA-AMBIENTAL.png\",\"contentUrl\":\"https:\\\/\\\/patagoniambiental.com.ar\\\/info\\\/wp-content\\\/uploads\\\/2025\\\/05\\\/LOGO-PATAGONIA-AMBIENTAL.png\",\"width\":433,\"height\":250,\"caption\":\"Patagonia Ambiental\"},\"image\":{\"@id\":\"https:\\\/\\\/patagoniambiental.com.ar\\\/info\\\/#\\\/schema\\\/logo\\\/image\\\/\"},\"sameAs\":[\"https:\\\/\\\/www.facebook.com\\\/patagonia.ambiental\",\"https:\\\/\\\/x.com\\\/PatAmb\"]},{\"@type\":\"Person\",\"@id\":\"https:\\\/\\\/patagoniambiental.com.ar\\\/info\\\/#\\\/schema\\\/person\\\/db12bff64bbcbf6a253710bf0ea37b5d\",\"name\":\"Patagonia Ambiental\",\"description\":\"Andr\u00e9s Nievas T\u00e9cnico en manejo ambiental, consultor Ambiental y escritor para medios locales e internacionales sobre temas de geopolitica y medio ambiente.\",\"sameAs\":[\"http:\\\/\\\/www.patagoniambiental.com.ar\",\"https:\\\/\\\/www.facebook.com\\\/share\\\/1C1V8Gv9BX\\\/?mibextid=qi2Omg\",\"@patagoniambiental\",\"https:\\\/\\\/youtube.com\\\/@patagoniaambiental2023?si=BLt58t0wuXquxlYZ\"]}]}<\/script>\n<!-- \/ Yoast SEO Premium plugin. -->","yoast_head_json":{"title":"En Neuqu\u00e9n ya se implementa la separaci\u00f3n de residuos en origen","robots":{"index":"index","follow":"follow","max-snippet":"max-snippet:-1","max-image-preview":"max-image-preview:large","max-video-preview":"max-video-preview:-1"},"canonical":"https:\/\/patagoniambiental.com.ar\/info\/en-neuquen-ya-se-implementa-la-separacion-de-residuos-en-origen\/","og_locale":"es_ES","og_type":"article","og_title":"En Neuqu\u00e9n ya se implementa la separaci\u00f3n de residuos en origen","og_description":"Desde el lunes 4\u00a0rige en la ciudad la implementaci\u00f3n de la separaci\u00f3n de residuos en origen que posteriormente ser\u00e1n tratados [&hellip;]","og_url":"https:\/\/patagoniambiental.com.ar\/info\/en-neuquen-ya-se-implementa-la-separacion-de-residuos-en-origen\/","og_site_name":"Patagonia Ambiental","article_publisher":"https:\/\/www.facebook.com\/patagonia.ambiental","article_author":"https:\/\/www.facebook.com\/share\/1C1V8Gv9BX\/?mibextid=qi2Omg","article_published_time":"2016-01-05T12:14:43+00:00","author":"Patagonia Ambiental","twitter_card":"summary_large_image","twitter_creator":"@PatAmb","twitter_site":"@PatAmb","schema":{"@context":"https:\/\/schema.org","@graph":[{"@type":"Article","@id":"https:\/\/patagoniambiental.com.ar\/info\/en-neuquen-ya-se-implementa-la-separacion-de-residuos-en-origen\/#article","isPartOf":{"@id":"https:\/\/patagoniambiental.com.ar\/info\/en-neuquen-ya-se-implementa-la-separacion-de-residuos-en-origen\/"},"author":{"name":"Patagonia Ambiental","@id":"https:\/\/patagoniambiental.com.ar\/info\/#\/schema\/person\/db12bff64bbcbf6a253710bf0ea37b5d"},"headline":"En Neuqu\u00e9n ya se implementa la separaci\u00f3n de residuos en origen","datePublished":"2016-01-05T12:14:43+00:00","mainEntityOfPage":{"@id":"https:\/\/patagoniambiental.com.ar\/info\/en-neuquen-ya-se-implementa-la-separacion-de-residuos-en-origen\/"},"wordCount":711,"publisher":{"@id":"https:\/\/patagoniambiental.com.ar\/info\/#organization"},"articleSection":["Noticias"],"inLanguage":"es"},{"@type":"WebPage","@id":"https:\/\/patagoniambiental.com.ar\/info\/en-neuquen-ya-se-implementa-la-separacion-de-residuos-en-origen\/","url":"https:\/\/patagoniambiental.com.ar\/info\/en-neuquen-ya-se-implementa-la-separacion-de-residuos-en-origen\/","name":"En Neuqu\u00e9n ya se implementa la separaci\u00f3n de residuos en origen","isPartOf":{"@id":"https:\/\/patagoniambiental.com.ar\/info\/#website"},"datePublished":"2016-01-05T12:14:43+00:00","breadcrumb":{"@id":"https:\/\/patagoniambiental.com.ar\/info\/en-neuquen-ya-se-implementa-la-separacion-de-residuos-en-origen\/#breadcrumb"},"inLanguage":"es","potentialAction":[{"@type":"ReadAction","target":["https:\/\/patagoniambiental.com.ar\/info\/en-neuquen-ya-se-implementa-la-separacion-de-residuos-en-origen\/"]}]},{"@type":"BreadcrumbList","@id":"https:\/\/patagoniambiental.com.ar\/info\/en-neuquen-ya-se-implementa-la-separacion-de-residuos-en-origen\/#breadcrumb","itemListElement":[{"@type":"ListItem","position":1,"name":"Inicio","item":"https:\/\/patagoniambiental.com.ar\/info\/"},{"@type":"ListItem","position":2,"name":"En Neuqu\u00e9n ya se implementa la separaci\u00f3n de residuos en origen"}]},{"@type":"WebSite","@id":"https:\/\/patagoniambiental.com.ar\/info\/#website","url":"https:\/\/patagoniambiental.com.ar\/info\/","name":"Patagonia Ambiental","description":"Monitoreo y an\u00e1lisis de la situaci\u00f3n geopol\u00edtica en el mundo y su implicancia en la Patagonia","publisher":{"@id":"https:\/\/patagoniambiental.com.ar\/info\/#organization"},"potentialAction":[{"@type":"SearchAction","target":{"@type":"EntryPoint","urlTemplate":"https:\/\/patagoniambiental.com.ar\/info\/?s={search_term_string}"},"query-input":{"@type":"PropertyValueSpecification","valueRequired":true,"valueName":"search_term_string"}}],"inLanguage":"es"},{"@type":"Organization","@id":"https:\/\/patagoniambiental.com.ar\/info\/#organization","name":"Patagonia Ambiental","url":"https:\/\/patagoniambiental.com.ar\/info\/","logo":{"@type":"ImageObject","inLanguage":"es","@id":"https:\/\/patagoniambiental.com.ar\/info\/#\/schema\/logo\/image\/","url":"https:\/\/patagoniambiental.com.ar\/info\/wp-content\/uploads\/2025\/05\/LOGO-PATAGONIA-AMBIENTAL.png","contentUrl":"https:\/\/patagoniambiental.com.ar\/info\/wp-content\/uploads\/2025\/05\/LOGO-PATAGONIA-AMBIENTAL.png","width":433,"height":250,"caption":"Patagonia Ambiental"},"image":{"@id":"https:\/\/patagoniambiental.com.ar\/info\/#\/schema\/logo\/image\/"},"sameAs":["https:\/\/www.facebook.com\/patagonia.ambiental","https:\/\/x.com\/PatAmb"]},{"@type":"Person","@id":"https:\/\/patagoniambiental.com.ar\/info\/#\/schema\/person\/db12bff64bbcbf6a253710bf0ea37b5d","name":"Patagonia Ambiental","description":"Andr\u00e9s Nievas T\u00e9cnico en manejo ambiental, consultor Ambiental y escritor para medios locales e internacionales sobre temas de geopolitica y medio ambiente.","sameAs":["http:\/\/www.patagoniambiental.com.ar","https:\/\/www.facebook.com\/share\/1C1V8Gv9BX\/?mibextid=qi2Omg","@patagoniambiental","https:\/\/youtube.com\/@patagoniaambiental2023?si=BLt58t0wuXquxlYZ"]}]}},"_links":{"self":[{"href":"https:\/\/patagoniambiental.com.ar\/info\/wp-json\/wp\/v2\/posts\/16267","targetHints":{"allow":["GET"]}}],"collection":[{"href":"https:\/\/patagoniambiental.com.ar\/info\/wp-json\/wp\/v2\/posts"}],"about":[{"href":"https:\/\/patagoniambiental.com.ar\/info\/wp-json\/wp\/v2\/types\/post"}],"author":[{"embeddable":true,"href":"https:\/\/patagoniambiental.com.ar\/info\/wp-json\/wp\/v2\/users\/2"}],"replies":[{"embeddable":true,"href":"https:\/\/patagoniambiental.com.ar\/info\/wp-json\/wp\/v2\/comments?post=16267"}],"version-history":[{"count":0,"href":"https:\/\/patagoniambiental.com.ar\/info\/wp-json\/wp\/v2\/posts\/16267\/revisions"}],"wp:attachment":[{"href":"https:\/\/patagoniambiental.com.ar\/info\/wp-json\/wp\/v2\/media?parent=16267"}],"wp:term":[{"taxonomy":"category","embeddable":true,"href":"https:\/\/patagoniambiental.com.ar\/info\/wp-json\/wp\/v2\/categories?post=16267"},{"taxonomy":"post_tag","embeddable":true,"href":"https:\/\/patagoniambiental.com.ar\/info\/wp-json\/wp\/v2\/tags?post=16267"}],"curies":[{"name":"wp","href":"https:\/\/api.w.org\/{rel}","templated":true}]}}