{"id":16304,"date":"2016-01-11T09:16:53","date_gmt":"2016-01-11T12:16:53","guid":{"rendered":"http:\/\/patagoniambiental.com.ar\/?p=16304"},"modified":"2016-01-11T09:16:53","modified_gmt":"2016-01-11T12:16:53","slug":"accion-judicial-para-detener-obra-ilegal-en-acantilado-de-la-costa","status":"publish","type":"post","link":"https:\/\/patagoniambiental.com.ar\/info\/accion-judicial-para-detener-obra-ilegal-en-acantilado-de-la-costa\/","title":{"rendered":"Acci\u00f3n judicial para detener obra ilegal en acantilado de la costa"},"content":{"rendered":"<p align=\"JUSTIFY\"><b><\/b><span style=\"font-family: Asap;\"><span style=\"font-size: large;\"><span lang=\"es-ES\">El Gobierno de R\u00edo Negro, por intermedio del Fiscal de Estado, promovi\u00f3 una acci\u00f3n de amparo ambiental por ante el juez del Superior Tribunal de Justicia, Sergio Barotto, a los fines que \u00e9ste<\/span><\/span><\/span><span style=\"font-family: Asap;\"><span style=\"font-size: large;\"><span lang=\"es-ES\"> ordene el cese de las acciones generadoras del da\u00f1o ambiental provocadas por la ejecuci\u00f3n de una obra sobre el acantilado de la costa rionegrina, consistente en una bajada a la playa.<\/span><\/span><\/span><\/p>\n<p lang=\"es-ES\" align=\"JUSTIFY\"><span style=\"font-family: Asap;\"><span style=\"font-size: large;\">La presentaci\u00f3n, realizada con el patrocinio letrado de los abogados Gustavo Bronzetti y Valeria Coronel, da cuenta que esta obra ejecutada por un particular carece de autorizaci\u00f3n administrativa alguna para ello, habiendo sido rechazada desde \u00e1reas t\u00e9cnicas provinciales por el impacto ambiental que la intervenci\u00f3n del hombre puede provocar en perjuicio de la colonia de lobos marinos, aves que anidan en el lugar, en la flora aut\u00f3ctona existente y en la estabilidad misma del acantilado.<\/span><\/span><\/p>\n<p align=\"JUSTIFY\"><span style=\"font-family: Asap;\"><span style=\"font-size: large;\"><span lang=\"es-ES\">Por ello, gracias al r\u00e1pido accionar de la Secretar\u00eda de Ambiente y Desarrollo Sustentable, se pudo constatar que la ilegal obra est\u00e1 siendo ejecutada en un predio rural ubicado entre la Ruta Provincial N\u00b0 1 y el acantilado costero denominado \u201cCantera Garc\u00eda\u201d, a unos a escasos 4,5 km del Centro de Interpretaci\u00f3n del \u00c1rea Natural Protegida \u201cPunta Bermeja\u201d.<\/span><\/span><\/span><\/p>\n<p lang=\"es-ES\" align=\"JUSTIFY\"><span style=\"font-family: Asap;\"><span style=\"font-size: large;\">Conforme ha sido constatado, utilizando maquinaria vial de gran tama\u00f1o, se ha desmontado una importante secci\u00f3n del predio, ejecutando importantes movimientos de suelo (25.000 m3 aprox.), se movieron m\u00e9danos, llegando incluso a derribar parte del acantilado. Todo ello constituye un da\u00f1o ambiental concreto y muy grave, haciendo necesaria la intervenci\u00f3n del Poder Judicial quien de inmediato ha ordenado medida cautelar a los fines de impedir el agravamiento del da\u00f1o perpetrado. Esto sin perjuicio de la eventual demanda por remediaci\u00f3n y\/o da\u00f1os y perjuicios, y las sanciones que pudieren corresponder por infracciones a distintas normas.<\/span><\/span><\/p>\n<p align=\"JUSTIFY\"><span style=\"font-family: Asap;\"><span style=\"font-size: large;\"><span lang=\"es-ES\">L<\/span><\/span><\/span><span style=\"font-family: Asap;\"><span style=\"font-size: large;\"><span lang=\"es-ES\">a acci\u00f3n judicial de la Fiscal\u00eda de Estado ha sido consensuada con el Municipio de Viedma en reuniones de trabajo efectuadas conjuntamente con las autoridades provinciales para abordar esta situaci\u00f3n.<\/span><\/span><\/span><\/p>\n","protected":false},"excerpt":{"rendered":"<p>El Gobierno de R\u00edo Negro, por intermedio del Fiscal de Estado, promovi\u00f3 una acci\u00f3n de amparo ambiental por ante el [&hellip;]<\/p>\n","protected":false},"author":2,"featured_media":0,"comment_status":"closed","ping_status":"closed","sticky":false,"template":"","format":"standard","meta":{"site-sidebar-layout":"default","site-content-layout":"","ast-site-content-layout":"default","site-content-style":"default","site-sidebar-style":"default","ast-global-header-display":"","ast-banner-title-visibility":"","ast-main-header-display":"","ast-hfb-above-header-display":"","ast-hfb-below-header-display":"","ast-hfb-mobile-header-display":"","site-post-title":"","ast-breadcrumbs-content":"","ast-featured-img":"","footer-sml-layout":"","ast-disable-related-posts":"","theme-transparent-header-meta":"","adv-header-id-meta":"","stick-header-meta":"","header-above-stick-meta":"","header-main-stick-meta":"","header-below-stick-meta":"","astra-migrate-meta-layouts":"default","ast-page-background-enabled":"default","ast-page-background-meta":{"desktop":{"background-color":"var(--ast-global-color-5)","background-image":"","background-repeat":"repeat","background-position":"center center","background-size":"auto","background-attachment":"scroll","background-type":"","background-media":"","overlay-type":"","overlay-color":"","overlay-opacity":"","overlay-gradient":""},"tablet":{"background-color":"","background-image":"","background-repeat":"repeat","background-position":"center center","background-size":"auto","background-attachment":"scroll","background-type":"","background-media":"","overlay-type":"","overlay-color":"","overlay-opacity":"","overlay-gradient":""},"mobile":{"background-color":"","background-image":"","background-repeat":"repeat","background-position":"center center","background-size":"auto","background-attachment":"scroll","background-type":"","background-media":"","overlay-type":"","overlay-color":"","overlay-opacity":"","overlay-gradient":""}},"ast-content-background-meta":{"desktop":{"background-color":"var(--ast-global-color-4)","background-image":"","background-repeat":"repeat","background-position":"center center","background-size":"auto","background-attachment":"scroll","background-type":"","background-media":"","overlay-type":"","overlay-color":"","overlay-opacity":"","overlay-gradient":""},"tablet":{"background-color":"var(--ast-global-color-4)","background-image":"","background-repeat":"repeat","background-position":"center center","background-size":"auto","background-attachment":"scroll","background-type":"","background-media":"","overlay-type":"","overlay-color":"","overlay-opacity":"","overlay-gradient":""},"mobile":{"background-color":"var(--ast-global-color-4)","background-image":"","background-repeat":"repeat","background-position":"center center","background-size":"auto","background-attachment":"scroll","background-type":"","background-media":"","overlay-type":"","overlay-color":"","overlay-opacity":"","overlay-gradient":""}},"footnotes":""},"categories":[1],"tags":[],"class_list":["post-16304","post","type-post","status-publish","format-standard","hentry","category-noticias"],"yoast_head":"<!-- This site is optimized with the Yoast SEO Premium plugin v23.0 (Yoast SEO v27.5) - https:\/\/yoast.com\/product\/yoast-seo-premium-wordpress\/ -->\n<title>Acci\u00f3n judicial para detener obra ilegal en acantilado de la costa<\/title>\n<meta name=\"robots\" content=\"index, follow, max-snippet:-1, max-image-preview:large, max-video-preview:-1\" \/>\n<link rel=\"canonical\" href=\"https:\/\/patagoniambiental.com.ar\/info\/accion-judicial-para-detener-obra-ilegal-en-acantilado-de-la-costa\/\" \/>\n<meta property=\"og:locale\" content=\"es_ES\" \/>\n<meta property=\"og:type\" content=\"article\" \/>\n<meta property=\"og:title\" content=\"Acci\u00f3n judicial para detener obra ilegal en acantilado de la costa\" \/>\n<meta property=\"og:description\" content=\"El Gobierno de R\u00edo Negro, por intermedio del Fiscal de Estado, promovi\u00f3 una acci\u00f3n de amparo ambiental por ante el [&hellip;]\" \/>\n<meta property=\"og:url\" content=\"https:\/\/patagoniambiental.com.ar\/info\/accion-judicial-para-detener-obra-ilegal-en-acantilado-de-la-costa\/\" \/>\n<meta property=\"og:site_name\" content=\"Patagonia Ambiental\" \/>\n<meta property=\"article:publisher\" content=\"https:\/\/www.facebook.com\/patagonia.ambiental\" \/>\n<meta property=\"article:author\" content=\"https:\/\/www.facebook.com\/share\/1C1V8Gv9BX\/?mibextid=qi2Omg\" \/>\n<meta property=\"article:published_time\" content=\"2016-01-11T12:16:53+00:00\" \/>\n<meta name=\"author\" content=\"Patagonia Ambiental\" \/>\n<meta name=\"twitter:card\" content=\"summary_large_image\" \/>\n<meta name=\"twitter:creator\" content=\"@PatAmb\" \/>\n<meta name=\"twitter:site\" content=\"@PatAmb\" \/>\n<script type=\"application\/ld+json\" class=\"yoast-schema-graph\">{\"@context\":\"https:\\\/\\\/schema.org\",\"@graph\":[{\"@type\":\"Article\",\"@id\":\"https:\\\/\\\/patagoniambiental.com.ar\\\/info\\\/accion-judicial-para-detener-obra-ilegal-en-acantilado-de-la-costa\\\/#article\",\"isPartOf\":{\"@id\":\"https:\\\/\\\/patagoniambiental.com.ar\\\/info\\\/accion-judicial-para-detener-obra-ilegal-en-acantilado-de-la-costa\\\/\"},\"author\":{\"name\":\"Patagonia Ambiental\",\"@id\":\"https:\\\/\\\/patagoniambiental.com.ar\\\/info\\\/#\\\/schema\\\/person\\\/db12bff64bbcbf6a253710bf0ea37b5d\"},\"headline\":\"Acci\u00f3n judicial para detener obra ilegal en acantilado de la costa\",\"datePublished\":\"2016-01-11T12:16:53+00:00\",\"mainEntityOfPage\":{\"@id\":\"https:\\\/\\\/patagoniambiental.com.ar\\\/info\\\/accion-judicial-para-detener-obra-ilegal-en-acantilado-de-la-costa\\\/\"},\"wordCount\":356,\"publisher\":{\"@id\":\"https:\\\/\\\/patagoniambiental.com.ar\\\/info\\\/#organization\"},\"articleSection\":[\"Noticias\"],\"inLanguage\":\"es\"},{\"@type\":\"WebPage\",\"@id\":\"https:\\\/\\\/patagoniambiental.com.ar\\\/info\\\/accion-judicial-para-detener-obra-ilegal-en-acantilado-de-la-costa\\\/\",\"url\":\"https:\\\/\\\/patagoniambiental.com.ar\\\/info\\\/accion-judicial-para-detener-obra-ilegal-en-acantilado-de-la-costa\\\/\",\"name\":\"Acci\u00f3n judicial para detener obra ilegal en acantilado de la costa\",\"isPartOf\":{\"@id\":\"https:\\\/\\\/patagoniambiental.com.ar\\\/info\\\/#website\"},\"datePublished\":\"2016-01-11T12:16:53+00:00\",\"breadcrumb\":{\"@id\":\"https:\\\/\\\/patagoniambiental.com.ar\\\/info\\\/accion-judicial-para-detener-obra-ilegal-en-acantilado-de-la-costa\\\/#breadcrumb\"},\"inLanguage\":\"es\",\"potentialAction\":[{\"@type\":\"ReadAction\",\"target\":[\"https:\\\/\\\/patagoniambiental.com.ar\\\/info\\\/accion-judicial-para-detener-obra-ilegal-en-acantilado-de-la-costa\\\/\"]}]},{\"@type\":\"BreadcrumbList\",\"@id\":\"https:\\\/\\\/patagoniambiental.com.ar\\\/info\\\/accion-judicial-para-detener-obra-ilegal-en-acantilado-de-la-costa\\\/#breadcrumb\",\"itemListElement\":[{\"@type\":\"ListItem\",\"position\":1,\"name\":\"Inicio\",\"item\":\"https:\\\/\\\/patagoniambiental.com.ar\\\/info\\\/\"},{\"@type\":\"ListItem\",\"position\":2,\"name\":\"Acci\u00f3n judicial para detener obra ilegal en acantilado de la costa\"}]},{\"@type\":\"WebSite\",\"@id\":\"https:\\\/\\\/patagoniambiental.com.ar\\\/info\\\/#website\",\"url\":\"https:\\\/\\\/patagoniambiental.com.ar\\\/info\\\/\",\"name\":\"Patagonia Ambiental\",\"description\":\"Monitoreo y an\u00e1lisis de la situaci\u00f3n geopol\u00edtica en el mundo y su implicancia en la Patagonia\",\"publisher\":{\"@id\":\"https:\\\/\\\/patagoniambiental.com.ar\\\/info\\\/#organization\"},\"potentialAction\":[{\"@type\":\"SearchAction\",\"target\":{\"@type\":\"EntryPoint\",\"urlTemplate\":\"https:\\\/\\\/patagoniambiental.com.ar\\\/info\\\/?s={search_term_string}\"},\"query-input\":{\"@type\":\"PropertyValueSpecification\",\"valueRequired\":true,\"valueName\":\"search_term_string\"}}],\"inLanguage\":\"es\"},{\"@type\":\"Organization\",\"@id\":\"https:\\\/\\\/patagoniambiental.com.ar\\\/info\\\/#organization\",\"name\":\"Patagonia Ambiental\",\"url\":\"https:\\\/\\\/patagoniambiental.com.ar\\\/info\\\/\",\"logo\":{\"@type\":\"ImageObject\",\"inLanguage\":\"es\",\"@id\":\"https:\\\/\\\/patagoniambiental.com.ar\\\/info\\\/#\\\/schema\\\/logo\\\/image\\\/\",\"url\":\"https:\\\/\\\/patagoniambiental.com.ar\\\/info\\\/wp-content\\\/uploads\\\/2025\\\/05\\\/LOGO-PATAGONIA-AMBIENTAL.png\",\"contentUrl\":\"https:\\\/\\\/patagoniambiental.com.ar\\\/info\\\/wp-content\\\/uploads\\\/2025\\\/05\\\/LOGO-PATAGONIA-AMBIENTAL.png\",\"width\":433,\"height\":250,\"caption\":\"Patagonia Ambiental\"},\"image\":{\"@id\":\"https:\\\/\\\/patagoniambiental.com.ar\\\/info\\\/#\\\/schema\\\/logo\\\/image\\\/\"},\"sameAs\":[\"https:\\\/\\\/www.facebook.com\\\/patagonia.ambiental\",\"https:\\\/\\\/x.com\\\/PatAmb\"]},{\"@type\":\"Person\",\"@id\":\"https:\\\/\\\/patagoniambiental.com.ar\\\/info\\\/#\\\/schema\\\/person\\\/db12bff64bbcbf6a253710bf0ea37b5d\",\"name\":\"Patagonia Ambiental\",\"description\":\"Andr\u00e9s Nievas T\u00e9cnico en manejo ambiental, consultor Ambiental y escritor para medios locales e internacionales sobre temas de geopolitica y medio ambiente.\",\"sameAs\":[\"http:\\\/\\\/www.patagoniambiental.com.ar\",\"https:\\\/\\\/www.facebook.com\\\/share\\\/1C1V8Gv9BX\\\/?mibextid=qi2Omg\",\"@patagoniambiental\",\"https:\\\/\\\/youtube.com\\\/@patagoniaambiental2023?si=BLt58t0wuXquxlYZ\"]}]}<\/script>\n<!-- \/ Yoast SEO Premium plugin. -->","yoast_head_json":{"title":"Acci\u00f3n judicial para detener obra ilegal en acantilado de la costa","robots":{"index":"index","follow":"follow","max-snippet":"max-snippet:-1","max-image-preview":"max-image-preview:large","max-video-preview":"max-video-preview:-1"},"canonical":"https:\/\/patagoniambiental.com.ar\/info\/accion-judicial-para-detener-obra-ilegal-en-acantilado-de-la-costa\/","og_locale":"es_ES","og_type":"article","og_title":"Acci\u00f3n judicial para detener obra ilegal en acantilado de la costa","og_description":"El Gobierno de R\u00edo Negro, por intermedio del Fiscal de Estado, promovi\u00f3 una acci\u00f3n de amparo ambiental por ante el [&hellip;]","og_url":"https:\/\/patagoniambiental.com.ar\/info\/accion-judicial-para-detener-obra-ilegal-en-acantilado-de-la-costa\/","og_site_name":"Patagonia Ambiental","article_publisher":"https:\/\/www.facebook.com\/patagonia.ambiental","article_author":"https:\/\/www.facebook.com\/share\/1C1V8Gv9BX\/?mibextid=qi2Omg","article_published_time":"2016-01-11T12:16:53+00:00","author":"Patagonia Ambiental","twitter_card":"summary_large_image","twitter_creator":"@PatAmb","twitter_site":"@PatAmb","schema":{"@context":"https:\/\/schema.org","@graph":[{"@type":"Article","@id":"https:\/\/patagoniambiental.com.ar\/info\/accion-judicial-para-detener-obra-ilegal-en-acantilado-de-la-costa\/#article","isPartOf":{"@id":"https:\/\/patagoniambiental.com.ar\/info\/accion-judicial-para-detener-obra-ilegal-en-acantilado-de-la-costa\/"},"author":{"name":"Patagonia Ambiental","@id":"https:\/\/patagoniambiental.com.ar\/info\/#\/schema\/person\/db12bff64bbcbf6a253710bf0ea37b5d"},"headline":"Acci\u00f3n judicial para detener obra ilegal en acantilado de la costa","datePublished":"2016-01-11T12:16:53+00:00","mainEntityOfPage":{"@id":"https:\/\/patagoniambiental.com.ar\/info\/accion-judicial-para-detener-obra-ilegal-en-acantilado-de-la-costa\/"},"wordCount":356,"publisher":{"@id":"https:\/\/patagoniambiental.com.ar\/info\/#organization"},"articleSection":["Noticias"],"inLanguage":"es"},{"@type":"WebPage","@id":"https:\/\/patagoniambiental.com.ar\/info\/accion-judicial-para-detener-obra-ilegal-en-acantilado-de-la-costa\/","url":"https:\/\/patagoniambiental.com.ar\/info\/accion-judicial-para-detener-obra-ilegal-en-acantilado-de-la-costa\/","name":"Acci\u00f3n judicial para detener obra ilegal en acantilado de la costa","isPartOf":{"@id":"https:\/\/patagoniambiental.com.ar\/info\/#website"},"datePublished":"2016-01-11T12:16:53+00:00","breadcrumb":{"@id":"https:\/\/patagoniambiental.com.ar\/info\/accion-judicial-para-detener-obra-ilegal-en-acantilado-de-la-costa\/#breadcrumb"},"inLanguage":"es","potentialAction":[{"@type":"ReadAction","target":["https:\/\/patagoniambiental.com.ar\/info\/accion-judicial-para-detener-obra-ilegal-en-acantilado-de-la-costa\/"]}]},{"@type":"BreadcrumbList","@id":"https:\/\/patagoniambiental.com.ar\/info\/accion-judicial-para-detener-obra-ilegal-en-acantilado-de-la-costa\/#breadcrumb","itemListElement":[{"@type":"ListItem","position":1,"name":"Inicio","item":"https:\/\/patagoniambiental.com.ar\/info\/"},{"@type":"ListItem","position":2,"name":"Acci\u00f3n judicial para detener obra ilegal en acantilado de la costa"}]},{"@type":"WebSite","@id":"https:\/\/patagoniambiental.com.ar\/info\/#website","url":"https:\/\/patagoniambiental.com.ar\/info\/","name":"Patagonia Ambiental","description":"Monitoreo y an\u00e1lisis de la situaci\u00f3n geopol\u00edtica en el mundo y su implicancia en la Patagonia","publisher":{"@id":"https:\/\/patagoniambiental.com.ar\/info\/#organization"},"potentialAction":[{"@type":"SearchAction","target":{"@type":"EntryPoint","urlTemplate":"https:\/\/patagoniambiental.com.ar\/info\/?s={search_term_string}"},"query-input":{"@type":"PropertyValueSpecification","valueRequired":true,"valueName":"search_term_string"}}],"inLanguage":"es"},{"@type":"Organization","@id":"https:\/\/patagoniambiental.com.ar\/info\/#organization","name":"Patagonia Ambiental","url":"https:\/\/patagoniambiental.com.ar\/info\/","logo":{"@type":"ImageObject","inLanguage":"es","@id":"https:\/\/patagoniambiental.com.ar\/info\/#\/schema\/logo\/image\/","url":"https:\/\/patagoniambiental.com.ar\/info\/wp-content\/uploads\/2025\/05\/LOGO-PATAGONIA-AMBIENTAL.png","contentUrl":"https:\/\/patagoniambiental.com.ar\/info\/wp-content\/uploads\/2025\/05\/LOGO-PATAGONIA-AMBIENTAL.png","width":433,"height":250,"caption":"Patagonia Ambiental"},"image":{"@id":"https:\/\/patagoniambiental.com.ar\/info\/#\/schema\/logo\/image\/"},"sameAs":["https:\/\/www.facebook.com\/patagonia.ambiental","https:\/\/x.com\/PatAmb"]},{"@type":"Person","@id":"https:\/\/patagoniambiental.com.ar\/info\/#\/schema\/person\/db12bff64bbcbf6a253710bf0ea37b5d","name":"Patagonia Ambiental","description":"Andr\u00e9s Nievas T\u00e9cnico en manejo ambiental, consultor Ambiental y escritor para medios locales e internacionales sobre temas de geopolitica y medio ambiente.","sameAs":["http:\/\/www.patagoniambiental.com.ar","https:\/\/www.facebook.com\/share\/1C1V8Gv9BX\/?mibextid=qi2Omg","@patagoniambiental","https:\/\/youtube.com\/@patagoniaambiental2023?si=BLt58t0wuXquxlYZ"]}]}},"_links":{"self":[{"href":"https:\/\/patagoniambiental.com.ar\/info\/wp-json\/wp\/v2\/posts\/16304","targetHints":{"allow":["GET"]}}],"collection":[{"href":"https:\/\/patagoniambiental.com.ar\/info\/wp-json\/wp\/v2\/posts"}],"about":[{"href":"https:\/\/patagoniambiental.com.ar\/info\/wp-json\/wp\/v2\/types\/post"}],"author":[{"embeddable":true,"href":"https:\/\/patagoniambiental.com.ar\/info\/wp-json\/wp\/v2\/users\/2"}],"replies":[{"embeddable":true,"href":"https:\/\/patagoniambiental.com.ar\/info\/wp-json\/wp\/v2\/comments?post=16304"}],"version-history":[{"count":0,"href":"https:\/\/patagoniambiental.com.ar\/info\/wp-json\/wp\/v2\/posts\/16304\/revisions"}],"wp:attachment":[{"href":"https:\/\/patagoniambiental.com.ar\/info\/wp-json\/wp\/v2\/media?parent=16304"}],"wp:term":[{"taxonomy":"category","embeddable":true,"href":"https:\/\/patagoniambiental.com.ar\/info\/wp-json\/wp\/v2\/categories?post=16304"},{"taxonomy":"post_tag","embeddable":true,"href":"https:\/\/patagoniambiental.com.ar\/info\/wp-json\/wp\/v2\/tags?post=16304"}],"curies":[{"name":"wp","href":"https:\/\/api.w.org\/{rel}","templated":true}]}}