{"id":16307,"date":"2016-01-11T09:22:20","date_gmt":"2016-01-11T12:22:20","guid":{"rendered":"http:\/\/patagoniambiental.com.ar\/?p=16307"},"modified":"2016-01-11T09:22:20","modified_gmt":"2016-01-11T12:22:20","slug":"chubut-ambiente-y-salud-trabajaran-juntos-en-el-monitoreo-del-rio-chubut-y-playas-de-la-zona","status":"publish","type":"post","link":"https:\/\/patagoniambiental.com.ar\/info\/chubut-ambiente-y-salud-trabajaran-juntos-en-el-monitoreo-del-rio-chubut-y-playas-de-la-zona\/","title":{"rendered":"Chubut: Ambiente y Salud trabajar\u00e1n juntos en el monitoreo del r\u00edo Chubut y playas de la zona"},"content":{"rendered":"<p>Lo acordaron los ministros de ambos organismos al visitar el Laboratorio Provincial de Salud Ambiental que funciona en Trelew y que concentrar\u00e1 la mayor parte de los an\u00e1lisis y controles para establecer la calidad del agua.<span id=\"more-36577\"><\/span><\/p>\n<p>Los ministros de Ambiente y Control del Desarrollo Sustentable, Ignacio Agulleiro, y de Salud, Leandro Gonz\u00e1lez, encabezaron una reuni\u00f3n que tuvo por objetivo coordinar el trabajo de ambos Ministerios para el monitoreo de la calidad del agua del r\u00edo Chubut y las playas y los balnearios de la provincia, que especialmente en esta \u00e9poca del a\u00f1o son utilizados por la poblaci\u00f3n con fines recreativos.<\/p>\n<p>El encuentro tuvo lugar por la ma\u00f1ana en el Laboratorio Provincial de Salud Ambiental, que depende del Ministerio de Salud, donde adem\u00e1s realizaron una recorrida dialogando con los profesionales que se desempe\u00f1an all\u00ed. Junto a ellos estuvieron tambi\u00e9n la subsecretaria de Gesti\u00f3n Ambiental, Mariana Vega y la directora del Laboratorio Ambiental, Carol Landa, por parte del Ministerio de Ambiente; y el subsecretario de Gesti\u00f3n Institucional, Jos\u00e9 Luis Almada, el director provincial de Salud Ambiental, Ren\u00e9 Flores, y el jefe del Laboratorio de Salud Ambiental, Germ\u00e1n Marino, por parte de la cartera sanitaria.<\/p>\n<p>Agulleiro indic\u00f3 que \u201cdesde el Ministerio de Ambiente vamos a intensificar los muestreos en el r\u00edo Chubut, sobre todo en el tramo que recorre el Valle Inferior, y tambi\u00e9n en los balnearios de la provincia. Estos muestreos \u2013agreg\u00f3- son m\u00e1s que nada para estimar componentes bacteriol\u00f3gicos que hacen a la calidad del agua, justamente para tener una caracterizaci\u00f3n del r\u00edo y tambi\u00e9n para saber las condiciones en que est\u00e1n las playas de la provincia, tanto las de esta zona como las del sur y tambi\u00e9n la cordillera, donde hay algunos balnearios como por ejemplo la laguna La Zeta\u201d, explic\u00f3.<\/p>\n<p>Con respecto a la modalidad de trabajo que se implementar\u00e1 con el Ministerio de Salud, a trav\u00e9s de su Laboratorio de Salud Ambiental, Agulleiro explic\u00f3 que \u201cen este momento estamos analizando entre las \u00e1reas cu\u00e1les son nuestras capacidades\u201d, y precis\u00f3 que desde el Ministerio de Ambiente \u201cofrecimos alg\u00fan recurso humano e insumos que se podr\u00edan aportar para sumar. La idea, ahora, es generar un convenio entre ambos organismos para empezar a trabajar ya de manera firme\u201d, agreg\u00f3 el ministro de Ambiente, quien destac\u00f3 la importancia del laboratorio: \u201cNos parece que es un laboratorio de mucha calidad, que es un orgullo a nivel provincial y hay que tratar de aprovecharlo al m\u00e1ximo posible\u201d.<\/p>\n","protected":false},"excerpt":{"rendered":"<p>Lo acordaron los ministros de ambos organismos al visitar el Laboratorio Provincial de Salud Ambiental que funciona en Trelew y [&hellip;]<\/p>\n","protected":false},"author":2,"featured_media":0,"comment_status":"closed","ping_status":"closed","sticky":false,"template":"","format":"standard","meta":{"site-sidebar-layout":"default","site-content-layout":"","ast-site-content-layout":"default","site-content-style":"default","site-sidebar-style":"default","ast-global-header-display":"","ast-banner-title-visibility":"","ast-main-header-display":"","ast-hfb-above-header-display":"","ast-hfb-below-header-display":"","ast-hfb-mobile-header-display":"","site-post-title":"","ast-breadcrumbs-content":"","ast-featured-img":"","footer-sml-layout":"","ast-disable-related-posts":"","theme-transparent-header-meta":"","adv-header-id-meta":"","stick-header-meta":"","header-above-stick-meta":"","header-main-stick-meta":"","header-below-stick-meta":"","astra-migrate-meta-layouts":"default","ast-page-background-enabled":"default","ast-page-background-meta":{"desktop":{"background-color":"var(--ast-global-color-5)","background-image":"","background-repeat":"repeat","background-position":"center center","background-size":"auto","background-attachment":"scroll","background-type":"","background-media":"","overlay-type":"","overlay-color":"","overlay-opacity":"","overlay-gradient":""},"tablet":{"background-color":"","background-image":"","background-repeat":"repeat","background-position":"center center","background-size":"auto","background-attachment":"scroll","background-type":"","background-media":"","overlay-type":"","overlay-color":"","overlay-opacity":"","overlay-gradient":""},"mobile":{"background-color":"","background-image":"","background-repeat":"repeat","background-position":"center center","background-size":"auto","background-attachment":"scroll","background-type":"","background-media":"","overlay-type":"","overlay-color":"","overlay-opacity":"","overlay-gradient":""}},"ast-content-background-meta":{"desktop":{"background-color":"var(--ast-global-color-4)","background-image":"","background-repeat":"repeat","background-position":"center center","background-size":"auto","background-attachment":"scroll","background-type":"","background-media":"","overlay-type":"","overlay-color":"","overlay-opacity":"","overlay-gradient":""},"tablet":{"background-color":"var(--ast-global-color-4)","background-image":"","background-repeat":"repeat","background-position":"center center","background-size":"auto","background-attachment":"scroll","background-type":"","background-media":"","overlay-type":"","overlay-color":"","overlay-opacity":"","overlay-gradient":""},"mobile":{"background-color":"var(--ast-global-color-4)","background-image":"","background-repeat":"repeat","background-position":"center center","background-size":"auto","background-attachment":"scroll","background-type":"","background-media":"","overlay-type":"","overlay-color":"","overlay-opacity":"","overlay-gradient":""}},"footnotes":""},"categories":[1],"tags":[],"class_list":["post-16307","post","type-post","status-publish","format-standard","hentry","category-noticias"],"yoast_head":"<!-- This site is optimized with the Yoast SEO Premium plugin v23.0 (Yoast SEO v27.5) - https:\/\/yoast.com\/product\/yoast-seo-premium-wordpress\/ -->\n<title>Chubut: Ambiente y Salud trabajar\u00e1n juntos en el monitoreo del r\u00edo Chubut y playas de la zona<\/title>\n<meta name=\"robots\" content=\"index, follow, max-snippet:-1, max-image-preview:large, max-video-preview:-1\" \/>\n<link rel=\"canonical\" href=\"https:\/\/patagoniambiental.com.ar\/info\/chubut-ambiente-y-salud-trabajaran-juntos-en-el-monitoreo-del-rio-chubut-y-playas-de-la-zona\/\" \/>\n<meta property=\"og:locale\" content=\"es_ES\" \/>\n<meta property=\"og:type\" content=\"article\" \/>\n<meta property=\"og:title\" content=\"Chubut: Ambiente y Salud trabajar\u00e1n juntos en el monitoreo del r\u00edo Chubut y playas de la zona\" \/>\n<meta property=\"og:description\" content=\"Lo acordaron los ministros de ambos organismos al visitar el Laboratorio Provincial de Salud Ambiental que funciona en Trelew y [&hellip;]\" \/>\n<meta property=\"og:url\" content=\"https:\/\/patagoniambiental.com.ar\/info\/chubut-ambiente-y-salud-trabajaran-juntos-en-el-monitoreo-del-rio-chubut-y-playas-de-la-zona\/\" \/>\n<meta property=\"og:site_name\" content=\"Patagonia Ambiental\" \/>\n<meta property=\"article:publisher\" content=\"https:\/\/www.facebook.com\/patagonia.ambiental\" \/>\n<meta property=\"article:author\" content=\"https:\/\/www.facebook.com\/share\/1C1V8Gv9BX\/?mibextid=qi2Omg\" \/>\n<meta property=\"article:published_time\" content=\"2016-01-11T12:22:20+00:00\" \/>\n<meta name=\"author\" content=\"Patagonia Ambiental\" \/>\n<meta name=\"twitter:card\" content=\"summary_large_image\" \/>\n<meta name=\"twitter:creator\" content=\"@PatAmb\" \/>\n<meta name=\"twitter:site\" content=\"@PatAmb\" \/>\n<script type=\"application\/ld+json\" class=\"yoast-schema-graph\">{\"@context\":\"https:\\\/\\\/schema.org\",\"@graph\":[{\"@type\":\"Article\",\"@id\":\"https:\\\/\\\/patagoniambiental.com.ar\\\/info\\\/chubut-ambiente-y-salud-trabajaran-juntos-en-el-monitoreo-del-rio-chubut-y-playas-de-la-zona\\\/#article\",\"isPartOf\":{\"@id\":\"https:\\\/\\\/patagoniambiental.com.ar\\\/info\\\/chubut-ambiente-y-salud-trabajaran-juntos-en-el-monitoreo-del-rio-chubut-y-playas-de-la-zona\\\/\"},\"author\":{\"name\":\"Patagonia Ambiental\",\"@id\":\"https:\\\/\\\/patagoniambiental.com.ar\\\/info\\\/#\\\/schema\\\/person\\\/db12bff64bbcbf6a253710bf0ea37b5d\"},\"headline\":\"Chubut: Ambiente y Salud trabajar\u00e1n juntos en el monitoreo del r\u00edo Chubut y playas de la zona\",\"datePublished\":\"2016-01-11T12:22:20+00:00\",\"mainEntityOfPage\":{\"@id\":\"https:\\\/\\\/patagoniambiental.com.ar\\\/info\\\/chubut-ambiente-y-salud-trabajaran-juntos-en-el-monitoreo-del-rio-chubut-y-playas-de-la-zona\\\/\"},\"wordCount\":450,\"publisher\":{\"@id\":\"https:\\\/\\\/patagoniambiental.com.ar\\\/info\\\/#organization\"},\"articleSection\":[\"Noticias\"],\"inLanguage\":\"es\"},{\"@type\":\"WebPage\",\"@id\":\"https:\\\/\\\/patagoniambiental.com.ar\\\/info\\\/chubut-ambiente-y-salud-trabajaran-juntos-en-el-monitoreo-del-rio-chubut-y-playas-de-la-zona\\\/\",\"url\":\"https:\\\/\\\/patagoniambiental.com.ar\\\/info\\\/chubut-ambiente-y-salud-trabajaran-juntos-en-el-monitoreo-del-rio-chubut-y-playas-de-la-zona\\\/\",\"name\":\"Chubut: Ambiente y Salud trabajar\u00e1n juntos en el monitoreo del r\u00edo Chubut y playas de la zona\",\"isPartOf\":{\"@id\":\"https:\\\/\\\/patagoniambiental.com.ar\\\/info\\\/#website\"},\"datePublished\":\"2016-01-11T12:22:20+00:00\",\"breadcrumb\":{\"@id\":\"https:\\\/\\\/patagoniambiental.com.ar\\\/info\\\/chubut-ambiente-y-salud-trabajaran-juntos-en-el-monitoreo-del-rio-chubut-y-playas-de-la-zona\\\/#breadcrumb\"},\"inLanguage\":\"es\",\"potentialAction\":[{\"@type\":\"ReadAction\",\"target\":[\"https:\\\/\\\/patagoniambiental.com.ar\\\/info\\\/chubut-ambiente-y-salud-trabajaran-juntos-en-el-monitoreo-del-rio-chubut-y-playas-de-la-zona\\\/\"]}]},{\"@type\":\"BreadcrumbList\",\"@id\":\"https:\\\/\\\/patagoniambiental.com.ar\\\/info\\\/chubut-ambiente-y-salud-trabajaran-juntos-en-el-monitoreo-del-rio-chubut-y-playas-de-la-zona\\\/#breadcrumb\",\"itemListElement\":[{\"@type\":\"ListItem\",\"position\":1,\"name\":\"Inicio\",\"item\":\"https:\\\/\\\/patagoniambiental.com.ar\\\/info\\\/\"},{\"@type\":\"ListItem\",\"position\":2,\"name\":\"Chubut: Ambiente y Salud trabajar\u00e1n juntos en el monitoreo del r\u00edo Chubut y playas de la zona\"}]},{\"@type\":\"WebSite\",\"@id\":\"https:\\\/\\\/patagoniambiental.com.ar\\\/info\\\/#website\",\"url\":\"https:\\\/\\\/patagoniambiental.com.ar\\\/info\\\/\",\"name\":\"Patagonia Ambiental\",\"description\":\"Monitoreo y an\u00e1lisis de la situaci\u00f3n geopol\u00edtica en el mundo y su implicancia en la Patagonia\",\"publisher\":{\"@id\":\"https:\\\/\\\/patagoniambiental.com.ar\\\/info\\\/#organization\"},\"potentialAction\":[{\"@type\":\"SearchAction\",\"target\":{\"@type\":\"EntryPoint\",\"urlTemplate\":\"https:\\\/\\\/patagoniambiental.com.ar\\\/info\\\/?s={search_term_string}\"},\"query-input\":{\"@type\":\"PropertyValueSpecification\",\"valueRequired\":true,\"valueName\":\"search_term_string\"}}],\"inLanguage\":\"es\"},{\"@type\":\"Organization\",\"@id\":\"https:\\\/\\\/patagoniambiental.com.ar\\\/info\\\/#organization\",\"name\":\"Patagonia Ambiental\",\"url\":\"https:\\\/\\\/patagoniambiental.com.ar\\\/info\\\/\",\"logo\":{\"@type\":\"ImageObject\",\"inLanguage\":\"es\",\"@id\":\"https:\\\/\\\/patagoniambiental.com.ar\\\/info\\\/#\\\/schema\\\/logo\\\/image\\\/\",\"url\":\"https:\\\/\\\/patagoniambiental.com.ar\\\/info\\\/wp-content\\\/uploads\\\/2025\\\/05\\\/LOGO-PATAGONIA-AMBIENTAL.png\",\"contentUrl\":\"https:\\\/\\\/patagoniambiental.com.ar\\\/info\\\/wp-content\\\/uploads\\\/2025\\\/05\\\/LOGO-PATAGONIA-AMBIENTAL.png\",\"width\":433,\"height\":250,\"caption\":\"Patagonia Ambiental\"},\"image\":{\"@id\":\"https:\\\/\\\/patagoniambiental.com.ar\\\/info\\\/#\\\/schema\\\/logo\\\/image\\\/\"},\"sameAs\":[\"https:\\\/\\\/www.facebook.com\\\/patagonia.ambiental\",\"https:\\\/\\\/x.com\\\/PatAmb\"]},{\"@type\":\"Person\",\"@id\":\"https:\\\/\\\/patagoniambiental.com.ar\\\/info\\\/#\\\/schema\\\/person\\\/db12bff64bbcbf6a253710bf0ea37b5d\",\"name\":\"Patagonia Ambiental\",\"description\":\"Andr\u00e9s Nievas T\u00e9cnico en manejo ambiental, consultor Ambiental y escritor para medios locales e internacionales sobre temas de geopolitica y medio ambiente.\",\"sameAs\":[\"http:\\\/\\\/www.patagoniambiental.com.ar\",\"https:\\\/\\\/www.facebook.com\\\/share\\\/1C1V8Gv9BX\\\/?mibextid=qi2Omg\",\"@patagoniambiental\",\"https:\\\/\\\/youtube.com\\\/@patagoniaambiental2023?si=BLt58t0wuXquxlYZ\"]}]}<\/script>\n<!-- \/ Yoast SEO Premium plugin. -->","yoast_head_json":{"title":"Chubut: Ambiente y Salud trabajar\u00e1n juntos en el monitoreo del r\u00edo Chubut y playas de la zona","robots":{"index":"index","follow":"follow","max-snippet":"max-snippet:-1","max-image-preview":"max-image-preview:large","max-video-preview":"max-video-preview:-1"},"canonical":"https:\/\/patagoniambiental.com.ar\/info\/chubut-ambiente-y-salud-trabajaran-juntos-en-el-monitoreo-del-rio-chubut-y-playas-de-la-zona\/","og_locale":"es_ES","og_type":"article","og_title":"Chubut: Ambiente y Salud trabajar\u00e1n juntos en el monitoreo del r\u00edo Chubut y playas de la zona","og_description":"Lo acordaron los ministros de ambos organismos al visitar el Laboratorio Provincial de Salud Ambiental que funciona en Trelew y [&hellip;]","og_url":"https:\/\/patagoniambiental.com.ar\/info\/chubut-ambiente-y-salud-trabajaran-juntos-en-el-monitoreo-del-rio-chubut-y-playas-de-la-zona\/","og_site_name":"Patagonia Ambiental","article_publisher":"https:\/\/www.facebook.com\/patagonia.ambiental","article_author":"https:\/\/www.facebook.com\/share\/1C1V8Gv9BX\/?mibextid=qi2Omg","article_published_time":"2016-01-11T12:22:20+00:00","author":"Patagonia Ambiental","twitter_card":"summary_large_image","twitter_creator":"@PatAmb","twitter_site":"@PatAmb","schema":{"@context":"https:\/\/schema.org","@graph":[{"@type":"Article","@id":"https:\/\/patagoniambiental.com.ar\/info\/chubut-ambiente-y-salud-trabajaran-juntos-en-el-monitoreo-del-rio-chubut-y-playas-de-la-zona\/#article","isPartOf":{"@id":"https:\/\/patagoniambiental.com.ar\/info\/chubut-ambiente-y-salud-trabajaran-juntos-en-el-monitoreo-del-rio-chubut-y-playas-de-la-zona\/"},"author":{"name":"Patagonia Ambiental","@id":"https:\/\/patagoniambiental.com.ar\/info\/#\/schema\/person\/db12bff64bbcbf6a253710bf0ea37b5d"},"headline":"Chubut: Ambiente y Salud trabajar\u00e1n juntos en el monitoreo del r\u00edo Chubut y playas de la zona","datePublished":"2016-01-11T12:22:20+00:00","mainEntityOfPage":{"@id":"https:\/\/patagoniambiental.com.ar\/info\/chubut-ambiente-y-salud-trabajaran-juntos-en-el-monitoreo-del-rio-chubut-y-playas-de-la-zona\/"},"wordCount":450,"publisher":{"@id":"https:\/\/patagoniambiental.com.ar\/info\/#organization"},"articleSection":["Noticias"],"inLanguage":"es"},{"@type":"WebPage","@id":"https:\/\/patagoniambiental.com.ar\/info\/chubut-ambiente-y-salud-trabajaran-juntos-en-el-monitoreo-del-rio-chubut-y-playas-de-la-zona\/","url":"https:\/\/patagoniambiental.com.ar\/info\/chubut-ambiente-y-salud-trabajaran-juntos-en-el-monitoreo-del-rio-chubut-y-playas-de-la-zona\/","name":"Chubut: Ambiente y Salud trabajar\u00e1n juntos en el monitoreo del r\u00edo Chubut y playas de la zona","isPartOf":{"@id":"https:\/\/patagoniambiental.com.ar\/info\/#website"},"datePublished":"2016-01-11T12:22:20+00:00","breadcrumb":{"@id":"https:\/\/patagoniambiental.com.ar\/info\/chubut-ambiente-y-salud-trabajaran-juntos-en-el-monitoreo-del-rio-chubut-y-playas-de-la-zona\/#breadcrumb"},"inLanguage":"es","potentialAction":[{"@type":"ReadAction","target":["https:\/\/patagoniambiental.com.ar\/info\/chubut-ambiente-y-salud-trabajaran-juntos-en-el-monitoreo-del-rio-chubut-y-playas-de-la-zona\/"]}]},{"@type":"BreadcrumbList","@id":"https:\/\/patagoniambiental.com.ar\/info\/chubut-ambiente-y-salud-trabajaran-juntos-en-el-monitoreo-del-rio-chubut-y-playas-de-la-zona\/#breadcrumb","itemListElement":[{"@type":"ListItem","position":1,"name":"Inicio","item":"https:\/\/patagoniambiental.com.ar\/info\/"},{"@type":"ListItem","position":2,"name":"Chubut: Ambiente y Salud trabajar\u00e1n juntos en el monitoreo del r\u00edo Chubut y playas de la zona"}]},{"@type":"WebSite","@id":"https:\/\/patagoniambiental.com.ar\/info\/#website","url":"https:\/\/patagoniambiental.com.ar\/info\/","name":"Patagonia Ambiental","description":"Monitoreo y an\u00e1lisis de la situaci\u00f3n geopol\u00edtica en el mundo y su implicancia en la Patagonia","publisher":{"@id":"https:\/\/patagoniambiental.com.ar\/info\/#organization"},"potentialAction":[{"@type":"SearchAction","target":{"@type":"EntryPoint","urlTemplate":"https:\/\/patagoniambiental.com.ar\/info\/?s={search_term_string}"},"query-input":{"@type":"PropertyValueSpecification","valueRequired":true,"valueName":"search_term_string"}}],"inLanguage":"es"},{"@type":"Organization","@id":"https:\/\/patagoniambiental.com.ar\/info\/#organization","name":"Patagonia Ambiental","url":"https:\/\/patagoniambiental.com.ar\/info\/","logo":{"@type":"ImageObject","inLanguage":"es","@id":"https:\/\/patagoniambiental.com.ar\/info\/#\/schema\/logo\/image\/","url":"https:\/\/patagoniambiental.com.ar\/info\/wp-content\/uploads\/2025\/05\/LOGO-PATAGONIA-AMBIENTAL.png","contentUrl":"https:\/\/patagoniambiental.com.ar\/info\/wp-content\/uploads\/2025\/05\/LOGO-PATAGONIA-AMBIENTAL.png","width":433,"height":250,"caption":"Patagonia Ambiental"},"image":{"@id":"https:\/\/patagoniambiental.com.ar\/info\/#\/schema\/logo\/image\/"},"sameAs":["https:\/\/www.facebook.com\/patagonia.ambiental","https:\/\/x.com\/PatAmb"]},{"@type":"Person","@id":"https:\/\/patagoniambiental.com.ar\/info\/#\/schema\/person\/db12bff64bbcbf6a253710bf0ea37b5d","name":"Patagonia Ambiental","description":"Andr\u00e9s Nievas T\u00e9cnico en manejo ambiental, consultor Ambiental y escritor para medios locales e internacionales sobre temas de geopolitica y medio ambiente.","sameAs":["http:\/\/www.patagoniambiental.com.ar","https:\/\/www.facebook.com\/share\/1C1V8Gv9BX\/?mibextid=qi2Omg","@patagoniambiental","https:\/\/youtube.com\/@patagoniaambiental2023?si=BLt58t0wuXquxlYZ"]}]}},"_links":{"self":[{"href":"https:\/\/patagoniambiental.com.ar\/info\/wp-json\/wp\/v2\/posts\/16307","targetHints":{"allow":["GET"]}}],"collection":[{"href":"https:\/\/patagoniambiental.com.ar\/info\/wp-json\/wp\/v2\/posts"}],"about":[{"href":"https:\/\/patagoniambiental.com.ar\/info\/wp-json\/wp\/v2\/types\/post"}],"author":[{"embeddable":true,"href":"https:\/\/patagoniambiental.com.ar\/info\/wp-json\/wp\/v2\/users\/2"}],"replies":[{"embeddable":true,"href":"https:\/\/patagoniambiental.com.ar\/info\/wp-json\/wp\/v2\/comments?post=16307"}],"version-history":[{"count":0,"href":"https:\/\/patagoniambiental.com.ar\/info\/wp-json\/wp\/v2\/posts\/16307\/revisions"}],"wp:attachment":[{"href":"https:\/\/patagoniambiental.com.ar\/info\/wp-json\/wp\/v2\/media?parent=16307"}],"wp:term":[{"taxonomy":"category","embeddable":true,"href":"https:\/\/patagoniambiental.com.ar\/info\/wp-json\/wp\/v2\/categories?post=16307"},{"taxonomy":"post_tag","embeddable":true,"href":"https:\/\/patagoniambiental.com.ar\/info\/wp-json\/wp\/v2\/tags?post=16307"}],"curies":[{"name":"wp","href":"https:\/\/api.w.org\/{rel}","templated":true}]}}