{"id":16310,"date":"2016-01-11T09:26:43","date_gmt":"2016-01-11T12:26:43","guid":{"rendered":"http:\/\/patagoniambiental.com.ar\/?p=16310"},"modified":"2016-01-11T09:26:43","modified_gmt":"2016-01-11T12:26:43","slug":"bariloche-convocan-a-distintas-instituciones-para-la-elaboracion-de-un-plan-de-contingencia-para-incidentes-en-el-sistema-cloacal","status":"publish","type":"post","link":"https:\/\/patagoniambiental.com.ar\/info\/bariloche-convocan-a-distintas-instituciones-para-la-elaboracion-de-un-plan-de-contingencia-para-incidentes-en-el-sistema-cloacal\/","title":{"rendered":"Bariloche: Convocan a instituciones para elaborar un plan de contingencia del sistema cloacal"},"content":{"rendered":"<div class=\"ContentRight WithRightRail FullView\" data-link=\"class{:~tag.contentRightClass(Layout.IsFullView, Layout.ReadingPaneMode)}\">\n<div class=\"ContentRightInner t_mbgc t_qtc t_urtc\">\n<div id=\"inboxControl0fv-ReadMessageContainer\" class=\"v-ReadMessageContainer slideOnResize\" tabindex=\"-1\">\n<div class=\"c-ReadMessage\" data-link=\"class{readMessageClass: ~tag.Show}\">\n<div id=\"ReadMessageScrollableSection\" class=\"rmMessages ClearBoth\" tabindex=\"-1\">\n<div class=\"rmTopSpacer rmTop\">\n<div class=\"rmButtons\"><span class=\"rmPrev\"><img decoding=\"async\" class=\"i_rm_p\" src=\"https:\/\/col126.mail.live.com\/ol\/clear.gif\" alt=\"\" data-link=\"class{prevImgClass:~tag.HasPrevious}\" \/><\/span><span class=\"rmNext\"><img decoding=\"async\" class=\"i_rm_n\" src=\"https:\/\/col126.mail.live.com\/ol\/clear.gif\" alt=\"\" data-link=\"class{nextImgClass:~tag.HasNext}\" \/><\/span><span class=\"rmClose \" data-link=\"class{closeBtnClass:~tag.layout.IsFullView}\"><img decoding=\"async\" class=\"g_close\" src=\"https:\/\/col126.mail.live.com\/ol\/clear.gif\" alt=\"\" \/><\/span><\/div>\n<p class=\"rmSubject\">\u00a0El Gobierno de R\u00edo Negro, a trav\u00e9s de varias de sus dependencias y en conjunto con el Municipio local y distintas instituciones, puso en marcha una serie de acciones tendientes a la elaboraci\u00f3n de un plan de contingencia para incidentes en el sistema cloacal de San Carlos de Bariloche y su incidencia en el lago Nahuel Huapi.<\/p>\n<\/div>\n<div id=\"readMessagePartControl627f\" class=\"c-ReadMessagePart ReadMsgContainer HasLayout ClearBoth HideShadows FullPart NoHistory Read RmIc\" data-link=\"class{:~tag.getHeaderCssClass(IsConversationPart, IsRead, IsDraft, IsTrustedSender, Items.length)}\">\n<div class=\"c-ReadMessagePartBody\" data-link=\"class{getClass:IsBodyExpanded}\">\n<div class=\"readMsgBody\">\n<div id=\"bodyreadMessagePartBodyControl632f\" class=\"ExternalClass MsgBodyContainer\" data-link=\"class{:~tag.cssClasses(PlainText, IsContentFiltered)}\">\n<p align=\"JUSTIFY\"><span style=\"font-family: Asap;\"><span style=\"font-size: large;\">En este marco, el ministro de Obras y Servicios P\u00fablicos, Carlos Valeri, encabez\u00f3 un encuentro del que participaron autoridades del Municipio de Bariloche; representantes del cuerpo de guardavidas, distintas instituciones intermedias, la Cooperativa El\u00e9ctrica de Bariloche; y el titular del Departamento Provincial de Aguas, Fernando Curetti; en el que se avanz\u00f3 en la estrategia de elaboraci\u00f3n de <\/span><\/span><span style=\"font-family: Asap;\"><span style=\"font-size: large;\">un<\/span><\/span> <span style=\"font-family: Asap;\"><span style=\"font-size: large;\">plan<\/span><\/span> <span style=\"font-family: Asap;\"><span style=\"font-size: large;\">de<\/span><\/span> <span style=\"font-family: Asap;\"><span style=\"font-size: large;\">contingencia<\/span><\/span> <span style=\"font-family: Asap;\"><span style=\"font-size: large;\">para<\/span><\/span> <span style=\"font-family: Asap;\"><span style=\"font-size: large;\">el<\/span><\/span> <span style=\"font-family: Asap;\"><span style=\"font-size: large;\">corto<\/span><\/span> <span style=\"font-family: Asap;\"><span style=\"font-size: large;\">plazo,<\/span><\/span> <span style=\"font-family: Asap;\"><span style=\"font-size: large;\">teniendo<\/span><\/span> <span style=\"font-family: Asap;\"><span style=\"font-size: large;\">en<\/span><\/span> <span style=\"font-family: Asap;\"><span style=\"font-size: large;\">cuenta<\/span><\/span> <span style=\"font-family: Asap;\"><span style=\"font-size: large;\">eventuales<\/span><\/span> <span style=\"font-family: Asap;\"><span style=\"font-size: large;\">emergencias<\/span><\/span> <span style=\"font-family: Asap;\"><span style=\"font-size: large;\">que<\/span><\/span> <span style=\"font-family: Asap;\"><span style=\"font-size: large;\">se<\/span><\/span> <span style=\"font-family: Asap;\"><span style=\"font-size: large;\">pueden<\/span><\/span> <span style=\"font-family: Asap;\"><span style=\"font-size: large;\">producir<\/span><\/span> <span style=\"font-family: Asap;\"><span style=\"font-size: large;\">en<\/span><\/span><span style=\"font-family: Asap;\"><span style=\"font-size: large;\">las<\/span><\/span> <span style=\"font-family: Asap;\"><span style=\"font-size: large;\">temporadas<\/span><\/span> <span style=\"font-family: Asap;\"><span style=\"font-size: large;\">de<\/span><\/span> <span style=\"font-family: Asap;\"><span style=\"font-size: large;\">mayor<\/span><\/span> <span style=\"font-family: Asap;\"><span style=\"font-size: large;\">afluencia<\/span><\/span> <span style=\"font-family: Asap;\"><span style=\"font-size: large;\">de<\/span><\/span> <span style=\"font-family: Asap;\"><span style=\"font-size: large;\">turista<\/span><\/span> <span style=\"font-family: Asap;\"><span style=\"font-size: large;\">y<\/span><\/span> <span style=\"font-family: Asap;\"><span style=\"font-size: large;\">dado<\/span><\/span> <span style=\"font-family: Asap;\"><span style=\"font-size: large;\">algunos<\/span><\/span> <span style=\"font-family: Asap;\"><span style=\"font-size: large;\">problemas<\/span><\/span> <span style=\"font-family: Asap;\"><span style=\"font-size: large;\">de<\/span><\/span> <span style=\"font-family: Asap;\"><span style=\"font-size: large;\">infraestructura,<\/span><\/span> <span style=\"font-family: Asap;\"><span style=\"font-size: large;\">tanto<\/span><\/span> <span style=\"font-family: Asap;\"><span style=\"font-size: large;\">en<\/span><\/span> <span style=\"font-family: Asap;\"><span style=\"font-size: large;\">la<\/span><\/span> <span style=\"font-family: Asap;\"><span style=\"font-size: large;\">Planta<\/span><\/span> <span style=\"font-family: Asap;\"><span style=\"font-size: large;\">depuradora<\/span><\/span> <span style=\"font-family: Asap;\"><span style=\"font-size: large;\">como<\/span><\/span> <span style=\"font-family: Asap;\"><span style=\"font-size: large;\">en<\/span><\/span><span style=\"font-family: Asap;\"><span style=\"font-size: large;\">la<\/span><\/span> <span style=\"font-family: Asap;\"><span style=\"font-size: large;\">redes<\/span><\/span> <span style=\"font-family: Asap;\"><span style=\"font-size: large;\">troncales<\/span><\/span> <span style=\"font-family: Asap;\"><span style=\"font-size: large;\">de<\/span><\/span> <span style=\"font-family: Asap;\"><span style=\"font-size: large;\">cloacas.<\/span><\/span><span style=\"font-family: Asap;\"><span style=\"font-size: large;\"> \u201c<\/span><\/span><span style=\"font-family: Asap;\"><span style=\"font-size: large;\">El<\/span><\/span> <span style=\"font-family: Asap;\"><span style=\"font-size: large;\">objetivo<\/span><\/span> <span style=\"font-family: Asap;\"><span style=\"font-size: large;\">es<\/span><\/span> <span style=\"font-family: Asap;\"><span style=\"font-size: large;\">poder<\/span><\/span> <span style=\"font-family: Asap;\"><span style=\"font-size: large;\">coordinar<\/span><\/span> <span style=\"font-family: Asap;\"><span style=\"font-size: large;\">las<\/span><\/span> <span style=\"font-family: Asap;\"><span style=\"font-size: large;\">tareas<\/span><\/span> <span style=\"font-family: Asap;\"><span style=\"font-size: large;\">entre<\/span><\/span> <span style=\"font-family: Asap;\"><span style=\"font-size: large;\">todos<\/span><\/span> <span style=\"font-family: Asap;\"><span style=\"font-size: large;\">en<\/span><\/span> <span style=\"font-family: Asap;\"><span style=\"font-size: large;\">caso<\/span><\/span> <span style=\"font-family: Asap;\"><span style=\"font-size: large;\">de<\/span><\/span> <span style=\"font-family: Asap;\"><span style=\"font-size: large;\">alg\u00fan<\/span><\/span> <span style=\"font-family: Asap;\"><span style=\"font-size: large;\">vertido<\/span><\/span> <span style=\"font-family: Asap;\"><span style=\"font-size: large;\">de<\/span><\/span><span style=\"font-family: Asap;\"><span style=\"font-size: large;\"> l\u00edquidos <\/span><\/span><span style=\"font-family: Asap;\"><span style=\"font-size: large;\">crudos,<\/span><\/span> <span style=\"font-family: Asap;\"><span style=\"font-size: large;\">de<\/span><\/span><span style=\"font-family: Asap;\"><span style=\"font-size: large;\">manera<\/span><\/span> <span style=\"font-family: Asap;\"><span style=\"font-size: large;\">de<\/span><\/span> <span style=\"font-family: Asap;\"><span style=\"font-size: large;\">poder<\/span><\/span> <span style=\"font-family: Asap;\"><span style=\"font-size: large;\">dar<\/span><\/span><span style=\"font-family: Asap;\"><span style=\"font-size: large;\"> el <\/span><\/span><span style=\"font-family: Asap;\"><span style=\"font-size: large;\">alerta<\/span><\/span><span style=\"font-family: Asap;\"><span style=\"font-size: large;\"> correspondiente <\/span><\/span><span style=\"font-family: Asap;\"><span style=\"font-size: large;\">porque<\/span><\/span> <span style=\"font-family: Asap;\"><span style=\"font-size: large;\">est\u00e1<\/span><\/span> <span style=\"font-family: Asap;\"><span style=\"font-size: large;\">en<\/span><\/span> <span style=\"font-family: Asap;\"><span style=\"font-size: large;\">riesgo<\/span><\/span> <span style=\"font-family: Asap;\"><span style=\"font-size: large;\">la<\/span><\/span> <span style=\"font-family: Asap;\"><span style=\"font-size: large;\">salud<\/span><\/span><span style=\"font-family: Asap;\"><span style=\"font-size: large;\">\u201d<\/span><\/span><span style=\"font-family: Asap;\"><span style=\"font-size: large;\">,<\/span><\/span> <span style=\"font-family: Asap;\"><span style=\"font-size: large;\">explic\u00f3<\/span><\/span> <span style=\"font-family: Asap;\"><span style=\"font-size: large;\">el<\/span><\/span> <span style=\"font-family: Asap;\"><span style=\"font-size: large;\">titular<\/span><\/span> <span style=\"font-family: Asap;\"><span style=\"font-size: large;\">de<\/span><\/span> <span style=\"font-family: Asap;\"><span style=\"font-size: large;\">la<\/span><\/span> <span style=\"font-family: Asap;\"><span style=\"font-size: large;\">cartera<\/span><\/span> <span style=\"font-family: Asap;\"><span style=\"font-size: large;\">de<\/span><\/span> <span style=\"font-family: Asap;\"><span style=\"font-size: large;\">Obras<\/span><\/span> <span style=\"font-family: Asap;\"><span style=\"font-size: large;\">P\u00fablicas.<\/span><\/span><\/p>\n<p align=\"JUSTIFY\"><span style=\"font-family: Asap;\"><span style=\"font-size: large;\">Aclar\u00f3<\/span><\/span> <span style=\"font-family: Asap;\"><span style=\"font-size: large;\">que<\/span><\/span><span style=\"font-family: Asap;\"><span style=\"font-size: large;\"> \u201c<\/span><\/span><span style=\"font-family: Asap;\"><span style=\"font-size: large;\">si<\/span><\/span> <span style=\"font-family: Asap;\"><span style=\"font-size: large;\">bien<\/span><\/span> <span style=\"font-family: Asap;\"><span style=\"font-size: large;\">no<\/span><\/span> <span style=\"font-family: Asap;\"><span style=\"font-size: large;\">hay<\/span><\/span> <span style=\"font-family: Asap;\"><span style=\"font-size: large;\">que<\/span><\/span> <span style=\"font-family: Asap;\"><span style=\"font-size: large;\">alarmarse,<\/span><\/span> <span style=\"font-family: Asap;\"><span style=\"font-size: large;\">estos<\/span><\/span> <span style=\"font-family: Asap;\"><span style=\"font-size: large;\">episodios<\/span><\/span> <span style=\"font-family: Asap;\"><span style=\"font-size: large;\">ocurren,<\/span><\/span> <span style=\"font-family: Asap;\"><span style=\"font-size: large;\">por<\/span><\/span> <span style=\"font-family: Asap;\"><span style=\"font-size: large;\">lo<\/span><\/span> <span style=\"font-family: Asap;\"><span style=\"font-size: large;\">que<\/span><\/span> <span style=\"font-family: Asap;\"><span style=\"font-size: large;\">queremos<\/span><\/span> <span style=\"font-family: Asap;\"><span style=\"font-size: large;\">tener<\/span><\/span> <span style=\"font-family: Asap;\"><span style=\"font-size: large;\">una<\/span><\/span> <span style=\"font-family: Asap;\"><span style=\"font-size: large;\">coordinaci\u00f3n<\/span><\/span> <span style=\"font-family: Asap;\"><span style=\"font-size: large;\">entre<\/span><\/span> <span style=\"font-family: Asap;\"><span style=\"font-size: large;\">todas<\/span><\/span> <span style=\"font-family: Asap;\"><span style=\"font-size: large;\">las<\/span><\/span><span style=\"font-family: Asap;\"><span style=\"font-size: large;\">instituciones,<\/span><\/span> <span style=\"font-family: Asap;\"><span style=\"font-size: large;\">la<\/span><\/span> <span style=\"font-family: Asap;\"><span style=\"font-size: large;\">Provincia<\/span><\/span> <span style=\"font-family: Asap;\"><span style=\"font-size: large;\">y<\/span><\/span> <span style=\"font-family: Asap;\"><span style=\"font-size: large;\">la<\/span><\/span> <span style=\"font-family: Asap;\"><span style=\"font-size: large;\">Cooperativa<\/span><\/span><span style=\"font-family: Asap;\"><span style=\"font-size: large;\"> E<\/span><\/span><span style=\"font-family: Asap;\"><span style=\"font-size: large;\">l\u00e9ctrica<\/span><\/span> <span style=\"font-family: Asap;\"><span style=\"font-size: large;\">que<\/span><\/span> <span style=\"font-family: Asap;\"><span style=\"font-size: large;\">es<\/span><\/span> <span style=\"font-family: Asap;\"><span style=\"font-size: large;\">la<\/span><\/span> <span style=\"font-family: Asap;\"><span style=\"font-size: large;\">prestadora<\/span><\/span> <span style=\"font-family: Asap;\"><span style=\"font-size: large;\">del<\/span><\/span> <span style=\"font-family: Asap;\"><span style=\"font-size: large;\">servicio<\/span><\/span><span style=\"font-family: Asap;\"><span style=\"font-size: large;\">\u201d<\/span><\/span><span style=\"font-family: Asap;\"><span style=\"font-size: large;\">.<\/span><\/span><\/p>\n<p align=\"JUSTIFY\"><span style=\"font-family: Asap;\"><span style=\"font-size: large;\">Valeri explic\u00f3 adem\u00e1s que \u201cesta acci\u00f3n se enmarca tamb i\u00e9n en lo <\/span><\/span><span style=\"font-family: Asap;\"><span style=\"font-size: large;\">planteado<\/span><\/span> <span style=\"font-family: Asap;\"><span style=\"font-size: large;\">por<\/span><\/span> <span style=\"font-family: Asap;\"><span style=\"font-size: large;\">el<\/span><\/span> <span style=\"font-family: Asap;\"><span style=\"font-size: large;\">Gobernador<\/span><\/span> <span style=\"font-family: Asap;\"><span style=\"font-size: large;\">Weretilneck,<\/span><\/span><span style=\"font-family: Asap;\"><span style=\"font-size: large;\"> quien adelant\u00f3 oportunamente <\/span><\/span><span style=\"font-family: Asap;\"><span style=\"font-size: large;\">que<\/span><\/span> <span style=\"font-family: Asap;\"><span style=\"font-size: large;\">para<\/span><\/span> <span style=\"font-family: Asap;\"><span style=\"font-size: large;\">julio<\/span><\/span><span style=\"font-family: Asap;\"><span style=\"font-size: large;\"> pr\u00f3ximo <\/span><\/span><span style=\"font-family: Asap;\"><span style=\"font-size: large;\">vamos<\/span><\/span> <span style=\"font-family: Asap;\"><span style=\"font-size: large;\">a<\/span><\/span> <span style=\"font-family: Asap;\"><span style=\"font-size: large;\">tener<\/span><\/span> <span style=\"font-family: Asap;\"><span style=\"font-size: large;\">listo<\/span><\/span> <span style=\"font-family: Asap;\"><span style=\"font-size: large;\">el<\/span><\/span> <span style=\"font-family: Asap;\"><span style=\"font-size: large;\">Plan<\/span><\/span> <span style=\"font-family: Asap;\"><span style=\"font-size: large;\">Director<\/span><\/span> <span style=\"font-family: Asap;\"><span style=\"font-size: large;\">de<\/span><\/span> <span style=\"font-family: Asap;\"><span style=\"font-size: large;\">Cloacas<\/span><\/span> <span style=\"font-family: Asap;\"><span style=\"font-size: large;\">de<\/span><\/span> <span style=\"font-family: Asap;\"><span style=\"font-size: large;\">todo<\/span><\/span> <span style=\"font-family: Asap;\"><span style=\"font-size: large;\">San<\/span><\/span> <span style=\"font-family: Asap;\"><span style=\"font-size: large;\">Carlos<\/span><\/span> <span style=\"font-family: Asap;\"><span style=\"font-size: large;\">de<\/span><\/span> <span style=\"font-family: Asap;\"><span style=\"font-size: large;\">Bariloche<\/span><\/span><span style=\"font-family: Asap;\"><span style=\"font-size: large;\">\u201d<\/span><\/span><span style=\"font-family: Asap;\"><span style=\"font-size: large;\">.<\/span><\/span><\/p>\n<p align=\"JUSTIFY\">\u201c<span style=\"font-family: Asap;\"><span style=\"font-size: large;\">Por<\/span><\/span> <span style=\"font-family: Asap;\"><span style=\"font-size: large;\">todo<\/span><\/span> <span style=\"font-family: Asap;\"><span style=\"font-size: large;\">esto<\/span><\/span> <span style=\"font-family: Asap;\"><span style=\"font-size: large;\">no<\/span><\/span> <span style=\"font-family: Asap;\"><span style=\"font-size: large;\">hay<\/span><\/span> <span style=\"font-family: Asap;\"><span style=\"font-size: large;\">nada<\/span><\/span> <span style=\"font-family: Asap;\"><span style=\"font-size: large;\">mejor<\/span><\/span> <span style=\"font-family: Asap;\"><span style=\"font-size: large;\">que<\/span><\/span> <span style=\"font-family: Asap;\"><span style=\"font-size: large;\">encontrarnos<\/span><\/span> <span style=\"font-family: Asap;\"><span style=\"font-size: large;\">con<\/span><\/span> <span style=\"font-family: Asap;\"><span style=\"font-size: large;\">el<\/span><\/span> <span style=\"font-family: Asap;\"><span style=\"font-size: large;\">Municipio,<\/span><\/span> <span style=\"font-family: Asap;\"><span style=\"font-size: large;\">la<\/span><\/span><span style=\"font-family: Asap;\"><span style=\"font-size: large;\"> C<\/span><\/span><span style=\"font-family: Asap;\"><span style=\"font-size: large;\">ooperativa<\/span><\/span><span style=\"font-family: Asap;\"><span style=\"font-size: large;\"> E<\/span><\/span><span style=\"font-family: Asap;\"><span style=\"font-size: large;\">l\u00e9ctrica,<\/span><\/span> <span style=\"font-family: Asap;\"><span style=\"font-size: large;\">las<\/span><\/span> <span style=\"font-family: Asap;\"><span style=\"font-size: large;\">organizaciones<\/span><\/span> <span style=\"font-family: Asap;\"><span style=\"font-size: large;\">que<\/span><\/span> <span style=\"font-family: Asap;\"><span style=\"font-size: large;\">tienen<\/span><\/span> <span style=\"font-family: Asap;\"><span style=\"font-size: large;\">que<\/span><\/span><span style=\"font-family: Asap;\"><span style=\"font-size: large;\">ver<\/span><\/span> <span style=\"font-family: Asap;\"><span style=\"font-size: large;\">con<\/span><\/span> <span style=\"font-family: Asap;\"><span style=\"font-size: large;\">el<\/span><\/span> <span style=\"font-family: Asap;\"><span style=\"font-size: large;\">uso<\/span><\/span> <span style=\"font-family: Asap;\"><span style=\"font-size: large;\">del<\/span><\/span> <span style=\"font-family: Asap;\"><span style=\"font-size: large;\">lago<\/span><\/span> <span style=\"font-family: Asap;\"><span style=\"font-size: large;\">y<\/span><\/span> <span style=\"font-family: Asap;\"><span style=\"font-size: large;\">por<\/span><\/span> <span style=\"font-family: Asap;\"><span style=\"font-size: large;\">supuesto<\/span><\/span> <span style=\"font-family: Asap;\"><span style=\"font-size: large;\">la<\/span><\/span> <span style=\"font-family: Asap;\"><span style=\"font-size: large;\">Provincia<\/span><\/span><span style=\"font-family: Asap;\"><span style=\"font-size: large;\">\u201d<\/span><\/span><span style=\"font-family: Asap;\"><span style=\"font-size: large;\">,<\/span><\/span> <span style=\"font-family: Asap;\"><span style=\"font-size: large;\">remarc\u00f3.<\/span><\/span><\/p>\n<p align=\"JUSTIFY\"><span style=\"font-family: Asap;\"><span style=\"font-size: large;\">Respecto al avance en el plan de contingencia, el Ministro de Obras y Servicios P\u00fablicos explic\u00f3 que \u201cy<\/span><\/span><span style=\"font-family: Asap;\"><span style=\"font-size: large;\">a<\/span><\/span> <span style=\"font-family: Asap;\"><span style=\"font-size: large;\">est\u00e1n<\/span><\/span> <span style=\"font-family: Asap;\"><span style=\"font-size: large;\">decididos<\/span><\/span><span style=\"font-family: Asap;\"><span style=\"font-size: large;\"> aspectos como <\/span><\/span><span style=\"font-family: Asap;\"><span style=\"font-size: large;\">cu\u00e1l<\/span><\/span> <span style=\"font-family: Asap;\"><span style=\"font-size: large;\">es<\/span><\/span> <span style=\"font-family: Asap;\"><span style=\"font-size: large;\">el<\/span><\/span> <span style=\"font-family: Asap;\"><span style=\"font-size: large;\">protocolo,<\/span><\/span> <span style=\"font-family: Asap;\"><span style=\"font-size: large;\">las<\/span><\/span> <span style=\"font-family: Asap;\"><span style=\"font-size: large;\">organizaciones<\/span><\/span> <span style=\"font-family: Asap;\"><span style=\"font-size: large;\">en<\/span><\/span> <span style=\"font-family: Asap;\"><span style=\"font-size: large;\">alerta,<\/span><\/span> <span style=\"font-family: Asap;\"><span style=\"font-size: large;\">la<\/span><\/span> <span style=\"font-family: Asap;\"><span style=\"font-size: large;\">convocatoria<\/span><\/span> <span style=\"font-family: Asap;\"><span style=\"font-size: large;\">de<\/span><\/span> <span style=\"font-family: Asap;\"><span style=\"font-size: large;\">Defensa<\/span><\/span> <span style=\"font-family: Asap;\"><span style=\"font-size: large;\">Civil,<\/span><\/span> <span style=\"font-family: Asap;\"><span style=\"font-size: large;\">y<\/span><\/span> <span style=\"font-family: Asap;\"><span style=\"font-size: large;\">estamos<\/span><\/span> <span style=\"font-family: Asap;\"><span style=\"font-size: large;\">en<\/span><\/span> <span style=\"font-family: Asap;\"><span style=\"font-size: large;\">hacer<\/span><\/span> <span style=\"font-family: Asap;\"><span style=\"font-size: large;\">saber<\/span><\/span> <span style=\"font-family: Asap;\"><span style=\"font-size: large;\">a<\/span><\/span> <span style=\"font-family: Asap;\"><span style=\"font-size: large;\">la<\/span><\/span> <span style=\"font-family: Asap;\"><span style=\"font-size: large;\">poblaci\u00f3n<\/span><\/span><span style=\"font-family: Asap;\"><span style=\"font-size: large;\">en<\/span><\/span> <span style=\"font-family: Asap;\"><span style=\"font-size: large;\">todo<\/span><\/span> <span style=\"font-family: Asap;\"><span style=\"font-size: large;\">lo<\/span><\/span> <span style=\"font-family: Asap;\"><span style=\"font-size: large;\">que<\/span><\/span> <span style=\"font-family: Asap;\"><span style=\"font-size: large;\">son<\/span><\/span> <span style=\"font-family: Asap;\"><span style=\"font-size: large;\">captaciones<\/span><\/span> <span style=\"font-family: Asap;\"><span style=\"font-size: large;\">de<\/span><\/span> <span style=\"font-family: Asap;\"><span style=\"font-size: large;\">agua,<\/span><\/span> <span style=\"font-family: Asap;\"><span style=\"font-size: large;\">las<\/span><\/span> <span style=\"font-family: Asap;\"><span style=\"font-size: large;\">tomas<\/span><\/span> <span style=\"font-family: Asap;\"><span style=\"font-size: large;\">que<\/span><\/span> <span style=\"font-family: Asap;\"><span style=\"font-size: large;\">se<\/span><\/span> <span style=\"font-family: Asap;\"><span style=\"font-size: large;\">hicieron<\/span><\/span> <span style=\"font-family: Asap;\"><span style=\"font-size: large;\">y<\/span><\/span> <span style=\"font-family: Asap;\"><span style=\"font-size: large;\">los<\/span><\/span> <span style=\"font-family: Asap;\"><span style=\"font-size: large;\">an\u00e1lisis<\/span><\/span> <span style=\"font-family: Asap;\"><span style=\"font-size: large;\">de<\/span><\/span> <span style=\"font-family: Asap;\"><span style=\"font-size: large;\">agua<\/span><\/span> <span style=\"font-family: Asap;\"><span style=\"font-size: large;\">dan<\/span><\/span> <span style=\"font-family: Asap;\"><span style=\"font-size: large;\">muy<\/span><\/span> <span style=\"font-family: Asap;\"><span style=\"font-size: large;\">bien.<\/span><\/span> <span style=\"font-family: Asap;\"><span style=\"font-size: large;\">El<\/span><\/span> <span style=\"font-family: Asap;\"><span style=\"font-size: large;\">lago<\/span><\/span> <span style=\"font-family: Asap;\"><span style=\"font-size: large;\">es<\/span><\/span> <span style=\"font-family: Asap;\"><span style=\"font-size: large;\">muy<\/span><\/span> <span style=\"font-family: Asap;\"><span style=\"font-size: large;\">noble,<\/span><\/span><span style=\"font-family: Asap;\"><span style=\"font-size: large;\">renueva<\/span><\/span> <span style=\"font-family: Asap;\"><span style=\"font-size: large;\">sus<\/span><\/span> <span style=\"font-family: Asap;\"><span style=\"font-size: large;\">aguas<\/span><\/span> <span style=\"font-family: Asap;\"><span style=\"font-size: large;\">peri\u00f3dicamente,<\/span><\/span> <span style=\"font-family: Asap;\"><span style=\"font-size: large;\">pero<\/span><\/span> <span style=\"font-family: Asap;\"><span style=\"font-size: large;\">no<\/span><\/span> <span style=\"font-family: Asap;\"><span style=\"font-size: large;\">por<\/span><\/span> <span style=\"font-family: Asap;\"><span style=\"font-size: large;\">eso<\/span><\/span> <span style=\"font-family: Asap;\"><span style=\"font-size: large;\">tenemos<\/span><\/span> <span style=\"font-family: Asap;\"><span style=\"font-size: large;\">que<\/span><\/span> <span style=\"font-family: Asap;\"><span style=\"font-size: large;\">dejar<\/span><\/span> <span style=\"font-family: Asap;\"><span style=\"font-size: large;\">de<\/span><\/span> <span style=\"font-family: Asap;\"><span style=\"font-size: large;\">hacer<\/span><\/span> <span style=\"font-family: Asap;\"><span style=\"font-size: large;\">las<\/span><\/span> <span style=\"font-family: Asap;\"><span style=\"font-size: large;\">inversiones<\/span><\/span> <span style=\"font-family: Asap;\"><span style=\"font-size: large;\">que<\/span><\/span> <span style=\"font-family: Asap;\"><span style=\"font-size: large;\">necesitamos<\/span><\/span> <span style=\"font-family: Asap;\"><span style=\"font-size: large;\">para<\/span><\/span> <span style=\"font-family: Asap;\"><span style=\"font-size: large;\">poner<\/span><\/span> <span style=\"font-family: Asap;\"><span style=\"font-size: large;\">el<\/span><\/span><span style=\"font-family: Asap;\"><span style=\"font-size: large;\">saneamiento<\/span><\/span> <span style=\"font-family: Asap;\"><span style=\"font-size: large;\">de<\/span><\/span> <span style=\"font-family: Asap;\"><span style=\"font-size: large;\">la<\/span><\/span> <span style=\"font-family: Asap;\"><span style=\"font-size: large;\">ciudad<\/span><\/span> <span style=\"font-family: Asap;\"><span style=\"font-size: large;\">a<\/span><\/span> <span style=\"font-family: Asap;\"><span style=\"font-size: large;\">la<\/span><\/span> <span style=\"font-family: Asap;\"><span style=\"font-size: large;\">altura<\/span><\/span> <span style=\"font-family: Asap;\"><span style=\"font-size: large;\">de<\/span><\/span> <span style=\"font-family: Asap;\"><span style=\"font-size: large;\">la<\/span><\/span> <span style=\"font-family: Asap;\"><span style=\"font-size: large;\">poblaci\u00f3n<\/span><\/span> <span style=\"font-family: Asap;\"><span style=\"font-size: large;\">que<\/span><\/span> <span style=\"font-family: Asap;\"><span style=\"font-size: large;\">hoy<\/span><\/span> <span style=\"font-family: Asap;\"><span style=\"font-size: large;\">resta<\/span><\/span> <span style=\"font-family: Asap;\"><span style=\"font-size: large;\">servir,<\/span><\/span> <span style=\"font-family: Asap;\"><span style=\"font-size: large;\">sobre<\/span><\/span> <span style=\"font-family: Asap;\"><span style=\"font-size: large;\">todo<\/span><\/span> <span style=\"font-family: Asap;\"><span style=\"font-size: large;\">para<\/span><\/span> <span style=\"font-family: Asap;\"><span style=\"font-size: large;\">la<\/span><\/span> <span style=\"font-family: Asap;\"><span style=\"font-size: large;\">conexi\u00f3n<\/span><\/span> <span style=\"font-family: Asap;\"><span style=\"font-size: large;\">de<\/span><\/span> <span style=\"font-family: Asap;\"><span style=\"font-size: large;\">los<\/span><\/span> <span style=\"font-family: Asap;\"><span style=\"font-size: large;\">nuevos<\/span><\/span> <span style=\"font-family: Asap;\"><span style=\"font-size: large;\">usuarios<\/span><\/span><span style=\"font-family: Asap;\"><span style=\"font-size: large;\">\u201d<\/span><\/span><span style=\"font-family: Asap;\"><span style=\"font-size: large;\">.<\/span><\/span><\/p>\n<p align=\"JUSTIFY\"><span style=\"font-family: Asap;\"><span style=\"font-size: large;\">Valeri<\/span><\/span> <span style=\"font-family: Asap;\"><span style=\"font-size: large;\">agreg\u00f3<\/span><\/span> <span style=\"font-family: Asap;\"><span style=\"font-size: large;\">que<\/span><\/span><span style=\"font-family: Asap;\"><span style=\"font-size: large;\"> \u201c<\/span><\/span><span style=\"font-family: Asap;\"><span style=\"font-size: large;\">nos<\/span><\/span> <span style=\"font-family: Asap;\"><span style=\"font-size: large;\">vamos<\/span><\/span> <span style=\"font-family: Asap;\"><span style=\"font-size: large;\">a<\/span><\/span> <span style=\"font-family: Asap;\"><span style=\"font-size: large;\">manejar<\/span><\/span> <span style=\"font-family: Asap;\"><span style=\"font-size: large;\">con<\/span><\/span> <span style=\"font-family: Asap;\"><span style=\"font-size: large;\">todo<\/span><\/span> <span style=\"font-family: Asap;\"><span style=\"font-size: large;\">lo<\/span><\/span> <span style=\"font-family: Asap;\"><span style=\"font-size: large;\">trabajado<\/span><\/span> <span style=\"font-family: Asap;\"><span style=\"font-size: large;\">en<\/span><\/span> <span style=\"font-family: Asap;\"><span style=\"font-size: large;\">el<\/span><\/span> <span style=\"font-family: Asap;\"><span style=\"font-size: large;\">pasado<\/span><\/span> <span style=\"font-family: Asap;\"><span style=\"font-size: large;\">porque<\/span><\/span> <span style=\"font-family: Asap;\"><span style=\"font-size: large;\">hubo<\/span><\/span> <span style=\"font-family: Asap;\"><span style=\"font-size: large;\">intentos<\/span><\/span> <span style=\"font-family: Asap;\"><span style=\"font-size: large;\">de<\/span><\/span> <span style=\"font-family: Asap;\"><span style=\"font-size: large;\">planes<\/span><\/span> <span style=\"font-family: Asap;\"><span style=\"font-size: large;\">directores<\/span><\/span> <span style=\"font-family: Asap;\"><span style=\"font-size: large;\">que<\/span><\/span> <span style=\"font-family: Asap;\"><span style=\"font-size: large;\">se<\/span><\/span> <span style=\"font-family: Asap;\"><span style=\"font-size: large;\">han<\/span><\/span><span style=\"font-family: Asap;\"><span style=\"font-size: large;\">hecho<\/span><\/span> <span style=\"font-family: Asap;\"><span style=\"font-size: large;\">anteriores<\/span><\/span> <span style=\"font-family: Asap;\"><span style=\"font-size: large;\">y<\/span><\/span> <span style=\"font-family: Asap;\"><span style=\"font-size: large;\">vamos<\/span><\/span><span style=\"font-family: Asap;\"><span style=\"font-size: large;\"> a trabajar sobre relevamientos anteriores, pero pensando en una ciudad para los pr\u00f3ximos 40 a\u00f1os\u201d<\/span><\/span><span style=\"font-family: Asap;\"><span style=\"font-size: large;\">.<\/span><\/span><\/p>\n<p align=\"JUSTIFY\">\u201c<span style=\"font-family: Asap;\"><span style=\"font-size: large;\">En tanto, haci<\/span><\/span><span style=\"font-family: Asap;\"><span style=\"font-size: large;\">a<\/span><\/span> <span style=\"font-family: Asap;\"><span style=\"font-size: large;\">fines<\/span><\/span> <span style=\"font-family: Asap;\"><span style=\"font-size: large;\">de<\/span><\/span> <span style=\"font-family: Asap;\"><span style=\"font-size: large;\">marzo<\/span><\/span> <span style=\"font-family: Asap;\"><span style=\"font-size: large;\">ya<\/span><\/span> <span style=\"font-family: Asap;\"><span style=\"font-size: large;\">tenemos<\/span><\/span> <span style=\"font-family: Asap;\"><span style=\"font-size: large;\">el<\/span><\/span> <span style=\"font-family: Asap;\"><span style=\"font-size: large;\">proyecto<\/span><\/span> <span style=\"font-family: Asap;\"><span style=\"font-size: large;\">consensuado<\/span><\/span> <span style=\"font-family: Asap;\"><span style=\"font-size: large;\">con<\/span><\/span> <span style=\"font-family: Asap;\"><span style=\"font-size: large;\">la<\/span><\/span><span style=\"font-family: Asap;\"><span style=\"font-size: large;\"> C<\/span><\/span><span style=\"font-family: Asap;\"><span style=\"font-size: large;\">ooperativa<\/span><\/span><span style=\"font-family: Asap;\"><span style=\"font-size: large;\"> E<\/span><\/span><span style=\"font-family: Asap;\"><span style=\"font-size: large;\">l\u00e9ctrica<\/span><\/span> <span style=\"font-family: Asap;\"><span style=\"font-size: large;\">y<\/span><\/span> <span style=\"font-family: Asap;\"><span style=\"font-size: large;\">t\u00e9cnicos<\/span><\/span> <span style=\"font-family: Asap;\"><span style=\"font-size: large;\">del<\/span><\/span> <span style=\"font-family: Asap;\"><span style=\"font-size: large;\">DPA<\/span><\/span><span style=\"font-family: Asap;\"><span style=\"font-size: large;\"> referido a la<\/span><\/span><span style=\"font-family: Asap;\"><span style=\"font-size: large;\">primera<\/span><\/span> <span style=\"font-family: Asap;\"><span style=\"font-size: large;\">obra<\/span><\/span> <span style=\"font-family: Asap;\"><span style=\"font-size: large;\">que<\/span><\/span> <span style=\"font-family: Asap;\"><span style=\"font-size: large;\">tenemos<\/span><\/span> <span style=\"font-family: Asap;\"><span style=\"font-size: large;\">que<\/span><\/span> <span style=\"font-family: Asap;\"><span style=\"font-size: large;\">hacer,<\/span><\/span> <span style=\"font-family: Asap;\"><span style=\"font-size: large;\">que<\/span><\/span> <span style=\"font-family: Asap;\"><span style=\"font-size: large;\">es<\/span><\/span> <span style=\"font-family: Asap;\"><span style=\"font-size: large;\">la<\/span><\/span> <span style=\"font-family: Asap;\"><span style=\"font-size: large;\">ampliaci\u00f3n<\/span><\/span> <span style=\"font-family: Asap;\"><span style=\"font-size: large;\">de<\/span><\/span> <span style=\"font-family: Asap;\"><span style=\"font-size: large;\">la<\/span><\/span> <span style=\"font-family: Asap;\"><span style=\"font-size: large;\">red<\/span><\/span> <span style=\"font-family: Asap;\"><span style=\"font-size: large;\">troncal<\/span><\/span> <span style=\"font-family: Asap;\"><span style=\"font-size: large;\">y<\/span><\/span> <span style=\"font-family: Asap;\"><span style=\"font-size: large;\">el<\/span><\/span><span style=\"font-family: Asap;\"><span style=\"font-size: large;\"> ca\u00f1o <\/span><\/span><span style=\"font-family: Asap;\"><span style=\"font-size: large;\">troncal<\/span><\/span> <span style=\"font-family: Asap;\"><span style=\"font-size: large;\">que<\/span><\/span> <span style=\"font-family: Asap;\"><span style=\"font-size: large;\">lleva<\/span><\/span> <span style=\"font-family: Asap;\"><span style=\"font-size: large;\">a<\/span><\/span> <span style=\"font-family: Asap;\"><span style=\"font-size: large;\">la<\/span><\/span> <span style=\"font-family: Asap;\"><span style=\"font-size: large;\">planta<\/span><\/span> <span style=\"font-family: Asap;\"><span style=\"font-size: large;\">depuradora<\/span><\/span> <span style=\"font-family: Asap;\"><span style=\"font-size: large;\">a<\/span><\/span> <span style=\"font-family: Asap;\"><span style=\"font-size: large;\">la<\/span><\/span><span style=\"font-family: Asap;\"><span style=\"font-size: large;\">altura<\/span><\/span> <span style=\"font-family: Asap;\"><span style=\"font-size: large;\">del<\/span><\/span> <span style=\"font-family: Asap;\"><span style=\"font-size: large;\">barrio<\/span><\/span> <span style=\"font-family: Asap;\"><span style=\"font-size: large;\">\u00d1ireco,<\/span><\/span> <span style=\"font-family: Asap;\"><span style=\"font-size: large;\">a<\/span><\/span> <span style=\"font-family: Asap;\"><span style=\"font-size: large;\">la<\/span><\/span> <span style=\"font-family: Asap;\"><span style=\"font-size: large;\">desembocadura<\/span><\/span> <span style=\"font-family: Asap;\"><span style=\"font-size: large;\">del<\/span><\/span> <span style=\"font-family: Asap;\"><span style=\"font-size: large;\">Arroyo<\/span><\/span> <span style=\"font-family: Asap;\"><span style=\"font-size: large;\">\u00d1ireco<\/span><\/span><span style=\"font-family: Asap;\"><span style=\"font-size: large;\">\u201d<\/span><\/span><span style=\"font-family: Asap;\"><span style=\"font-size: large;\">,<\/span><\/span> <span style=\"font-family: Asap;\"><span style=\"font-size: large;\">indic\u00f3.<\/span><\/span><span style=\"font-family: Asap;\"><span style=\"font-size: large;\"> \u201c<\/span><\/span><span style=\"font-family: Asap;\"><span style=\"font-size: large;\">Esto<\/span><\/span> <span style=\"font-family: Asap;\"><span style=\"font-size: large;\">es<\/span><\/span> <span style=\"font-family: Asap;\"><span style=\"font-size: large;\">clave<\/span><\/span> <span style=\"font-family: Asap;\"><span style=\"font-size: large;\">porque<\/span><\/span> <span style=\"font-family: Asap;\"><span style=\"font-size: large;\">comenzamos<\/span><\/span> <span style=\"font-family: Asap;\"><span style=\"font-size: large;\">por<\/span><\/span> <span style=\"font-family: Asap;\"><span style=\"font-size: large;\">ah\u00ed.<\/span><\/span> <span style=\"font-family: Asap;\"><span style=\"font-size: large;\">De<\/span><\/span> <span style=\"font-family: Asap;\"><span style=\"font-size: large;\">esta<\/span><\/span><span style=\"font-family: Asap;\"><span style=\"font-size: large;\">manera,<\/span><\/span> <span style=\"font-family: Asap;\"><span style=\"font-size: large;\">estamos<\/span><\/span> <span style=\"font-family: Asap;\"><span style=\"font-size: large;\">atacando<\/span><\/span> <span style=\"font-family: Asap;\"><span style=\"font-size: large;\">los<\/span><\/span> <span style=\"font-family: Asap;\"><span style=\"font-size: large;\">problemas<\/span><\/span> <span style=\"font-family: Asap;\"><span style=\"font-size: large;\">de<\/span><\/span> <span style=\"font-family: Asap;\"><span style=\"font-size: large;\">deficiencia<\/span><\/span> <span style=\"font-family: Asap;\"><span style=\"font-size: large;\">que<\/span><\/span> <span style=\"font-family: Asap;\"><span style=\"font-size: large;\">tiene<\/span><\/span> <span style=\"font-family: Asap;\"><span style=\"font-size: large;\">nuestro<\/span><\/span> <span style=\"font-family: Asap;\"><span style=\"font-size: large;\">servicio<\/span><\/span> <span style=\"font-family: Asap;\"><span style=\"font-size: large;\">de<\/span><\/span> <span style=\"font-family: Asap;\"><span style=\"font-size: large;\">cloacas<\/span><\/span> <span style=\"font-family: Asap;\"><span style=\"font-size: large;\">en<\/span><\/span> <span style=\"font-family: Asap;\"><span style=\"font-size: large;\">la<\/span><\/span> <span style=\"font-family: Asap;\"><span style=\"font-size: large;\">ciudad,<\/span><\/span> <span style=\"font-family: Asap;\"><span style=\"font-size: large;\">comenzando<\/span><\/span> <span style=\"font-family: Asap;\"><span style=\"font-size: large;\">con<\/span><\/span> <span style=\"font-family: Asap;\"><span style=\"font-size: large;\">esa<\/span><\/span><span style=\"font-family: Asap;\"><span style=\"font-size: large;\">inversi\u00f3n<\/span><\/span><span style=\"font-family: Asap;\"><span style=\"font-size: large;\">\u201d<\/span><\/span><span style=\"font-family: Asap;\"><span style=\"font-size: large;\">,<\/span><\/span> <span style=\"font-family: Asap;\"><span style=\"font-size: large;\">agreg\u00f3<\/span><\/span> <span style=\"font-family: Asap;\"><span style=\"font-size: large;\">al<\/span><\/span> <span style=\"font-family: Asap;\"><span style=\"font-size: large;\">respecto.<\/span><\/span><\/p>\n<p align=\"JUSTIFY\"><span style=\"font-family: Asap;\"><span style=\"font-size: large;\">En<\/span><\/span> <span style=\"font-family: Asap;\"><span style=\"font-size: large;\">tal<\/span><\/span> <span style=\"font-family: Asap;\"><span style=\"font-size: large;\">sentido,<\/span><\/span> <span style=\"font-family: Asap;\"><span style=\"font-size: large;\">Valeri<\/span><\/span> <span style=\"font-family: Asap;\"><span style=\"font-size: large;\">recorc\u00f3<\/span><\/span> <span style=\"font-family: Asap;\"><span style=\"font-size: large;\">que<\/span><\/span><span style=\"font-family: Asap;\"><span style=\"font-size: large;\"> \u201c<\/span><\/span><span style=\"font-family: Asap;\"><span style=\"font-size: large;\">hace<\/span><\/span> <span style=\"font-family: Asap;\"><span style=\"font-size: large;\">muy<\/span><\/span> <span style=\"font-family: Asap;\"><span style=\"font-size: large;\">poco<\/span><\/span> <span style=\"font-family: Asap;\"><span style=\"font-size: large;\">inauguramos<\/span><\/span> <span style=\"font-family: Asap;\"><span style=\"font-size: large;\">la<\/span><\/span> <span style=\"font-family: Asap;\"><span style=\"font-size: large;\">planta<\/span><\/span> <span style=\"font-family: Asap;\"><span style=\"font-size: large;\">Modular<\/span><\/span> <span style=\"font-family: Asap;\"><span style=\"font-size: large;\">de<\/span><\/span> <span style=\"font-family: Asap;\"><span style=\"font-size: large;\">l\u00edquidos<\/span><\/span> <span style=\"font-family: Asap;\"><span style=\"font-size: large;\">cloacales<\/span><\/span> <span style=\"font-family: Asap;\"><span style=\"font-size: large;\">con<\/span><\/span> <span style=\"font-family: Asap;\"><span style=\"font-size: large;\">el<\/span><\/span> <span style=\"font-family: Asap;\"><span style=\"font-size: large;\">Gobernador<\/span><\/span><span style=\"font-family: Asap;\"><span style=\"font-size: large;\">, <\/span><\/span><span style=\"font-family: Asap;\"><span style=\"font-size: large;\">y<\/span><\/span> <span style=\"font-family: Asap;\"><span style=\"font-size: large;\">a<\/span><\/span><span style=\"font-family: Asap;\"><span style=\"font-size: large;\">partir<\/span><\/span> <span style=\"font-family: Asap;\"><span style=\"font-size: large;\">de<\/span><\/span> <span style=\"font-family: Asap;\"><span style=\"font-size: large;\">eso<\/span><\/span> <span style=\"font-family: Asap;\"><span style=\"font-size: large;\">nos<\/span><\/span> <span style=\"font-family: Asap;\"><span style=\"font-size: large;\">planteamos<\/span><\/span> <span style=\"font-family: Asap;\"><span style=\"font-size: large;\">tener<\/span><\/span> <span style=\"font-family: Asap;\"><span style=\"font-size: large;\">decidido<\/span><\/span> <span style=\"font-family: Asap;\"><span style=\"font-size: large;\">y<\/span><\/span> <span style=\"font-family: Asap;\"><span style=\"font-size: large;\">organizado<\/span><\/span> <span style=\"font-family: Asap;\"><span style=\"font-size: large;\">para<\/span><\/span> <span style=\"font-family: Asap;\"><span style=\"font-size: large;\">solicitar<\/span><\/span> <span style=\"font-family: Asap;\"><span style=\"font-size: large;\">los<\/span><\/span> <span style=\"font-family: Asap;\"><span style=\"font-size: large;\">recursos<\/span><\/span> <span style=\"font-family: Asap;\"><span style=\"font-size: large;\">pertinentes<\/span><\/span> <span style=\"font-family: Asap;\"><span style=\"font-size: large;\">al<\/span><\/span> <span style=\"font-family: Asap;\"><span style=\"font-size: large;\">Gobierno<\/span><\/span><span style=\"font-family: Asap;\"><span style=\"font-size: large;\"> N<\/span><\/span><span style=\"font-family: Asap;\"><span style=\"font-size: large;\">acional<\/span><\/span> <span style=\"font-family: Asap;\"><span style=\"font-size: large;\">porque<\/span><\/span> <span style=\"font-family: Asap;\"><span style=\"font-size: large;\">son<\/span><\/span><span style=\"font-family: Asap;\"><span style=\"font-size: large;\">cifras<\/span><\/span> <span style=\"font-family: Asap;\"><span style=\"font-size: large;\">onerosas<\/span><\/span><span style=\"font-family: Asap;\"><span style=\"font-size: large;\">\u201d<\/span><\/span><span style=\"font-family: Asap;\"><span style=\"font-size: large;\">.<\/span><\/span><\/p>\n<\/div>\n<\/div>\n<\/div>\n<\/div>\n<\/div>\n<\/div>\n<\/div>\n<\/div>\n<\/div>\n","protected":false},"excerpt":{"rendered":"<p>\u00a0El Gobierno de R\u00edo Negro, a trav\u00e9s de varias de sus dependencias y en conjunto con el Municipio local y [&hellip;]<\/p>\n","protected":false},"author":2,"featured_media":0,"comment_status":"closed","ping_status":"closed","sticky":false,"template":"","format":"standard","meta":{"site-sidebar-layout":"default","site-content-layout":"","ast-site-content-layout":"default","site-content-style":"default","site-sidebar-style":"default","ast-global-header-display":"","ast-banner-title-visibility":"","ast-main-header-display":"","ast-hfb-above-header-display":"","ast-hfb-below-header-display":"","ast-hfb-mobile-header-display":"","site-post-title":"","ast-breadcrumbs-content":"","ast-featured-img":"","footer-sml-layout":"","ast-disable-related-posts":"","theme-transparent-header-meta":"","adv-header-id-meta":"","stick-header-meta":"","header-above-stick-meta":"","header-main-stick-meta":"","header-below-stick-meta":"","astra-migrate-meta-layouts":"default","ast-page-background-enabled":"default","ast-page-background-meta":{"desktop":{"background-color":"var(--ast-global-color-5)","background-image":"","background-repeat":"repeat","background-position":"center center","background-size":"auto","background-attachment":"scroll","background-type":"","background-media":"","overlay-type":"","overlay-color":"","overlay-opacity":"","overlay-gradient":""},"tablet":{"background-color":"","background-image":"","background-repeat":"repeat","background-position":"center center","background-size":"auto","background-attachment":"scroll","background-type":"","background-media":"","overlay-type":"","overlay-color":"","overlay-opacity":"","overlay-gradient":""},"mobile":{"background-color":"","background-image":"","background-repeat":"repeat","background-position":"center center","background-size":"auto","background-attachment":"scroll","background-type":"","background-media":"","overlay-type":"","overlay-color":"","overlay-opacity":"","overlay-gradient":""}},"ast-content-background-meta":{"desktop":{"background-color":"var(--ast-global-color-4)","background-image":"","background-repeat":"repeat","background-position":"center center","background-size":"auto","background-attachment":"scroll","background-type":"","background-media":"","overlay-type":"","overlay-color":"","overlay-opacity":"","overlay-gradient":""},"tablet":{"background-color":"var(--ast-global-color-4)","background-image":"","background-repeat":"repeat","background-position":"center center","background-size":"auto","background-attachment":"scroll","background-type":"","background-media":"","overlay-type":"","overlay-color":"","overlay-opacity":"","overlay-gradient":""},"mobile":{"background-color":"var(--ast-global-color-4)","background-image":"","background-repeat":"repeat","background-position":"center center","background-size":"auto","background-attachment":"scroll","background-type":"","background-media":"","overlay-type":"","overlay-color":"","overlay-opacity":"","overlay-gradient":""}},"footnotes":""},"categories":[1],"tags":[],"class_list":["post-16310","post","type-post","status-publish","format-standard","hentry","category-noticias"],"yoast_head":"<!-- This site is optimized with the Yoast SEO Premium plugin v23.0 (Yoast SEO v27.5) - https:\/\/yoast.com\/product\/yoast-seo-premium-wordpress\/ -->\n<title>Bariloche: Convocan a instituciones para elaborar un plan de contingencia del sistema cloacal<\/title>\n<meta name=\"robots\" content=\"index, follow, max-snippet:-1, max-image-preview:large, max-video-preview:-1\" \/>\n<link rel=\"canonical\" href=\"https:\/\/patagoniambiental.com.ar\/info\/bariloche-convocan-a-distintas-instituciones-para-la-elaboracion-de-un-plan-de-contingencia-para-incidentes-en-el-sistema-cloacal\/\" \/>\n<meta property=\"og:locale\" content=\"es_ES\" \/>\n<meta property=\"og:type\" content=\"article\" \/>\n<meta property=\"og:title\" content=\"Bariloche: Convocan a instituciones para elaborar un plan de contingencia del sistema cloacal\" \/>\n<meta property=\"og:description\" content=\"\u00a0El Gobierno de R\u00edo Negro, a trav\u00e9s de varias de sus dependencias y en conjunto con el Municipio local y [&hellip;]\" \/>\n<meta property=\"og:url\" content=\"https:\/\/patagoniambiental.com.ar\/info\/bariloche-convocan-a-distintas-instituciones-para-la-elaboracion-de-un-plan-de-contingencia-para-incidentes-en-el-sistema-cloacal\/\" \/>\n<meta property=\"og:site_name\" content=\"Patagonia Ambiental\" \/>\n<meta property=\"article:publisher\" content=\"https:\/\/www.facebook.com\/patagonia.ambiental\" \/>\n<meta property=\"article:author\" content=\"https:\/\/www.facebook.com\/share\/1C1V8Gv9BX\/?mibextid=qi2Omg\" \/>\n<meta property=\"article:published_time\" content=\"2016-01-11T12:26:43+00:00\" \/>\n<meta property=\"og:image\" content=\"https:\/\/col126.mail.live.com\/ol\/clear.gif\" \/>\n<meta name=\"author\" content=\"Patagonia Ambiental\" \/>\n<meta name=\"twitter:card\" content=\"summary_large_image\" \/>\n<meta name=\"twitter:creator\" content=\"@PatAmb\" \/>\n<meta name=\"twitter:site\" content=\"@PatAmb\" \/>\n<script type=\"application\/ld+json\" class=\"yoast-schema-graph\">{\"@context\":\"https:\\\/\\\/schema.org\",\"@graph\":[{\"@type\":\"Article\",\"@id\":\"https:\\\/\\\/patagoniambiental.com.ar\\\/info\\\/bariloche-convocan-a-distintas-instituciones-para-la-elaboracion-de-un-plan-de-contingencia-para-incidentes-en-el-sistema-cloacal\\\/#article\",\"isPartOf\":{\"@id\":\"https:\\\/\\\/patagoniambiental.com.ar\\\/info\\\/bariloche-convocan-a-distintas-instituciones-para-la-elaboracion-de-un-plan-de-contingencia-para-incidentes-en-el-sistema-cloacal\\\/\"},\"author\":{\"name\":\"Patagonia Ambiental\",\"@id\":\"https:\\\/\\\/patagoniambiental.com.ar\\\/info\\\/#\\\/schema\\\/person\\\/db12bff64bbcbf6a253710bf0ea37b5d\"},\"headline\":\"Bariloche: Convocan a instituciones para elaborar un plan de contingencia del sistema cloacal\",\"datePublished\":\"2016-01-11T12:26:43+00:00\",\"mainEntityOfPage\":{\"@id\":\"https:\\\/\\\/patagoniambiental.com.ar\\\/info\\\/bariloche-convocan-a-distintas-instituciones-para-la-elaboracion-de-un-plan-de-contingencia-para-incidentes-en-el-sistema-cloacal\\\/\"},\"wordCount\":641,\"publisher\":{\"@id\":\"https:\\\/\\\/patagoniambiental.com.ar\\\/info\\\/#organization\"},\"image\":{\"@id\":\"https:\\\/\\\/patagoniambiental.com.ar\\\/info\\\/bariloche-convocan-a-distintas-instituciones-para-la-elaboracion-de-un-plan-de-contingencia-para-incidentes-en-el-sistema-cloacal\\\/#primaryimage\"},\"thumbnailUrl\":\"https:\\\/\\\/col126.mail.live.com\\\/ol\\\/clear.gif\",\"articleSection\":[\"Noticias\"],\"inLanguage\":\"es\"},{\"@type\":\"WebPage\",\"@id\":\"https:\\\/\\\/patagoniambiental.com.ar\\\/info\\\/bariloche-convocan-a-distintas-instituciones-para-la-elaboracion-de-un-plan-de-contingencia-para-incidentes-en-el-sistema-cloacal\\\/\",\"url\":\"https:\\\/\\\/patagoniambiental.com.ar\\\/info\\\/bariloche-convocan-a-distintas-instituciones-para-la-elaboracion-de-un-plan-de-contingencia-para-incidentes-en-el-sistema-cloacal\\\/\",\"name\":\"Bariloche: Convocan a instituciones para elaborar un plan de contingencia del sistema cloacal\",\"isPartOf\":{\"@id\":\"https:\\\/\\\/patagoniambiental.com.ar\\\/info\\\/#website\"},\"primaryImageOfPage\":{\"@id\":\"https:\\\/\\\/patagoniambiental.com.ar\\\/info\\\/bariloche-convocan-a-distintas-instituciones-para-la-elaboracion-de-un-plan-de-contingencia-para-incidentes-en-el-sistema-cloacal\\\/#primaryimage\"},\"image\":{\"@id\":\"https:\\\/\\\/patagoniambiental.com.ar\\\/info\\\/bariloche-convocan-a-distintas-instituciones-para-la-elaboracion-de-un-plan-de-contingencia-para-incidentes-en-el-sistema-cloacal\\\/#primaryimage\"},\"thumbnailUrl\":\"https:\\\/\\\/col126.mail.live.com\\\/ol\\\/clear.gif\",\"datePublished\":\"2016-01-11T12:26:43+00:00\",\"breadcrumb\":{\"@id\":\"https:\\\/\\\/patagoniambiental.com.ar\\\/info\\\/bariloche-convocan-a-distintas-instituciones-para-la-elaboracion-de-un-plan-de-contingencia-para-incidentes-en-el-sistema-cloacal\\\/#breadcrumb\"},\"inLanguage\":\"es\",\"potentialAction\":[{\"@type\":\"ReadAction\",\"target\":[\"https:\\\/\\\/patagoniambiental.com.ar\\\/info\\\/bariloche-convocan-a-distintas-instituciones-para-la-elaboracion-de-un-plan-de-contingencia-para-incidentes-en-el-sistema-cloacal\\\/\"]}]},{\"@type\":\"ImageObject\",\"inLanguage\":\"es\",\"@id\":\"https:\\\/\\\/patagoniambiental.com.ar\\\/info\\\/bariloche-convocan-a-distintas-instituciones-para-la-elaboracion-de-un-plan-de-contingencia-para-incidentes-en-el-sistema-cloacal\\\/#primaryimage\",\"url\":\"https:\\\/\\\/col126.mail.live.com\\\/ol\\\/clear.gif\",\"contentUrl\":\"https:\\\/\\\/col126.mail.live.com\\\/ol\\\/clear.gif\"},{\"@type\":\"BreadcrumbList\",\"@id\":\"https:\\\/\\\/patagoniambiental.com.ar\\\/info\\\/bariloche-convocan-a-distintas-instituciones-para-la-elaboracion-de-un-plan-de-contingencia-para-incidentes-en-el-sistema-cloacal\\\/#breadcrumb\",\"itemListElement\":[{\"@type\":\"ListItem\",\"position\":1,\"name\":\"Inicio\",\"item\":\"https:\\\/\\\/patagoniambiental.com.ar\\\/info\\\/\"},{\"@type\":\"ListItem\",\"position\":2,\"name\":\"Bariloche: Convocan a instituciones para elaborar un plan de contingencia del sistema cloacal\"}]},{\"@type\":\"WebSite\",\"@id\":\"https:\\\/\\\/patagoniambiental.com.ar\\\/info\\\/#website\",\"url\":\"https:\\\/\\\/patagoniambiental.com.ar\\\/info\\\/\",\"name\":\"Patagonia Ambiental\",\"description\":\"Monitoreo y an\u00e1lisis de la situaci\u00f3n geopol\u00edtica en el mundo y su implicancia en la Patagonia\",\"publisher\":{\"@id\":\"https:\\\/\\\/patagoniambiental.com.ar\\\/info\\\/#organization\"},\"potentialAction\":[{\"@type\":\"SearchAction\",\"target\":{\"@type\":\"EntryPoint\",\"urlTemplate\":\"https:\\\/\\\/patagoniambiental.com.ar\\\/info\\\/?s={search_term_string}\"},\"query-input\":{\"@type\":\"PropertyValueSpecification\",\"valueRequired\":true,\"valueName\":\"search_term_string\"}}],\"inLanguage\":\"es\"},{\"@type\":\"Organization\",\"@id\":\"https:\\\/\\\/patagoniambiental.com.ar\\\/info\\\/#organization\",\"name\":\"Patagonia Ambiental\",\"url\":\"https:\\\/\\\/patagoniambiental.com.ar\\\/info\\\/\",\"logo\":{\"@type\":\"ImageObject\",\"inLanguage\":\"es\",\"@id\":\"https:\\\/\\\/patagoniambiental.com.ar\\\/info\\\/#\\\/schema\\\/logo\\\/image\\\/\",\"url\":\"https:\\\/\\\/patagoniambiental.com.ar\\\/info\\\/wp-content\\\/uploads\\\/2025\\\/05\\\/LOGO-PATAGONIA-AMBIENTAL.png\",\"contentUrl\":\"https:\\\/\\\/patagoniambiental.com.ar\\\/info\\\/wp-content\\\/uploads\\\/2025\\\/05\\\/LOGO-PATAGONIA-AMBIENTAL.png\",\"width\":433,\"height\":250,\"caption\":\"Patagonia Ambiental\"},\"image\":{\"@id\":\"https:\\\/\\\/patagoniambiental.com.ar\\\/info\\\/#\\\/schema\\\/logo\\\/image\\\/\"},\"sameAs\":[\"https:\\\/\\\/www.facebook.com\\\/patagonia.ambiental\",\"https:\\\/\\\/x.com\\\/PatAmb\"]},{\"@type\":\"Person\",\"@id\":\"https:\\\/\\\/patagoniambiental.com.ar\\\/info\\\/#\\\/schema\\\/person\\\/db12bff64bbcbf6a253710bf0ea37b5d\",\"name\":\"Patagonia Ambiental\",\"description\":\"Andr\u00e9s Nievas T\u00e9cnico en manejo ambiental, consultor Ambiental y escritor para medios locales e internacionales sobre temas de geopolitica y medio ambiente.\",\"sameAs\":[\"http:\\\/\\\/www.patagoniambiental.com.ar\",\"https:\\\/\\\/www.facebook.com\\\/share\\\/1C1V8Gv9BX\\\/?mibextid=qi2Omg\",\"@patagoniambiental\",\"https:\\\/\\\/youtube.com\\\/@patagoniaambiental2023?si=BLt58t0wuXquxlYZ\"]}]}<\/script>\n<!-- \/ Yoast SEO Premium plugin. -->","yoast_head_json":{"title":"Bariloche: Convocan a instituciones para elaborar un plan de contingencia del sistema cloacal","robots":{"index":"index","follow":"follow","max-snippet":"max-snippet:-1","max-image-preview":"max-image-preview:large","max-video-preview":"max-video-preview:-1"},"canonical":"https:\/\/patagoniambiental.com.ar\/info\/bariloche-convocan-a-distintas-instituciones-para-la-elaboracion-de-un-plan-de-contingencia-para-incidentes-en-el-sistema-cloacal\/","og_locale":"es_ES","og_type":"article","og_title":"Bariloche: Convocan a instituciones para elaborar un plan de contingencia del sistema cloacal","og_description":"\u00a0El Gobierno de R\u00edo Negro, a trav\u00e9s de varias de sus dependencias y en conjunto con el Municipio local y [&hellip;]","og_url":"https:\/\/patagoniambiental.com.ar\/info\/bariloche-convocan-a-distintas-instituciones-para-la-elaboracion-de-un-plan-de-contingencia-para-incidentes-en-el-sistema-cloacal\/","og_site_name":"Patagonia Ambiental","article_publisher":"https:\/\/www.facebook.com\/patagonia.ambiental","article_author":"https:\/\/www.facebook.com\/share\/1C1V8Gv9BX\/?mibextid=qi2Omg","article_published_time":"2016-01-11T12:26:43+00:00","og_image":[{"url":"https:\/\/col126.mail.live.com\/ol\/clear.gif","type":"","width":"","height":""}],"author":"Patagonia Ambiental","twitter_card":"summary_large_image","twitter_creator":"@PatAmb","twitter_site":"@PatAmb","schema":{"@context":"https:\/\/schema.org","@graph":[{"@type":"Article","@id":"https:\/\/patagoniambiental.com.ar\/info\/bariloche-convocan-a-distintas-instituciones-para-la-elaboracion-de-un-plan-de-contingencia-para-incidentes-en-el-sistema-cloacal\/#article","isPartOf":{"@id":"https:\/\/patagoniambiental.com.ar\/info\/bariloche-convocan-a-distintas-instituciones-para-la-elaboracion-de-un-plan-de-contingencia-para-incidentes-en-el-sistema-cloacal\/"},"author":{"name":"Patagonia Ambiental","@id":"https:\/\/patagoniambiental.com.ar\/info\/#\/schema\/person\/db12bff64bbcbf6a253710bf0ea37b5d"},"headline":"Bariloche: Convocan a instituciones para elaborar un plan de contingencia del sistema cloacal","datePublished":"2016-01-11T12:26:43+00:00","mainEntityOfPage":{"@id":"https:\/\/patagoniambiental.com.ar\/info\/bariloche-convocan-a-distintas-instituciones-para-la-elaboracion-de-un-plan-de-contingencia-para-incidentes-en-el-sistema-cloacal\/"},"wordCount":641,"publisher":{"@id":"https:\/\/patagoniambiental.com.ar\/info\/#organization"},"image":{"@id":"https:\/\/patagoniambiental.com.ar\/info\/bariloche-convocan-a-distintas-instituciones-para-la-elaboracion-de-un-plan-de-contingencia-para-incidentes-en-el-sistema-cloacal\/#primaryimage"},"thumbnailUrl":"https:\/\/col126.mail.live.com\/ol\/clear.gif","articleSection":["Noticias"],"inLanguage":"es"},{"@type":"WebPage","@id":"https:\/\/patagoniambiental.com.ar\/info\/bariloche-convocan-a-distintas-instituciones-para-la-elaboracion-de-un-plan-de-contingencia-para-incidentes-en-el-sistema-cloacal\/","url":"https:\/\/patagoniambiental.com.ar\/info\/bariloche-convocan-a-distintas-instituciones-para-la-elaboracion-de-un-plan-de-contingencia-para-incidentes-en-el-sistema-cloacal\/","name":"Bariloche: Convocan a instituciones para elaborar un plan de contingencia del sistema cloacal","isPartOf":{"@id":"https:\/\/patagoniambiental.com.ar\/info\/#website"},"primaryImageOfPage":{"@id":"https:\/\/patagoniambiental.com.ar\/info\/bariloche-convocan-a-distintas-instituciones-para-la-elaboracion-de-un-plan-de-contingencia-para-incidentes-en-el-sistema-cloacal\/#primaryimage"},"image":{"@id":"https:\/\/patagoniambiental.com.ar\/info\/bariloche-convocan-a-distintas-instituciones-para-la-elaboracion-de-un-plan-de-contingencia-para-incidentes-en-el-sistema-cloacal\/#primaryimage"},"thumbnailUrl":"https:\/\/col126.mail.live.com\/ol\/clear.gif","datePublished":"2016-01-11T12:26:43+00:00","breadcrumb":{"@id":"https:\/\/patagoniambiental.com.ar\/info\/bariloche-convocan-a-distintas-instituciones-para-la-elaboracion-de-un-plan-de-contingencia-para-incidentes-en-el-sistema-cloacal\/#breadcrumb"},"inLanguage":"es","potentialAction":[{"@type":"ReadAction","target":["https:\/\/patagoniambiental.com.ar\/info\/bariloche-convocan-a-distintas-instituciones-para-la-elaboracion-de-un-plan-de-contingencia-para-incidentes-en-el-sistema-cloacal\/"]}]},{"@type":"ImageObject","inLanguage":"es","@id":"https:\/\/patagoniambiental.com.ar\/info\/bariloche-convocan-a-distintas-instituciones-para-la-elaboracion-de-un-plan-de-contingencia-para-incidentes-en-el-sistema-cloacal\/#primaryimage","url":"https:\/\/col126.mail.live.com\/ol\/clear.gif","contentUrl":"https:\/\/col126.mail.live.com\/ol\/clear.gif"},{"@type":"BreadcrumbList","@id":"https:\/\/patagoniambiental.com.ar\/info\/bariloche-convocan-a-distintas-instituciones-para-la-elaboracion-de-un-plan-de-contingencia-para-incidentes-en-el-sistema-cloacal\/#breadcrumb","itemListElement":[{"@type":"ListItem","position":1,"name":"Inicio","item":"https:\/\/patagoniambiental.com.ar\/info\/"},{"@type":"ListItem","position":2,"name":"Bariloche: Convocan a instituciones para elaborar un plan de contingencia del sistema cloacal"}]},{"@type":"WebSite","@id":"https:\/\/patagoniambiental.com.ar\/info\/#website","url":"https:\/\/patagoniambiental.com.ar\/info\/","name":"Patagonia Ambiental","description":"Monitoreo y an\u00e1lisis de la situaci\u00f3n geopol\u00edtica en el mundo y su implicancia en la Patagonia","publisher":{"@id":"https:\/\/patagoniambiental.com.ar\/info\/#organization"},"potentialAction":[{"@type":"SearchAction","target":{"@type":"EntryPoint","urlTemplate":"https:\/\/patagoniambiental.com.ar\/info\/?s={search_term_string}"},"query-input":{"@type":"PropertyValueSpecification","valueRequired":true,"valueName":"search_term_string"}}],"inLanguage":"es"},{"@type":"Organization","@id":"https:\/\/patagoniambiental.com.ar\/info\/#organization","name":"Patagonia Ambiental","url":"https:\/\/patagoniambiental.com.ar\/info\/","logo":{"@type":"ImageObject","inLanguage":"es","@id":"https:\/\/patagoniambiental.com.ar\/info\/#\/schema\/logo\/image\/","url":"https:\/\/patagoniambiental.com.ar\/info\/wp-content\/uploads\/2025\/05\/LOGO-PATAGONIA-AMBIENTAL.png","contentUrl":"https:\/\/patagoniambiental.com.ar\/info\/wp-content\/uploads\/2025\/05\/LOGO-PATAGONIA-AMBIENTAL.png","width":433,"height":250,"caption":"Patagonia Ambiental"},"image":{"@id":"https:\/\/patagoniambiental.com.ar\/info\/#\/schema\/logo\/image\/"},"sameAs":["https:\/\/www.facebook.com\/patagonia.ambiental","https:\/\/x.com\/PatAmb"]},{"@type":"Person","@id":"https:\/\/patagoniambiental.com.ar\/info\/#\/schema\/person\/db12bff64bbcbf6a253710bf0ea37b5d","name":"Patagonia Ambiental","description":"Andr\u00e9s Nievas T\u00e9cnico en manejo ambiental, consultor Ambiental y escritor para medios locales e internacionales sobre temas de geopolitica y medio ambiente.","sameAs":["http:\/\/www.patagoniambiental.com.ar","https:\/\/www.facebook.com\/share\/1C1V8Gv9BX\/?mibextid=qi2Omg","@patagoniambiental","https:\/\/youtube.com\/@patagoniaambiental2023?si=BLt58t0wuXquxlYZ"]}]}},"_links":{"self":[{"href":"https:\/\/patagoniambiental.com.ar\/info\/wp-json\/wp\/v2\/posts\/16310","targetHints":{"allow":["GET"]}}],"collection":[{"href":"https:\/\/patagoniambiental.com.ar\/info\/wp-json\/wp\/v2\/posts"}],"about":[{"href":"https:\/\/patagoniambiental.com.ar\/info\/wp-json\/wp\/v2\/types\/post"}],"author":[{"embeddable":true,"href":"https:\/\/patagoniambiental.com.ar\/info\/wp-json\/wp\/v2\/users\/2"}],"replies":[{"embeddable":true,"href":"https:\/\/patagoniambiental.com.ar\/info\/wp-json\/wp\/v2\/comments?post=16310"}],"version-history":[{"count":0,"href":"https:\/\/patagoniambiental.com.ar\/info\/wp-json\/wp\/v2\/posts\/16310\/revisions"}],"wp:attachment":[{"href":"https:\/\/patagoniambiental.com.ar\/info\/wp-json\/wp\/v2\/media?parent=16310"}],"wp:term":[{"taxonomy":"category","embeddable":true,"href":"https:\/\/patagoniambiental.com.ar\/info\/wp-json\/wp\/v2\/categories?post=16310"},{"taxonomy":"post_tag","embeddable":true,"href":"https:\/\/patagoniambiental.com.ar\/info\/wp-json\/wp\/v2\/tags?post=16310"}],"curies":[{"name":"wp","href":"https:\/\/api.w.org\/{rel}","templated":true}]}}