{"id":16314,"date":"2016-01-11T09:33:49","date_gmt":"2016-01-11T12:33:49","guid":{"rendered":"http:\/\/patagoniambiental.com.ar\/?p=16314"},"modified":"2016-01-11T09:33:49","modified_gmt":"2016-01-11T12:33:49","slug":"la-secretaria-de-ambiente-recorrio-las-areas-naturales-protegidas-de-la-costaatlantica","status":"publish","type":"post","link":"https:\/\/patagoniambiental.com.ar\/info\/la-secretaria-de-ambiente-recorrio-las-areas-naturales-protegidas-de-la-costaatlantica\/","title":{"rendered":"La Secretaria de Ambiente recorri\u00f3 las \u00c1reas Naturales Protegidas de la CostaAtl\u00e1ntica"},"content":{"rendered":"<p align=\"JUSTIFY\"><b><\/b><span style=\"font-family: Asap;\"><span style=\"font-size: large;\">La secretaria de Ambiente y Desarrollo Sustentable, Dina Migani, recorri\u00f3 las \u00c1reas Naturales Protegidas (ANP) de la Costa Atl\u00e1ntica rionegrina con el\u00a0<\/span><\/span><span style=\"font-family: Asap;\"><span style=\"font-size: large;\">objetivo<\/span><\/span> <span style=\"font-family: Asap;\"><span style=\"font-size: large;\">de\u00a0<\/span><\/span><span style=\"font-family: Asap;\"><span style=\"font-size: large;\">interiorizarse<\/span><\/span> <span style=\"font-family: Asap;\"><span style=\"font-size: large;\">del\u00a0<\/span><\/span><span style=\"font-family: Asap;\"><span style=\"font-size: large;\">estado<\/span><\/span> <span style=\"font-family: Asap;\"><span style=\"font-size: large;\">de<\/span><\/span> <span style=\"font-family: Asap;\"><span style=\"font-size: large;\">las<\/span><\/span> <span style=\"font-family: Asap;\"><span style=\"font-size: large;\">\u00e1reas,<\/span><\/span> <span style=\"font-family: Asap;\"><span style=\"font-size: large;\">entrevistarse<\/span><\/span> <span style=\"font-family: Asap;\"><span style=\"font-size: large;\">in<\/span><\/span> <span style=\"font-family: Asap;\"><span style=\"font-size: large;\">situ<\/span><\/span> <span style=\"font-family: Asap;\"><span style=\"font-size: large;\">con<\/span><\/span> <span style=\"font-family: Asap;\"><span style=\"font-size: large;\">el<\/span><\/span> <span style=\"font-family: Asap;\"><span style=\"font-size: large;\">personal<\/span><\/span> <span style=\"font-family: Asap;\"><span style=\"font-size: large;\">que<\/span><\/span> <span style=\"font-family: Asap;\"><span style=\"font-size: large;\">se<\/span><\/span> <span style=\"font-family: Asap;\"><span style=\"font-size: large;\">desempe\u00f1a<\/span><\/span> <span style=\"font-family: Asap;\"><span style=\"font-size: large;\">en<\/span><\/span><span style=\"font-family: Asap;\"><span style=\"font-size: large;\">cada<\/span><\/span> <span><span style=\"font-size: large;\">sector, y <\/span><span>verificar\u00a0<\/span><\/span><span style=\"font-family: Asap;\"><span style=\"font-size: large;\">la<\/span><\/span> <span style=\"font-family: Asap;\"><span style=\"font-size: large;\">ubicaci\u00f3n<\/span><\/span> <span style=\"font-family: Asap;\"><span style=\"font-size: large;\">de<\/span><\/span> <span style=\"font-family: Asap;\"><span style=\"font-size: large;\">las<\/span><\/span> <span style=\"font-family: Asap;\"><span style=\"font-size: large;\">casillas,<\/span><\/span> <span style=\"font-family: Asap;\"><span style=\"font-size: large;\">que<\/span><\/span> <span style=\"font-family: Asap;\"><span style=\"font-size: large;\">fueran<\/span><\/span> <span style=\"font-family: Asap;\"><span style=\"font-size: large;\">entregadas<\/span><\/span> <span style=\"font-family: Asap;\"><span style=\"font-size: large;\">a<\/span><\/span> <span style=\"font-family: Asap;\"><span style=\"font-size: large;\">fines<\/span><\/span> <span style=\"font-family: Asap;\"><span style=\"font-size: large;\">de<\/span><\/span> <span style=\"font-family: Asap;\"><span style=\"font-size: large;\">septiembre<\/span><\/span> <span style=\"font-family: Asap;\"><span style=\"font-size: large;\">por<\/span><\/span> <span style=\"font-family: Asap;\"><span style=\"font-size: large;\">el\u00a0<\/span><\/span><span style=\"font-family: Asap;\"><span style=\"font-size: large;\">Gobierno<\/span><\/span> <span style=\"font-family: Asap;\"><span style=\"font-size: large;\">de<\/span><\/span> <span style=\"font-family: Asap;\"><span style=\"font-size: large;\">la<\/span><\/span> <span style=\"font-family: Asap;\"><span style=\"font-size: large;\">Provincia.<\/span><\/span><\/p>\n<p align=\"JUSTIFY\"><span style=\"font-family: Asap;\"><span style=\"font-size: large;\">Migani recorri\u00f3 \u201cPunta Bermeja, La Lober\u00eda\u201d, \u201cBah\u00eda de San Antonio\u201d, \u201cCaleta de Los Loros\u201d, \u00abComplejo Islote Lobos\u00bb y \u201cPuerto Lobos\u201d, \u00c1reas Naturales, que requieren de un especial cuidado y se trabaja para preservar la biodiversidad de los lugares. En R\u00edo Negro estos espacios fueron creados y est\u00e1n amparados por leyes. En su recorrida, Migani mantiene encuentros con los Guardas Ambientales, quienes son los encargados de velar para que se cumpla con la reglamentaci\u00f3n vigente, como as\u00ed tambi\u00e9n informar a turistas y visitantes sobre las ANP.<\/span><\/span><\/p>\n<p align=\"JUSTIFY\"><span style=\"font-family: Asap;\"><span style=\"font-size: large;\">\u201c<\/span><\/span><span style=\"font-family: Asap;\"><span style=\"font-size: large;\">Caleta<\/span><\/span> <span style=\"font-family: Asap;\"><span style=\"font-size: large;\">de<\/span><\/span> <span style=\"font-family: Asap;\"><span style=\"font-size: large;\">los<\/span><\/span> <span style=\"font-family: Asap;\"><span style=\"font-size: large;\">Loros<\/span><\/span><span style=\"font-family: Asap;\"><span style=\"font-size: large;\">\u201d<\/span><\/span><span><span style=\"font-size: large;\">,<\/span><span>\u00a0ti<\/span><\/span><span style=\"font-family: Asap;\"><span style=\"font-size: large;\">ene<\/span><\/span> <span style=\"font-family: Asap;\"><span style=\"font-size: large;\">por<\/span><\/span> <span style=\"font-family: Asap;\"><span style=\"font-size: large;\">objetivo<\/span><\/span> <span style=\"font-family: Asap;\"><span style=\"font-size: large;\">dar<\/span><\/span> <span style=\"font-family: Asap;\"><span style=\"font-size: large;\">un<\/span><\/span> <span style=\"font-family: Asap;\"><span style=\"font-size: large;\">refugio<\/span><\/span> <span style=\"font-family: Asap;\"><span style=\"font-size: large;\">apropiado<\/span><\/span> <span style=\"font-family: Asap;\"><span style=\"font-size: large;\">a<\/span><\/span><span style=\"font-family: Asap;\"><span style=\"font-size: large;\">las<\/span><\/span> <span style=\"font-family: Asap;\"><span style=\"font-size: large;\">poblaciones<\/span><\/span> <span style=\"font-family: Asap;\"><span style=\"font-size: large;\">de<\/span><\/span> <span style=\"font-family: Asap;\"><span style=\"font-size: large;\">lobos<\/span><\/span> <span style=\"font-family: Asap;\"><span style=\"font-size: large;\">marinos<\/span><\/span> <span style=\"font-family: Asap;\"><span style=\"font-size: large;\">que<\/span><\/span> <span style=\"font-family: Asap;\"><span style=\"font-size: large;\">habitan<\/span><\/span> <span style=\"font-family: Asap;\"><span style=\"font-size: large;\">en<\/span><\/span> <span style=\"font-family: Asap;\"><span style=\"font-size: large;\">el<\/span><\/span> <span style=\"font-family: Asap;\"><span style=\"font-size: large;\">Golfo<\/span><\/span> <span style=\"font-family: Asap;\"><span style=\"font-size: large;\">San<\/span><\/span> <span style=\"font-family: Asap;\"><span style=\"font-size: large;\">Mat\u00edas,<\/span><\/span> <span style=\"font-family: Asap;\"><span style=\"font-size: large;\">regular<\/span><\/span> <span style=\"font-family: Asap;\"><span style=\"font-size: large;\">la<\/span><\/span> <span style=\"font-family: Asap;\"><span style=\"font-size: large;\">utilizaci\u00f3n<\/span><\/span> <span style=\"font-family: Asap;\"><span style=\"font-size: large;\">de<\/span><\/span> <span style=\"font-family: Asap;\"><span style=\"font-size: large;\">los<\/span><\/span> <span style=\"font-family: Asap;\"><span style=\"font-size: large;\">recursos<\/span><\/span> <span style=\"font-family: Asap;\"><span style=\"font-size: large;\">costeros<\/span><\/span><span style=\"font-family: Asap;\"><span style=\"font-size: large;\">tales<\/span><\/span> <span style=\"font-family: Asap;\"><span style=\"font-size: large;\">como<\/span><\/span> <span style=\"font-family: Asap;\"><span style=\"font-size: large;\">moluscos<\/span><\/span> <span style=\"font-family: Asap;\"><span style=\"font-size: large;\">y<\/span><\/span> <span style=\"font-family: Asap;\"><span style=\"font-size: large;\">algas;<\/span><\/span> <span style=\"font-family: Asap;\"><span style=\"font-size: large;\">adem\u00e1s<\/span><\/span> <span style=\"font-family: Asap;\"><span style=\"font-size: large;\">de<\/span><\/span> <span style=\"font-family: Asap;\"><span style=\"font-size: large;\">desarrollar<\/span><\/span> <span style=\"font-family: Asap;\"><span style=\"font-size: large;\">un<\/span><\/span> <span style=\"font-family: Asap;\"><span style=\"font-size: large;\">\u00e1rea<\/span><\/span> <span style=\"font-family: Asap;\"><span style=\"font-size: large;\">experimental<\/span><\/span> <span style=\"font-family: Asap;\"><span style=\"font-size: large;\">de<\/span><\/span> <span style=\"font-family: Asap;\"><span style=\"font-size: large;\">cultivo<\/span><\/span> <span style=\"font-family: Asap;\"><span style=\"font-size: large;\">de<\/span><\/span> <span style=\"font-family: Asap;\"><span style=\"font-size: large;\">moluscos,<\/span><\/span> <span style=\"font-family: Asap;\"><span style=\"font-size: large;\">en<\/span><\/span> <span style=\"font-family: Asap;\"><span style=\"font-size: large;\">virtud<\/span><\/span> <span style=\"font-family: Asap;\"><span style=\"font-size: large;\">de<\/span><\/span> <span style=\"font-family: Asap;\"><span style=\"font-size: large;\">la<\/span><\/span> <span style=\"font-family: Asap;\"><span style=\"font-size: large;\">alta<\/span><\/span><span style=\"font-family: Asap;\"><span style=\"font-size: large;\">potencialidad<\/span><\/span> <span style=\"font-family: Asap;\"><span style=\"font-size: large;\">del<\/span><\/span> <span style=\"font-family: Asap;\"><span style=\"font-size: large;\">\u00e1rea<\/span><\/span> <span style=\"font-family: Asap;\"><span style=\"font-size: large;\">seleccionada<\/span><\/span> <span style=\"font-family: Asap;\"><span style=\"font-size: large;\">para<\/span><\/span> <span style=\"font-family: Asap;\"><span style=\"font-size: large;\">tal<\/span><\/span> <span style=\"font-family: Asap;\"><span style=\"font-size: large;\">uso,<\/span><\/span> <span style=\"font-family: Asap;\"><span style=\"font-size: large;\">que<\/span><\/span> <span style=\"font-family: Asap;\"><span style=\"font-size: large;\">permita<\/span><\/span> <span style=\"font-family: Asap;\"><span style=\"font-size: large;\">luego<\/span><\/span> <span style=\"font-family: Asap;\"><span style=\"font-size: large;\">extender<\/span><\/span> <span style=\"font-family: Asap;\"><span style=\"font-size: large;\">la<\/span><\/span> <span style=\"font-family: Asap;\"><span style=\"font-size: large;\">experiencia<\/span><\/span> <span style=\"font-family: Asap;\"><span style=\"font-size: large;\">a<\/span><\/span> <span style=\"font-family: Asap;\"><span style=\"font-size: large;\">la<\/span><\/span> <span style=\"font-family: Asap;\"><span style=\"font-size: large;\">regi\u00f3n,<\/span><\/span> <span style=\"font-family: Asap;\"><span style=\"font-size: large;\">entre<\/span><\/span> <span style=\"font-family: Asap;\"><span style=\"font-size: large;\">otras<\/span><\/span><span style=\"font-family: Asap;\"><span style=\"font-size: large;\">actividades<\/span><\/span> <span style=\"font-family: Asap;\"><span style=\"font-size: large;\">de<\/span><\/span> <span style=\"font-family: Asap;\"><span style=\"font-size: large;\">preservaci\u00f3n.<\/span><\/span><\/p>\n<p align=\"JUSTIFY\"><span style=\"font-family: Asap;\"><span style=\"font-size: large;\">A su vez, la responsable de la Secretar\u00eda de Ambiente recorri\u00f3 la ubicaci\u00f3n de las casillas instaladas recientemente. Las mismas fueron adquiridas por el poder Ejecutivo de R\u00edo Negro, con una inversi\u00f3n de $1.368.500 y entregadas a fines de septiembre por el gobernador Alberto Weretilneck.<\/span><\/span><\/p>\n<p>&nbsp;<\/p>\n","protected":false},"excerpt":{"rendered":"<p>La secretaria de Ambiente y Desarrollo Sustentable, Dina Migani, recorri\u00f3 las \u00c1reas Naturales Protegidas (ANP) de la Costa Atl\u00e1ntica rionegrina [&hellip;]<\/p>\n","protected":false},"author":2,"featured_media":0,"comment_status":"closed","ping_status":"closed","sticky":false,"template":"","format":"standard","meta":{"site-sidebar-layout":"default","site-content-layout":"","ast-site-content-layout":"default","site-content-style":"default","site-sidebar-style":"default","ast-global-header-display":"","ast-banner-title-visibility":"","ast-main-header-display":"","ast-hfb-above-header-display":"","ast-hfb-below-header-display":"","ast-hfb-mobile-header-display":"","site-post-title":"","ast-breadcrumbs-content":"","ast-featured-img":"","footer-sml-layout":"","ast-disable-related-posts":"","theme-transparent-header-meta":"","adv-header-id-meta":"","stick-header-meta":"","header-above-stick-meta":"","header-main-stick-meta":"","header-below-stick-meta":"","astra-migrate-meta-layouts":"default","ast-page-background-enabled":"default","ast-page-background-meta":{"desktop":{"background-color":"var(--ast-global-color-5)","background-image":"","background-repeat":"repeat","background-position":"center center","background-size":"auto","background-attachment":"scroll","background-type":"","background-media":"","overlay-type":"","overlay-color":"","overlay-opacity":"","overlay-gradient":""},"tablet":{"background-color":"","background-image":"","background-repeat":"repeat","background-position":"center center","background-size":"auto","background-attachment":"scroll","background-type":"","background-media":"","overlay-type":"","overlay-color":"","overlay-opacity":"","overlay-gradient":""},"mobile":{"background-color":"","background-image":"","background-repeat":"repeat","background-position":"center center","background-size":"auto","background-attachment":"scroll","background-type":"","background-media":"","overlay-type":"","overlay-color":"","overlay-opacity":"","overlay-gradient":""}},"ast-content-background-meta":{"desktop":{"background-color":"var(--ast-global-color-4)","background-image":"","background-repeat":"repeat","background-position":"center center","background-size":"auto","background-attachment":"scroll","background-type":"","background-media":"","overlay-type":"","overlay-color":"","overlay-opacity":"","overlay-gradient":""},"tablet":{"background-color":"var(--ast-global-color-4)","background-image":"","background-repeat":"repeat","background-position":"center center","background-size":"auto","background-attachment":"scroll","background-type":"","background-media":"","overlay-type":"","overlay-color":"","overlay-opacity":"","overlay-gradient":""},"mobile":{"background-color":"var(--ast-global-color-4)","background-image":"","background-repeat":"repeat","background-position":"center center","background-size":"auto","background-attachment":"scroll","background-type":"","background-media":"","overlay-type":"","overlay-color":"","overlay-opacity":"","overlay-gradient":""}},"footnotes":""},"categories":[1],"tags":[],"class_list":["post-16314","post","type-post","status-publish","format-standard","hentry","category-noticias"],"yoast_head":"<!-- This site is optimized with the Yoast SEO Premium plugin v23.0 (Yoast SEO v27.5) - https:\/\/yoast.com\/product\/yoast-seo-premium-wordpress\/ -->\n<title>La Secretaria de Ambiente recorri\u00f3 las \u00c1reas Naturales Protegidas de la CostaAtl\u00e1ntica<\/title>\n<meta name=\"robots\" content=\"index, follow, max-snippet:-1, max-image-preview:large, max-video-preview:-1\" \/>\n<link rel=\"canonical\" href=\"https:\/\/patagoniambiental.com.ar\/info\/la-secretaria-de-ambiente-recorrio-las-areas-naturales-protegidas-de-la-costaatlantica\/\" \/>\n<meta property=\"og:locale\" content=\"es_ES\" \/>\n<meta property=\"og:type\" content=\"article\" \/>\n<meta property=\"og:title\" content=\"La Secretaria de Ambiente recorri\u00f3 las \u00c1reas Naturales Protegidas de la CostaAtl\u00e1ntica\" \/>\n<meta property=\"og:description\" content=\"La secretaria de Ambiente y Desarrollo Sustentable, Dina Migani, recorri\u00f3 las \u00c1reas Naturales Protegidas (ANP) de la Costa Atl\u00e1ntica rionegrina [&hellip;]\" \/>\n<meta property=\"og:url\" content=\"https:\/\/patagoniambiental.com.ar\/info\/la-secretaria-de-ambiente-recorrio-las-areas-naturales-protegidas-de-la-costaatlantica\/\" \/>\n<meta property=\"og:site_name\" content=\"Patagonia Ambiental\" \/>\n<meta property=\"article:publisher\" content=\"https:\/\/www.facebook.com\/patagonia.ambiental\" \/>\n<meta property=\"article:author\" content=\"https:\/\/www.facebook.com\/share\/1C1V8Gv9BX\/?mibextid=qi2Omg\" \/>\n<meta property=\"article:published_time\" content=\"2016-01-11T12:33:49+00:00\" \/>\n<meta name=\"author\" content=\"Patagonia Ambiental\" \/>\n<meta name=\"twitter:card\" content=\"summary_large_image\" \/>\n<meta name=\"twitter:creator\" content=\"@PatAmb\" \/>\n<meta name=\"twitter:site\" content=\"@PatAmb\" \/>\n<script type=\"application\/ld+json\" class=\"yoast-schema-graph\">{\"@context\":\"https:\\\/\\\/schema.org\",\"@graph\":[{\"@type\":\"Article\",\"@id\":\"https:\\\/\\\/patagoniambiental.com.ar\\\/info\\\/la-secretaria-de-ambiente-recorrio-las-areas-naturales-protegidas-de-la-costaatlantica\\\/#article\",\"isPartOf\":{\"@id\":\"https:\\\/\\\/patagoniambiental.com.ar\\\/info\\\/la-secretaria-de-ambiente-recorrio-las-areas-naturales-protegidas-de-la-costaatlantica\\\/\"},\"author\":{\"name\":\"Patagonia Ambiental\",\"@id\":\"https:\\\/\\\/patagoniambiental.com.ar\\\/info\\\/#\\\/schema\\\/person\\\/db12bff64bbcbf6a253710bf0ea37b5d\"},\"headline\":\"La Secretaria de Ambiente recorri\u00f3 las \u00c1reas Naturales Protegidas de la CostaAtl\u00e1ntica\",\"datePublished\":\"2016-01-11T12:33:49+00:00\",\"mainEntityOfPage\":{\"@id\":\"https:\\\/\\\/patagoniambiental.com.ar\\\/info\\\/la-secretaria-de-ambiente-recorrio-las-areas-naturales-protegidas-de-la-costaatlantica\\\/\"},\"wordCount\":296,\"publisher\":{\"@id\":\"https:\\\/\\\/patagoniambiental.com.ar\\\/info\\\/#organization\"},\"articleSection\":[\"Noticias\"],\"inLanguage\":\"es\"},{\"@type\":\"WebPage\",\"@id\":\"https:\\\/\\\/patagoniambiental.com.ar\\\/info\\\/la-secretaria-de-ambiente-recorrio-las-areas-naturales-protegidas-de-la-costaatlantica\\\/\",\"url\":\"https:\\\/\\\/patagoniambiental.com.ar\\\/info\\\/la-secretaria-de-ambiente-recorrio-las-areas-naturales-protegidas-de-la-costaatlantica\\\/\",\"name\":\"La Secretaria de Ambiente recorri\u00f3 las \u00c1reas Naturales Protegidas de la CostaAtl\u00e1ntica\",\"isPartOf\":{\"@id\":\"https:\\\/\\\/patagoniambiental.com.ar\\\/info\\\/#website\"},\"datePublished\":\"2016-01-11T12:33:49+00:00\",\"breadcrumb\":{\"@id\":\"https:\\\/\\\/patagoniambiental.com.ar\\\/info\\\/la-secretaria-de-ambiente-recorrio-las-areas-naturales-protegidas-de-la-costaatlantica\\\/#breadcrumb\"},\"inLanguage\":\"es\",\"potentialAction\":[{\"@type\":\"ReadAction\",\"target\":[\"https:\\\/\\\/patagoniambiental.com.ar\\\/info\\\/la-secretaria-de-ambiente-recorrio-las-areas-naturales-protegidas-de-la-costaatlantica\\\/\"]}]},{\"@type\":\"BreadcrumbList\",\"@id\":\"https:\\\/\\\/patagoniambiental.com.ar\\\/info\\\/la-secretaria-de-ambiente-recorrio-las-areas-naturales-protegidas-de-la-costaatlantica\\\/#breadcrumb\",\"itemListElement\":[{\"@type\":\"ListItem\",\"position\":1,\"name\":\"Inicio\",\"item\":\"https:\\\/\\\/patagoniambiental.com.ar\\\/info\\\/\"},{\"@type\":\"ListItem\",\"position\":2,\"name\":\"La Secretaria de Ambiente recorri\u00f3 las \u00c1reas Naturales Protegidas de la CostaAtl\u00e1ntica\"}]},{\"@type\":\"WebSite\",\"@id\":\"https:\\\/\\\/patagoniambiental.com.ar\\\/info\\\/#website\",\"url\":\"https:\\\/\\\/patagoniambiental.com.ar\\\/info\\\/\",\"name\":\"Patagonia Ambiental\",\"description\":\"Monitoreo y an\u00e1lisis de la situaci\u00f3n geopol\u00edtica en el mundo y su implicancia en la Patagonia\",\"publisher\":{\"@id\":\"https:\\\/\\\/patagoniambiental.com.ar\\\/info\\\/#organization\"},\"potentialAction\":[{\"@type\":\"SearchAction\",\"target\":{\"@type\":\"EntryPoint\",\"urlTemplate\":\"https:\\\/\\\/patagoniambiental.com.ar\\\/info\\\/?s={search_term_string}\"},\"query-input\":{\"@type\":\"PropertyValueSpecification\",\"valueRequired\":true,\"valueName\":\"search_term_string\"}}],\"inLanguage\":\"es\"},{\"@type\":\"Organization\",\"@id\":\"https:\\\/\\\/patagoniambiental.com.ar\\\/info\\\/#organization\",\"name\":\"Patagonia Ambiental\",\"url\":\"https:\\\/\\\/patagoniambiental.com.ar\\\/info\\\/\",\"logo\":{\"@type\":\"ImageObject\",\"inLanguage\":\"es\",\"@id\":\"https:\\\/\\\/patagoniambiental.com.ar\\\/info\\\/#\\\/schema\\\/logo\\\/image\\\/\",\"url\":\"https:\\\/\\\/patagoniambiental.com.ar\\\/info\\\/wp-content\\\/uploads\\\/2025\\\/05\\\/LOGO-PATAGONIA-AMBIENTAL.png\",\"contentUrl\":\"https:\\\/\\\/patagoniambiental.com.ar\\\/info\\\/wp-content\\\/uploads\\\/2025\\\/05\\\/LOGO-PATAGONIA-AMBIENTAL.png\",\"width\":433,\"height\":250,\"caption\":\"Patagonia Ambiental\"},\"image\":{\"@id\":\"https:\\\/\\\/patagoniambiental.com.ar\\\/info\\\/#\\\/schema\\\/logo\\\/image\\\/\"},\"sameAs\":[\"https:\\\/\\\/www.facebook.com\\\/patagonia.ambiental\",\"https:\\\/\\\/x.com\\\/PatAmb\"]},{\"@type\":\"Person\",\"@id\":\"https:\\\/\\\/patagoniambiental.com.ar\\\/info\\\/#\\\/schema\\\/person\\\/db12bff64bbcbf6a253710bf0ea37b5d\",\"name\":\"Patagonia Ambiental\",\"description\":\"Andr\u00e9s Nievas T\u00e9cnico en manejo ambiental, consultor Ambiental y escritor para medios locales e internacionales sobre temas de geopolitica y medio ambiente.\",\"sameAs\":[\"http:\\\/\\\/www.patagoniambiental.com.ar\",\"https:\\\/\\\/www.facebook.com\\\/share\\\/1C1V8Gv9BX\\\/?mibextid=qi2Omg\",\"@patagoniambiental\",\"https:\\\/\\\/youtube.com\\\/@patagoniaambiental2023?si=BLt58t0wuXquxlYZ\"]}]}<\/script>\n<!-- \/ Yoast SEO Premium plugin. -->","yoast_head_json":{"title":"La Secretaria de Ambiente recorri\u00f3 las \u00c1reas Naturales Protegidas de la CostaAtl\u00e1ntica","robots":{"index":"index","follow":"follow","max-snippet":"max-snippet:-1","max-image-preview":"max-image-preview:large","max-video-preview":"max-video-preview:-1"},"canonical":"https:\/\/patagoniambiental.com.ar\/info\/la-secretaria-de-ambiente-recorrio-las-areas-naturales-protegidas-de-la-costaatlantica\/","og_locale":"es_ES","og_type":"article","og_title":"La Secretaria de Ambiente recorri\u00f3 las \u00c1reas Naturales Protegidas de la CostaAtl\u00e1ntica","og_description":"La secretaria de Ambiente y Desarrollo Sustentable, Dina Migani, recorri\u00f3 las \u00c1reas Naturales Protegidas (ANP) de la Costa Atl\u00e1ntica rionegrina [&hellip;]","og_url":"https:\/\/patagoniambiental.com.ar\/info\/la-secretaria-de-ambiente-recorrio-las-areas-naturales-protegidas-de-la-costaatlantica\/","og_site_name":"Patagonia Ambiental","article_publisher":"https:\/\/www.facebook.com\/patagonia.ambiental","article_author":"https:\/\/www.facebook.com\/share\/1C1V8Gv9BX\/?mibextid=qi2Omg","article_published_time":"2016-01-11T12:33:49+00:00","author":"Patagonia Ambiental","twitter_card":"summary_large_image","twitter_creator":"@PatAmb","twitter_site":"@PatAmb","schema":{"@context":"https:\/\/schema.org","@graph":[{"@type":"Article","@id":"https:\/\/patagoniambiental.com.ar\/info\/la-secretaria-de-ambiente-recorrio-las-areas-naturales-protegidas-de-la-costaatlantica\/#article","isPartOf":{"@id":"https:\/\/patagoniambiental.com.ar\/info\/la-secretaria-de-ambiente-recorrio-las-areas-naturales-protegidas-de-la-costaatlantica\/"},"author":{"name":"Patagonia Ambiental","@id":"https:\/\/patagoniambiental.com.ar\/info\/#\/schema\/person\/db12bff64bbcbf6a253710bf0ea37b5d"},"headline":"La Secretaria de Ambiente recorri\u00f3 las \u00c1reas Naturales Protegidas de la CostaAtl\u00e1ntica","datePublished":"2016-01-11T12:33:49+00:00","mainEntityOfPage":{"@id":"https:\/\/patagoniambiental.com.ar\/info\/la-secretaria-de-ambiente-recorrio-las-areas-naturales-protegidas-de-la-costaatlantica\/"},"wordCount":296,"publisher":{"@id":"https:\/\/patagoniambiental.com.ar\/info\/#organization"},"articleSection":["Noticias"],"inLanguage":"es"},{"@type":"WebPage","@id":"https:\/\/patagoniambiental.com.ar\/info\/la-secretaria-de-ambiente-recorrio-las-areas-naturales-protegidas-de-la-costaatlantica\/","url":"https:\/\/patagoniambiental.com.ar\/info\/la-secretaria-de-ambiente-recorrio-las-areas-naturales-protegidas-de-la-costaatlantica\/","name":"La Secretaria de Ambiente recorri\u00f3 las \u00c1reas Naturales Protegidas de la CostaAtl\u00e1ntica","isPartOf":{"@id":"https:\/\/patagoniambiental.com.ar\/info\/#website"},"datePublished":"2016-01-11T12:33:49+00:00","breadcrumb":{"@id":"https:\/\/patagoniambiental.com.ar\/info\/la-secretaria-de-ambiente-recorrio-las-areas-naturales-protegidas-de-la-costaatlantica\/#breadcrumb"},"inLanguage":"es","potentialAction":[{"@type":"ReadAction","target":["https:\/\/patagoniambiental.com.ar\/info\/la-secretaria-de-ambiente-recorrio-las-areas-naturales-protegidas-de-la-costaatlantica\/"]}]},{"@type":"BreadcrumbList","@id":"https:\/\/patagoniambiental.com.ar\/info\/la-secretaria-de-ambiente-recorrio-las-areas-naturales-protegidas-de-la-costaatlantica\/#breadcrumb","itemListElement":[{"@type":"ListItem","position":1,"name":"Inicio","item":"https:\/\/patagoniambiental.com.ar\/info\/"},{"@type":"ListItem","position":2,"name":"La Secretaria de Ambiente recorri\u00f3 las \u00c1reas Naturales Protegidas de la CostaAtl\u00e1ntica"}]},{"@type":"WebSite","@id":"https:\/\/patagoniambiental.com.ar\/info\/#website","url":"https:\/\/patagoniambiental.com.ar\/info\/","name":"Patagonia Ambiental","description":"Monitoreo y an\u00e1lisis de la situaci\u00f3n geopol\u00edtica en el mundo y su implicancia en la Patagonia","publisher":{"@id":"https:\/\/patagoniambiental.com.ar\/info\/#organization"},"potentialAction":[{"@type":"SearchAction","target":{"@type":"EntryPoint","urlTemplate":"https:\/\/patagoniambiental.com.ar\/info\/?s={search_term_string}"},"query-input":{"@type":"PropertyValueSpecification","valueRequired":true,"valueName":"search_term_string"}}],"inLanguage":"es"},{"@type":"Organization","@id":"https:\/\/patagoniambiental.com.ar\/info\/#organization","name":"Patagonia Ambiental","url":"https:\/\/patagoniambiental.com.ar\/info\/","logo":{"@type":"ImageObject","inLanguage":"es","@id":"https:\/\/patagoniambiental.com.ar\/info\/#\/schema\/logo\/image\/","url":"https:\/\/patagoniambiental.com.ar\/info\/wp-content\/uploads\/2025\/05\/LOGO-PATAGONIA-AMBIENTAL.png","contentUrl":"https:\/\/patagoniambiental.com.ar\/info\/wp-content\/uploads\/2025\/05\/LOGO-PATAGONIA-AMBIENTAL.png","width":433,"height":250,"caption":"Patagonia Ambiental"},"image":{"@id":"https:\/\/patagoniambiental.com.ar\/info\/#\/schema\/logo\/image\/"},"sameAs":["https:\/\/www.facebook.com\/patagonia.ambiental","https:\/\/x.com\/PatAmb"]},{"@type":"Person","@id":"https:\/\/patagoniambiental.com.ar\/info\/#\/schema\/person\/db12bff64bbcbf6a253710bf0ea37b5d","name":"Patagonia Ambiental","description":"Andr\u00e9s Nievas T\u00e9cnico en manejo ambiental, consultor Ambiental y escritor para medios locales e internacionales sobre temas de geopolitica y medio ambiente.","sameAs":["http:\/\/www.patagoniambiental.com.ar","https:\/\/www.facebook.com\/share\/1C1V8Gv9BX\/?mibextid=qi2Omg","@patagoniambiental","https:\/\/youtube.com\/@patagoniaambiental2023?si=BLt58t0wuXquxlYZ"]}]}},"_links":{"self":[{"href":"https:\/\/patagoniambiental.com.ar\/info\/wp-json\/wp\/v2\/posts\/16314","targetHints":{"allow":["GET"]}}],"collection":[{"href":"https:\/\/patagoniambiental.com.ar\/info\/wp-json\/wp\/v2\/posts"}],"about":[{"href":"https:\/\/patagoniambiental.com.ar\/info\/wp-json\/wp\/v2\/types\/post"}],"author":[{"embeddable":true,"href":"https:\/\/patagoniambiental.com.ar\/info\/wp-json\/wp\/v2\/users\/2"}],"replies":[{"embeddable":true,"href":"https:\/\/patagoniambiental.com.ar\/info\/wp-json\/wp\/v2\/comments?post=16314"}],"version-history":[{"count":0,"href":"https:\/\/patagoniambiental.com.ar\/info\/wp-json\/wp\/v2\/posts\/16314\/revisions"}],"wp:attachment":[{"href":"https:\/\/patagoniambiental.com.ar\/info\/wp-json\/wp\/v2\/media?parent=16314"}],"wp:term":[{"taxonomy":"category","embeddable":true,"href":"https:\/\/patagoniambiental.com.ar\/info\/wp-json\/wp\/v2\/categories?post=16314"},{"taxonomy":"post_tag","embeddable":true,"href":"https:\/\/patagoniambiental.com.ar\/info\/wp-json\/wp\/v2\/tags?post=16314"}],"curies":[{"name":"wp","href":"https:\/\/api.w.org\/{rel}","templated":true}]}}