{"id":16317,"date":"2016-01-11T09:38:42","date_gmt":"2016-01-11T12:38:42","guid":{"rendered":"http:\/\/patagoniambiental.com.ar\/?p=16317"},"modified":"2016-01-11T09:38:42","modified_gmt":"2016-01-11T12:38:42","slug":"ciencia-aportara-experiencia-para-protocolizar-la-prevencion-de-incendios-forestales-en-chubut","status":"publish","type":"post","link":"https:\/\/patagoniambiental.com.ar\/info\/ciencia-aportara-experiencia-para-protocolizar-la-prevencion-de-incendios-forestales-en-chubut\/","title":{"rendered":"Ciencia aportar\u00e1 experiencia para protocolizar la prevenci\u00f3n de incendios forestales en Chubut"},"content":{"rendered":"<p id=\"titulo_amp\">Autoridades de la cartera de Ciencia visitaron la provincia de Chubut con el objetivo de articular acciones en temas de inter\u00e9s conjunto con las dependencias provinciales de ambiente y ciencia.<\/p>\n<div id=\"cuerpo_amp\" class=\"texto\">\n<p>El secretario de Articulaci\u00f3n Cient\u00edfico Tecnol\u00f3gica del Ministerio de Ciencia, Tecnolog\u00eda e Innovaci\u00f3n Productiva, Lic. Agust\u00edn Campero, y el Ministro de Ambiente y Control del Desarrollo Sustentable de la provincia del Chubut, Lic. Ignacio Agulleiro, encabezaron\u00a0esta ma\u00f1ana\u00a0en el Centro Nacional Patag\u00f3nico CONICET (CENPAT), una mesa de trabajo para avanzar en la transferencia hacia la provincia de conocimientos obtenidos durante la formulaci\u00f3n del \u201cProtocolo Interinstitucional de Gesti\u00f3n de Informaci\u00f3n en etapa de preparaci\u00f3n para la Emergencia: Incendios Forestales, Rurales y de Interfase en el territorio argentino\u201d, elaborado por la Comisi\u00f3n de Trabajo de Gesti\u00f3n de Riesgo (CTGR) actuante en la \u00f3rbita de la cartera cient\u00edfica.<\/p>\n<p>El prop\u00f3sito del protocolo es articular el acceso a los datos e informaci\u00f3n que generan los distintos organismos nacionales competentes, as\u00ed como gestionar y promover la investigaci\u00f3n y el desarrollo de nuevas tecnolog\u00edas para evaluar la potencialidad de peligro de incendios. La implementaci\u00f3n del protocolo permitir\u00e1 ampliar el alcance de los informes de monitoreo y alerta de condiciones de peligro cr\u00edtico que peri\u00f3dicamente elabora el Servicio Nacional de Manejo del Fuego, al incorporar la informaci\u00f3n del resto de las instituciones intervinientes en el protocolo con el objetivo de reducir da\u00f1os a la integridad psicof\u00edsica y econ\u00f3mica de la poblaci\u00f3n, a la infraestructura p\u00fablica, a los procesos socio productivos y minimizar los efectos negativos sobre el ambiente.<\/p>\n<p>Los incendios forestales son una seria amenaza para la provincia del Chubut, sobre todo hacia finales del verano, particularmente en el mes de marzo. A su vez, en el municipio de Puerto Madryn, se suelen registrar con frecuencia incendios de interfase.<\/p>\n<p>El encuentro, propiciado por el director del CENPAT, Dr. Rolando Gonz\u00e1lez-Jos\u00e9; cont\u00f3 con la participaci\u00f3n, en representaci\u00f3n de la cartera nacional de Ciencia, del subsecretario de Coordinaci\u00f3n Institucional, Dr. Sergio Matheos; y el secretario ejecutivo de la Comisi\u00f3n de Trabajo de Gesti\u00f3n de Riesgo, Lic. Miguel Mart\u00edn. La Dra.Mar\u00eda del Carmen Dentoni, concurri\u00f3 en representaci\u00f3n de la sede Esquel del Sistema Nacional de Manejo del Fuego dependiente del Ministerio de Ambiente y Desarrollo Sustentable de la Naci\u00f3n. Por parte del gobierno provincial tambi\u00e9n estuvieron presentes el ministro de la Producci\u00f3n, Hern\u00e1n Alonso; la secretaria de Ciencia, Tecnolog\u00eda e Innovaci\u00f3n Productiva, Lic. Noelia Corval\u00e1n; el subsecretario de Protecci\u00f3n Ciudadana, Pablo Garc\u00eda, y el director general de Defensa Civil, Pablo Lapizondo. Finalmente, en representaci\u00f3n de la Municipalidad de Puerto Madryn particip\u00f3 la directora de Ciencia y Tecnolog\u00eda, Ver\u00f3nica\u00a0S\u00e1nchez.<\/p>\n<p>Hacia el final de la reuni\u00f3n y a modo de conclusi\u00f3n, el secretario Campero expres\u00f3:\u00a0\u201cPonemos a disposici\u00f3n todo lo que pueda hacer el Ministerio para contribuir a la articulaci\u00f3n entre las distintas instituciones que pueden intervenir y transmitir la experiencia\u201d. El titular de la secretar\u00eda de Articulaci\u00f3n Cient\u00edfico Tecnol\u00f3gica sostuvo adem\u00e1s:\u00a0\u201cTenemos muchos desaf\u00edos por delante que apuntan a generar algunas facilidades con las provincias en aquellas \u00e1reas que se consideren prioritarias para el dise\u00f1o de pol\u00edticas que requieran una aproximaci\u00f3n m\u00e1s cient\u00edfica\u201d. Finalmente, Campero indic\u00f3 que se va realizar una tarea de profundizaci\u00f3n en la federalizaci\u00f3n de la ciencia y la tecnolog\u00eda, consensuada y encomendada por el ministro Bara\u00f1ao.<\/p>\n<p>Durante la sesi\u00f3n vespertina de la jornada se avanz\u00f3 en una agenda de temas de inter\u00e9s conjunto entre el Centro Nacional Patag\u00f3nico CONICET (CENPAT), la provincia y la Secretar\u00eda de Articulaci\u00f3n Cient\u00edfico Tecnol\u00f3gica. Entre otros temas, se discurri\u00f3 sobre la iniciativa \u201cPoblAr\u201d, que apunta a la conformaci\u00f3n de un centro de referencia gen\u00f3mico poblacional; y sobre la posibilidad del CENPAT de participar de la Red de Laboratorios Forenses.<\/p>\n<\/div>\n","protected":false},"excerpt":{"rendered":"<p>Autoridades de la cartera de Ciencia visitaron la provincia de Chubut con el objetivo de articular acciones en temas de [&hellip;]<\/p>\n","protected":false},"author":2,"featured_media":0,"comment_status":"closed","ping_status":"closed","sticky":false,"template":"","format":"standard","meta":{"site-sidebar-layout":"default","site-content-layout":"","ast-site-content-layout":"default","site-content-style":"default","site-sidebar-style":"default","ast-global-header-display":"","ast-banner-title-visibility":"","ast-main-header-display":"","ast-hfb-above-header-display":"","ast-hfb-below-header-display":"","ast-hfb-mobile-header-display":"","site-post-title":"","ast-breadcrumbs-content":"","ast-featured-img":"","footer-sml-layout":"","ast-disable-related-posts":"","theme-transparent-header-meta":"","adv-header-id-meta":"","stick-header-meta":"","header-above-stick-meta":"","header-main-stick-meta":"","header-below-stick-meta":"","astra-migrate-meta-layouts":"default","ast-page-background-enabled":"default","ast-page-background-meta":{"desktop":{"background-color":"var(--ast-global-color-5)","background-image":"","background-repeat":"repeat","background-position":"center center","background-size":"auto","background-attachment":"scroll","background-type":"","background-media":"","overlay-type":"","overlay-color":"","overlay-opacity":"","overlay-gradient":""},"tablet":{"background-color":"","background-image":"","background-repeat":"repeat","background-position":"center center","background-size":"auto","background-attachment":"scroll","background-type":"","background-media":"","overlay-type":"","overlay-color":"","overlay-opacity":"","overlay-gradient":""},"mobile":{"background-color":"","background-image":"","background-repeat":"repeat","background-position":"center center","background-size":"auto","background-attachment":"scroll","background-type":"","background-media":"","overlay-type":"","overlay-color":"","overlay-opacity":"","overlay-gradient":""}},"ast-content-background-meta":{"desktop":{"background-color":"var(--ast-global-color-4)","background-image":"","background-repeat":"repeat","background-position":"center center","background-size":"auto","background-attachment":"scroll","background-type":"","background-media":"","overlay-type":"","overlay-color":"","overlay-opacity":"","overlay-gradient":""},"tablet":{"background-color":"var(--ast-global-color-4)","background-image":"","background-repeat":"repeat","background-position":"center center","background-size":"auto","background-attachment":"scroll","background-type":"","background-media":"","overlay-type":"","overlay-color":"","overlay-opacity":"","overlay-gradient":""},"mobile":{"background-color":"var(--ast-global-color-4)","background-image":"","background-repeat":"repeat","background-position":"center center","background-size":"auto","background-attachment":"scroll","background-type":"","background-media":"","overlay-type":"","overlay-color":"","overlay-opacity":"","overlay-gradient":""}},"footnotes":""},"categories":[1],"tags":[],"class_list":["post-16317","post","type-post","status-publish","format-standard","hentry","category-noticias"],"yoast_head":"<!-- This site is optimized with the Yoast SEO Premium plugin v23.0 (Yoast SEO v27.5) - https:\/\/yoast.com\/product\/yoast-seo-premium-wordpress\/ -->\n<title>Ciencia aportar\u00e1 experiencia para protocolizar la prevenci\u00f3n de incendios forestales en Chubut<\/title>\n<meta name=\"robots\" content=\"index, follow, max-snippet:-1, max-image-preview:large, max-video-preview:-1\" \/>\n<link rel=\"canonical\" href=\"https:\/\/patagoniambiental.com.ar\/info\/ciencia-aportara-experiencia-para-protocolizar-la-prevencion-de-incendios-forestales-en-chubut\/\" \/>\n<meta property=\"og:locale\" content=\"es_ES\" \/>\n<meta property=\"og:type\" content=\"article\" \/>\n<meta property=\"og:title\" content=\"Ciencia aportar\u00e1 experiencia para protocolizar la prevenci\u00f3n de incendios forestales en Chubut\" \/>\n<meta property=\"og:description\" content=\"Autoridades de la cartera de Ciencia visitaron la provincia de Chubut con el objetivo de articular acciones en temas de [&hellip;]\" \/>\n<meta property=\"og:url\" content=\"https:\/\/patagoniambiental.com.ar\/info\/ciencia-aportara-experiencia-para-protocolizar-la-prevencion-de-incendios-forestales-en-chubut\/\" \/>\n<meta property=\"og:site_name\" content=\"Patagonia Ambiental\" \/>\n<meta property=\"article:publisher\" content=\"https:\/\/www.facebook.com\/patagonia.ambiental\" \/>\n<meta property=\"article:author\" content=\"https:\/\/www.facebook.com\/share\/1C1V8Gv9BX\/?mibextid=qi2Omg\" \/>\n<meta property=\"article:published_time\" content=\"2016-01-11T12:38:42+00:00\" \/>\n<meta name=\"author\" content=\"Patagonia Ambiental\" \/>\n<meta name=\"twitter:card\" content=\"summary_large_image\" \/>\n<meta name=\"twitter:creator\" content=\"@PatAmb\" \/>\n<meta name=\"twitter:site\" content=\"@PatAmb\" \/>\n<script type=\"application\/ld+json\" class=\"yoast-schema-graph\">{\"@context\":\"https:\\\/\\\/schema.org\",\"@graph\":[{\"@type\":\"Article\",\"@id\":\"https:\\\/\\\/patagoniambiental.com.ar\\\/info\\\/ciencia-aportara-experiencia-para-protocolizar-la-prevencion-de-incendios-forestales-en-chubut\\\/#article\",\"isPartOf\":{\"@id\":\"https:\\\/\\\/patagoniambiental.com.ar\\\/info\\\/ciencia-aportara-experiencia-para-protocolizar-la-prevencion-de-incendios-forestales-en-chubut\\\/\"},\"author\":{\"name\":\"Patagonia Ambiental\",\"@id\":\"https:\\\/\\\/patagoniambiental.com.ar\\\/info\\\/#\\\/schema\\\/person\\\/db12bff64bbcbf6a253710bf0ea37b5d\"},\"headline\":\"Ciencia aportar\u00e1 experiencia para protocolizar la prevenci\u00f3n de incendios forestales en Chubut\",\"datePublished\":\"2016-01-11T12:38:42+00:00\",\"mainEntityOfPage\":{\"@id\":\"https:\\\/\\\/patagoniambiental.com.ar\\\/info\\\/ciencia-aportara-experiencia-para-protocolizar-la-prevencion-de-incendios-forestales-en-chubut\\\/\"},\"wordCount\":702,\"publisher\":{\"@id\":\"https:\\\/\\\/patagoniambiental.com.ar\\\/info\\\/#organization\"},\"articleSection\":[\"Noticias\"],\"inLanguage\":\"es\"},{\"@type\":\"WebPage\",\"@id\":\"https:\\\/\\\/patagoniambiental.com.ar\\\/info\\\/ciencia-aportara-experiencia-para-protocolizar-la-prevencion-de-incendios-forestales-en-chubut\\\/\",\"url\":\"https:\\\/\\\/patagoniambiental.com.ar\\\/info\\\/ciencia-aportara-experiencia-para-protocolizar-la-prevencion-de-incendios-forestales-en-chubut\\\/\",\"name\":\"Ciencia aportar\u00e1 experiencia para protocolizar la prevenci\u00f3n de incendios forestales en Chubut\",\"isPartOf\":{\"@id\":\"https:\\\/\\\/patagoniambiental.com.ar\\\/info\\\/#website\"},\"datePublished\":\"2016-01-11T12:38:42+00:00\",\"breadcrumb\":{\"@id\":\"https:\\\/\\\/patagoniambiental.com.ar\\\/info\\\/ciencia-aportara-experiencia-para-protocolizar-la-prevencion-de-incendios-forestales-en-chubut\\\/#breadcrumb\"},\"inLanguage\":\"es\",\"potentialAction\":[{\"@type\":\"ReadAction\",\"target\":[\"https:\\\/\\\/patagoniambiental.com.ar\\\/info\\\/ciencia-aportara-experiencia-para-protocolizar-la-prevencion-de-incendios-forestales-en-chubut\\\/\"]}]},{\"@type\":\"BreadcrumbList\",\"@id\":\"https:\\\/\\\/patagoniambiental.com.ar\\\/info\\\/ciencia-aportara-experiencia-para-protocolizar-la-prevencion-de-incendios-forestales-en-chubut\\\/#breadcrumb\",\"itemListElement\":[{\"@type\":\"ListItem\",\"position\":1,\"name\":\"Inicio\",\"item\":\"https:\\\/\\\/patagoniambiental.com.ar\\\/info\\\/\"},{\"@type\":\"ListItem\",\"position\":2,\"name\":\"Ciencia aportar\u00e1 experiencia para protocolizar la prevenci\u00f3n de incendios forestales en Chubut\"}]},{\"@type\":\"WebSite\",\"@id\":\"https:\\\/\\\/patagoniambiental.com.ar\\\/info\\\/#website\",\"url\":\"https:\\\/\\\/patagoniambiental.com.ar\\\/info\\\/\",\"name\":\"Patagonia Ambiental\",\"description\":\"Monitoreo y an\u00e1lisis de la situaci\u00f3n geopol\u00edtica en el mundo y su implicancia en la Patagonia\",\"publisher\":{\"@id\":\"https:\\\/\\\/patagoniambiental.com.ar\\\/info\\\/#organization\"},\"potentialAction\":[{\"@type\":\"SearchAction\",\"target\":{\"@type\":\"EntryPoint\",\"urlTemplate\":\"https:\\\/\\\/patagoniambiental.com.ar\\\/info\\\/?s={search_term_string}\"},\"query-input\":{\"@type\":\"PropertyValueSpecification\",\"valueRequired\":true,\"valueName\":\"search_term_string\"}}],\"inLanguage\":\"es\"},{\"@type\":\"Organization\",\"@id\":\"https:\\\/\\\/patagoniambiental.com.ar\\\/info\\\/#organization\",\"name\":\"Patagonia Ambiental\",\"url\":\"https:\\\/\\\/patagoniambiental.com.ar\\\/info\\\/\",\"logo\":{\"@type\":\"ImageObject\",\"inLanguage\":\"es\",\"@id\":\"https:\\\/\\\/patagoniambiental.com.ar\\\/info\\\/#\\\/schema\\\/logo\\\/image\\\/\",\"url\":\"https:\\\/\\\/patagoniambiental.com.ar\\\/info\\\/wp-content\\\/uploads\\\/2025\\\/05\\\/LOGO-PATAGONIA-AMBIENTAL.png\",\"contentUrl\":\"https:\\\/\\\/patagoniambiental.com.ar\\\/info\\\/wp-content\\\/uploads\\\/2025\\\/05\\\/LOGO-PATAGONIA-AMBIENTAL.png\",\"width\":433,\"height\":250,\"caption\":\"Patagonia Ambiental\"},\"image\":{\"@id\":\"https:\\\/\\\/patagoniambiental.com.ar\\\/info\\\/#\\\/schema\\\/logo\\\/image\\\/\"},\"sameAs\":[\"https:\\\/\\\/www.facebook.com\\\/patagonia.ambiental\",\"https:\\\/\\\/x.com\\\/PatAmb\"]},{\"@type\":\"Person\",\"@id\":\"https:\\\/\\\/patagoniambiental.com.ar\\\/info\\\/#\\\/schema\\\/person\\\/db12bff64bbcbf6a253710bf0ea37b5d\",\"name\":\"Patagonia Ambiental\",\"description\":\"Andr\u00e9s Nievas T\u00e9cnico en manejo ambiental, consultor Ambiental y escritor para medios locales e internacionales sobre temas de geopolitica y medio ambiente.\",\"sameAs\":[\"http:\\\/\\\/www.patagoniambiental.com.ar\",\"https:\\\/\\\/www.facebook.com\\\/share\\\/1C1V8Gv9BX\\\/?mibextid=qi2Omg\",\"@patagoniambiental\",\"https:\\\/\\\/youtube.com\\\/@patagoniaambiental2023?si=BLt58t0wuXquxlYZ\"]}]}<\/script>\n<!-- \/ Yoast SEO Premium plugin. -->","yoast_head_json":{"title":"Ciencia aportar\u00e1 experiencia para protocolizar la prevenci\u00f3n de incendios forestales en Chubut","robots":{"index":"index","follow":"follow","max-snippet":"max-snippet:-1","max-image-preview":"max-image-preview:large","max-video-preview":"max-video-preview:-1"},"canonical":"https:\/\/patagoniambiental.com.ar\/info\/ciencia-aportara-experiencia-para-protocolizar-la-prevencion-de-incendios-forestales-en-chubut\/","og_locale":"es_ES","og_type":"article","og_title":"Ciencia aportar\u00e1 experiencia para protocolizar la prevenci\u00f3n de incendios forestales en Chubut","og_description":"Autoridades de la cartera de Ciencia visitaron la provincia de Chubut con el objetivo de articular acciones en temas de [&hellip;]","og_url":"https:\/\/patagoniambiental.com.ar\/info\/ciencia-aportara-experiencia-para-protocolizar-la-prevencion-de-incendios-forestales-en-chubut\/","og_site_name":"Patagonia Ambiental","article_publisher":"https:\/\/www.facebook.com\/patagonia.ambiental","article_author":"https:\/\/www.facebook.com\/share\/1C1V8Gv9BX\/?mibextid=qi2Omg","article_published_time":"2016-01-11T12:38:42+00:00","author":"Patagonia Ambiental","twitter_card":"summary_large_image","twitter_creator":"@PatAmb","twitter_site":"@PatAmb","schema":{"@context":"https:\/\/schema.org","@graph":[{"@type":"Article","@id":"https:\/\/patagoniambiental.com.ar\/info\/ciencia-aportara-experiencia-para-protocolizar-la-prevencion-de-incendios-forestales-en-chubut\/#article","isPartOf":{"@id":"https:\/\/patagoniambiental.com.ar\/info\/ciencia-aportara-experiencia-para-protocolizar-la-prevencion-de-incendios-forestales-en-chubut\/"},"author":{"name":"Patagonia Ambiental","@id":"https:\/\/patagoniambiental.com.ar\/info\/#\/schema\/person\/db12bff64bbcbf6a253710bf0ea37b5d"},"headline":"Ciencia aportar\u00e1 experiencia para protocolizar la prevenci\u00f3n de incendios forestales en Chubut","datePublished":"2016-01-11T12:38:42+00:00","mainEntityOfPage":{"@id":"https:\/\/patagoniambiental.com.ar\/info\/ciencia-aportara-experiencia-para-protocolizar-la-prevencion-de-incendios-forestales-en-chubut\/"},"wordCount":702,"publisher":{"@id":"https:\/\/patagoniambiental.com.ar\/info\/#organization"},"articleSection":["Noticias"],"inLanguage":"es"},{"@type":"WebPage","@id":"https:\/\/patagoniambiental.com.ar\/info\/ciencia-aportara-experiencia-para-protocolizar-la-prevencion-de-incendios-forestales-en-chubut\/","url":"https:\/\/patagoniambiental.com.ar\/info\/ciencia-aportara-experiencia-para-protocolizar-la-prevencion-de-incendios-forestales-en-chubut\/","name":"Ciencia aportar\u00e1 experiencia para protocolizar la prevenci\u00f3n de incendios forestales en Chubut","isPartOf":{"@id":"https:\/\/patagoniambiental.com.ar\/info\/#website"},"datePublished":"2016-01-11T12:38:42+00:00","breadcrumb":{"@id":"https:\/\/patagoniambiental.com.ar\/info\/ciencia-aportara-experiencia-para-protocolizar-la-prevencion-de-incendios-forestales-en-chubut\/#breadcrumb"},"inLanguage":"es","potentialAction":[{"@type":"ReadAction","target":["https:\/\/patagoniambiental.com.ar\/info\/ciencia-aportara-experiencia-para-protocolizar-la-prevencion-de-incendios-forestales-en-chubut\/"]}]},{"@type":"BreadcrumbList","@id":"https:\/\/patagoniambiental.com.ar\/info\/ciencia-aportara-experiencia-para-protocolizar-la-prevencion-de-incendios-forestales-en-chubut\/#breadcrumb","itemListElement":[{"@type":"ListItem","position":1,"name":"Inicio","item":"https:\/\/patagoniambiental.com.ar\/info\/"},{"@type":"ListItem","position":2,"name":"Ciencia aportar\u00e1 experiencia para protocolizar la prevenci\u00f3n de incendios forestales en Chubut"}]},{"@type":"WebSite","@id":"https:\/\/patagoniambiental.com.ar\/info\/#website","url":"https:\/\/patagoniambiental.com.ar\/info\/","name":"Patagonia Ambiental","description":"Monitoreo y an\u00e1lisis de la situaci\u00f3n geopol\u00edtica en el mundo y su implicancia en la Patagonia","publisher":{"@id":"https:\/\/patagoniambiental.com.ar\/info\/#organization"},"potentialAction":[{"@type":"SearchAction","target":{"@type":"EntryPoint","urlTemplate":"https:\/\/patagoniambiental.com.ar\/info\/?s={search_term_string}"},"query-input":{"@type":"PropertyValueSpecification","valueRequired":true,"valueName":"search_term_string"}}],"inLanguage":"es"},{"@type":"Organization","@id":"https:\/\/patagoniambiental.com.ar\/info\/#organization","name":"Patagonia Ambiental","url":"https:\/\/patagoniambiental.com.ar\/info\/","logo":{"@type":"ImageObject","inLanguage":"es","@id":"https:\/\/patagoniambiental.com.ar\/info\/#\/schema\/logo\/image\/","url":"https:\/\/patagoniambiental.com.ar\/info\/wp-content\/uploads\/2025\/05\/LOGO-PATAGONIA-AMBIENTAL.png","contentUrl":"https:\/\/patagoniambiental.com.ar\/info\/wp-content\/uploads\/2025\/05\/LOGO-PATAGONIA-AMBIENTAL.png","width":433,"height":250,"caption":"Patagonia Ambiental"},"image":{"@id":"https:\/\/patagoniambiental.com.ar\/info\/#\/schema\/logo\/image\/"},"sameAs":["https:\/\/www.facebook.com\/patagonia.ambiental","https:\/\/x.com\/PatAmb"]},{"@type":"Person","@id":"https:\/\/patagoniambiental.com.ar\/info\/#\/schema\/person\/db12bff64bbcbf6a253710bf0ea37b5d","name":"Patagonia Ambiental","description":"Andr\u00e9s Nievas T\u00e9cnico en manejo ambiental, consultor Ambiental y escritor para medios locales e internacionales sobre temas de geopolitica y medio ambiente.","sameAs":["http:\/\/www.patagoniambiental.com.ar","https:\/\/www.facebook.com\/share\/1C1V8Gv9BX\/?mibextid=qi2Omg","@patagoniambiental","https:\/\/youtube.com\/@patagoniaambiental2023?si=BLt58t0wuXquxlYZ"]}]}},"_links":{"self":[{"href":"https:\/\/patagoniambiental.com.ar\/info\/wp-json\/wp\/v2\/posts\/16317","targetHints":{"allow":["GET"]}}],"collection":[{"href":"https:\/\/patagoniambiental.com.ar\/info\/wp-json\/wp\/v2\/posts"}],"about":[{"href":"https:\/\/patagoniambiental.com.ar\/info\/wp-json\/wp\/v2\/types\/post"}],"author":[{"embeddable":true,"href":"https:\/\/patagoniambiental.com.ar\/info\/wp-json\/wp\/v2\/users\/2"}],"replies":[{"embeddable":true,"href":"https:\/\/patagoniambiental.com.ar\/info\/wp-json\/wp\/v2\/comments?post=16317"}],"version-history":[{"count":0,"href":"https:\/\/patagoniambiental.com.ar\/info\/wp-json\/wp\/v2\/posts\/16317\/revisions"}],"wp:attachment":[{"href":"https:\/\/patagoniambiental.com.ar\/info\/wp-json\/wp\/v2\/media?parent=16317"}],"wp:term":[{"taxonomy":"category","embeddable":true,"href":"https:\/\/patagoniambiental.com.ar\/info\/wp-json\/wp\/v2\/categories?post=16317"},{"taxonomy":"post_tag","embeddable":true,"href":"https:\/\/patagoniambiental.com.ar\/info\/wp-json\/wp\/v2\/tags?post=16317"}],"curies":[{"name":"wp","href":"https:\/\/api.w.org\/{rel}","templated":true}]}}