{"id":16341,"date":"2016-01-13T09:01:03","date_gmt":"2016-01-13T12:01:03","guid":{"rendered":"http:\/\/patagoniambiental.com.ar\/?p=16341"},"modified":"2016-01-13T09:01:03","modified_gmt":"2016-01-13T12:01:03","slug":"obama-presionara-para-lograr-cambios-en-el-uso-de-combustibles-fosiles","status":"publish","type":"post","link":"https:\/\/patagoniambiental.com.ar\/info\/obama-presionara-para-lograr-cambios-en-el-uso-de-combustibles-fosiles\/","title":{"rendered":"Obama presionar\u00e1 para lograr \u201ccambios\u201d en el uso de combustibles f\u00f3siles"},"content":{"rendered":"<p>El presidente de Estados Unidos, Barack Obama, asegur\u00f3 hoy en su \u00faltimo discurso del Estado de la Uni\u00f3n, que presionar\u00e1 para que haya \u00abcambios\u00bb en la forma como EE.UU. maneja el petr\u00f3leo y el carb\u00f3n, redoblando as\u00ed su apuesta por las energ\u00edas limpias y la lucha contra el cambio clim\u00e1tico.<\/p>\n<p>\u201cEn lugar de subsidiar el pasado, debemos invertir en el futuro, especialmente en las comunidades que viven de los combustibles f\u00f3siles. Por eso voy a presionar para cambiar la manera como manejamos nuestros recursos de petr\u00f3leo y de carb\u00f3n, para que reflejen mejor los costes que suponen para los contribuyentes y el planeta\u201d, apunt\u00f3 Obama ante ambas c\u00e1maras del Congreso.<\/p>\n<p>El presidente estadounidense admiti\u00f3 que \u201cnada de esto suceder\u00e1 en una noche\u201d y que hay muchos \u201cintereses\u201d que quieren proteger el status quo, pero asegur\u00f3 que la creaci\u00f3n de empleo, el ahorro y la preservaci\u00f3n del planeta \u201ces lo que merecen nuestros hijos y nietos\u201d.<\/p>\n<p>\u201cAunque no fuese el planeta lo que estuviese en juego, aunque 2014 no fuese el a\u00f1o m\u00e1s caluroso jam\u00e1s registrado -hasta que 2015 result\u00f3 a\u00fan m\u00e1s c\u00e1lido-, \u00bfpor qu\u00e9 querr\u00edamos dejar pasar la oportunidad para las empresas de EE.UU. de producir y vender la energ\u00eda del futuro?\u201d, se pregunt\u00f3 el mandatario.<\/p>\n<p>Obama tambi\u00e9n tuvo palabras para parte de la oposici\u00f3n republicana, a los que ya ha recriminado en m\u00e1s de una ocasi\u00f3n que sigan negando el cambio clim\u00e1tico, pero esta vez les dijo que, si quieren \u201cdiscutir a la ciencia, que lo hagan\u201d.<\/p>\n<p>\u201cEstar\u00e9is muy solos, porque estar\u00e9is discutiendo a nuestro Ej\u00e9rcito, a la mayor\u00eda de l\u00edderes empresariales de EE.UU., a la mayor\u00eda del pueblo estadounidense, a casi la totalidad de la comunidad cient\u00edfica y a 200 pa\u00edses de todo el mundo que est\u00e1n de acuerdo en que es un problema e intentan solucionarlo\u201d, concluy\u00f3. EFEverde<\/p>\n","protected":false},"excerpt":{"rendered":"<p>El presidente de Estados Unidos, Barack Obama, asegur\u00f3 hoy en su \u00faltimo discurso del Estado de la Uni\u00f3n, que presionar\u00e1 [&hellip;]<\/p>\n","protected":false},"author":2,"featured_media":0,"comment_status":"closed","ping_status":"closed","sticky":false,"template":"","format":"standard","meta":{"site-sidebar-layout":"default","site-content-layout":"","ast-site-content-layout":"default","site-content-style":"default","site-sidebar-style":"default","ast-global-header-display":"","ast-banner-title-visibility":"","ast-main-header-display":"","ast-hfb-above-header-display":"","ast-hfb-below-header-display":"","ast-hfb-mobile-header-display":"","site-post-title":"","ast-breadcrumbs-content":"","ast-featured-img":"","footer-sml-layout":"","ast-disable-related-posts":"","theme-transparent-header-meta":"","adv-header-id-meta":"","stick-header-meta":"","header-above-stick-meta":"","header-main-stick-meta":"","header-below-stick-meta":"","astra-migrate-meta-layouts":"default","ast-page-background-enabled":"default","ast-page-background-meta":{"desktop":{"background-color":"var(--ast-global-color-5)","background-image":"","background-repeat":"repeat","background-position":"center center","background-size":"auto","background-attachment":"scroll","background-type":"","background-media":"","overlay-type":"","overlay-color":"","overlay-opacity":"","overlay-gradient":""},"tablet":{"background-color":"","background-image":"","background-repeat":"repeat","background-position":"center center","background-size":"auto","background-attachment":"scroll","background-type":"","background-media":"","overlay-type":"","overlay-color":"","overlay-opacity":"","overlay-gradient":""},"mobile":{"background-color":"","background-image":"","background-repeat":"repeat","background-position":"center center","background-size":"auto","background-attachment":"scroll","background-type":"","background-media":"","overlay-type":"","overlay-color":"","overlay-opacity":"","overlay-gradient":""}},"ast-content-background-meta":{"desktop":{"background-color":"var(--ast-global-color-4)","background-image":"","background-repeat":"repeat","background-position":"center center","background-size":"auto","background-attachment":"scroll","background-type":"","background-media":"","overlay-type":"","overlay-color":"","overlay-opacity":"","overlay-gradient":""},"tablet":{"background-color":"var(--ast-global-color-4)","background-image":"","background-repeat":"repeat","background-position":"center center","background-size":"auto","background-attachment":"scroll","background-type":"","background-media":"","overlay-type":"","overlay-color":"","overlay-opacity":"","overlay-gradient":""},"mobile":{"background-color":"var(--ast-global-color-4)","background-image":"","background-repeat":"repeat","background-position":"center center","background-size":"auto","background-attachment":"scroll","background-type":"","background-media":"","overlay-type":"","overlay-color":"","overlay-opacity":"","overlay-gradient":""}},"footnotes":""},"categories":[1],"tags":[],"class_list":["post-16341","post","type-post","status-publish","format-standard","hentry","category-noticias"],"yoast_head":"<!-- This site is optimized with the Yoast SEO Premium plugin v23.0 (Yoast SEO v27.5) - https:\/\/yoast.com\/product\/yoast-seo-premium-wordpress\/ -->\n<title>Obama presionar\u00e1 para lograr \u201ccambios\u201d en el uso de combustibles f\u00f3siles<\/title>\n<meta name=\"robots\" content=\"index, follow, max-snippet:-1, max-image-preview:large, max-video-preview:-1\" \/>\n<link rel=\"canonical\" href=\"https:\/\/patagoniambiental.com.ar\/info\/obama-presionara-para-lograr-cambios-en-el-uso-de-combustibles-fosiles\/\" \/>\n<meta property=\"og:locale\" content=\"es_ES\" \/>\n<meta property=\"og:type\" content=\"article\" \/>\n<meta property=\"og:title\" content=\"Obama presionar\u00e1 para lograr \u201ccambios\u201d en el uso de combustibles f\u00f3siles\" \/>\n<meta property=\"og:description\" content=\"El presidente de Estados Unidos, Barack Obama, asegur\u00f3 hoy en su \u00faltimo discurso del Estado de la Uni\u00f3n, que presionar\u00e1 [&hellip;]\" \/>\n<meta property=\"og:url\" content=\"https:\/\/patagoniambiental.com.ar\/info\/obama-presionara-para-lograr-cambios-en-el-uso-de-combustibles-fosiles\/\" \/>\n<meta property=\"og:site_name\" content=\"Patagonia Ambiental\" \/>\n<meta property=\"article:publisher\" content=\"https:\/\/www.facebook.com\/patagonia.ambiental\" \/>\n<meta property=\"article:author\" content=\"https:\/\/www.facebook.com\/share\/1C1V8Gv9BX\/?mibextid=qi2Omg\" \/>\n<meta property=\"article:published_time\" content=\"2016-01-13T12:01:03+00:00\" \/>\n<meta name=\"author\" content=\"Patagonia Ambiental\" \/>\n<meta name=\"twitter:card\" content=\"summary_large_image\" \/>\n<meta name=\"twitter:creator\" content=\"@PatAmb\" \/>\n<meta name=\"twitter:site\" content=\"@PatAmb\" \/>\n<script type=\"application\/ld+json\" class=\"yoast-schema-graph\">{\"@context\":\"https:\\\/\\\/schema.org\",\"@graph\":[{\"@type\":\"Article\",\"@id\":\"https:\\\/\\\/patagoniambiental.com.ar\\\/info\\\/obama-presionara-para-lograr-cambios-en-el-uso-de-combustibles-fosiles\\\/#article\",\"isPartOf\":{\"@id\":\"https:\\\/\\\/patagoniambiental.com.ar\\\/info\\\/obama-presionara-para-lograr-cambios-en-el-uso-de-combustibles-fosiles\\\/\"},\"author\":{\"name\":\"Patagonia Ambiental\",\"@id\":\"https:\\\/\\\/patagoniambiental.com.ar\\\/info\\\/#\\\/schema\\\/person\\\/db12bff64bbcbf6a253710bf0ea37b5d\"},\"headline\":\"Obama presionar\u00e1 para lograr \u201ccambios\u201d en el uso de combustibles f\u00f3siles\",\"datePublished\":\"2016-01-13T12:01:03+00:00\",\"mainEntityOfPage\":{\"@id\":\"https:\\\/\\\/patagoniambiental.com.ar\\\/info\\\/obama-presionara-para-lograr-cambios-en-el-uso-de-combustibles-fosiles\\\/\"},\"wordCount\":346,\"publisher\":{\"@id\":\"https:\\\/\\\/patagoniambiental.com.ar\\\/info\\\/#organization\"},\"articleSection\":[\"Noticias\"],\"inLanguage\":\"es\"},{\"@type\":\"WebPage\",\"@id\":\"https:\\\/\\\/patagoniambiental.com.ar\\\/info\\\/obama-presionara-para-lograr-cambios-en-el-uso-de-combustibles-fosiles\\\/\",\"url\":\"https:\\\/\\\/patagoniambiental.com.ar\\\/info\\\/obama-presionara-para-lograr-cambios-en-el-uso-de-combustibles-fosiles\\\/\",\"name\":\"Obama presionar\u00e1 para lograr \u201ccambios\u201d en el uso de combustibles f\u00f3siles\",\"isPartOf\":{\"@id\":\"https:\\\/\\\/patagoniambiental.com.ar\\\/info\\\/#website\"},\"datePublished\":\"2016-01-13T12:01:03+00:00\",\"breadcrumb\":{\"@id\":\"https:\\\/\\\/patagoniambiental.com.ar\\\/info\\\/obama-presionara-para-lograr-cambios-en-el-uso-de-combustibles-fosiles\\\/#breadcrumb\"},\"inLanguage\":\"es\",\"potentialAction\":[{\"@type\":\"ReadAction\",\"target\":[\"https:\\\/\\\/patagoniambiental.com.ar\\\/info\\\/obama-presionara-para-lograr-cambios-en-el-uso-de-combustibles-fosiles\\\/\"]}]},{\"@type\":\"BreadcrumbList\",\"@id\":\"https:\\\/\\\/patagoniambiental.com.ar\\\/info\\\/obama-presionara-para-lograr-cambios-en-el-uso-de-combustibles-fosiles\\\/#breadcrumb\",\"itemListElement\":[{\"@type\":\"ListItem\",\"position\":1,\"name\":\"Inicio\",\"item\":\"https:\\\/\\\/patagoniambiental.com.ar\\\/info\\\/\"},{\"@type\":\"ListItem\",\"position\":2,\"name\":\"Obama presionar\u00e1 para lograr \u201ccambios\u201d en el uso de combustibles f\u00f3siles\"}]},{\"@type\":\"WebSite\",\"@id\":\"https:\\\/\\\/patagoniambiental.com.ar\\\/info\\\/#website\",\"url\":\"https:\\\/\\\/patagoniambiental.com.ar\\\/info\\\/\",\"name\":\"Patagonia Ambiental\",\"description\":\"Monitoreo y an\u00e1lisis de la situaci\u00f3n geopol\u00edtica en el mundo y su implicancia en la Patagonia\",\"publisher\":{\"@id\":\"https:\\\/\\\/patagoniambiental.com.ar\\\/info\\\/#organization\"},\"potentialAction\":[{\"@type\":\"SearchAction\",\"target\":{\"@type\":\"EntryPoint\",\"urlTemplate\":\"https:\\\/\\\/patagoniambiental.com.ar\\\/info\\\/?s={search_term_string}\"},\"query-input\":{\"@type\":\"PropertyValueSpecification\",\"valueRequired\":true,\"valueName\":\"search_term_string\"}}],\"inLanguage\":\"es\"},{\"@type\":\"Organization\",\"@id\":\"https:\\\/\\\/patagoniambiental.com.ar\\\/info\\\/#organization\",\"name\":\"Patagonia Ambiental\",\"url\":\"https:\\\/\\\/patagoniambiental.com.ar\\\/info\\\/\",\"logo\":{\"@type\":\"ImageObject\",\"inLanguage\":\"es\",\"@id\":\"https:\\\/\\\/patagoniambiental.com.ar\\\/info\\\/#\\\/schema\\\/logo\\\/image\\\/\",\"url\":\"https:\\\/\\\/patagoniambiental.com.ar\\\/info\\\/wp-content\\\/uploads\\\/2025\\\/05\\\/LOGO-PATAGONIA-AMBIENTAL.png\",\"contentUrl\":\"https:\\\/\\\/patagoniambiental.com.ar\\\/info\\\/wp-content\\\/uploads\\\/2025\\\/05\\\/LOGO-PATAGONIA-AMBIENTAL.png\",\"width\":433,\"height\":250,\"caption\":\"Patagonia Ambiental\"},\"image\":{\"@id\":\"https:\\\/\\\/patagoniambiental.com.ar\\\/info\\\/#\\\/schema\\\/logo\\\/image\\\/\"},\"sameAs\":[\"https:\\\/\\\/www.facebook.com\\\/patagonia.ambiental\",\"https:\\\/\\\/x.com\\\/PatAmb\"]},{\"@type\":\"Person\",\"@id\":\"https:\\\/\\\/patagoniambiental.com.ar\\\/info\\\/#\\\/schema\\\/person\\\/db12bff64bbcbf6a253710bf0ea37b5d\",\"name\":\"Patagonia Ambiental\",\"description\":\"Andr\u00e9s Nievas T\u00e9cnico en manejo ambiental, consultor Ambiental y escritor para medios locales e internacionales sobre temas de geopolitica y medio ambiente.\",\"sameAs\":[\"http:\\\/\\\/www.patagoniambiental.com.ar\",\"https:\\\/\\\/www.facebook.com\\\/share\\\/1C1V8Gv9BX\\\/?mibextid=qi2Omg\",\"@patagoniambiental\",\"https:\\\/\\\/youtube.com\\\/@patagoniaambiental2023?si=BLt58t0wuXquxlYZ\"]}]}<\/script>\n<!-- \/ Yoast SEO Premium plugin. -->","yoast_head_json":{"title":"Obama presionar\u00e1 para lograr \u201ccambios\u201d en el uso de combustibles f\u00f3siles","robots":{"index":"index","follow":"follow","max-snippet":"max-snippet:-1","max-image-preview":"max-image-preview:large","max-video-preview":"max-video-preview:-1"},"canonical":"https:\/\/patagoniambiental.com.ar\/info\/obama-presionara-para-lograr-cambios-en-el-uso-de-combustibles-fosiles\/","og_locale":"es_ES","og_type":"article","og_title":"Obama presionar\u00e1 para lograr \u201ccambios\u201d en el uso de combustibles f\u00f3siles","og_description":"El presidente de Estados Unidos, Barack Obama, asegur\u00f3 hoy en su \u00faltimo discurso del Estado de la Uni\u00f3n, que presionar\u00e1 [&hellip;]","og_url":"https:\/\/patagoniambiental.com.ar\/info\/obama-presionara-para-lograr-cambios-en-el-uso-de-combustibles-fosiles\/","og_site_name":"Patagonia Ambiental","article_publisher":"https:\/\/www.facebook.com\/patagonia.ambiental","article_author":"https:\/\/www.facebook.com\/share\/1C1V8Gv9BX\/?mibextid=qi2Omg","article_published_time":"2016-01-13T12:01:03+00:00","author":"Patagonia Ambiental","twitter_card":"summary_large_image","twitter_creator":"@PatAmb","twitter_site":"@PatAmb","schema":{"@context":"https:\/\/schema.org","@graph":[{"@type":"Article","@id":"https:\/\/patagoniambiental.com.ar\/info\/obama-presionara-para-lograr-cambios-en-el-uso-de-combustibles-fosiles\/#article","isPartOf":{"@id":"https:\/\/patagoniambiental.com.ar\/info\/obama-presionara-para-lograr-cambios-en-el-uso-de-combustibles-fosiles\/"},"author":{"name":"Patagonia Ambiental","@id":"https:\/\/patagoniambiental.com.ar\/info\/#\/schema\/person\/db12bff64bbcbf6a253710bf0ea37b5d"},"headline":"Obama presionar\u00e1 para lograr \u201ccambios\u201d en el uso de combustibles f\u00f3siles","datePublished":"2016-01-13T12:01:03+00:00","mainEntityOfPage":{"@id":"https:\/\/patagoniambiental.com.ar\/info\/obama-presionara-para-lograr-cambios-en-el-uso-de-combustibles-fosiles\/"},"wordCount":346,"publisher":{"@id":"https:\/\/patagoniambiental.com.ar\/info\/#organization"},"articleSection":["Noticias"],"inLanguage":"es"},{"@type":"WebPage","@id":"https:\/\/patagoniambiental.com.ar\/info\/obama-presionara-para-lograr-cambios-en-el-uso-de-combustibles-fosiles\/","url":"https:\/\/patagoniambiental.com.ar\/info\/obama-presionara-para-lograr-cambios-en-el-uso-de-combustibles-fosiles\/","name":"Obama presionar\u00e1 para lograr \u201ccambios\u201d en el uso de combustibles f\u00f3siles","isPartOf":{"@id":"https:\/\/patagoniambiental.com.ar\/info\/#website"},"datePublished":"2016-01-13T12:01:03+00:00","breadcrumb":{"@id":"https:\/\/patagoniambiental.com.ar\/info\/obama-presionara-para-lograr-cambios-en-el-uso-de-combustibles-fosiles\/#breadcrumb"},"inLanguage":"es","potentialAction":[{"@type":"ReadAction","target":["https:\/\/patagoniambiental.com.ar\/info\/obama-presionara-para-lograr-cambios-en-el-uso-de-combustibles-fosiles\/"]}]},{"@type":"BreadcrumbList","@id":"https:\/\/patagoniambiental.com.ar\/info\/obama-presionara-para-lograr-cambios-en-el-uso-de-combustibles-fosiles\/#breadcrumb","itemListElement":[{"@type":"ListItem","position":1,"name":"Inicio","item":"https:\/\/patagoniambiental.com.ar\/info\/"},{"@type":"ListItem","position":2,"name":"Obama presionar\u00e1 para lograr \u201ccambios\u201d en el uso de combustibles f\u00f3siles"}]},{"@type":"WebSite","@id":"https:\/\/patagoniambiental.com.ar\/info\/#website","url":"https:\/\/patagoniambiental.com.ar\/info\/","name":"Patagonia Ambiental","description":"Monitoreo y an\u00e1lisis de la situaci\u00f3n geopol\u00edtica en el mundo y su implicancia en la Patagonia","publisher":{"@id":"https:\/\/patagoniambiental.com.ar\/info\/#organization"},"potentialAction":[{"@type":"SearchAction","target":{"@type":"EntryPoint","urlTemplate":"https:\/\/patagoniambiental.com.ar\/info\/?s={search_term_string}"},"query-input":{"@type":"PropertyValueSpecification","valueRequired":true,"valueName":"search_term_string"}}],"inLanguage":"es"},{"@type":"Organization","@id":"https:\/\/patagoniambiental.com.ar\/info\/#organization","name":"Patagonia Ambiental","url":"https:\/\/patagoniambiental.com.ar\/info\/","logo":{"@type":"ImageObject","inLanguage":"es","@id":"https:\/\/patagoniambiental.com.ar\/info\/#\/schema\/logo\/image\/","url":"https:\/\/patagoniambiental.com.ar\/info\/wp-content\/uploads\/2025\/05\/LOGO-PATAGONIA-AMBIENTAL.png","contentUrl":"https:\/\/patagoniambiental.com.ar\/info\/wp-content\/uploads\/2025\/05\/LOGO-PATAGONIA-AMBIENTAL.png","width":433,"height":250,"caption":"Patagonia Ambiental"},"image":{"@id":"https:\/\/patagoniambiental.com.ar\/info\/#\/schema\/logo\/image\/"},"sameAs":["https:\/\/www.facebook.com\/patagonia.ambiental","https:\/\/x.com\/PatAmb"]},{"@type":"Person","@id":"https:\/\/patagoniambiental.com.ar\/info\/#\/schema\/person\/db12bff64bbcbf6a253710bf0ea37b5d","name":"Patagonia Ambiental","description":"Andr\u00e9s Nievas T\u00e9cnico en manejo ambiental, consultor Ambiental y escritor para medios locales e internacionales sobre temas de geopolitica y medio ambiente.","sameAs":["http:\/\/www.patagoniambiental.com.ar","https:\/\/www.facebook.com\/share\/1C1V8Gv9BX\/?mibextid=qi2Omg","@patagoniambiental","https:\/\/youtube.com\/@patagoniaambiental2023?si=BLt58t0wuXquxlYZ"]}]}},"_links":{"self":[{"href":"https:\/\/patagoniambiental.com.ar\/info\/wp-json\/wp\/v2\/posts\/16341","targetHints":{"allow":["GET"]}}],"collection":[{"href":"https:\/\/patagoniambiental.com.ar\/info\/wp-json\/wp\/v2\/posts"}],"about":[{"href":"https:\/\/patagoniambiental.com.ar\/info\/wp-json\/wp\/v2\/types\/post"}],"author":[{"embeddable":true,"href":"https:\/\/patagoniambiental.com.ar\/info\/wp-json\/wp\/v2\/users\/2"}],"replies":[{"embeddable":true,"href":"https:\/\/patagoniambiental.com.ar\/info\/wp-json\/wp\/v2\/comments?post=16341"}],"version-history":[{"count":0,"href":"https:\/\/patagoniambiental.com.ar\/info\/wp-json\/wp\/v2\/posts\/16341\/revisions"}],"wp:attachment":[{"href":"https:\/\/patagoniambiental.com.ar\/info\/wp-json\/wp\/v2\/media?parent=16341"}],"wp:term":[{"taxonomy":"category","embeddable":true,"href":"https:\/\/patagoniambiental.com.ar\/info\/wp-json\/wp\/v2\/categories?post=16341"},{"taxonomy":"post_tag","embeddable":true,"href":"https:\/\/patagoniambiental.com.ar\/info\/wp-json\/wp\/v2\/tags?post=16341"}],"curies":[{"name":"wp","href":"https:\/\/api.w.org\/{rel}","templated":true}]}}