{"id":16354,"date":"2016-01-14T09:14:19","date_gmt":"2016-01-14T12:14:19","guid":{"rendered":"http:\/\/patagoniambiental.com.ar\/?p=16354"},"modified":"2016-01-14T09:14:19","modified_gmt":"2016-01-14T12:14:19","slug":"argentina-en-uno-de-los-paises-de-latinoamerica-con-mas-superficie-protegida-por-reservas-naturales-privadas","status":"publish","type":"post","link":"https:\/\/patagoniambiental.com.ar\/info\/argentina-en-uno-de-los-paises-de-latinoamerica-con-mas-superficie-protegida-por-reservas-naturales-privadas\/","title":{"rendered":"Argentina en uno de los pa\u00edses de Latinoam\u00e9rica con m\u00e1s superficie protegida por reservas naturales privadas"},"content":{"rendered":"<div id=\"page\">\n<div id=\"primary-content\">\n<div class=\"row\">\n<div class=\"main-column\">\n<div class=\"container col6 image bodytext\">\n<div class=\"bodytext\">Argentina (junto con Chile y Brasil) es uno de los pa\u00edses de Am\u00e9rica Latina que m\u00e1s superficie protegida tiene bajo la categor\u00eda de \u201cReserva Natural Privada\u201d. Sin embargo, hasta 2013 no exist\u00eda todav\u00eda una iniciativa nacional que aglutinara y cohesionara todos estos esfuerzos.<\/p>\n<p>Por ello, Vida Silvestre desarrolla el proyecto \u201cFortalecimiento de la Conservaci\u00f3n en Tierras Privadas en la Argentina\u201d, que busca articular este movimiento en conjunto con propietarios de reservas, organizaciones de la sociedad civil e individuos comprometidos para la preservaci\u00f3n de los valores naturales y culturales del pa\u00eds.<\/p>\n<p>Desde el proyecto se impuls\u00f3 la \u201cRed Argentina de Reservas Naturales Privadas\u201d, un espacio al cual ya se integraron m\u00e1s de medio centenar de reservas y 15 organizaciones, que trabajan en conservaci\u00f3n de tierras privadas a trav\u00e9s de convenios con propietarios, fomento de pol\u00edticas p\u00fablicas y normativas de apoyo a esta modalidad de trabajo.<\/p>\n<p>La Red se formaliz\u00f3 el 2 de junio de 2014 con la firma del Acta Constitutiva, evento en el que adem\u00e1s se present\u00f3 el primer Comit\u00e9 Directivo de la iniciativa, constituido de manera provisional por las reservas \u201cDon Carmelo\u201d, \u201cEl Destino\u201d, \u201cEl Para\u00edso\u201d, \u201cFederico Wildermuth\u201d y \u201cVillavicencio\u201d; as\u00ed como tambi\u00e9n por Asociaci\u00f3n Prot\u00e1gonos, Fundaci\u00f3n H\u00e1bitat &amp;Desarrollo, Fundaci\u00f3n Historia Natural F\u00e9lix de Azara, Fundaci\u00f3n Temaik\u00e9n y Fundaci\u00f3n Vida Silvestre Argentina.<\/p>\n<p>La Red Argentina de Reservas Naturales Privadas tiene como misi\u00f3n integrar, fortalecer y expandir las iniciativas voluntarias de conservaci\u00f3n y uso sustentable de la diversidad biol\u00f3gica y el patrimonio cultural en terrenos de propiedad privada en la Argentina. Para ello, fomenta la creaci\u00f3n y manejo efectivo de reservas privadas y otros mecanismos legales de conservaci\u00f3n que generan beneficios ambientales, econ\u00f3micos y sociales para las generaciones presentes y futuras.<\/p>\n<p><strong>Entre los objetivos de la iniciativa se encuentran:<\/strong><\/p>\n<ol>\n<li>Facilitar el intercambio de experiencias entre las distintas iniciativas.<\/li>\n<li>Promover el desarrollo de un marco pol\u00edtico y jur\u00eddico que incentive y respalde la conservaci\u00f3n voluntaria en tierras privadas en el pa\u00eds.<\/li>\n<li>Difundir la existencia de las iniciativas privadas y voluntarias de conservaci\u00f3n en el pa\u00eds, su importancia y el valor de los bienes y servicios ambientales que proveen.<\/li>\n<li>Contribuir a fortalecer a organizaciones y administraciones gubernamentales que trabajan por la conservaci\u00f3n privada en la Argentina.<\/li>\n<li>Articular trabajo y acciones con otras redes y movimientos de conservaci\u00f3n en tierras privadas.<\/li>\n<\/ol>\n<p>Actualmente, la Red est\u00e1 constitu\u00edda por 58 reservas y 17 organizaciones de la sociedad civil. En total, estas protegen y ayudan a la conservaci\u00f3n de\u00a0187.185 hect\u00e1reas en 15 provincias de Argentina.<\/p><\/div>\n<\/div>\n<\/div>\n<div class=\"right-column\">\n<div class=\"container col4 image aside highlight\">\n<div class=\"image-caption\">\n<div class=\"container\"><\/div>\n<div class=\"meta\"><\/div>\n<\/div>\n<\/div>\n<div class=\"container col4 image aside highlight\"><\/div>\n<\/div>\n<\/div>\n<\/div>\n<div id=\"secondary-content\"><\/div>\n<\/div>\n<div id=\"tertiary-content\"><\/div>\n","protected":false},"excerpt":{"rendered":"<p>Argentina (junto con Chile y Brasil) es uno de los pa\u00edses de Am\u00e9rica Latina que m\u00e1s superficie protegida tiene bajo [&hellip;]<\/p>\n","protected":false},"author":2,"featured_media":0,"comment_status":"closed","ping_status":"closed","sticky":false,"template":"","format":"standard","meta":{"site-sidebar-layout":"default","site-content-layout":"","ast-site-content-layout":"default","site-content-style":"default","site-sidebar-style":"default","ast-global-header-display":"","ast-banner-title-visibility":"","ast-main-header-display":"","ast-hfb-above-header-display":"","ast-hfb-below-header-display":"","ast-hfb-mobile-header-display":"","site-post-title":"","ast-breadcrumbs-content":"","ast-featured-img":"","footer-sml-layout":"","ast-disable-related-posts":"","theme-transparent-header-meta":"","adv-header-id-meta":"","stick-header-meta":"","header-above-stick-meta":"","header-main-stick-meta":"","header-below-stick-meta":"","astra-migrate-meta-layouts":"default","ast-page-background-enabled":"default","ast-page-background-meta":{"desktop":{"background-color":"var(--ast-global-color-5)","background-image":"","background-repeat":"repeat","background-position":"center center","background-size":"auto","background-attachment":"scroll","background-type":"","background-media":"","overlay-type":"","overlay-color":"","overlay-opacity":"","overlay-gradient":""},"tablet":{"background-color":"","background-image":"","background-repeat":"repeat","background-position":"center center","background-size":"auto","background-attachment":"scroll","background-type":"","background-media":"","overlay-type":"","overlay-color":"","overlay-opacity":"","overlay-gradient":""},"mobile":{"background-color":"","background-image":"","background-repeat":"repeat","background-position":"center center","background-size":"auto","background-attachment":"scroll","background-type":"","background-media":"","overlay-type":"","overlay-color":"","overlay-opacity":"","overlay-gradient":""}},"ast-content-background-meta":{"desktop":{"background-color":"var(--ast-global-color-4)","background-image":"","background-repeat":"repeat","background-position":"center center","background-size":"auto","background-attachment":"scroll","background-type":"","background-media":"","overlay-type":"","overlay-color":"","overlay-opacity":"","overlay-gradient":""},"tablet":{"background-color":"var(--ast-global-color-4)","background-image":"","background-repeat":"repeat","background-position":"center center","background-size":"auto","background-attachment":"scroll","background-type":"","background-media":"","overlay-type":"","overlay-color":"","overlay-opacity":"","overlay-gradient":""},"mobile":{"background-color":"var(--ast-global-color-4)","background-image":"","background-repeat":"repeat","background-position":"center center","background-size":"auto","background-attachment":"scroll","background-type":"","background-media":"","overlay-type":"","overlay-color":"","overlay-opacity":"","overlay-gradient":""}},"footnotes":""},"categories":[1],"tags":[],"class_list":["post-16354","post","type-post","status-publish","format-standard","hentry","category-noticias"],"yoast_head":"<!-- This site is optimized with the Yoast SEO Premium plugin v23.0 (Yoast SEO v27.5) - https:\/\/yoast.com\/product\/yoast-seo-premium-wordpress\/ -->\n<title>Argentina en uno de los pa\u00edses de Latinoam\u00e9rica con m\u00e1s superficie protegida por reservas naturales privadas<\/title>\n<meta name=\"robots\" content=\"index, follow, max-snippet:-1, max-image-preview:large, max-video-preview:-1\" \/>\n<link rel=\"canonical\" href=\"https:\/\/patagoniambiental.com.ar\/info\/argentina-en-uno-de-los-paises-de-latinoamerica-con-mas-superficie-protegida-por-reservas-naturales-privadas\/\" \/>\n<meta property=\"og:locale\" content=\"es_ES\" \/>\n<meta property=\"og:type\" content=\"article\" \/>\n<meta property=\"og:title\" content=\"Argentina en uno de los pa\u00edses de Latinoam\u00e9rica con m\u00e1s superficie protegida por reservas naturales privadas\" \/>\n<meta property=\"og:description\" content=\"Argentina (junto con Chile y Brasil) es uno de los pa\u00edses de Am\u00e9rica Latina que m\u00e1s superficie protegida tiene bajo [&hellip;]\" \/>\n<meta property=\"og:url\" content=\"https:\/\/patagoniambiental.com.ar\/info\/argentina-en-uno-de-los-paises-de-latinoamerica-con-mas-superficie-protegida-por-reservas-naturales-privadas\/\" \/>\n<meta property=\"og:site_name\" content=\"Patagonia Ambiental\" \/>\n<meta property=\"article:publisher\" content=\"https:\/\/www.facebook.com\/patagonia.ambiental\" \/>\n<meta property=\"article:author\" content=\"https:\/\/www.facebook.com\/share\/1C1V8Gv9BX\/?mibextid=qi2Omg\" \/>\n<meta property=\"article:published_time\" content=\"2016-01-14T12:14:19+00:00\" \/>\n<meta name=\"author\" content=\"Patagonia Ambiental\" \/>\n<meta name=\"twitter:card\" content=\"summary_large_image\" \/>\n<meta name=\"twitter:creator\" content=\"@PatAmb\" \/>\n<meta name=\"twitter:site\" content=\"@PatAmb\" \/>\n<script type=\"application\/ld+json\" class=\"yoast-schema-graph\">{\"@context\":\"https:\\\/\\\/schema.org\",\"@graph\":[{\"@type\":\"Article\",\"@id\":\"https:\\\/\\\/patagoniambiental.com.ar\\\/info\\\/argentina-en-uno-de-los-paises-de-latinoamerica-con-mas-superficie-protegida-por-reservas-naturales-privadas\\\/#article\",\"isPartOf\":{\"@id\":\"https:\\\/\\\/patagoniambiental.com.ar\\\/info\\\/argentina-en-uno-de-los-paises-de-latinoamerica-con-mas-superficie-protegida-por-reservas-naturales-privadas\\\/\"},\"author\":{\"name\":\"Patagonia Ambiental\",\"@id\":\"https:\\\/\\\/patagoniambiental.com.ar\\\/info\\\/#\\\/schema\\\/person\\\/db12bff64bbcbf6a253710bf0ea37b5d\"},\"headline\":\"Argentina en uno de los pa\u00edses de Latinoam\u00e9rica con m\u00e1s superficie protegida por reservas naturales privadas\",\"datePublished\":\"2016-01-14T12:14:19+00:00\",\"mainEntityOfPage\":{\"@id\":\"https:\\\/\\\/patagoniambiental.com.ar\\\/info\\\/argentina-en-uno-de-los-paises-de-latinoamerica-con-mas-superficie-protegida-por-reservas-naturales-privadas\\\/\"},\"wordCount\":465,\"publisher\":{\"@id\":\"https:\\\/\\\/patagoniambiental.com.ar\\\/info\\\/#organization\"},\"articleSection\":[\"Noticias\"],\"inLanguage\":\"es\"},{\"@type\":\"WebPage\",\"@id\":\"https:\\\/\\\/patagoniambiental.com.ar\\\/info\\\/argentina-en-uno-de-los-paises-de-latinoamerica-con-mas-superficie-protegida-por-reservas-naturales-privadas\\\/\",\"url\":\"https:\\\/\\\/patagoniambiental.com.ar\\\/info\\\/argentina-en-uno-de-los-paises-de-latinoamerica-con-mas-superficie-protegida-por-reservas-naturales-privadas\\\/\",\"name\":\"Argentina en uno de los pa\u00edses de Latinoam\u00e9rica con m\u00e1s superficie protegida por reservas naturales privadas\",\"isPartOf\":{\"@id\":\"https:\\\/\\\/patagoniambiental.com.ar\\\/info\\\/#website\"},\"datePublished\":\"2016-01-14T12:14:19+00:00\",\"breadcrumb\":{\"@id\":\"https:\\\/\\\/patagoniambiental.com.ar\\\/info\\\/argentina-en-uno-de-los-paises-de-latinoamerica-con-mas-superficie-protegida-por-reservas-naturales-privadas\\\/#breadcrumb\"},\"inLanguage\":\"es\",\"potentialAction\":[{\"@type\":\"ReadAction\",\"target\":[\"https:\\\/\\\/patagoniambiental.com.ar\\\/info\\\/argentina-en-uno-de-los-paises-de-latinoamerica-con-mas-superficie-protegida-por-reservas-naturales-privadas\\\/\"]}]},{\"@type\":\"BreadcrumbList\",\"@id\":\"https:\\\/\\\/patagoniambiental.com.ar\\\/info\\\/argentina-en-uno-de-los-paises-de-latinoamerica-con-mas-superficie-protegida-por-reservas-naturales-privadas\\\/#breadcrumb\",\"itemListElement\":[{\"@type\":\"ListItem\",\"position\":1,\"name\":\"Inicio\",\"item\":\"https:\\\/\\\/patagoniambiental.com.ar\\\/info\\\/\"},{\"@type\":\"ListItem\",\"position\":2,\"name\":\"Argentina en uno de los pa\u00edses de Latinoam\u00e9rica con m\u00e1s superficie protegida por reservas naturales privadas\"}]},{\"@type\":\"WebSite\",\"@id\":\"https:\\\/\\\/patagoniambiental.com.ar\\\/info\\\/#website\",\"url\":\"https:\\\/\\\/patagoniambiental.com.ar\\\/info\\\/\",\"name\":\"Patagonia Ambiental\",\"description\":\"Monitoreo y an\u00e1lisis de la situaci\u00f3n geopol\u00edtica en el mundo y su implicancia en la Patagonia\",\"publisher\":{\"@id\":\"https:\\\/\\\/patagoniambiental.com.ar\\\/info\\\/#organization\"},\"potentialAction\":[{\"@type\":\"SearchAction\",\"target\":{\"@type\":\"EntryPoint\",\"urlTemplate\":\"https:\\\/\\\/patagoniambiental.com.ar\\\/info\\\/?s={search_term_string}\"},\"query-input\":{\"@type\":\"PropertyValueSpecification\",\"valueRequired\":true,\"valueName\":\"search_term_string\"}}],\"inLanguage\":\"es\"},{\"@type\":\"Organization\",\"@id\":\"https:\\\/\\\/patagoniambiental.com.ar\\\/info\\\/#organization\",\"name\":\"Patagonia Ambiental\",\"url\":\"https:\\\/\\\/patagoniambiental.com.ar\\\/info\\\/\",\"logo\":{\"@type\":\"ImageObject\",\"inLanguage\":\"es\",\"@id\":\"https:\\\/\\\/patagoniambiental.com.ar\\\/info\\\/#\\\/schema\\\/logo\\\/image\\\/\",\"url\":\"https:\\\/\\\/patagoniambiental.com.ar\\\/info\\\/wp-content\\\/uploads\\\/2025\\\/05\\\/LOGO-PATAGONIA-AMBIENTAL.png\",\"contentUrl\":\"https:\\\/\\\/patagoniambiental.com.ar\\\/info\\\/wp-content\\\/uploads\\\/2025\\\/05\\\/LOGO-PATAGONIA-AMBIENTAL.png\",\"width\":433,\"height\":250,\"caption\":\"Patagonia Ambiental\"},\"image\":{\"@id\":\"https:\\\/\\\/patagoniambiental.com.ar\\\/info\\\/#\\\/schema\\\/logo\\\/image\\\/\"},\"sameAs\":[\"https:\\\/\\\/www.facebook.com\\\/patagonia.ambiental\",\"https:\\\/\\\/x.com\\\/PatAmb\"]},{\"@type\":\"Person\",\"@id\":\"https:\\\/\\\/patagoniambiental.com.ar\\\/info\\\/#\\\/schema\\\/person\\\/db12bff64bbcbf6a253710bf0ea37b5d\",\"name\":\"Patagonia Ambiental\",\"description\":\"Andr\u00e9s Nievas T\u00e9cnico en manejo ambiental, consultor Ambiental y escritor para medios locales e internacionales sobre temas de geopolitica y medio ambiente.\",\"sameAs\":[\"http:\\\/\\\/www.patagoniambiental.com.ar\",\"https:\\\/\\\/www.facebook.com\\\/share\\\/1C1V8Gv9BX\\\/?mibextid=qi2Omg\",\"@patagoniambiental\",\"https:\\\/\\\/youtube.com\\\/@patagoniaambiental2023?si=BLt58t0wuXquxlYZ\"]}]}<\/script>\n<!-- \/ Yoast SEO Premium plugin. -->","yoast_head_json":{"title":"Argentina en uno de los pa\u00edses de Latinoam\u00e9rica con m\u00e1s superficie protegida por reservas naturales privadas","robots":{"index":"index","follow":"follow","max-snippet":"max-snippet:-1","max-image-preview":"max-image-preview:large","max-video-preview":"max-video-preview:-1"},"canonical":"https:\/\/patagoniambiental.com.ar\/info\/argentina-en-uno-de-los-paises-de-latinoamerica-con-mas-superficie-protegida-por-reservas-naturales-privadas\/","og_locale":"es_ES","og_type":"article","og_title":"Argentina en uno de los pa\u00edses de Latinoam\u00e9rica con m\u00e1s superficie protegida por reservas naturales privadas","og_description":"Argentina (junto con Chile y Brasil) es uno de los pa\u00edses de Am\u00e9rica Latina que m\u00e1s superficie protegida tiene bajo [&hellip;]","og_url":"https:\/\/patagoniambiental.com.ar\/info\/argentina-en-uno-de-los-paises-de-latinoamerica-con-mas-superficie-protegida-por-reservas-naturales-privadas\/","og_site_name":"Patagonia Ambiental","article_publisher":"https:\/\/www.facebook.com\/patagonia.ambiental","article_author":"https:\/\/www.facebook.com\/share\/1C1V8Gv9BX\/?mibextid=qi2Omg","article_published_time":"2016-01-14T12:14:19+00:00","author":"Patagonia Ambiental","twitter_card":"summary_large_image","twitter_creator":"@PatAmb","twitter_site":"@PatAmb","schema":{"@context":"https:\/\/schema.org","@graph":[{"@type":"Article","@id":"https:\/\/patagoniambiental.com.ar\/info\/argentina-en-uno-de-los-paises-de-latinoamerica-con-mas-superficie-protegida-por-reservas-naturales-privadas\/#article","isPartOf":{"@id":"https:\/\/patagoniambiental.com.ar\/info\/argentina-en-uno-de-los-paises-de-latinoamerica-con-mas-superficie-protegida-por-reservas-naturales-privadas\/"},"author":{"name":"Patagonia Ambiental","@id":"https:\/\/patagoniambiental.com.ar\/info\/#\/schema\/person\/db12bff64bbcbf6a253710bf0ea37b5d"},"headline":"Argentina en uno de los pa\u00edses de Latinoam\u00e9rica con m\u00e1s superficie protegida por reservas naturales privadas","datePublished":"2016-01-14T12:14:19+00:00","mainEntityOfPage":{"@id":"https:\/\/patagoniambiental.com.ar\/info\/argentina-en-uno-de-los-paises-de-latinoamerica-con-mas-superficie-protegida-por-reservas-naturales-privadas\/"},"wordCount":465,"publisher":{"@id":"https:\/\/patagoniambiental.com.ar\/info\/#organization"},"articleSection":["Noticias"],"inLanguage":"es"},{"@type":"WebPage","@id":"https:\/\/patagoniambiental.com.ar\/info\/argentina-en-uno-de-los-paises-de-latinoamerica-con-mas-superficie-protegida-por-reservas-naturales-privadas\/","url":"https:\/\/patagoniambiental.com.ar\/info\/argentina-en-uno-de-los-paises-de-latinoamerica-con-mas-superficie-protegida-por-reservas-naturales-privadas\/","name":"Argentina en uno de los pa\u00edses de Latinoam\u00e9rica con m\u00e1s superficie protegida por reservas naturales privadas","isPartOf":{"@id":"https:\/\/patagoniambiental.com.ar\/info\/#website"},"datePublished":"2016-01-14T12:14:19+00:00","breadcrumb":{"@id":"https:\/\/patagoniambiental.com.ar\/info\/argentina-en-uno-de-los-paises-de-latinoamerica-con-mas-superficie-protegida-por-reservas-naturales-privadas\/#breadcrumb"},"inLanguage":"es","potentialAction":[{"@type":"ReadAction","target":["https:\/\/patagoniambiental.com.ar\/info\/argentina-en-uno-de-los-paises-de-latinoamerica-con-mas-superficie-protegida-por-reservas-naturales-privadas\/"]}]},{"@type":"BreadcrumbList","@id":"https:\/\/patagoniambiental.com.ar\/info\/argentina-en-uno-de-los-paises-de-latinoamerica-con-mas-superficie-protegida-por-reservas-naturales-privadas\/#breadcrumb","itemListElement":[{"@type":"ListItem","position":1,"name":"Inicio","item":"https:\/\/patagoniambiental.com.ar\/info\/"},{"@type":"ListItem","position":2,"name":"Argentina en uno de los pa\u00edses de Latinoam\u00e9rica con m\u00e1s superficie protegida por reservas naturales privadas"}]},{"@type":"WebSite","@id":"https:\/\/patagoniambiental.com.ar\/info\/#website","url":"https:\/\/patagoniambiental.com.ar\/info\/","name":"Patagonia Ambiental","description":"Monitoreo y an\u00e1lisis de la situaci\u00f3n geopol\u00edtica en el mundo y su implicancia en la Patagonia","publisher":{"@id":"https:\/\/patagoniambiental.com.ar\/info\/#organization"},"potentialAction":[{"@type":"SearchAction","target":{"@type":"EntryPoint","urlTemplate":"https:\/\/patagoniambiental.com.ar\/info\/?s={search_term_string}"},"query-input":{"@type":"PropertyValueSpecification","valueRequired":true,"valueName":"search_term_string"}}],"inLanguage":"es"},{"@type":"Organization","@id":"https:\/\/patagoniambiental.com.ar\/info\/#organization","name":"Patagonia Ambiental","url":"https:\/\/patagoniambiental.com.ar\/info\/","logo":{"@type":"ImageObject","inLanguage":"es","@id":"https:\/\/patagoniambiental.com.ar\/info\/#\/schema\/logo\/image\/","url":"https:\/\/patagoniambiental.com.ar\/info\/wp-content\/uploads\/2025\/05\/LOGO-PATAGONIA-AMBIENTAL.png","contentUrl":"https:\/\/patagoniambiental.com.ar\/info\/wp-content\/uploads\/2025\/05\/LOGO-PATAGONIA-AMBIENTAL.png","width":433,"height":250,"caption":"Patagonia Ambiental"},"image":{"@id":"https:\/\/patagoniambiental.com.ar\/info\/#\/schema\/logo\/image\/"},"sameAs":["https:\/\/www.facebook.com\/patagonia.ambiental","https:\/\/x.com\/PatAmb"]},{"@type":"Person","@id":"https:\/\/patagoniambiental.com.ar\/info\/#\/schema\/person\/db12bff64bbcbf6a253710bf0ea37b5d","name":"Patagonia Ambiental","description":"Andr\u00e9s Nievas T\u00e9cnico en manejo ambiental, consultor Ambiental y escritor para medios locales e internacionales sobre temas de geopolitica y medio ambiente.","sameAs":["http:\/\/www.patagoniambiental.com.ar","https:\/\/www.facebook.com\/share\/1C1V8Gv9BX\/?mibextid=qi2Omg","@patagoniambiental","https:\/\/youtube.com\/@patagoniaambiental2023?si=BLt58t0wuXquxlYZ"]}]}},"_links":{"self":[{"href":"https:\/\/patagoniambiental.com.ar\/info\/wp-json\/wp\/v2\/posts\/16354","targetHints":{"allow":["GET"]}}],"collection":[{"href":"https:\/\/patagoniambiental.com.ar\/info\/wp-json\/wp\/v2\/posts"}],"about":[{"href":"https:\/\/patagoniambiental.com.ar\/info\/wp-json\/wp\/v2\/types\/post"}],"author":[{"embeddable":true,"href":"https:\/\/patagoniambiental.com.ar\/info\/wp-json\/wp\/v2\/users\/2"}],"replies":[{"embeddable":true,"href":"https:\/\/patagoniambiental.com.ar\/info\/wp-json\/wp\/v2\/comments?post=16354"}],"version-history":[{"count":0,"href":"https:\/\/patagoniambiental.com.ar\/info\/wp-json\/wp\/v2\/posts\/16354\/revisions"}],"wp:attachment":[{"href":"https:\/\/patagoniambiental.com.ar\/info\/wp-json\/wp\/v2\/media?parent=16354"}],"wp:term":[{"taxonomy":"category","embeddable":true,"href":"https:\/\/patagoniambiental.com.ar\/info\/wp-json\/wp\/v2\/categories?post=16354"},{"taxonomy":"post_tag","embeddable":true,"href":"https:\/\/patagoniambiental.com.ar\/info\/wp-json\/wp\/v2\/tags?post=16354"}],"curies":[{"name":"wp","href":"https:\/\/api.w.org\/{rel}","templated":true}]}}