{"id":16358,"date":"2016-01-15T15:12:07","date_gmt":"2016-01-15T18:12:07","guid":{"rendered":"http:\/\/patagoniambiental.com.ar\/?p=16358"},"modified":"2016-01-15T15:12:07","modified_gmt":"2016-01-15T18:12:07","slug":"lago-nahuel-huapi-ambiente-participo-de-una-reunion-para-controlar-la-calidad-de-agua","status":"publish","type":"post","link":"https:\/\/patagoniambiental.com.ar\/info\/lago-nahuel-huapi-ambiente-participo-de-una-reunion-para-controlar-la-calidad-de-agua\/","title":{"rendered":"Lago Nahuel Huapi: Ambiente particip\u00f3 de una reuni\u00f3n para controlar la calidad de agua"},"content":{"rendered":"<p align=\"JUSTIFY\"><b><\/b><span style=\"color: #000000;\"><span style=\"font-family: Asap;\"><span style=\"font-size: large;\">La Secretar\u00eda de Ambiente y Desarrollo Sustentable (SAyDS) particip\u00f3 de un encuentro entre diferentes organismos e instituciones para abordar la situaci\u00f3n ambiental del Lago Nahuel Huapi, en San Carlos de Bariloche. Acordaron solicitar apoyo del Gobierno Nacional para la ejecuci\u00f3n de obras de gran magnitud.<\/span><\/span><\/span><\/p>\n<p align=\"JUSTIFY\"><span style=\"color: #000000;\"><span style=\"font-family: Asap;\"><span style=\"font-size: large;\">Las partes llevar\u00e1n adelante un trabajo multidisciplinario, con el objetivo de vigilar la evoluci\u00f3n de la calidad del agua.<\/span><\/span><\/span><\/p>\n<p align=\"JUSTIFY\"><span style=\"color: #000000;\"><span style=\"font-family: Asap;\"><span style=\"font-size: large;\">La<\/span><\/span><\/span> <span style=\"color: #000000;\"><span style=\"font-family: Asap;\"><span style=\"font-size: large;\">reuni\u00f3n<\/span><\/span><\/span><span style=\"color: #000000;\"><span style=\"font-family: Asap;\"><span style=\"font-size: large;\">,<\/span><\/span><\/span> <span style=\"color: #000000;\"><span style=\"font-family: Asap;\"><span style=\"font-size: large;\">realizada<\/span><\/span><\/span> <span style=\"color: #000000;\"><span style=\"font-family: Asap;\"><span style=\"font-size: large;\">el<\/span><\/span><\/span> <span style=\"color: #000000;\"><span style=\"font-family: Asap;\"><span style=\"font-size: large;\">martes<\/span><\/span><\/span> <span style=\"color: #000000;\"><span style=\"font-family: Asap;\"><span style=\"font-size: large;\">pasado,<\/span><\/span><\/span> <span style=\"color: #000000;\"><span style=\"font-family: Asap;\"><span style=\"font-size: large;\">cont\u00f3<\/span><\/span><\/span> <span style=\"color: #000000;\"><span style=\"font-family: Asap;\"><span style=\"font-size: large;\">con<\/span><\/span><\/span> <span style=\"color: #000000;\"><span style=\"font-family: Asap;\"><span style=\"font-size: large;\">la<\/span><\/span><\/span> <span style=\"color: #000000;\"><span style=\"font-family: Asap;\"><span style=\"font-size: large;\">presencia<\/span><\/span><\/span> <span style=\"color: #000000;\"><span style=\"font-family: Asap;\"><span style=\"font-size: large;\">de<\/span><\/span><\/span> <span style=\"color: #000000;\"><span style=\"font-family: Asap;\"><span style=\"font-size: large;\">referentes<\/span><\/span><\/span> <span style=\"color: #000000;\"><span style=\"font-family: Asap;\"><span style=\"font-size: large;\">del<\/span><\/span><\/span> <span style=\"color: #000000;\"><span style=\"font-family: Asap;\"><span style=\"font-size: large;\">D<\/span><\/span><\/span><span style=\"color: #000000;\"><span style=\"font-family: Asap;\"><span style=\"font-size: large;\">epartamento<\/span><\/span><\/span> <span style=\"color: #000000;\"><span style=\"font-family: Asap;\"><span style=\"font-size: large;\">Provincial<\/span><\/span><\/span> <span style=\"color: #000000;\"><span style=\"font-family: Asap;\"><span style=\"font-size: large;\">de<\/span><\/span><\/span> <span style=\"color: #000000;\"><span style=\"font-family: Asap;\"><span style=\"font-size: large;\">Aguas,<\/span><\/span><\/span><span style=\"color: #000000;\"><span style=\"font-family: Asap;\"><span style=\"font-size: large;\">Parques<\/span><\/span><\/span> <span style=\"color: #000000;\"><span style=\"font-family: Asap;\"><span style=\"font-size: large;\">Nacionales,<\/span><\/span><\/span> <span style=\"color: #000000;\"><span style=\"font-family: Asap;\"><span style=\"font-size: large;\">Prefectura<\/span><\/span><\/span> <span style=\"color: #000000;\"><span style=\"font-family: Asap;\"><span style=\"font-size: large;\">Naval<\/span><\/span><\/span> <span style=\"color: #000000;\"><span style=\"font-family: Asap;\"><span style=\"font-size: large;\">Argentina,<\/span><\/span><\/span> <span style=\"color: #000000;\"><span style=\"font-family: Asap;\"><span style=\"font-size: large;\">Municipalidad<\/span><\/span><\/span> <span style=\"color: #000000;\"><span style=\"font-family: Asap;\"><span style=\"font-size: large;\">de<\/span><\/span><\/span> <span style=\"color: #000000;\"><span style=\"font-family: Asap;\"><span style=\"font-size: large;\">Bariloche,<\/span><\/span><\/span> <span style=\"color: #000000;\"><span style=\"font-family: Asap;\"><span style=\"font-size: large;\">Defensa<\/span><\/span><\/span> <span style=\"color: #000000;\"><span style=\"font-family: Asap;\"><span style=\"font-size: large;\">Civil,<\/span><\/span><\/span> <span style=\"color: #000000;\"><span style=\"font-family: Asap;\"><span style=\"font-size: large;\">de<\/span><\/span><\/span> <span style=\"color: #000000;\"><span style=\"font-family: Asap;\"><span style=\"font-size: large;\">los<\/span><\/span><\/span> <span style=\"color: #000000;\"><span style=\"font-family: Asap;\"><span style=\"font-size: large;\">Ministerios<\/span><\/span><\/span> <span style=\"color: #000000;\"><span style=\"font-family: Asap;\"><span style=\"font-size: large;\">de<\/span><\/span><\/span><span style=\"color: #000000;\"><span style=\"font-family: Asap;\"><span style=\"font-size: large;\">Salud;<\/span><\/span><\/span> <span style=\"color: #000000;\"><span style=\"font-family: Asap;\"><span style=\"font-size: large;\">Turismo,<\/span><\/span><\/span> <span style=\"color: #000000;\"><span style=\"font-family: Asap;\"><span style=\"font-size: large;\">Cultura<\/span><\/span><\/span> <span style=\"color: #000000;\"><span style=\"font-family: Asap;\"><span style=\"font-size: large;\">y<\/span><\/span><\/span> <span style=\"color: #000000;\"><span style=\"font-family: Asap;\"><span style=\"font-size: large;\">Deporte<\/span><\/span><\/span> <span style=\"color: #000000;\"><span style=\"font-family: Asap;\"><span style=\"font-size: large;\">y<\/span><\/span><\/span> <span style=\"color: #000000;\"><span style=\"font-family: Asap;\"><span style=\"font-size: large;\">Obras<\/span><\/span><\/span> <span style=\"color: #000000;\"><span style=\"font-family: Asap;\"><span style=\"font-size: large;\">y<\/span><\/span><\/span> <span style=\"color: #000000;\"><span style=\"font-family: Asap;\"><span style=\"font-size: large;\">Servicios<\/span><\/span><\/span> <span style=\"color: #000000;\"><span style=\"font-family: Asap;\"><span style=\"font-size: large;\">P\u00fablicos<\/span><\/span><\/span> <span style=\"color: #000000;\"><span style=\"font-family: Asap;\"><span style=\"font-size: large;\">y<\/span><\/span><\/span> <span style=\"color: #000000;\"><span style=\"font-family: Asap;\"><span style=\"font-size: large;\">la<\/span><\/span><\/span> <span style=\"color: #000000;\"><span style=\"font-family: Asap;\"><span style=\"font-size: large;\">Cooperativa<\/span><\/span><\/span> <span style=\"color: #000000;\"><span style=\"font-family: Asap;\"><span style=\"font-size: large;\">El\u00e9ctrica<\/span><\/span><\/span> <span style=\"color: #000000;\"><span style=\"font-family: Asap;\"><span style=\"font-size: large;\">de<\/span><\/span><\/span> <span style=\"color: #000000;\"><span style=\"font-family: Asap;\"><span style=\"font-size: large;\">Bariloche<\/span><\/span><\/span> <span style=\"color: #000000;\"><span style=\"font-family: Asap;\"><span style=\"font-size: large;\">Limitada,<\/span><\/span><\/span><span style=\"color: #000000;\"><span style=\"font-family: Asap;\"><span style=\"font-size: large;\">adem\u00e1s<\/span><\/span><\/span> <span style=\"color: #000000;\"><span style=\"font-family: Asap;\"><span style=\"font-size: large;\">del<\/span><\/span><\/span> <span style=\"color: #000000;\"><span style=\"font-family: Asap;\"><span style=\"font-size: large;\">\u00e1rea<\/span><\/span><\/span> <span style=\"color: #000000;\"><span style=\"font-family: Asap;\"><span style=\"font-size: large;\">legal<\/span><\/span><\/span> <span style=\"color: #000000;\"><span style=\"font-family: Asap;\"><span style=\"font-size: large;\">y<\/span><\/span><\/span> <span style=\"color: #000000;\"><span style=\"font-family: Asap;\"><span style=\"font-size: large;\">t\u00e9cnica<\/span><\/span><\/span> <span style=\"color: #000000;\"><span style=\"font-family: Asap;\"><span style=\"font-size: large;\">de<\/span><\/span><\/span> <span style=\"color: #000000;\"><span style=\"font-family: Asap;\"><span style=\"font-size: large;\">Ambiente.<\/span><\/span><\/span><\/p>\n<p align=\"JUSTIFY\"><span style=\"color: #000000;\"><span style=\"font-family: Asap;\"><span style=\"font-size: large;\">Los controles en la calidad del agua se llevar\u00e1n adelante en puntos cr\u00edticos del \u00e1rea de estudio. Se trata del programa de Monitoreo Lago Nahuel Huapi &#8211; Sector Arroyo \u00d1ireco &#8211; Descarga Planta depuradora de l\u00edquidos clocales.<\/span><\/span><\/span><\/p>\n<p align=\"JUSTIFY\"><span style=\"color: #000000;\"><span style=\"font-family: Asap;\"><span style=\"font-size: large;\">Desde<\/span><\/span><\/span> <span style=\"color: #000000;\"><span style=\"font-family: Asap;\"><span style=\"font-size: large;\">la<\/span><\/span><\/span> <span style=\"color: #000000;\"><span style=\"font-family: Asap;\"><span style=\"font-size: large;\">SAyDS<\/span><\/span><\/span> <span style=\"color: #000000;\"><span style=\"font-family: Asap;\"><span style=\"font-size: large;\">se<\/span><\/span><\/span> <span style=\"color: #000000;\"><span style=\"font-family: Asap;\"><span style=\"font-size: large;\">informa<\/span><\/span><\/span> <span style=\"color: #000000;\"><span style=\"font-family: Asap;\"><span style=\"font-size: large;\">que<\/span><\/span><\/span> <span style=\"color: #000000;\"><span style=\"font-family: Asap;\"><span style=\"font-size: large;\">el<\/span><\/span><\/span> <span style=\"color: #000000;\"><span style=\"font-family: Asap;\"><span style=\"font-size: large;\">\u00e1rea<\/span><\/span><\/span> <span style=\"color: #000000;\"><span style=\"font-family: Asap;\"><span style=\"font-size: large;\">de<\/span><\/span><\/span> <span style=\"color: #000000;\"><span style=\"font-family: Asap;\"><span style=\"font-size: large;\">estudio<\/span><\/span><\/span> <span style=\"color: #000000;\"><span style=\"font-family: Asap;\"><span style=\"font-size: large;\">se<\/span><\/span><\/span> <span style=\"color: #000000;\"><span style=\"font-family: Asap;\"><span style=\"font-size: large;\">ubica<\/span><\/span><\/span> <span style=\"color: #000000;\"><span style=\"font-family: Asap;\"><span style=\"font-size: large;\">entre<\/span><\/span><\/span> <span style=\"color: #000000;\"><span style=\"font-family: Asap;\"><span style=\"font-size: large;\">la<\/span><\/span><\/span> <span style=\"color: #000000;\"><span style=\"font-family: Asap;\"><span style=\"font-size: large;\">desembocadura<\/span><\/span><\/span> <span style=\"color: #000000;\"><span style=\"font-family: Asap;\"><span style=\"font-size: large;\">del<\/span><\/span><\/span> <span style=\"color: #000000;\"><span style=\"font-family: Asap;\"><span style=\"font-size: large;\">arroyo<\/span><\/span><\/span> <span style=\"color: #000000;\"><span style=\"font-family: Asap;\"><span style=\"font-size: large;\">mencionado<\/span><\/span><\/span> <span style=\"color: #000000;\"><span style=\"font-family: Asap;\"><span style=\"font-size: large;\">y<\/span><\/span><\/span> <span style=\"color: #000000;\"><span style=\"font-family: Asap;\"><span style=\"font-size: large;\">la<\/span><\/span><\/span><span style=\"color: #000000;\"><span style=\"font-family: Asap;\"><span style=\"font-size: large;\">planta<\/span><\/span><\/span> <span style=\"color: #000000;\"><span style=\"font-family: Asap;\"><span style=\"font-size: large;\">depuradora,<\/span><\/span><\/span> <span style=\"color: #000000;\"><span style=\"font-family: Asap;\"><span style=\"font-size: large;\">que<\/span><\/span><\/span> <span style=\"color: #000000;\"><span style=\"font-family: Asap;\"><span style=\"font-size: large;\">se<\/span><\/span><\/span> <span style=\"color: #000000;\"><span style=\"font-family: Asap;\"><span style=\"font-size: large;\">caracteriza<\/span><\/span><\/span> <span style=\"color: #000000;\"><span style=\"font-family: Asap;\"><span style=\"font-size: large;\">por<\/span><\/span><\/span> <span style=\"color: #000000;\"><span style=\"font-family: Asap;\"><span style=\"font-size: large;\">recibir<\/span><\/span><\/span> <span style=\"color: #000000;\"><span style=\"font-family: Asap;\"><span style=\"font-size: large;\">eventuales<\/span><\/span><\/span> <span style=\"color: #000000;\"><span style=\"font-family: Asap;\"><span style=\"font-size: large;\">l\u00edquidos<\/span><\/span><\/span> <span style=\"color: #000000;\"><span style=\"font-family: Asap;\"><span style=\"font-size: large;\">crudos<\/span><\/span><\/span> <span style=\"color: #000000;\"><span style=\"font-family: Asap;\"><span style=\"font-size: large;\">tras<\/span><\/span><\/span> <span style=\"color: #000000;\"><span style=\"font-family: Asap;\"><span style=\"font-size: large;\">desbordes<\/span><\/span><\/span> <span style=\"color: #000000;\"><span style=\"font-family: Asap;\"><span style=\"font-size: large;\">y<\/span><\/span><\/span> <span style=\"color: #000000;\"><span style=\"font-family: Asap;\"><span style=\"font-size: large;\">los<\/span><\/span><\/span> <span style=\"color: #000000;\"><span style=\"font-family: Asap;\"><span style=\"font-size: large;\">efluentes<\/span><\/span><\/span> <span style=\"color: #000000;\"><span style=\"font-family: Asap;\"><span style=\"font-size: large;\">de<\/span><\/span><\/span> <span style=\"color: #000000;\"><span style=\"font-family: Asap;\"><span style=\"font-size: large;\">la<\/span><\/span><\/span> <span style=\"color: #000000;\"><span style=\"font-family: Asap;\"><span style=\"font-size: large;\">planta<\/span><\/span><\/span><span style=\"color: #000000;\"><span style=\"font-family: Asap;\"><span style=\"font-size: large;\">propiamente<\/span><\/span><\/span> <span style=\"color: #000000;\"><span style=\"font-family: Asap;\"><span style=\"font-size: large;\">dicha.<\/span><\/span><\/span> <span style=\"color: #000000;\"><span style=\"font-family: Asap;\"><span style=\"font-size: large;\">Las<\/span><\/span><\/span> <span style=\"color: #000000;\"><span style=\"font-family: Asap;\"><span style=\"font-size: large;\">partes<\/span><\/span><\/span> <span style=\"color: #000000;\"><span style=\"font-family: Asap;\"><span style=\"font-size: large;\">acordaron<\/span><\/span><\/span> <span style=\"color: #000000;\"><span style=\"font-family: Asap;\"><span style=\"font-size: large;\">que<\/span><\/span><\/span> <span style=\"color: #000000;\"><span style=\"font-family: Asap;\"><span style=\"font-size: large;\">los<\/span><\/span><\/span> <span style=\"color: #000000;\"><span style=\"font-family: Asap;\"><span style=\"font-size: large;\">sitios<\/span><\/span><\/span> <span style=\"color: #000000;\"><span style=\"font-family: Asap;\"><span style=\"font-size: large;\">de<\/span><\/span><\/span> <span style=\"color: #000000;\"><span style=\"font-family: Asap;\"><span style=\"font-size: large;\">muestreos<\/span><\/span><\/span> <span style=\"color: #000000;\"><span style=\"font-family: Asap;\"><span style=\"font-size: large;\">estar\u00e1n<\/span><\/span><\/span> <span style=\"color: #000000;\"><span style=\"font-family: Asap;\"><span style=\"font-size: large;\">ubicados<\/span><\/span><\/span> <span style=\"color: #000000;\"><span style=\"font-family: Asap;\"><span style=\"font-size: large;\">entre<\/span><\/span><\/span> <span style=\"color: #000000;\"><span style=\"font-family: Asap;\"><span style=\"font-size: large;\">el<\/span><\/span><\/span> <span style=\"color: #000000;\"><span style=\"font-family: Asap;\"><span style=\"font-size: large;\">Puerto,<\/span><\/span><\/span> <span style=\"color: #000000;\"><span style=\"font-family: Asap;\"><span style=\"font-size: large;\">el<\/span><\/span><\/span> <span style=\"color: #000000;\"><span style=\"font-family: Asap;\"><span style=\"font-size: large;\">barrio<\/span><\/span><\/span><span style=\"color: #000000;\"><span style=\"font-family: Asap;\"><span style=\"font-size: large;\">Melipal,<\/span><\/span><\/span> <span style=\"color: #000000;\"><span style=\"font-family: Asap;\"><span style=\"font-size: large;\">sobre<\/span><\/span><\/span> <span style=\"color: #000000;\"><span style=\"font-family: Asap;\"><span style=\"font-size: large;\">Avenida<\/span><\/span><\/span> <span style=\"color: #000000;\"><span style=\"font-family: Asap;\"><span style=\"font-size: large;\">Bustillo,<\/span><\/span><\/span> <span style=\"color: #000000;\"><span style=\"font-family: Asap;\"><span style=\"font-size: large;\">a<\/span><\/span><\/span> <span style=\"color: #000000;\"><span style=\"font-family: Asap;\"><span style=\"font-size: large;\">la<\/span><\/span><\/span> <span style=\"color: #000000;\"><span style=\"font-family: Asap;\"><span style=\"font-size: large;\">altura<\/span><\/span><\/span> <span style=\"color: #000000;\"><span style=\"font-family: Asap;\"><span style=\"font-size: large;\">del<\/span><\/span><\/span> <span style=\"color: #000000;\"><span style=\"font-family: Asap;\"><span style=\"font-size: large;\">kil\u00f3metro<\/span><\/span><\/span> <span style=\"color: #000000;\"><span style=\"font-family: Asap;\"><span style=\"font-size: large;\">5,<\/span><\/span><\/span> <span style=\"color: #000000;\"><span style=\"font-family: Asap;\"><span style=\"font-size: large;\">y<\/span><\/span><\/span> <span style=\"color: #000000;\"><span style=\"font-family: Asap;\"><span style=\"font-size: large;\">la<\/span><\/span><\/span> <span style=\"color: #000000;\"><span style=\"font-family: Asap;\"><span style=\"font-size: large;\">planta<\/span><\/span><\/span> <span style=\"color: #000000;\"><span style=\"font-family: Asap;\"><span style=\"font-size: large;\">de<\/span><\/span><\/span> <span style=\"color: #000000;\"><span style=\"font-family: Asap;\"><span style=\"font-size: large;\">tratamiento.<\/span><\/span><\/span><\/p>\n<p align=\"JUSTIFY\"><span style=\"color: #000000;\"><span style=\"font-family: Asap;\"><span style=\"font-size: large;\">Tambi\u00e9n se acord\u00f3 realizar gestiones ante Naci\u00f3n para actualizar el Plan Director (originario de 1996), adem\u00e1s las inversiones y las siguientes obras: nuevo colector costanero: ajuste del proyecto ejecutivo; tramo \u00d1ireco \u2013 planta; tramo puerto; segundo m\u00f3dulo de tratamiento; proyecto existente; actualizaci\u00f3n de presupuesto; realizar proyecto del emisario y ejecutar; colector Oeste tramo Melipal \u2013 puerto; anteproyecto existente, realizar proyecto ejecutivo; tramo Melipal &#8211; monolito solo para la parte de conducci\u00f3n; estaci\u00f3n elevadora y tramo Monolito-Puerto.<\/span><\/span><\/span><\/p>\n<p align=\"JUSTIFY\"><span style=\"color: #000000;\"><span style=\"font-family: Asap;\"><span style=\"font-size: large;\">El<\/span><\/span><\/span> <span style=\"color: #000000;\"><span style=\"font-family: Asap;\"><span style=\"font-size: large;\">objetivo<\/span><\/span><\/span> <span style=\"color: #000000;\"><span style=\"font-family: Asap;\"><span style=\"font-size: large;\">final<\/span><\/span><\/span> <span style=\"color: #000000;\"><span style=\"font-family: Asap;\"><span style=\"font-size: large;\">es<\/span><\/span><\/span> <span style=\"color: #000000;\"><span style=\"font-family: Asap;\"><span style=\"font-size: large;\">elevar<\/span><\/span><\/span> <span style=\"color: #000000;\"><span style=\"font-family: Asap;\"><span style=\"font-size: large;\">al<\/span><\/span><\/span> <span style=\"color: #000000;\"><span style=\"font-family: Asap;\"><span style=\"font-size: large;\">Gobierno<\/span><\/span><\/span> <span style=\"color: #000000;\"><span style=\"font-family: Asap;\"><span style=\"font-size: large;\">Nacional<\/span><\/span><\/span> <span style=\"color: #000000;\"><span style=\"font-family: Asap;\"><span style=\"font-size: large;\">los<\/span><\/span><\/span> <span style=\"color: #000000;\"><span style=\"font-family: Asap;\"><span style=\"font-size: large;\">proyectos<\/span><\/span><\/span> <span style=\"color: #000000;\"><span style=\"font-family: Asap;\"><span style=\"font-size: large;\">para<\/span><\/span><\/span> <span style=\"color: #000000;\"><span style=\"font-family: Asap;\"><span style=\"font-size: large;\">la<\/span><\/span><\/span> <span style=\"color: #000000;\"><span style=\"font-family: Asap;\"><span style=\"font-size: large;\">ejecuci\u00f3n<\/span><\/span><\/span> <span style=\"color: #000000;\"><span style=\"font-family: Asap;\"><span style=\"font-size: large;\">de<\/span><\/span><\/span> <span style=\"color: #000000;\"><span style=\"font-family: Asap;\"><span style=\"font-size: large;\">las<\/span><\/span><\/span> <span style=\"color: #000000;\"><span style=\"font-family: Asap;\"><span style=\"font-size: large;\">mencionadas<\/span><\/span><\/span> <span style=\"color: #000000;\"><span style=\"font-family: Asap;\"><span style=\"font-size: large;\">obras<\/span><\/span><\/span> <span style=\"color: #000000;\"><span style=\"font-family: Asap;\"><span style=\"font-size: large;\">dado<\/span><\/span><\/span> <span style=\"color: #000000;\"><span style=\"font-family: Asap;\"><span style=\"font-size: large;\">el<\/span><\/span><\/span><span style=\"color: #000000;\"><span style=\"font-family: Asap;\"><span style=\"font-size: large;\">elevado<\/span><\/span><\/span> <span style=\"color: #000000;\"><span style=\"font-family: Asap;\"><span style=\"font-size: large;\">costo<\/span><\/span><\/span> <span style=\"color: #000000;\"><span style=\"font-family: Asap;\"><span style=\"font-size: large;\">que<\/span><\/span><\/span> <span style=\"color: #000000;\"><span style=\"font-family: Asap;\"><span style=\"font-size: large;\">significan.<\/span><\/span><\/span><\/p>\n<p>&nbsp;<\/p>\n","protected":false},"excerpt":{"rendered":"<p>La Secretar\u00eda de Ambiente y Desarrollo Sustentable (SAyDS) particip\u00f3 de un encuentro entre diferentes organismos e instituciones para abordar la [&hellip;]<\/p>\n","protected":false},"author":2,"featured_media":0,"comment_status":"closed","ping_status":"closed","sticky":false,"template":"","format":"standard","meta":{"site-sidebar-layout":"default","site-content-layout":"","ast-site-content-layout":"default","site-content-style":"default","site-sidebar-style":"default","ast-global-header-display":"","ast-banner-title-visibility":"","ast-main-header-display":"","ast-hfb-above-header-display":"","ast-hfb-below-header-display":"","ast-hfb-mobile-header-display":"","site-post-title":"","ast-breadcrumbs-content":"","ast-featured-img":"","footer-sml-layout":"","ast-disable-related-posts":"","theme-transparent-header-meta":"","adv-header-id-meta":"","stick-header-meta":"","header-above-stick-meta":"","header-main-stick-meta":"","header-below-stick-meta":"","astra-migrate-meta-layouts":"default","ast-page-background-enabled":"default","ast-page-background-meta":{"desktop":{"background-color":"var(--ast-global-color-5)","background-image":"","background-repeat":"repeat","background-position":"center center","background-size":"auto","background-attachment":"scroll","background-type":"","background-media":"","overlay-type":"","overlay-color":"","overlay-opacity":"","overlay-gradient":""},"tablet":{"background-color":"","background-image":"","background-repeat":"repeat","background-position":"center center","background-size":"auto","background-attachment":"scroll","background-type":"","background-media":"","overlay-type":"","overlay-color":"","overlay-opacity":"","overlay-gradient":""},"mobile":{"background-color":"","background-image":"","background-repeat":"repeat","background-position":"center center","background-size":"auto","background-attachment":"scroll","background-type":"","background-media":"","overlay-type":"","overlay-color":"","overlay-opacity":"","overlay-gradient":""}},"ast-content-background-meta":{"desktop":{"background-color":"var(--ast-global-color-4)","background-image":"","background-repeat":"repeat","background-position":"center center","background-size":"auto","background-attachment":"scroll","background-type":"","background-media":"","overlay-type":"","overlay-color":"","overlay-opacity":"","overlay-gradient":""},"tablet":{"background-color":"var(--ast-global-color-4)","background-image":"","background-repeat":"repeat","background-position":"center center","background-size":"auto","background-attachment":"scroll","background-type":"","background-media":"","overlay-type":"","overlay-color":"","overlay-opacity":"","overlay-gradient":""},"mobile":{"background-color":"var(--ast-global-color-4)","background-image":"","background-repeat":"repeat","background-position":"center center","background-size":"auto","background-attachment":"scroll","background-type":"","background-media":"","overlay-type":"","overlay-color":"","overlay-opacity":"","overlay-gradient":""}},"footnotes":""},"categories":[1],"tags":[],"class_list":["post-16358","post","type-post","status-publish","format-standard","hentry","category-noticias"],"yoast_head":"<!-- This site is optimized with the Yoast SEO Premium plugin v23.0 (Yoast SEO v27.5) - https:\/\/yoast.com\/product\/yoast-seo-premium-wordpress\/ -->\n<title>Lago Nahuel Huapi: Ambiente particip\u00f3 de una reuni\u00f3n para controlar la calidad de agua<\/title>\n<meta name=\"robots\" content=\"index, follow, max-snippet:-1, max-image-preview:large, max-video-preview:-1\" \/>\n<link rel=\"canonical\" href=\"https:\/\/patagoniambiental.com.ar\/info\/lago-nahuel-huapi-ambiente-participo-de-una-reunion-para-controlar-la-calidad-de-agua\/\" \/>\n<meta property=\"og:locale\" content=\"es_ES\" \/>\n<meta property=\"og:type\" content=\"article\" \/>\n<meta property=\"og:title\" content=\"Lago Nahuel Huapi: Ambiente particip\u00f3 de una reuni\u00f3n para controlar la calidad de agua\" \/>\n<meta property=\"og:description\" content=\"La Secretar\u00eda de Ambiente y Desarrollo Sustentable (SAyDS) particip\u00f3 de un encuentro entre diferentes organismos e instituciones para abordar la [&hellip;]\" \/>\n<meta property=\"og:url\" content=\"https:\/\/patagoniambiental.com.ar\/info\/lago-nahuel-huapi-ambiente-participo-de-una-reunion-para-controlar-la-calidad-de-agua\/\" \/>\n<meta property=\"og:site_name\" content=\"Patagonia Ambiental\" \/>\n<meta property=\"article:publisher\" content=\"https:\/\/www.facebook.com\/patagonia.ambiental\" \/>\n<meta property=\"article:author\" content=\"https:\/\/www.facebook.com\/share\/1C1V8Gv9BX\/?mibextid=qi2Omg\" \/>\n<meta property=\"article:published_time\" content=\"2016-01-15T18:12:07+00:00\" \/>\n<meta name=\"author\" content=\"Patagonia Ambiental\" \/>\n<meta name=\"twitter:card\" content=\"summary_large_image\" \/>\n<meta name=\"twitter:creator\" content=\"@PatAmb\" \/>\n<meta name=\"twitter:site\" content=\"@PatAmb\" \/>\n<script type=\"application\/ld+json\" class=\"yoast-schema-graph\">{\"@context\":\"https:\\\/\\\/schema.org\",\"@graph\":[{\"@type\":\"Article\",\"@id\":\"https:\\\/\\\/patagoniambiental.com.ar\\\/info\\\/lago-nahuel-huapi-ambiente-participo-de-una-reunion-para-controlar-la-calidad-de-agua\\\/#article\",\"isPartOf\":{\"@id\":\"https:\\\/\\\/patagoniambiental.com.ar\\\/info\\\/lago-nahuel-huapi-ambiente-participo-de-una-reunion-para-controlar-la-calidad-de-agua\\\/\"},\"author\":{\"name\":\"Patagonia Ambiental\",\"@id\":\"https:\\\/\\\/patagoniambiental.com.ar\\\/info\\\/#\\\/schema\\\/person\\\/db12bff64bbcbf6a253710bf0ea37b5d\"},\"headline\":\"Lago Nahuel Huapi: Ambiente particip\u00f3 de una reuni\u00f3n para controlar la calidad de agua\",\"datePublished\":\"2016-01-15T18:12:07+00:00\",\"mainEntityOfPage\":{\"@id\":\"https:\\\/\\\/patagoniambiental.com.ar\\\/info\\\/lago-nahuel-huapi-ambiente-participo-de-una-reunion-para-controlar-la-calidad-de-agua\\\/\"},\"wordCount\":363,\"publisher\":{\"@id\":\"https:\\\/\\\/patagoniambiental.com.ar\\\/info\\\/#organization\"},\"articleSection\":[\"Noticias\"],\"inLanguage\":\"es\"},{\"@type\":\"WebPage\",\"@id\":\"https:\\\/\\\/patagoniambiental.com.ar\\\/info\\\/lago-nahuel-huapi-ambiente-participo-de-una-reunion-para-controlar-la-calidad-de-agua\\\/\",\"url\":\"https:\\\/\\\/patagoniambiental.com.ar\\\/info\\\/lago-nahuel-huapi-ambiente-participo-de-una-reunion-para-controlar-la-calidad-de-agua\\\/\",\"name\":\"Lago Nahuel Huapi: Ambiente particip\u00f3 de una reuni\u00f3n para controlar la calidad de agua\",\"isPartOf\":{\"@id\":\"https:\\\/\\\/patagoniambiental.com.ar\\\/info\\\/#website\"},\"datePublished\":\"2016-01-15T18:12:07+00:00\",\"breadcrumb\":{\"@id\":\"https:\\\/\\\/patagoniambiental.com.ar\\\/info\\\/lago-nahuel-huapi-ambiente-participo-de-una-reunion-para-controlar-la-calidad-de-agua\\\/#breadcrumb\"},\"inLanguage\":\"es\",\"potentialAction\":[{\"@type\":\"ReadAction\",\"target\":[\"https:\\\/\\\/patagoniambiental.com.ar\\\/info\\\/lago-nahuel-huapi-ambiente-participo-de-una-reunion-para-controlar-la-calidad-de-agua\\\/\"]}]},{\"@type\":\"BreadcrumbList\",\"@id\":\"https:\\\/\\\/patagoniambiental.com.ar\\\/info\\\/lago-nahuel-huapi-ambiente-participo-de-una-reunion-para-controlar-la-calidad-de-agua\\\/#breadcrumb\",\"itemListElement\":[{\"@type\":\"ListItem\",\"position\":1,\"name\":\"Inicio\",\"item\":\"https:\\\/\\\/patagoniambiental.com.ar\\\/info\\\/\"},{\"@type\":\"ListItem\",\"position\":2,\"name\":\"Lago Nahuel Huapi: Ambiente particip\u00f3 de una reuni\u00f3n para controlar la calidad de agua\"}]},{\"@type\":\"WebSite\",\"@id\":\"https:\\\/\\\/patagoniambiental.com.ar\\\/info\\\/#website\",\"url\":\"https:\\\/\\\/patagoniambiental.com.ar\\\/info\\\/\",\"name\":\"Patagonia Ambiental\",\"description\":\"Monitoreo y an\u00e1lisis de la situaci\u00f3n geopol\u00edtica en el mundo y su implicancia en la Patagonia\",\"publisher\":{\"@id\":\"https:\\\/\\\/patagoniambiental.com.ar\\\/info\\\/#organization\"},\"potentialAction\":[{\"@type\":\"SearchAction\",\"target\":{\"@type\":\"EntryPoint\",\"urlTemplate\":\"https:\\\/\\\/patagoniambiental.com.ar\\\/info\\\/?s={search_term_string}\"},\"query-input\":{\"@type\":\"PropertyValueSpecification\",\"valueRequired\":true,\"valueName\":\"search_term_string\"}}],\"inLanguage\":\"es\"},{\"@type\":\"Organization\",\"@id\":\"https:\\\/\\\/patagoniambiental.com.ar\\\/info\\\/#organization\",\"name\":\"Patagonia Ambiental\",\"url\":\"https:\\\/\\\/patagoniambiental.com.ar\\\/info\\\/\",\"logo\":{\"@type\":\"ImageObject\",\"inLanguage\":\"es\",\"@id\":\"https:\\\/\\\/patagoniambiental.com.ar\\\/info\\\/#\\\/schema\\\/logo\\\/image\\\/\",\"url\":\"https:\\\/\\\/patagoniambiental.com.ar\\\/info\\\/wp-content\\\/uploads\\\/2025\\\/05\\\/LOGO-PATAGONIA-AMBIENTAL.png\",\"contentUrl\":\"https:\\\/\\\/patagoniambiental.com.ar\\\/info\\\/wp-content\\\/uploads\\\/2025\\\/05\\\/LOGO-PATAGONIA-AMBIENTAL.png\",\"width\":433,\"height\":250,\"caption\":\"Patagonia Ambiental\"},\"image\":{\"@id\":\"https:\\\/\\\/patagoniambiental.com.ar\\\/info\\\/#\\\/schema\\\/logo\\\/image\\\/\"},\"sameAs\":[\"https:\\\/\\\/www.facebook.com\\\/patagonia.ambiental\",\"https:\\\/\\\/x.com\\\/PatAmb\"]},{\"@type\":\"Person\",\"@id\":\"https:\\\/\\\/patagoniambiental.com.ar\\\/info\\\/#\\\/schema\\\/person\\\/db12bff64bbcbf6a253710bf0ea37b5d\",\"name\":\"Patagonia Ambiental\",\"description\":\"Andr\u00e9s Nievas T\u00e9cnico en manejo ambiental, consultor Ambiental y escritor para medios locales e internacionales sobre temas de geopolitica y medio ambiente.\",\"sameAs\":[\"http:\\\/\\\/www.patagoniambiental.com.ar\",\"https:\\\/\\\/www.facebook.com\\\/share\\\/1C1V8Gv9BX\\\/?mibextid=qi2Omg\",\"@patagoniambiental\",\"https:\\\/\\\/youtube.com\\\/@patagoniaambiental2023?si=BLt58t0wuXquxlYZ\"]}]}<\/script>\n<!-- \/ Yoast SEO Premium plugin. -->","yoast_head_json":{"title":"Lago Nahuel Huapi: Ambiente particip\u00f3 de una reuni\u00f3n para controlar la calidad de agua","robots":{"index":"index","follow":"follow","max-snippet":"max-snippet:-1","max-image-preview":"max-image-preview:large","max-video-preview":"max-video-preview:-1"},"canonical":"https:\/\/patagoniambiental.com.ar\/info\/lago-nahuel-huapi-ambiente-participo-de-una-reunion-para-controlar-la-calidad-de-agua\/","og_locale":"es_ES","og_type":"article","og_title":"Lago Nahuel Huapi: Ambiente particip\u00f3 de una reuni\u00f3n para controlar la calidad de agua","og_description":"La Secretar\u00eda de Ambiente y Desarrollo Sustentable (SAyDS) particip\u00f3 de un encuentro entre diferentes organismos e instituciones para abordar la [&hellip;]","og_url":"https:\/\/patagoniambiental.com.ar\/info\/lago-nahuel-huapi-ambiente-participo-de-una-reunion-para-controlar-la-calidad-de-agua\/","og_site_name":"Patagonia Ambiental","article_publisher":"https:\/\/www.facebook.com\/patagonia.ambiental","article_author":"https:\/\/www.facebook.com\/share\/1C1V8Gv9BX\/?mibextid=qi2Omg","article_published_time":"2016-01-15T18:12:07+00:00","author":"Patagonia Ambiental","twitter_card":"summary_large_image","twitter_creator":"@PatAmb","twitter_site":"@PatAmb","schema":{"@context":"https:\/\/schema.org","@graph":[{"@type":"Article","@id":"https:\/\/patagoniambiental.com.ar\/info\/lago-nahuel-huapi-ambiente-participo-de-una-reunion-para-controlar-la-calidad-de-agua\/#article","isPartOf":{"@id":"https:\/\/patagoniambiental.com.ar\/info\/lago-nahuel-huapi-ambiente-participo-de-una-reunion-para-controlar-la-calidad-de-agua\/"},"author":{"name":"Patagonia Ambiental","@id":"https:\/\/patagoniambiental.com.ar\/info\/#\/schema\/person\/db12bff64bbcbf6a253710bf0ea37b5d"},"headline":"Lago Nahuel Huapi: Ambiente particip\u00f3 de una reuni\u00f3n para controlar la calidad de agua","datePublished":"2016-01-15T18:12:07+00:00","mainEntityOfPage":{"@id":"https:\/\/patagoniambiental.com.ar\/info\/lago-nahuel-huapi-ambiente-participo-de-una-reunion-para-controlar-la-calidad-de-agua\/"},"wordCount":363,"publisher":{"@id":"https:\/\/patagoniambiental.com.ar\/info\/#organization"},"articleSection":["Noticias"],"inLanguage":"es"},{"@type":"WebPage","@id":"https:\/\/patagoniambiental.com.ar\/info\/lago-nahuel-huapi-ambiente-participo-de-una-reunion-para-controlar-la-calidad-de-agua\/","url":"https:\/\/patagoniambiental.com.ar\/info\/lago-nahuel-huapi-ambiente-participo-de-una-reunion-para-controlar-la-calidad-de-agua\/","name":"Lago Nahuel Huapi: Ambiente particip\u00f3 de una reuni\u00f3n para controlar la calidad de agua","isPartOf":{"@id":"https:\/\/patagoniambiental.com.ar\/info\/#website"},"datePublished":"2016-01-15T18:12:07+00:00","breadcrumb":{"@id":"https:\/\/patagoniambiental.com.ar\/info\/lago-nahuel-huapi-ambiente-participo-de-una-reunion-para-controlar-la-calidad-de-agua\/#breadcrumb"},"inLanguage":"es","potentialAction":[{"@type":"ReadAction","target":["https:\/\/patagoniambiental.com.ar\/info\/lago-nahuel-huapi-ambiente-participo-de-una-reunion-para-controlar-la-calidad-de-agua\/"]}]},{"@type":"BreadcrumbList","@id":"https:\/\/patagoniambiental.com.ar\/info\/lago-nahuel-huapi-ambiente-participo-de-una-reunion-para-controlar-la-calidad-de-agua\/#breadcrumb","itemListElement":[{"@type":"ListItem","position":1,"name":"Inicio","item":"https:\/\/patagoniambiental.com.ar\/info\/"},{"@type":"ListItem","position":2,"name":"Lago Nahuel Huapi: Ambiente particip\u00f3 de una reuni\u00f3n para controlar la calidad de agua"}]},{"@type":"WebSite","@id":"https:\/\/patagoniambiental.com.ar\/info\/#website","url":"https:\/\/patagoniambiental.com.ar\/info\/","name":"Patagonia Ambiental","description":"Monitoreo y an\u00e1lisis de la situaci\u00f3n geopol\u00edtica en el mundo y su implicancia en la Patagonia","publisher":{"@id":"https:\/\/patagoniambiental.com.ar\/info\/#organization"},"potentialAction":[{"@type":"SearchAction","target":{"@type":"EntryPoint","urlTemplate":"https:\/\/patagoniambiental.com.ar\/info\/?s={search_term_string}"},"query-input":{"@type":"PropertyValueSpecification","valueRequired":true,"valueName":"search_term_string"}}],"inLanguage":"es"},{"@type":"Organization","@id":"https:\/\/patagoniambiental.com.ar\/info\/#organization","name":"Patagonia Ambiental","url":"https:\/\/patagoniambiental.com.ar\/info\/","logo":{"@type":"ImageObject","inLanguage":"es","@id":"https:\/\/patagoniambiental.com.ar\/info\/#\/schema\/logo\/image\/","url":"https:\/\/patagoniambiental.com.ar\/info\/wp-content\/uploads\/2025\/05\/LOGO-PATAGONIA-AMBIENTAL.png","contentUrl":"https:\/\/patagoniambiental.com.ar\/info\/wp-content\/uploads\/2025\/05\/LOGO-PATAGONIA-AMBIENTAL.png","width":433,"height":250,"caption":"Patagonia Ambiental"},"image":{"@id":"https:\/\/patagoniambiental.com.ar\/info\/#\/schema\/logo\/image\/"},"sameAs":["https:\/\/www.facebook.com\/patagonia.ambiental","https:\/\/x.com\/PatAmb"]},{"@type":"Person","@id":"https:\/\/patagoniambiental.com.ar\/info\/#\/schema\/person\/db12bff64bbcbf6a253710bf0ea37b5d","name":"Patagonia Ambiental","description":"Andr\u00e9s Nievas T\u00e9cnico en manejo ambiental, consultor Ambiental y escritor para medios locales e internacionales sobre temas de geopolitica y medio ambiente.","sameAs":["http:\/\/www.patagoniambiental.com.ar","https:\/\/www.facebook.com\/share\/1C1V8Gv9BX\/?mibextid=qi2Omg","@patagoniambiental","https:\/\/youtube.com\/@patagoniaambiental2023?si=BLt58t0wuXquxlYZ"]}]}},"_links":{"self":[{"href":"https:\/\/patagoniambiental.com.ar\/info\/wp-json\/wp\/v2\/posts\/16358","targetHints":{"allow":["GET"]}}],"collection":[{"href":"https:\/\/patagoniambiental.com.ar\/info\/wp-json\/wp\/v2\/posts"}],"about":[{"href":"https:\/\/patagoniambiental.com.ar\/info\/wp-json\/wp\/v2\/types\/post"}],"author":[{"embeddable":true,"href":"https:\/\/patagoniambiental.com.ar\/info\/wp-json\/wp\/v2\/users\/2"}],"replies":[{"embeddable":true,"href":"https:\/\/patagoniambiental.com.ar\/info\/wp-json\/wp\/v2\/comments?post=16358"}],"version-history":[{"count":0,"href":"https:\/\/patagoniambiental.com.ar\/info\/wp-json\/wp\/v2\/posts\/16358\/revisions"}],"wp:attachment":[{"href":"https:\/\/patagoniambiental.com.ar\/info\/wp-json\/wp\/v2\/media?parent=16358"}],"wp:term":[{"taxonomy":"category","embeddable":true,"href":"https:\/\/patagoniambiental.com.ar\/info\/wp-json\/wp\/v2\/categories?post=16358"},{"taxonomy":"post_tag","embeddable":true,"href":"https:\/\/patagoniambiental.com.ar\/info\/wp-json\/wp\/v2\/tags?post=16358"}],"curies":[{"name":"wp","href":"https:\/\/api.w.org\/{rel}","templated":true}]}}