{"id":16364,"date":"2016-01-15T15:15:10","date_gmt":"2016-01-15T18:15:10","guid":{"rendered":"http:\/\/patagoniambiental.com.ar\/?p=16364"},"modified":"2016-01-15T15:15:10","modified_gmt":"2016-01-15T18:15:10","slug":"rio-negro-estara-presente-en-la-feria-internacional-de-turismo-en-madrid","status":"publish","type":"post","link":"https:\/\/patagoniambiental.com.ar\/info\/rio-negro-estara-presente-en-la-feria-internacional-de-turismo-en-madrid\/","title":{"rendered":"R\u00edo Negro estar\u00e1 presente en la Feria Internacional de Turismo en Madrid"},"content":{"rendered":"<p lang=\"es-ES\" align=\"JUSTIFY\"><b><\/b><span style=\"font-family: Asap;\"><span style=\"font-size: large;\">La provincia de R\u00edo Negro contar\u00e1 con representaci\u00f3n institucional en la 36\u00b0 Feria Internacional de Turismo (FITUR) que se realizar\u00e1 en Madrid, Espa\u00f1a, del 20 al 24 de enero pr\u00f3ximo.<\/span><\/span><\/p>\n<p align=\"JUSTIFY\"><span style=\"font-family: Asap;\"><span style=\"font-size: large;\">La<\/span><\/span> <span style=\"font-family: Asap;\"><span style=\"font-size: large;\">ministra<\/span><\/span> <span style=\"font-family: Asap;\"><span style=\"font-size: large;\">de<\/span><\/span> <span style=\"font-family: Asap;\"><span style=\"font-size: large;\">Turismo,<\/span><\/span> <span style=\"font-family: Asap;\"><span style=\"font-size: large;\">Cultura<\/span><\/span> <span style=\"font-family: Asap;\"><span style=\"font-size: large;\">y<\/span><\/span> <span style=\"font-family: Asap;\"><span style=\"font-size: large;\">Deporte<\/span><\/span> <span style=\"font-family: Asap;\"><span style=\"font-size: large;\">de<\/span><\/span> <span style=\"font-family: Asap;\"><span style=\"font-size: large;\">la<\/span><\/span> <span style=\"font-family: Asap;\"><span style=\"font-size: large;\">Provincia,<\/span><\/span> <span style=\"font-family: Asap;\"><span style=\"font-size: large;\">Silvina<\/span><\/span> <span style=\"font-family: Asap;\"><span style=\"font-size: large;\">Arrieta,<\/span><\/span> <span style=\"font-family: Asap;\"><span style=\"font-size: large;\">y<\/span><\/span> <span style=\"font-family: Asap;\"><span style=\"font-size: large;\">la<\/span><\/span> <span style=\"font-family: Asap;\"><span style=\"font-size: large;\">directora<\/span><\/span> <span style=\"font-family: Asap;\"><span style=\"font-size: large;\">de<\/span><\/span> <span style=\"font-family: Asap;\"><span style=\"font-size: large;\">Acciones<\/span><\/span> <span style=\"font-family: Asap;\"><span style=\"font-size: large;\">Promocionales<\/span><\/span><span style=\"font-family: Asap;\"><span style=\"font-size: large;\">del<\/span><\/span> <span style=\"font-family: Asap;\"><span style=\"font-size: large;\">Ministerio,<\/span><\/span> <span style=\"font-family: Asap;\"><span style=\"font-size: large;\">Carolina<\/span><\/span> <span style=\"font-family: Asap;\"><span style=\"font-size: large;\">Ciliberto,<\/span><\/span> <span style=\"font-family: Asap;\"><span style=\"font-size: large;\">ser\u00e1n<\/span><\/span> <span style=\"font-family: Asap;\"><span style=\"font-size: large;\">parte<\/span><\/span> <span style=\"font-family: Asap;\"><span style=\"font-size: large;\">de<\/span><\/span> <span style=\"font-family: Asap;\"><span style=\"font-size: large;\">la<\/span><\/span> <span style=\"font-family: Asap;\"><span style=\"font-size: large;\">delegaci\u00f3n<\/span><\/span> <span style=\"font-family: Asap;\"><span style=\"font-size: large;\">argentina<\/span><\/span> <span style=\"font-family: Asap;\"><span style=\"font-size: large;\">que<\/span><\/span> <span style=\"font-family: Asap;\"><span style=\"font-size: large;\">encabezar\u00e1<\/span><\/span> <span style=\"font-family: Asap;\"><span style=\"font-size: large;\">el<\/span><\/span> <span style=\"font-family: Asap;\"><span style=\"font-size: large;\">Ministerio<\/span><\/span> <span style=\"font-family: Asap;\"><span style=\"font-size: large;\">de<\/span><\/span> <span style=\"font-family: Asap;\"><span style=\"font-size: large;\">Turismo<\/span><\/span> <span style=\"font-family: Asap;\"><span style=\"font-size: large;\">de<\/span><\/span><span style=\"font-family: Asap;\"><span style=\"font-size: large;\">la<\/span><\/span> <span style=\"font-family: Asap;\"><span style=\"font-size: large;\">Naci\u00f3n<\/span><\/span> <span style=\"font-family: Asap;\"><span style=\"font-size: large;\">y<\/span><\/span> <span style=\"font-family: Asap;\"><span style=\"font-size: large;\">el<\/span><\/span> <span style=\"font-family: Asap;\"><span style=\"font-size: large;\">Instituto<\/span><\/span> <span style=\"font-family: Asap;\"><span style=\"font-size: large;\">Nacional<\/span><\/span> <span style=\"font-family: Asap;\"><span style=\"font-size: large;\">de<\/span><\/span> <span style=\"font-family: Asap;\"><span style=\"font-size: large;\">Promoci\u00f3n<\/span><\/span> <span style=\"font-family: Asap;\"><span style=\"font-size: large;\">Tur\u00edstica<\/span><\/span> <span style=\"font-family: Asap;\"><span style=\"font-size: large;\">(InProTur)<\/span><\/span> <span style=\"font-family: Asap;\"><span style=\"font-size: large;\">en<\/span><\/span> <span style=\"font-family: Asap;\"><span style=\"font-size: large;\">la<\/span><\/span> <span style=\"font-family: Asap;\"><span style=\"font-size: large;\">feria<\/span><\/span> <span style=\"font-family: Asap;\"><span style=\"font-size: large;\">l\u00edder<\/span><\/span> <span style=\"font-family: Asap;\"><span style=\"font-size: large;\">de<\/span><\/span> <span style=\"font-family: Asap;\"><span style=\"font-size: large;\">los<\/span><\/span> <span style=\"font-family: Asap;\"><span style=\"font-size: large;\">mercados<\/span><\/span> <span style=\"font-family: Asap;\"><span style=\"font-size: large;\">tur\u00edsticos<\/span><\/span><span style=\"font-family: Asap;\"><span style=\"font-size: large;\">receptivos<\/span><\/span> <span style=\"font-family: Asap;\"><span style=\"font-size: large;\">y<\/span><\/span> <span style=\"font-family: Asap;\"><span style=\"font-size: large;\">emisores<\/span><\/span> <span style=\"font-family: Asap;\"><span style=\"font-size: large;\">de<\/span><\/span> <span style=\"font-family: Asap;\"><span style=\"font-size: large;\">Iberoam\u00e9rica.<\/span><\/span><\/p>\n<p align=\"JUSTIFY\"><span style=\"font-family: Asap;\"><span style=\"font-size: large;\">Adem\u00e1s<\/span><\/span> <span style=\"font-family: Asap;\"><span style=\"font-size: large;\">de<\/span><\/span> <span style=\"font-family: Asap;\"><span style=\"font-size: large;\">las<\/span><\/span> <span style=\"font-family: Asap;\"><span style=\"font-size: large;\">representaciones<\/span><\/span> <span style=\"font-family: Asap;\"><span style=\"font-size: large;\">oficiales,<\/span><\/span> <span style=\"font-family: Asap;\"><span style=\"font-size: large;\">la<\/span><\/span> <span style=\"font-family: Asap;\"><span style=\"font-size: large;\">delegaci\u00f3n<\/span><\/span> <span style=\"font-family: Asap;\"><span style=\"font-size: large;\">argentina<\/span><\/span> <span style=\"font-family: Asap;\"><span style=\"font-size: large;\">estar\u00e1<\/span><\/span> <span style=\"font-family: Asap;\"><span style=\"font-size: large;\">integrada<\/span><\/span> <span style=\"font-family: Asap;\"><span style=\"font-size: large;\">por<\/span><\/span> <span style=\"font-family: Asap;\"><span style=\"font-size: large;\">m\u00e1s<\/span><\/span> <span style=\"font-family: Asap;\"><span style=\"font-size: large;\">de<\/span><\/span> <span style=\"font-family: Asap;\"><span style=\"font-size: large;\">40<\/span><\/span> <span style=\"font-family: Asap;\"><span style=\"font-size: large;\">operadores<\/span><\/span> <span style=\"font-family: Asap;\"><span style=\"font-size: large;\">tur\u00edsticos<\/span><\/span><span style=\"font-family: Asap;\"><span style=\"font-size: large;\">y<\/span><\/span> <span style=\"font-family: Asap;\"><span style=\"font-size: large;\">entidades<\/span><\/span> <span style=\"font-family: Asap;\"><span style=\"font-size: large;\">del<\/span><\/span> <span style=\"font-family: Asap;\"><span style=\"font-size: large;\">sector,<\/span><\/span> <span style=\"font-family: Asap;\"><span style=\"font-size: large;\">as\u00ed<\/span><\/span> <span style=\"font-family: Asap;\"><span style=\"font-size: large;\">como<\/span><\/span> <span style=\"font-family: Asap;\"><span style=\"font-size: large;\">13<\/span><\/span> <span style=\"font-family: Asap;\"><span style=\"font-size: large;\">destinos<\/span><\/span> <span style=\"font-family: Asap;\"><span style=\"font-size: large;\">tur\u00edsticos<\/span><\/span> <span style=\"font-family: Asap;\"><span style=\"font-size: large;\">y<\/span><\/span> <span style=\"font-family: Asap;\"><span style=\"font-size: large;\">cuatro<\/span><\/span> <span style=\"font-family: Asap;\"><span style=\"font-size: large;\">l\u00edneas<\/span><\/span> <span style=\"font-family: Asap;\"><span style=\"font-size: large;\">a\u00e9reas.<\/span><\/span> <span style=\"font-family: Asap;\"><span style=\"font-size: large;\">El<\/span><\/span> <span style=\"font-family: Asap;\"><span style=\"font-size: large;\">stand<\/span><\/span> <span style=\"font-family: Asap;\"><span style=\"font-size: large;\">general<\/span><\/span> <span style=\"font-family: Asap;\"><span style=\"font-size: large;\">de<\/span><\/span> <span style=\"font-family: Asap;\"><span style=\"font-size: large;\">Argentina<\/span><\/span> <span style=\"font-family: Asap;\"><span style=\"font-size: large;\">estar\u00e1<\/span><\/span><span style=\"font-family: Asap;\"><span style=\"font-size: large;\">ubicado<\/span><\/span> <span style=\"font-family: Asap;\"><span style=\"font-size: large;\">en<\/span><\/span> <span style=\"font-family: Asap;\"><span style=\"font-size: large;\">el<\/span><\/span> <span style=\"font-family: Asap;\"><span style=\"font-size: large;\">Pabell\u00f3n<\/span><\/span> <span style=\"font-family: Asap;\"><span style=\"font-size: large;\">3<\/span><\/span> <span style=\"font-family: Asap;\"><span style=\"font-size: large;\">y<\/span><\/span> <span style=\"font-family: Asap;\"><span style=\"font-size: large;\">es<\/span><\/span> <span style=\"font-family: Asap;\"><span style=\"font-size: large;\">el<\/span><\/span> <span style=\"font-family: Asap;\"><span style=\"font-size: large;\">n\u00famero<\/span><\/span> <span style=\"font-family: Asap;\"><span style=\"font-size: large;\">3C03.<\/span><\/span> <span style=\"font-family: Asap;\"><span style=\"font-size: large;\">A<\/span><\/span> <span style=\"font-family: Asap;\"><span style=\"font-size: large;\">su<\/span><\/span> <span style=\"font-family: Asap;\"><span style=\"font-size: large;\">vez<\/span><\/span> <span style=\"font-family: Asap;\"><span style=\"font-size: large;\">se<\/span><\/span> <span style=\"font-family: Asap;\"><span style=\"font-size: large;\">contar\u00e1<\/span><\/span> <span style=\"font-family: Asap;\"><span style=\"font-size: large;\">con<\/span><\/span> <span style=\"font-family: Asap;\"><span style=\"font-size: large;\">un<\/span><\/span> <span style=\"font-family: Asap;\"><span style=\"font-size: large;\">PINK<\/span><\/span> <span style=\"font-family: Asap;\"><span style=\"font-size: large;\">CORNER<\/span><\/span> <span style=\"font-family: Asap;\"><span style=\"font-size: large;\">dedicado<\/span><\/span> <span style=\"font-family: Asap;\"><span style=\"font-size: large;\">a<\/span><\/span> <span style=\"font-family: Asap;\"><span style=\"font-size: large;\">la<\/span><\/span> <span style=\"font-family: Asap;\"><span style=\"font-size: large;\">promoci\u00f3n<\/span><\/span><span style=\"font-family: Asap;\"><span style=\"font-size: large;\">del<\/span><\/span> <span style=\"font-family: Asap;\"><span style=\"font-size: large;\">turismo<\/span><\/span> <span style=\"font-family: Asap;\"><span style=\"font-size: large;\">LGBT<\/span><\/span> <span style=\"font-family: Asap;\"><span style=\"font-size: large;\">(3B31<\/span><\/span> <span style=\"font-family: Asap;\"><span style=\"font-size: large;\">y<\/span><\/span> <span style=\"font-family: Asap;\"><span style=\"font-size: large;\">3B33).<\/span><\/span><\/p>\n<p align=\"JUSTIFY\"><span style=\"font-family: Asap;\"><span style=\"font-size: large;\">FITUR es el foro de negocios y promoci\u00f3n de la industria tur\u00edstica mundial, que este a\u00f1o espera reunir a unas 9.500 empresas de 165 pa\u00edses y regiones en un recinto de m\u00e1s de 65.000 m2 de superficie de exposici\u00f3n propicio para generar contactos profesionales y de negocio.<\/span><\/span><\/p>\n<p align=\"JUSTIFY\"><span style=\"font-family: Asap;\"><span style=\"font-size: large;\">En ese \u00e1mbito, las funcionarias rionegrinas tendr\u00e1n la misi\u00f3n de presentar, promocionar e incluir a la provincia de R\u00edo Negro como un destino tur\u00edstico patag\u00f3nico dotado de infraestructura, servicios y experiencias que resultan atractivos para la demanda del turismo internacional.<\/span><\/span><\/p>\n<p align=\"JUSTIFY\"><span style=\"font-family: Asap;\"><span style=\"font-size: large;\">Para desarrollar esta misi\u00f3n, el stand de Argentina dispondr\u00e1 de una sala de reuniones y livings que ser\u00e1n utilizados para concretar reuniones, as\u00ed como un auditorio con capacidad para 25 personas, para brindar capacitaciones o realizar las presentaciones de los destinos tur\u00edsticos.<\/span><\/span><\/p>\n<p align=\"JUSTIFY\"><span style=\"font-family: Asap;\"><span style=\"font-size: large;\">El organizador de la gigantesca feria mundial es la Instituci\u00f3n Ferial de Madrid (IFEMA), que estima que en la pr\u00f3xima edici\u00f3n de Fitur se superar\u00e1 la cantidad de 222.551 asistentes que en 2015 incluy\u00f3 a 125.085 profesionales del turismo y la realizaci\u00f3n de unas 5.000 reuniones de negocio.<\/span><\/span><\/p>\n<p align=\"JUSTIFY\"><span style=\"font-family: Asap;\"><span style=\"font-size: large;\">Adem\u00e1s, entre otros datos de los participantes, se destaca la presencia de 7.398 periodistas procedentes de 60 pa\u00edses, que demuestra la gran expectativa e importancia que genera esta Feria en el ambiente internacional.<\/span><\/span><\/p>\n<p align=\"JUSTIFY\"><span style=\"font-family: Asap;\"><span style=\"font-size: large;\">Este a\u00f1o, Fitur contar\u00e1, como novedad, con la presencia de Andaluc\u00eda como socio principal, y con el apoyo de los principales agentes del sector, la Organizaci\u00f3n Mundial del Turismo, OMT; el Ministerio Espa\u00f1ol de Industria, Energ\u00eda y Turismo, as\u00ed como de las empresas y entidades representadas en su Comit\u00e9 Organizador.<\/span><\/span><\/p>\n","protected":false},"excerpt":{"rendered":"<p>La provincia de R\u00edo Negro contar\u00e1 con representaci\u00f3n institucional en la 36\u00b0 Feria Internacional de Turismo (FITUR) que se realizar\u00e1 [&hellip;]<\/p>\n","protected":false},"author":2,"featured_media":0,"comment_status":"closed","ping_status":"closed","sticky":false,"template":"","format":"standard","meta":{"site-sidebar-layout":"default","site-content-layout":"","ast-site-content-layout":"default","site-content-style":"default","site-sidebar-style":"default","ast-global-header-display":"","ast-banner-title-visibility":"","ast-main-header-display":"","ast-hfb-above-header-display":"","ast-hfb-below-header-display":"","ast-hfb-mobile-header-display":"","site-post-title":"","ast-breadcrumbs-content":"","ast-featured-img":"","footer-sml-layout":"","ast-disable-related-posts":"","theme-transparent-header-meta":"","adv-header-id-meta":"","stick-header-meta":"","header-above-stick-meta":"","header-main-stick-meta":"","header-below-stick-meta":"","astra-migrate-meta-layouts":"default","ast-page-background-enabled":"default","ast-page-background-meta":{"desktop":{"background-color":"var(--ast-global-color-5)","background-image":"","background-repeat":"repeat","background-position":"center center","background-size":"auto","background-attachment":"scroll","background-type":"","background-media":"","overlay-type":"","overlay-color":"","overlay-opacity":"","overlay-gradient":""},"tablet":{"background-color":"","background-image":"","background-repeat":"repeat","background-position":"center center","background-size":"auto","background-attachment":"scroll","background-type":"","background-media":"","overlay-type":"","overlay-color":"","overlay-opacity":"","overlay-gradient":""},"mobile":{"background-color":"","background-image":"","background-repeat":"repeat","background-position":"center center","background-size":"auto","background-attachment":"scroll","background-type":"","background-media":"","overlay-type":"","overlay-color":"","overlay-opacity":"","overlay-gradient":""}},"ast-content-background-meta":{"desktop":{"background-color":"var(--ast-global-color-4)","background-image":"","background-repeat":"repeat","background-position":"center center","background-size":"auto","background-attachment":"scroll","background-type":"","background-media":"","overlay-type":"","overlay-color":"","overlay-opacity":"","overlay-gradient":""},"tablet":{"background-color":"var(--ast-global-color-4)","background-image":"","background-repeat":"repeat","background-position":"center center","background-size":"auto","background-attachment":"scroll","background-type":"","background-media":"","overlay-type":"","overlay-color":"","overlay-opacity":"","overlay-gradient":""},"mobile":{"background-color":"var(--ast-global-color-4)","background-image":"","background-repeat":"repeat","background-position":"center center","background-size":"auto","background-attachment":"scroll","background-type":"","background-media":"","overlay-type":"","overlay-color":"","overlay-opacity":"","overlay-gradient":""}},"footnotes":""},"categories":[1],"tags":[],"class_list":["post-16364","post","type-post","status-publish","format-standard","hentry","category-noticias"],"yoast_head":"<!-- This site is optimized with the Yoast SEO Premium plugin v23.0 (Yoast SEO v27.5) - https:\/\/yoast.com\/product\/yoast-seo-premium-wordpress\/ -->\n<title>R\u00edo Negro estar\u00e1 presente en la Feria Internacional de Turismo en Madrid<\/title>\n<meta name=\"robots\" content=\"index, follow, max-snippet:-1, max-image-preview:large, max-video-preview:-1\" \/>\n<link rel=\"canonical\" href=\"https:\/\/patagoniambiental.com.ar\/info\/rio-negro-estara-presente-en-la-feria-internacional-de-turismo-en-madrid\/\" \/>\n<meta property=\"og:locale\" content=\"es_ES\" \/>\n<meta property=\"og:type\" content=\"article\" \/>\n<meta property=\"og:title\" content=\"R\u00edo Negro estar\u00e1 presente en la Feria Internacional de Turismo en Madrid\" \/>\n<meta property=\"og:description\" content=\"La provincia de R\u00edo Negro contar\u00e1 con representaci\u00f3n institucional en la 36\u00b0 Feria Internacional de Turismo (FITUR) que se realizar\u00e1 [&hellip;]\" \/>\n<meta property=\"og:url\" content=\"https:\/\/patagoniambiental.com.ar\/info\/rio-negro-estara-presente-en-la-feria-internacional-de-turismo-en-madrid\/\" \/>\n<meta property=\"og:site_name\" content=\"Patagonia Ambiental\" \/>\n<meta property=\"article:publisher\" content=\"https:\/\/www.facebook.com\/patagonia.ambiental\" \/>\n<meta property=\"article:author\" content=\"https:\/\/www.facebook.com\/share\/1C1V8Gv9BX\/?mibextid=qi2Omg\" \/>\n<meta property=\"article:published_time\" content=\"2016-01-15T18:15:10+00:00\" \/>\n<meta name=\"author\" content=\"Patagonia Ambiental\" \/>\n<meta name=\"twitter:card\" content=\"summary_large_image\" \/>\n<meta name=\"twitter:creator\" content=\"@PatAmb\" \/>\n<meta name=\"twitter:site\" content=\"@PatAmb\" \/>\n<script type=\"application\/ld+json\" class=\"yoast-schema-graph\">{\"@context\":\"https:\\\/\\\/schema.org\",\"@graph\":[{\"@type\":\"Article\",\"@id\":\"https:\\\/\\\/patagoniambiental.com.ar\\\/info\\\/rio-negro-estara-presente-en-la-feria-internacional-de-turismo-en-madrid\\\/#article\",\"isPartOf\":{\"@id\":\"https:\\\/\\\/patagoniambiental.com.ar\\\/info\\\/rio-negro-estara-presente-en-la-feria-internacional-de-turismo-en-madrid\\\/\"},\"author\":{\"name\":\"Patagonia Ambiental\",\"@id\":\"https:\\\/\\\/patagoniambiental.com.ar\\\/info\\\/#\\\/schema\\\/person\\\/db12bff64bbcbf6a253710bf0ea37b5d\"},\"headline\":\"R\u00edo Negro estar\u00e1 presente en la Feria Internacional de Turismo en Madrid\",\"datePublished\":\"2016-01-15T18:15:10+00:00\",\"mainEntityOfPage\":{\"@id\":\"https:\\\/\\\/patagoniambiental.com.ar\\\/info\\\/rio-negro-estara-presente-en-la-feria-internacional-de-turismo-en-madrid\\\/\"},\"wordCount\":456,\"publisher\":{\"@id\":\"https:\\\/\\\/patagoniambiental.com.ar\\\/info\\\/#organization\"},\"articleSection\":[\"Noticias\"],\"inLanguage\":\"es\"},{\"@type\":\"WebPage\",\"@id\":\"https:\\\/\\\/patagoniambiental.com.ar\\\/info\\\/rio-negro-estara-presente-en-la-feria-internacional-de-turismo-en-madrid\\\/\",\"url\":\"https:\\\/\\\/patagoniambiental.com.ar\\\/info\\\/rio-negro-estara-presente-en-la-feria-internacional-de-turismo-en-madrid\\\/\",\"name\":\"R\u00edo Negro estar\u00e1 presente en la Feria Internacional de Turismo en Madrid\",\"isPartOf\":{\"@id\":\"https:\\\/\\\/patagoniambiental.com.ar\\\/info\\\/#website\"},\"datePublished\":\"2016-01-15T18:15:10+00:00\",\"breadcrumb\":{\"@id\":\"https:\\\/\\\/patagoniambiental.com.ar\\\/info\\\/rio-negro-estara-presente-en-la-feria-internacional-de-turismo-en-madrid\\\/#breadcrumb\"},\"inLanguage\":\"es\",\"potentialAction\":[{\"@type\":\"ReadAction\",\"target\":[\"https:\\\/\\\/patagoniambiental.com.ar\\\/info\\\/rio-negro-estara-presente-en-la-feria-internacional-de-turismo-en-madrid\\\/\"]}]},{\"@type\":\"BreadcrumbList\",\"@id\":\"https:\\\/\\\/patagoniambiental.com.ar\\\/info\\\/rio-negro-estara-presente-en-la-feria-internacional-de-turismo-en-madrid\\\/#breadcrumb\",\"itemListElement\":[{\"@type\":\"ListItem\",\"position\":1,\"name\":\"Inicio\",\"item\":\"https:\\\/\\\/patagoniambiental.com.ar\\\/info\\\/\"},{\"@type\":\"ListItem\",\"position\":2,\"name\":\"R\u00edo Negro estar\u00e1 presente en la Feria Internacional de Turismo en Madrid\"}]},{\"@type\":\"WebSite\",\"@id\":\"https:\\\/\\\/patagoniambiental.com.ar\\\/info\\\/#website\",\"url\":\"https:\\\/\\\/patagoniambiental.com.ar\\\/info\\\/\",\"name\":\"Patagonia Ambiental\",\"description\":\"Monitoreo y an\u00e1lisis de la situaci\u00f3n geopol\u00edtica en el mundo y su implicancia en la Patagonia\",\"publisher\":{\"@id\":\"https:\\\/\\\/patagoniambiental.com.ar\\\/info\\\/#organization\"},\"potentialAction\":[{\"@type\":\"SearchAction\",\"target\":{\"@type\":\"EntryPoint\",\"urlTemplate\":\"https:\\\/\\\/patagoniambiental.com.ar\\\/info\\\/?s={search_term_string}\"},\"query-input\":{\"@type\":\"PropertyValueSpecification\",\"valueRequired\":true,\"valueName\":\"search_term_string\"}}],\"inLanguage\":\"es\"},{\"@type\":\"Organization\",\"@id\":\"https:\\\/\\\/patagoniambiental.com.ar\\\/info\\\/#organization\",\"name\":\"Patagonia Ambiental\",\"url\":\"https:\\\/\\\/patagoniambiental.com.ar\\\/info\\\/\",\"logo\":{\"@type\":\"ImageObject\",\"inLanguage\":\"es\",\"@id\":\"https:\\\/\\\/patagoniambiental.com.ar\\\/info\\\/#\\\/schema\\\/logo\\\/image\\\/\",\"url\":\"https:\\\/\\\/patagoniambiental.com.ar\\\/info\\\/wp-content\\\/uploads\\\/2025\\\/05\\\/LOGO-PATAGONIA-AMBIENTAL.png\",\"contentUrl\":\"https:\\\/\\\/patagoniambiental.com.ar\\\/info\\\/wp-content\\\/uploads\\\/2025\\\/05\\\/LOGO-PATAGONIA-AMBIENTAL.png\",\"width\":433,\"height\":250,\"caption\":\"Patagonia Ambiental\"},\"image\":{\"@id\":\"https:\\\/\\\/patagoniambiental.com.ar\\\/info\\\/#\\\/schema\\\/logo\\\/image\\\/\"},\"sameAs\":[\"https:\\\/\\\/www.facebook.com\\\/patagonia.ambiental\",\"https:\\\/\\\/x.com\\\/PatAmb\"]},{\"@type\":\"Person\",\"@id\":\"https:\\\/\\\/patagoniambiental.com.ar\\\/info\\\/#\\\/schema\\\/person\\\/db12bff64bbcbf6a253710bf0ea37b5d\",\"name\":\"Patagonia Ambiental\",\"description\":\"Andr\u00e9s Nievas T\u00e9cnico en manejo ambiental, consultor Ambiental y escritor para medios locales e internacionales sobre temas de geopolitica y medio ambiente.\",\"sameAs\":[\"http:\\\/\\\/www.patagoniambiental.com.ar\",\"https:\\\/\\\/www.facebook.com\\\/share\\\/1C1V8Gv9BX\\\/?mibextid=qi2Omg\",\"@patagoniambiental\",\"https:\\\/\\\/youtube.com\\\/@patagoniaambiental2023?si=BLt58t0wuXquxlYZ\"]}]}<\/script>\n<!-- \/ Yoast SEO Premium plugin. -->","yoast_head_json":{"title":"R\u00edo Negro estar\u00e1 presente en la Feria Internacional de Turismo en Madrid","robots":{"index":"index","follow":"follow","max-snippet":"max-snippet:-1","max-image-preview":"max-image-preview:large","max-video-preview":"max-video-preview:-1"},"canonical":"https:\/\/patagoniambiental.com.ar\/info\/rio-negro-estara-presente-en-la-feria-internacional-de-turismo-en-madrid\/","og_locale":"es_ES","og_type":"article","og_title":"R\u00edo Negro estar\u00e1 presente en la Feria Internacional de Turismo en Madrid","og_description":"La provincia de R\u00edo Negro contar\u00e1 con representaci\u00f3n institucional en la 36\u00b0 Feria Internacional de Turismo (FITUR) que se realizar\u00e1 [&hellip;]","og_url":"https:\/\/patagoniambiental.com.ar\/info\/rio-negro-estara-presente-en-la-feria-internacional-de-turismo-en-madrid\/","og_site_name":"Patagonia Ambiental","article_publisher":"https:\/\/www.facebook.com\/patagonia.ambiental","article_author":"https:\/\/www.facebook.com\/share\/1C1V8Gv9BX\/?mibextid=qi2Omg","article_published_time":"2016-01-15T18:15:10+00:00","author":"Patagonia Ambiental","twitter_card":"summary_large_image","twitter_creator":"@PatAmb","twitter_site":"@PatAmb","schema":{"@context":"https:\/\/schema.org","@graph":[{"@type":"Article","@id":"https:\/\/patagoniambiental.com.ar\/info\/rio-negro-estara-presente-en-la-feria-internacional-de-turismo-en-madrid\/#article","isPartOf":{"@id":"https:\/\/patagoniambiental.com.ar\/info\/rio-negro-estara-presente-en-la-feria-internacional-de-turismo-en-madrid\/"},"author":{"name":"Patagonia Ambiental","@id":"https:\/\/patagoniambiental.com.ar\/info\/#\/schema\/person\/db12bff64bbcbf6a253710bf0ea37b5d"},"headline":"R\u00edo Negro estar\u00e1 presente en la Feria Internacional de Turismo en Madrid","datePublished":"2016-01-15T18:15:10+00:00","mainEntityOfPage":{"@id":"https:\/\/patagoniambiental.com.ar\/info\/rio-negro-estara-presente-en-la-feria-internacional-de-turismo-en-madrid\/"},"wordCount":456,"publisher":{"@id":"https:\/\/patagoniambiental.com.ar\/info\/#organization"},"articleSection":["Noticias"],"inLanguage":"es"},{"@type":"WebPage","@id":"https:\/\/patagoniambiental.com.ar\/info\/rio-negro-estara-presente-en-la-feria-internacional-de-turismo-en-madrid\/","url":"https:\/\/patagoniambiental.com.ar\/info\/rio-negro-estara-presente-en-la-feria-internacional-de-turismo-en-madrid\/","name":"R\u00edo Negro estar\u00e1 presente en la Feria Internacional de Turismo en Madrid","isPartOf":{"@id":"https:\/\/patagoniambiental.com.ar\/info\/#website"},"datePublished":"2016-01-15T18:15:10+00:00","breadcrumb":{"@id":"https:\/\/patagoniambiental.com.ar\/info\/rio-negro-estara-presente-en-la-feria-internacional-de-turismo-en-madrid\/#breadcrumb"},"inLanguage":"es","potentialAction":[{"@type":"ReadAction","target":["https:\/\/patagoniambiental.com.ar\/info\/rio-negro-estara-presente-en-la-feria-internacional-de-turismo-en-madrid\/"]}]},{"@type":"BreadcrumbList","@id":"https:\/\/patagoniambiental.com.ar\/info\/rio-negro-estara-presente-en-la-feria-internacional-de-turismo-en-madrid\/#breadcrumb","itemListElement":[{"@type":"ListItem","position":1,"name":"Inicio","item":"https:\/\/patagoniambiental.com.ar\/info\/"},{"@type":"ListItem","position":2,"name":"R\u00edo Negro estar\u00e1 presente en la Feria Internacional de Turismo en Madrid"}]},{"@type":"WebSite","@id":"https:\/\/patagoniambiental.com.ar\/info\/#website","url":"https:\/\/patagoniambiental.com.ar\/info\/","name":"Patagonia Ambiental","description":"Monitoreo y an\u00e1lisis de la situaci\u00f3n geopol\u00edtica en el mundo y su implicancia en la Patagonia","publisher":{"@id":"https:\/\/patagoniambiental.com.ar\/info\/#organization"},"potentialAction":[{"@type":"SearchAction","target":{"@type":"EntryPoint","urlTemplate":"https:\/\/patagoniambiental.com.ar\/info\/?s={search_term_string}"},"query-input":{"@type":"PropertyValueSpecification","valueRequired":true,"valueName":"search_term_string"}}],"inLanguage":"es"},{"@type":"Organization","@id":"https:\/\/patagoniambiental.com.ar\/info\/#organization","name":"Patagonia Ambiental","url":"https:\/\/patagoniambiental.com.ar\/info\/","logo":{"@type":"ImageObject","inLanguage":"es","@id":"https:\/\/patagoniambiental.com.ar\/info\/#\/schema\/logo\/image\/","url":"https:\/\/patagoniambiental.com.ar\/info\/wp-content\/uploads\/2025\/05\/LOGO-PATAGONIA-AMBIENTAL.png","contentUrl":"https:\/\/patagoniambiental.com.ar\/info\/wp-content\/uploads\/2025\/05\/LOGO-PATAGONIA-AMBIENTAL.png","width":433,"height":250,"caption":"Patagonia Ambiental"},"image":{"@id":"https:\/\/patagoniambiental.com.ar\/info\/#\/schema\/logo\/image\/"},"sameAs":["https:\/\/www.facebook.com\/patagonia.ambiental","https:\/\/x.com\/PatAmb"]},{"@type":"Person","@id":"https:\/\/patagoniambiental.com.ar\/info\/#\/schema\/person\/db12bff64bbcbf6a253710bf0ea37b5d","name":"Patagonia Ambiental","description":"Andr\u00e9s Nievas T\u00e9cnico en manejo ambiental, consultor Ambiental y escritor para medios locales e internacionales sobre temas de geopolitica y medio ambiente.","sameAs":["http:\/\/www.patagoniambiental.com.ar","https:\/\/www.facebook.com\/share\/1C1V8Gv9BX\/?mibextid=qi2Omg","@patagoniambiental","https:\/\/youtube.com\/@patagoniaambiental2023?si=BLt58t0wuXquxlYZ"]}]}},"_links":{"self":[{"href":"https:\/\/patagoniambiental.com.ar\/info\/wp-json\/wp\/v2\/posts\/16364","targetHints":{"allow":["GET"]}}],"collection":[{"href":"https:\/\/patagoniambiental.com.ar\/info\/wp-json\/wp\/v2\/posts"}],"about":[{"href":"https:\/\/patagoniambiental.com.ar\/info\/wp-json\/wp\/v2\/types\/post"}],"author":[{"embeddable":true,"href":"https:\/\/patagoniambiental.com.ar\/info\/wp-json\/wp\/v2\/users\/2"}],"replies":[{"embeddable":true,"href":"https:\/\/patagoniambiental.com.ar\/info\/wp-json\/wp\/v2\/comments?post=16364"}],"version-history":[{"count":0,"href":"https:\/\/patagoniambiental.com.ar\/info\/wp-json\/wp\/v2\/posts\/16364\/revisions"}],"wp:attachment":[{"href":"https:\/\/patagoniambiental.com.ar\/info\/wp-json\/wp\/v2\/media?parent=16364"}],"wp:term":[{"taxonomy":"category","embeddable":true,"href":"https:\/\/patagoniambiental.com.ar\/info\/wp-json\/wp\/v2\/categories?post=16364"},{"taxonomy":"post_tag","embeddable":true,"href":"https:\/\/patagoniambiental.com.ar\/info\/wp-json\/wp\/v2\/tags?post=16364"}],"curies":[{"name":"wp","href":"https:\/\/api.w.org\/{rel}","templated":true}]}}