{"id":16401,"date":"2016-01-21T09:00:34","date_gmt":"2016-01-21T12:00:34","guid":{"rendered":"http:\/\/patagoniambiental.com.ar\/?p=16401"},"modified":"2016-01-21T09:00:34","modified_gmt":"2016-01-21T12:00:34","slug":"informe-revela-que-en-los-oceanos-en-el-2050-podra-haber-mas-plasticos-que-peces","status":"publish","type":"post","link":"https:\/\/patagoniambiental.com.ar\/info\/informe-revela-que-en-los-oceanos-en-el-2050-podra-haber-mas-plasticos-que-peces\/","title":{"rendered":"Informe revela que para el 2050 en los oc\u00e9anos podr\u00e1 haber m\u00e1s pl\u00e1sticos que peces"},"content":{"rendered":"<div class=\"row\">\n<div class=\"col-xs-12\">\n<div class=\"cuerpo clearfix\">\n<div>Los oc\u00e9anos podr\u00edan tener en 2050 m\u00e1s pl\u00e1stico que peces en caso de que no se revierta el actual sistema por el cual se usa, produce y dispone de ese material y que en los \u00faltimos 50 a\u00f1os multiplic\u00f3 por 20 su utilizaci\u00f3n en la industria y en los hogares, seg\u00fan un informe presentado ayer en el Foro Econ\u00f3mico de Davos.<\/div>\n<div><\/div>\n<div>\u00abCada a\u00f1o al menos 8 millones de toneladas de pl\u00e1sticos son vertidas en los oc\u00e9anos, lo que equivale a desechar el contenido de un cami\u00f3n de basura en el oc\u00e9ano cada minuto\u00bb, indic\u00f3 el trabajo presentado por la Fundaci\u00f3n Ellen MacArthur.<\/div>\n<div><\/div>\n<div>\u00abSi no se toman medidas -agrega el informe- se espera que aumente a dos camiones por minuto en 2030 y cuatro por minuto para el a\u00f1o 2050\u00bb.<\/div>\n<div>Esta mala utilizaci\u00f3n por falta de reciclado deriva adem\u00e1s cada a\u00f1o en una p\u00e9rdida, solo en envases pl\u00e1sticos, de entre 80.000 y 120.000 millones de d\u00f3lares, seg\u00fan el informe.<\/div>\n<div><\/div>\n<div>El Foro de Davos re\u00fane a referentes pol\u00edticos y econ\u00f3micos de todo el mundo, y en esta oportunidad se sumar\u00e1 una delegaci\u00f3n de Argentina encabezada por el presidente Mauricio Macri, e integrada por Sergio Massa, uno de los principales dirigentes opositores.<\/div>\n<div><\/div>\n<div>El trabajo, titulado \u00abEconom\u00eda de los Nuevos Pl\u00e1sticos. Repensando el Futuro de los Pl\u00e1sticos\u00bb, presenta una visi\u00f3n de la econom\u00eda global en la cual se impulsa el reciclado de esos productos, y subraya pasos concretos en torno a alcanzar el cambio sist\u00e9mico necesario.<\/div>\n<div><\/div>\n<div>El informe est\u00e1 apoyado por los principios de la econom\u00eda circular, \u00abuna econom\u00eda destinada a mantener a los materiales en su m\u00e1ximo valor en todas las oportunidades\u00bb.<\/div>\n<div>Al evaluar por primera vez y de manera integral los flujos globales de los envases de pl\u00e1stico, el informe destaca que la mayor\u00eda de los envases de pl\u00e1stico \u00abse usan solo una vez, es decir que el 95 por ciento del valor del material del recipiente de pl\u00e1stico se pierde en la econom\u00eda despu\u00e9s del primer uso\u00bb.<\/div>\n<div><\/div>\n<div>La llamada \u00abEconom\u00eda de los Nuevos Pl\u00e1sticos\u00bb impulsa la utilizaci\u00f3n de un nuevo modelo \u00abbasado en crear caminos efectivos para el pl\u00e1stico despu\u00e9s de su uso; reducir dr\u00e1sticamente el derrame de pl\u00e1sticos en sistemas naturales, en particular oc\u00e9anos; y encontrar alternativas al petr\u00f3leo crudo y el gas natural como materia prima de la producci\u00f3n de pl\u00e1stico\u00bb.<\/div>\n<div><\/div>\n<div>La producci\u00f3n de pl\u00e1sticos aument\u00f3 en los \u00faltimos 50 a\u00f1os, desde las 15 millones de toneladas en 1964 a 311 millones de toneladas en 2014, y se espera que duplicar\u00e1 esta cifra en los pr\u00f3ximos 20 a\u00f1os ya que los pl\u00e1sticos tienen cada vez m\u00e1s usos, seg\u00fan indica el informe.<\/div>\n<div><\/div>\n<div>Los envases de pl\u00e1stico sigue siendo el mayor uso y actualmente el embalaje representa el 26 por ciento del volumen total de los pl\u00e1sticos utilizados.<\/div>\n<div>En la Argentina, la C\u00e1mara Argentina del Pl\u00e1stico reconoci\u00f3 que esos materiales \u00abtienen una imagen considerablemente negativa ante el consumidor final en t\u00e9rminos medioambientales\u00bb y dijeron que a ello contribuyeron diversos aspectos \u00abrelacionados con la contaminaci\u00f3n visual, falta de educaci\u00f3n y ausencia de pol\u00edticas para el manejo eficaz de residuos s\u00f3lidos\u00bb.<\/div>\n<div><\/div>\n<div>\u00abLos pl\u00e1sticos, en general, son presentados como los villanos de la historia en campa\u00f1as publicitarias que invitan a exaltar la importancia de cuidar el medio ambiente\u00bb, indic\u00f3 la p\u00e1gina web de la C\u00e1mara.Los industriales son partidarios de \u00abllevar adelante un mensaje educativo, y explicar que el villano no es el material, sino el comportamiento asociado a su incorrecta disposici\u00f3n final\u00bb.<\/div>\n<div><\/div>\n<div>\u00abLos esfuerzos de las asociaciones gremiales deben ir desde apoyar y asesorar sobre leyes nacionales, hasta ir a los colegios a ense\u00f1arles a los ni\u00f1os el manejo correcto de los residuos y promover el reciclaje como fin de vida\u00bb, indicaron.<\/div>\n<\/div>\n<\/div>\n<\/div>\n","protected":false},"excerpt":{"rendered":"<p>Los oc\u00e9anos podr\u00edan tener en 2050 m\u00e1s pl\u00e1stico que peces en caso de que no se revierta el actual sistema [&hellip;]<\/p>\n","protected":false},"author":2,"featured_media":0,"comment_status":"closed","ping_status":"closed","sticky":false,"template":"","format":"standard","meta":{"site-sidebar-layout":"default","site-content-layout":"","ast-site-content-layout":"default","site-content-style":"default","site-sidebar-style":"default","ast-global-header-display":"","ast-banner-title-visibility":"","ast-main-header-display":"","ast-hfb-above-header-display":"","ast-hfb-below-header-display":"","ast-hfb-mobile-header-display":"","site-post-title":"","ast-breadcrumbs-content":"","ast-featured-img":"","footer-sml-layout":"","ast-disable-related-posts":"","theme-transparent-header-meta":"","adv-header-id-meta":"","stick-header-meta":"","header-above-stick-meta":"","header-main-stick-meta":"","header-below-stick-meta":"","astra-migrate-meta-layouts":"default","ast-page-background-enabled":"default","ast-page-background-meta":{"desktop":{"background-color":"var(--ast-global-color-5)","background-image":"","background-repeat":"repeat","background-position":"center center","background-size":"auto","background-attachment":"scroll","background-type":"","background-media":"","overlay-type":"","overlay-color":"","overlay-opacity":"","overlay-gradient":""},"tablet":{"background-color":"","background-image":"","background-repeat":"repeat","background-position":"center center","background-size":"auto","background-attachment":"scroll","background-type":"","background-media":"","overlay-type":"","overlay-color":"","overlay-opacity":"","overlay-gradient":""},"mobile":{"background-color":"","background-image":"","background-repeat":"repeat","background-position":"center center","background-size":"auto","background-attachment":"scroll","background-type":"","background-media":"","overlay-type":"","overlay-color":"","overlay-opacity":"","overlay-gradient":""}},"ast-content-background-meta":{"desktop":{"background-color":"var(--ast-global-color-4)","background-image":"","background-repeat":"repeat","background-position":"center center","background-size":"auto","background-attachment":"scroll","background-type":"","background-media":"","overlay-type":"","overlay-color":"","overlay-opacity":"","overlay-gradient":""},"tablet":{"background-color":"var(--ast-global-color-4)","background-image":"","background-repeat":"repeat","background-position":"center center","background-size":"auto","background-attachment":"scroll","background-type":"","background-media":"","overlay-type":"","overlay-color":"","overlay-opacity":"","overlay-gradient":""},"mobile":{"background-color":"var(--ast-global-color-4)","background-image":"","background-repeat":"repeat","background-position":"center center","background-size":"auto","background-attachment":"scroll","background-type":"","background-media":"","overlay-type":"","overlay-color":"","overlay-opacity":"","overlay-gradient":""}},"footnotes":""},"categories":[1],"tags":[],"class_list":["post-16401","post","type-post","status-publish","format-standard","hentry","category-noticias"],"yoast_head":"<!-- This site is optimized with the Yoast SEO Premium plugin v23.0 (Yoast SEO v27.5) - https:\/\/yoast.com\/product\/yoast-seo-premium-wordpress\/ -->\n<title>Informe revela que para el 2050 en los oc\u00e9anos podr\u00e1 haber m\u00e1s pl\u00e1sticos que peces<\/title>\n<meta name=\"robots\" content=\"index, follow, max-snippet:-1, max-image-preview:large, max-video-preview:-1\" \/>\n<link rel=\"canonical\" href=\"https:\/\/patagoniambiental.com.ar\/info\/informe-revela-que-en-los-oceanos-en-el-2050-podra-haber-mas-plasticos-que-peces\/\" \/>\n<meta property=\"og:locale\" content=\"es_ES\" \/>\n<meta property=\"og:type\" content=\"article\" \/>\n<meta property=\"og:title\" content=\"Informe revela que para el 2050 en los oc\u00e9anos podr\u00e1 haber m\u00e1s pl\u00e1sticos que peces\" \/>\n<meta property=\"og:description\" content=\"Los oc\u00e9anos podr\u00edan tener en 2050 m\u00e1s pl\u00e1stico que peces en caso de que no se revierta el actual sistema [&hellip;]\" \/>\n<meta property=\"og:url\" content=\"https:\/\/patagoniambiental.com.ar\/info\/informe-revela-que-en-los-oceanos-en-el-2050-podra-haber-mas-plasticos-que-peces\/\" \/>\n<meta property=\"og:site_name\" content=\"Patagonia Ambiental\" \/>\n<meta property=\"article:publisher\" content=\"https:\/\/www.facebook.com\/patagonia.ambiental\" \/>\n<meta property=\"article:author\" content=\"https:\/\/www.facebook.com\/share\/1C1V8Gv9BX\/?mibextid=qi2Omg\" \/>\n<meta property=\"article:published_time\" content=\"2016-01-21T12:00:34+00:00\" \/>\n<meta name=\"author\" content=\"Patagonia Ambiental\" \/>\n<meta name=\"twitter:card\" content=\"summary_large_image\" \/>\n<meta name=\"twitter:creator\" content=\"@PatAmb\" \/>\n<meta name=\"twitter:site\" content=\"@PatAmb\" \/>\n<script type=\"application\/ld+json\" class=\"yoast-schema-graph\">{\"@context\":\"https:\\\/\\\/schema.org\",\"@graph\":[{\"@type\":\"Article\",\"@id\":\"https:\\\/\\\/patagoniambiental.com.ar\\\/info\\\/informe-revela-que-en-los-oceanos-en-el-2050-podra-haber-mas-plasticos-que-peces\\\/#article\",\"isPartOf\":{\"@id\":\"https:\\\/\\\/patagoniambiental.com.ar\\\/info\\\/informe-revela-que-en-los-oceanos-en-el-2050-podra-haber-mas-plasticos-que-peces\\\/\"},\"author\":{\"name\":\"Patagonia Ambiental\",\"@id\":\"https:\\\/\\\/patagoniambiental.com.ar\\\/info\\\/#\\\/schema\\\/person\\\/db12bff64bbcbf6a253710bf0ea37b5d\"},\"headline\":\"Informe revela que para el 2050 en los oc\u00e9anos podr\u00e1 haber m\u00e1s pl\u00e1sticos que peces\",\"datePublished\":\"2016-01-21T12:00:34+00:00\",\"mainEntityOfPage\":{\"@id\":\"https:\\\/\\\/patagoniambiental.com.ar\\\/info\\\/informe-revela-que-en-los-oceanos-en-el-2050-podra-haber-mas-plasticos-que-peces\\\/\"},\"wordCount\":686,\"publisher\":{\"@id\":\"https:\\\/\\\/patagoniambiental.com.ar\\\/info\\\/#organization\"},\"articleSection\":[\"Noticias\"],\"inLanguage\":\"es\"},{\"@type\":\"WebPage\",\"@id\":\"https:\\\/\\\/patagoniambiental.com.ar\\\/info\\\/informe-revela-que-en-los-oceanos-en-el-2050-podra-haber-mas-plasticos-que-peces\\\/\",\"url\":\"https:\\\/\\\/patagoniambiental.com.ar\\\/info\\\/informe-revela-que-en-los-oceanos-en-el-2050-podra-haber-mas-plasticos-que-peces\\\/\",\"name\":\"Informe revela que para el 2050 en los oc\u00e9anos podr\u00e1 haber m\u00e1s pl\u00e1sticos que peces\",\"isPartOf\":{\"@id\":\"https:\\\/\\\/patagoniambiental.com.ar\\\/info\\\/#website\"},\"datePublished\":\"2016-01-21T12:00:34+00:00\",\"breadcrumb\":{\"@id\":\"https:\\\/\\\/patagoniambiental.com.ar\\\/info\\\/informe-revela-que-en-los-oceanos-en-el-2050-podra-haber-mas-plasticos-que-peces\\\/#breadcrumb\"},\"inLanguage\":\"es\",\"potentialAction\":[{\"@type\":\"ReadAction\",\"target\":[\"https:\\\/\\\/patagoniambiental.com.ar\\\/info\\\/informe-revela-que-en-los-oceanos-en-el-2050-podra-haber-mas-plasticos-que-peces\\\/\"]}]},{\"@type\":\"BreadcrumbList\",\"@id\":\"https:\\\/\\\/patagoniambiental.com.ar\\\/info\\\/informe-revela-que-en-los-oceanos-en-el-2050-podra-haber-mas-plasticos-que-peces\\\/#breadcrumb\",\"itemListElement\":[{\"@type\":\"ListItem\",\"position\":1,\"name\":\"Inicio\",\"item\":\"https:\\\/\\\/patagoniambiental.com.ar\\\/info\\\/\"},{\"@type\":\"ListItem\",\"position\":2,\"name\":\"Informe revela que para el 2050 en los oc\u00e9anos podr\u00e1 haber m\u00e1s pl\u00e1sticos que peces\"}]},{\"@type\":\"WebSite\",\"@id\":\"https:\\\/\\\/patagoniambiental.com.ar\\\/info\\\/#website\",\"url\":\"https:\\\/\\\/patagoniambiental.com.ar\\\/info\\\/\",\"name\":\"Patagonia Ambiental\",\"description\":\"Monitoreo y an\u00e1lisis de la situaci\u00f3n geopol\u00edtica en el mundo y su implicancia en la Patagonia\",\"publisher\":{\"@id\":\"https:\\\/\\\/patagoniambiental.com.ar\\\/info\\\/#organization\"},\"potentialAction\":[{\"@type\":\"SearchAction\",\"target\":{\"@type\":\"EntryPoint\",\"urlTemplate\":\"https:\\\/\\\/patagoniambiental.com.ar\\\/info\\\/?s={search_term_string}\"},\"query-input\":{\"@type\":\"PropertyValueSpecification\",\"valueRequired\":true,\"valueName\":\"search_term_string\"}}],\"inLanguage\":\"es\"},{\"@type\":\"Organization\",\"@id\":\"https:\\\/\\\/patagoniambiental.com.ar\\\/info\\\/#organization\",\"name\":\"Patagonia Ambiental\",\"url\":\"https:\\\/\\\/patagoniambiental.com.ar\\\/info\\\/\",\"logo\":{\"@type\":\"ImageObject\",\"inLanguage\":\"es\",\"@id\":\"https:\\\/\\\/patagoniambiental.com.ar\\\/info\\\/#\\\/schema\\\/logo\\\/image\\\/\",\"url\":\"https:\\\/\\\/patagoniambiental.com.ar\\\/info\\\/wp-content\\\/uploads\\\/2025\\\/05\\\/LOGO-PATAGONIA-AMBIENTAL.png\",\"contentUrl\":\"https:\\\/\\\/patagoniambiental.com.ar\\\/info\\\/wp-content\\\/uploads\\\/2025\\\/05\\\/LOGO-PATAGONIA-AMBIENTAL.png\",\"width\":433,\"height\":250,\"caption\":\"Patagonia Ambiental\"},\"image\":{\"@id\":\"https:\\\/\\\/patagoniambiental.com.ar\\\/info\\\/#\\\/schema\\\/logo\\\/image\\\/\"},\"sameAs\":[\"https:\\\/\\\/www.facebook.com\\\/patagonia.ambiental\",\"https:\\\/\\\/x.com\\\/PatAmb\"]},{\"@type\":\"Person\",\"@id\":\"https:\\\/\\\/patagoniambiental.com.ar\\\/info\\\/#\\\/schema\\\/person\\\/db12bff64bbcbf6a253710bf0ea37b5d\",\"name\":\"Patagonia Ambiental\",\"description\":\"Andr\u00e9s Nievas T\u00e9cnico en manejo ambiental, consultor Ambiental y escritor para medios locales e internacionales sobre temas de geopolitica y medio ambiente.\",\"sameAs\":[\"http:\\\/\\\/www.patagoniambiental.com.ar\",\"https:\\\/\\\/www.facebook.com\\\/share\\\/1C1V8Gv9BX\\\/?mibextid=qi2Omg\",\"@patagoniambiental\",\"https:\\\/\\\/youtube.com\\\/@patagoniaambiental2023?si=BLt58t0wuXquxlYZ\"]}]}<\/script>\n<!-- \/ Yoast SEO Premium plugin. -->","yoast_head_json":{"title":"Informe revela que para el 2050 en los oc\u00e9anos podr\u00e1 haber m\u00e1s pl\u00e1sticos que peces","robots":{"index":"index","follow":"follow","max-snippet":"max-snippet:-1","max-image-preview":"max-image-preview:large","max-video-preview":"max-video-preview:-1"},"canonical":"https:\/\/patagoniambiental.com.ar\/info\/informe-revela-que-en-los-oceanos-en-el-2050-podra-haber-mas-plasticos-que-peces\/","og_locale":"es_ES","og_type":"article","og_title":"Informe revela que para el 2050 en los oc\u00e9anos podr\u00e1 haber m\u00e1s pl\u00e1sticos que peces","og_description":"Los oc\u00e9anos podr\u00edan tener en 2050 m\u00e1s pl\u00e1stico que peces en caso de que no se revierta el actual sistema [&hellip;]","og_url":"https:\/\/patagoniambiental.com.ar\/info\/informe-revela-que-en-los-oceanos-en-el-2050-podra-haber-mas-plasticos-que-peces\/","og_site_name":"Patagonia Ambiental","article_publisher":"https:\/\/www.facebook.com\/patagonia.ambiental","article_author":"https:\/\/www.facebook.com\/share\/1C1V8Gv9BX\/?mibextid=qi2Omg","article_published_time":"2016-01-21T12:00:34+00:00","author":"Patagonia Ambiental","twitter_card":"summary_large_image","twitter_creator":"@PatAmb","twitter_site":"@PatAmb","schema":{"@context":"https:\/\/schema.org","@graph":[{"@type":"Article","@id":"https:\/\/patagoniambiental.com.ar\/info\/informe-revela-que-en-los-oceanos-en-el-2050-podra-haber-mas-plasticos-que-peces\/#article","isPartOf":{"@id":"https:\/\/patagoniambiental.com.ar\/info\/informe-revela-que-en-los-oceanos-en-el-2050-podra-haber-mas-plasticos-que-peces\/"},"author":{"name":"Patagonia Ambiental","@id":"https:\/\/patagoniambiental.com.ar\/info\/#\/schema\/person\/db12bff64bbcbf6a253710bf0ea37b5d"},"headline":"Informe revela que para el 2050 en los oc\u00e9anos podr\u00e1 haber m\u00e1s pl\u00e1sticos que peces","datePublished":"2016-01-21T12:00:34+00:00","mainEntityOfPage":{"@id":"https:\/\/patagoniambiental.com.ar\/info\/informe-revela-que-en-los-oceanos-en-el-2050-podra-haber-mas-plasticos-que-peces\/"},"wordCount":686,"publisher":{"@id":"https:\/\/patagoniambiental.com.ar\/info\/#organization"},"articleSection":["Noticias"],"inLanguage":"es"},{"@type":"WebPage","@id":"https:\/\/patagoniambiental.com.ar\/info\/informe-revela-que-en-los-oceanos-en-el-2050-podra-haber-mas-plasticos-que-peces\/","url":"https:\/\/patagoniambiental.com.ar\/info\/informe-revela-que-en-los-oceanos-en-el-2050-podra-haber-mas-plasticos-que-peces\/","name":"Informe revela que para el 2050 en los oc\u00e9anos podr\u00e1 haber m\u00e1s pl\u00e1sticos que peces","isPartOf":{"@id":"https:\/\/patagoniambiental.com.ar\/info\/#website"},"datePublished":"2016-01-21T12:00:34+00:00","breadcrumb":{"@id":"https:\/\/patagoniambiental.com.ar\/info\/informe-revela-que-en-los-oceanos-en-el-2050-podra-haber-mas-plasticos-que-peces\/#breadcrumb"},"inLanguage":"es","potentialAction":[{"@type":"ReadAction","target":["https:\/\/patagoniambiental.com.ar\/info\/informe-revela-que-en-los-oceanos-en-el-2050-podra-haber-mas-plasticos-que-peces\/"]}]},{"@type":"BreadcrumbList","@id":"https:\/\/patagoniambiental.com.ar\/info\/informe-revela-que-en-los-oceanos-en-el-2050-podra-haber-mas-plasticos-que-peces\/#breadcrumb","itemListElement":[{"@type":"ListItem","position":1,"name":"Inicio","item":"https:\/\/patagoniambiental.com.ar\/info\/"},{"@type":"ListItem","position":2,"name":"Informe revela que para el 2050 en los oc\u00e9anos podr\u00e1 haber m\u00e1s pl\u00e1sticos que peces"}]},{"@type":"WebSite","@id":"https:\/\/patagoniambiental.com.ar\/info\/#website","url":"https:\/\/patagoniambiental.com.ar\/info\/","name":"Patagonia Ambiental","description":"Monitoreo y an\u00e1lisis de la situaci\u00f3n geopol\u00edtica en el mundo y su implicancia en la Patagonia","publisher":{"@id":"https:\/\/patagoniambiental.com.ar\/info\/#organization"},"potentialAction":[{"@type":"SearchAction","target":{"@type":"EntryPoint","urlTemplate":"https:\/\/patagoniambiental.com.ar\/info\/?s={search_term_string}"},"query-input":{"@type":"PropertyValueSpecification","valueRequired":true,"valueName":"search_term_string"}}],"inLanguage":"es"},{"@type":"Organization","@id":"https:\/\/patagoniambiental.com.ar\/info\/#organization","name":"Patagonia Ambiental","url":"https:\/\/patagoniambiental.com.ar\/info\/","logo":{"@type":"ImageObject","inLanguage":"es","@id":"https:\/\/patagoniambiental.com.ar\/info\/#\/schema\/logo\/image\/","url":"https:\/\/patagoniambiental.com.ar\/info\/wp-content\/uploads\/2025\/05\/LOGO-PATAGONIA-AMBIENTAL.png","contentUrl":"https:\/\/patagoniambiental.com.ar\/info\/wp-content\/uploads\/2025\/05\/LOGO-PATAGONIA-AMBIENTAL.png","width":433,"height":250,"caption":"Patagonia Ambiental"},"image":{"@id":"https:\/\/patagoniambiental.com.ar\/info\/#\/schema\/logo\/image\/"},"sameAs":["https:\/\/www.facebook.com\/patagonia.ambiental","https:\/\/x.com\/PatAmb"]},{"@type":"Person","@id":"https:\/\/patagoniambiental.com.ar\/info\/#\/schema\/person\/db12bff64bbcbf6a253710bf0ea37b5d","name":"Patagonia Ambiental","description":"Andr\u00e9s Nievas T\u00e9cnico en manejo ambiental, consultor Ambiental y escritor para medios locales e internacionales sobre temas de geopolitica y medio ambiente.","sameAs":["http:\/\/www.patagoniambiental.com.ar","https:\/\/www.facebook.com\/share\/1C1V8Gv9BX\/?mibextid=qi2Omg","@patagoniambiental","https:\/\/youtube.com\/@patagoniaambiental2023?si=BLt58t0wuXquxlYZ"]}]}},"_links":{"self":[{"href":"https:\/\/patagoniambiental.com.ar\/info\/wp-json\/wp\/v2\/posts\/16401","targetHints":{"allow":["GET"]}}],"collection":[{"href":"https:\/\/patagoniambiental.com.ar\/info\/wp-json\/wp\/v2\/posts"}],"about":[{"href":"https:\/\/patagoniambiental.com.ar\/info\/wp-json\/wp\/v2\/types\/post"}],"author":[{"embeddable":true,"href":"https:\/\/patagoniambiental.com.ar\/info\/wp-json\/wp\/v2\/users\/2"}],"replies":[{"embeddable":true,"href":"https:\/\/patagoniambiental.com.ar\/info\/wp-json\/wp\/v2\/comments?post=16401"}],"version-history":[{"count":0,"href":"https:\/\/patagoniambiental.com.ar\/info\/wp-json\/wp\/v2\/posts\/16401\/revisions"}],"wp:attachment":[{"href":"https:\/\/patagoniambiental.com.ar\/info\/wp-json\/wp\/v2\/media?parent=16401"}],"wp:term":[{"taxonomy":"category","embeddable":true,"href":"https:\/\/patagoniambiental.com.ar\/info\/wp-json\/wp\/v2\/categories?post=16401"},{"taxonomy":"post_tag","embeddable":true,"href":"https:\/\/patagoniambiental.com.ar\/info\/wp-json\/wp\/v2\/tags?post=16401"}],"curies":[{"name":"wp","href":"https:\/\/api.w.org\/{rel}","templated":true}]}}