{"id":16430,"date":"2016-01-23T09:00:37","date_gmt":"2016-01-23T12:00:37","guid":{"rendered":"http:\/\/patagoniambiental.com.ar\/?p=16430"},"modified":"2016-01-23T09:00:37","modified_gmt":"2016-01-23T12:00:37","slug":"migani-participo-de-la-primera-asamblea-extraordinaria-de-bosques-nativos-del-cofema","status":"publish","type":"post","link":"https:\/\/patagoniambiental.com.ar\/info\/migani-participo-de-la-primera-asamblea-extraordinaria-de-bosques-nativos-del-cofema\/","title":{"rendered":"Migani particip\u00f3 de la primera Asamblea Extraordinaria de Bosques Nativos del COFEMA"},"content":{"rendered":"<p class=\"western\" lang=\"es-ES\" align=\"justify\">La secretaria de Ambiente y Desarrollo Sustentable, Ing Dina Migani, particip\u00f3 este mi\u00e9rcoles de la primera Asamblea Extraodinaria de Bosques Nativos convocada por el Consejo Federal de Medio Ambiente (COFEMA), realizada en en el Hotel Reconquista Garden de la ciudad de Buenos Aires, encabezado por el Ministro de Ambiente y Desarrollo Sustentable de Naci\u00f3n, Sergio Bergman y la participaci\u00f3n de representantes de todas las provincias argentinas.<\/p>\n<p class=\"western\" lang=\"es-ES\" align=\"justify\">El temario fue amplio, destac\u00e1ndose en esta oportunidad el abordaje de la situaci\u00f3n del Fondo Nacional de Protecci\u00f3n de los Bosques Nativos (a\u00f1o 2015) e informe sobre situaci\u00f3n de cada provincia, adem\u00e1s de la particular inquietud por la falta de fondos espec\u00edficos de la Ley de Protecci\u00f3n de Bosques Nativos, que debieron enviarse a las provincias a finales de 2015 y que el Estado Nacional saliente no gir\u00f3 a la mayor\u00eda de los gobiernos provinciales<\/p>\n<p class=\"western\" lang=\"es-ES\" align=\"justify\">Migani, al igual que sus pares de las diferentes provincias argentinas, durante la asamblea firm\u00f3 una resoluci\u00f3n recomendando al Ministerio de Ambiente y Desarrollo Sustentable realizar los esfuerzos posibles para la afectaci\u00f3n de recursos del Fondo Nacional para el Enriquecimiento y la Conservaci\u00f3n de los Bosques Nativos del Presupuesto 2016, al financiamiento de los planes y fortalecimiento institucional debidamente aprobados en el marco de la convocatoria 2015 que quedaron pendientes, asimismo se resolvi\u00f3 solicitar al Ministerio de Ambiente y Desarrollo Sustentable la tramitaci\u00f3n de pr\u00f3rrogas para la presentaci\u00f3n de las rendiciones de cuentas hasta el 30 de abril de 2016, fundando la excepcionalidad en el Decreto N\u00ba 2585\/2015, que imposibilit\u00f3 la transferencia de fondos en el ejercicio 2015. En este sentido, la secretaria de la SAyDS indic\u00f3 que R\u00edo Negro se ve favorecida por la rubrica de esta resoluci\u00f3n, ya que a\u00fan no ha percibido los fondos correspondientes a la Convocatoria 2015.<\/p>\n<p class=\"western\" lang=\"es-ES\" align=\"justify\">La titular de SAyDS inform\u00f3 que acord\u00f3 con el ministro Bergman un encuentro para las pr\u00f3ximas semanas, en el que plantear\u00e1n situaciones de relevancia para el territorio rionegrino.<\/p>\n<p class=\"western\" lang=\"es-ES\" align=\"justify\">Con una agenda determinada, Migani coincidi\u00f3 con Bergman en concertar una reuni\u00f3n para las pr\u00f3ximas semanas, en la que adem\u00e1s de abordar temas estrictamente relacionados con la provincia, tambi\u00e9n se prev\u00e9n encuentros con distintos referentes ambientales.<\/p>\n<p class=\"western\" lang=\"es-ES\" align=\"justify\">Asimismo se concert\u00f3 un encuentro con los responsables de las \u00e1reas ambientales de la regi\u00f3n Patag\u00f3nica (Tierra del Fuego, Chubut, Santa Cruz, Neuqu\u00e9n y R\u00edo Negro) en los que se tratar\u00e1n temas en com\u00fan. El mismo se llevar\u00e1 a cabo en San Carlos de Bariloche y ser\u00e1 presidido por Migani.<\/p>\n","protected":false},"excerpt":{"rendered":"<p>La secretaria de Ambiente y Desarrollo Sustentable, Ing Dina Migani, particip\u00f3 este mi\u00e9rcoles de la primera Asamblea Extraodinaria de Bosques [&hellip;]<\/p>\n","protected":false},"author":2,"featured_media":0,"comment_status":"closed","ping_status":"closed","sticky":false,"template":"","format":"standard","meta":{"site-sidebar-layout":"default","site-content-layout":"","ast-site-content-layout":"default","site-content-style":"default","site-sidebar-style":"default","ast-global-header-display":"","ast-banner-title-visibility":"","ast-main-header-display":"","ast-hfb-above-header-display":"","ast-hfb-below-header-display":"","ast-hfb-mobile-header-display":"","site-post-title":"","ast-breadcrumbs-content":"","ast-featured-img":"","footer-sml-layout":"","ast-disable-related-posts":"","theme-transparent-header-meta":"","adv-header-id-meta":"","stick-header-meta":"","header-above-stick-meta":"","header-main-stick-meta":"","header-below-stick-meta":"","astra-migrate-meta-layouts":"default","ast-page-background-enabled":"default","ast-page-background-meta":{"desktop":{"background-color":"var(--ast-global-color-5)","background-image":"","background-repeat":"repeat","background-position":"center center","background-size":"auto","background-attachment":"scroll","background-type":"","background-media":"","overlay-type":"","overlay-color":"","overlay-opacity":"","overlay-gradient":""},"tablet":{"background-color":"","background-image":"","background-repeat":"repeat","background-position":"center center","background-size":"auto","background-attachment":"scroll","background-type":"","background-media":"","overlay-type":"","overlay-color":"","overlay-opacity":"","overlay-gradient":""},"mobile":{"background-color":"","background-image":"","background-repeat":"repeat","background-position":"center center","background-size":"auto","background-attachment":"scroll","background-type":"","background-media":"","overlay-type":"","overlay-color":"","overlay-opacity":"","overlay-gradient":""}},"ast-content-background-meta":{"desktop":{"background-color":"var(--ast-global-color-4)","background-image":"","background-repeat":"repeat","background-position":"center center","background-size":"auto","background-attachment":"scroll","background-type":"","background-media":"","overlay-type":"","overlay-color":"","overlay-opacity":"","overlay-gradient":""},"tablet":{"background-color":"var(--ast-global-color-4)","background-image":"","background-repeat":"repeat","background-position":"center center","background-size":"auto","background-attachment":"scroll","background-type":"","background-media":"","overlay-type":"","overlay-color":"","overlay-opacity":"","overlay-gradient":""},"mobile":{"background-color":"var(--ast-global-color-4)","background-image":"","background-repeat":"repeat","background-position":"center center","background-size":"auto","background-attachment":"scroll","background-type":"","background-media":"","overlay-type":"","overlay-color":"","overlay-opacity":"","overlay-gradient":""}},"footnotes":""},"categories":[1],"tags":[],"class_list":["post-16430","post","type-post","status-publish","format-standard","hentry","category-noticias"],"yoast_head":"<!-- This site is optimized with the Yoast SEO Premium plugin v23.0 (Yoast SEO v27.5) - https:\/\/yoast.com\/product\/yoast-seo-premium-wordpress\/ -->\n<title>Migani particip\u00f3 de la primera Asamblea Extraordinaria de Bosques Nativos del COFEMA<\/title>\n<meta name=\"robots\" content=\"index, follow, max-snippet:-1, max-image-preview:large, max-video-preview:-1\" \/>\n<link rel=\"canonical\" href=\"https:\/\/patagoniambiental.com.ar\/info\/migani-participo-de-la-primera-asamblea-extraordinaria-de-bosques-nativos-del-cofema\/\" \/>\n<meta property=\"og:locale\" content=\"es_ES\" \/>\n<meta property=\"og:type\" content=\"article\" \/>\n<meta property=\"og:title\" content=\"Migani particip\u00f3 de la primera Asamblea Extraordinaria de Bosques Nativos del COFEMA\" \/>\n<meta property=\"og:description\" content=\"La secretaria de Ambiente y Desarrollo Sustentable, Ing Dina Migani, particip\u00f3 este mi\u00e9rcoles de la primera Asamblea Extraodinaria de Bosques [&hellip;]\" \/>\n<meta property=\"og:url\" content=\"https:\/\/patagoniambiental.com.ar\/info\/migani-participo-de-la-primera-asamblea-extraordinaria-de-bosques-nativos-del-cofema\/\" \/>\n<meta property=\"og:site_name\" content=\"Patagonia Ambiental\" \/>\n<meta property=\"article:publisher\" content=\"https:\/\/www.facebook.com\/patagonia.ambiental\" \/>\n<meta property=\"article:author\" content=\"https:\/\/www.facebook.com\/share\/1C1V8Gv9BX\/?mibextid=qi2Omg\" \/>\n<meta property=\"article:published_time\" content=\"2016-01-23T12:00:37+00:00\" \/>\n<meta name=\"author\" content=\"Patagonia Ambiental\" \/>\n<meta name=\"twitter:card\" content=\"summary_large_image\" \/>\n<meta name=\"twitter:creator\" content=\"@PatAmb\" \/>\n<meta name=\"twitter:site\" content=\"@PatAmb\" \/>\n<script type=\"application\/ld+json\" class=\"yoast-schema-graph\">{\"@context\":\"https:\\\/\\\/schema.org\",\"@graph\":[{\"@type\":\"Article\",\"@id\":\"https:\\\/\\\/patagoniambiental.com.ar\\\/info\\\/migani-participo-de-la-primera-asamblea-extraordinaria-de-bosques-nativos-del-cofema\\\/#article\",\"isPartOf\":{\"@id\":\"https:\\\/\\\/patagoniambiental.com.ar\\\/info\\\/migani-participo-de-la-primera-asamblea-extraordinaria-de-bosques-nativos-del-cofema\\\/\"},\"author\":{\"name\":\"Patagonia Ambiental\",\"@id\":\"https:\\\/\\\/patagoniambiental.com.ar\\\/info\\\/#\\\/schema\\\/person\\\/db12bff64bbcbf6a253710bf0ea37b5d\"},\"headline\":\"Migani particip\u00f3 de la primera Asamblea Extraordinaria de Bosques Nativos del COFEMA\",\"datePublished\":\"2016-01-23T12:00:37+00:00\",\"mainEntityOfPage\":{\"@id\":\"https:\\\/\\\/patagoniambiental.com.ar\\\/info\\\/migani-participo-de-la-primera-asamblea-extraordinaria-de-bosques-nativos-del-cofema\\\/\"},\"wordCount\":444,\"publisher\":{\"@id\":\"https:\\\/\\\/patagoniambiental.com.ar\\\/info\\\/#organization\"},\"articleSection\":[\"Noticias\"],\"inLanguage\":\"es\"},{\"@type\":\"WebPage\",\"@id\":\"https:\\\/\\\/patagoniambiental.com.ar\\\/info\\\/migani-participo-de-la-primera-asamblea-extraordinaria-de-bosques-nativos-del-cofema\\\/\",\"url\":\"https:\\\/\\\/patagoniambiental.com.ar\\\/info\\\/migani-participo-de-la-primera-asamblea-extraordinaria-de-bosques-nativos-del-cofema\\\/\",\"name\":\"Migani particip\u00f3 de la primera Asamblea Extraordinaria de Bosques Nativos del COFEMA\",\"isPartOf\":{\"@id\":\"https:\\\/\\\/patagoniambiental.com.ar\\\/info\\\/#website\"},\"datePublished\":\"2016-01-23T12:00:37+00:00\",\"breadcrumb\":{\"@id\":\"https:\\\/\\\/patagoniambiental.com.ar\\\/info\\\/migani-participo-de-la-primera-asamblea-extraordinaria-de-bosques-nativos-del-cofema\\\/#breadcrumb\"},\"inLanguage\":\"es\",\"potentialAction\":[{\"@type\":\"ReadAction\",\"target\":[\"https:\\\/\\\/patagoniambiental.com.ar\\\/info\\\/migani-participo-de-la-primera-asamblea-extraordinaria-de-bosques-nativos-del-cofema\\\/\"]}]},{\"@type\":\"BreadcrumbList\",\"@id\":\"https:\\\/\\\/patagoniambiental.com.ar\\\/info\\\/migani-participo-de-la-primera-asamblea-extraordinaria-de-bosques-nativos-del-cofema\\\/#breadcrumb\",\"itemListElement\":[{\"@type\":\"ListItem\",\"position\":1,\"name\":\"Inicio\",\"item\":\"https:\\\/\\\/patagoniambiental.com.ar\\\/info\\\/\"},{\"@type\":\"ListItem\",\"position\":2,\"name\":\"Migani particip\u00f3 de la primera Asamblea Extraordinaria de Bosques Nativos del COFEMA\"}]},{\"@type\":\"WebSite\",\"@id\":\"https:\\\/\\\/patagoniambiental.com.ar\\\/info\\\/#website\",\"url\":\"https:\\\/\\\/patagoniambiental.com.ar\\\/info\\\/\",\"name\":\"Patagonia Ambiental\",\"description\":\"Monitoreo y an\u00e1lisis de la situaci\u00f3n geopol\u00edtica en el mundo y su implicancia en la Patagonia\",\"publisher\":{\"@id\":\"https:\\\/\\\/patagoniambiental.com.ar\\\/info\\\/#organization\"},\"potentialAction\":[{\"@type\":\"SearchAction\",\"target\":{\"@type\":\"EntryPoint\",\"urlTemplate\":\"https:\\\/\\\/patagoniambiental.com.ar\\\/info\\\/?s={search_term_string}\"},\"query-input\":{\"@type\":\"PropertyValueSpecification\",\"valueRequired\":true,\"valueName\":\"search_term_string\"}}],\"inLanguage\":\"es\"},{\"@type\":\"Organization\",\"@id\":\"https:\\\/\\\/patagoniambiental.com.ar\\\/info\\\/#organization\",\"name\":\"Patagonia Ambiental\",\"url\":\"https:\\\/\\\/patagoniambiental.com.ar\\\/info\\\/\",\"logo\":{\"@type\":\"ImageObject\",\"inLanguage\":\"es\",\"@id\":\"https:\\\/\\\/patagoniambiental.com.ar\\\/info\\\/#\\\/schema\\\/logo\\\/image\\\/\",\"url\":\"https:\\\/\\\/patagoniambiental.com.ar\\\/info\\\/wp-content\\\/uploads\\\/2025\\\/05\\\/LOGO-PATAGONIA-AMBIENTAL.png\",\"contentUrl\":\"https:\\\/\\\/patagoniambiental.com.ar\\\/info\\\/wp-content\\\/uploads\\\/2025\\\/05\\\/LOGO-PATAGONIA-AMBIENTAL.png\",\"width\":433,\"height\":250,\"caption\":\"Patagonia Ambiental\"},\"image\":{\"@id\":\"https:\\\/\\\/patagoniambiental.com.ar\\\/info\\\/#\\\/schema\\\/logo\\\/image\\\/\"},\"sameAs\":[\"https:\\\/\\\/www.facebook.com\\\/patagonia.ambiental\",\"https:\\\/\\\/x.com\\\/PatAmb\"]},{\"@type\":\"Person\",\"@id\":\"https:\\\/\\\/patagoniambiental.com.ar\\\/info\\\/#\\\/schema\\\/person\\\/db12bff64bbcbf6a253710bf0ea37b5d\",\"name\":\"Patagonia Ambiental\",\"description\":\"Andr\u00e9s Nievas T\u00e9cnico en manejo ambiental, consultor Ambiental y escritor para medios locales e internacionales sobre temas de geopolitica y medio ambiente.\",\"sameAs\":[\"http:\\\/\\\/www.patagoniambiental.com.ar\",\"https:\\\/\\\/www.facebook.com\\\/share\\\/1C1V8Gv9BX\\\/?mibextid=qi2Omg\",\"@patagoniambiental\",\"https:\\\/\\\/youtube.com\\\/@patagoniaambiental2023?si=BLt58t0wuXquxlYZ\"]}]}<\/script>\n<!-- \/ Yoast SEO Premium plugin. -->","yoast_head_json":{"title":"Migani particip\u00f3 de la primera Asamblea Extraordinaria de Bosques Nativos del COFEMA","robots":{"index":"index","follow":"follow","max-snippet":"max-snippet:-1","max-image-preview":"max-image-preview:large","max-video-preview":"max-video-preview:-1"},"canonical":"https:\/\/patagoniambiental.com.ar\/info\/migani-participo-de-la-primera-asamblea-extraordinaria-de-bosques-nativos-del-cofema\/","og_locale":"es_ES","og_type":"article","og_title":"Migani particip\u00f3 de la primera Asamblea Extraordinaria de Bosques Nativos del COFEMA","og_description":"La secretaria de Ambiente y Desarrollo Sustentable, Ing Dina Migani, particip\u00f3 este mi\u00e9rcoles de la primera Asamblea Extraodinaria de Bosques [&hellip;]","og_url":"https:\/\/patagoniambiental.com.ar\/info\/migani-participo-de-la-primera-asamblea-extraordinaria-de-bosques-nativos-del-cofema\/","og_site_name":"Patagonia Ambiental","article_publisher":"https:\/\/www.facebook.com\/patagonia.ambiental","article_author":"https:\/\/www.facebook.com\/share\/1C1V8Gv9BX\/?mibextid=qi2Omg","article_published_time":"2016-01-23T12:00:37+00:00","author":"Patagonia Ambiental","twitter_card":"summary_large_image","twitter_creator":"@PatAmb","twitter_site":"@PatAmb","schema":{"@context":"https:\/\/schema.org","@graph":[{"@type":"Article","@id":"https:\/\/patagoniambiental.com.ar\/info\/migani-participo-de-la-primera-asamblea-extraordinaria-de-bosques-nativos-del-cofema\/#article","isPartOf":{"@id":"https:\/\/patagoniambiental.com.ar\/info\/migani-participo-de-la-primera-asamblea-extraordinaria-de-bosques-nativos-del-cofema\/"},"author":{"name":"Patagonia Ambiental","@id":"https:\/\/patagoniambiental.com.ar\/info\/#\/schema\/person\/db12bff64bbcbf6a253710bf0ea37b5d"},"headline":"Migani particip\u00f3 de la primera Asamblea Extraordinaria de Bosques Nativos del COFEMA","datePublished":"2016-01-23T12:00:37+00:00","mainEntityOfPage":{"@id":"https:\/\/patagoniambiental.com.ar\/info\/migani-participo-de-la-primera-asamblea-extraordinaria-de-bosques-nativos-del-cofema\/"},"wordCount":444,"publisher":{"@id":"https:\/\/patagoniambiental.com.ar\/info\/#organization"},"articleSection":["Noticias"],"inLanguage":"es"},{"@type":"WebPage","@id":"https:\/\/patagoniambiental.com.ar\/info\/migani-participo-de-la-primera-asamblea-extraordinaria-de-bosques-nativos-del-cofema\/","url":"https:\/\/patagoniambiental.com.ar\/info\/migani-participo-de-la-primera-asamblea-extraordinaria-de-bosques-nativos-del-cofema\/","name":"Migani particip\u00f3 de la primera Asamblea Extraordinaria de Bosques Nativos del COFEMA","isPartOf":{"@id":"https:\/\/patagoniambiental.com.ar\/info\/#website"},"datePublished":"2016-01-23T12:00:37+00:00","breadcrumb":{"@id":"https:\/\/patagoniambiental.com.ar\/info\/migani-participo-de-la-primera-asamblea-extraordinaria-de-bosques-nativos-del-cofema\/#breadcrumb"},"inLanguage":"es","potentialAction":[{"@type":"ReadAction","target":["https:\/\/patagoniambiental.com.ar\/info\/migani-participo-de-la-primera-asamblea-extraordinaria-de-bosques-nativos-del-cofema\/"]}]},{"@type":"BreadcrumbList","@id":"https:\/\/patagoniambiental.com.ar\/info\/migani-participo-de-la-primera-asamblea-extraordinaria-de-bosques-nativos-del-cofema\/#breadcrumb","itemListElement":[{"@type":"ListItem","position":1,"name":"Inicio","item":"https:\/\/patagoniambiental.com.ar\/info\/"},{"@type":"ListItem","position":2,"name":"Migani particip\u00f3 de la primera Asamblea Extraordinaria de Bosques Nativos del COFEMA"}]},{"@type":"WebSite","@id":"https:\/\/patagoniambiental.com.ar\/info\/#website","url":"https:\/\/patagoniambiental.com.ar\/info\/","name":"Patagonia Ambiental","description":"Monitoreo y an\u00e1lisis de la situaci\u00f3n geopol\u00edtica en el mundo y su implicancia en la Patagonia","publisher":{"@id":"https:\/\/patagoniambiental.com.ar\/info\/#organization"},"potentialAction":[{"@type":"SearchAction","target":{"@type":"EntryPoint","urlTemplate":"https:\/\/patagoniambiental.com.ar\/info\/?s={search_term_string}"},"query-input":{"@type":"PropertyValueSpecification","valueRequired":true,"valueName":"search_term_string"}}],"inLanguage":"es"},{"@type":"Organization","@id":"https:\/\/patagoniambiental.com.ar\/info\/#organization","name":"Patagonia Ambiental","url":"https:\/\/patagoniambiental.com.ar\/info\/","logo":{"@type":"ImageObject","inLanguage":"es","@id":"https:\/\/patagoniambiental.com.ar\/info\/#\/schema\/logo\/image\/","url":"https:\/\/patagoniambiental.com.ar\/info\/wp-content\/uploads\/2025\/05\/LOGO-PATAGONIA-AMBIENTAL.png","contentUrl":"https:\/\/patagoniambiental.com.ar\/info\/wp-content\/uploads\/2025\/05\/LOGO-PATAGONIA-AMBIENTAL.png","width":433,"height":250,"caption":"Patagonia Ambiental"},"image":{"@id":"https:\/\/patagoniambiental.com.ar\/info\/#\/schema\/logo\/image\/"},"sameAs":["https:\/\/www.facebook.com\/patagonia.ambiental","https:\/\/x.com\/PatAmb"]},{"@type":"Person","@id":"https:\/\/patagoniambiental.com.ar\/info\/#\/schema\/person\/db12bff64bbcbf6a253710bf0ea37b5d","name":"Patagonia Ambiental","description":"Andr\u00e9s Nievas T\u00e9cnico en manejo ambiental, consultor Ambiental y escritor para medios locales e internacionales sobre temas de geopolitica y medio ambiente.","sameAs":["http:\/\/www.patagoniambiental.com.ar","https:\/\/www.facebook.com\/share\/1C1V8Gv9BX\/?mibextid=qi2Omg","@patagoniambiental","https:\/\/youtube.com\/@patagoniaambiental2023?si=BLt58t0wuXquxlYZ"]}]}},"_links":{"self":[{"href":"https:\/\/patagoniambiental.com.ar\/info\/wp-json\/wp\/v2\/posts\/16430","targetHints":{"allow":["GET"]}}],"collection":[{"href":"https:\/\/patagoniambiental.com.ar\/info\/wp-json\/wp\/v2\/posts"}],"about":[{"href":"https:\/\/patagoniambiental.com.ar\/info\/wp-json\/wp\/v2\/types\/post"}],"author":[{"embeddable":true,"href":"https:\/\/patagoniambiental.com.ar\/info\/wp-json\/wp\/v2\/users\/2"}],"replies":[{"embeddable":true,"href":"https:\/\/patagoniambiental.com.ar\/info\/wp-json\/wp\/v2\/comments?post=16430"}],"version-history":[{"count":0,"href":"https:\/\/patagoniambiental.com.ar\/info\/wp-json\/wp\/v2\/posts\/16430\/revisions"}],"wp:attachment":[{"href":"https:\/\/patagoniambiental.com.ar\/info\/wp-json\/wp\/v2\/media?parent=16430"}],"wp:term":[{"taxonomy":"category","embeddable":true,"href":"https:\/\/patagoniambiental.com.ar\/info\/wp-json\/wp\/v2\/categories?post=16430"},{"taxonomy":"post_tag","embeddable":true,"href":"https:\/\/patagoniambiental.com.ar\/info\/wp-json\/wp\/v2\/tags?post=16430"}],"curies":[{"name":"wp","href":"https:\/\/api.w.org\/{rel}","templated":true}]}}