{"id":16437,"date":"2016-01-25T09:00:24","date_gmt":"2016-01-25T12:00:24","guid":{"rendered":"http:\/\/patagoniambiental.com.ar\/?p=16437"},"modified":"2016-01-25T09:00:24","modified_gmt":"2016-01-25T12:00:24","slug":"premian-a-inti-tucuman-por-su-trabajo-en-energias-renovables-2","status":"publish","type":"post","link":"https:\/\/patagoniambiental.com.ar\/info\/premian-a-inti-tucuman-por-su-trabajo-en-energias-renovables-2\/","title":{"rendered":"Premian a INTI-Tucum\u00e1n por su trabajo en energ\u00edas renovables"},"content":{"rendered":"<p>Profesionales del INTI obtuvieron el primer premio en la categor\u00eda Insumos, Tecnolog\u00eda y Servicios en el congreso Biosapiens, por estudiar el potencial energ\u00e9tico de residuos provenientes de diversos cultivos, incluida la ca\u00f1a de az\u00facar.<\/p>\n<p>El Centro INTI-Tucum\u00e1n gan\u00f3 el primer premio de la categor\u00eda Insumos, Tecnolog\u00eda y Servicios, otorgado en el congreso Biosapiens, que organiza anualmente la Asociaci\u00f3n Argentina de Productores de la Siembra Directa (Aapresid).<\/p>\n<p>En la edici\u00f3n n\u00famero XXIII del congreso, el \u00e1rea de Valorizaci\u00f3n de Recursos Biom\u00e1sicos de INTI-Tucum\u00e1n concurs\u00f3 presentando un resumen de las actividades que realizaron sobre aprovechamiento de residuos agr\u00edcolas y forestales para la obtenci\u00f3n de energ\u00eda.<\/p>\n<p>En los \u00faltimos cinco a\u00f1os, este sector integrado por expertos del INTI realiz\u00f3 relevamientos sobre la producci\u00f3n agro y foresto industrial para estudiar el potencial de la biomasa residual de diversos cultivos, incluyendo la emblem\u00e1tica ca\u00f1a de az\u00facar en Tucum\u00e1n, particularmente el Residuo Agr\u00edcola de Cosecha (RAC). El equipo del INTI tambi\u00e9n se dedic\u00f3 a analizar las capacidades t\u00e9cnicas, profesionales y metalmec\u00e1nica necesarias de los productores, a investigar sistemas de transporte eficientes, a proponer mejoras en la cadena de valor y en t\u00e9cnicas para la medici\u00f3n justa del recurso natural.<\/p>\n<p>Por este trabajo obtuvieron el primer premio en la categor\u00eda Insumos, Tecnolog\u00eda y Servicios, en el congreso celebrado en la ciudad de Rosario, Santa Fe, que se encuentra entre los m\u00e1s destacados del pa\u00eds y adem\u00e1s es referente internacional sobre conocimiento de agricultura.<\/p>\n<p>\u201cLas energ\u00edas renovables a\u00fan no son un fruto maduro en Argentina pero que el INTI sea reconocido por sus pares en esta tem\u00e1tica significa que vamos bien encaminados; y m\u00e1s en una categor\u00eda que tiene que ver con servicios, eso nos marca mucho\u201d, destac\u00f3 Mart\u00edn Rearte, responsable del \u00c1rea que gan\u00f3 la distinci\u00f3n.<\/p>\n<p>Los involucrados en esta tarea, adem\u00e1s de Rearte, son los profesionales de INTI-Tucum\u00e1n, Guillermo Mart\u00ednez Pulido, Marcos Risso, Sado Abdelhamid, Juan Serra y el director del centro Julio Agnello.<\/p>\n<p>\u201cEn Tucum\u00e1n tenemos mucha ca\u00f1a de az\u00facar y cerca de 4 mil peque\u00f1os productores que podr\u00edan beneficiarse a partir del tratamiento de los residuos de su cosecha\u201d, agreg\u00f3 Rearte.<\/p>\n<p>En el congreso participaron diversas instituciones p\u00fablicas y privadas, todas vinculadas con trabajos en el campo o la foresto industria.<\/p>\n","protected":false},"excerpt":{"rendered":"<p>Profesionales del INTI obtuvieron el primer premio en la categor\u00eda Insumos, Tecnolog\u00eda y Servicios en el congreso Biosapiens, por estudiar [&hellip;]<\/p>\n","protected":false},"author":2,"featured_media":0,"comment_status":"closed","ping_status":"closed","sticky":false,"template":"","format":"standard","meta":{"site-sidebar-layout":"default","site-content-layout":"","ast-site-content-layout":"default","site-content-style":"default","site-sidebar-style":"default","ast-global-header-display":"","ast-banner-title-visibility":"","ast-main-header-display":"","ast-hfb-above-header-display":"","ast-hfb-below-header-display":"","ast-hfb-mobile-header-display":"","site-post-title":"","ast-breadcrumbs-content":"","ast-featured-img":"","footer-sml-layout":"","ast-disable-related-posts":"","theme-transparent-header-meta":"","adv-header-id-meta":"","stick-header-meta":"","header-above-stick-meta":"","header-main-stick-meta":"","header-below-stick-meta":"","astra-migrate-meta-layouts":"default","ast-page-background-enabled":"default","ast-page-background-meta":{"desktop":{"background-color":"var(--ast-global-color-5)","background-image":"","background-repeat":"repeat","background-position":"center center","background-size":"auto","background-attachment":"scroll","background-type":"","background-media":"","overlay-type":"","overlay-color":"","overlay-opacity":"","overlay-gradient":""},"tablet":{"background-color":"","background-image":"","background-repeat":"repeat","background-position":"center center","background-size":"auto","background-attachment":"scroll","background-type":"","background-media":"","overlay-type":"","overlay-color":"","overlay-opacity":"","overlay-gradient":""},"mobile":{"background-color":"","background-image":"","background-repeat":"repeat","background-position":"center center","background-size":"auto","background-attachment":"scroll","background-type":"","background-media":"","overlay-type":"","overlay-color":"","overlay-opacity":"","overlay-gradient":""}},"ast-content-background-meta":{"desktop":{"background-color":"var(--ast-global-color-4)","background-image":"","background-repeat":"repeat","background-position":"center center","background-size":"auto","background-attachment":"scroll","background-type":"","background-media":"","overlay-type":"","overlay-color":"","overlay-opacity":"","overlay-gradient":""},"tablet":{"background-color":"var(--ast-global-color-4)","background-image":"","background-repeat":"repeat","background-position":"center center","background-size":"auto","background-attachment":"scroll","background-type":"","background-media":"","overlay-type":"","overlay-color":"","overlay-opacity":"","overlay-gradient":""},"mobile":{"background-color":"var(--ast-global-color-4)","background-image":"","background-repeat":"repeat","background-position":"center center","background-size":"auto","background-attachment":"scroll","background-type":"","background-media":"","overlay-type":"","overlay-color":"","overlay-opacity":"","overlay-gradient":""}},"footnotes":""},"categories":[1],"tags":[],"class_list":["post-16437","post","type-post","status-publish","format-standard","hentry","category-noticias"],"yoast_head":"<!-- This site is optimized with the Yoast SEO Premium plugin v23.0 (Yoast SEO v27.5) - https:\/\/yoast.com\/product\/yoast-seo-premium-wordpress\/ -->\n<title>Premian a INTI-Tucum\u00e1n por su trabajo en energ\u00edas renovables<\/title>\n<meta name=\"robots\" content=\"index, follow, max-snippet:-1, max-image-preview:large, max-video-preview:-1\" \/>\n<link rel=\"canonical\" href=\"https:\/\/patagoniambiental.com.ar\/info\/premian-a-inti-tucuman-por-su-trabajo-en-energias-renovables-2\/\" \/>\n<meta property=\"og:locale\" content=\"es_ES\" \/>\n<meta property=\"og:type\" content=\"article\" \/>\n<meta property=\"og:title\" content=\"Premian a INTI-Tucum\u00e1n por su trabajo en energ\u00edas renovables\" \/>\n<meta property=\"og:description\" content=\"Profesionales del INTI obtuvieron el primer premio en la categor\u00eda Insumos, Tecnolog\u00eda y Servicios en el congreso Biosapiens, por estudiar [&hellip;]\" \/>\n<meta property=\"og:url\" content=\"https:\/\/patagoniambiental.com.ar\/info\/premian-a-inti-tucuman-por-su-trabajo-en-energias-renovables-2\/\" \/>\n<meta property=\"og:site_name\" content=\"Patagonia Ambiental\" \/>\n<meta property=\"article:publisher\" content=\"https:\/\/www.facebook.com\/patagonia.ambiental\" \/>\n<meta property=\"article:author\" content=\"https:\/\/www.facebook.com\/share\/1C1V8Gv9BX\/?mibextid=qi2Omg\" \/>\n<meta property=\"article:published_time\" content=\"2016-01-25T12:00:24+00:00\" \/>\n<meta name=\"author\" content=\"Patagonia Ambiental\" \/>\n<meta name=\"twitter:card\" content=\"summary_large_image\" \/>\n<meta name=\"twitter:creator\" content=\"@PatAmb\" \/>\n<meta name=\"twitter:site\" content=\"@PatAmb\" \/>\n<script type=\"application\/ld+json\" class=\"yoast-schema-graph\">{\"@context\":\"https:\\\/\\\/schema.org\",\"@graph\":[{\"@type\":\"Article\",\"@id\":\"https:\\\/\\\/patagoniambiental.com.ar\\\/info\\\/premian-a-inti-tucuman-por-su-trabajo-en-energias-renovables-2\\\/#article\",\"isPartOf\":{\"@id\":\"https:\\\/\\\/patagoniambiental.com.ar\\\/info\\\/premian-a-inti-tucuman-por-su-trabajo-en-energias-renovables-2\\\/\"},\"author\":{\"name\":\"Patagonia Ambiental\",\"@id\":\"https:\\\/\\\/patagoniambiental.com.ar\\\/info\\\/#\\\/schema\\\/person\\\/db12bff64bbcbf6a253710bf0ea37b5d\"},\"headline\":\"Premian a INTI-Tucum\u00e1n por su trabajo en energ\u00edas renovables\",\"datePublished\":\"2016-01-25T12:00:24+00:00\",\"mainEntityOfPage\":{\"@id\":\"https:\\\/\\\/patagoniambiental.com.ar\\\/info\\\/premian-a-inti-tucuman-por-su-trabajo-en-energias-renovables-2\\\/\"},\"wordCount\":427,\"publisher\":{\"@id\":\"https:\\\/\\\/patagoniambiental.com.ar\\\/info\\\/#organization\"},\"articleSection\":[\"Noticias\"],\"inLanguage\":\"es\"},{\"@type\":\"WebPage\",\"@id\":\"https:\\\/\\\/patagoniambiental.com.ar\\\/info\\\/premian-a-inti-tucuman-por-su-trabajo-en-energias-renovables-2\\\/\",\"url\":\"https:\\\/\\\/patagoniambiental.com.ar\\\/info\\\/premian-a-inti-tucuman-por-su-trabajo-en-energias-renovables-2\\\/\",\"name\":\"Premian a INTI-Tucum\u00e1n por su trabajo en energ\u00edas renovables\",\"isPartOf\":{\"@id\":\"https:\\\/\\\/patagoniambiental.com.ar\\\/info\\\/#website\"},\"datePublished\":\"2016-01-25T12:00:24+00:00\",\"breadcrumb\":{\"@id\":\"https:\\\/\\\/patagoniambiental.com.ar\\\/info\\\/premian-a-inti-tucuman-por-su-trabajo-en-energias-renovables-2\\\/#breadcrumb\"},\"inLanguage\":\"es\",\"potentialAction\":[{\"@type\":\"ReadAction\",\"target\":[\"https:\\\/\\\/patagoniambiental.com.ar\\\/info\\\/premian-a-inti-tucuman-por-su-trabajo-en-energias-renovables-2\\\/\"]}]},{\"@type\":\"BreadcrumbList\",\"@id\":\"https:\\\/\\\/patagoniambiental.com.ar\\\/info\\\/premian-a-inti-tucuman-por-su-trabajo-en-energias-renovables-2\\\/#breadcrumb\",\"itemListElement\":[{\"@type\":\"ListItem\",\"position\":1,\"name\":\"Inicio\",\"item\":\"https:\\\/\\\/patagoniambiental.com.ar\\\/info\\\/\"},{\"@type\":\"ListItem\",\"position\":2,\"name\":\"Premian a INTI-Tucum\u00e1n por su trabajo en energ\u00edas renovables\"}]},{\"@type\":\"WebSite\",\"@id\":\"https:\\\/\\\/patagoniambiental.com.ar\\\/info\\\/#website\",\"url\":\"https:\\\/\\\/patagoniambiental.com.ar\\\/info\\\/\",\"name\":\"Patagonia Ambiental\",\"description\":\"Monitoreo y an\u00e1lisis de la situaci\u00f3n geopol\u00edtica en el mundo y su implicancia en la Patagonia\",\"publisher\":{\"@id\":\"https:\\\/\\\/patagoniambiental.com.ar\\\/info\\\/#organization\"},\"potentialAction\":[{\"@type\":\"SearchAction\",\"target\":{\"@type\":\"EntryPoint\",\"urlTemplate\":\"https:\\\/\\\/patagoniambiental.com.ar\\\/info\\\/?s={search_term_string}\"},\"query-input\":{\"@type\":\"PropertyValueSpecification\",\"valueRequired\":true,\"valueName\":\"search_term_string\"}}],\"inLanguage\":\"es\"},{\"@type\":\"Organization\",\"@id\":\"https:\\\/\\\/patagoniambiental.com.ar\\\/info\\\/#organization\",\"name\":\"Patagonia Ambiental\",\"url\":\"https:\\\/\\\/patagoniambiental.com.ar\\\/info\\\/\",\"logo\":{\"@type\":\"ImageObject\",\"inLanguage\":\"es\",\"@id\":\"https:\\\/\\\/patagoniambiental.com.ar\\\/info\\\/#\\\/schema\\\/logo\\\/image\\\/\",\"url\":\"https:\\\/\\\/patagoniambiental.com.ar\\\/info\\\/wp-content\\\/uploads\\\/2025\\\/05\\\/LOGO-PATAGONIA-AMBIENTAL.png\",\"contentUrl\":\"https:\\\/\\\/patagoniambiental.com.ar\\\/info\\\/wp-content\\\/uploads\\\/2025\\\/05\\\/LOGO-PATAGONIA-AMBIENTAL.png\",\"width\":433,\"height\":250,\"caption\":\"Patagonia Ambiental\"},\"image\":{\"@id\":\"https:\\\/\\\/patagoniambiental.com.ar\\\/info\\\/#\\\/schema\\\/logo\\\/image\\\/\"},\"sameAs\":[\"https:\\\/\\\/www.facebook.com\\\/patagonia.ambiental\",\"https:\\\/\\\/x.com\\\/PatAmb\"]},{\"@type\":\"Person\",\"@id\":\"https:\\\/\\\/patagoniambiental.com.ar\\\/info\\\/#\\\/schema\\\/person\\\/db12bff64bbcbf6a253710bf0ea37b5d\",\"name\":\"Patagonia Ambiental\",\"description\":\"Andr\u00e9s Nievas T\u00e9cnico en manejo ambiental, consultor Ambiental y escritor para medios locales e internacionales sobre temas de geopolitica y medio ambiente.\",\"sameAs\":[\"http:\\\/\\\/www.patagoniambiental.com.ar\",\"https:\\\/\\\/www.facebook.com\\\/share\\\/1C1V8Gv9BX\\\/?mibextid=qi2Omg\",\"@patagoniambiental\",\"https:\\\/\\\/youtube.com\\\/@patagoniaambiental2023?si=BLt58t0wuXquxlYZ\"]}]}<\/script>\n<!-- \/ Yoast SEO Premium plugin. -->","yoast_head_json":{"title":"Premian a INTI-Tucum\u00e1n por su trabajo en energ\u00edas renovables","robots":{"index":"index","follow":"follow","max-snippet":"max-snippet:-1","max-image-preview":"max-image-preview:large","max-video-preview":"max-video-preview:-1"},"canonical":"https:\/\/patagoniambiental.com.ar\/info\/premian-a-inti-tucuman-por-su-trabajo-en-energias-renovables-2\/","og_locale":"es_ES","og_type":"article","og_title":"Premian a INTI-Tucum\u00e1n por su trabajo en energ\u00edas renovables","og_description":"Profesionales del INTI obtuvieron el primer premio en la categor\u00eda Insumos, Tecnolog\u00eda y Servicios en el congreso Biosapiens, por estudiar [&hellip;]","og_url":"https:\/\/patagoniambiental.com.ar\/info\/premian-a-inti-tucuman-por-su-trabajo-en-energias-renovables-2\/","og_site_name":"Patagonia Ambiental","article_publisher":"https:\/\/www.facebook.com\/patagonia.ambiental","article_author":"https:\/\/www.facebook.com\/share\/1C1V8Gv9BX\/?mibextid=qi2Omg","article_published_time":"2016-01-25T12:00:24+00:00","author":"Patagonia Ambiental","twitter_card":"summary_large_image","twitter_creator":"@PatAmb","twitter_site":"@PatAmb","schema":{"@context":"https:\/\/schema.org","@graph":[{"@type":"Article","@id":"https:\/\/patagoniambiental.com.ar\/info\/premian-a-inti-tucuman-por-su-trabajo-en-energias-renovables-2\/#article","isPartOf":{"@id":"https:\/\/patagoniambiental.com.ar\/info\/premian-a-inti-tucuman-por-su-trabajo-en-energias-renovables-2\/"},"author":{"name":"Patagonia Ambiental","@id":"https:\/\/patagoniambiental.com.ar\/info\/#\/schema\/person\/db12bff64bbcbf6a253710bf0ea37b5d"},"headline":"Premian a INTI-Tucum\u00e1n por su trabajo en energ\u00edas renovables","datePublished":"2016-01-25T12:00:24+00:00","mainEntityOfPage":{"@id":"https:\/\/patagoniambiental.com.ar\/info\/premian-a-inti-tucuman-por-su-trabajo-en-energias-renovables-2\/"},"wordCount":427,"publisher":{"@id":"https:\/\/patagoniambiental.com.ar\/info\/#organization"},"articleSection":["Noticias"],"inLanguage":"es"},{"@type":"WebPage","@id":"https:\/\/patagoniambiental.com.ar\/info\/premian-a-inti-tucuman-por-su-trabajo-en-energias-renovables-2\/","url":"https:\/\/patagoniambiental.com.ar\/info\/premian-a-inti-tucuman-por-su-trabajo-en-energias-renovables-2\/","name":"Premian a INTI-Tucum\u00e1n por su trabajo en energ\u00edas renovables","isPartOf":{"@id":"https:\/\/patagoniambiental.com.ar\/info\/#website"},"datePublished":"2016-01-25T12:00:24+00:00","breadcrumb":{"@id":"https:\/\/patagoniambiental.com.ar\/info\/premian-a-inti-tucuman-por-su-trabajo-en-energias-renovables-2\/#breadcrumb"},"inLanguage":"es","potentialAction":[{"@type":"ReadAction","target":["https:\/\/patagoniambiental.com.ar\/info\/premian-a-inti-tucuman-por-su-trabajo-en-energias-renovables-2\/"]}]},{"@type":"BreadcrumbList","@id":"https:\/\/patagoniambiental.com.ar\/info\/premian-a-inti-tucuman-por-su-trabajo-en-energias-renovables-2\/#breadcrumb","itemListElement":[{"@type":"ListItem","position":1,"name":"Inicio","item":"https:\/\/patagoniambiental.com.ar\/info\/"},{"@type":"ListItem","position":2,"name":"Premian a INTI-Tucum\u00e1n por su trabajo en energ\u00edas renovables"}]},{"@type":"WebSite","@id":"https:\/\/patagoniambiental.com.ar\/info\/#website","url":"https:\/\/patagoniambiental.com.ar\/info\/","name":"Patagonia Ambiental","description":"Monitoreo y an\u00e1lisis de la situaci\u00f3n geopol\u00edtica en el mundo y su implicancia en la Patagonia","publisher":{"@id":"https:\/\/patagoniambiental.com.ar\/info\/#organization"},"potentialAction":[{"@type":"SearchAction","target":{"@type":"EntryPoint","urlTemplate":"https:\/\/patagoniambiental.com.ar\/info\/?s={search_term_string}"},"query-input":{"@type":"PropertyValueSpecification","valueRequired":true,"valueName":"search_term_string"}}],"inLanguage":"es"},{"@type":"Organization","@id":"https:\/\/patagoniambiental.com.ar\/info\/#organization","name":"Patagonia Ambiental","url":"https:\/\/patagoniambiental.com.ar\/info\/","logo":{"@type":"ImageObject","inLanguage":"es","@id":"https:\/\/patagoniambiental.com.ar\/info\/#\/schema\/logo\/image\/","url":"https:\/\/patagoniambiental.com.ar\/info\/wp-content\/uploads\/2025\/05\/LOGO-PATAGONIA-AMBIENTAL.png","contentUrl":"https:\/\/patagoniambiental.com.ar\/info\/wp-content\/uploads\/2025\/05\/LOGO-PATAGONIA-AMBIENTAL.png","width":433,"height":250,"caption":"Patagonia Ambiental"},"image":{"@id":"https:\/\/patagoniambiental.com.ar\/info\/#\/schema\/logo\/image\/"},"sameAs":["https:\/\/www.facebook.com\/patagonia.ambiental","https:\/\/x.com\/PatAmb"]},{"@type":"Person","@id":"https:\/\/patagoniambiental.com.ar\/info\/#\/schema\/person\/db12bff64bbcbf6a253710bf0ea37b5d","name":"Patagonia Ambiental","description":"Andr\u00e9s Nievas T\u00e9cnico en manejo ambiental, consultor Ambiental y escritor para medios locales e internacionales sobre temas de geopolitica y medio ambiente.","sameAs":["http:\/\/www.patagoniambiental.com.ar","https:\/\/www.facebook.com\/share\/1C1V8Gv9BX\/?mibextid=qi2Omg","@patagoniambiental","https:\/\/youtube.com\/@patagoniaambiental2023?si=BLt58t0wuXquxlYZ"]}]}},"_links":{"self":[{"href":"https:\/\/patagoniambiental.com.ar\/info\/wp-json\/wp\/v2\/posts\/16437","targetHints":{"allow":["GET"]}}],"collection":[{"href":"https:\/\/patagoniambiental.com.ar\/info\/wp-json\/wp\/v2\/posts"}],"about":[{"href":"https:\/\/patagoniambiental.com.ar\/info\/wp-json\/wp\/v2\/types\/post"}],"author":[{"embeddable":true,"href":"https:\/\/patagoniambiental.com.ar\/info\/wp-json\/wp\/v2\/users\/2"}],"replies":[{"embeddable":true,"href":"https:\/\/patagoniambiental.com.ar\/info\/wp-json\/wp\/v2\/comments?post=16437"}],"version-history":[{"count":0,"href":"https:\/\/patagoniambiental.com.ar\/info\/wp-json\/wp\/v2\/posts\/16437\/revisions"}],"wp:attachment":[{"href":"https:\/\/patagoniambiental.com.ar\/info\/wp-json\/wp\/v2\/media?parent=16437"}],"wp:term":[{"taxonomy":"category","embeddable":true,"href":"https:\/\/patagoniambiental.com.ar\/info\/wp-json\/wp\/v2\/categories?post=16437"},{"taxonomy":"post_tag","embeddable":true,"href":"https:\/\/patagoniambiental.com.ar\/info\/wp-json\/wp\/v2\/tags?post=16437"}],"curies":[{"name":"wp","href":"https:\/\/api.w.org\/{rel}","templated":true}]}}