{"id":16440,"date":"2016-01-25T09:00:14","date_gmt":"2016-01-25T12:00:14","guid":{"rendered":"http:\/\/patagoniambiental.com.ar\/?p=16440"},"modified":"2016-01-25T09:00:14","modified_gmt":"2016-01-25T12:00:14","slug":"la-viuda-de-douglas-tomkins-quiere-donar-a-chile-el-parque-pumalin-en-la-patagonia","status":"publish","type":"post","link":"https:\/\/patagoniambiental.com.ar\/info\/la-viuda-de-douglas-tomkins-quiere-donar-a-chile-el-parque-pumalin-en-la-patagonia\/","title":{"rendered":"Patagonia: La viuda de Douglas Tomkins quiere donar a Chile el parque Pumal\u00edn"},"content":{"rendered":"<p>Kristine McDivitt,\u00a0\u00a0viuda del ecologista y fundador de la compa\u00f1\u00eda The North Face, Douglas Tompkins, \u00a0ofreci\u00f3 una donaci\u00f3n de 410.000 hect\u00e1reas al gobierno chileno.<\/p>\n<p>En el Palacio de La Moneda, sede del Ejecutivo, la presidenta del pa\u00eds austral, Michelle Bachelet, escuch\u00f3 la propuesta de la viuda de Tompkins que ofreci\u00f3 los terrenos que corresponden al parque Pumal\u00edn, ubicado en la regi\u00f3n de Los Lagos en la Patagonia chilena.<\/p>\n<p>Este parque es una reserva natural privada localizada en las tierras australes de Chile, que cuenta con 409.785 hect\u00e1reas de bosque h\u00famedo, donde se practica el ecoturismo, y que el fil\u00e1ntropo protegi\u00f3 durante su vida.<\/p>\n<p>La donaci\u00f3n de este parque significar\u00eda la creaci\u00f3n de un sistema de parques de 4 millones de hect\u00e1reas en la zona austral de Chile.<\/p>\n<p>En declaraciones a los periodistas, Kristine McDivitt comprometi\u00f3 la donaci\u00f3n de los terrenos a condici\u00f3n de que sean declarados parques nacionales.<\/p>\n<p>Tras el encuentro con Bachelet, DcDivitt se\u00f1al\u00f3 que \u201ces un proceso mucho m\u00e1s largo\u201d, y agreg\u00f3 \u201cyo no decido (los tiempos) y yo s\u00e9 que hay un compromiso de los dos lados para trabajar en todas las etapas que hay, que son necesarias, pero no hay una fecha espec\u00edficamente\u201d.<\/p>\n<p>\u201cLa propuesta es m\u00e1s compleja que solamente la donaci\u00f3n de los territorios de nuestra fundaci\u00f3n, pero nuestra intenci\u00f3n desde el principio cuando empezamos hace casi 25 a\u00f1os era donar al Estado no solamente el terreno, sino que toda la infraestructura que hemos desarrollado en estos a\u00f1os y esa meta nunca ha cambiado\u201d, asever\u00f3 la viuda del ecologista.<\/p>\n","protected":false},"excerpt":{"rendered":"<p>Kristine McDivitt,\u00a0\u00a0viuda del ecologista y fundador de la compa\u00f1\u00eda The North Face, Douglas Tompkins, \u00a0ofreci\u00f3 una donaci\u00f3n de 410.000 hect\u00e1reas [&hellip;]<\/p>\n","protected":false},"author":2,"featured_media":0,"comment_status":"closed","ping_status":"closed","sticky":false,"template":"","format":"standard","meta":{"site-sidebar-layout":"default","site-content-layout":"","ast-site-content-layout":"default","site-content-style":"default","site-sidebar-style":"default","ast-global-header-display":"","ast-banner-title-visibility":"","ast-main-header-display":"","ast-hfb-above-header-display":"","ast-hfb-below-header-display":"","ast-hfb-mobile-header-display":"","site-post-title":"","ast-breadcrumbs-content":"","ast-featured-img":"","footer-sml-layout":"","ast-disable-related-posts":"","theme-transparent-header-meta":"","adv-header-id-meta":"","stick-header-meta":"","header-above-stick-meta":"","header-main-stick-meta":"","header-below-stick-meta":"","astra-migrate-meta-layouts":"default","ast-page-background-enabled":"default","ast-page-background-meta":{"desktop":{"background-color":"var(--ast-global-color-5)","background-image":"","background-repeat":"repeat","background-position":"center center","background-size":"auto","background-attachment":"scroll","background-type":"","background-media":"","overlay-type":"","overlay-color":"","overlay-opacity":"","overlay-gradient":""},"tablet":{"background-color":"","background-image":"","background-repeat":"repeat","background-position":"center center","background-size":"auto","background-attachment":"scroll","background-type":"","background-media":"","overlay-type":"","overlay-color":"","overlay-opacity":"","overlay-gradient":""},"mobile":{"background-color":"","background-image":"","background-repeat":"repeat","background-position":"center center","background-size":"auto","background-attachment":"scroll","background-type":"","background-media":"","overlay-type":"","overlay-color":"","overlay-opacity":"","overlay-gradient":""}},"ast-content-background-meta":{"desktop":{"background-color":"var(--ast-global-color-4)","background-image":"","background-repeat":"repeat","background-position":"center center","background-size":"auto","background-attachment":"scroll","background-type":"","background-media":"","overlay-type":"","overlay-color":"","overlay-opacity":"","overlay-gradient":""},"tablet":{"background-color":"var(--ast-global-color-4)","background-image":"","background-repeat":"repeat","background-position":"center center","background-size":"auto","background-attachment":"scroll","background-type":"","background-media":"","overlay-type":"","overlay-color":"","overlay-opacity":"","overlay-gradient":""},"mobile":{"background-color":"var(--ast-global-color-4)","background-image":"","background-repeat":"repeat","background-position":"center center","background-size":"auto","background-attachment":"scroll","background-type":"","background-media":"","overlay-type":"","overlay-color":"","overlay-opacity":"","overlay-gradient":""}},"footnotes":""},"categories":[1],"tags":[],"class_list":["post-16440","post","type-post","status-publish","format-standard","hentry","category-noticias"],"yoast_head":"<!-- This site is optimized with the Yoast SEO Premium plugin v23.0 (Yoast SEO v27.5) - https:\/\/yoast.com\/product\/yoast-seo-premium-wordpress\/ -->\n<title>Patagonia: La viuda de Douglas Tomkins quiere donar a Chile el parque Pumal\u00edn<\/title>\n<meta name=\"robots\" content=\"index, follow, max-snippet:-1, max-image-preview:large, max-video-preview:-1\" \/>\n<link rel=\"canonical\" href=\"https:\/\/patagoniambiental.com.ar\/info\/la-viuda-de-douglas-tomkins-quiere-donar-a-chile-el-parque-pumalin-en-la-patagonia\/\" \/>\n<meta property=\"og:locale\" content=\"es_ES\" \/>\n<meta property=\"og:type\" content=\"article\" \/>\n<meta property=\"og:title\" content=\"Patagonia: La viuda de Douglas Tomkins quiere donar a Chile el parque Pumal\u00edn\" \/>\n<meta property=\"og:description\" content=\"Kristine McDivitt,\u00a0\u00a0viuda del ecologista y fundador de la compa\u00f1\u00eda The North Face, Douglas Tompkins, \u00a0ofreci\u00f3 una donaci\u00f3n de 410.000 hect\u00e1reas [&hellip;]\" \/>\n<meta property=\"og:url\" content=\"https:\/\/patagoniambiental.com.ar\/info\/la-viuda-de-douglas-tomkins-quiere-donar-a-chile-el-parque-pumalin-en-la-patagonia\/\" \/>\n<meta property=\"og:site_name\" content=\"Patagonia Ambiental\" \/>\n<meta property=\"article:publisher\" content=\"https:\/\/www.facebook.com\/patagonia.ambiental\" \/>\n<meta property=\"article:author\" content=\"https:\/\/www.facebook.com\/share\/1C1V8Gv9BX\/?mibextid=qi2Omg\" \/>\n<meta property=\"article:published_time\" content=\"2016-01-25T12:00:14+00:00\" \/>\n<meta name=\"author\" content=\"Patagonia Ambiental\" \/>\n<meta name=\"twitter:card\" content=\"summary_large_image\" \/>\n<meta name=\"twitter:creator\" content=\"@PatAmb\" \/>\n<meta name=\"twitter:site\" content=\"@PatAmb\" \/>\n<script type=\"application\/ld+json\" class=\"yoast-schema-graph\">{\"@context\":\"https:\\\/\\\/schema.org\",\"@graph\":[{\"@type\":\"Article\",\"@id\":\"https:\\\/\\\/patagoniambiental.com.ar\\\/info\\\/la-viuda-de-douglas-tomkins-quiere-donar-a-chile-el-parque-pumalin-en-la-patagonia\\\/#article\",\"isPartOf\":{\"@id\":\"https:\\\/\\\/patagoniambiental.com.ar\\\/info\\\/la-viuda-de-douglas-tomkins-quiere-donar-a-chile-el-parque-pumalin-en-la-patagonia\\\/\"},\"author\":{\"name\":\"Patagonia Ambiental\",\"@id\":\"https:\\\/\\\/patagoniambiental.com.ar\\\/info\\\/#\\\/schema\\\/person\\\/db12bff64bbcbf6a253710bf0ea37b5d\"},\"headline\":\"Patagonia: La viuda de Douglas Tomkins quiere donar a Chile el parque Pumal\u00edn\",\"datePublished\":\"2016-01-25T12:00:14+00:00\",\"mainEntityOfPage\":{\"@id\":\"https:\\\/\\\/patagoniambiental.com.ar\\\/info\\\/la-viuda-de-douglas-tomkins-quiere-donar-a-chile-el-parque-pumalin-en-la-patagonia\\\/\"},\"wordCount\":288,\"publisher\":{\"@id\":\"https:\\\/\\\/patagoniambiental.com.ar\\\/info\\\/#organization\"},\"articleSection\":[\"Noticias\"],\"inLanguage\":\"es\"},{\"@type\":\"WebPage\",\"@id\":\"https:\\\/\\\/patagoniambiental.com.ar\\\/info\\\/la-viuda-de-douglas-tomkins-quiere-donar-a-chile-el-parque-pumalin-en-la-patagonia\\\/\",\"url\":\"https:\\\/\\\/patagoniambiental.com.ar\\\/info\\\/la-viuda-de-douglas-tomkins-quiere-donar-a-chile-el-parque-pumalin-en-la-patagonia\\\/\",\"name\":\"Patagonia: La viuda de Douglas Tomkins quiere donar a Chile el parque Pumal\u00edn\",\"isPartOf\":{\"@id\":\"https:\\\/\\\/patagoniambiental.com.ar\\\/info\\\/#website\"},\"datePublished\":\"2016-01-25T12:00:14+00:00\",\"breadcrumb\":{\"@id\":\"https:\\\/\\\/patagoniambiental.com.ar\\\/info\\\/la-viuda-de-douglas-tomkins-quiere-donar-a-chile-el-parque-pumalin-en-la-patagonia\\\/#breadcrumb\"},\"inLanguage\":\"es\",\"potentialAction\":[{\"@type\":\"ReadAction\",\"target\":[\"https:\\\/\\\/patagoniambiental.com.ar\\\/info\\\/la-viuda-de-douglas-tomkins-quiere-donar-a-chile-el-parque-pumalin-en-la-patagonia\\\/\"]}]},{\"@type\":\"BreadcrumbList\",\"@id\":\"https:\\\/\\\/patagoniambiental.com.ar\\\/info\\\/la-viuda-de-douglas-tomkins-quiere-donar-a-chile-el-parque-pumalin-en-la-patagonia\\\/#breadcrumb\",\"itemListElement\":[{\"@type\":\"ListItem\",\"position\":1,\"name\":\"Inicio\",\"item\":\"https:\\\/\\\/patagoniambiental.com.ar\\\/info\\\/\"},{\"@type\":\"ListItem\",\"position\":2,\"name\":\"Patagonia: La viuda de Douglas Tomkins quiere donar a Chile el parque Pumal\u00edn\"}]},{\"@type\":\"WebSite\",\"@id\":\"https:\\\/\\\/patagoniambiental.com.ar\\\/info\\\/#website\",\"url\":\"https:\\\/\\\/patagoniambiental.com.ar\\\/info\\\/\",\"name\":\"Patagonia Ambiental\",\"description\":\"Monitoreo y an\u00e1lisis de la situaci\u00f3n geopol\u00edtica en el mundo y su implicancia en la Patagonia\",\"publisher\":{\"@id\":\"https:\\\/\\\/patagoniambiental.com.ar\\\/info\\\/#organization\"},\"potentialAction\":[{\"@type\":\"SearchAction\",\"target\":{\"@type\":\"EntryPoint\",\"urlTemplate\":\"https:\\\/\\\/patagoniambiental.com.ar\\\/info\\\/?s={search_term_string}\"},\"query-input\":{\"@type\":\"PropertyValueSpecification\",\"valueRequired\":true,\"valueName\":\"search_term_string\"}}],\"inLanguage\":\"es\"},{\"@type\":\"Organization\",\"@id\":\"https:\\\/\\\/patagoniambiental.com.ar\\\/info\\\/#organization\",\"name\":\"Patagonia Ambiental\",\"url\":\"https:\\\/\\\/patagoniambiental.com.ar\\\/info\\\/\",\"logo\":{\"@type\":\"ImageObject\",\"inLanguage\":\"es\",\"@id\":\"https:\\\/\\\/patagoniambiental.com.ar\\\/info\\\/#\\\/schema\\\/logo\\\/image\\\/\",\"url\":\"https:\\\/\\\/patagoniambiental.com.ar\\\/info\\\/wp-content\\\/uploads\\\/2025\\\/05\\\/LOGO-PATAGONIA-AMBIENTAL.png\",\"contentUrl\":\"https:\\\/\\\/patagoniambiental.com.ar\\\/info\\\/wp-content\\\/uploads\\\/2025\\\/05\\\/LOGO-PATAGONIA-AMBIENTAL.png\",\"width\":433,\"height\":250,\"caption\":\"Patagonia Ambiental\"},\"image\":{\"@id\":\"https:\\\/\\\/patagoniambiental.com.ar\\\/info\\\/#\\\/schema\\\/logo\\\/image\\\/\"},\"sameAs\":[\"https:\\\/\\\/www.facebook.com\\\/patagonia.ambiental\",\"https:\\\/\\\/x.com\\\/PatAmb\"]},{\"@type\":\"Person\",\"@id\":\"https:\\\/\\\/patagoniambiental.com.ar\\\/info\\\/#\\\/schema\\\/person\\\/db12bff64bbcbf6a253710bf0ea37b5d\",\"name\":\"Patagonia Ambiental\",\"description\":\"Andr\u00e9s Nievas T\u00e9cnico en manejo ambiental, consultor Ambiental y escritor para medios locales e internacionales sobre temas de geopolitica y medio ambiente.\",\"sameAs\":[\"http:\\\/\\\/www.patagoniambiental.com.ar\",\"https:\\\/\\\/www.facebook.com\\\/share\\\/1C1V8Gv9BX\\\/?mibextid=qi2Omg\",\"@patagoniambiental\",\"https:\\\/\\\/youtube.com\\\/@patagoniaambiental2023?si=BLt58t0wuXquxlYZ\"]}]}<\/script>\n<!-- \/ Yoast SEO Premium plugin. -->","yoast_head_json":{"title":"Patagonia: La viuda de Douglas Tomkins quiere donar a Chile el parque Pumal\u00edn","robots":{"index":"index","follow":"follow","max-snippet":"max-snippet:-1","max-image-preview":"max-image-preview:large","max-video-preview":"max-video-preview:-1"},"canonical":"https:\/\/patagoniambiental.com.ar\/info\/la-viuda-de-douglas-tomkins-quiere-donar-a-chile-el-parque-pumalin-en-la-patagonia\/","og_locale":"es_ES","og_type":"article","og_title":"Patagonia: La viuda de Douglas Tomkins quiere donar a Chile el parque Pumal\u00edn","og_description":"Kristine McDivitt,\u00a0\u00a0viuda del ecologista y fundador de la compa\u00f1\u00eda The North Face, Douglas Tompkins, \u00a0ofreci\u00f3 una donaci\u00f3n de 410.000 hect\u00e1reas [&hellip;]","og_url":"https:\/\/patagoniambiental.com.ar\/info\/la-viuda-de-douglas-tomkins-quiere-donar-a-chile-el-parque-pumalin-en-la-patagonia\/","og_site_name":"Patagonia Ambiental","article_publisher":"https:\/\/www.facebook.com\/patagonia.ambiental","article_author":"https:\/\/www.facebook.com\/share\/1C1V8Gv9BX\/?mibextid=qi2Omg","article_published_time":"2016-01-25T12:00:14+00:00","author":"Patagonia Ambiental","twitter_card":"summary_large_image","twitter_creator":"@PatAmb","twitter_site":"@PatAmb","schema":{"@context":"https:\/\/schema.org","@graph":[{"@type":"Article","@id":"https:\/\/patagoniambiental.com.ar\/info\/la-viuda-de-douglas-tomkins-quiere-donar-a-chile-el-parque-pumalin-en-la-patagonia\/#article","isPartOf":{"@id":"https:\/\/patagoniambiental.com.ar\/info\/la-viuda-de-douglas-tomkins-quiere-donar-a-chile-el-parque-pumalin-en-la-patagonia\/"},"author":{"name":"Patagonia Ambiental","@id":"https:\/\/patagoniambiental.com.ar\/info\/#\/schema\/person\/db12bff64bbcbf6a253710bf0ea37b5d"},"headline":"Patagonia: La viuda de Douglas Tomkins quiere donar a Chile el parque Pumal\u00edn","datePublished":"2016-01-25T12:00:14+00:00","mainEntityOfPage":{"@id":"https:\/\/patagoniambiental.com.ar\/info\/la-viuda-de-douglas-tomkins-quiere-donar-a-chile-el-parque-pumalin-en-la-patagonia\/"},"wordCount":288,"publisher":{"@id":"https:\/\/patagoniambiental.com.ar\/info\/#organization"},"articleSection":["Noticias"],"inLanguage":"es"},{"@type":"WebPage","@id":"https:\/\/patagoniambiental.com.ar\/info\/la-viuda-de-douglas-tomkins-quiere-donar-a-chile-el-parque-pumalin-en-la-patagonia\/","url":"https:\/\/patagoniambiental.com.ar\/info\/la-viuda-de-douglas-tomkins-quiere-donar-a-chile-el-parque-pumalin-en-la-patagonia\/","name":"Patagonia: La viuda de Douglas Tomkins quiere donar a Chile el parque Pumal\u00edn","isPartOf":{"@id":"https:\/\/patagoniambiental.com.ar\/info\/#website"},"datePublished":"2016-01-25T12:00:14+00:00","breadcrumb":{"@id":"https:\/\/patagoniambiental.com.ar\/info\/la-viuda-de-douglas-tomkins-quiere-donar-a-chile-el-parque-pumalin-en-la-patagonia\/#breadcrumb"},"inLanguage":"es","potentialAction":[{"@type":"ReadAction","target":["https:\/\/patagoniambiental.com.ar\/info\/la-viuda-de-douglas-tomkins-quiere-donar-a-chile-el-parque-pumalin-en-la-patagonia\/"]}]},{"@type":"BreadcrumbList","@id":"https:\/\/patagoniambiental.com.ar\/info\/la-viuda-de-douglas-tomkins-quiere-donar-a-chile-el-parque-pumalin-en-la-patagonia\/#breadcrumb","itemListElement":[{"@type":"ListItem","position":1,"name":"Inicio","item":"https:\/\/patagoniambiental.com.ar\/info\/"},{"@type":"ListItem","position":2,"name":"Patagonia: La viuda de Douglas Tomkins quiere donar a Chile el parque Pumal\u00edn"}]},{"@type":"WebSite","@id":"https:\/\/patagoniambiental.com.ar\/info\/#website","url":"https:\/\/patagoniambiental.com.ar\/info\/","name":"Patagonia Ambiental","description":"Monitoreo y an\u00e1lisis de la situaci\u00f3n geopol\u00edtica en el mundo y su implicancia en la Patagonia","publisher":{"@id":"https:\/\/patagoniambiental.com.ar\/info\/#organization"},"potentialAction":[{"@type":"SearchAction","target":{"@type":"EntryPoint","urlTemplate":"https:\/\/patagoniambiental.com.ar\/info\/?s={search_term_string}"},"query-input":{"@type":"PropertyValueSpecification","valueRequired":true,"valueName":"search_term_string"}}],"inLanguage":"es"},{"@type":"Organization","@id":"https:\/\/patagoniambiental.com.ar\/info\/#organization","name":"Patagonia Ambiental","url":"https:\/\/patagoniambiental.com.ar\/info\/","logo":{"@type":"ImageObject","inLanguage":"es","@id":"https:\/\/patagoniambiental.com.ar\/info\/#\/schema\/logo\/image\/","url":"https:\/\/patagoniambiental.com.ar\/info\/wp-content\/uploads\/2025\/05\/LOGO-PATAGONIA-AMBIENTAL.png","contentUrl":"https:\/\/patagoniambiental.com.ar\/info\/wp-content\/uploads\/2025\/05\/LOGO-PATAGONIA-AMBIENTAL.png","width":433,"height":250,"caption":"Patagonia Ambiental"},"image":{"@id":"https:\/\/patagoniambiental.com.ar\/info\/#\/schema\/logo\/image\/"},"sameAs":["https:\/\/www.facebook.com\/patagonia.ambiental","https:\/\/x.com\/PatAmb"]},{"@type":"Person","@id":"https:\/\/patagoniambiental.com.ar\/info\/#\/schema\/person\/db12bff64bbcbf6a253710bf0ea37b5d","name":"Patagonia Ambiental","description":"Andr\u00e9s Nievas T\u00e9cnico en manejo ambiental, consultor Ambiental y escritor para medios locales e internacionales sobre temas de geopolitica y medio ambiente.","sameAs":["http:\/\/www.patagoniambiental.com.ar","https:\/\/www.facebook.com\/share\/1C1V8Gv9BX\/?mibextid=qi2Omg","@patagoniambiental","https:\/\/youtube.com\/@patagoniaambiental2023?si=BLt58t0wuXquxlYZ"]}]}},"_links":{"self":[{"href":"https:\/\/patagoniambiental.com.ar\/info\/wp-json\/wp\/v2\/posts\/16440","targetHints":{"allow":["GET"]}}],"collection":[{"href":"https:\/\/patagoniambiental.com.ar\/info\/wp-json\/wp\/v2\/posts"}],"about":[{"href":"https:\/\/patagoniambiental.com.ar\/info\/wp-json\/wp\/v2\/types\/post"}],"author":[{"embeddable":true,"href":"https:\/\/patagoniambiental.com.ar\/info\/wp-json\/wp\/v2\/users\/2"}],"replies":[{"embeddable":true,"href":"https:\/\/patagoniambiental.com.ar\/info\/wp-json\/wp\/v2\/comments?post=16440"}],"version-history":[{"count":0,"href":"https:\/\/patagoniambiental.com.ar\/info\/wp-json\/wp\/v2\/posts\/16440\/revisions"}],"wp:attachment":[{"href":"https:\/\/patagoniambiental.com.ar\/info\/wp-json\/wp\/v2\/media?parent=16440"}],"wp:term":[{"taxonomy":"category","embeddable":true,"href":"https:\/\/patagoniambiental.com.ar\/info\/wp-json\/wp\/v2\/categories?post=16440"},{"taxonomy":"post_tag","embeddable":true,"href":"https:\/\/patagoniambiental.com.ar\/info\/wp-json\/wp\/v2\/tags?post=16440"}],"curies":[{"name":"wp","href":"https:\/\/api.w.org\/{rel}","templated":true}]}}