{"id":16444,"date":"2016-01-25T09:00:10","date_gmt":"2016-01-25T12:00:10","guid":{"rendered":"http:\/\/patagoniambiental.com.ar\/?p=16444"},"modified":"2016-01-25T09:00:10","modified_gmt":"2016-01-25T12:00:10","slug":"refuerzan-el-splif-para-enfrentar-el-alto-riesgo-de-ocurrencia-de-incendios-forestales","status":"publish","type":"post","link":"https:\/\/patagoniambiental.com.ar\/info\/refuerzan-el-splif-para-enfrentar-el-alto-riesgo-de-ocurrencia-de-incendios-forestales\/","title":{"rendered":"Refuerzan el SPLIF para enfrentar el alto riesgo de ocurrencia de incendios forestales"},"content":{"rendered":"<p align=\"JUSTIFY\"><span style=\"font-family: Asap;\"><span style=\"font-size: large;\">A ra\u00edz de las condiciones clim\u00e1ticas con las que se inici\u00f3 la tercera semana de enero, que incluy\u00f3 altas temperaturas, escasas precipitaciones y muy bajos porcentajes de humedad, combinaci\u00f3n que deriva en un \u00edndice de muy alto riesgo para la ocurrencia\u00a0 de incendios forestales, la Provincia implement\u00f3 un paquete de medidas para atender la alerta. <\/span><\/span><\/p>\n<p align=\"JUSTIFY\"><span style=\"font-family: Asap;\"><span style=\"font-size: large;\">Entre ellas, la incorporaci\u00f3n de combatientes y la compra de equipamiento para al Servicio de Prevenci\u00f3n y Lucha contra Incendios Forestales (SPLIF).<\/span><\/span><\/p>\n<p align=\"JUSTIFY\"><span style=\"font-family: Asap;\"><span style=\"font-size: large;\">\u00abEsta<\/span><\/span> <span style=\"font-family: Asap;\"><span style=\"font-size: large;\">combinaci\u00f3n<\/span><\/span> <span style=\"font-family: Asap;\"><span style=\"font-size: large;\">presenta<\/span><\/span> <span style=\"font-family: Asap;\"><span style=\"font-size: large;\">niveles<\/span><\/span> <span style=\"font-family: Asap;\"><span style=\"font-size: large;\">de<\/span><\/span> <span style=\"font-family: Asap;\"><span style=\"font-size: large;\">riesgo<\/span><\/span> <span style=\"font-family: Asap;\"><span style=\"font-size: large;\">que,<\/span><\/span> <span style=\"font-family: Asap;\"><span style=\"font-size: large;\">en<\/span><\/span> <span style=\"font-family: Asap;\"><span style=\"font-size: large;\">distintas<\/span><\/span> <span style=\"font-family: Asap;\"><span style=\"font-size: large;\">comunidades<\/span><\/span> <span style=\"font-family: Asap;\"><span style=\"font-size: large;\">del<\/span><\/span><span style=\"font-family: Asap;\"><span style=\"font-size: large;\"> n<\/span><\/span><span style=\"font-family: Asap;\"><span style=\"font-size: large;\">orte<\/span><\/span> <span style=\"font-family: Asap;\"><span style=\"font-size: large;\">de<\/span><\/span> <span style=\"font-family: Asap;\"><span style=\"font-size: large;\">la<\/span><\/span> <span style=\"font-family: Asap;\"><span style=\"font-size: large;\">Patagonia,<\/span><\/span> <span style=\"font-family: Asap;\"><span style=\"font-size: large;\">han<\/span><\/span> <span style=\"font-family: Asap;\"><span style=\"font-size: large;\">superado<\/span><\/span> <span style=\"font-family: Asap;\"><span style=\"font-size: large;\">los<\/span><\/span> <span style=\"font-family: Asap;\"><span style=\"font-size: large;\">valores<\/span><\/span> <span style=\"font-family: Asap;\"><span style=\"font-size: large;\">m\u00e1ximos<\/span><\/span> <span style=\"font-family: Asap;\"><span style=\"font-size: large;\">registrados<\/span><\/span> <span style=\"font-family: Asap;\"><span style=\"font-size: large;\">en<\/span><\/span> <span style=\"font-family: Asap;\"><span style=\"font-size: large;\">los<\/span><\/span> <span style=\"font-family: Asap;\"><span style=\"font-size: large;\">\u00faltimos<\/span><\/span> <span style=\"font-family: Asap;\"><span style=\"font-size: large;\">20<\/span><\/span> <span style=\"font-family: Asap;\"><span style=\"font-size: large;\">a\u00f1os\u00bb,<\/span><\/span> <span style=\"font-family: Asap;\"><span style=\"font-size: large;\">explic\u00f3<\/span><\/span> <span style=\"font-family: Asap;\"><span style=\"font-size: large;\">el<\/span><\/span> <span style=\"font-family: Asap;\"><span style=\"font-size: large;\">ministro<\/span><\/span> <span style=\"font-family: Asap;\"><span style=\"font-size: large;\">de<\/span><\/span> <span style=\"font-family: Asap;\"><span style=\"font-size: large;\">Agricultura,<\/span><\/span> <span style=\"font-family: Asap;\"><span style=\"font-size: large;\">Ganader\u00eda<\/span><\/span> <span style=\"font-family: Asap;\"><span style=\"font-size: large;\">y<\/span><\/span> <span style=\"font-family: Asap;\"><span style=\"font-size: large;\">Pesca,<\/span><\/span> <span style=\"font-family: Asap;\"><span style=\"font-size: large;\">Marcelo<\/span><\/span> <span style=\"font-family: Asap;\"><span style=\"font-size: large;\">Martin.<\/span><\/span> <span style=\"font-family: Asap;\"><span style=\"font-size: large;\">Agreg\u00f3<\/span><\/span> <span style=\"font-family: Asap;\"><span style=\"font-size: large;\">que,<\/span><\/span> <span style=\"font-family: Asap;\"><span style=\"font-size: large;\">como<\/span><\/span> <span style=\"font-family: Asap;\"><span style=\"font-size: large;\">es<\/span><\/span> <span style=\"font-family: Asap;\"><span style=\"font-size: large;\">esperable<\/span><\/span> <span style=\"font-family: Asap;\"><span style=\"font-size: large;\">que<\/span><\/span> <span style=\"font-family: Asap;\"><span style=\"font-size: large;\">estas<\/span><\/span> <span style=\"font-family: Asap;\"><span style=\"font-size: large;\">condiciones<\/span><\/span> <span style=\"font-family: Asap;\"><span style=\"font-size: large;\">se<\/span><\/span> <span style=\"font-family: Asap;\"><span style=\"font-size: large;\">mantengan,<\/span><\/span> <span style=\"font-family: Asap;\"><span style=\"font-size: large;\">como<\/span><\/span> <span style=\"font-family: Asap;\"><span style=\"font-size: large;\">m\u00ednimo<\/span><\/span> <span style=\"font-family: Asap;\"><span style=\"font-size: large;\">el<\/span><\/span> <span style=\"font-family: Asap;\"><span style=\"font-size: large;\">resto<\/span><\/span> <span style=\"font-family: Asap;\"><span style=\"font-size: large;\">del<\/span><\/span> <span style=\"font-family: Asap;\"><span style=\"font-size: large;\">verano,<\/span><\/span> <span style=\"font-family: Asap;\"><span style=\"font-size: large;\">es<\/span><\/span> <span style=\"font-family: Asap;\"><span style=\"font-size: large;\">necesario<\/span><\/span> <span style=\"font-family: Asap;\"><span style=\"font-size: large;\">contar<\/span><\/span> <span style=\"font-family: Asap;\"><span style=\"font-size: large;\">con<\/span><\/span> <span style=\"font-family: Asap;\"><span style=\"font-size: large;\">el<\/span><\/span> <span style=\"font-family: Asap;\"><span style=\"font-size: large;\">recurso<\/span><\/span> <span style=\"font-family: Asap;\"><span style=\"font-size: large;\">humano<\/span><\/span> <span style=\"font-family: Asap;\"><span style=\"font-size: large;\">adecuado<\/span><\/span> <span style=\"font-family: Asap;\"><span style=\"font-size: large;\">y<\/span><\/span> <span style=\"font-family: Asap;\"><span style=\"font-size: large;\">con<\/span><\/span> <span style=\"font-family: Asap;\"><span style=\"font-size: large;\">estructuras<\/span><\/span> <span style=\"font-family: Asap;\"><span style=\"font-size: large;\">formadas<\/span><\/span> <span style=\"font-family: Asap;\"><span style=\"font-size: large;\">y<\/span><\/span> <span style=\"font-family: Asap;\"><span style=\"font-size: large;\">equipadas.<\/span><\/span><\/p>\n<p align=\"JUSTIFY\"><span style=\"font-family: Asap;\"><span style=\"font-size: large;\">Se\u00f1al\u00f3<\/span><\/span> <span style=\"font-family: Asap;\"><span style=\"font-size: large;\">que<\/span><\/span> <span style=\"font-family: Asap;\"><span style=\"font-size: large;\">a<\/span><\/span> <span style=\"font-family: Asap;\"><span style=\"font-size: large;\">pedido<\/span><\/span> <span style=\"font-family: Asap;\"><span style=\"font-size: large;\">del<\/span><\/span> <span style=\"font-family: Asap;\"><span style=\"font-size: large;\">gobernador<\/span><\/span> <span style=\"font-family: Asap;\"><span style=\"font-size: large;\">Alberto<\/span><\/span> <span style=\"font-family: Asap;\"><span style=\"font-size: large;\">Weretilneck,<\/span><\/span> <span style=\"font-family: Asap;\"><span style=\"font-size: large;\">a<\/span><\/span> <span style=\"font-family: Asap;\"><span style=\"font-size: large;\">las<\/span><\/span> <span style=\"font-family: Asap;\"><span style=\"font-size: large;\">tareas<\/span><\/span> <span style=\"font-family: Asap;\"><span style=\"font-size: large;\">de<\/span><\/span> <span style=\"font-family: Asap;\"><span style=\"font-size: large;\">prevenci\u00f3n<\/span><\/span> <span style=\"font-family: Asap;\"><span style=\"font-size: large;\">y<\/span><\/span> <span style=\"font-family: Asap;\"><span style=\"font-size: large;\">preparaci\u00f3n<\/span><\/span> <span style=\"font-family: Asap;\"><span style=\"font-size: large;\">que<\/span><\/span> <span style=\"font-family: Asap;\"><span style=\"font-size: large;\">se<\/span><\/span> <span style=\"font-family: Asap;\"><span style=\"font-size: large;\">realizan<\/span><\/span> <span style=\"font-family: Asap;\"><span style=\"font-size: large;\">durante<\/span><\/span> <span style=\"font-family: Asap;\"><span style=\"font-size: large;\">el<\/span><\/span> <span style=\"font-family: Asap;\"><span style=\"font-size: large;\">a\u00f1o,<\/span><\/span> <span style=\"font-family: Asap;\"><span style=\"font-size: large;\">dando<\/span><\/span> <span style=\"font-family: Asap;\"><span style=\"font-size: large;\">prioridad<\/span><\/span> <span style=\"font-family: Asap;\"><span style=\"font-size: large;\">al<\/span><\/span> <span style=\"font-family: Asap;\"><span style=\"font-size: large;\">combate<\/span><\/span> <span style=\"font-family: Asap;\"><span style=\"font-size: large;\">de<\/span><\/span> <span style=\"font-family: Asap;\"><span style=\"font-size: large;\">incendios<\/span><\/span> <span style=\"font-family: Asap;\"><span style=\"font-size: large;\">en<\/span><\/span> <span style=\"font-family: Asap;\"><span style=\"font-size: large;\">la<\/span><\/span> <span style=\"font-family: Asap;\"><span style=\"font-size: large;\">\u00e9poca<\/span><\/span> <span style=\"font-family: Asap;\"><span style=\"font-size: large;\">estival,<\/span><\/span> <span style=\"font-family: Asap;\"><span style=\"font-size: large;\">se<\/span><\/span> <span style=\"font-family: Asap;\"><span style=\"font-size: large;\">sumaron<\/span><\/span> <span style=\"font-family: Asap;\"><span style=\"font-size: large;\">ahora<\/span><\/span> <span style=\"font-family: Asap;\"><span style=\"font-size: large;\">otras<\/span><\/span> <span style=\"font-family: Asap;\"><span style=\"font-size: large;\">acciones<\/span><\/span> <span style=\"font-family: Asap;\"><span style=\"font-size: large;\">a<\/span><\/span> <span style=\"font-family: Asap;\"><span style=\"font-size: large;\">fin<\/span><\/span> <span style=\"font-family: Asap;\"><span style=\"font-size: large;\">de<\/span><\/span> <span style=\"font-family: Asap;\"><span style=\"font-size: large;\">proteger<\/span><\/span> <span style=\"font-family: Asap;\"><span style=\"font-size: large;\">la<\/span><\/span> <span style=\"font-family: Asap;\"><span style=\"font-size: large;\">vida<\/span><\/span> <span style=\"font-family: Asap;\"><span style=\"font-size: large;\">de<\/span><\/span> <span style=\"font-family: Asap;\"><span style=\"font-size: large;\">los<\/span><\/span> <span style=\"font-family: Asap;\"><span style=\"font-size: large;\">habitantes<\/span><\/span> <span style=\"font-family: Asap;\"><span style=\"font-size: large;\">de<\/span><\/span> <span style=\"font-family: Asap;\"><span style=\"font-size: large;\">zonas<\/span><\/span> <span style=\"font-family: Asap;\"><span style=\"font-size: large;\">boscosas<\/span><\/span> <span style=\"font-family: Asap;\"><span style=\"font-size: large;\">y<\/span><\/span> <span style=\"font-family: Asap;\"><span style=\"font-size: large;\">de<\/span><\/span> <span style=\"font-family: Asap;\"><span style=\"font-size: large;\">campo,<\/span><\/span> <span style=\"font-family: Asap;\"><span style=\"font-size: large;\">el<\/span><\/span> <span style=\"font-family: Asap;\"><span style=\"font-size: large;\">ambiente,<\/span><\/span> <span style=\"font-family: Asap;\"><span style=\"font-size: large;\">los<\/span><\/span> <span style=\"font-family: Asap;\"><span style=\"font-size: large;\">bienes<\/span><\/span> <span style=\"font-family: Asap;\"><span style=\"font-size: large;\">de<\/span><\/span> <span style=\"font-family: Asap;\"><span style=\"font-size: large;\">la<\/span><\/span> <span style=\"font-family: Asap;\"><span style=\"font-size: large;\">comunidad<\/span><\/span> <span style=\"font-family: Asap;\"><span style=\"font-size: large;\">y<\/span><\/span> <span style=\"font-family: Asap;\"><span style=\"font-size: large;\">su<\/span><\/span> <span style=\"font-family: Asap;\"><span style=\"font-size: large;\">infraestructura<\/span><\/span> <span style=\"font-family: Asap;\"><span style=\"font-size: large;\">productiva.<\/span><\/span><\/p>\n<p align=\"JUSTIFY\"><span style=\"font-family: Asap;\"><span style=\"font-size: large;\">\u00abHemos preparado un paquete de medidas para atender la alerta, que incluye la incorporaci\u00f3n de 24 agentes al SPLIF: 22 combatientes, un administrativo y un profesional\u00bb, anunci\u00f3 Martin.<\/span><\/span><\/p>\n<p align=\"JUSTIFY\"><span style=\"font-family: Asap;\"><span style=\"font-size: large;\">Agreg\u00f3 que, \u00abcon un esfuerzo gradual y sostenido\u00bb, se logr\u00f3 tener el mayor nivel de equipamiento en la historia, \u00abcon el mayor n\u00famero de combatientes para la protecci\u00f3n de nuestros bosques\u00bb. Por otra parte, indic\u00f3 que se est\u00e1 trabajando en una fuerte campa\u00f1a de prevenci\u00f3n que dar\u00e1 inicio el pr\u00f3ximo 25 de enero.<\/span><\/span><\/p>\n<p align=\"JUSTIFY\"><span style=\"font-family: Asap;\"><span style=\"font-size: large;\">\u00abAsimismo, el Gobernador est\u00e1 dictando en estos d\u00edas la modificaci\u00f3n del Decreto 1737\/98, para aumentar el l\u00edmite m\u00e1ximo de los fondos de emergencia de las dos centrales, de manera de contar con una herramienta financiera eficaz para atender gastos urgentes\u00bb, adelant\u00f3.<\/span><\/span><\/p>\n<p align=\"JUSTIFY\"><span style=\"font-family: Asap;\"><span style=\"font-size: large;\">Remarc\u00f3<\/span><\/span> <span style=\"font-family: Asap;\"><span style=\"font-size: large;\">que<\/span><\/span> <span style=\"font-family: Asap;\"><span style=\"font-size: large;\">el<\/span><\/span> <span style=\"font-family: Asap;\"><span style=\"font-size: large;\">Gobierno<\/span><\/span> <span style=\"font-family: Asap;\"><span style=\"font-size: large;\">Provincial<\/span><\/span> <span style=\"font-family: Asap;\"><span style=\"font-size: large;\">viene<\/span><\/span> <span style=\"font-family: Asap;\"><span style=\"font-size: large;\">trabajando<\/span><\/span> <span style=\"font-family: Asap;\"><span style=\"font-size: large;\">hace<\/span><\/span> <span style=\"font-family: Asap;\"><span style=\"font-size: large;\">tiempo<\/span><\/span> <span style=\"font-family: Asap;\"><span style=\"font-size: large;\">en<\/span><\/span> <span style=\"font-family: Asap;\"><span style=\"font-size: large;\">la<\/span><\/span> <span style=\"font-family: Asap;\"><span style=\"font-size: large;\">preservaci\u00f3n<\/span><\/span> <span style=\"font-family: Asap;\"><span style=\"font-size: large;\">de<\/span><\/span> <span style=\"font-family: Asap;\"><span style=\"font-size: large;\">los<\/span><\/span> <span style=\"font-family: Asap;\"><span style=\"font-size: large;\">bosques,<\/span><\/span> <span style=\"font-family: Asap;\"><span style=\"font-size: large;\">aportando<\/span><\/span> <span style=\"font-family: Asap;\"><span style=\"font-size: large;\">equipamiento<\/span><\/span> <span style=\"font-family: Asap;\"><span style=\"font-size: large;\">e<\/span><\/span> <span style=\"font-family: Asap;\"><span style=\"font-size: large;\">infraestructura<\/span><\/span> <span style=\"font-family: Asap;\"><span style=\"font-size: large;\">a<\/span><\/span> <span style=\"font-family: Asap;\"><span style=\"font-size: large;\">trav\u00e9s<\/span><\/span> <span style=\"font-family: Asap;\"><span style=\"font-size: large;\">del<\/span><\/span> <span style=\"font-family: Asap;\"><span style=\"font-size: large;\">Proyecto<\/span><\/span> <span style=\"font-family: Asap;\"><span style=\"font-size: large;\">de<\/span><\/span> <span style=\"font-family: Asap;\"><span style=\"font-size: large;\">Fortalecimiento<\/span><\/span> <span style=\"font-family: Asap;\"><span style=\"font-size: large;\">de<\/span><\/span> <span style=\"font-family: Asap;\"><span style=\"font-size: large;\">los<\/span><\/span> <span style=\"font-family: Asap;\"><span style=\"font-size: large;\">Bosques<\/span><\/span> <span style=\"font-family: Asap;\"><span style=\"font-size: large;\">Andinos<\/span><\/span> <span style=\"font-family: Asap;\"><span style=\"font-size: large;\">Rionegrinos,<\/span><\/span> <span style=\"font-family: Asap;\"><span style=\"font-size: large;\">realizando<\/span><\/span> <span style=\"font-family: Asap;\"><span style=\"font-size: large;\">inversiones<\/span><\/span> <span style=\"font-family: Asap;\"><span style=\"font-size: large;\">de<\/span><\/span> <span style=\"font-family: Asap;\"><span style=\"font-size: large;\">aproximadamente<\/span><\/span> <span style=\"font-family: Asap;\"><span style=\"font-size: large;\">unos<\/span><\/span> <span style=\"font-family: Asap;\"><span style=\"font-size: large;\">$50.000.000.<\/span><\/span> <span style=\"font-family: Asap;\"><span style=\"font-size: large;\">Esto<\/span><\/span> <span style=\"font-family: Asap;\"><span style=\"font-size: large;\">incluy\u00f3<\/span><\/span> <span style=\"font-family: Asap;\"><span style=\"font-size: large;\">la<\/span><\/span> <span style=\"font-family: Asap;\"><span style=\"font-size: large;\">construcci\u00f3n<\/span><\/span> <span style=\"font-family: Asap;\"><span style=\"font-size: large;\">de<\/span><\/span> <span style=\"font-family: Asap;\"><span style=\"font-size: large;\">la<\/span><\/span> <span style=\"font-family: Asap;\"><span style=\"font-size: large;\">nueva<\/span><\/span> <span style=\"font-family: Asap;\"><span style=\"font-size: large;\">Central<\/span><\/span> <span style=\"font-family: Asap;\"><span style=\"font-size: large;\">Operativa<\/span><\/span> <span style=\"font-family: Asap;\"><span style=\"font-size: large;\">de<\/span><\/span> <span style=\"font-family: Asap;\"><span style=\"font-size: large;\">Bariloche,<\/span><\/span> <span style=\"font-family: Asap;\"><span style=\"font-size: large;\">la<\/span><\/span> <span style=\"font-family: Asap;\"><span style=\"font-size: large;\">ampliaci\u00f3n<\/span><\/span> <span style=\"font-family: Asap;\"><span style=\"font-size: large;\">de<\/span><\/span> <span style=\"font-family: Asap;\"><span style=\"font-size: large;\">la<\/span><\/span> <span style=\"font-family: Asap;\"><span style=\"font-size: large;\">de<\/span><\/span> <span style=\"font-family: Asap;\"><span style=\"font-size: large;\">El<\/span><\/span> <span style=\"font-family: Asap;\"><span style=\"font-size: large;\">Bols\u00f3n<\/span><\/span> <span style=\"font-family: Asap;\"><span style=\"font-size: large;\">y<\/span><\/span> <span style=\"font-family: Asap;\"><span style=\"font-size: large;\">la<\/span><\/span> <span style=\"font-family: Asap;\"><span style=\"font-size: large;\">construcci\u00f3n<\/span><\/span> <span style=\"font-family: Asap;\"><span style=\"font-size: large;\">de<\/span><\/span> <span style=\"font-family: Asap;\"><span style=\"font-size: large;\">la<\/span><\/span> <span style=\"font-family: Asap;\"><span style=\"font-size: large;\">subsede<\/span><\/span> <span style=\"font-family: Asap;\"><span style=\"font-size: large;\">El<\/span><\/span> <span style=\"font-family: Asap;\"><span style=\"font-size: large;\">Foyel,<\/span><\/span> <span style=\"font-family: Asap;\"><span style=\"font-size: large;\">adem\u00e1s<\/span><\/span> <span style=\"font-family: Asap;\"><span style=\"font-size: large;\">de<\/span><\/span> <span style=\"font-family: Asap;\"><span style=\"font-size: large;\">compra<\/span><\/span> <span style=\"font-family: Asap;\"><span style=\"font-size: large;\">de<\/span><\/span> <span style=\"font-family: Asap;\"><span style=\"font-size: large;\">veh\u00edculos<\/span><\/span> <span style=\"font-family: Asap;\"><span style=\"font-size: large;\">varios<\/span><\/span> <span style=\"font-family: Asap;\"><span style=\"font-size: large;\">y<\/span><\/span> <span style=\"font-family: Asap;\"><span style=\"font-size: large;\">equipamiento.<\/span><\/span><\/p>\n<p align=\"JUSTIFY\"><span style=\"font-family: Asap;\"><span style=\"font-size: large;\">\u00abHoy contamos con aviones hidrantes, helic\u00f3pteros, y un equipo reforzado. Sabemos que a pesar de los avances concretados hay mucho por hacer. El fortalecimiento es una tarea permanente que solo puede lograrse con el esfuerzo conjunto\u00bb, asever\u00f3.<\/span><\/span><\/p>\n<p align=\"JUSTIFY\"><span style=\"font-family: Asap;\"><span style=\"font-size: large;\">La incorporaci\u00f3n de 22 combatientes de car\u00e1cter temporario permite aumentar significativamente el n\u00famero de brigadistas y cubrir las funciones m\u00e1s estacionales, para afrontar el desaf\u00edo de proteger las m\u00e1s 800.000 hect\u00e1reas existentes entre suelo forestal, las zonas urbanizadas y las \u00e1reas productivas del oeste de R\u00edo Negro, adem\u00e1s de brindar apoyo a otras provincias en el marco del Sistema Federal de Manejo del Fuego. <\/span><\/span><\/p>\n<p align=\"JUSTIFY\"><span style=\"font-family: Asap;\"><span style=\"font-size: large;\">Este<\/span><\/span> <span style=\"font-family: Asap;\"><span style=\"font-size: large;\">grupo<\/span><\/span> <span style=\"font-family: Asap;\"><span style=\"font-size: large;\">es<\/span><\/span> <span style=\"font-family: Asap;\"><span style=\"font-size: large;\">el<\/span><\/span> <span style=\"font-family: Asap;\"><span style=\"font-size: large;\">resultado<\/span><\/span> <span style=\"font-family: Asap;\"><span style=\"font-size: large;\">de<\/span><\/span> <span style=\"font-family: Asap;\"><span style=\"font-size: large;\">un<\/span><\/span> <span style=\"font-family: Asap;\"><span style=\"font-size: large;\">proceso<\/span><\/span> <span style=\"font-family: Asap;\"><span style=\"font-size: large;\">de<\/span><\/span> <span style=\"font-family: Asap;\"><span style=\"font-size: large;\">selecci\u00f3n<\/span><\/span> <span style=\"font-family: Asap;\"><span style=\"font-size: large;\">y<\/span><\/span> <span style=\"font-family: Asap;\"><span style=\"font-size: large;\">capacitaci\u00f3n<\/span><\/span> <span style=\"font-family: Asap;\"><span style=\"font-size: large;\">b\u00e1sica<\/span><\/span> <span style=\"font-family: Asap;\"><span style=\"font-size: large;\">y<\/span><\/span> <span style=\"font-family: Asap;\"><span style=\"font-size: large;\">es<\/span><\/span> <span style=\"font-family: Asap;\"><span style=\"font-size: large;\">la<\/span><\/span> <span style=\"font-family: Asap;\"><span style=\"font-size: large;\">primera<\/span><\/span> <span style=\"font-family: Asap;\"><span style=\"font-size: large;\">camada<\/span><\/span> <span style=\"font-family: Asap;\"><span style=\"font-size: large;\">en<\/span><\/span> <span style=\"font-family: Asap;\"><span style=\"font-size: large;\">ingresar<\/span><\/span> <span style=\"font-family: Asap;\"><span style=\"font-size: large;\">en<\/span><\/span> <span style=\"font-family: Asap;\"><span style=\"font-size: large;\">el<\/span><\/span> <span style=\"font-family: Asap;\"><span style=\"font-size: large;\">marco<\/span><\/span> <span style=\"font-family: Asap;\"><span style=\"font-size: large;\">de<\/span><\/span> <span style=\"font-family: Asap;\"><span style=\"font-size: large;\">la<\/span><\/span> <span style=\"font-family: Asap;\"><span style=\"font-size: large;\">Ley<\/span><\/span> <span style=\"font-family: Asap;\"><span style=\"font-size: large;\">Provincial<\/span><\/span> <span style=\"font-family: Asap;\"><span style=\"font-size: large;\">N\u00b0<\/span><\/span> <span style=\"font-family: Asap;\"><span style=\"font-size: large;\">5.037,<\/span><\/span> <span style=\"font-family: Asap;\"><span style=\"font-size: large;\">que<\/span><\/span> <span style=\"font-family: Asap;\"><span style=\"font-size: large;\">en<\/span><\/span> <span style=\"font-family: Asap;\"><span style=\"font-size: large;\">junio<\/span><\/span> <span style=\"font-family: Asap;\"><span style=\"font-size: large;\">de<\/span><\/span> <span style=\"font-family: Asap;\"><span style=\"font-size: large;\">2015<\/span><\/span> <span style=\"font-family: Asap;\"><span style=\"font-size: large;\">cre\u00f3<\/span><\/span> <span style=\"font-family: Asap;\"><span style=\"font-size: large;\">el<\/span><\/span> <span style=\"font-family: Asap;\"><span style=\"font-size: large;\">agrupamiento<\/span><\/span> <span style=\"font-family: Asap;\"><span style=\"font-size: large;\">Combatiente<\/span><\/span> <span style=\"font-family: Asap;\"><span style=\"font-size: large;\">de<\/span><\/span> <span style=\"font-family: Asap;\"><span style=\"font-size: large;\">Incendios<\/span><\/span> <span style=\"font-family: Asap;\"><span style=\"font-size: large;\">Forestales.<\/span><\/span> <span style=\"font-family: Asap;\"><span style=\"font-size: large;\">\u00abCon<\/span><\/span> <span style=\"font-family: Asap;\"><span style=\"font-size: large;\">esta<\/span><\/span> <span style=\"font-family: Asap;\"><span style=\"font-size: large;\">herramienta,<\/span><\/span> <span style=\"font-family: Asap;\"><span style=\"font-size: large;\">el<\/span><\/span> <span style=\"font-family: Asap;\"><span style=\"font-size: large;\">Estado<\/span><\/span> <span style=\"font-family: Asap;\"><span style=\"font-size: large;\">Provincial<\/span><\/span> <span style=\"font-family: Asap;\"><span style=\"font-size: large;\">pone<\/span><\/span> <span style=\"font-family: Asap;\"><span style=\"font-size: large;\">en<\/span><\/span> <span style=\"font-family: Asap;\"><span style=\"font-size: large;\">valor<\/span><\/span> <span style=\"font-family: Asap;\"><span style=\"font-size: large;\">esta<\/span><\/span> <span style=\"font-family: Asap;\"><span style=\"font-size: large;\">noble<\/span><\/span> <span style=\"font-family: Asap;\"><span style=\"font-size: large;\">tarea,<\/span><\/span> <span style=\"font-family: Asap;\"><span style=\"font-size: large;\">reconociendo<\/span><\/span> <span style=\"font-family: Asap;\"><span style=\"font-size: large;\">as\u00ed<\/span><\/span> <span style=\"font-family: Asap;\"><span style=\"font-size: large;\">un<\/span><\/span> <span style=\"font-family: Asap;\"><span style=\"font-size: large;\">derecho<\/span><\/span> <span style=\"font-family: Asap;\"><span style=\"font-size: large;\">para<\/span><\/span> <span style=\"font-family: Asap;\"><span style=\"font-size: large;\">todos<\/span><\/span> <span style=\"font-family: Asap;\"><span style=\"font-size: large;\">los<\/span><\/span> <span style=\"font-family: Asap;\"><span style=\"font-size: large;\">integrantes<\/span><\/span> <span style=\"font-family: Asap;\"><span style=\"font-size: large;\">de<\/span><\/span> <span style=\"font-family: Asap;\"><span style=\"font-size: large;\">nuestro<\/span><\/span> <span style=\"font-family: Asap;\"><span style=\"font-size: large;\">Servicio<\/span><\/span> <span style=\"font-family: Asap;\"><span style=\"font-size: large;\">Provincial<\/span><\/span> <span style=\"font-family: Asap;\"><span style=\"font-size: large;\">de<\/span><\/span> <span style=\"font-family: Asap;\"><span style=\"font-size: large;\">lucha<\/span><\/span> <span style=\"font-family: Asap;\"><span style=\"font-size: large;\">contra<\/span><\/span> <span style=\"font-family: Asap;\"><span style=\"font-size: large;\">el<\/span><\/span> <span style=\"font-family: Asap;\"><span style=\"font-size: large;\">fuego\u00bb,<\/span><\/span> <span style=\"font-family: Asap;\"><span style=\"font-size: large;\">concluy\u00f3.<\/span><\/span><\/p>\n","protected":false},"excerpt":{"rendered":"<p>A ra\u00edz de las condiciones clim\u00e1ticas con las que se inici\u00f3 la tercera semana de enero, que incluy\u00f3 altas temperaturas, [&hellip;]<\/p>\n","protected":false},"author":2,"featured_media":0,"comment_status":"closed","ping_status":"closed","sticky":false,"template":"","format":"standard","meta":{"site-sidebar-layout":"default","site-content-layout":"","ast-site-content-layout":"default","site-content-style":"default","site-sidebar-style":"default","ast-global-header-display":"","ast-banner-title-visibility":"","ast-main-header-display":"","ast-hfb-above-header-display":"","ast-hfb-below-header-display":"","ast-hfb-mobile-header-display":"","site-post-title":"","ast-breadcrumbs-content":"","ast-featured-img":"","footer-sml-layout":"","ast-disable-related-posts":"","theme-transparent-header-meta":"","adv-header-id-meta":"","stick-header-meta":"","header-above-stick-meta":"","header-main-stick-meta":"","header-below-stick-meta":"","astra-migrate-meta-layouts":"default","ast-page-background-enabled":"default","ast-page-background-meta":{"desktop":{"background-color":"var(--ast-global-color-5)","background-image":"","background-repeat":"repeat","background-position":"center center","background-size":"auto","background-attachment":"scroll","background-type":"","background-media":"","overlay-type":"","overlay-color":"","overlay-opacity":"","overlay-gradient":""},"tablet":{"background-color":"","background-image":"","background-repeat":"repeat","background-position":"center center","background-size":"auto","background-attachment":"scroll","background-type":"","background-media":"","overlay-type":"","overlay-color":"","overlay-opacity":"","overlay-gradient":""},"mobile":{"background-color":"","background-image":"","background-repeat":"repeat","background-position":"center center","background-size":"auto","background-attachment":"scroll","background-type":"","background-media":"","overlay-type":"","overlay-color":"","overlay-opacity":"","overlay-gradient":""}},"ast-content-background-meta":{"desktop":{"background-color":"var(--ast-global-color-4)","background-image":"","background-repeat":"repeat","background-position":"center center","background-size":"auto","background-attachment":"scroll","background-type":"","background-media":"","overlay-type":"","overlay-color":"","overlay-opacity":"","overlay-gradient":""},"tablet":{"background-color":"var(--ast-global-color-4)","background-image":"","background-repeat":"repeat","background-position":"center center","background-size":"auto","background-attachment":"scroll","background-type":"","background-media":"","overlay-type":"","overlay-color":"","overlay-opacity":"","overlay-gradient":""},"mobile":{"background-color":"var(--ast-global-color-4)","background-image":"","background-repeat":"repeat","background-position":"center center","background-size":"auto","background-attachment":"scroll","background-type":"","background-media":"","overlay-type":"","overlay-color":"","overlay-opacity":"","overlay-gradient":""}},"footnotes":""},"categories":[1],"tags":[],"class_list":["post-16444","post","type-post","status-publish","format-standard","hentry","category-noticias"],"yoast_head":"<!-- This site is optimized with the Yoast SEO Premium plugin v23.0 (Yoast SEO v27.5) - https:\/\/yoast.com\/product\/yoast-seo-premium-wordpress\/ -->\n<title>Refuerzan el SPLIF para enfrentar el alto riesgo de ocurrencia de incendios forestales<\/title>\n<meta name=\"robots\" content=\"index, follow, max-snippet:-1, max-image-preview:large, max-video-preview:-1\" \/>\n<link rel=\"canonical\" href=\"https:\/\/patagoniambiental.com.ar\/info\/refuerzan-el-splif-para-enfrentar-el-alto-riesgo-de-ocurrencia-de-incendios-forestales\/\" \/>\n<meta property=\"og:locale\" content=\"es_ES\" \/>\n<meta property=\"og:type\" content=\"article\" \/>\n<meta property=\"og:title\" content=\"Refuerzan el SPLIF para enfrentar el alto riesgo de ocurrencia de incendios forestales\" \/>\n<meta property=\"og:description\" content=\"A ra\u00edz de las condiciones clim\u00e1ticas con las que se inici\u00f3 la tercera semana de enero, que incluy\u00f3 altas temperaturas, [&hellip;]\" \/>\n<meta property=\"og:url\" content=\"https:\/\/patagoniambiental.com.ar\/info\/refuerzan-el-splif-para-enfrentar-el-alto-riesgo-de-ocurrencia-de-incendios-forestales\/\" \/>\n<meta property=\"og:site_name\" content=\"Patagonia Ambiental\" \/>\n<meta property=\"article:publisher\" content=\"https:\/\/www.facebook.com\/patagonia.ambiental\" \/>\n<meta property=\"article:author\" content=\"https:\/\/www.facebook.com\/share\/1C1V8Gv9BX\/?mibextid=qi2Omg\" \/>\n<meta property=\"article:published_time\" content=\"2016-01-25T12:00:10+00:00\" \/>\n<meta name=\"author\" content=\"Patagonia Ambiental\" \/>\n<meta name=\"twitter:card\" content=\"summary_large_image\" \/>\n<meta name=\"twitter:creator\" content=\"@PatAmb\" \/>\n<meta name=\"twitter:site\" content=\"@PatAmb\" \/>\n<script type=\"application\/ld+json\" class=\"yoast-schema-graph\">{\"@context\":\"https:\\\/\\\/schema.org\",\"@graph\":[{\"@type\":\"Article\",\"@id\":\"https:\\\/\\\/patagoniambiental.com.ar\\\/info\\\/refuerzan-el-splif-para-enfrentar-el-alto-riesgo-de-ocurrencia-de-incendios-forestales\\\/#article\",\"isPartOf\":{\"@id\":\"https:\\\/\\\/patagoniambiental.com.ar\\\/info\\\/refuerzan-el-splif-para-enfrentar-el-alto-riesgo-de-ocurrencia-de-incendios-forestales\\\/\"},\"author\":{\"name\":\"Patagonia Ambiental\",\"@id\":\"https:\\\/\\\/patagoniambiental.com.ar\\\/info\\\/#\\\/schema\\\/person\\\/db12bff64bbcbf6a253710bf0ea37b5d\"},\"headline\":\"Refuerzan el SPLIF para enfrentar el alto riesgo de ocurrencia de incendios forestales\",\"datePublished\":\"2016-01-25T12:00:10+00:00\",\"mainEntityOfPage\":{\"@id\":\"https:\\\/\\\/patagoniambiental.com.ar\\\/info\\\/refuerzan-el-splif-para-enfrentar-el-alto-riesgo-de-ocurrencia-de-incendios-forestales\\\/\"},\"wordCount\":618,\"publisher\":{\"@id\":\"https:\\\/\\\/patagoniambiental.com.ar\\\/info\\\/#organization\"},\"articleSection\":[\"Noticias\"],\"inLanguage\":\"es\"},{\"@type\":\"WebPage\",\"@id\":\"https:\\\/\\\/patagoniambiental.com.ar\\\/info\\\/refuerzan-el-splif-para-enfrentar-el-alto-riesgo-de-ocurrencia-de-incendios-forestales\\\/\",\"url\":\"https:\\\/\\\/patagoniambiental.com.ar\\\/info\\\/refuerzan-el-splif-para-enfrentar-el-alto-riesgo-de-ocurrencia-de-incendios-forestales\\\/\",\"name\":\"Refuerzan el SPLIF para enfrentar el alto riesgo de ocurrencia de incendios forestales\",\"isPartOf\":{\"@id\":\"https:\\\/\\\/patagoniambiental.com.ar\\\/info\\\/#website\"},\"datePublished\":\"2016-01-25T12:00:10+00:00\",\"breadcrumb\":{\"@id\":\"https:\\\/\\\/patagoniambiental.com.ar\\\/info\\\/refuerzan-el-splif-para-enfrentar-el-alto-riesgo-de-ocurrencia-de-incendios-forestales\\\/#breadcrumb\"},\"inLanguage\":\"es\",\"potentialAction\":[{\"@type\":\"ReadAction\",\"target\":[\"https:\\\/\\\/patagoniambiental.com.ar\\\/info\\\/refuerzan-el-splif-para-enfrentar-el-alto-riesgo-de-ocurrencia-de-incendios-forestales\\\/\"]}]},{\"@type\":\"BreadcrumbList\",\"@id\":\"https:\\\/\\\/patagoniambiental.com.ar\\\/info\\\/refuerzan-el-splif-para-enfrentar-el-alto-riesgo-de-ocurrencia-de-incendios-forestales\\\/#breadcrumb\",\"itemListElement\":[{\"@type\":\"ListItem\",\"position\":1,\"name\":\"Inicio\",\"item\":\"https:\\\/\\\/patagoniambiental.com.ar\\\/info\\\/\"},{\"@type\":\"ListItem\",\"position\":2,\"name\":\"Refuerzan el SPLIF para enfrentar el alto riesgo de ocurrencia de incendios forestales\"}]},{\"@type\":\"WebSite\",\"@id\":\"https:\\\/\\\/patagoniambiental.com.ar\\\/info\\\/#website\",\"url\":\"https:\\\/\\\/patagoniambiental.com.ar\\\/info\\\/\",\"name\":\"Patagonia Ambiental\",\"description\":\"Monitoreo y an\u00e1lisis de la situaci\u00f3n geopol\u00edtica en el mundo y su implicancia en la Patagonia\",\"publisher\":{\"@id\":\"https:\\\/\\\/patagoniambiental.com.ar\\\/info\\\/#organization\"},\"potentialAction\":[{\"@type\":\"SearchAction\",\"target\":{\"@type\":\"EntryPoint\",\"urlTemplate\":\"https:\\\/\\\/patagoniambiental.com.ar\\\/info\\\/?s={search_term_string}\"},\"query-input\":{\"@type\":\"PropertyValueSpecification\",\"valueRequired\":true,\"valueName\":\"search_term_string\"}}],\"inLanguage\":\"es\"},{\"@type\":\"Organization\",\"@id\":\"https:\\\/\\\/patagoniambiental.com.ar\\\/info\\\/#organization\",\"name\":\"Patagonia Ambiental\",\"url\":\"https:\\\/\\\/patagoniambiental.com.ar\\\/info\\\/\",\"logo\":{\"@type\":\"ImageObject\",\"inLanguage\":\"es\",\"@id\":\"https:\\\/\\\/patagoniambiental.com.ar\\\/info\\\/#\\\/schema\\\/logo\\\/image\\\/\",\"url\":\"https:\\\/\\\/patagoniambiental.com.ar\\\/info\\\/wp-content\\\/uploads\\\/2025\\\/05\\\/LOGO-PATAGONIA-AMBIENTAL.png\",\"contentUrl\":\"https:\\\/\\\/patagoniambiental.com.ar\\\/info\\\/wp-content\\\/uploads\\\/2025\\\/05\\\/LOGO-PATAGONIA-AMBIENTAL.png\",\"width\":433,\"height\":250,\"caption\":\"Patagonia Ambiental\"},\"image\":{\"@id\":\"https:\\\/\\\/patagoniambiental.com.ar\\\/info\\\/#\\\/schema\\\/logo\\\/image\\\/\"},\"sameAs\":[\"https:\\\/\\\/www.facebook.com\\\/patagonia.ambiental\",\"https:\\\/\\\/x.com\\\/PatAmb\"]},{\"@type\":\"Person\",\"@id\":\"https:\\\/\\\/patagoniambiental.com.ar\\\/info\\\/#\\\/schema\\\/person\\\/db12bff64bbcbf6a253710bf0ea37b5d\",\"name\":\"Patagonia Ambiental\",\"description\":\"Andr\u00e9s Nievas T\u00e9cnico en manejo ambiental, consultor Ambiental y escritor para medios locales e internacionales sobre temas de geopolitica y medio ambiente.\",\"sameAs\":[\"http:\\\/\\\/www.patagoniambiental.com.ar\",\"https:\\\/\\\/www.facebook.com\\\/share\\\/1C1V8Gv9BX\\\/?mibextid=qi2Omg\",\"@patagoniambiental\",\"https:\\\/\\\/youtube.com\\\/@patagoniaambiental2023?si=BLt58t0wuXquxlYZ\"]}]}<\/script>\n<!-- \/ Yoast SEO Premium plugin. -->","yoast_head_json":{"title":"Refuerzan el SPLIF para enfrentar el alto riesgo de ocurrencia de incendios forestales","robots":{"index":"index","follow":"follow","max-snippet":"max-snippet:-1","max-image-preview":"max-image-preview:large","max-video-preview":"max-video-preview:-1"},"canonical":"https:\/\/patagoniambiental.com.ar\/info\/refuerzan-el-splif-para-enfrentar-el-alto-riesgo-de-ocurrencia-de-incendios-forestales\/","og_locale":"es_ES","og_type":"article","og_title":"Refuerzan el SPLIF para enfrentar el alto riesgo de ocurrencia de incendios forestales","og_description":"A ra\u00edz de las condiciones clim\u00e1ticas con las que se inici\u00f3 la tercera semana de enero, que incluy\u00f3 altas temperaturas, [&hellip;]","og_url":"https:\/\/patagoniambiental.com.ar\/info\/refuerzan-el-splif-para-enfrentar-el-alto-riesgo-de-ocurrencia-de-incendios-forestales\/","og_site_name":"Patagonia Ambiental","article_publisher":"https:\/\/www.facebook.com\/patagonia.ambiental","article_author":"https:\/\/www.facebook.com\/share\/1C1V8Gv9BX\/?mibextid=qi2Omg","article_published_time":"2016-01-25T12:00:10+00:00","author":"Patagonia Ambiental","twitter_card":"summary_large_image","twitter_creator":"@PatAmb","twitter_site":"@PatAmb","schema":{"@context":"https:\/\/schema.org","@graph":[{"@type":"Article","@id":"https:\/\/patagoniambiental.com.ar\/info\/refuerzan-el-splif-para-enfrentar-el-alto-riesgo-de-ocurrencia-de-incendios-forestales\/#article","isPartOf":{"@id":"https:\/\/patagoniambiental.com.ar\/info\/refuerzan-el-splif-para-enfrentar-el-alto-riesgo-de-ocurrencia-de-incendios-forestales\/"},"author":{"name":"Patagonia Ambiental","@id":"https:\/\/patagoniambiental.com.ar\/info\/#\/schema\/person\/db12bff64bbcbf6a253710bf0ea37b5d"},"headline":"Refuerzan el SPLIF para enfrentar el alto riesgo de ocurrencia de incendios forestales","datePublished":"2016-01-25T12:00:10+00:00","mainEntityOfPage":{"@id":"https:\/\/patagoniambiental.com.ar\/info\/refuerzan-el-splif-para-enfrentar-el-alto-riesgo-de-ocurrencia-de-incendios-forestales\/"},"wordCount":618,"publisher":{"@id":"https:\/\/patagoniambiental.com.ar\/info\/#organization"},"articleSection":["Noticias"],"inLanguage":"es"},{"@type":"WebPage","@id":"https:\/\/patagoniambiental.com.ar\/info\/refuerzan-el-splif-para-enfrentar-el-alto-riesgo-de-ocurrencia-de-incendios-forestales\/","url":"https:\/\/patagoniambiental.com.ar\/info\/refuerzan-el-splif-para-enfrentar-el-alto-riesgo-de-ocurrencia-de-incendios-forestales\/","name":"Refuerzan el SPLIF para enfrentar el alto riesgo de ocurrencia de incendios forestales","isPartOf":{"@id":"https:\/\/patagoniambiental.com.ar\/info\/#website"},"datePublished":"2016-01-25T12:00:10+00:00","breadcrumb":{"@id":"https:\/\/patagoniambiental.com.ar\/info\/refuerzan-el-splif-para-enfrentar-el-alto-riesgo-de-ocurrencia-de-incendios-forestales\/#breadcrumb"},"inLanguage":"es","potentialAction":[{"@type":"ReadAction","target":["https:\/\/patagoniambiental.com.ar\/info\/refuerzan-el-splif-para-enfrentar-el-alto-riesgo-de-ocurrencia-de-incendios-forestales\/"]}]},{"@type":"BreadcrumbList","@id":"https:\/\/patagoniambiental.com.ar\/info\/refuerzan-el-splif-para-enfrentar-el-alto-riesgo-de-ocurrencia-de-incendios-forestales\/#breadcrumb","itemListElement":[{"@type":"ListItem","position":1,"name":"Inicio","item":"https:\/\/patagoniambiental.com.ar\/info\/"},{"@type":"ListItem","position":2,"name":"Refuerzan el SPLIF para enfrentar el alto riesgo de ocurrencia de incendios forestales"}]},{"@type":"WebSite","@id":"https:\/\/patagoniambiental.com.ar\/info\/#website","url":"https:\/\/patagoniambiental.com.ar\/info\/","name":"Patagonia Ambiental","description":"Monitoreo y an\u00e1lisis de la situaci\u00f3n geopol\u00edtica en el mundo y su implicancia en la Patagonia","publisher":{"@id":"https:\/\/patagoniambiental.com.ar\/info\/#organization"},"potentialAction":[{"@type":"SearchAction","target":{"@type":"EntryPoint","urlTemplate":"https:\/\/patagoniambiental.com.ar\/info\/?s={search_term_string}"},"query-input":{"@type":"PropertyValueSpecification","valueRequired":true,"valueName":"search_term_string"}}],"inLanguage":"es"},{"@type":"Organization","@id":"https:\/\/patagoniambiental.com.ar\/info\/#organization","name":"Patagonia Ambiental","url":"https:\/\/patagoniambiental.com.ar\/info\/","logo":{"@type":"ImageObject","inLanguage":"es","@id":"https:\/\/patagoniambiental.com.ar\/info\/#\/schema\/logo\/image\/","url":"https:\/\/patagoniambiental.com.ar\/info\/wp-content\/uploads\/2025\/05\/LOGO-PATAGONIA-AMBIENTAL.png","contentUrl":"https:\/\/patagoniambiental.com.ar\/info\/wp-content\/uploads\/2025\/05\/LOGO-PATAGONIA-AMBIENTAL.png","width":433,"height":250,"caption":"Patagonia Ambiental"},"image":{"@id":"https:\/\/patagoniambiental.com.ar\/info\/#\/schema\/logo\/image\/"},"sameAs":["https:\/\/www.facebook.com\/patagonia.ambiental","https:\/\/x.com\/PatAmb"]},{"@type":"Person","@id":"https:\/\/patagoniambiental.com.ar\/info\/#\/schema\/person\/db12bff64bbcbf6a253710bf0ea37b5d","name":"Patagonia Ambiental","description":"Andr\u00e9s Nievas T\u00e9cnico en manejo ambiental, consultor Ambiental y escritor para medios locales e internacionales sobre temas de geopolitica y medio ambiente.","sameAs":["http:\/\/www.patagoniambiental.com.ar","https:\/\/www.facebook.com\/share\/1C1V8Gv9BX\/?mibextid=qi2Omg","@patagoniambiental","https:\/\/youtube.com\/@patagoniaambiental2023?si=BLt58t0wuXquxlYZ"]}]}},"_links":{"self":[{"href":"https:\/\/patagoniambiental.com.ar\/info\/wp-json\/wp\/v2\/posts\/16444","targetHints":{"allow":["GET"]}}],"collection":[{"href":"https:\/\/patagoniambiental.com.ar\/info\/wp-json\/wp\/v2\/posts"}],"about":[{"href":"https:\/\/patagoniambiental.com.ar\/info\/wp-json\/wp\/v2\/types\/post"}],"author":[{"embeddable":true,"href":"https:\/\/patagoniambiental.com.ar\/info\/wp-json\/wp\/v2\/users\/2"}],"replies":[{"embeddable":true,"href":"https:\/\/patagoniambiental.com.ar\/info\/wp-json\/wp\/v2\/comments?post=16444"}],"version-history":[{"count":0,"href":"https:\/\/patagoniambiental.com.ar\/info\/wp-json\/wp\/v2\/posts\/16444\/revisions"}],"wp:attachment":[{"href":"https:\/\/patagoniambiental.com.ar\/info\/wp-json\/wp\/v2\/media?parent=16444"}],"wp:term":[{"taxonomy":"category","embeddable":true,"href":"https:\/\/patagoniambiental.com.ar\/info\/wp-json\/wp\/v2\/categories?post=16444"},{"taxonomy":"post_tag","embeddable":true,"href":"https:\/\/patagoniambiental.com.ar\/info\/wp-json\/wp\/v2\/tags?post=16444"}],"curies":[{"name":"wp","href":"https:\/\/api.w.org\/{rel}","templated":true}]}}