{"id":16462,"date":"2016-01-26T09:00:00","date_gmt":"2016-01-26T12:00:00","guid":{"rendered":"http:\/\/patagoniambiental.com.ar\/?p=16462"},"modified":"2016-01-26T09:00:00","modified_gmt":"2016-01-26T12:00:00","slug":"la-omm-confirma-que-la-temperatura-global-media-en-2015-rompio-todos-los-records","status":"publish","type":"post","link":"https:\/\/patagoniambiental.com.ar\/info\/la-omm-confirma-que-la-temperatura-global-media-en-2015-rompio-todos-los-records\/","title":{"rendered":"La OMM confirma que la temperatura global media en 2015 rompi\u00f3 todos los r\u00e9cords"},"content":{"rendered":"<p>La Organizaci\u00f3n Meteorol\u00f3gica Mundial (OMM) confirm\u00f3 hoy que la temperatura media global en 2015 rompi\u00f3 todos los r\u00e9cords y que, por primera vez, las temperaturas se situaron un grado cent\u00edgrado por encima de la era preindustrial.<\/p>\n<p>En un comunicado, la OMM indica que la temperatura media en 2015 se situ\u00f3 0,76 grados cent\u00edgrados por encima de la media entre 1961 y 1990.<\/p>\n<p>La OMM usa 1961-1990 como el periodo base para medir el cambio clim\u00e1tico. La temperatura media durante ese periodo fue de 14 grados cent\u00edgrados.<\/p>\n<p>El an\u00e1lisis de la OMM combina los datos de la NASA y de NOAA (la Administraci\u00f3n de Oc\u00e9anos y Atm\u00f3sfera de EEUU); el Met Office (la Oficina brit\u00e1nica de Meteorolog\u00eda), y el Centro Europeo para las Previsiones Meteorol\u00f3gicas, por lo que sus resultados se convierten en la fuente internacional con m\u00e1s autoridad.<\/p>\n<p>La OMM ha confirmado que 15 de los 16 a\u00f1os m\u00e1s calurosos registrados han sido en este siglo, y que 2015 fue considerablemente m\u00e1s c\u00e1lido que 2014. De hecho, el periodo 2011-2015 es el lustro m\u00e1s caluroso del que se tiene constancia.<\/p>\n<p>Las altas temperaturas estuvieron, adem\u00e1s, acompa\u00f1adas de eventos meteorol\u00f3gicos extremos como sequ\u00edas, inundaciones y ola de calor.<\/p>\n<p>\u201cHemos rebasado por primera vez el l\u00edmite de un grado cent\u00edgrado respecto a la era preindustrial. Es un momento esencial en la historia de nuestro planeta\u201d, dijo, citado en el comunicado, el secretario general de la OMM, Petteri Taalas.<\/p>\n<p>\u201cSi los compromisos asumidos en las negociaciones sobre el clima de Par\u00eds se cumplen, todav\u00eda tenemos la oportunidad de mantener las temperaturas por debajo de los dos grados cent\u00edgrados\u201d, agreg\u00f3.<\/p>\n<p>El secretario general de la Organizaci\u00f3n Meteorol\u00f3gica Mundial record\u00f3 que las consecuencias del cambio clim\u00e1tico se unieron al fen\u00f3meno de El Ni\u00f1o, que el a\u00f1o pasado fue excepcionalmente agudo. \u201cPero mientras las consecuencias de El Ni\u00f1o se ir\u00e1n, las del cambio clim\u00e1tico permanecer\u00e1n\u201d, advirti\u00f3 Taalas.<\/p>\n<p>Fuente: EFEverde<\/p>\n<p>&nbsp;<\/p>\n","protected":false},"excerpt":{"rendered":"<p>La Organizaci\u00f3n Meteorol\u00f3gica Mundial (OMM) confirm\u00f3 hoy que la temperatura media global en 2015 rompi\u00f3 todos los r\u00e9cords y que, [&hellip;]<\/p>\n","protected":false},"author":2,"featured_media":0,"comment_status":"closed","ping_status":"closed","sticky":false,"template":"","format":"standard","meta":{"site-sidebar-layout":"default","site-content-layout":"","ast-site-content-layout":"default","site-content-style":"default","site-sidebar-style":"default","ast-global-header-display":"","ast-banner-title-visibility":"","ast-main-header-display":"","ast-hfb-above-header-display":"","ast-hfb-below-header-display":"","ast-hfb-mobile-header-display":"","site-post-title":"","ast-breadcrumbs-content":"","ast-featured-img":"","footer-sml-layout":"","ast-disable-related-posts":"","theme-transparent-header-meta":"","adv-header-id-meta":"","stick-header-meta":"","header-above-stick-meta":"","header-main-stick-meta":"","header-below-stick-meta":"","astra-migrate-meta-layouts":"default","ast-page-background-enabled":"default","ast-page-background-meta":{"desktop":{"background-color":"var(--ast-global-color-5)","background-image":"","background-repeat":"repeat","background-position":"center center","background-size":"auto","background-attachment":"scroll","background-type":"","background-media":"","overlay-type":"","overlay-color":"","overlay-opacity":"","overlay-gradient":""},"tablet":{"background-color":"","background-image":"","background-repeat":"repeat","background-position":"center center","background-size":"auto","background-attachment":"scroll","background-type":"","background-media":"","overlay-type":"","overlay-color":"","overlay-opacity":"","overlay-gradient":""},"mobile":{"background-color":"","background-image":"","background-repeat":"repeat","background-position":"center center","background-size":"auto","background-attachment":"scroll","background-type":"","background-media":"","overlay-type":"","overlay-color":"","overlay-opacity":"","overlay-gradient":""}},"ast-content-background-meta":{"desktop":{"background-color":"var(--ast-global-color-4)","background-image":"","background-repeat":"repeat","background-position":"center center","background-size":"auto","background-attachment":"scroll","background-type":"","background-media":"","overlay-type":"","overlay-color":"","overlay-opacity":"","overlay-gradient":""},"tablet":{"background-color":"var(--ast-global-color-4)","background-image":"","background-repeat":"repeat","background-position":"center center","background-size":"auto","background-attachment":"scroll","background-type":"","background-media":"","overlay-type":"","overlay-color":"","overlay-opacity":"","overlay-gradient":""},"mobile":{"background-color":"var(--ast-global-color-4)","background-image":"","background-repeat":"repeat","background-position":"center center","background-size":"auto","background-attachment":"scroll","background-type":"","background-media":"","overlay-type":"","overlay-color":"","overlay-opacity":"","overlay-gradient":""}},"footnotes":""},"categories":[1],"tags":[],"class_list":["post-16462","post","type-post","status-publish","format-standard","hentry","category-noticias"],"yoast_head":"<!-- This site is optimized with the Yoast SEO Premium plugin v23.0 (Yoast SEO v27.5) - https:\/\/yoast.com\/product\/yoast-seo-premium-wordpress\/ -->\n<title>La OMM confirma que la temperatura global media en 2015 rompi\u00f3 todos los r\u00e9cords<\/title>\n<meta name=\"robots\" content=\"index, follow, max-snippet:-1, max-image-preview:large, max-video-preview:-1\" \/>\n<link rel=\"canonical\" href=\"https:\/\/patagoniambiental.com.ar\/info\/la-omm-confirma-que-la-temperatura-global-media-en-2015-rompio-todos-los-records\/\" \/>\n<meta property=\"og:locale\" content=\"es_ES\" \/>\n<meta property=\"og:type\" content=\"article\" \/>\n<meta property=\"og:title\" content=\"La OMM confirma que la temperatura global media en 2015 rompi\u00f3 todos los r\u00e9cords\" \/>\n<meta property=\"og:description\" content=\"La Organizaci\u00f3n Meteorol\u00f3gica Mundial (OMM) confirm\u00f3 hoy que la temperatura media global en 2015 rompi\u00f3 todos los r\u00e9cords y que, [&hellip;]\" \/>\n<meta property=\"og:url\" content=\"https:\/\/patagoniambiental.com.ar\/info\/la-omm-confirma-que-la-temperatura-global-media-en-2015-rompio-todos-los-records\/\" \/>\n<meta property=\"og:site_name\" content=\"Patagonia Ambiental\" \/>\n<meta property=\"article:publisher\" content=\"https:\/\/www.facebook.com\/patagonia.ambiental\" \/>\n<meta property=\"article:author\" content=\"https:\/\/www.facebook.com\/share\/1C1V8Gv9BX\/?mibextid=qi2Omg\" \/>\n<meta property=\"article:published_time\" content=\"2016-01-26T12:00:00+00:00\" \/>\n<meta name=\"author\" content=\"Patagonia Ambiental\" \/>\n<meta name=\"twitter:card\" content=\"summary_large_image\" \/>\n<meta name=\"twitter:creator\" content=\"@PatAmb\" \/>\n<meta name=\"twitter:site\" content=\"@PatAmb\" \/>\n<script type=\"application\/ld+json\" class=\"yoast-schema-graph\">{\"@context\":\"https:\\\/\\\/schema.org\",\"@graph\":[{\"@type\":\"Article\",\"@id\":\"https:\\\/\\\/patagoniambiental.com.ar\\\/info\\\/la-omm-confirma-que-la-temperatura-global-media-en-2015-rompio-todos-los-records\\\/#article\",\"isPartOf\":{\"@id\":\"https:\\\/\\\/patagoniambiental.com.ar\\\/info\\\/la-omm-confirma-que-la-temperatura-global-media-en-2015-rompio-todos-los-records\\\/\"},\"author\":{\"name\":\"Patagonia Ambiental\",\"@id\":\"https:\\\/\\\/patagoniambiental.com.ar\\\/info\\\/#\\\/schema\\\/person\\\/db12bff64bbcbf6a253710bf0ea37b5d\"},\"headline\":\"La OMM confirma que la temperatura global media en 2015 rompi\u00f3 todos los r\u00e9cords\",\"datePublished\":\"2016-01-26T12:00:00+00:00\",\"mainEntityOfPage\":{\"@id\":\"https:\\\/\\\/patagoniambiental.com.ar\\\/info\\\/la-omm-confirma-que-la-temperatura-global-media-en-2015-rompio-todos-los-records\\\/\"},\"wordCount\":357,\"publisher\":{\"@id\":\"https:\\\/\\\/patagoniambiental.com.ar\\\/info\\\/#organization\"},\"articleSection\":[\"Noticias\"],\"inLanguage\":\"es\"},{\"@type\":\"WebPage\",\"@id\":\"https:\\\/\\\/patagoniambiental.com.ar\\\/info\\\/la-omm-confirma-que-la-temperatura-global-media-en-2015-rompio-todos-los-records\\\/\",\"url\":\"https:\\\/\\\/patagoniambiental.com.ar\\\/info\\\/la-omm-confirma-que-la-temperatura-global-media-en-2015-rompio-todos-los-records\\\/\",\"name\":\"La OMM confirma que la temperatura global media en 2015 rompi\u00f3 todos los r\u00e9cords\",\"isPartOf\":{\"@id\":\"https:\\\/\\\/patagoniambiental.com.ar\\\/info\\\/#website\"},\"datePublished\":\"2016-01-26T12:00:00+00:00\",\"breadcrumb\":{\"@id\":\"https:\\\/\\\/patagoniambiental.com.ar\\\/info\\\/la-omm-confirma-que-la-temperatura-global-media-en-2015-rompio-todos-los-records\\\/#breadcrumb\"},\"inLanguage\":\"es\",\"potentialAction\":[{\"@type\":\"ReadAction\",\"target\":[\"https:\\\/\\\/patagoniambiental.com.ar\\\/info\\\/la-omm-confirma-que-la-temperatura-global-media-en-2015-rompio-todos-los-records\\\/\"]}]},{\"@type\":\"BreadcrumbList\",\"@id\":\"https:\\\/\\\/patagoniambiental.com.ar\\\/info\\\/la-omm-confirma-que-la-temperatura-global-media-en-2015-rompio-todos-los-records\\\/#breadcrumb\",\"itemListElement\":[{\"@type\":\"ListItem\",\"position\":1,\"name\":\"Inicio\",\"item\":\"https:\\\/\\\/patagoniambiental.com.ar\\\/info\\\/\"},{\"@type\":\"ListItem\",\"position\":2,\"name\":\"La OMM confirma que la temperatura global media en 2015 rompi\u00f3 todos los r\u00e9cords\"}]},{\"@type\":\"WebSite\",\"@id\":\"https:\\\/\\\/patagoniambiental.com.ar\\\/info\\\/#website\",\"url\":\"https:\\\/\\\/patagoniambiental.com.ar\\\/info\\\/\",\"name\":\"Patagonia Ambiental\",\"description\":\"Monitoreo y an\u00e1lisis de la situaci\u00f3n geopol\u00edtica en el mundo y su implicancia en la Patagonia\",\"publisher\":{\"@id\":\"https:\\\/\\\/patagoniambiental.com.ar\\\/info\\\/#organization\"},\"potentialAction\":[{\"@type\":\"SearchAction\",\"target\":{\"@type\":\"EntryPoint\",\"urlTemplate\":\"https:\\\/\\\/patagoniambiental.com.ar\\\/info\\\/?s={search_term_string}\"},\"query-input\":{\"@type\":\"PropertyValueSpecification\",\"valueRequired\":true,\"valueName\":\"search_term_string\"}}],\"inLanguage\":\"es\"},{\"@type\":\"Organization\",\"@id\":\"https:\\\/\\\/patagoniambiental.com.ar\\\/info\\\/#organization\",\"name\":\"Patagonia Ambiental\",\"url\":\"https:\\\/\\\/patagoniambiental.com.ar\\\/info\\\/\",\"logo\":{\"@type\":\"ImageObject\",\"inLanguage\":\"es\",\"@id\":\"https:\\\/\\\/patagoniambiental.com.ar\\\/info\\\/#\\\/schema\\\/logo\\\/image\\\/\",\"url\":\"https:\\\/\\\/patagoniambiental.com.ar\\\/info\\\/wp-content\\\/uploads\\\/2025\\\/05\\\/LOGO-PATAGONIA-AMBIENTAL.png\",\"contentUrl\":\"https:\\\/\\\/patagoniambiental.com.ar\\\/info\\\/wp-content\\\/uploads\\\/2025\\\/05\\\/LOGO-PATAGONIA-AMBIENTAL.png\",\"width\":433,\"height\":250,\"caption\":\"Patagonia Ambiental\"},\"image\":{\"@id\":\"https:\\\/\\\/patagoniambiental.com.ar\\\/info\\\/#\\\/schema\\\/logo\\\/image\\\/\"},\"sameAs\":[\"https:\\\/\\\/www.facebook.com\\\/patagonia.ambiental\",\"https:\\\/\\\/x.com\\\/PatAmb\"]},{\"@type\":\"Person\",\"@id\":\"https:\\\/\\\/patagoniambiental.com.ar\\\/info\\\/#\\\/schema\\\/person\\\/db12bff64bbcbf6a253710bf0ea37b5d\",\"name\":\"Patagonia Ambiental\",\"description\":\"Andr\u00e9s Nievas T\u00e9cnico en manejo ambiental, consultor Ambiental y escritor para medios locales e internacionales sobre temas de geopolitica y medio ambiente.\",\"sameAs\":[\"http:\\\/\\\/www.patagoniambiental.com.ar\",\"https:\\\/\\\/www.facebook.com\\\/share\\\/1C1V8Gv9BX\\\/?mibextid=qi2Omg\",\"@patagoniambiental\",\"https:\\\/\\\/youtube.com\\\/@patagoniaambiental2023?si=BLt58t0wuXquxlYZ\"]}]}<\/script>\n<!-- \/ Yoast SEO Premium plugin. -->","yoast_head_json":{"title":"La OMM confirma que la temperatura global media en 2015 rompi\u00f3 todos los r\u00e9cords","robots":{"index":"index","follow":"follow","max-snippet":"max-snippet:-1","max-image-preview":"max-image-preview:large","max-video-preview":"max-video-preview:-1"},"canonical":"https:\/\/patagoniambiental.com.ar\/info\/la-omm-confirma-que-la-temperatura-global-media-en-2015-rompio-todos-los-records\/","og_locale":"es_ES","og_type":"article","og_title":"La OMM confirma que la temperatura global media en 2015 rompi\u00f3 todos los r\u00e9cords","og_description":"La Organizaci\u00f3n Meteorol\u00f3gica Mundial (OMM) confirm\u00f3 hoy que la temperatura media global en 2015 rompi\u00f3 todos los r\u00e9cords y que, [&hellip;]","og_url":"https:\/\/patagoniambiental.com.ar\/info\/la-omm-confirma-que-la-temperatura-global-media-en-2015-rompio-todos-los-records\/","og_site_name":"Patagonia Ambiental","article_publisher":"https:\/\/www.facebook.com\/patagonia.ambiental","article_author":"https:\/\/www.facebook.com\/share\/1C1V8Gv9BX\/?mibextid=qi2Omg","article_published_time":"2016-01-26T12:00:00+00:00","author":"Patagonia Ambiental","twitter_card":"summary_large_image","twitter_creator":"@PatAmb","twitter_site":"@PatAmb","schema":{"@context":"https:\/\/schema.org","@graph":[{"@type":"Article","@id":"https:\/\/patagoniambiental.com.ar\/info\/la-omm-confirma-que-la-temperatura-global-media-en-2015-rompio-todos-los-records\/#article","isPartOf":{"@id":"https:\/\/patagoniambiental.com.ar\/info\/la-omm-confirma-que-la-temperatura-global-media-en-2015-rompio-todos-los-records\/"},"author":{"name":"Patagonia Ambiental","@id":"https:\/\/patagoniambiental.com.ar\/info\/#\/schema\/person\/db12bff64bbcbf6a253710bf0ea37b5d"},"headline":"La OMM confirma que la temperatura global media en 2015 rompi\u00f3 todos los r\u00e9cords","datePublished":"2016-01-26T12:00:00+00:00","mainEntityOfPage":{"@id":"https:\/\/patagoniambiental.com.ar\/info\/la-omm-confirma-que-la-temperatura-global-media-en-2015-rompio-todos-los-records\/"},"wordCount":357,"publisher":{"@id":"https:\/\/patagoniambiental.com.ar\/info\/#organization"},"articleSection":["Noticias"],"inLanguage":"es"},{"@type":"WebPage","@id":"https:\/\/patagoniambiental.com.ar\/info\/la-omm-confirma-que-la-temperatura-global-media-en-2015-rompio-todos-los-records\/","url":"https:\/\/patagoniambiental.com.ar\/info\/la-omm-confirma-que-la-temperatura-global-media-en-2015-rompio-todos-los-records\/","name":"La OMM confirma que la temperatura global media en 2015 rompi\u00f3 todos los r\u00e9cords","isPartOf":{"@id":"https:\/\/patagoniambiental.com.ar\/info\/#website"},"datePublished":"2016-01-26T12:00:00+00:00","breadcrumb":{"@id":"https:\/\/patagoniambiental.com.ar\/info\/la-omm-confirma-que-la-temperatura-global-media-en-2015-rompio-todos-los-records\/#breadcrumb"},"inLanguage":"es","potentialAction":[{"@type":"ReadAction","target":["https:\/\/patagoniambiental.com.ar\/info\/la-omm-confirma-que-la-temperatura-global-media-en-2015-rompio-todos-los-records\/"]}]},{"@type":"BreadcrumbList","@id":"https:\/\/patagoniambiental.com.ar\/info\/la-omm-confirma-que-la-temperatura-global-media-en-2015-rompio-todos-los-records\/#breadcrumb","itemListElement":[{"@type":"ListItem","position":1,"name":"Inicio","item":"https:\/\/patagoniambiental.com.ar\/info\/"},{"@type":"ListItem","position":2,"name":"La OMM confirma que la temperatura global media en 2015 rompi\u00f3 todos los r\u00e9cords"}]},{"@type":"WebSite","@id":"https:\/\/patagoniambiental.com.ar\/info\/#website","url":"https:\/\/patagoniambiental.com.ar\/info\/","name":"Patagonia Ambiental","description":"Monitoreo y an\u00e1lisis de la situaci\u00f3n geopol\u00edtica en el mundo y su implicancia en la Patagonia","publisher":{"@id":"https:\/\/patagoniambiental.com.ar\/info\/#organization"},"potentialAction":[{"@type":"SearchAction","target":{"@type":"EntryPoint","urlTemplate":"https:\/\/patagoniambiental.com.ar\/info\/?s={search_term_string}"},"query-input":{"@type":"PropertyValueSpecification","valueRequired":true,"valueName":"search_term_string"}}],"inLanguage":"es"},{"@type":"Organization","@id":"https:\/\/patagoniambiental.com.ar\/info\/#organization","name":"Patagonia Ambiental","url":"https:\/\/patagoniambiental.com.ar\/info\/","logo":{"@type":"ImageObject","inLanguage":"es","@id":"https:\/\/patagoniambiental.com.ar\/info\/#\/schema\/logo\/image\/","url":"https:\/\/patagoniambiental.com.ar\/info\/wp-content\/uploads\/2025\/05\/LOGO-PATAGONIA-AMBIENTAL.png","contentUrl":"https:\/\/patagoniambiental.com.ar\/info\/wp-content\/uploads\/2025\/05\/LOGO-PATAGONIA-AMBIENTAL.png","width":433,"height":250,"caption":"Patagonia Ambiental"},"image":{"@id":"https:\/\/patagoniambiental.com.ar\/info\/#\/schema\/logo\/image\/"},"sameAs":["https:\/\/www.facebook.com\/patagonia.ambiental","https:\/\/x.com\/PatAmb"]},{"@type":"Person","@id":"https:\/\/patagoniambiental.com.ar\/info\/#\/schema\/person\/db12bff64bbcbf6a253710bf0ea37b5d","name":"Patagonia Ambiental","description":"Andr\u00e9s Nievas T\u00e9cnico en manejo ambiental, consultor Ambiental y escritor para medios locales e internacionales sobre temas de geopolitica y medio ambiente.","sameAs":["http:\/\/www.patagoniambiental.com.ar","https:\/\/www.facebook.com\/share\/1C1V8Gv9BX\/?mibextid=qi2Omg","@patagoniambiental","https:\/\/youtube.com\/@patagoniaambiental2023?si=BLt58t0wuXquxlYZ"]}]}},"_links":{"self":[{"href":"https:\/\/patagoniambiental.com.ar\/info\/wp-json\/wp\/v2\/posts\/16462","targetHints":{"allow":["GET"]}}],"collection":[{"href":"https:\/\/patagoniambiental.com.ar\/info\/wp-json\/wp\/v2\/posts"}],"about":[{"href":"https:\/\/patagoniambiental.com.ar\/info\/wp-json\/wp\/v2\/types\/post"}],"author":[{"embeddable":true,"href":"https:\/\/patagoniambiental.com.ar\/info\/wp-json\/wp\/v2\/users\/2"}],"replies":[{"embeddable":true,"href":"https:\/\/patagoniambiental.com.ar\/info\/wp-json\/wp\/v2\/comments?post=16462"}],"version-history":[{"count":0,"href":"https:\/\/patagoniambiental.com.ar\/info\/wp-json\/wp\/v2\/posts\/16462\/revisions"}],"wp:attachment":[{"href":"https:\/\/patagoniambiental.com.ar\/info\/wp-json\/wp\/v2\/media?parent=16462"}],"wp:term":[{"taxonomy":"category","embeddable":true,"href":"https:\/\/patagoniambiental.com.ar\/info\/wp-json\/wp\/v2\/categories?post=16462"},{"taxonomy":"post_tag","embeddable":true,"href":"https:\/\/patagoniambiental.com.ar\/info\/wp-json\/wp\/v2\/tags?post=16462"}],"curies":[{"name":"wp","href":"https:\/\/api.w.org\/{rel}","templated":true}]}}