{"id":16465,"date":"2016-01-26T09:00:31","date_gmt":"2016-01-26T12:00:31","guid":{"rendered":"http:\/\/patagoniambiental.com.ar\/?p=16465"},"modified":"2016-01-26T09:00:31","modified_gmt":"2016-01-26T12:00:31","slug":"ante-aumentos-en-tarifas-de-luz-y-gas-crecen-consultas-sobre-energias-renovables","status":"publish","type":"post","link":"https:\/\/patagoniambiental.com.ar\/info\/ante-aumentos-en-tarifas-de-luz-y-gas-crecen-consultas-sobre-energias-renovables\/","title":{"rendered":"Crecen consultas sobre energ\u00edas renovables ante aumentos en tarifas de luz y gas,"},"content":{"rendered":"<p>As\u00ed lo sostuvo Gabriel Gal\u00e1n, propietario de una empresa dedicada a brindar soluciones en energ\u00eda e\u00f3lica y solar, a ANDigital. \u201cLa demanda viene creciendo desde hace tiempo en el interior bonaerense\u201d donde las tarifas son m\u00e1s caras por tener menos subsidios. Agreg\u00f3 que \u201cdesde que el gobierno anunci\u00f3 su decisi\u00f3n de avanzar con la quita de subsidios, las consultas crecieron un 60 %\u201d.<\/p>\n<p class=\"p1\">Las energ\u00edas \u201climpias\u201d avanzan en el pa\u00eds como una alternativa econ\u00f3mica y ecol\u00f3gica frente al ajuste tarifario que el ministro de Energ\u00eda, Juan Jos\u00e9 Aranguren, anunciar\u00e1 \u201cdentro de una semana o diez d\u00edas\u201d, como \u00e9l mismo expres\u00f3 y, ante esta realidad, toma impulso la discusi\u00f3n acerca del rol de las energ\u00edas renovables y su efectiva utilizaci\u00f3n en los quehaceres cotidianos.<\/p>\n<p class=\"p1\">Al respecto, el presidente Mauricio Macri reafirm\u00f3 d\u00edas atr\u00e1s su inter\u00e9s por promover su desarrollo, y destac\u00f3 que \u201cla Argentina tiene la tercera reserva e\u00f3lica del mundo y la segunda solar del planeta\u201d.<\/p>\n<p class=\"p1\">En ese marco, Gabriel Gal\u00e1n, socio gerente de CerSolar, un emprendimiento dedicado a brindar soluciones en materia de energ\u00eda solar y e\u00f3lica, dijo al respecto que \u201cla demanda viene creciendo desde hace tiempo en el interior de la provincia de Buenos Aires, porque all\u00ed las tarifas tienen un impacto mayor ya que hay mucho menos subsidio. A ello se suma que existen lugares en los cuales la red de gas se encuentra imposibilitada de habilitar nuevas bocas, las usinas o cooperativas el\u00e9ctricas no llegan o es muy costoso hacerla llegar a un domicilio\u201d.<\/p>\n<p class=\"p1\">Actualmente la matriz energ\u00e9tica nacional a\u00fan depende en un 87 % de los combustibles f\u00f3siles, mientras que el restante 13 % proviene de energ\u00eda nuclear, hidroel\u00e9ctrica, e\u00f3lica, solar, biomasa. Pero la demanda de energ\u00edas renovables ha crecido notablemente en los \u00faltimos tiempos.<\/p>\n<p class=\"p1\">Sobre esto, Gal\u00e1n destac\u00f3 que \u201cdesde que el gobierno anunci\u00f3 su decisi\u00f3n de avanzar con la quita de subsidios, las consultas crecieron un 60 %\u201d, y concluy\u00f3: \u201cLos costos internacionales de generaci\u00f3n de energ\u00edas renovables descendieron en los \u00faltimos a\u00f1os en m\u00e1s de un 50 %. La energ\u00eda solar es una alternativa que la gente est\u00e1 eligiendo cada vez m\u00e1s, porque es eficiente, econ\u00f3mica y contribuye al cuidado del medio ambiente\u201d<\/p>\n","protected":false},"excerpt":{"rendered":"<p>As\u00ed lo sostuvo Gabriel Gal\u00e1n, propietario de una empresa dedicada a brindar soluciones en energ\u00eda e\u00f3lica y solar, a ANDigital. [&hellip;]<\/p>\n","protected":false},"author":2,"featured_media":0,"comment_status":"closed","ping_status":"closed","sticky":false,"template":"","format":"standard","meta":{"site-sidebar-layout":"default","site-content-layout":"","ast-site-content-layout":"default","site-content-style":"default","site-sidebar-style":"default","ast-global-header-display":"","ast-banner-title-visibility":"","ast-main-header-display":"","ast-hfb-above-header-display":"","ast-hfb-below-header-display":"","ast-hfb-mobile-header-display":"","site-post-title":"","ast-breadcrumbs-content":"","ast-featured-img":"","footer-sml-layout":"","ast-disable-related-posts":"","theme-transparent-header-meta":"","adv-header-id-meta":"","stick-header-meta":"","header-above-stick-meta":"","header-main-stick-meta":"","header-below-stick-meta":"","astra-migrate-meta-layouts":"default","ast-page-background-enabled":"default","ast-page-background-meta":{"desktop":{"background-color":"var(--ast-global-color-5)","background-image":"","background-repeat":"repeat","background-position":"center center","background-size":"auto","background-attachment":"scroll","background-type":"","background-media":"","overlay-type":"","overlay-color":"","overlay-opacity":"","overlay-gradient":""},"tablet":{"background-color":"","background-image":"","background-repeat":"repeat","background-position":"center center","background-size":"auto","background-attachment":"scroll","background-type":"","background-media":"","overlay-type":"","overlay-color":"","overlay-opacity":"","overlay-gradient":""},"mobile":{"background-color":"","background-image":"","background-repeat":"repeat","background-position":"center center","background-size":"auto","background-attachment":"scroll","background-type":"","background-media":"","overlay-type":"","overlay-color":"","overlay-opacity":"","overlay-gradient":""}},"ast-content-background-meta":{"desktop":{"background-color":"var(--ast-global-color-4)","background-image":"","background-repeat":"repeat","background-position":"center center","background-size":"auto","background-attachment":"scroll","background-type":"","background-media":"","overlay-type":"","overlay-color":"","overlay-opacity":"","overlay-gradient":""},"tablet":{"background-color":"var(--ast-global-color-4)","background-image":"","background-repeat":"repeat","background-position":"center center","background-size":"auto","background-attachment":"scroll","background-type":"","background-media":"","overlay-type":"","overlay-color":"","overlay-opacity":"","overlay-gradient":""},"mobile":{"background-color":"var(--ast-global-color-4)","background-image":"","background-repeat":"repeat","background-position":"center center","background-size":"auto","background-attachment":"scroll","background-type":"","background-media":"","overlay-type":"","overlay-color":"","overlay-opacity":"","overlay-gradient":""}},"footnotes":""},"categories":[1],"tags":[],"class_list":["post-16465","post","type-post","status-publish","format-standard","hentry","category-noticias"],"yoast_head":"<!-- This site is optimized with the Yoast SEO Premium plugin v23.0 (Yoast SEO v27.5) - https:\/\/yoast.com\/product\/yoast-seo-premium-wordpress\/ -->\n<title>Crecen consultas sobre energ\u00edas renovables ante aumentos en tarifas de luz y gas,<\/title>\n<meta name=\"robots\" content=\"index, follow, max-snippet:-1, max-image-preview:large, max-video-preview:-1\" \/>\n<link rel=\"canonical\" href=\"https:\/\/patagoniambiental.com.ar\/info\/ante-aumentos-en-tarifas-de-luz-y-gas-crecen-consultas-sobre-energias-renovables\/\" \/>\n<meta property=\"og:locale\" content=\"es_ES\" \/>\n<meta property=\"og:type\" content=\"article\" \/>\n<meta property=\"og:title\" content=\"Crecen consultas sobre energ\u00edas renovables ante aumentos en tarifas de luz y gas,\" \/>\n<meta property=\"og:description\" content=\"As\u00ed lo sostuvo Gabriel Gal\u00e1n, propietario de una empresa dedicada a brindar soluciones en energ\u00eda e\u00f3lica y solar, a ANDigital. [&hellip;]\" \/>\n<meta property=\"og:url\" content=\"https:\/\/patagoniambiental.com.ar\/info\/ante-aumentos-en-tarifas-de-luz-y-gas-crecen-consultas-sobre-energias-renovables\/\" \/>\n<meta property=\"og:site_name\" content=\"Patagonia Ambiental\" \/>\n<meta property=\"article:publisher\" content=\"https:\/\/www.facebook.com\/patagonia.ambiental\" \/>\n<meta property=\"article:author\" content=\"https:\/\/www.facebook.com\/share\/1C1V8Gv9BX\/?mibextid=qi2Omg\" \/>\n<meta property=\"article:published_time\" content=\"2016-01-26T12:00:31+00:00\" \/>\n<meta name=\"author\" content=\"Patagonia Ambiental\" \/>\n<meta name=\"twitter:card\" content=\"summary_large_image\" \/>\n<meta name=\"twitter:creator\" content=\"@PatAmb\" \/>\n<meta name=\"twitter:site\" content=\"@PatAmb\" \/>\n<script type=\"application\/ld+json\" class=\"yoast-schema-graph\">{\"@context\":\"https:\\\/\\\/schema.org\",\"@graph\":[{\"@type\":\"Article\",\"@id\":\"https:\\\/\\\/patagoniambiental.com.ar\\\/info\\\/ante-aumentos-en-tarifas-de-luz-y-gas-crecen-consultas-sobre-energias-renovables\\\/#article\",\"isPartOf\":{\"@id\":\"https:\\\/\\\/patagoniambiental.com.ar\\\/info\\\/ante-aumentos-en-tarifas-de-luz-y-gas-crecen-consultas-sobre-energias-renovables\\\/\"},\"author\":{\"name\":\"Patagonia Ambiental\",\"@id\":\"https:\\\/\\\/patagoniambiental.com.ar\\\/info\\\/#\\\/schema\\\/person\\\/db12bff64bbcbf6a253710bf0ea37b5d\"},\"headline\":\"Crecen consultas sobre energ\u00edas renovables ante aumentos en tarifas de luz y gas,\",\"datePublished\":\"2016-01-26T12:00:31+00:00\",\"mainEntityOfPage\":{\"@id\":\"https:\\\/\\\/patagoniambiental.com.ar\\\/info\\\/ante-aumentos-en-tarifas-de-luz-y-gas-crecen-consultas-sobre-energias-renovables\\\/\"},\"wordCount\":404,\"publisher\":{\"@id\":\"https:\\\/\\\/patagoniambiental.com.ar\\\/info\\\/#organization\"},\"articleSection\":[\"Noticias\"],\"inLanguage\":\"es\"},{\"@type\":\"WebPage\",\"@id\":\"https:\\\/\\\/patagoniambiental.com.ar\\\/info\\\/ante-aumentos-en-tarifas-de-luz-y-gas-crecen-consultas-sobre-energias-renovables\\\/\",\"url\":\"https:\\\/\\\/patagoniambiental.com.ar\\\/info\\\/ante-aumentos-en-tarifas-de-luz-y-gas-crecen-consultas-sobre-energias-renovables\\\/\",\"name\":\"Crecen consultas sobre energ\u00edas renovables ante aumentos en tarifas de luz y gas,\",\"isPartOf\":{\"@id\":\"https:\\\/\\\/patagoniambiental.com.ar\\\/info\\\/#website\"},\"datePublished\":\"2016-01-26T12:00:31+00:00\",\"breadcrumb\":{\"@id\":\"https:\\\/\\\/patagoniambiental.com.ar\\\/info\\\/ante-aumentos-en-tarifas-de-luz-y-gas-crecen-consultas-sobre-energias-renovables\\\/#breadcrumb\"},\"inLanguage\":\"es\",\"potentialAction\":[{\"@type\":\"ReadAction\",\"target\":[\"https:\\\/\\\/patagoniambiental.com.ar\\\/info\\\/ante-aumentos-en-tarifas-de-luz-y-gas-crecen-consultas-sobre-energias-renovables\\\/\"]}]},{\"@type\":\"BreadcrumbList\",\"@id\":\"https:\\\/\\\/patagoniambiental.com.ar\\\/info\\\/ante-aumentos-en-tarifas-de-luz-y-gas-crecen-consultas-sobre-energias-renovables\\\/#breadcrumb\",\"itemListElement\":[{\"@type\":\"ListItem\",\"position\":1,\"name\":\"Inicio\",\"item\":\"https:\\\/\\\/patagoniambiental.com.ar\\\/info\\\/\"},{\"@type\":\"ListItem\",\"position\":2,\"name\":\"Crecen consultas sobre energ\u00edas renovables ante aumentos en tarifas de luz y gas,\"}]},{\"@type\":\"WebSite\",\"@id\":\"https:\\\/\\\/patagoniambiental.com.ar\\\/info\\\/#website\",\"url\":\"https:\\\/\\\/patagoniambiental.com.ar\\\/info\\\/\",\"name\":\"Patagonia Ambiental\",\"description\":\"Monitoreo y an\u00e1lisis de la situaci\u00f3n geopol\u00edtica en el mundo y su implicancia en la Patagonia\",\"publisher\":{\"@id\":\"https:\\\/\\\/patagoniambiental.com.ar\\\/info\\\/#organization\"},\"potentialAction\":[{\"@type\":\"SearchAction\",\"target\":{\"@type\":\"EntryPoint\",\"urlTemplate\":\"https:\\\/\\\/patagoniambiental.com.ar\\\/info\\\/?s={search_term_string}\"},\"query-input\":{\"@type\":\"PropertyValueSpecification\",\"valueRequired\":true,\"valueName\":\"search_term_string\"}}],\"inLanguage\":\"es\"},{\"@type\":\"Organization\",\"@id\":\"https:\\\/\\\/patagoniambiental.com.ar\\\/info\\\/#organization\",\"name\":\"Patagonia Ambiental\",\"url\":\"https:\\\/\\\/patagoniambiental.com.ar\\\/info\\\/\",\"logo\":{\"@type\":\"ImageObject\",\"inLanguage\":\"es\",\"@id\":\"https:\\\/\\\/patagoniambiental.com.ar\\\/info\\\/#\\\/schema\\\/logo\\\/image\\\/\",\"url\":\"https:\\\/\\\/patagoniambiental.com.ar\\\/info\\\/wp-content\\\/uploads\\\/2025\\\/05\\\/LOGO-PATAGONIA-AMBIENTAL.png\",\"contentUrl\":\"https:\\\/\\\/patagoniambiental.com.ar\\\/info\\\/wp-content\\\/uploads\\\/2025\\\/05\\\/LOGO-PATAGONIA-AMBIENTAL.png\",\"width\":433,\"height\":250,\"caption\":\"Patagonia Ambiental\"},\"image\":{\"@id\":\"https:\\\/\\\/patagoniambiental.com.ar\\\/info\\\/#\\\/schema\\\/logo\\\/image\\\/\"},\"sameAs\":[\"https:\\\/\\\/www.facebook.com\\\/patagonia.ambiental\",\"https:\\\/\\\/x.com\\\/PatAmb\"]},{\"@type\":\"Person\",\"@id\":\"https:\\\/\\\/patagoniambiental.com.ar\\\/info\\\/#\\\/schema\\\/person\\\/db12bff64bbcbf6a253710bf0ea37b5d\",\"name\":\"Patagonia Ambiental\",\"description\":\"Andr\u00e9s Nievas T\u00e9cnico en manejo ambiental, consultor Ambiental y escritor para medios locales e internacionales sobre temas de geopolitica y medio ambiente.\",\"sameAs\":[\"http:\\\/\\\/www.patagoniambiental.com.ar\",\"https:\\\/\\\/www.facebook.com\\\/share\\\/1C1V8Gv9BX\\\/?mibextid=qi2Omg\",\"@patagoniambiental\",\"https:\\\/\\\/youtube.com\\\/@patagoniaambiental2023?si=BLt58t0wuXquxlYZ\"]}]}<\/script>\n<!-- \/ Yoast SEO Premium plugin. -->","yoast_head_json":{"title":"Crecen consultas sobre energ\u00edas renovables ante aumentos en tarifas de luz y gas,","robots":{"index":"index","follow":"follow","max-snippet":"max-snippet:-1","max-image-preview":"max-image-preview:large","max-video-preview":"max-video-preview:-1"},"canonical":"https:\/\/patagoniambiental.com.ar\/info\/ante-aumentos-en-tarifas-de-luz-y-gas-crecen-consultas-sobre-energias-renovables\/","og_locale":"es_ES","og_type":"article","og_title":"Crecen consultas sobre energ\u00edas renovables ante aumentos en tarifas de luz y gas,","og_description":"As\u00ed lo sostuvo Gabriel Gal\u00e1n, propietario de una empresa dedicada a brindar soluciones en energ\u00eda e\u00f3lica y solar, a ANDigital. [&hellip;]","og_url":"https:\/\/patagoniambiental.com.ar\/info\/ante-aumentos-en-tarifas-de-luz-y-gas-crecen-consultas-sobre-energias-renovables\/","og_site_name":"Patagonia Ambiental","article_publisher":"https:\/\/www.facebook.com\/patagonia.ambiental","article_author":"https:\/\/www.facebook.com\/share\/1C1V8Gv9BX\/?mibextid=qi2Omg","article_published_time":"2016-01-26T12:00:31+00:00","author":"Patagonia Ambiental","twitter_card":"summary_large_image","twitter_creator":"@PatAmb","twitter_site":"@PatAmb","schema":{"@context":"https:\/\/schema.org","@graph":[{"@type":"Article","@id":"https:\/\/patagoniambiental.com.ar\/info\/ante-aumentos-en-tarifas-de-luz-y-gas-crecen-consultas-sobre-energias-renovables\/#article","isPartOf":{"@id":"https:\/\/patagoniambiental.com.ar\/info\/ante-aumentos-en-tarifas-de-luz-y-gas-crecen-consultas-sobre-energias-renovables\/"},"author":{"name":"Patagonia Ambiental","@id":"https:\/\/patagoniambiental.com.ar\/info\/#\/schema\/person\/db12bff64bbcbf6a253710bf0ea37b5d"},"headline":"Crecen consultas sobre energ\u00edas renovables ante aumentos en tarifas de luz y gas,","datePublished":"2016-01-26T12:00:31+00:00","mainEntityOfPage":{"@id":"https:\/\/patagoniambiental.com.ar\/info\/ante-aumentos-en-tarifas-de-luz-y-gas-crecen-consultas-sobre-energias-renovables\/"},"wordCount":404,"publisher":{"@id":"https:\/\/patagoniambiental.com.ar\/info\/#organization"},"articleSection":["Noticias"],"inLanguage":"es"},{"@type":"WebPage","@id":"https:\/\/patagoniambiental.com.ar\/info\/ante-aumentos-en-tarifas-de-luz-y-gas-crecen-consultas-sobre-energias-renovables\/","url":"https:\/\/patagoniambiental.com.ar\/info\/ante-aumentos-en-tarifas-de-luz-y-gas-crecen-consultas-sobre-energias-renovables\/","name":"Crecen consultas sobre energ\u00edas renovables ante aumentos en tarifas de luz y gas,","isPartOf":{"@id":"https:\/\/patagoniambiental.com.ar\/info\/#website"},"datePublished":"2016-01-26T12:00:31+00:00","breadcrumb":{"@id":"https:\/\/patagoniambiental.com.ar\/info\/ante-aumentos-en-tarifas-de-luz-y-gas-crecen-consultas-sobre-energias-renovables\/#breadcrumb"},"inLanguage":"es","potentialAction":[{"@type":"ReadAction","target":["https:\/\/patagoniambiental.com.ar\/info\/ante-aumentos-en-tarifas-de-luz-y-gas-crecen-consultas-sobre-energias-renovables\/"]}]},{"@type":"BreadcrumbList","@id":"https:\/\/patagoniambiental.com.ar\/info\/ante-aumentos-en-tarifas-de-luz-y-gas-crecen-consultas-sobre-energias-renovables\/#breadcrumb","itemListElement":[{"@type":"ListItem","position":1,"name":"Inicio","item":"https:\/\/patagoniambiental.com.ar\/info\/"},{"@type":"ListItem","position":2,"name":"Crecen consultas sobre energ\u00edas renovables ante aumentos en tarifas de luz y gas,"}]},{"@type":"WebSite","@id":"https:\/\/patagoniambiental.com.ar\/info\/#website","url":"https:\/\/patagoniambiental.com.ar\/info\/","name":"Patagonia Ambiental","description":"Monitoreo y an\u00e1lisis de la situaci\u00f3n geopol\u00edtica en el mundo y su implicancia en la Patagonia","publisher":{"@id":"https:\/\/patagoniambiental.com.ar\/info\/#organization"},"potentialAction":[{"@type":"SearchAction","target":{"@type":"EntryPoint","urlTemplate":"https:\/\/patagoniambiental.com.ar\/info\/?s={search_term_string}"},"query-input":{"@type":"PropertyValueSpecification","valueRequired":true,"valueName":"search_term_string"}}],"inLanguage":"es"},{"@type":"Organization","@id":"https:\/\/patagoniambiental.com.ar\/info\/#organization","name":"Patagonia Ambiental","url":"https:\/\/patagoniambiental.com.ar\/info\/","logo":{"@type":"ImageObject","inLanguage":"es","@id":"https:\/\/patagoniambiental.com.ar\/info\/#\/schema\/logo\/image\/","url":"https:\/\/patagoniambiental.com.ar\/info\/wp-content\/uploads\/2025\/05\/LOGO-PATAGONIA-AMBIENTAL.png","contentUrl":"https:\/\/patagoniambiental.com.ar\/info\/wp-content\/uploads\/2025\/05\/LOGO-PATAGONIA-AMBIENTAL.png","width":433,"height":250,"caption":"Patagonia Ambiental"},"image":{"@id":"https:\/\/patagoniambiental.com.ar\/info\/#\/schema\/logo\/image\/"},"sameAs":["https:\/\/www.facebook.com\/patagonia.ambiental","https:\/\/x.com\/PatAmb"]},{"@type":"Person","@id":"https:\/\/patagoniambiental.com.ar\/info\/#\/schema\/person\/db12bff64bbcbf6a253710bf0ea37b5d","name":"Patagonia Ambiental","description":"Andr\u00e9s Nievas T\u00e9cnico en manejo ambiental, consultor Ambiental y escritor para medios locales e internacionales sobre temas de geopolitica y medio ambiente.","sameAs":["http:\/\/www.patagoniambiental.com.ar","https:\/\/www.facebook.com\/share\/1C1V8Gv9BX\/?mibextid=qi2Omg","@patagoniambiental","https:\/\/youtube.com\/@patagoniaambiental2023?si=BLt58t0wuXquxlYZ"]}]}},"_links":{"self":[{"href":"https:\/\/patagoniambiental.com.ar\/info\/wp-json\/wp\/v2\/posts\/16465","targetHints":{"allow":["GET"]}}],"collection":[{"href":"https:\/\/patagoniambiental.com.ar\/info\/wp-json\/wp\/v2\/posts"}],"about":[{"href":"https:\/\/patagoniambiental.com.ar\/info\/wp-json\/wp\/v2\/types\/post"}],"author":[{"embeddable":true,"href":"https:\/\/patagoniambiental.com.ar\/info\/wp-json\/wp\/v2\/users\/2"}],"replies":[{"embeddable":true,"href":"https:\/\/patagoniambiental.com.ar\/info\/wp-json\/wp\/v2\/comments?post=16465"}],"version-history":[{"count":0,"href":"https:\/\/patagoniambiental.com.ar\/info\/wp-json\/wp\/v2\/posts\/16465\/revisions"}],"wp:attachment":[{"href":"https:\/\/patagoniambiental.com.ar\/info\/wp-json\/wp\/v2\/media?parent=16465"}],"wp:term":[{"taxonomy":"category","embeddable":true,"href":"https:\/\/patagoniambiental.com.ar\/info\/wp-json\/wp\/v2\/categories?post=16465"},{"taxonomy":"post_tag","embeddable":true,"href":"https:\/\/patagoniambiental.com.ar\/info\/wp-json\/wp\/v2\/tags?post=16465"}],"curies":[{"name":"wp","href":"https:\/\/api.w.org\/{rel}","templated":true}]}}