{"id":16484,"date":"2016-01-27T09:00:15","date_gmt":"2016-01-27T12:00:15","guid":{"rendered":"http:\/\/patagoniambiental.com.ar\/?p=16484"},"modified":"2016-01-27T09:00:15","modified_gmt":"2016-01-27T12:00:15","slug":"nacion-busca-intensificar-las-relaciones-con-chile-en-medio-ambiente-y-la-integracion-energetica","status":"publish","type":"post","link":"https:\/\/patagoniambiental.com.ar\/info\/nacion-busca-intensificar-las-relaciones-con-chile-en-medio-ambiente-y-la-integracion-energetica\/","title":{"rendered":"Naci\u00f3n busca intensificar las relaciones con Chile en medio ambiente y la integraci\u00f3n energ\u00e9tica"},"content":{"rendered":"<div>La vicepresidenta argentina, Gabriela Michetti, expres\u00f3 luego de reunirse en Chile con la presidenta de ese pa\u00eds, Michelle Bachelet, que \u00ablo m\u00e1s trascendente es el esp\u00edritu con el cual hemos conversado, el cual pretende intensificar y hacer m\u00e1s concretas las relaciones bilaterales\u00bb.<\/div>\n<div>En el marco de su visita oficial a Chile, Michetti fue recibida en el Palacio de la Moneda por Bachelet. Al salir de la reuni\u00f3n, brind\u00f3 una conferencia de prensa en la que remarc\u00f3 la apuesta de la Argentina por intensificar y hacer m\u00e1s concretas las relaciones bilaterales que se expresar\u00e1n en temas comunes \u00abcomo pueden ser los pasos fronterizos, las cuestiones comerciales, las problem\u00e1ticas energ\u00e9ticas, cuestiones que hacen a un tipo de relaci\u00f3n m\u00e1s concreta y espec\u00edfica\u00bb.<\/div>\n<div>En el encuentro, adem\u00e1s de abordar temas vinculados a la mejora de los pasos fronterizos, Michetti ponder\u00f3 tambi\u00e9n el tratamiento de cuestiones \u00abque tienen que ver con el medio ambiente y la integraci\u00f3n energ\u00e9tica\u00bb, respecto de las cu\u00e1les \u00abbuscamos establecer cronogramas para avanzar en conjunto\u00bb, detall\u00f3.<\/div>\n<div>Una pregunta que r\u00e1pidamente fue abordada por la prensa chilena fue la extradici\u00f3n de Galvarino Apablaza, principal inculpado del asesinato del senador chileno e ide\u00f3logo de la actual Constituci\u00f3n chilena, Jaime Guzm\u00e1n, un tema que tambi\u00e9n surgi\u00f3 en la reuni\u00f3n que m\u00e1s temprano tuvo Michetti con el titular del Senado chileno, Patricio Walker.<\/div>\n<div>Al respecto, la funcionaria argentina dijo tener la voluntad de abordar el tema y precis\u00f3 que el 23 de febrero nuestro pa\u00eds \u00abhar\u00e1 expl\u00edcito los comentarios que tiene respecto al tema\u00bb.<\/div>\n<div>\u00abNosotros acabamos de asumir el Gobierno y necesitamos revisar el tema, ver la legalidad y c\u00f3mo hacer para destrabar este problema, pero hay vocaci\u00f3n y nos hemos comprometido en llegar a un entendimiento, a un buen puerto, incluso con la posibilidad de una extradici\u00f3n\u00bb.<\/div>\n<div>Sobre la postura argentina frente a la situaci\u00f3n pol\u00edtica de Venezuela, la vicepresidenta se\u00f1al\u00f3: \u00abnuestra posici\u00f3n sobre los Derechos Humanos en t\u00e9rminos universales es una cuesti\u00f3n de convicciones y el presidente (Mauricio) Macri en el Mercosur as\u00ed lo hizo saber\u00bb.<\/div>\n<div>Anticip\u00f3 que en la IV Cumbre de la Comunidad de Estados Latinoamericanos y Caribe\u00f1os, que sesionar\u00e1 el mi\u00e9rcoles en Quito y en la que Michetti representar\u00e1 a Argentina, \u00abvamos a plantear nuevamente la preocupaci\u00f3n por los presos pol\u00edticos\u00bb en Venezuela.<\/div>\n<div>Michetti adem\u00e1s aclar\u00f3 que la postura del Gobierno frente a este tema siempre ser\u00e1 de di\u00e1logo, \u00abcon serenidad, sin generar discusiones personales y nuestra posici\u00f3n ser\u00e1 la misma que tuvo el Presidente en la reuni\u00f3n del Mercosur. Hay una clara situaci\u00f3n que por todo el mundo es conocida y ahora el pueblo de Venezuela tambi\u00e9n ha demostrado su postura\u00bb.<\/div>\n<div>Al ser consultada sobre una futura visita de Mauricio Macri a Chile, si bien no confirm\u00f3 una fecha, evalu\u00f3 que es probable que se pueda concretar durante el segundo semestre de este a\u00f1o.<\/div>\n<div><\/div>\n<p>&nbsp;<\/p>\n","protected":false},"excerpt":{"rendered":"<p>La vicepresidenta argentina, Gabriela Michetti, expres\u00f3 luego de reunirse en Chile con la presidenta de ese pa\u00eds, Michelle Bachelet, que [&hellip;]<\/p>\n","protected":false},"author":2,"featured_media":0,"comment_status":"closed","ping_status":"closed","sticky":false,"template":"","format":"standard","meta":{"site-sidebar-layout":"default","site-content-layout":"","ast-site-content-layout":"default","site-content-style":"default","site-sidebar-style":"default","ast-global-header-display":"","ast-banner-title-visibility":"","ast-main-header-display":"","ast-hfb-above-header-display":"","ast-hfb-below-header-display":"","ast-hfb-mobile-header-display":"","site-post-title":"","ast-breadcrumbs-content":"","ast-featured-img":"","footer-sml-layout":"","ast-disable-related-posts":"","theme-transparent-header-meta":"","adv-header-id-meta":"","stick-header-meta":"","header-above-stick-meta":"","header-main-stick-meta":"","header-below-stick-meta":"","astra-migrate-meta-layouts":"default","ast-page-background-enabled":"default","ast-page-background-meta":{"desktop":{"background-color":"var(--ast-global-color-5)","background-image":"","background-repeat":"repeat","background-position":"center center","background-size":"auto","background-attachment":"scroll","background-type":"","background-media":"","overlay-type":"","overlay-color":"","overlay-opacity":"","overlay-gradient":""},"tablet":{"background-color":"","background-image":"","background-repeat":"repeat","background-position":"center center","background-size":"auto","background-attachment":"scroll","background-type":"","background-media":"","overlay-type":"","overlay-color":"","overlay-opacity":"","overlay-gradient":""},"mobile":{"background-color":"","background-image":"","background-repeat":"repeat","background-position":"center center","background-size":"auto","background-attachment":"scroll","background-type":"","background-media":"","overlay-type":"","overlay-color":"","overlay-opacity":"","overlay-gradient":""}},"ast-content-background-meta":{"desktop":{"background-color":"var(--ast-global-color-4)","background-image":"","background-repeat":"repeat","background-position":"center center","background-size":"auto","background-attachment":"scroll","background-type":"","background-media":"","overlay-type":"","overlay-color":"","overlay-opacity":"","overlay-gradient":""},"tablet":{"background-color":"var(--ast-global-color-4)","background-image":"","background-repeat":"repeat","background-position":"center center","background-size":"auto","background-attachment":"scroll","background-type":"","background-media":"","overlay-type":"","overlay-color":"","overlay-opacity":"","overlay-gradient":""},"mobile":{"background-color":"var(--ast-global-color-4)","background-image":"","background-repeat":"repeat","background-position":"center center","background-size":"auto","background-attachment":"scroll","background-type":"","background-media":"","overlay-type":"","overlay-color":"","overlay-opacity":"","overlay-gradient":""}},"footnotes":""},"categories":[1],"tags":[],"class_list":["post-16484","post","type-post","status-publish","format-standard","hentry","category-noticias"],"yoast_head":"<!-- This site is optimized with the Yoast SEO Premium plugin v23.0 (Yoast SEO v27.5) - https:\/\/yoast.com\/product\/yoast-seo-premium-wordpress\/ -->\n<title>Naci\u00f3n busca intensificar las relaciones con Chile en medio ambiente y la integraci\u00f3n energ\u00e9tica<\/title>\n<meta name=\"robots\" content=\"index, follow, max-snippet:-1, max-image-preview:large, max-video-preview:-1\" \/>\n<link rel=\"canonical\" href=\"https:\/\/patagoniambiental.com.ar\/info\/nacion-busca-intensificar-las-relaciones-con-chile-en-medio-ambiente-y-la-integracion-energetica\/\" \/>\n<meta property=\"og:locale\" content=\"es_ES\" \/>\n<meta property=\"og:type\" content=\"article\" \/>\n<meta property=\"og:title\" content=\"Naci\u00f3n busca intensificar las relaciones con Chile en medio ambiente y la integraci\u00f3n energ\u00e9tica\" \/>\n<meta property=\"og:description\" content=\"La vicepresidenta argentina, Gabriela Michetti, expres\u00f3 luego de reunirse en Chile con la presidenta de ese pa\u00eds, Michelle Bachelet, que [&hellip;]\" \/>\n<meta property=\"og:url\" content=\"https:\/\/patagoniambiental.com.ar\/info\/nacion-busca-intensificar-las-relaciones-con-chile-en-medio-ambiente-y-la-integracion-energetica\/\" \/>\n<meta property=\"og:site_name\" content=\"Patagonia Ambiental\" \/>\n<meta property=\"article:publisher\" content=\"https:\/\/www.facebook.com\/patagonia.ambiental\" \/>\n<meta property=\"article:author\" content=\"https:\/\/www.facebook.com\/share\/1C1V8Gv9BX\/?mibextid=qi2Omg\" \/>\n<meta property=\"article:published_time\" content=\"2016-01-27T12:00:15+00:00\" \/>\n<meta name=\"author\" content=\"Patagonia Ambiental\" \/>\n<meta name=\"twitter:card\" content=\"summary_large_image\" \/>\n<meta name=\"twitter:creator\" content=\"@PatAmb\" \/>\n<meta name=\"twitter:site\" content=\"@PatAmb\" \/>\n<script type=\"application\/ld+json\" class=\"yoast-schema-graph\">{\"@context\":\"https:\\\/\\\/schema.org\",\"@graph\":[{\"@type\":\"Article\",\"@id\":\"https:\\\/\\\/patagoniambiental.com.ar\\\/info\\\/nacion-busca-intensificar-las-relaciones-con-chile-en-medio-ambiente-y-la-integracion-energetica\\\/#article\",\"isPartOf\":{\"@id\":\"https:\\\/\\\/patagoniambiental.com.ar\\\/info\\\/nacion-busca-intensificar-las-relaciones-con-chile-en-medio-ambiente-y-la-integracion-energetica\\\/\"},\"author\":{\"name\":\"Patagonia Ambiental\",\"@id\":\"https:\\\/\\\/patagoniambiental.com.ar\\\/info\\\/#\\\/schema\\\/person\\\/db12bff64bbcbf6a253710bf0ea37b5d\"},\"headline\":\"Naci\u00f3n busca intensificar las relaciones con Chile en medio ambiente y la integraci\u00f3n energ\u00e9tica\",\"datePublished\":\"2016-01-27T12:00:15+00:00\",\"mainEntityOfPage\":{\"@id\":\"https:\\\/\\\/patagoniambiental.com.ar\\\/info\\\/nacion-busca-intensificar-las-relaciones-con-chile-en-medio-ambiente-y-la-integracion-energetica\\\/\"},\"wordCount\":530,\"publisher\":{\"@id\":\"https:\\\/\\\/patagoniambiental.com.ar\\\/info\\\/#organization\"},\"articleSection\":[\"Noticias\"],\"inLanguage\":\"es\"},{\"@type\":\"WebPage\",\"@id\":\"https:\\\/\\\/patagoniambiental.com.ar\\\/info\\\/nacion-busca-intensificar-las-relaciones-con-chile-en-medio-ambiente-y-la-integracion-energetica\\\/\",\"url\":\"https:\\\/\\\/patagoniambiental.com.ar\\\/info\\\/nacion-busca-intensificar-las-relaciones-con-chile-en-medio-ambiente-y-la-integracion-energetica\\\/\",\"name\":\"Naci\u00f3n busca intensificar las relaciones con Chile en medio ambiente y la integraci\u00f3n energ\u00e9tica\",\"isPartOf\":{\"@id\":\"https:\\\/\\\/patagoniambiental.com.ar\\\/info\\\/#website\"},\"datePublished\":\"2016-01-27T12:00:15+00:00\",\"breadcrumb\":{\"@id\":\"https:\\\/\\\/patagoniambiental.com.ar\\\/info\\\/nacion-busca-intensificar-las-relaciones-con-chile-en-medio-ambiente-y-la-integracion-energetica\\\/#breadcrumb\"},\"inLanguage\":\"es\",\"potentialAction\":[{\"@type\":\"ReadAction\",\"target\":[\"https:\\\/\\\/patagoniambiental.com.ar\\\/info\\\/nacion-busca-intensificar-las-relaciones-con-chile-en-medio-ambiente-y-la-integracion-energetica\\\/\"]}]},{\"@type\":\"BreadcrumbList\",\"@id\":\"https:\\\/\\\/patagoniambiental.com.ar\\\/info\\\/nacion-busca-intensificar-las-relaciones-con-chile-en-medio-ambiente-y-la-integracion-energetica\\\/#breadcrumb\",\"itemListElement\":[{\"@type\":\"ListItem\",\"position\":1,\"name\":\"Inicio\",\"item\":\"https:\\\/\\\/patagoniambiental.com.ar\\\/info\\\/\"},{\"@type\":\"ListItem\",\"position\":2,\"name\":\"Naci\u00f3n busca intensificar las relaciones con Chile en medio ambiente y la integraci\u00f3n energ\u00e9tica\"}]},{\"@type\":\"WebSite\",\"@id\":\"https:\\\/\\\/patagoniambiental.com.ar\\\/info\\\/#website\",\"url\":\"https:\\\/\\\/patagoniambiental.com.ar\\\/info\\\/\",\"name\":\"Patagonia Ambiental\",\"description\":\"Monitoreo y an\u00e1lisis de la situaci\u00f3n geopol\u00edtica en el mundo y su implicancia en la Patagonia\",\"publisher\":{\"@id\":\"https:\\\/\\\/patagoniambiental.com.ar\\\/info\\\/#organization\"},\"potentialAction\":[{\"@type\":\"SearchAction\",\"target\":{\"@type\":\"EntryPoint\",\"urlTemplate\":\"https:\\\/\\\/patagoniambiental.com.ar\\\/info\\\/?s={search_term_string}\"},\"query-input\":{\"@type\":\"PropertyValueSpecification\",\"valueRequired\":true,\"valueName\":\"search_term_string\"}}],\"inLanguage\":\"es\"},{\"@type\":\"Organization\",\"@id\":\"https:\\\/\\\/patagoniambiental.com.ar\\\/info\\\/#organization\",\"name\":\"Patagonia Ambiental\",\"url\":\"https:\\\/\\\/patagoniambiental.com.ar\\\/info\\\/\",\"logo\":{\"@type\":\"ImageObject\",\"inLanguage\":\"es\",\"@id\":\"https:\\\/\\\/patagoniambiental.com.ar\\\/info\\\/#\\\/schema\\\/logo\\\/image\\\/\",\"url\":\"https:\\\/\\\/patagoniambiental.com.ar\\\/info\\\/wp-content\\\/uploads\\\/2025\\\/05\\\/LOGO-PATAGONIA-AMBIENTAL.png\",\"contentUrl\":\"https:\\\/\\\/patagoniambiental.com.ar\\\/info\\\/wp-content\\\/uploads\\\/2025\\\/05\\\/LOGO-PATAGONIA-AMBIENTAL.png\",\"width\":433,\"height\":250,\"caption\":\"Patagonia Ambiental\"},\"image\":{\"@id\":\"https:\\\/\\\/patagoniambiental.com.ar\\\/info\\\/#\\\/schema\\\/logo\\\/image\\\/\"},\"sameAs\":[\"https:\\\/\\\/www.facebook.com\\\/patagonia.ambiental\",\"https:\\\/\\\/x.com\\\/PatAmb\"]},{\"@type\":\"Person\",\"@id\":\"https:\\\/\\\/patagoniambiental.com.ar\\\/info\\\/#\\\/schema\\\/person\\\/db12bff64bbcbf6a253710bf0ea37b5d\",\"name\":\"Patagonia Ambiental\",\"description\":\"Andr\u00e9s Nievas T\u00e9cnico en manejo ambiental, consultor Ambiental y escritor para medios locales e internacionales sobre temas de geopolitica y medio ambiente.\",\"sameAs\":[\"http:\\\/\\\/www.patagoniambiental.com.ar\",\"https:\\\/\\\/www.facebook.com\\\/share\\\/1C1V8Gv9BX\\\/?mibextid=qi2Omg\",\"@patagoniambiental\",\"https:\\\/\\\/youtube.com\\\/@patagoniaambiental2023?si=BLt58t0wuXquxlYZ\"]}]}<\/script>\n<!-- \/ Yoast SEO Premium plugin. -->","yoast_head_json":{"title":"Naci\u00f3n busca intensificar las relaciones con Chile en medio ambiente y la integraci\u00f3n energ\u00e9tica","robots":{"index":"index","follow":"follow","max-snippet":"max-snippet:-1","max-image-preview":"max-image-preview:large","max-video-preview":"max-video-preview:-1"},"canonical":"https:\/\/patagoniambiental.com.ar\/info\/nacion-busca-intensificar-las-relaciones-con-chile-en-medio-ambiente-y-la-integracion-energetica\/","og_locale":"es_ES","og_type":"article","og_title":"Naci\u00f3n busca intensificar las relaciones con Chile en medio ambiente y la integraci\u00f3n energ\u00e9tica","og_description":"La vicepresidenta argentina, Gabriela Michetti, expres\u00f3 luego de reunirse en Chile con la presidenta de ese pa\u00eds, Michelle Bachelet, que [&hellip;]","og_url":"https:\/\/patagoniambiental.com.ar\/info\/nacion-busca-intensificar-las-relaciones-con-chile-en-medio-ambiente-y-la-integracion-energetica\/","og_site_name":"Patagonia Ambiental","article_publisher":"https:\/\/www.facebook.com\/patagonia.ambiental","article_author":"https:\/\/www.facebook.com\/share\/1C1V8Gv9BX\/?mibextid=qi2Omg","article_published_time":"2016-01-27T12:00:15+00:00","author":"Patagonia Ambiental","twitter_card":"summary_large_image","twitter_creator":"@PatAmb","twitter_site":"@PatAmb","schema":{"@context":"https:\/\/schema.org","@graph":[{"@type":"Article","@id":"https:\/\/patagoniambiental.com.ar\/info\/nacion-busca-intensificar-las-relaciones-con-chile-en-medio-ambiente-y-la-integracion-energetica\/#article","isPartOf":{"@id":"https:\/\/patagoniambiental.com.ar\/info\/nacion-busca-intensificar-las-relaciones-con-chile-en-medio-ambiente-y-la-integracion-energetica\/"},"author":{"name":"Patagonia Ambiental","@id":"https:\/\/patagoniambiental.com.ar\/info\/#\/schema\/person\/db12bff64bbcbf6a253710bf0ea37b5d"},"headline":"Naci\u00f3n busca intensificar las relaciones con Chile en medio ambiente y la integraci\u00f3n energ\u00e9tica","datePublished":"2016-01-27T12:00:15+00:00","mainEntityOfPage":{"@id":"https:\/\/patagoniambiental.com.ar\/info\/nacion-busca-intensificar-las-relaciones-con-chile-en-medio-ambiente-y-la-integracion-energetica\/"},"wordCount":530,"publisher":{"@id":"https:\/\/patagoniambiental.com.ar\/info\/#organization"},"articleSection":["Noticias"],"inLanguage":"es"},{"@type":"WebPage","@id":"https:\/\/patagoniambiental.com.ar\/info\/nacion-busca-intensificar-las-relaciones-con-chile-en-medio-ambiente-y-la-integracion-energetica\/","url":"https:\/\/patagoniambiental.com.ar\/info\/nacion-busca-intensificar-las-relaciones-con-chile-en-medio-ambiente-y-la-integracion-energetica\/","name":"Naci\u00f3n busca intensificar las relaciones con Chile en medio ambiente y la integraci\u00f3n energ\u00e9tica","isPartOf":{"@id":"https:\/\/patagoniambiental.com.ar\/info\/#website"},"datePublished":"2016-01-27T12:00:15+00:00","breadcrumb":{"@id":"https:\/\/patagoniambiental.com.ar\/info\/nacion-busca-intensificar-las-relaciones-con-chile-en-medio-ambiente-y-la-integracion-energetica\/#breadcrumb"},"inLanguage":"es","potentialAction":[{"@type":"ReadAction","target":["https:\/\/patagoniambiental.com.ar\/info\/nacion-busca-intensificar-las-relaciones-con-chile-en-medio-ambiente-y-la-integracion-energetica\/"]}]},{"@type":"BreadcrumbList","@id":"https:\/\/patagoniambiental.com.ar\/info\/nacion-busca-intensificar-las-relaciones-con-chile-en-medio-ambiente-y-la-integracion-energetica\/#breadcrumb","itemListElement":[{"@type":"ListItem","position":1,"name":"Inicio","item":"https:\/\/patagoniambiental.com.ar\/info\/"},{"@type":"ListItem","position":2,"name":"Naci\u00f3n busca intensificar las relaciones con Chile en medio ambiente y la integraci\u00f3n energ\u00e9tica"}]},{"@type":"WebSite","@id":"https:\/\/patagoniambiental.com.ar\/info\/#website","url":"https:\/\/patagoniambiental.com.ar\/info\/","name":"Patagonia Ambiental","description":"Monitoreo y an\u00e1lisis de la situaci\u00f3n geopol\u00edtica en el mundo y su implicancia en la Patagonia","publisher":{"@id":"https:\/\/patagoniambiental.com.ar\/info\/#organization"},"potentialAction":[{"@type":"SearchAction","target":{"@type":"EntryPoint","urlTemplate":"https:\/\/patagoniambiental.com.ar\/info\/?s={search_term_string}"},"query-input":{"@type":"PropertyValueSpecification","valueRequired":true,"valueName":"search_term_string"}}],"inLanguage":"es"},{"@type":"Organization","@id":"https:\/\/patagoniambiental.com.ar\/info\/#organization","name":"Patagonia Ambiental","url":"https:\/\/patagoniambiental.com.ar\/info\/","logo":{"@type":"ImageObject","inLanguage":"es","@id":"https:\/\/patagoniambiental.com.ar\/info\/#\/schema\/logo\/image\/","url":"https:\/\/patagoniambiental.com.ar\/info\/wp-content\/uploads\/2025\/05\/LOGO-PATAGONIA-AMBIENTAL.png","contentUrl":"https:\/\/patagoniambiental.com.ar\/info\/wp-content\/uploads\/2025\/05\/LOGO-PATAGONIA-AMBIENTAL.png","width":433,"height":250,"caption":"Patagonia Ambiental"},"image":{"@id":"https:\/\/patagoniambiental.com.ar\/info\/#\/schema\/logo\/image\/"},"sameAs":["https:\/\/www.facebook.com\/patagonia.ambiental","https:\/\/x.com\/PatAmb"]},{"@type":"Person","@id":"https:\/\/patagoniambiental.com.ar\/info\/#\/schema\/person\/db12bff64bbcbf6a253710bf0ea37b5d","name":"Patagonia Ambiental","description":"Andr\u00e9s Nievas T\u00e9cnico en manejo ambiental, consultor Ambiental y escritor para medios locales e internacionales sobre temas de geopolitica y medio ambiente.","sameAs":["http:\/\/www.patagoniambiental.com.ar","https:\/\/www.facebook.com\/share\/1C1V8Gv9BX\/?mibextid=qi2Omg","@patagoniambiental","https:\/\/youtube.com\/@patagoniaambiental2023?si=BLt58t0wuXquxlYZ"]}]}},"_links":{"self":[{"href":"https:\/\/patagoniambiental.com.ar\/info\/wp-json\/wp\/v2\/posts\/16484","targetHints":{"allow":["GET"]}}],"collection":[{"href":"https:\/\/patagoniambiental.com.ar\/info\/wp-json\/wp\/v2\/posts"}],"about":[{"href":"https:\/\/patagoniambiental.com.ar\/info\/wp-json\/wp\/v2\/types\/post"}],"author":[{"embeddable":true,"href":"https:\/\/patagoniambiental.com.ar\/info\/wp-json\/wp\/v2\/users\/2"}],"replies":[{"embeddable":true,"href":"https:\/\/patagoniambiental.com.ar\/info\/wp-json\/wp\/v2\/comments?post=16484"}],"version-history":[{"count":0,"href":"https:\/\/patagoniambiental.com.ar\/info\/wp-json\/wp\/v2\/posts\/16484\/revisions"}],"wp:attachment":[{"href":"https:\/\/patagoniambiental.com.ar\/info\/wp-json\/wp\/v2\/media?parent=16484"}],"wp:term":[{"taxonomy":"category","embeddable":true,"href":"https:\/\/patagoniambiental.com.ar\/info\/wp-json\/wp\/v2\/categories?post=16484"},{"taxonomy":"post_tag","embeddable":true,"href":"https:\/\/patagoniambiental.com.ar\/info\/wp-json\/wp\/v2\/tags?post=16484"}],"curies":[{"name":"wp","href":"https:\/\/api.w.org\/{rel}","templated":true}]}}