{"id":16490,"date":"2016-01-28T09:00:07","date_gmt":"2016-01-28T12:00:07","guid":{"rendered":"http:\/\/patagoniambiental.com.ar\/?p=16490"},"modified":"2016-01-28T09:00:07","modified_gmt":"2016-01-28T12:00:07","slug":"senadora-neuquina-avanza-en-relacion-bilateral-con-los-emiratos-arabes-en-materia-de-energias-renovables","status":"publish","type":"post","link":"https:\/\/patagoniambiental.com.ar\/info\/senadora-neuquina-avanza-en-relacion-bilateral-con-los-emiratos-arabes-en-materia-de-energias-renovables\/","title":{"rendered":"Senadora neuquina avanza en relaci\u00f3n bilateral con los Emiratos \u00c1rabes en materia de energ\u00edas renovables"},"content":{"rendered":"<p>La senadora neuquina (MPN) Lucila Crexell se reuni\u00f3 en Abu Dhabi con el ministro de Relaciones Exteriores de los Emiratos \u00c1rabes, con quien avanz\u00f3 en la construcci\u00f3n de una relaci\u00f3n bilateral sustentable y promover el desarrollo de energ\u00edas renovables.<span id=\"more-43873\"><\/span><\/p>\n<p>El encuentro con el jeque Abdullah Bin Zayed Al Nahyan se concret\u00f3 durante el desarrollo de la Semana de la Sostenibilidad (fue del 18 al 21), y precedi\u00f3 al viaje que el funcionario de Emiratos \u00c1rabes har\u00e1 a la Argentina para suscribir, con Neuqu\u00e9n, el contrato del pr\u00e9stamo otorgado por el Fondo para el Desarrollo de Abu Dhabi para financiar el 85% de la obra Proyecto Hidroel\u00e9ctrico Nahueve.<\/p>\n<p>\u201cEs un paso muy importante para la construcci\u00f3n de una relaci\u00f3n bilateral con Emiratos \u00c1rabes, un pa\u00eds que ha iniciado una reconversi\u00f3n energ\u00e9tica exitosa, y de ser netamente petrolero hoy es uno de los mayores desarrolladores de tecnolog\u00edas de energ\u00edas renovables\u201d, sostuvo la senadora nacional.<\/p>\n<p>Destac\u00f3 que los Emiratos cuentan con fondos para invertir en energ\u00edas limpias, y que esto coincide con el objetivo hecho de que Neuqu\u00e9n es una gran \u201cacreedora de fuentes primarias de energ\u00eda\u201d.<\/p>\n<p>Adem\u00e1s de la reuni\u00f3n con el Ministro de Relaciones Exteriores de EAU, la senadora del Movimiento Popular Neuquino particip\u00f3 de encuentros de trabajo con el Pr\u00edncipe Heredero de Abu Dhabi y vicecomandante supremo de las Fuerzas Armadas de los EAU, su Alteza el Jeque Mohammed Bin Zayed Al Nahyan, y con el Ministro de Econom\u00eda, el Sultan Bin Saeed Al Mansouri.<\/p>\n","protected":false},"excerpt":{"rendered":"<p>La senadora neuquina (MPN) Lucila Crexell se reuni\u00f3 en Abu Dhabi con el ministro de Relaciones Exteriores de los Emiratos [&hellip;]<\/p>\n","protected":false},"author":2,"featured_media":0,"comment_status":"closed","ping_status":"closed","sticky":false,"template":"","format":"standard","meta":{"site-sidebar-layout":"default","site-content-layout":"","ast-site-content-layout":"default","site-content-style":"default","site-sidebar-style":"default","ast-global-header-display":"","ast-banner-title-visibility":"","ast-main-header-display":"","ast-hfb-above-header-display":"","ast-hfb-below-header-display":"","ast-hfb-mobile-header-display":"","site-post-title":"","ast-breadcrumbs-content":"","ast-featured-img":"","footer-sml-layout":"","ast-disable-related-posts":"","theme-transparent-header-meta":"","adv-header-id-meta":"","stick-header-meta":"","header-above-stick-meta":"","header-main-stick-meta":"","header-below-stick-meta":"","astra-migrate-meta-layouts":"default","ast-page-background-enabled":"default","ast-page-background-meta":{"desktop":{"background-color":"var(--ast-global-color-5)","background-image":"","background-repeat":"repeat","background-position":"center center","background-size":"auto","background-attachment":"scroll","background-type":"","background-media":"","overlay-type":"","overlay-color":"","overlay-opacity":"","overlay-gradient":""},"tablet":{"background-color":"","background-image":"","background-repeat":"repeat","background-position":"center center","background-size":"auto","background-attachment":"scroll","background-type":"","background-media":"","overlay-type":"","overlay-color":"","overlay-opacity":"","overlay-gradient":""},"mobile":{"background-color":"","background-image":"","background-repeat":"repeat","background-position":"center center","background-size":"auto","background-attachment":"scroll","background-type":"","background-media":"","overlay-type":"","overlay-color":"","overlay-opacity":"","overlay-gradient":""}},"ast-content-background-meta":{"desktop":{"background-color":"var(--ast-global-color-4)","background-image":"","background-repeat":"repeat","background-position":"center center","background-size":"auto","background-attachment":"scroll","background-type":"","background-media":"","overlay-type":"","overlay-color":"","overlay-opacity":"","overlay-gradient":""},"tablet":{"background-color":"var(--ast-global-color-4)","background-image":"","background-repeat":"repeat","background-position":"center center","background-size":"auto","background-attachment":"scroll","background-type":"","background-media":"","overlay-type":"","overlay-color":"","overlay-opacity":"","overlay-gradient":""},"mobile":{"background-color":"var(--ast-global-color-4)","background-image":"","background-repeat":"repeat","background-position":"center center","background-size":"auto","background-attachment":"scroll","background-type":"","background-media":"","overlay-type":"","overlay-color":"","overlay-opacity":"","overlay-gradient":""}},"footnotes":""},"categories":[1],"tags":[],"class_list":["post-16490","post","type-post","status-publish","format-standard","hentry","category-noticias"],"yoast_head":"<!-- This site is optimized with the Yoast SEO Premium plugin v23.0 (Yoast SEO v27.5) - https:\/\/yoast.com\/product\/yoast-seo-premium-wordpress\/ -->\n<title>Senadora neuquina avanza en relaci\u00f3n bilateral con los Emiratos \u00c1rabes en materia de energ\u00edas renovables<\/title>\n<meta name=\"robots\" content=\"index, follow, max-snippet:-1, max-image-preview:large, max-video-preview:-1\" \/>\n<link rel=\"canonical\" href=\"https:\/\/patagoniambiental.com.ar\/info\/senadora-neuquina-avanza-en-relacion-bilateral-con-los-emiratos-arabes-en-materia-de-energias-renovables\/\" \/>\n<meta property=\"og:locale\" content=\"es_ES\" \/>\n<meta property=\"og:type\" content=\"article\" \/>\n<meta property=\"og:title\" content=\"Senadora neuquina avanza en relaci\u00f3n bilateral con los Emiratos \u00c1rabes en materia de energ\u00edas renovables\" \/>\n<meta property=\"og:description\" content=\"La senadora neuquina (MPN) Lucila Crexell se reuni\u00f3 en Abu Dhabi con el ministro de Relaciones Exteriores de los Emiratos [&hellip;]\" \/>\n<meta property=\"og:url\" content=\"https:\/\/patagoniambiental.com.ar\/info\/senadora-neuquina-avanza-en-relacion-bilateral-con-los-emiratos-arabes-en-materia-de-energias-renovables\/\" \/>\n<meta property=\"og:site_name\" content=\"Patagonia Ambiental\" \/>\n<meta property=\"article:publisher\" content=\"https:\/\/www.facebook.com\/patagonia.ambiental\" \/>\n<meta property=\"article:author\" content=\"https:\/\/www.facebook.com\/share\/1C1V8Gv9BX\/?mibextid=qi2Omg\" \/>\n<meta property=\"article:published_time\" content=\"2016-01-28T12:00:07+00:00\" \/>\n<meta name=\"author\" content=\"Patagonia Ambiental\" \/>\n<meta name=\"twitter:card\" content=\"summary_large_image\" \/>\n<meta name=\"twitter:creator\" content=\"@PatAmb\" \/>\n<meta name=\"twitter:site\" content=\"@PatAmb\" \/>\n<script type=\"application\/ld+json\" class=\"yoast-schema-graph\">{\"@context\":\"https:\\\/\\\/schema.org\",\"@graph\":[{\"@type\":\"Article\",\"@id\":\"https:\\\/\\\/patagoniambiental.com.ar\\\/info\\\/senadora-neuquina-avanza-en-relacion-bilateral-con-los-emiratos-arabes-en-materia-de-energias-renovables\\\/#article\",\"isPartOf\":{\"@id\":\"https:\\\/\\\/patagoniambiental.com.ar\\\/info\\\/senadora-neuquina-avanza-en-relacion-bilateral-con-los-emiratos-arabes-en-materia-de-energias-renovables\\\/\"},\"author\":{\"name\":\"Patagonia Ambiental\",\"@id\":\"https:\\\/\\\/patagoniambiental.com.ar\\\/info\\\/#\\\/schema\\\/person\\\/db12bff64bbcbf6a253710bf0ea37b5d\"},\"headline\":\"Senadora neuquina avanza en relaci\u00f3n bilateral con los Emiratos \u00c1rabes en materia de energ\u00edas renovables\",\"datePublished\":\"2016-01-28T12:00:07+00:00\",\"mainEntityOfPage\":{\"@id\":\"https:\\\/\\\/patagoniambiental.com.ar\\\/info\\\/senadora-neuquina-avanza-en-relacion-bilateral-con-los-emiratos-arabes-en-materia-de-energias-renovables\\\/\"},\"wordCount\":279,\"publisher\":{\"@id\":\"https:\\\/\\\/patagoniambiental.com.ar\\\/info\\\/#organization\"},\"articleSection\":[\"Noticias\"],\"inLanguage\":\"es\"},{\"@type\":\"WebPage\",\"@id\":\"https:\\\/\\\/patagoniambiental.com.ar\\\/info\\\/senadora-neuquina-avanza-en-relacion-bilateral-con-los-emiratos-arabes-en-materia-de-energias-renovables\\\/\",\"url\":\"https:\\\/\\\/patagoniambiental.com.ar\\\/info\\\/senadora-neuquina-avanza-en-relacion-bilateral-con-los-emiratos-arabes-en-materia-de-energias-renovables\\\/\",\"name\":\"Senadora neuquina avanza en relaci\u00f3n bilateral con los Emiratos \u00c1rabes en materia de energ\u00edas renovables\",\"isPartOf\":{\"@id\":\"https:\\\/\\\/patagoniambiental.com.ar\\\/info\\\/#website\"},\"datePublished\":\"2016-01-28T12:00:07+00:00\",\"breadcrumb\":{\"@id\":\"https:\\\/\\\/patagoniambiental.com.ar\\\/info\\\/senadora-neuquina-avanza-en-relacion-bilateral-con-los-emiratos-arabes-en-materia-de-energias-renovables\\\/#breadcrumb\"},\"inLanguage\":\"es\",\"potentialAction\":[{\"@type\":\"ReadAction\",\"target\":[\"https:\\\/\\\/patagoniambiental.com.ar\\\/info\\\/senadora-neuquina-avanza-en-relacion-bilateral-con-los-emiratos-arabes-en-materia-de-energias-renovables\\\/\"]}]},{\"@type\":\"BreadcrumbList\",\"@id\":\"https:\\\/\\\/patagoniambiental.com.ar\\\/info\\\/senadora-neuquina-avanza-en-relacion-bilateral-con-los-emiratos-arabes-en-materia-de-energias-renovables\\\/#breadcrumb\",\"itemListElement\":[{\"@type\":\"ListItem\",\"position\":1,\"name\":\"Inicio\",\"item\":\"https:\\\/\\\/patagoniambiental.com.ar\\\/info\\\/\"},{\"@type\":\"ListItem\",\"position\":2,\"name\":\"Senadora neuquina avanza en relaci\u00f3n bilateral con los Emiratos \u00c1rabes en materia de energ\u00edas renovables\"}]},{\"@type\":\"WebSite\",\"@id\":\"https:\\\/\\\/patagoniambiental.com.ar\\\/info\\\/#website\",\"url\":\"https:\\\/\\\/patagoniambiental.com.ar\\\/info\\\/\",\"name\":\"Patagonia Ambiental\",\"description\":\"Monitoreo y an\u00e1lisis de la situaci\u00f3n geopol\u00edtica en el mundo y su implicancia en la Patagonia\",\"publisher\":{\"@id\":\"https:\\\/\\\/patagoniambiental.com.ar\\\/info\\\/#organization\"},\"potentialAction\":[{\"@type\":\"SearchAction\",\"target\":{\"@type\":\"EntryPoint\",\"urlTemplate\":\"https:\\\/\\\/patagoniambiental.com.ar\\\/info\\\/?s={search_term_string}\"},\"query-input\":{\"@type\":\"PropertyValueSpecification\",\"valueRequired\":true,\"valueName\":\"search_term_string\"}}],\"inLanguage\":\"es\"},{\"@type\":\"Organization\",\"@id\":\"https:\\\/\\\/patagoniambiental.com.ar\\\/info\\\/#organization\",\"name\":\"Patagonia Ambiental\",\"url\":\"https:\\\/\\\/patagoniambiental.com.ar\\\/info\\\/\",\"logo\":{\"@type\":\"ImageObject\",\"inLanguage\":\"es\",\"@id\":\"https:\\\/\\\/patagoniambiental.com.ar\\\/info\\\/#\\\/schema\\\/logo\\\/image\\\/\",\"url\":\"https:\\\/\\\/patagoniambiental.com.ar\\\/info\\\/wp-content\\\/uploads\\\/2025\\\/05\\\/LOGO-PATAGONIA-AMBIENTAL.png\",\"contentUrl\":\"https:\\\/\\\/patagoniambiental.com.ar\\\/info\\\/wp-content\\\/uploads\\\/2025\\\/05\\\/LOGO-PATAGONIA-AMBIENTAL.png\",\"width\":433,\"height\":250,\"caption\":\"Patagonia Ambiental\"},\"image\":{\"@id\":\"https:\\\/\\\/patagoniambiental.com.ar\\\/info\\\/#\\\/schema\\\/logo\\\/image\\\/\"},\"sameAs\":[\"https:\\\/\\\/www.facebook.com\\\/patagonia.ambiental\",\"https:\\\/\\\/x.com\\\/PatAmb\"]},{\"@type\":\"Person\",\"@id\":\"https:\\\/\\\/patagoniambiental.com.ar\\\/info\\\/#\\\/schema\\\/person\\\/db12bff64bbcbf6a253710bf0ea37b5d\",\"name\":\"Patagonia Ambiental\",\"description\":\"Andr\u00e9s Nievas T\u00e9cnico en manejo ambiental, consultor Ambiental y escritor para medios locales e internacionales sobre temas de geopolitica y medio ambiente.\",\"sameAs\":[\"http:\\\/\\\/www.patagoniambiental.com.ar\",\"https:\\\/\\\/www.facebook.com\\\/share\\\/1C1V8Gv9BX\\\/?mibextid=qi2Omg\",\"@patagoniambiental\",\"https:\\\/\\\/youtube.com\\\/@patagoniaambiental2023?si=BLt58t0wuXquxlYZ\"]}]}<\/script>\n<!-- \/ Yoast SEO Premium plugin. -->","yoast_head_json":{"title":"Senadora neuquina avanza en relaci\u00f3n bilateral con los Emiratos \u00c1rabes en materia de energ\u00edas renovables","robots":{"index":"index","follow":"follow","max-snippet":"max-snippet:-1","max-image-preview":"max-image-preview:large","max-video-preview":"max-video-preview:-1"},"canonical":"https:\/\/patagoniambiental.com.ar\/info\/senadora-neuquina-avanza-en-relacion-bilateral-con-los-emiratos-arabes-en-materia-de-energias-renovables\/","og_locale":"es_ES","og_type":"article","og_title":"Senadora neuquina avanza en relaci\u00f3n bilateral con los Emiratos \u00c1rabes en materia de energ\u00edas renovables","og_description":"La senadora neuquina (MPN) Lucila Crexell se reuni\u00f3 en Abu Dhabi con el ministro de Relaciones Exteriores de los Emiratos [&hellip;]","og_url":"https:\/\/patagoniambiental.com.ar\/info\/senadora-neuquina-avanza-en-relacion-bilateral-con-los-emiratos-arabes-en-materia-de-energias-renovables\/","og_site_name":"Patagonia Ambiental","article_publisher":"https:\/\/www.facebook.com\/patagonia.ambiental","article_author":"https:\/\/www.facebook.com\/share\/1C1V8Gv9BX\/?mibextid=qi2Omg","article_published_time":"2016-01-28T12:00:07+00:00","author":"Patagonia Ambiental","twitter_card":"summary_large_image","twitter_creator":"@PatAmb","twitter_site":"@PatAmb","schema":{"@context":"https:\/\/schema.org","@graph":[{"@type":"Article","@id":"https:\/\/patagoniambiental.com.ar\/info\/senadora-neuquina-avanza-en-relacion-bilateral-con-los-emiratos-arabes-en-materia-de-energias-renovables\/#article","isPartOf":{"@id":"https:\/\/patagoniambiental.com.ar\/info\/senadora-neuquina-avanza-en-relacion-bilateral-con-los-emiratos-arabes-en-materia-de-energias-renovables\/"},"author":{"name":"Patagonia Ambiental","@id":"https:\/\/patagoniambiental.com.ar\/info\/#\/schema\/person\/db12bff64bbcbf6a253710bf0ea37b5d"},"headline":"Senadora neuquina avanza en relaci\u00f3n bilateral con los Emiratos \u00c1rabes en materia de energ\u00edas renovables","datePublished":"2016-01-28T12:00:07+00:00","mainEntityOfPage":{"@id":"https:\/\/patagoniambiental.com.ar\/info\/senadora-neuquina-avanza-en-relacion-bilateral-con-los-emiratos-arabes-en-materia-de-energias-renovables\/"},"wordCount":279,"publisher":{"@id":"https:\/\/patagoniambiental.com.ar\/info\/#organization"},"articleSection":["Noticias"],"inLanguage":"es"},{"@type":"WebPage","@id":"https:\/\/patagoniambiental.com.ar\/info\/senadora-neuquina-avanza-en-relacion-bilateral-con-los-emiratos-arabes-en-materia-de-energias-renovables\/","url":"https:\/\/patagoniambiental.com.ar\/info\/senadora-neuquina-avanza-en-relacion-bilateral-con-los-emiratos-arabes-en-materia-de-energias-renovables\/","name":"Senadora neuquina avanza en relaci\u00f3n bilateral con los Emiratos \u00c1rabes en materia de energ\u00edas renovables","isPartOf":{"@id":"https:\/\/patagoniambiental.com.ar\/info\/#website"},"datePublished":"2016-01-28T12:00:07+00:00","breadcrumb":{"@id":"https:\/\/patagoniambiental.com.ar\/info\/senadora-neuquina-avanza-en-relacion-bilateral-con-los-emiratos-arabes-en-materia-de-energias-renovables\/#breadcrumb"},"inLanguage":"es","potentialAction":[{"@type":"ReadAction","target":["https:\/\/patagoniambiental.com.ar\/info\/senadora-neuquina-avanza-en-relacion-bilateral-con-los-emiratos-arabes-en-materia-de-energias-renovables\/"]}]},{"@type":"BreadcrumbList","@id":"https:\/\/patagoniambiental.com.ar\/info\/senadora-neuquina-avanza-en-relacion-bilateral-con-los-emiratos-arabes-en-materia-de-energias-renovables\/#breadcrumb","itemListElement":[{"@type":"ListItem","position":1,"name":"Inicio","item":"https:\/\/patagoniambiental.com.ar\/info\/"},{"@type":"ListItem","position":2,"name":"Senadora neuquina avanza en relaci\u00f3n bilateral con los Emiratos \u00c1rabes en materia de energ\u00edas renovables"}]},{"@type":"WebSite","@id":"https:\/\/patagoniambiental.com.ar\/info\/#website","url":"https:\/\/patagoniambiental.com.ar\/info\/","name":"Patagonia Ambiental","description":"Monitoreo y an\u00e1lisis de la situaci\u00f3n geopol\u00edtica en el mundo y su implicancia en la Patagonia","publisher":{"@id":"https:\/\/patagoniambiental.com.ar\/info\/#organization"},"potentialAction":[{"@type":"SearchAction","target":{"@type":"EntryPoint","urlTemplate":"https:\/\/patagoniambiental.com.ar\/info\/?s={search_term_string}"},"query-input":{"@type":"PropertyValueSpecification","valueRequired":true,"valueName":"search_term_string"}}],"inLanguage":"es"},{"@type":"Organization","@id":"https:\/\/patagoniambiental.com.ar\/info\/#organization","name":"Patagonia Ambiental","url":"https:\/\/patagoniambiental.com.ar\/info\/","logo":{"@type":"ImageObject","inLanguage":"es","@id":"https:\/\/patagoniambiental.com.ar\/info\/#\/schema\/logo\/image\/","url":"https:\/\/patagoniambiental.com.ar\/info\/wp-content\/uploads\/2025\/05\/LOGO-PATAGONIA-AMBIENTAL.png","contentUrl":"https:\/\/patagoniambiental.com.ar\/info\/wp-content\/uploads\/2025\/05\/LOGO-PATAGONIA-AMBIENTAL.png","width":433,"height":250,"caption":"Patagonia Ambiental"},"image":{"@id":"https:\/\/patagoniambiental.com.ar\/info\/#\/schema\/logo\/image\/"},"sameAs":["https:\/\/www.facebook.com\/patagonia.ambiental","https:\/\/x.com\/PatAmb"]},{"@type":"Person","@id":"https:\/\/patagoniambiental.com.ar\/info\/#\/schema\/person\/db12bff64bbcbf6a253710bf0ea37b5d","name":"Patagonia Ambiental","description":"Andr\u00e9s Nievas T\u00e9cnico en manejo ambiental, consultor Ambiental y escritor para medios locales e internacionales sobre temas de geopolitica y medio ambiente.","sameAs":["http:\/\/www.patagoniambiental.com.ar","https:\/\/www.facebook.com\/share\/1C1V8Gv9BX\/?mibextid=qi2Omg","@patagoniambiental","https:\/\/youtube.com\/@patagoniaambiental2023?si=BLt58t0wuXquxlYZ"]}]}},"_links":{"self":[{"href":"https:\/\/patagoniambiental.com.ar\/info\/wp-json\/wp\/v2\/posts\/16490","targetHints":{"allow":["GET"]}}],"collection":[{"href":"https:\/\/patagoniambiental.com.ar\/info\/wp-json\/wp\/v2\/posts"}],"about":[{"href":"https:\/\/patagoniambiental.com.ar\/info\/wp-json\/wp\/v2\/types\/post"}],"author":[{"embeddable":true,"href":"https:\/\/patagoniambiental.com.ar\/info\/wp-json\/wp\/v2\/users\/2"}],"replies":[{"embeddable":true,"href":"https:\/\/patagoniambiental.com.ar\/info\/wp-json\/wp\/v2\/comments?post=16490"}],"version-history":[{"count":0,"href":"https:\/\/patagoniambiental.com.ar\/info\/wp-json\/wp\/v2\/posts\/16490\/revisions"}],"wp:attachment":[{"href":"https:\/\/patagoniambiental.com.ar\/info\/wp-json\/wp\/v2\/media?parent=16490"}],"wp:term":[{"taxonomy":"category","embeddable":true,"href":"https:\/\/patagoniambiental.com.ar\/info\/wp-json\/wp\/v2\/categories?post=16490"},{"taxonomy":"post_tag","embeddable":true,"href":"https:\/\/patagoniambiental.com.ar\/info\/wp-json\/wp\/v2\/tags?post=16490"}],"curies":[{"name":"wp","href":"https:\/\/api.w.org\/{rel}","templated":true}]}}