{"id":16496,"date":"2016-01-28T09:00:17","date_gmt":"2016-01-28T12:00:17","guid":{"rendered":"http:\/\/patagoniambiental.com.ar\/?p=16496"},"modified":"2016-01-28T09:00:17","modified_gmt":"2016-01-28T12:00:17","slug":"el-trailer-de-la-energia-de-ypf-llego-a-las-grutas","status":"publish","type":"post","link":"https:\/\/patagoniambiental.com.ar\/info\/el-trailer-de-la-energia-de-ypf-llego-a-las-grutas\/","title":{"rendered":"El tr\u00e1iler de la Energ\u00eda de YPF lleg\u00f3 a Las Grutas"},"content":{"rendered":"<p align=\"JUSTIFY\"><span style=\"font-family: Asap;\"><span style=\"font-size: large;\"><span lang=\"es-ES\">La empresa YPF instal\u00f3 ayer s<\/span><\/span><\/span><span style=\"font-family: Asap;\"><span style=\"font-size: large;\"><span lang=\"es-ES\">u tr\u00e1iler de la Energ\u00eda en Las Grutas, con el auspicio del Ministerio de Turismo, Cultura y Deporte de la provincia de R\u00edo Negro.<\/span><\/span><\/span><\/p>\n<p lang=\"es-ES\" align=\"JUSTIFY\"><span style=\"font-family: Asap;\"><span style=\"font-size: large;\">Se trata de una propuesta interactiva, dise\u00f1ada para demostrar la importancia que tienen los hidrocarburos y la cadena de valor de la industria en nuestra sociedad.<\/span><\/span><\/p>\n<p lang=\"es-ES\" align=\"JUSTIFY\"><span style=\"font-family: Asap;\"><span style=\"font-size: large;\">Luego de recibir miles de visitantes en Tecn\u00f3polis y el interior del pa\u00eds, YPF replica su m\u00f3vil en la plaza Luis Piedrabuena de Las Grutas desde ayer hasta el 3 de febrero. <\/span><\/span><\/p>\n<p lang=\"es-ES\" align=\"JUSTIFY\"><span style=\"font-family: Asap;\"><span style=\"font-size: large;\">Con entrada es libre y gratuita, la atracci\u00f3n estar\u00e1 abierta de 18 a 24 y es apta para toda la familia.<\/span><\/span><\/p>\n<p lang=\"es-ES\" align=\"JUSTIFY\"><span style=\"font-family: Asap;\"><span style=\"font-size: large;\">\u00danico en su categor\u00eda, es una experiencia completamente innovadora, con tecnolog\u00edas din\u00e1micas de \u00faltima generaci\u00f3n. Una aventura multisensorial para conocer la historia de los hidrocarburos.<\/span><\/span><\/p>\n<p lang=\"es-ES\" align=\"JUSTIFY\"><span style=\"font-family: Asap;\"><span style=\"font-size: large;\">Equipado con dos m\u00f3dulos, cuenta con un cine que resume los conceptos m\u00e1s importantes sobre los distintos usos del petr\u00f3leo y la oportunidad que tiene el pa\u00eds con el desarrollo de los no convencionales. En el otro m\u00f3dulo se encuentra un simulador de perforaci\u00f3n, que permite a los visitantes sentirse dentro de un pozo exploratorio por debajo de la superficie terrestre.<\/span><\/span><\/p>\n<p lang=\"es-ES\" align=\"JUSTIFY\"><span style=\"font-family: Asap;\"><span style=\"font-size: large;\">Afuera del tr\u00e1iler hay atracciones para que los visitantes puedan conocer a\u00fan m\u00e1s acerca de los no convencionales. All\u00ed se encuentra \u201cEl Origen\u201d, una propuesta interactiva para conocer la historia de la energ\u00eda en nuestro pa\u00eds y el mundo, desde el fuego hasta la formaci\u00f3n Vaca Muerta y los hidrocarburos no convencionales.<\/span><\/span><\/p>\n<p lang=\"es-ES\" align=\"JUSTIFY\"><span style=\"font-family: Asap;\"><span style=\"font-size: large;\">Adem\u00e1s, se presenta la \u201cMatriz Energ\u00e9tica Mundial\u201d, que mediante un mapa animado muestra la posici\u00f3n de la Argentina en reservas de hidrocarburos no convencionales a nivel global, y la \u201cMatriz Energ\u00e9tica Nacional\u201d, donde el visitante conoce d\u00f3nde est\u00e1n ubicados geogr\u00e1ficamente los recursos de la formaci\u00f3n Vaca Muerta.<\/span><\/span><\/p>\n","protected":false},"excerpt":{"rendered":"<p>La empresa YPF instal\u00f3 ayer su tr\u00e1iler de la Energ\u00eda en Las Grutas, con el auspicio del Ministerio de Turismo, [&hellip;]<\/p>\n","protected":false},"author":2,"featured_media":0,"comment_status":"closed","ping_status":"closed","sticky":false,"template":"","format":"standard","meta":{"site-sidebar-layout":"default","site-content-layout":"","ast-site-content-layout":"default","site-content-style":"default","site-sidebar-style":"default","ast-global-header-display":"","ast-banner-title-visibility":"","ast-main-header-display":"","ast-hfb-above-header-display":"","ast-hfb-below-header-display":"","ast-hfb-mobile-header-display":"","site-post-title":"","ast-breadcrumbs-content":"","ast-featured-img":"","footer-sml-layout":"","ast-disable-related-posts":"","theme-transparent-header-meta":"","adv-header-id-meta":"","stick-header-meta":"","header-above-stick-meta":"","header-main-stick-meta":"","header-below-stick-meta":"","astra-migrate-meta-layouts":"default","ast-page-background-enabled":"default","ast-page-background-meta":{"desktop":{"background-color":"var(--ast-global-color-5)","background-image":"","background-repeat":"repeat","background-position":"center center","background-size":"auto","background-attachment":"scroll","background-type":"","background-media":"","overlay-type":"","overlay-color":"","overlay-opacity":"","overlay-gradient":""},"tablet":{"background-color":"","background-image":"","background-repeat":"repeat","background-position":"center center","background-size":"auto","background-attachment":"scroll","background-type":"","background-media":"","overlay-type":"","overlay-color":"","overlay-opacity":"","overlay-gradient":""},"mobile":{"background-color":"","background-image":"","background-repeat":"repeat","background-position":"center center","background-size":"auto","background-attachment":"scroll","background-type":"","background-media":"","overlay-type":"","overlay-color":"","overlay-opacity":"","overlay-gradient":""}},"ast-content-background-meta":{"desktop":{"background-color":"var(--ast-global-color-4)","background-image":"","background-repeat":"repeat","background-position":"center center","background-size":"auto","background-attachment":"scroll","background-type":"","background-media":"","overlay-type":"","overlay-color":"","overlay-opacity":"","overlay-gradient":""},"tablet":{"background-color":"var(--ast-global-color-4)","background-image":"","background-repeat":"repeat","background-position":"center center","background-size":"auto","background-attachment":"scroll","background-type":"","background-media":"","overlay-type":"","overlay-color":"","overlay-opacity":"","overlay-gradient":""},"mobile":{"background-color":"var(--ast-global-color-4)","background-image":"","background-repeat":"repeat","background-position":"center center","background-size":"auto","background-attachment":"scroll","background-type":"","background-media":"","overlay-type":"","overlay-color":"","overlay-opacity":"","overlay-gradient":""}},"footnotes":""},"categories":[1],"tags":[],"class_list":["post-16496","post","type-post","status-publish","format-standard","hentry","category-noticias"],"yoast_head":"<!-- This site is optimized with the Yoast SEO Premium plugin v23.0 (Yoast SEO v27.5) - https:\/\/yoast.com\/product\/yoast-seo-premium-wordpress\/ -->\n<title>El tr\u00e1iler de la Energ\u00eda de YPF lleg\u00f3 a Las Grutas<\/title>\n<meta name=\"robots\" content=\"index, follow, max-snippet:-1, max-image-preview:large, max-video-preview:-1\" \/>\n<link rel=\"canonical\" href=\"https:\/\/patagoniambiental.com.ar\/info\/el-trailer-de-la-energia-de-ypf-llego-a-las-grutas\/\" \/>\n<meta property=\"og:locale\" content=\"es_ES\" \/>\n<meta property=\"og:type\" content=\"article\" \/>\n<meta property=\"og:title\" content=\"El tr\u00e1iler de la Energ\u00eda de YPF lleg\u00f3 a Las Grutas\" \/>\n<meta property=\"og:description\" content=\"La empresa YPF instal\u00f3 ayer su tr\u00e1iler de la Energ\u00eda en Las Grutas, con el auspicio del Ministerio de Turismo, [&hellip;]\" \/>\n<meta property=\"og:url\" content=\"https:\/\/patagoniambiental.com.ar\/info\/el-trailer-de-la-energia-de-ypf-llego-a-las-grutas\/\" \/>\n<meta property=\"og:site_name\" content=\"Patagonia Ambiental\" \/>\n<meta property=\"article:publisher\" content=\"https:\/\/www.facebook.com\/patagonia.ambiental\" \/>\n<meta property=\"article:author\" content=\"https:\/\/www.facebook.com\/share\/1C1V8Gv9BX\/?mibextid=qi2Omg\" \/>\n<meta property=\"article:published_time\" content=\"2016-01-28T12:00:17+00:00\" \/>\n<meta name=\"author\" content=\"Patagonia Ambiental\" \/>\n<meta name=\"twitter:card\" content=\"summary_large_image\" \/>\n<meta name=\"twitter:creator\" content=\"@PatAmb\" \/>\n<meta name=\"twitter:site\" content=\"@PatAmb\" \/>\n<script type=\"application\/ld+json\" class=\"yoast-schema-graph\">{\"@context\":\"https:\\\/\\\/schema.org\",\"@graph\":[{\"@type\":\"Article\",\"@id\":\"https:\\\/\\\/patagoniambiental.com.ar\\\/info\\\/el-trailer-de-la-energia-de-ypf-llego-a-las-grutas\\\/#article\",\"isPartOf\":{\"@id\":\"https:\\\/\\\/patagoniambiental.com.ar\\\/info\\\/el-trailer-de-la-energia-de-ypf-llego-a-las-grutas\\\/\"},\"author\":{\"name\":\"Patagonia Ambiental\",\"@id\":\"https:\\\/\\\/patagoniambiental.com.ar\\\/info\\\/#\\\/schema\\\/person\\\/db12bff64bbcbf6a253710bf0ea37b5d\"},\"headline\":\"El tr\u00e1iler de la Energ\u00eda de YPF lleg\u00f3 a Las Grutas\",\"datePublished\":\"2016-01-28T12:00:17+00:00\",\"mainEntityOfPage\":{\"@id\":\"https:\\\/\\\/patagoniambiental.com.ar\\\/info\\\/el-trailer-de-la-energia-de-ypf-llego-a-las-grutas\\\/\"},\"wordCount\":336,\"publisher\":{\"@id\":\"https:\\\/\\\/patagoniambiental.com.ar\\\/info\\\/#organization\"},\"articleSection\":[\"Noticias\"],\"inLanguage\":\"es\"},{\"@type\":\"WebPage\",\"@id\":\"https:\\\/\\\/patagoniambiental.com.ar\\\/info\\\/el-trailer-de-la-energia-de-ypf-llego-a-las-grutas\\\/\",\"url\":\"https:\\\/\\\/patagoniambiental.com.ar\\\/info\\\/el-trailer-de-la-energia-de-ypf-llego-a-las-grutas\\\/\",\"name\":\"El tr\u00e1iler de la Energ\u00eda de YPF lleg\u00f3 a Las Grutas\",\"isPartOf\":{\"@id\":\"https:\\\/\\\/patagoniambiental.com.ar\\\/info\\\/#website\"},\"datePublished\":\"2016-01-28T12:00:17+00:00\",\"breadcrumb\":{\"@id\":\"https:\\\/\\\/patagoniambiental.com.ar\\\/info\\\/el-trailer-de-la-energia-de-ypf-llego-a-las-grutas\\\/#breadcrumb\"},\"inLanguage\":\"es\",\"potentialAction\":[{\"@type\":\"ReadAction\",\"target\":[\"https:\\\/\\\/patagoniambiental.com.ar\\\/info\\\/el-trailer-de-la-energia-de-ypf-llego-a-las-grutas\\\/\"]}]},{\"@type\":\"BreadcrumbList\",\"@id\":\"https:\\\/\\\/patagoniambiental.com.ar\\\/info\\\/el-trailer-de-la-energia-de-ypf-llego-a-las-grutas\\\/#breadcrumb\",\"itemListElement\":[{\"@type\":\"ListItem\",\"position\":1,\"name\":\"Inicio\",\"item\":\"https:\\\/\\\/patagoniambiental.com.ar\\\/info\\\/\"},{\"@type\":\"ListItem\",\"position\":2,\"name\":\"El tr\u00e1iler de la Energ\u00eda de YPF lleg\u00f3 a Las Grutas\"}]},{\"@type\":\"WebSite\",\"@id\":\"https:\\\/\\\/patagoniambiental.com.ar\\\/info\\\/#website\",\"url\":\"https:\\\/\\\/patagoniambiental.com.ar\\\/info\\\/\",\"name\":\"Patagonia Ambiental\",\"description\":\"Monitoreo y an\u00e1lisis de la situaci\u00f3n geopol\u00edtica en el mundo y su implicancia en la Patagonia\",\"publisher\":{\"@id\":\"https:\\\/\\\/patagoniambiental.com.ar\\\/info\\\/#organization\"},\"potentialAction\":[{\"@type\":\"SearchAction\",\"target\":{\"@type\":\"EntryPoint\",\"urlTemplate\":\"https:\\\/\\\/patagoniambiental.com.ar\\\/info\\\/?s={search_term_string}\"},\"query-input\":{\"@type\":\"PropertyValueSpecification\",\"valueRequired\":true,\"valueName\":\"search_term_string\"}}],\"inLanguage\":\"es\"},{\"@type\":\"Organization\",\"@id\":\"https:\\\/\\\/patagoniambiental.com.ar\\\/info\\\/#organization\",\"name\":\"Patagonia Ambiental\",\"url\":\"https:\\\/\\\/patagoniambiental.com.ar\\\/info\\\/\",\"logo\":{\"@type\":\"ImageObject\",\"inLanguage\":\"es\",\"@id\":\"https:\\\/\\\/patagoniambiental.com.ar\\\/info\\\/#\\\/schema\\\/logo\\\/image\\\/\",\"url\":\"https:\\\/\\\/patagoniambiental.com.ar\\\/info\\\/wp-content\\\/uploads\\\/2025\\\/05\\\/LOGO-PATAGONIA-AMBIENTAL.png\",\"contentUrl\":\"https:\\\/\\\/patagoniambiental.com.ar\\\/info\\\/wp-content\\\/uploads\\\/2025\\\/05\\\/LOGO-PATAGONIA-AMBIENTAL.png\",\"width\":433,\"height\":250,\"caption\":\"Patagonia Ambiental\"},\"image\":{\"@id\":\"https:\\\/\\\/patagoniambiental.com.ar\\\/info\\\/#\\\/schema\\\/logo\\\/image\\\/\"},\"sameAs\":[\"https:\\\/\\\/www.facebook.com\\\/patagonia.ambiental\",\"https:\\\/\\\/x.com\\\/PatAmb\"]},{\"@type\":\"Person\",\"@id\":\"https:\\\/\\\/patagoniambiental.com.ar\\\/info\\\/#\\\/schema\\\/person\\\/db12bff64bbcbf6a253710bf0ea37b5d\",\"name\":\"Patagonia Ambiental\",\"description\":\"Andr\u00e9s Nievas T\u00e9cnico en manejo ambiental, consultor Ambiental y escritor para medios locales e internacionales sobre temas de geopolitica y medio ambiente.\",\"sameAs\":[\"http:\\\/\\\/www.patagoniambiental.com.ar\",\"https:\\\/\\\/www.facebook.com\\\/share\\\/1C1V8Gv9BX\\\/?mibextid=qi2Omg\",\"@patagoniambiental\",\"https:\\\/\\\/youtube.com\\\/@patagoniaambiental2023?si=BLt58t0wuXquxlYZ\"]}]}<\/script>\n<!-- \/ Yoast SEO Premium plugin. -->","yoast_head_json":{"title":"El tr\u00e1iler de la Energ\u00eda de YPF lleg\u00f3 a Las Grutas","robots":{"index":"index","follow":"follow","max-snippet":"max-snippet:-1","max-image-preview":"max-image-preview:large","max-video-preview":"max-video-preview:-1"},"canonical":"https:\/\/patagoniambiental.com.ar\/info\/el-trailer-de-la-energia-de-ypf-llego-a-las-grutas\/","og_locale":"es_ES","og_type":"article","og_title":"El tr\u00e1iler de la Energ\u00eda de YPF lleg\u00f3 a Las Grutas","og_description":"La empresa YPF instal\u00f3 ayer su tr\u00e1iler de la Energ\u00eda en Las Grutas, con el auspicio del Ministerio de Turismo, [&hellip;]","og_url":"https:\/\/patagoniambiental.com.ar\/info\/el-trailer-de-la-energia-de-ypf-llego-a-las-grutas\/","og_site_name":"Patagonia Ambiental","article_publisher":"https:\/\/www.facebook.com\/patagonia.ambiental","article_author":"https:\/\/www.facebook.com\/share\/1C1V8Gv9BX\/?mibextid=qi2Omg","article_published_time":"2016-01-28T12:00:17+00:00","author":"Patagonia Ambiental","twitter_card":"summary_large_image","twitter_creator":"@PatAmb","twitter_site":"@PatAmb","schema":{"@context":"https:\/\/schema.org","@graph":[{"@type":"Article","@id":"https:\/\/patagoniambiental.com.ar\/info\/el-trailer-de-la-energia-de-ypf-llego-a-las-grutas\/#article","isPartOf":{"@id":"https:\/\/patagoniambiental.com.ar\/info\/el-trailer-de-la-energia-de-ypf-llego-a-las-grutas\/"},"author":{"name":"Patagonia Ambiental","@id":"https:\/\/patagoniambiental.com.ar\/info\/#\/schema\/person\/db12bff64bbcbf6a253710bf0ea37b5d"},"headline":"El tr\u00e1iler de la Energ\u00eda de YPF lleg\u00f3 a Las Grutas","datePublished":"2016-01-28T12:00:17+00:00","mainEntityOfPage":{"@id":"https:\/\/patagoniambiental.com.ar\/info\/el-trailer-de-la-energia-de-ypf-llego-a-las-grutas\/"},"wordCount":336,"publisher":{"@id":"https:\/\/patagoniambiental.com.ar\/info\/#organization"},"articleSection":["Noticias"],"inLanguage":"es"},{"@type":"WebPage","@id":"https:\/\/patagoniambiental.com.ar\/info\/el-trailer-de-la-energia-de-ypf-llego-a-las-grutas\/","url":"https:\/\/patagoniambiental.com.ar\/info\/el-trailer-de-la-energia-de-ypf-llego-a-las-grutas\/","name":"El tr\u00e1iler de la Energ\u00eda de YPF lleg\u00f3 a Las Grutas","isPartOf":{"@id":"https:\/\/patagoniambiental.com.ar\/info\/#website"},"datePublished":"2016-01-28T12:00:17+00:00","breadcrumb":{"@id":"https:\/\/patagoniambiental.com.ar\/info\/el-trailer-de-la-energia-de-ypf-llego-a-las-grutas\/#breadcrumb"},"inLanguage":"es","potentialAction":[{"@type":"ReadAction","target":["https:\/\/patagoniambiental.com.ar\/info\/el-trailer-de-la-energia-de-ypf-llego-a-las-grutas\/"]}]},{"@type":"BreadcrumbList","@id":"https:\/\/patagoniambiental.com.ar\/info\/el-trailer-de-la-energia-de-ypf-llego-a-las-grutas\/#breadcrumb","itemListElement":[{"@type":"ListItem","position":1,"name":"Inicio","item":"https:\/\/patagoniambiental.com.ar\/info\/"},{"@type":"ListItem","position":2,"name":"El tr\u00e1iler de la Energ\u00eda de YPF lleg\u00f3 a Las Grutas"}]},{"@type":"WebSite","@id":"https:\/\/patagoniambiental.com.ar\/info\/#website","url":"https:\/\/patagoniambiental.com.ar\/info\/","name":"Patagonia Ambiental","description":"Monitoreo y an\u00e1lisis de la situaci\u00f3n geopol\u00edtica en el mundo y su implicancia en la Patagonia","publisher":{"@id":"https:\/\/patagoniambiental.com.ar\/info\/#organization"},"potentialAction":[{"@type":"SearchAction","target":{"@type":"EntryPoint","urlTemplate":"https:\/\/patagoniambiental.com.ar\/info\/?s={search_term_string}"},"query-input":{"@type":"PropertyValueSpecification","valueRequired":true,"valueName":"search_term_string"}}],"inLanguage":"es"},{"@type":"Organization","@id":"https:\/\/patagoniambiental.com.ar\/info\/#organization","name":"Patagonia Ambiental","url":"https:\/\/patagoniambiental.com.ar\/info\/","logo":{"@type":"ImageObject","inLanguage":"es","@id":"https:\/\/patagoniambiental.com.ar\/info\/#\/schema\/logo\/image\/","url":"https:\/\/patagoniambiental.com.ar\/info\/wp-content\/uploads\/2025\/05\/LOGO-PATAGONIA-AMBIENTAL.png","contentUrl":"https:\/\/patagoniambiental.com.ar\/info\/wp-content\/uploads\/2025\/05\/LOGO-PATAGONIA-AMBIENTAL.png","width":433,"height":250,"caption":"Patagonia Ambiental"},"image":{"@id":"https:\/\/patagoniambiental.com.ar\/info\/#\/schema\/logo\/image\/"},"sameAs":["https:\/\/www.facebook.com\/patagonia.ambiental","https:\/\/x.com\/PatAmb"]},{"@type":"Person","@id":"https:\/\/patagoniambiental.com.ar\/info\/#\/schema\/person\/db12bff64bbcbf6a253710bf0ea37b5d","name":"Patagonia Ambiental","description":"Andr\u00e9s Nievas T\u00e9cnico en manejo ambiental, consultor Ambiental y escritor para medios locales e internacionales sobre temas de geopolitica y medio ambiente.","sameAs":["http:\/\/www.patagoniambiental.com.ar","https:\/\/www.facebook.com\/share\/1C1V8Gv9BX\/?mibextid=qi2Omg","@patagoniambiental","https:\/\/youtube.com\/@patagoniaambiental2023?si=BLt58t0wuXquxlYZ"]}]}},"_links":{"self":[{"href":"https:\/\/patagoniambiental.com.ar\/info\/wp-json\/wp\/v2\/posts\/16496","targetHints":{"allow":["GET"]}}],"collection":[{"href":"https:\/\/patagoniambiental.com.ar\/info\/wp-json\/wp\/v2\/posts"}],"about":[{"href":"https:\/\/patagoniambiental.com.ar\/info\/wp-json\/wp\/v2\/types\/post"}],"author":[{"embeddable":true,"href":"https:\/\/patagoniambiental.com.ar\/info\/wp-json\/wp\/v2\/users\/2"}],"replies":[{"embeddable":true,"href":"https:\/\/patagoniambiental.com.ar\/info\/wp-json\/wp\/v2\/comments?post=16496"}],"version-history":[{"count":0,"href":"https:\/\/patagoniambiental.com.ar\/info\/wp-json\/wp\/v2\/posts\/16496\/revisions"}],"wp:attachment":[{"href":"https:\/\/patagoniambiental.com.ar\/info\/wp-json\/wp\/v2\/media?parent=16496"}],"wp:term":[{"taxonomy":"category","embeddable":true,"href":"https:\/\/patagoniambiental.com.ar\/info\/wp-json\/wp\/v2\/categories?post=16496"},{"taxonomy":"post_tag","embeddable":true,"href":"https:\/\/patagoniambiental.com.ar\/info\/wp-json\/wp\/v2\/tags?post=16496"}],"curies":[{"name":"wp","href":"https:\/\/api.w.org\/{rel}","templated":true}]}}