{"id":16499,"date":"2016-01-28T09:00:37","date_gmt":"2016-01-28T12:00:37","guid":{"rendered":"http:\/\/patagoniambiental.com.ar\/?p=16499"},"modified":"2016-01-28T09:00:37","modified_gmt":"2016-01-28T12:00:37","slug":"satisfaccion-por-la-participacion-de-la-secretaria-de-ambiente-en-la-fiesta-nacional-de-la-pera","status":"publish","type":"post","link":"https:\/\/patagoniambiental.com.ar\/info\/satisfaccion-por-la-participacion-de-la-secretaria-de-ambiente-en-la-fiesta-nacional-de-la-pera\/","title":{"rendered":"Satisfacci\u00f3n por la participaci\u00f3n de la Secretar\u00eda de Ambiente en la Fiesta Nacional de la Pera"},"content":{"rendered":"<p class=\"western\" lang=\"es-ES\" align=\"justify\">La Secretar\u00eda de Ambiente y Desarrollo Sustentable particip\u00f3 y acompa\u00f1\u00f3 el desarrollo de la XVIII Fiesta Nacional de la Pera, en la ciudad de Allen. Con un espacio destinado a brindar informaci\u00f3n al p\u00fablico participante, promocionando la labor que se lleva adelante de la SAyDS, como as\u00ed tambi\u00e9n las delegaciones que posee en todo el territorio rionegrino, el organismo marc\u00f3 presencia en el homenaje a los productores de la regi\u00f3n.<\/p>\n<p class=\"western\" lang=\"es-ES\" align=\"justify\">A lo largo de las tres jornadas (desde el d\u00eda 22 y hasta el 24 inclusive), la responsable de \u00e1rea, Ing. Dina Migani, estuvo presente en el predio ferial de la celebraci\u00f3n allense, junto al personal del \u00e1rea t\u00e9cnica de hidrocarburos, industria, agroqu\u00edmicos y educaci\u00f3n ambiental de la Delegaci\u00f3n Alto Valle, en un stand ubicado frente al escenario central.<\/p>\n<p class=\"western\" lang=\"es-ES\" align=\"justify\">\u00abFueron tres jornadas positivas para nuestra cartera, la gran cantidad de gente que se acerc\u00f3 a disfrutar de los espect\u00e1culos, recorri\u00f3 los stand y fue un muy buen momento para dar a conocer todo el trabajo que desarrollamos desde la Secretar\u00eda\u00bb, expres\u00f3 Migani con satisfacci\u00f3n.<\/p>\n<p class=\"western\" lang=\"es-ES\" align=\"justify\">La ingeniera acompa\u00f1\u00f3 toda la celebraci\u00f3n, desde el acto inaugural el viernes 22, actividad que cont\u00f3 con la presencia del gobernador Alberto Weretilneck. La oportunidad tambi\u00e9n permiti\u00f3 el encuentro con la intendente allense, Sabina Costa, anfitriona de la d\u00e9cimo octava edici\u00f3n, funcionarios provinciales y de distintos municipios del Alto Valle. En la \u00faltima jornada, Migani acompa\u00f1\u00f3 al vicegobernador Pedro Pesatti, quien estuvo en la Fiesta para la coronaci\u00f3n de la nueva soberana.<\/p>\n","protected":false},"excerpt":{"rendered":"<p>La Secretar\u00eda de Ambiente y Desarrollo Sustentable particip\u00f3 y acompa\u00f1\u00f3 el desarrollo de la XVIII Fiesta Nacional de la Pera, [&hellip;]<\/p>\n","protected":false},"author":2,"featured_media":0,"comment_status":"closed","ping_status":"closed","sticky":false,"template":"","format":"standard","meta":{"site-sidebar-layout":"default","site-content-layout":"","ast-site-content-layout":"default","site-content-style":"default","site-sidebar-style":"default","ast-global-header-display":"","ast-banner-title-visibility":"","ast-main-header-display":"","ast-hfb-above-header-display":"","ast-hfb-below-header-display":"","ast-hfb-mobile-header-display":"","site-post-title":"","ast-breadcrumbs-content":"","ast-featured-img":"","footer-sml-layout":"","ast-disable-related-posts":"","theme-transparent-header-meta":"","adv-header-id-meta":"","stick-header-meta":"","header-above-stick-meta":"","header-main-stick-meta":"","header-below-stick-meta":"","astra-migrate-meta-layouts":"default","ast-page-background-enabled":"default","ast-page-background-meta":{"desktop":{"background-color":"var(--ast-global-color-5)","background-image":"","background-repeat":"repeat","background-position":"center center","background-size":"auto","background-attachment":"scroll","background-type":"","background-media":"","overlay-type":"","overlay-color":"","overlay-opacity":"","overlay-gradient":""},"tablet":{"background-color":"","background-image":"","background-repeat":"repeat","background-position":"center center","background-size":"auto","background-attachment":"scroll","background-type":"","background-media":"","overlay-type":"","overlay-color":"","overlay-opacity":"","overlay-gradient":""},"mobile":{"background-color":"","background-image":"","background-repeat":"repeat","background-position":"center center","background-size":"auto","background-attachment":"scroll","background-type":"","background-media":"","overlay-type":"","overlay-color":"","overlay-opacity":"","overlay-gradient":""}},"ast-content-background-meta":{"desktop":{"background-color":"var(--ast-global-color-4)","background-image":"","background-repeat":"repeat","background-position":"center center","background-size":"auto","background-attachment":"scroll","background-type":"","background-media":"","overlay-type":"","overlay-color":"","overlay-opacity":"","overlay-gradient":""},"tablet":{"background-color":"var(--ast-global-color-4)","background-image":"","background-repeat":"repeat","background-position":"center center","background-size":"auto","background-attachment":"scroll","background-type":"","background-media":"","overlay-type":"","overlay-color":"","overlay-opacity":"","overlay-gradient":""},"mobile":{"background-color":"var(--ast-global-color-4)","background-image":"","background-repeat":"repeat","background-position":"center center","background-size":"auto","background-attachment":"scroll","background-type":"","background-media":"","overlay-type":"","overlay-color":"","overlay-opacity":"","overlay-gradient":""}},"footnotes":""},"categories":[1],"tags":[],"class_list":["post-16499","post","type-post","status-publish","format-standard","hentry","category-noticias"],"yoast_head":"<!-- This site is optimized with the Yoast SEO Premium plugin v23.0 (Yoast SEO v27.5) - https:\/\/yoast.com\/product\/yoast-seo-premium-wordpress\/ -->\n<title>Satisfacci\u00f3n por la participaci\u00f3n de la Secretar\u00eda de Ambiente en la Fiesta Nacional de la Pera<\/title>\n<meta name=\"robots\" content=\"index, follow, max-snippet:-1, max-image-preview:large, max-video-preview:-1\" \/>\n<link rel=\"canonical\" href=\"https:\/\/patagoniambiental.com.ar\/info\/satisfaccion-por-la-participacion-de-la-secretaria-de-ambiente-en-la-fiesta-nacional-de-la-pera\/\" \/>\n<meta property=\"og:locale\" content=\"es_ES\" \/>\n<meta property=\"og:type\" content=\"article\" \/>\n<meta property=\"og:title\" content=\"Satisfacci\u00f3n por la participaci\u00f3n de la Secretar\u00eda de Ambiente en la Fiesta Nacional de la Pera\" \/>\n<meta property=\"og:description\" content=\"La Secretar\u00eda de Ambiente y Desarrollo Sustentable particip\u00f3 y acompa\u00f1\u00f3 el desarrollo de la XVIII Fiesta Nacional de la Pera, [&hellip;]\" \/>\n<meta property=\"og:url\" content=\"https:\/\/patagoniambiental.com.ar\/info\/satisfaccion-por-la-participacion-de-la-secretaria-de-ambiente-en-la-fiesta-nacional-de-la-pera\/\" \/>\n<meta property=\"og:site_name\" content=\"Patagonia Ambiental\" \/>\n<meta property=\"article:publisher\" content=\"https:\/\/www.facebook.com\/patagonia.ambiental\" \/>\n<meta property=\"article:author\" content=\"https:\/\/www.facebook.com\/share\/1C1V8Gv9BX\/?mibextid=qi2Omg\" \/>\n<meta property=\"article:published_time\" content=\"2016-01-28T12:00:37+00:00\" \/>\n<meta name=\"author\" content=\"Patagonia Ambiental\" \/>\n<meta name=\"twitter:card\" content=\"summary_large_image\" \/>\n<meta name=\"twitter:creator\" content=\"@PatAmb\" \/>\n<meta name=\"twitter:site\" content=\"@PatAmb\" \/>\n<script type=\"application\/ld+json\" class=\"yoast-schema-graph\">{\"@context\":\"https:\\\/\\\/schema.org\",\"@graph\":[{\"@type\":\"Article\",\"@id\":\"https:\\\/\\\/patagoniambiental.com.ar\\\/info\\\/satisfaccion-por-la-participacion-de-la-secretaria-de-ambiente-en-la-fiesta-nacional-de-la-pera\\\/#article\",\"isPartOf\":{\"@id\":\"https:\\\/\\\/patagoniambiental.com.ar\\\/info\\\/satisfaccion-por-la-participacion-de-la-secretaria-de-ambiente-en-la-fiesta-nacional-de-la-pera\\\/\"},\"author\":{\"name\":\"Patagonia Ambiental\",\"@id\":\"https:\\\/\\\/patagoniambiental.com.ar\\\/info\\\/#\\\/schema\\\/person\\\/db12bff64bbcbf6a253710bf0ea37b5d\"},\"headline\":\"Satisfacci\u00f3n por la participaci\u00f3n de la Secretar\u00eda de Ambiente en la Fiesta Nacional de la Pera\",\"datePublished\":\"2016-01-28T12:00:37+00:00\",\"mainEntityOfPage\":{\"@id\":\"https:\\\/\\\/patagoniambiental.com.ar\\\/info\\\/satisfaccion-por-la-participacion-de-la-secretaria-de-ambiente-en-la-fiesta-nacional-de-la-pera\\\/\"},\"wordCount\":281,\"publisher\":{\"@id\":\"https:\\\/\\\/patagoniambiental.com.ar\\\/info\\\/#organization\"},\"articleSection\":[\"Noticias\"],\"inLanguage\":\"es\"},{\"@type\":\"WebPage\",\"@id\":\"https:\\\/\\\/patagoniambiental.com.ar\\\/info\\\/satisfaccion-por-la-participacion-de-la-secretaria-de-ambiente-en-la-fiesta-nacional-de-la-pera\\\/\",\"url\":\"https:\\\/\\\/patagoniambiental.com.ar\\\/info\\\/satisfaccion-por-la-participacion-de-la-secretaria-de-ambiente-en-la-fiesta-nacional-de-la-pera\\\/\",\"name\":\"Satisfacci\u00f3n por la participaci\u00f3n de la Secretar\u00eda de Ambiente en la Fiesta Nacional de la Pera\",\"isPartOf\":{\"@id\":\"https:\\\/\\\/patagoniambiental.com.ar\\\/info\\\/#website\"},\"datePublished\":\"2016-01-28T12:00:37+00:00\",\"breadcrumb\":{\"@id\":\"https:\\\/\\\/patagoniambiental.com.ar\\\/info\\\/satisfaccion-por-la-participacion-de-la-secretaria-de-ambiente-en-la-fiesta-nacional-de-la-pera\\\/#breadcrumb\"},\"inLanguage\":\"es\",\"potentialAction\":[{\"@type\":\"ReadAction\",\"target\":[\"https:\\\/\\\/patagoniambiental.com.ar\\\/info\\\/satisfaccion-por-la-participacion-de-la-secretaria-de-ambiente-en-la-fiesta-nacional-de-la-pera\\\/\"]}]},{\"@type\":\"BreadcrumbList\",\"@id\":\"https:\\\/\\\/patagoniambiental.com.ar\\\/info\\\/satisfaccion-por-la-participacion-de-la-secretaria-de-ambiente-en-la-fiesta-nacional-de-la-pera\\\/#breadcrumb\",\"itemListElement\":[{\"@type\":\"ListItem\",\"position\":1,\"name\":\"Inicio\",\"item\":\"https:\\\/\\\/patagoniambiental.com.ar\\\/info\\\/\"},{\"@type\":\"ListItem\",\"position\":2,\"name\":\"Satisfacci\u00f3n por la participaci\u00f3n de la Secretar\u00eda de Ambiente en la Fiesta Nacional de la Pera\"}]},{\"@type\":\"WebSite\",\"@id\":\"https:\\\/\\\/patagoniambiental.com.ar\\\/info\\\/#website\",\"url\":\"https:\\\/\\\/patagoniambiental.com.ar\\\/info\\\/\",\"name\":\"Patagonia Ambiental\",\"description\":\"Monitoreo y an\u00e1lisis de la situaci\u00f3n geopol\u00edtica en el mundo y su implicancia en la Patagonia\",\"publisher\":{\"@id\":\"https:\\\/\\\/patagoniambiental.com.ar\\\/info\\\/#organization\"},\"potentialAction\":[{\"@type\":\"SearchAction\",\"target\":{\"@type\":\"EntryPoint\",\"urlTemplate\":\"https:\\\/\\\/patagoniambiental.com.ar\\\/info\\\/?s={search_term_string}\"},\"query-input\":{\"@type\":\"PropertyValueSpecification\",\"valueRequired\":true,\"valueName\":\"search_term_string\"}}],\"inLanguage\":\"es\"},{\"@type\":\"Organization\",\"@id\":\"https:\\\/\\\/patagoniambiental.com.ar\\\/info\\\/#organization\",\"name\":\"Patagonia Ambiental\",\"url\":\"https:\\\/\\\/patagoniambiental.com.ar\\\/info\\\/\",\"logo\":{\"@type\":\"ImageObject\",\"inLanguage\":\"es\",\"@id\":\"https:\\\/\\\/patagoniambiental.com.ar\\\/info\\\/#\\\/schema\\\/logo\\\/image\\\/\",\"url\":\"https:\\\/\\\/patagoniambiental.com.ar\\\/info\\\/wp-content\\\/uploads\\\/2025\\\/05\\\/LOGO-PATAGONIA-AMBIENTAL.png\",\"contentUrl\":\"https:\\\/\\\/patagoniambiental.com.ar\\\/info\\\/wp-content\\\/uploads\\\/2025\\\/05\\\/LOGO-PATAGONIA-AMBIENTAL.png\",\"width\":433,\"height\":250,\"caption\":\"Patagonia Ambiental\"},\"image\":{\"@id\":\"https:\\\/\\\/patagoniambiental.com.ar\\\/info\\\/#\\\/schema\\\/logo\\\/image\\\/\"},\"sameAs\":[\"https:\\\/\\\/www.facebook.com\\\/patagonia.ambiental\",\"https:\\\/\\\/x.com\\\/PatAmb\"]},{\"@type\":\"Person\",\"@id\":\"https:\\\/\\\/patagoniambiental.com.ar\\\/info\\\/#\\\/schema\\\/person\\\/db12bff64bbcbf6a253710bf0ea37b5d\",\"name\":\"Patagonia Ambiental\",\"description\":\"Andr\u00e9s Nievas T\u00e9cnico en manejo ambiental, consultor Ambiental y escritor para medios locales e internacionales sobre temas de geopolitica y medio ambiente.\",\"sameAs\":[\"http:\\\/\\\/www.patagoniambiental.com.ar\",\"https:\\\/\\\/www.facebook.com\\\/share\\\/1C1V8Gv9BX\\\/?mibextid=qi2Omg\",\"@patagoniambiental\",\"https:\\\/\\\/youtube.com\\\/@patagoniaambiental2023?si=BLt58t0wuXquxlYZ\"]}]}<\/script>\n<!-- \/ Yoast SEO Premium plugin. -->","yoast_head_json":{"title":"Satisfacci\u00f3n por la participaci\u00f3n de la Secretar\u00eda de Ambiente en la Fiesta Nacional de la Pera","robots":{"index":"index","follow":"follow","max-snippet":"max-snippet:-1","max-image-preview":"max-image-preview:large","max-video-preview":"max-video-preview:-1"},"canonical":"https:\/\/patagoniambiental.com.ar\/info\/satisfaccion-por-la-participacion-de-la-secretaria-de-ambiente-en-la-fiesta-nacional-de-la-pera\/","og_locale":"es_ES","og_type":"article","og_title":"Satisfacci\u00f3n por la participaci\u00f3n de la Secretar\u00eda de Ambiente en la Fiesta Nacional de la Pera","og_description":"La Secretar\u00eda de Ambiente y Desarrollo Sustentable particip\u00f3 y acompa\u00f1\u00f3 el desarrollo de la XVIII Fiesta Nacional de la Pera, [&hellip;]","og_url":"https:\/\/patagoniambiental.com.ar\/info\/satisfaccion-por-la-participacion-de-la-secretaria-de-ambiente-en-la-fiesta-nacional-de-la-pera\/","og_site_name":"Patagonia Ambiental","article_publisher":"https:\/\/www.facebook.com\/patagonia.ambiental","article_author":"https:\/\/www.facebook.com\/share\/1C1V8Gv9BX\/?mibextid=qi2Omg","article_published_time":"2016-01-28T12:00:37+00:00","author":"Patagonia Ambiental","twitter_card":"summary_large_image","twitter_creator":"@PatAmb","twitter_site":"@PatAmb","schema":{"@context":"https:\/\/schema.org","@graph":[{"@type":"Article","@id":"https:\/\/patagoniambiental.com.ar\/info\/satisfaccion-por-la-participacion-de-la-secretaria-de-ambiente-en-la-fiesta-nacional-de-la-pera\/#article","isPartOf":{"@id":"https:\/\/patagoniambiental.com.ar\/info\/satisfaccion-por-la-participacion-de-la-secretaria-de-ambiente-en-la-fiesta-nacional-de-la-pera\/"},"author":{"name":"Patagonia Ambiental","@id":"https:\/\/patagoniambiental.com.ar\/info\/#\/schema\/person\/db12bff64bbcbf6a253710bf0ea37b5d"},"headline":"Satisfacci\u00f3n por la participaci\u00f3n de la Secretar\u00eda de Ambiente en la Fiesta Nacional de la Pera","datePublished":"2016-01-28T12:00:37+00:00","mainEntityOfPage":{"@id":"https:\/\/patagoniambiental.com.ar\/info\/satisfaccion-por-la-participacion-de-la-secretaria-de-ambiente-en-la-fiesta-nacional-de-la-pera\/"},"wordCount":281,"publisher":{"@id":"https:\/\/patagoniambiental.com.ar\/info\/#organization"},"articleSection":["Noticias"],"inLanguage":"es"},{"@type":"WebPage","@id":"https:\/\/patagoniambiental.com.ar\/info\/satisfaccion-por-la-participacion-de-la-secretaria-de-ambiente-en-la-fiesta-nacional-de-la-pera\/","url":"https:\/\/patagoniambiental.com.ar\/info\/satisfaccion-por-la-participacion-de-la-secretaria-de-ambiente-en-la-fiesta-nacional-de-la-pera\/","name":"Satisfacci\u00f3n por la participaci\u00f3n de la Secretar\u00eda de Ambiente en la Fiesta Nacional de la Pera","isPartOf":{"@id":"https:\/\/patagoniambiental.com.ar\/info\/#website"},"datePublished":"2016-01-28T12:00:37+00:00","breadcrumb":{"@id":"https:\/\/patagoniambiental.com.ar\/info\/satisfaccion-por-la-participacion-de-la-secretaria-de-ambiente-en-la-fiesta-nacional-de-la-pera\/#breadcrumb"},"inLanguage":"es","potentialAction":[{"@type":"ReadAction","target":["https:\/\/patagoniambiental.com.ar\/info\/satisfaccion-por-la-participacion-de-la-secretaria-de-ambiente-en-la-fiesta-nacional-de-la-pera\/"]}]},{"@type":"BreadcrumbList","@id":"https:\/\/patagoniambiental.com.ar\/info\/satisfaccion-por-la-participacion-de-la-secretaria-de-ambiente-en-la-fiesta-nacional-de-la-pera\/#breadcrumb","itemListElement":[{"@type":"ListItem","position":1,"name":"Inicio","item":"https:\/\/patagoniambiental.com.ar\/info\/"},{"@type":"ListItem","position":2,"name":"Satisfacci\u00f3n por la participaci\u00f3n de la Secretar\u00eda de Ambiente en la Fiesta Nacional de la Pera"}]},{"@type":"WebSite","@id":"https:\/\/patagoniambiental.com.ar\/info\/#website","url":"https:\/\/patagoniambiental.com.ar\/info\/","name":"Patagonia Ambiental","description":"Monitoreo y an\u00e1lisis de la situaci\u00f3n geopol\u00edtica en el mundo y su implicancia en la Patagonia","publisher":{"@id":"https:\/\/patagoniambiental.com.ar\/info\/#organization"},"potentialAction":[{"@type":"SearchAction","target":{"@type":"EntryPoint","urlTemplate":"https:\/\/patagoniambiental.com.ar\/info\/?s={search_term_string}"},"query-input":{"@type":"PropertyValueSpecification","valueRequired":true,"valueName":"search_term_string"}}],"inLanguage":"es"},{"@type":"Organization","@id":"https:\/\/patagoniambiental.com.ar\/info\/#organization","name":"Patagonia Ambiental","url":"https:\/\/patagoniambiental.com.ar\/info\/","logo":{"@type":"ImageObject","inLanguage":"es","@id":"https:\/\/patagoniambiental.com.ar\/info\/#\/schema\/logo\/image\/","url":"https:\/\/patagoniambiental.com.ar\/info\/wp-content\/uploads\/2025\/05\/LOGO-PATAGONIA-AMBIENTAL.png","contentUrl":"https:\/\/patagoniambiental.com.ar\/info\/wp-content\/uploads\/2025\/05\/LOGO-PATAGONIA-AMBIENTAL.png","width":433,"height":250,"caption":"Patagonia Ambiental"},"image":{"@id":"https:\/\/patagoniambiental.com.ar\/info\/#\/schema\/logo\/image\/"},"sameAs":["https:\/\/www.facebook.com\/patagonia.ambiental","https:\/\/x.com\/PatAmb"]},{"@type":"Person","@id":"https:\/\/patagoniambiental.com.ar\/info\/#\/schema\/person\/db12bff64bbcbf6a253710bf0ea37b5d","name":"Patagonia Ambiental","description":"Andr\u00e9s Nievas T\u00e9cnico en manejo ambiental, consultor Ambiental y escritor para medios locales e internacionales sobre temas de geopolitica y medio ambiente.","sameAs":["http:\/\/www.patagoniambiental.com.ar","https:\/\/www.facebook.com\/share\/1C1V8Gv9BX\/?mibextid=qi2Omg","@patagoniambiental","https:\/\/youtube.com\/@patagoniaambiental2023?si=BLt58t0wuXquxlYZ"]}]}},"_links":{"self":[{"href":"https:\/\/patagoniambiental.com.ar\/info\/wp-json\/wp\/v2\/posts\/16499","targetHints":{"allow":["GET"]}}],"collection":[{"href":"https:\/\/patagoniambiental.com.ar\/info\/wp-json\/wp\/v2\/posts"}],"about":[{"href":"https:\/\/patagoniambiental.com.ar\/info\/wp-json\/wp\/v2\/types\/post"}],"author":[{"embeddable":true,"href":"https:\/\/patagoniambiental.com.ar\/info\/wp-json\/wp\/v2\/users\/2"}],"replies":[{"embeddable":true,"href":"https:\/\/patagoniambiental.com.ar\/info\/wp-json\/wp\/v2\/comments?post=16499"}],"version-history":[{"count":0,"href":"https:\/\/patagoniambiental.com.ar\/info\/wp-json\/wp\/v2\/posts\/16499\/revisions"}],"wp:attachment":[{"href":"https:\/\/patagoniambiental.com.ar\/info\/wp-json\/wp\/v2\/media?parent=16499"}],"wp:term":[{"taxonomy":"category","embeddable":true,"href":"https:\/\/patagoniambiental.com.ar\/info\/wp-json\/wp\/v2\/categories?post=16499"},{"taxonomy":"post_tag","embeddable":true,"href":"https:\/\/patagoniambiental.com.ar\/info\/wp-json\/wp\/v2\/tags?post=16499"}],"curies":[{"name":"wp","href":"https:\/\/api.w.org\/{rel}","templated":true}]}}