{"id":16523,"date":"2016-02-01T09:00:42","date_gmt":"2016-02-01T12:00:42","guid":{"rendered":"http:\/\/patagoniambiental.com.ar\/?p=16523"},"modified":"2016-02-01T09:00:42","modified_gmt":"2016-02-01T12:00:42","slug":"luz-y-fuerza-trabajara-en-el-plan-energetico-de-chubut","status":"publish","type":"post","link":"https:\/\/patagoniambiental.com.ar\/info\/luz-y-fuerza-trabajara-en-el-plan-energetico-de-chubut\/","title":{"rendered":"Luz y Fuerza trabajar\u00e1 en el \u201cPlan energ\u00e9tico\u201d de Chubut"},"content":{"rendered":"<div id=\"bajada\">El Sindicato de Luz y Fuerza de la Patagonia junto a la FUNPAT3MIL present\u00f3 su equipo de trabajo para elaborar un plan estrat\u00e9gico provincial que responde a una solicitud que le realiz\u00f3 el gobernador Mario Das Neves al secretario del gremio, H\u00e9ctor Gonz\u00e1lez, en una reuni\u00f3n que mantuvieron en diciembre de 2015.<\/div>\n<div><\/div>\n<div id=\"extSocial\">Para dar respuesta a esta voluntad de buscar una soluci\u00f3n sist\u00e9mica y con una mirada a largo plazo, el gremio reuni\u00f3 a un grupo de prestigiosos expertos en el sector energ\u00e9tico que ya se encuentran trabajando para presentarle en marzo diferentes esquemas a Mario Das Neves.<\/p>\n<div id=\"cuerpo\">\n<p>Para la presentaci\u00f3n del equipo, el Sindicato convoc\u00f3 a aportar ideas a actores del sector entre los que se encontraban el Presidente de la FECHCOOP y de la SCPL Guillermo Tcharian, el Presidente de la Cooperativa de Trelew Fabi\u00e1n G\u00f3mez Lozano, Federico Kexel y Sergio Damico, entre otros.<\/p>\n<p>\u201cLlevamos tres a\u00f1os en una emergencia de los servicios p\u00fablicos y hoy estamos trabajando para presentar diferentes propuestas, que buscan la \u2018integralidad\u2019, ya que hoy tenemos pol\u00edticas de servicios p\u00fablicos y tarifas diferentes en cada ciudad de Chubut\u201d se\u00f1al\u00f3 Gonz\u00e1lez, y agreg\u00f3 que \u201cevaluamos si es viable crear una Secretar\u00eda de Energ\u00eda El\u00e9ctrica o una Empresa Provincial de Energ\u00eda y a partir de all\u00ed realizar un estudio profundo que arroje cu\u00e1l debe ser la tarifa unificada de toda la provincia, crear est\u00e1ndares de prestaciones medibles y un sistema de compras unificado, entre otras acciones\u201d.<\/p>\n<p>\u201cQueremos llevarle en marzo a Das Neves una propuesta hecha a medida para Chubut, que adem\u00e1s de la generaci\u00f3n, el transporte y la distribuci\u00f3n tenga en cuenta a las energ\u00edas renovables\u201d, se\u00f1al\u00f3 el secretario General de Luz y Fuerza.<\/p>\n<p><strong>El equipo<\/strong><\/p>\n<p>En el equipo, que ya trabaja en un Plan Energ\u00e9tico Provincial, se encuentra el exsecretario de Energ\u00eda de la Naci\u00f3n entre 2003 y 2014, Daniel Cameron; el Ing. Bautista Marcheschi quien tambi\u00e9n fue subsecretario de Energ\u00eda El\u00e9ctrica de la Naci\u00f3n; el Ing. Sabino Mastr\u00e9ngelo; el Presidente de la FUNPAT3MIL Guillermo Gallo Mendoza; el contador Pablo Korn como nexo con el gobierno provincial; la especialista en energ\u00edas renovables Daniela Franco; el Lic. Javier Gallo Mendoza; el Ing. Claudio Damiano y el Cdor. Dar\u00edo Di Pilla.<\/p>\n<p>\u201cEl correcto suministro de los servicios p\u00fablicos tiene que dejar de ser un \u201cproblema de las cooperativas\u201d para transformarse en una pol\u00edtica estrat\u00e9gica con una visi\u00f3n a largo plazo\u2019, sostuvo el secretario de la FUNPAT3MIL, Gustavo Monesterolo, quien coordina junto a Marcheschi el grupo de trabajo.<\/p>\n<\/div>\n<\/div>\n<div><\/div>\n","protected":false},"excerpt":{"rendered":"<p>El Sindicato de Luz y Fuerza de la Patagonia junto a la FUNPAT3MIL present\u00f3 su equipo de trabajo para elaborar [&hellip;]<\/p>\n","protected":false},"author":2,"featured_media":0,"comment_status":"closed","ping_status":"closed","sticky":false,"template":"","format":"standard","meta":{"site-sidebar-layout":"default","site-content-layout":"","ast-site-content-layout":"default","site-content-style":"default","site-sidebar-style":"default","ast-global-header-display":"","ast-banner-title-visibility":"","ast-main-header-display":"","ast-hfb-above-header-display":"","ast-hfb-below-header-display":"","ast-hfb-mobile-header-display":"","site-post-title":"","ast-breadcrumbs-content":"","ast-featured-img":"","footer-sml-layout":"","ast-disable-related-posts":"","theme-transparent-header-meta":"","adv-header-id-meta":"","stick-header-meta":"","header-above-stick-meta":"","header-main-stick-meta":"","header-below-stick-meta":"","astra-migrate-meta-layouts":"default","ast-page-background-enabled":"default","ast-page-background-meta":{"desktop":{"background-color":"var(--ast-global-color-5)","background-image":"","background-repeat":"repeat","background-position":"center center","background-size":"auto","background-attachment":"scroll","background-type":"","background-media":"","overlay-type":"","overlay-color":"","overlay-opacity":"","overlay-gradient":""},"tablet":{"background-color":"","background-image":"","background-repeat":"repeat","background-position":"center center","background-size":"auto","background-attachment":"scroll","background-type":"","background-media":"","overlay-type":"","overlay-color":"","overlay-opacity":"","overlay-gradient":""},"mobile":{"background-color":"","background-image":"","background-repeat":"repeat","background-position":"center center","background-size":"auto","background-attachment":"scroll","background-type":"","background-media":"","overlay-type":"","overlay-color":"","overlay-opacity":"","overlay-gradient":""}},"ast-content-background-meta":{"desktop":{"background-color":"var(--ast-global-color-4)","background-image":"","background-repeat":"repeat","background-position":"center center","background-size":"auto","background-attachment":"scroll","background-type":"","background-media":"","overlay-type":"","overlay-color":"","overlay-opacity":"","overlay-gradient":""},"tablet":{"background-color":"var(--ast-global-color-4)","background-image":"","background-repeat":"repeat","background-position":"center center","background-size":"auto","background-attachment":"scroll","background-type":"","background-media":"","overlay-type":"","overlay-color":"","overlay-opacity":"","overlay-gradient":""},"mobile":{"background-color":"var(--ast-global-color-4)","background-image":"","background-repeat":"repeat","background-position":"center center","background-size":"auto","background-attachment":"scroll","background-type":"","background-media":"","overlay-type":"","overlay-color":"","overlay-opacity":"","overlay-gradient":""}},"footnotes":""},"categories":[1],"tags":[],"class_list":["post-16523","post","type-post","status-publish","format-standard","hentry","category-noticias"],"yoast_head":"<!-- This site is optimized with the Yoast SEO Premium plugin v23.0 (Yoast SEO v27.5) - https:\/\/yoast.com\/product\/yoast-seo-premium-wordpress\/ -->\n<title>Luz y Fuerza trabajar\u00e1 en el \u201cPlan energ\u00e9tico\u201d de Chubut<\/title>\n<meta name=\"robots\" content=\"index, follow, max-snippet:-1, max-image-preview:large, max-video-preview:-1\" \/>\n<link rel=\"canonical\" href=\"https:\/\/patagoniambiental.com.ar\/info\/luz-y-fuerza-trabajara-en-el-plan-energetico-de-chubut\/\" \/>\n<meta property=\"og:locale\" content=\"es_ES\" \/>\n<meta property=\"og:type\" content=\"article\" \/>\n<meta property=\"og:title\" content=\"Luz y Fuerza trabajar\u00e1 en el \u201cPlan energ\u00e9tico\u201d de Chubut\" \/>\n<meta property=\"og:description\" content=\"El Sindicato de Luz y Fuerza de la Patagonia junto a la FUNPAT3MIL present\u00f3 su equipo de trabajo para elaborar [&hellip;]\" \/>\n<meta property=\"og:url\" content=\"https:\/\/patagoniambiental.com.ar\/info\/luz-y-fuerza-trabajara-en-el-plan-energetico-de-chubut\/\" \/>\n<meta property=\"og:site_name\" content=\"Patagonia Ambiental\" \/>\n<meta property=\"article:publisher\" content=\"https:\/\/www.facebook.com\/patagonia.ambiental\" \/>\n<meta property=\"article:author\" content=\"https:\/\/www.facebook.com\/share\/1C1V8Gv9BX\/?mibextid=qi2Omg\" \/>\n<meta property=\"article:published_time\" content=\"2016-02-01T12:00:42+00:00\" \/>\n<meta name=\"author\" content=\"Patagonia Ambiental\" \/>\n<meta name=\"twitter:card\" content=\"summary_large_image\" \/>\n<meta name=\"twitter:creator\" content=\"@PatAmb\" \/>\n<meta name=\"twitter:site\" content=\"@PatAmb\" \/>\n<script type=\"application\/ld+json\" class=\"yoast-schema-graph\">{\"@context\":\"https:\\\/\\\/schema.org\",\"@graph\":[{\"@type\":\"Article\",\"@id\":\"https:\\\/\\\/patagoniambiental.com.ar\\\/info\\\/luz-y-fuerza-trabajara-en-el-plan-energetico-de-chubut\\\/#article\",\"isPartOf\":{\"@id\":\"https:\\\/\\\/patagoniambiental.com.ar\\\/info\\\/luz-y-fuerza-trabajara-en-el-plan-energetico-de-chubut\\\/\"},\"author\":{\"name\":\"Patagonia Ambiental\",\"@id\":\"https:\\\/\\\/patagoniambiental.com.ar\\\/info\\\/#\\\/schema\\\/person\\\/db12bff64bbcbf6a253710bf0ea37b5d\"},\"headline\":\"Luz y Fuerza trabajar\u00e1 en el \u201cPlan energ\u00e9tico\u201d de Chubut\",\"datePublished\":\"2016-02-01T12:00:42+00:00\",\"mainEntityOfPage\":{\"@id\":\"https:\\\/\\\/patagoniambiental.com.ar\\\/info\\\/luz-y-fuerza-trabajara-en-el-plan-energetico-de-chubut\\\/\"},\"wordCount\":463,\"publisher\":{\"@id\":\"https:\\\/\\\/patagoniambiental.com.ar\\\/info\\\/#organization\"},\"articleSection\":[\"Noticias\"],\"inLanguage\":\"es\"},{\"@type\":\"WebPage\",\"@id\":\"https:\\\/\\\/patagoniambiental.com.ar\\\/info\\\/luz-y-fuerza-trabajara-en-el-plan-energetico-de-chubut\\\/\",\"url\":\"https:\\\/\\\/patagoniambiental.com.ar\\\/info\\\/luz-y-fuerza-trabajara-en-el-plan-energetico-de-chubut\\\/\",\"name\":\"Luz y Fuerza trabajar\u00e1 en el \u201cPlan energ\u00e9tico\u201d de Chubut\",\"isPartOf\":{\"@id\":\"https:\\\/\\\/patagoniambiental.com.ar\\\/info\\\/#website\"},\"datePublished\":\"2016-02-01T12:00:42+00:00\",\"breadcrumb\":{\"@id\":\"https:\\\/\\\/patagoniambiental.com.ar\\\/info\\\/luz-y-fuerza-trabajara-en-el-plan-energetico-de-chubut\\\/#breadcrumb\"},\"inLanguage\":\"es\",\"potentialAction\":[{\"@type\":\"ReadAction\",\"target\":[\"https:\\\/\\\/patagoniambiental.com.ar\\\/info\\\/luz-y-fuerza-trabajara-en-el-plan-energetico-de-chubut\\\/\"]}]},{\"@type\":\"BreadcrumbList\",\"@id\":\"https:\\\/\\\/patagoniambiental.com.ar\\\/info\\\/luz-y-fuerza-trabajara-en-el-plan-energetico-de-chubut\\\/#breadcrumb\",\"itemListElement\":[{\"@type\":\"ListItem\",\"position\":1,\"name\":\"Inicio\",\"item\":\"https:\\\/\\\/patagoniambiental.com.ar\\\/info\\\/\"},{\"@type\":\"ListItem\",\"position\":2,\"name\":\"Luz y Fuerza trabajar\u00e1 en el \u201cPlan energ\u00e9tico\u201d de Chubut\"}]},{\"@type\":\"WebSite\",\"@id\":\"https:\\\/\\\/patagoniambiental.com.ar\\\/info\\\/#website\",\"url\":\"https:\\\/\\\/patagoniambiental.com.ar\\\/info\\\/\",\"name\":\"Patagonia Ambiental\",\"description\":\"Monitoreo y an\u00e1lisis de la situaci\u00f3n geopol\u00edtica en el mundo y su implicancia en la Patagonia\",\"publisher\":{\"@id\":\"https:\\\/\\\/patagoniambiental.com.ar\\\/info\\\/#organization\"},\"potentialAction\":[{\"@type\":\"SearchAction\",\"target\":{\"@type\":\"EntryPoint\",\"urlTemplate\":\"https:\\\/\\\/patagoniambiental.com.ar\\\/info\\\/?s={search_term_string}\"},\"query-input\":{\"@type\":\"PropertyValueSpecification\",\"valueRequired\":true,\"valueName\":\"search_term_string\"}}],\"inLanguage\":\"es\"},{\"@type\":\"Organization\",\"@id\":\"https:\\\/\\\/patagoniambiental.com.ar\\\/info\\\/#organization\",\"name\":\"Patagonia Ambiental\",\"url\":\"https:\\\/\\\/patagoniambiental.com.ar\\\/info\\\/\",\"logo\":{\"@type\":\"ImageObject\",\"inLanguage\":\"es\",\"@id\":\"https:\\\/\\\/patagoniambiental.com.ar\\\/info\\\/#\\\/schema\\\/logo\\\/image\\\/\",\"url\":\"https:\\\/\\\/patagoniambiental.com.ar\\\/info\\\/wp-content\\\/uploads\\\/2025\\\/05\\\/LOGO-PATAGONIA-AMBIENTAL.png\",\"contentUrl\":\"https:\\\/\\\/patagoniambiental.com.ar\\\/info\\\/wp-content\\\/uploads\\\/2025\\\/05\\\/LOGO-PATAGONIA-AMBIENTAL.png\",\"width\":433,\"height\":250,\"caption\":\"Patagonia Ambiental\"},\"image\":{\"@id\":\"https:\\\/\\\/patagoniambiental.com.ar\\\/info\\\/#\\\/schema\\\/logo\\\/image\\\/\"},\"sameAs\":[\"https:\\\/\\\/www.facebook.com\\\/patagonia.ambiental\",\"https:\\\/\\\/x.com\\\/PatAmb\"]},{\"@type\":\"Person\",\"@id\":\"https:\\\/\\\/patagoniambiental.com.ar\\\/info\\\/#\\\/schema\\\/person\\\/db12bff64bbcbf6a253710bf0ea37b5d\",\"name\":\"Patagonia Ambiental\",\"description\":\"Andr\u00e9s Nievas T\u00e9cnico en manejo ambiental, consultor Ambiental y escritor para medios locales e internacionales sobre temas de geopolitica y medio ambiente.\",\"sameAs\":[\"http:\\\/\\\/www.patagoniambiental.com.ar\",\"https:\\\/\\\/www.facebook.com\\\/share\\\/1C1V8Gv9BX\\\/?mibextid=qi2Omg\",\"@patagoniambiental\",\"https:\\\/\\\/youtube.com\\\/@patagoniaambiental2023?si=BLt58t0wuXquxlYZ\"]}]}<\/script>\n<!-- \/ Yoast SEO Premium plugin. -->","yoast_head_json":{"title":"Luz y Fuerza trabajar\u00e1 en el \u201cPlan energ\u00e9tico\u201d de Chubut","robots":{"index":"index","follow":"follow","max-snippet":"max-snippet:-1","max-image-preview":"max-image-preview:large","max-video-preview":"max-video-preview:-1"},"canonical":"https:\/\/patagoniambiental.com.ar\/info\/luz-y-fuerza-trabajara-en-el-plan-energetico-de-chubut\/","og_locale":"es_ES","og_type":"article","og_title":"Luz y Fuerza trabajar\u00e1 en el \u201cPlan energ\u00e9tico\u201d de Chubut","og_description":"El Sindicato de Luz y Fuerza de la Patagonia junto a la FUNPAT3MIL present\u00f3 su equipo de trabajo para elaborar [&hellip;]","og_url":"https:\/\/patagoniambiental.com.ar\/info\/luz-y-fuerza-trabajara-en-el-plan-energetico-de-chubut\/","og_site_name":"Patagonia Ambiental","article_publisher":"https:\/\/www.facebook.com\/patagonia.ambiental","article_author":"https:\/\/www.facebook.com\/share\/1C1V8Gv9BX\/?mibextid=qi2Omg","article_published_time":"2016-02-01T12:00:42+00:00","author":"Patagonia Ambiental","twitter_card":"summary_large_image","twitter_creator":"@PatAmb","twitter_site":"@PatAmb","schema":{"@context":"https:\/\/schema.org","@graph":[{"@type":"Article","@id":"https:\/\/patagoniambiental.com.ar\/info\/luz-y-fuerza-trabajara-en-el-plan-energetico-de-chubut\/#article","isPartOf":{"@id":"https:\/\/patagoniambiental.com.ar\/info\/luz-y-fuerza-trabajara-en-el-plan-energetico-de-chubut\/"},"author":{"name":"Patagonia Ambiental","@id":"https:\/\/patagoniambiental.com.ar\/info\/#\/schema\/person\/db12bff64bbcbf6a253710bf0ea37b5d"},"headline":"Luz y Fuerza trabajar\u00e1 en el \u201cPlan energ\u00e9tico\u201d de Chubut","datePublished":"2016-02-01T12:00:42+00:00","mainEntityOfPage":{"@id":"https:\/\/patagoniambiental.com.ar\/info\/luz-y-fuerza-trabajara-en-el-plan-energetico-de-chubut\/"},"wordCount":463,"publisher":{"@id":"https:\/\/patagoniambiental.com.ar\/info\/#organization"},"articleSection":["Noticias"],"inLanguage":"es"},{"@type":"WebPage","@id":"https:\/\/patagoniambiental.com.ar\/info\/luz-y-fuerza-trabajara-en-el-plan-energetico-de-chubut\/","url":"https:\/\/patagoniambiental.com.ar\/info\/luz-y-fuerza-trabajara-en-el-plan-energetico-de-chubut\/","name":"Luz y Fuerza trabajar\u00e1 en el \u201cPlan energ\u00e9tico\u201d de Chubut","isPartOf":{"@id":"https:\/\/patagoniambiental.com.ar\/info\/#website"},"datePublished":"2016-02-01T12:00:42+00:00","breadcrumb":{"@id":"https:\/\/patagoniambiental.com.ar\/info\/luz-y-fuerza-trabajara-en-el-plan-energetico-de-chubut\/#breadcrumb"},"inLanguage":"es","potentialAction":[{"@type":"ReadAction","target":["https:\/\/patagoniambiental.com.ar\/info\/luz-y-fuerza-trabajara-en-el-plan-energetico-de-chubut\/"]}]},{"@type":"BreadcrumbList","@id":"https:\/\/patagoniambiental.com.ar\/info\/luz-y-fuerza-trabajara-en-el-plan-energetico-de-chubut\/#breadcrumb","itemListElement":[{"@type":"ListItem","position":1,"name":"Inicio","item":"https:\/\/patagoniambiental.com.ar\/info\/"},{"@type":"ListItem","position":2,"name":"Luz y Fuerza trabajar\u00e1 en el \u201cPlan energ\u00e9tico\u201d de Chubut"}]},{"@type":"WebSite","@id":"https:\/\/patagoniambiental.com.ar\/info\/#website","url":"https:\/\/patagoniambiental.com.ar\/info\/","name":"Patagonia Ambiental","description":"Monitoreo y an\u00e1lisis de la situaci\u00f3n geopol\u00edtica en el mundo y su implicancia en la Patagonia","publisher":{"@id":"https:\/\/patagoniambiental.com.ar\/info\/#organization"},"potentialAction":[{"@type":"SearchAction","target":{"@type":"EntryPoint","urlTemplate":"https:\/\/patagoniambiental.com.ar\/info\/?s={search_term_string}"},"query-input":{"@type":"PropertyValueSpecification","valueRequired":true,"valueName":"search_term_string"}}],"inLanguage":"es"},{"@type":"Organization","@id":"https:\/\/patagoniambiental.com.ar\/info\/#organization","name":"Patagonia Ambiental","url":"https:\/\/patagoniambiental.com.ar\/info\/","logo":{"@type":"ImageObject","inLanguage":"es","@id":"https:\/\/patagoniambiental.com.ar\/info\/#\/schema\/logo\/image\/","url":"https:\/\/patagoniambiental.com.ar\/info\/wp-content\/uploads\/2025\/05\/LOGO-PATAGONIA-AMBIENTAL.png","contentUrl":"https:\/\/patagoniambiental.com.ar\/info\/wp-content\/uploads\/2025\/05\/LOGO-PATAGONIA-AMBIENTAL.png","width":433,"height":250,"caption":"Patagonia Ambiental"},"image":{"@id":"https:\/\/patagoniambiental.com.ar\/info\/#\/schema\/logo\/image\/"},"sameAs":["https:\/\/www.facebook.com\/patagonia.ambiental","https:\/\/x.com\/PatAmb"]},{"@type":"Person","@id":"https:\/\/patagoniambiental.com.ar\/info\/#\/schema\/person\/db12bff64bbcbf6a253710bf0ea37b5d","name":"Patagonia Ambiental","description":"Andr\u00e9s Nievas T\u00e9cnico en manejo ambiental, consultor Ambiental y escritor para medios locales e internacionales sobre temas de geopolitica y medio ambiente.","sameAs":["http:\/\/www.patagoniambiental.com.ar","https:\/\/www.facebook.com\/share\/1C1V8Gv9BX\/?mibextid=qi2Omg","@patagoniambiental","https:\/\/youtube.com\/@patagoniaambiental2023?si=BLt58t0wuXquxlYZ"]}]}},"_links":{"self":[{"href":"https:\/\/patagoniambiental.com.ar\/info\/wp-json\/wp\/v2\/posts\/16523","targetHints":{"allow":["GET"]}}],"collection":[{"href":"https:\/\/patagoniambiental.com.ar\/info\/wp-json\/wp\/v2\/posts"}],"about":[{"href":"https:\/\/patagoniambiental.com.ar\/info\/wp-json\/wp\/v2\/types\/post"}],"author":[{"embeddable":true,"href":"https:\/\/patagoniambiental.com.ar\/info\/wp-json\/wp\/v2\/users\/2"}],"replies":[{"embeddable":true,"href":"https:\/\/patagoniambiental.com.ar\/info\/wp-json\/wp\/v2\/comments?post=16523"}],"version-history":[{"count":0,"href":"https:\/\/patagoniambiental.com.ar\/info\/wp-json\/wp\/v2\/posts\/16523\/revisions"}],"wp:attachment":[{"href":"https:\/\/patagoniambiental.com.ar\/info\/wp-json\/wp\/v2\/media?parent=16523"}],"wp:term":[{"taxonomy":"category","embeddable":true,"href":"https:\/\/patagoniambiental.com.ar\/info\/wp-json\/wp\/v2\/categories?post=16523"},{"taxonomy":"post_tag","embeddable":true,"href":"https:\/\/patagoniambiental.com.ar\/info\/wp-json\/wp\/v2\/tags?post=16523"}],"curies":[{"name":"wp","href":"https:\/\/api.w.org\/{rel}","templated":true}]}}