{"id":16529,"date":"2016-02-01T09:00:43","date_gmt":"2016-02-01T12:00:43","guid":{"rendered":"http:\/\/patagoniambiental.com.ar\/?p=16529"},"modified":"2016-02-01T09:00:43","modified_gmt":"2016-02-01T12:00:43","slug":"empresa-de-tierra-del-fuego-obtiene-certificacion-internacional-por-gestion-ambiental-y-eficiencia-energetica","status":"publish","type":"post","link":"https:\/\/patagoniambiental.com.ar\/info\/empresa-de-tierra-del-fuego-obtiene-certificacion-internacional-por-gestion-ambiental-y-eficiencia-energetica\/","title":{"rendered":"Empresa de Tierra del Fuego obtiene certificaci\u00f3n internacional por gesti\u00f3n ambiental y eficiencia energ\u00e9tica"},"content":{"rendered":"<p>Grupo Newsan, l\u00edder en Argentina en la fabricaci\u00f3n, comercializaci\u00f3n y distribuci\u00f3n de electr\u00f3nica de consumo y art\u00edculos para el hogar, obtuvo la certificaci\u00f3n internacional de las normas ISO 14001 de Gesti\u00f3n Ambiental, con alcance a todas las plantas de Ushuaia, y de la norma ISO 50001 de Gesti\u00f3n de la Eficiencia Energ\u00e9tica, en la Planta 6 de fabricaci\u00f3n de Acondicionadores de Aire.<\/p>\n<p>Grupo Newsan logr\u00f3 certificar el Sistema de Gesti\u00f3n Integrado, en lo referido a cuidado del medioambiente, bajo los lineamientos de la norma ISO 14001. Esta certificaci\u00f3n apoya a la protecci\u00f3n medioambiental y la prevenci\u00f3n de la contaminaci\u00f3n en armon\u00eda con las necesidades socioecon\u00f3micas.<\/p>\n<p>En lo referido a Eficiencia Energ\u00e9tica, la empresa logr\u00f3 certificar el Sistema de Gesti\u00f3n Integrado, en la fabricaci\u00f3n de acondicionadores de aire, bajo los lineamientos de la norma ISO 50001, para la planta 6, de Ushuaia. As\u00ed, Grupo Newsan pasa a formar parte del selecto grupo de 8 compa\u00f1\u00edas argentinas en acreditarla.<\/p>\n<p>A lo largo del 2015, en lo referido a calidad, se ampli\u00f3 el alcance de la certificaci\u00f3n del Sistema de Gesti\u00f3n Integrado, a todos los procesos de fabricaci\u00f3n de todas las plantas en Ushuaia, bajo los lineamientos de la norma ISO 9001. Esta certificaci\u00f3n concibe que todos los productos electr\u00f3nicos, se realicen siguiendo los lineamientos de este est\u00e1ndar internacional. En lo que respecta a salud y seguridad ocupacional, se certific\u00f3 el Sistema de Gesti\u00f3n Integrado bajo los lineamientos de la norma OHSAS 18001.<\/p>\n<p>\u201cEstamos orgullos de reafirmar nuestro compromiso con la producci\u00f3n bajo los m\u00e1s altos est\u00e1ndares de calidad internacional. Completamos un ciclo muy ambicioso de estandarizaci\u00f3n de nuestros procesos de gesti\u00f3n de Salud y Seguridad Ocupacional, Medio Ambiente, Eficiencia Energ\u00e9tica y Calidad. Todo ello nos permite consolidar la excelencia en cada uno de nuestros Sistemas de Producci\u00f3n\u201d, explic\u00f3 Facundo Bianciotto, Gerente de Calidad de Grupo Newsan en Ushuaia.<\/p>\n","protected":false},"excerpt":{"rendered":"<p>Grupo Newsan, l\u00edder en Argentina en la fabricaci\u00f3n, comercializaci\u00f3n y distribuci\u00f3n de electr\u00f3nica de consumo y art\u00edculos para el hogar, [&hellip;]<\/p>\n","protected":false},"author":2,"featured_media":0,"comment_status":"closed","ping_status":"closed","sticky":false,"template":"","format":"standard","meta":{"site-sidebar-layout":"default","site-content-layout":"","ast-site-content-layout":"default","site-content-style":"default","site-sidebar-style":"default","ast-global-header-display":"","ast-banner-title-visibility":"","ast-main-header-display":"","ast-hfb-above-header-display":"","ast-hfb-below-header-display":"","ast-hfb-mobile-header-display":"","site-post-title":"","ast-breadcrumbs-content":"","ast-featured-img":"","footer-sml-layout":"","ast-disable-related-posts":"","theme-transparent-header-meta":"","adv-header-id-meta":"","stick-header-meta":"","header-above-stick-meta":"","header-main-stick-meta":"","header-below-stick-meta":"","astra-migrate-meta-layouts":"default","ast-page-background-enabled":"default","ast-page-background-meta":{"desktop":{"background-color":"var(--ast-global-color-5)","background-image":"","background-repeat":"repeat","background-position":"center center","background-size":"auto","background-attachment":"scroll","background-type":"","background-media":"","overlay-type":"","overlay-color":"","overlay-opacity":"","overlay-gradient":""},"tablet":{"background-color":"","background-image":"","background-repeat":"repeat","background-position":"center center","background-size":"auto","background-attachment":"scroll","background-type":"","background-media":"","overlay-type":"","overlay-color":"","overlay-opacity":"","overlay-gradient":""},"mobile":{"background-color":"","background-image":"","background-repeat":"repeat","background-position":"center center","background-size":"auto","background-attachment":"scroll","background-type":"","background-media":"","overlay-type":"","overlay-color":"","overlay-opacity":"","overlay-gradient":""}},"ast-content-background-meta":{"desktop":{"background-color":"var(--ast-global-color-4)","background-image":"","background-repeat":"repeat","background-position":"center center","background-size":"auto","background-attachment":"scroll","background-type":"","background-media":"","overlay-type":"","overlay-color":"","overlay-opacity":"","overlay-gradient":""},"tablet":{"background-color":"var(--ast-global-color-4)","background-image":"","background-repeat":"repeat","background-position":"center center","background-size":"auto","background-attachment":"scroll","background-type":"","background-media":"","overlay-type":"","overlay-color":"","overlay-opacity":"","overlay-gradient":""},"mobile":{"background-color":"var(--ast-global-color-4)","background-image":"","background-repeat":"repeat","background-position":"center center","background-size":"auto","background-attachment":"scroll","background-type":"","background-media":"","overlay-type":"","overlay-color":"","overlay-opacity":"","overlay-gradient":""}},"footnotes":""},"categories":[1],"tags":[],"class_list":["post-16529","post","type-post","status-publish","format-standard","hentry","category-noticias"],"yoast_head":"<!-- This site is optimized with the Yoast SEO Premium plugin v23.0 (Yoast SEO v27.5) - https:\/\/yoast.com\/product\/yoast-seo-premium-wordpress\/ -->\n<title>Empresa de Tierra del Fuego obtiene certificaci\u00f3n internacional por gesti\u00f3n ambiental y eficiencia energ\u00e9tica<\/title>\n<meta name=\"robots\" content=\"index, follow, max-snippet:-1, max-image-preview:large, max-video-preview:-1\" \/>\n<link rel=\"canonical\" href=\"https:\/\/patagoniambiental.com.ar\/info\/empresa-de-tierra-del-fuego-obtiene-certificacion-internacional-por-gestion-ambiental-y-eficiencia-energetica\/\" \/>\n<meta property=\"og:locale\" content=\"es_ES\" \/>\n<meta property=\"og:type\" content=\"article\" \/>\n<meta property=\"og:title\" content=\"Empresa de Tierra del Fuego obtiene certificaci\u00f3n internacional por gesti\u00f3n ambiental y eficiencia energ\u00e9tica\" \/>\n<meta property=\"og:description\" content=\"Grupo Newsan, l\u00edder en Argentina en la fabricaci\u00f3n, comercializaci\u00f3n y distribuci\u00f3n de electr\u00f3nica de consumo y art\u00edculos para el hogar, [&hellip;]\" \/>\n<meta property=\"og:url\" content=\"https:\/\/patagoniambiental.com.ar\/info\/empresa-de-tierra-del-fuego-obtiene-certificacion-internacional-por-gestion-ambiental-y-eficiencia-energetica\/\" \/>\n<meta property=\"og:site_name\" content=\"Patagonia Ambiental\" \/>\n<meta property=\"article:publisher\" content=\"https:\/\/www.facebook.com\/patagonia.ambiental\" \/>\n<meta property=\"article:author\" content=\"https:\/\/www.facebook.com\/share\/1C1V8Gv9BX\/?mibextid=qi2Omg\" \/>\n<meta property=\"article:published_time\" content=\"2016-02-01T12:00:43+00:00\" \/>\n<meta name=\"author\" content=\"Patagonia Ambiental\" \/>\n<meta name=\"twitter:card\" content=\"summary_large_image\" \/>\n<meta name=\"twitter:creator\" content=\"@PatAmb\" \/>\n<meta name=\"twitter:site\" content=\"@PatAmb\" \/>\n<script type=\"application\/ld+json\" class=\"yoast-schema-graph\">{\"@context\":\"https:\\\/\\\/schema.org\",\"@graph\":[{\"@type\":\"Article\",\"@id\":\"https:\\\/\\\/patagoniambiental.com.ar\\\/info\\\/empresa-de-tierra-del-fuego-obtiene-certificacion-internacional-por-gestion-ambiental-y-eficiencia-energetica\\\/#article\",\"isPartOf\":{\"@id\":\"https:\\\/\\\/patagoniambiental.com.ar\\\/info\\\/empresa-de-tierra-del-fuego-obtiene-certificacion-internacional-por-gestion-ambiental-y-eficiencia-energetica\\\/\"},\"author\":{\"name\":\"Patagonia Ambiental\",\"@id\":\"https:\\\/\\\/patagoniambiental.com.ar\\\/info\\\/#\\\/schema\\\/person\\\/db12bff64bbcbf6a253710bf0ea37b5d\"},\"headline\":\"Empresa de Tierra del Fuego obtiene certificaci\u00f3n internacional por gesti\u00f3n ambiental y eficiencia energ\u00e9tica\",\"datePublished\":\"2016-02-01T12:00:43+00:00\",\"mainEntityOfPage\":{\"@id\":\"https:\\\/\\\/patagoniambiental.com.ar\\\/info\\\/empresa-de-tierra-del-fuego-obtiene-certificacion-internacional-por-gestion-ambiental-y-eficiencia-energetica\\\/\"},\"wordCount\":349,\"publisher\":{\"@id\":\"https:\\\/\\\/patagoniambiental.com.ar\\\/info\\\/#organization\"},\"articleSection\":[\"Noticias\"],\"inLanguage\":\"es\"},{\"@type\":\"WebPage\",\"@id\":\"https:\\\/\\\/patagoniambiental.com.ar\\\/info\\\/empresa-de-tierra-del-fuego-obtiene-certificacion-internacional-por-gestion-ambiental-y-eficiencia-energetica\\\/\",\"url\":\"https:\\\/\\\/patagoniambiental.com.ar\\\/info\\\/empresa-de-tierra-del-fuego-obtiene-certificacion-internacional-por-gestion-ambiental-y-eficiencia-energetica\\\/\",\"name\":\"Empresa de Tierra del Fuego obtiene certificaci\u00f3n internacional por gesti\u00f3n ambiental y eficiencia energ\u00e9tica\",\"isPartOf\":{\"@id\":\"https:\\\/\\\/patagoniambiental.com.ar\\\/info\\\/#website\"},\"datePublished\":\"2016-02-01T12:00:43+00:00\",\"breadcrumb\":{\"@id\":\"https:\\\/\\\/patagoniambiental.com.ar\\\/info\\\/empresa-de-tierra-del-fuego-obtiene-certificacion-internacional-por-gestion-ambiental-y-eficiencia-energetica\\\/#breadcrumb\"},\"inLanguage\":\"es\",\"potentialAction\":[{\"@type\":\"ReadAction\",\"target\":[\"https:\\\/\\\/patagoniambiental.com.ar\\\/info\\\/empresa-de-tierra-del-fuego-obtiene-certificacion-internacional-por-gestion-ambiental-y-eficiencia-energetica\\\/\"]}]},{\"@type\":\"BreadcrumbList\",\"@id\":\"https:\\\/\\\/patagoniambiental.com.ar\\\/info\\\/empresa-de-tierra-del-fuego-obtiene-certificacion-internacional-por-gestion-ambiental-y-eficiencia-energetica\\\/#breadcrumb\",\"itemListElement\":[{\"@type\":\"ListItem\",\"position\":1,\"name\":\"Inicio\",\"item\":\"https:\\\/\\\/patagoniambiental.com.ar\\\/info\\\/\"},{\"@type\":\"ListItem\",\"position\":2,\"name\":\"Empresa de Tierra del Fuego obtiene certificaci\u00f3n internacional por gesti\u00f3n ambiental y eficiencia energ\u00e9tica\"}]},{\"@type\":\"WebSite\",\"@id\":\"https:\\\/\\\/patagoniambiental.com.ar\\\/info\\\/#website\",\"url\":\"https:\\\/\\\/patagoniambiental.com.ar\\\/info\\\/\",\"name\":\"Patagonia Ambiental\",\"description\":\"Monitoreo y an\u00e1lisis de la situaci\u00f3n geopol\u00edtica en el mundo y su implicancia en la Patagonia\",\"publisher\":{\"@id\":\"https:\\\/\\\/patagoniambiental.com.ar\\\/info\\\/#organization\"},\"potentialAction\":[{\"@type\":\"SearchAction\",\"target\":{\"@type\":\"EntryPoint\",\"urlTemplate\":\"https:\\\/\\\/patagoniambiental.com.ar\\\/info\\\/?s={search_term_string}\"},\"query-input\":{\"@type\":\"PropertyValueSpecification\",\"valueRequired\":true,\"valueName\":\"search_term_string\"}}],\"inLanguage\":\"es\"},{\"@type\":\"Organization\",\"@id\":\"https:\\\/\\\/patagoniambiental.com.ar\\\/info\\\/#organization\",\"name\":\"Patagonia Ambiental\",\"url\":\"https:\\\/\\\/patagoniambiental.com.ar\\\/info\\\/\",\"logo\":{\"@type\":\"ImageObject\",\"inLanguage\":\"es\",\"@id\":\"https:\\\/\\\/patagoniambiental.com.ar\\\/info\\\/#\\\/schema\\\/logo\\\/image\\\/\",\"url\":\"https:\\\/\\\/patagoniambiental.com.ar\\\/info\\\/wp-content\\\/uploads\\\/2025\\\/05\\\/LOGO-PATAGONIA-AMBIENTAL.png\",\"contentUrl\":\"https:\\\/\\\/patagoniambiental.com.ar\\\/info\\\/wp-content\\\/uploads\\\/2025\\\/05\\\/LOGO-PATAGONIA-AMBIENTAL.png\",\"width\":433,\"height\":250,\"caption\":\"Patagonia Ambiental\"},\"image\":{\"@id\":\"https:\\\/\\\/patagoniambiental.com.ar\\\/info\\\/#\\\/schema\\\/logo\\\/image\\\/\"},\"sameAs\":[\"https:\\\/\\\/www.facebook.com\\\/patagonia.ambiental\",\"https:\\\/\\\/x.com\\\/PatAmb\"]},{\"@type\":\"Person\",\"@id\":\"https:\\\/\\\/patagoniambiental.com.ar\\\/info\\\/#\\\/schema\\\/person\\\/db12bff64bbcbf6a253710bf0ea37b5d\",\"name\":\"Patagonia Ambiental\",\"description\":\"Andr\u00e9s Nievas T\u00e9cnico en manejo ambiental, consultor Ambiental y escritor para medios locales e internacionales sobre temas de geopolitica y medio ambiente.\",\"sameAs\":[\"http:\\\/\\\/www.patagoniambiental.com.ar\",\"https:\\\/\\\/www.facebook.com\\\/share\\\/1C1V8Gv9BX\\\/?mibextid=qi2Omg\",\"@patagoniambiental\",\"https:\\\/\\\/youtube.com\\\/@patagoniaambiental2023?si=BLt58t0wuXquxlYZ\"]}]}<\/script>\n<!-- \/ Yoast SEO Premium plugin. -->","yoast_head_json":{"title":"Empresa de Tierra del Fuego obtiene certificaci\u00f3n internacional por gesti\u00f3n ambiental y eficiencia energ\u00e9tica","robots":{"index":"index","follow":"follow","max-snippet":"max-snippet:-1","max-image-preview":"max-image-preview:large","max-video-preview":"max-video-preview:-1"},"canonical":"https:\/\/patagoniambiental.com.ar\/info\/empresa-de-tierra-del-fuego-obtiene-certificacion-internacional-por-gestion-ambiental-y-eficiencia-energetica\/","og_locale":"es_ES","og_type":"article","og_title":"Empresa de Tierra del Fuego obtiene certificaci\u00f3n internacional por gesti\u00f3n ambiental y eficiencia energ\u00e9tica","og_description":"Grupo Newsan, l\u00edder en Argentina en la fabricaci\u00f3n, comercializaci\u00f3n y distribuci\u00f3n de electr\u00f3nica de consumo y art\u00edculos para el hogar, [&hellip;]","og_url":"https:\/\/patagoniambiental.com.ar\/info\/empresa-de-tierra-del-fuego-obtiene-certificacion-internacional-por-gestion-ambiental-y-eficiencia-energetica\/","og_site_name":"Patagonia Ambiental","article_publisher":"https:\/\/www.facebook.com\/patagonia.ambiental","article_author":"https:\/\/www.facebook.com\/share\/1C1V8Gv9BX\/?mibextid=qi2Omg","article_published_time":"2016-02-01T12:00:43+00:00","author":"Patagonia Ambiental","twitter_card":"summary_large_image","twitter_creator":"@PatAmb","twitter_site":"@PatAmb","schema":{"@context":"https:\/\/schema.org","@graph":[{"@type":"Article","@id":"https:\/\/patagoniambiental.com.ar\/info\/empresa-de-tierra-del-fuego-obtiene-certificacion-internacional-por-gestion-ambiental-y-eficiencia-energetica\/#article","isPartOf":{"@id":"https:\/\/patagoniambiental.com.ar\/info\/empresa-de-tierra-del-fuego-obtiene-certificacion-internacional-por-gestion-ambiental-y-eficiencia-energetica\/"},"author":{"name":"Patagonia Ambiental","@id":"https:\/\/patagoniambiental.com.ar\/info\/#\/schema\/person\/db12bff64bbcbf6a253710bf0ea37b5d"},"headline":"Empresa de Tierra del Fuego obtiene certificaci\u00f3n internacional por gesti\u00f3n ambiental y eficiencia energ\u00e9tica","datePublished":"2016-02-01T12:00:43+00:00","mainEntityOfPage":{"@id":"https:\/\/patagoniambiental.com.ar\/info\/empresa-de-tierra-del-fuego-obtiene-certificacion-internacional-por-gestion-ambiental-y-eficiencia-energetica\/"},"wordCount":349,"publisher":{"@id":"https:\/\/patagoniambiental.com.ar\/info\/#organization"},"articleSection":["Noticias"],"inLanguage":"es"},{"@type":"WebPage","@id":"https:\/\/patagoniambiental.com.ar\/info\/empresa-de-tierra-del-fuego-obtiene-certificacion-internacional-por-gestion-ambiental-y-eficiencia-energetica\/","url":"https:\/\/patagoniambiental.com.ar\/info\/empresa-de-tierra-del-fuego-obtiene-certificacion-internacional-por-gestion-ambiental-y-eficiencia-energetica\/","name":"Empresa de Tierra del Fuego obtiene certificaci\u00f3n internacional por gesti\u00f3n ambiental y eficiencia energ\u00e9tica","isPartOf":{"@id":"https:\/\/patagoniambiental.com.ar\/info\/#website"},"datePublished":"2016-02-01T12:00:43+00:00","breadcrumb":{"@id":"https:\/\/patagoniambiental.com.ar\/info\/empresa-de-tierra-del-fuego-obtiene-certificacion-internacional-por-gestion-ambiental-y-eficiencia-energetica\/#breadcrumb"},"inLanguage":"es","potentialAction":[{"@type":"ReadAction","target":["https:\/\/patagoniambiental.com.ar\/info\/empresa-de-tierra-del-fuego-obtiene-certificacion-internacional-por-gestion-ambiental-y-eficiencia-energetica\/"]}]},{"@type":"BreadcrumbList","@id":"https:\/\/patagoniambiental.com.ar\/info\/empresa-de-tierra-del-fuego-obtiene-certificacion-internacional-por-gestion-ambiental-y-eficiencia-energetica\/#breadcrumb","itemListElement":[{"@type":"ListItem","position":1,"name":"Inicio","item":"https:\/\/patagoniambiental.com.ar\/info\/"},{"@type":"ListItem","position":2,"name":"Empresa de Tierra del Fuego obtiene certificaci\u00f3n internacional por gesti\u00f3n ambiental y eficiencia energ\u00e9tica"}]},{"@type":"WebSite","@id":"https:\/\/patagoniambiental.com.ar\/info\/#website","url":"https:\/\/patagoniambiental.com.ar\/info\/","name":"Patagonia Ambiental","description":"Monitoreo y an\u00e1lisis de la situaci\u00f3n geopol\u00edtica en el mundo y su implicancia en la Patagonia","publisher":{"@id":"https:\/\/patagoniambiental.com.ar\/info\/#organization"},"potentialAction":[{"@type":"SearchAction","target":{"@type":"EntryPoint","urlTemplate":"https:\/\/patagoniambiental.com.ar\/info\/?s={search_term_string}"},"query-input":{"@type":"PropertyValueSpecification","valueRequired":true,"valueName":"search_term_string"}}],"inLanguage":"es"},{"@type":"Organization","@id":"https:\/\/patagoniambiental.com.ar\/info\/#organization","name":"Patagonia Ambiental","url":"https:\/\/patagoniambiental.com.ar\/info\/","logo":{"@type":"ImageObject","inLanguage":"es","@id":"https:\/\/patagoniambiental.com.ar\/info\/#\/schema\/logo\/image\/","url":"https:\/\/patagoniambiental.com.ar\/info\/wp-content\/uploads\/2025\/05\/LOGO-PATAGONIA-AMBIENTAL.png","contentUrl":"https:\/\/patagoniambiental.com.ar\/info\/wp-content\/uploads\/2025\/05\/LOGO-PATAGONIA-AMBIENTAL.png","width":433,"height":250,"caption":"Patagonia Ambiental"},"image":{"@id":"https:\/\/patagoniambiental.com.ar\/info\/#\/schema\/logo\/image\/"},"sameAs":["https:\/\/www.facebook.com\/patagonia.ambiental","https:\/\/x.com\/PatAmb"]},{"@type":"Person","@id":"https:\/\/patagoniambiental.com.ar\/info\/#\/schema\/person\/db12bff64bbcbf6a253710bf0ea37b5d","name":"Patagonia Ambiental","description":"Andr\u00e9s Nievas T\u00e9cnico en manejo ambiental, consultor Ambiental y escritor para medios locales e internacionales sobre temas de geopolitica y medio ambiente.","sameAs":["http:\/\/www.patagoniambiental.com.ar","https:\/\/www.facebook.com\/share\/1C1V8Gv9BX\/?mibextid=qi2Omg","@patagoniambiental","https:\/\/youtube.com\/@patagoniaambiental2023?si=BLt58t0wuXquxlYZ"]}]}},"_links":{"self":[{"href":"https:\/\/patagoniambiental.com.ar\/info\/wp-json\/wp\/v2\/posts\/16529","targetHints":{"allow":["GET"]}}],"collection":[{"href":"https:\/\/patagoniambiental.com.ar\/info\/wp-json\/wp\/v2\/posts"}],"about":[{"href":"https:\/\/patagoniambiental.com.ar\/info\/wp-json\/wp\/v2\/types\/post"}],"author":[{"embeddable":true,"href":"https:\/\/patagoniambiental.com.ar\/info\/wp-json\/wp\/v2\/users\/2"}],"replies":[{"embeddable":true,"href":"https:\/\/patagoniambiental.com.ar\/info\/wp-json\/wp\/v2\/comments?post=16529"}],"version-history":[{"count":0,"href":"https:\/\/patagoniambiental.com.ar\/info\/wp-json\/wp\/v2\/posts\/16529\/revisions"}],"wp:attachment":[{"href":"https:\/\/patagoniambiental.com.ar\/info\/wp-json\/wp\/v2\/media?parent=16529"}],"wp:term":[{"taxonomy":"category","embeddable":true,"href":"https:\/\/patagoniambiental.com.ar\/info\/wp-json\/wp\/v2\/categories?post=16529"},{"taxonomy":"post_tag","embeddable":true,"href":"https:\/\/patagoniambiental.com.ar\/info\/wp-json\/wp\/v2\/tags?post=16529"}],"curies":[{"name":"wp","href":"https:\/\/api.w.org\/{rel}","templated":true}]}}