{"id":16579,"date":"2016-02-03T09:00:10","date_gmt":"2016-02-03T12:00:10","guid":{"rendered":"http:\/\/patagoniambiental.com.ar\/?p=16579"},"modified":"2016-02-03T09:00:10","modified_gmt":"2016-02-03T12:00:10","slug":"inauguraran-centro-de-acopio-de-envases-de-agroquimicos-en-la-pampa","status":"publish","type":"post","link":"https:\/\/patagoniambiental.com.ar\/info\/inauguraran-centro-de-acopio-de-envases-de-agroquimicos-en-la-pampa\/","title":{"rendered":"Inaugurar\u00e1n centro de acopio de envases de agroqu\u00edmicos en La Pampa"},"content":{"rendered":"<p>El ingeniero y docente de la Facultad de Agronom\u00eda de la UNLPam, Jos\u00e9 Sosa, confirm\u00f3 la inauguraci\u00f3n\u00a0 en Eduardo Castex del primer centro de acopio de envases vac\u00edos de fitosanitarios de La Pampa y el tercero de la Patagonia. \u00abEsta es la primera planta de La Pampa para recepcionar los envases despu\u00e9s que los productores les realicen el triple lavado a los recipientes y es un servicio que brindamos para mejorar la calidad de vida de los vecinos\u00bb, destac\u00f3 el intendente Julio Gonz\u00e1lez.<\/p>\n<div class=\"um_cuerpo_noticia\">\n<div id=\"cuerpo\">Sosa dict\u00f3 ayer una capacitaci\u00f3n para los operarios que estar\u00e1n involucrados en la recepci\u00f3n de los envases vac\u00edos de fitosanitarios.<br \/>\nY participaron operarios de las localidades de Trenel, Embajador Martini, Colonia Bar\u00f3n, Winifreda, Parera, Realic\u00f3, Alta Italia, General Pico, Intendente Alvear y Catril\u00f3. Estuvieron presentes el intendente; el director de Extensi\u00f3n Agropecuaria del ministerio de la Producci\u00f3n de La Pampa, Manuel Fern\u00e1ndez, y de la jefa del departamento de Medio Ambiente municipal, Alicia Mayor.<\/div>\n<div>\nSosa destac\u00f3 que actualmente \u00abson un ejemplo\u00bb la ordenanza municipal que regula el uso y disposici\u00f3n de los envases en Eduardo Castex, y la planta de acopio que es la tercera que se inaugura en la Patagonia.<\/div>\n<div>\nEl centro de acopio de envases de agroqu\u00edmicos estar\u00e1 controlado por el departamento de Medio Ambiente, donde trabajan los profesionales Alicia Mayor y Germ\u00e1n Nagel. Las instalaciones est\u00e1n ubicadas en el cruce de avenida del Trabajo y calle Ant\u00e1rtida Argentina.<\/p>\n<p>Sosa afirm\u00f3 que esta planta se concret\u00f3 por un trabajo conjunto entre el ministerio de la Producci\u00f3n de La Pampa y la comuna de Eduardo Castex. Incluy\u00f3 varias jornadas de capacitaci\u00f3n para los operarios que trabajar\u00e1n en este centro de acopio y de otras localidades que est\u00e1n interesadas en tener una planta de acopio. \u00abEn el tema agroqu\u00edmicos se habla mucho y se hace muy poco, y ac\u00e1 estamos respondiendo preguntas con acciones. Hay una responsabilidad de los funcionarios para mejorar el medio ambiente y esto es muy importante\u00bb, resalt\u00f3.<\/p>\n<\/div>\n<\/div>\n","protected":false},"excerpt":{"rendered":"<p>El ingeniero y docente de la Facultad de Agronom\u00eda de la UNLPam, Jos\u00e9 Sosa, confirm\u00f3 la inauguraci\u00f3n\u00a0 en Eduardo Castex [&hellip;]<\/p>\n","protected":false},"author":2,"featured_media":0,"comment_status":"closed","ping_status":"closed","sticky":false,"template":"","format":"standard","meta":{"site-sidebar-layout":"default","site-content-layout":"","ast-site-content-layout":"default","site-content-style":"default","site-sidebar-style":"default","ast-global-header-display":"","ast-banner-title-visibility":"","ast-main-header-display":"","ast-hfb-above-header-display":"","ast-hfb-below-header-display":"","ast-hfb-mobile-header-display":"","site-post-title":"","ast-breadcrumbs-content":"","ast-featured-img":"","footer-sml-layout":"","ast-disable-related-posts":"","theme-transparent-header-meta":"","adv-header-id-meta":"","stick-header-meta":"","header-above-stick-meta":"","header-main-stick-meta":"","header-below-stick-meta":"","astra-migrate-meta-layouts":"default","ast-page-background-enabled":"default","ast-page-background-meta":{"desktop":{"background-color":"var(--ast-global-color-5)","background-image":"","background-repeat":"repeat","background-position":"center center","background-size":"auto","background-attachment":"scroll","background-type":"","background-media":"","overlay-type":"","overlay-color":"","overlay-opacity":"","overlay-gradient":""},"tablet":{"background-color":"","background-image":"","background-repeat":"repeat","background-position":"center center","background-size":"auto","background-attachment":"scroll","background-type":"","background-media":"","overlay-type":"","overlay-color":"","overlay-opacity":"","overlay-gradient":""},"mobile":{"background-color":"","background-image":"","background-repeat":"repeat","background-position":"center center","background-size":"auto","background-attachment":"scroll","background-type":"","background-media":"","overlay-type":"","overlay-color":"","overlay-opacity":"","overlay-gradient":""}},"ast-content-background-meta":{"desktop":{"background-color":"var(--ast-global-color-4)","background-image":"","background-repeat":"repeat","background-position":"center center","background-size":"auto","background-attachment":"scroll","background-type":"","background-media":"","overlay-type":"","overlay-color":"","overlay-opacity":"","overlay-gradient":""},"tablet":{"background-color":"var(--ast-global-color-4)","background-image":"","background-repeat":"repeat","background-position":"center center","background-size":"auto","background-attachment":"scroll","background-type":"","background-media":"","overlay-type":"","overlay-color":"","overlay-opacity":"","overlay-gradient":""},"mobile":{"background-color":"var(--ast-global-color-4)","background-image":"","background-repeat":"repeat","background-position":"center center","background-size":"auto","background-attachment":"scroll","background-type":"","background-media":"","overlay-type":"","overlay-color":"","overlay-opacity":"","overlay-gradient":""}},"footnotes":""},"categories":[1],"tags":[],"class_list":["post-16579","post","type-post","status-publish","format-standard","hentry","category-noticias"],"yoast_head":"<!-- This site is optimized with the Yoast SEO Premium plugin v23.0 (Yoast SEO v27.5) - https:\/\/yoast.com\/product\/yoast-seo-premium-wordpress\/ -->\n<title>Inaugurar\u00e1n centro de acopio de envases de agroqu\u00edmicos en La Pampa<\/title>\n<meta name=\"robots\" content=\"index, follow, max-snippet:-1, max-image-preview:large, max-video-preview:-1\" \/>\n<link rel=\"canonical\" href=\"https:\/\/patagoniambiental.com.ar\/info\/inauguraran-centro-de-acopio-de-envases-de-agroquimicos-en-la-pampa\/\" \/>\n<meta property=\"og:locale\" content=\"es_ES\" \/>\n<meta property=\"og:type\" content=\"article\" \/>\n<meta property=\"og:title\" content=\"Inaugurar\u00e1n centro de acopio de envases de agroqu\u00edmicos en La Pampa\" \/>\n<meta property=\"og:description\" content=\"El ingeniero y docente de la Facultad de Agronom\u00eda de la UNLPam, Jos\u00e9 Sosa, confirm\u00f3 la inauguraci\u00f3n\u00a0 en Eduardo Castex [&hellip;]\" \/>\n<meta property=\"og:url\" content=\"https:\/\/patagoniambiental.com.ar\/info\/inauguraran-centro-de-acopio-de-envases-de-agroquimicos-en-la-pampa\/\" \/>\n<meta property=\"og:site_name\" content=\"Patagonia Ambiental\" \/>\n<meta property=\"article:publisher\" content=\"https:\/\/www.facebook.com\/patagonia.ambiental\" \/>\n<meta property=\"article:author\" content=\"https:\/\/www.facebook.com\/share\/1C1V8Gv9BX\/?mibextid=qi2Omg\" \/>\n<meta property=\"article:published_time\" content=\"2016-02-03T12:00:10+00:00\" \/>\n<meta name=\"author\" content=\"Patagonia Ambiental\" \/>\n<meta name=\"twitter:card\" content=\"summary_large_image\" \/>\n<meta name=\"twitter:creator\" content=\"@PatAmb\" \/>\n<meta name=\"twitter:site\" content=\"@PatAmb\" \/>\n<script type=\"application\/ld+json\" class=\"yoast-schema-graph\">{\"@context\":\"https:\\\/\\\/schema.org\",\"@graph\":[{\"@type\":\"Article\",\"@id\":\"https:\\\/\\\/patagoniambiental.com.ar\\\/info\\\/inauguraran-centro-de-acopio-de-envases-de-agroquimicos-en-la-pampa\\\/#article\",\"isPartOf\":{\"@id\":\"https:\\\/\\\/patagoniambiental.com.ar\\\/info\\\/inauguraran-centro-de-acopio-de-envases-de-agroquimicos-en-la-pampa\\\/\"},\"author\":{\"name\":\"Patagonia Ambiental\",\"@id\":\"https:\\\/\\\/patagoniambiental.com.ar\\\/info\\\/#\\\/schema\\\/person\\\/db12bff64bbcbf6a253710bf0ea37b5d\"},\"headline\":\"Inaugurar\u00e1n centro de acopio de envases de agroqu\u00edmicos en La Pampa\",\"datePublished\":\"2016-02-03T12:00:10+00:00\",\"mainEntityOfPage\":{\"@id\":\"https:\\\/\\\/patagoniambiental.com.ar\\\/info\\\/inauguraran-centro-de-acopio-de-envases-de-agroquimicos-en-la-pampa\\\/\"},\"wordCount\":360,\"publisher\":{\"@id\":\"https:\\\/\\\/patagoniambiental.com.ar\\\/info\\\/#organization\"},\"articleSection\":[\"Noticias\"],\"inLanguage\":\"es\"},{\"@type\":\"WebPage\",\"@id\":\"https:\\\/\\\/patagoniambiental.com.ar\\\/info\\\/inauguraran-centro-de-acopio-de-envases-de-agroquimicos-en-la-pampa\\\/\",\"url\":\"https:\\\/\\\/patagoniambiental.com.ar\\\/info\\\/inauguraran-centro-de-acopio-de-envases-de-agroquimicos-en-la-pampa\\\/\",\"name\":\"Inaugurar\u00e1n centro de acopio de envases de agroqu\u00edmicos en La Pampa\",\"isPartOf\":{\"@id\":\"https:\\\/\\\/patagoniambiental.com.ar\\\/info\\\/#website\"},\"datePublished\":\"2016-02-03T12:00:10+00:00\",\"breadcrumb\":{\"@id\":\"https:\\\/\\\/patagoniambiental.com.ar\\\/info\\\/inauguraran-centro-de-acopio-de-envases-de-agroquimicos-en-la-pampa\\\/#breadcrumb\"},\"inLanguage\":\"es\",\"potentialAction\":[{\"@type\":\"ReadAction\",\"target\":[\"https:\\\/\\\/patagoniambiental.com.ar\\\/info\\\/inauguraran-centro-de-acopio-de-envases-de-agroquimicos-en-la-pampa\\\/\"]}]},{\"@type\":\"BreadcrumbList\",\"@id\":\"https:\\\/\\\/patagoniambiental.com.ar\\\/info\\\/inauguraran-centro-de-acopio-de-envases-de-agroquimicos-en-la-pampa\\\/#breadcrumb\",\"itemListElement\":[{\"@type\":\"ListItem\",\"position\":1,\"name\":\"Inicio\",\"item\":\"https:\\\/\\\/patagoniambiental.com.ar\\\/info\\\/\"},{\"@type\":\"ListItem\",\"position\":2,\"name\":\"Inaugurar\u00e1n centro de acopio de envases de agroqu\u00edmicos en La Pampa\"}]},{\"@type\":\"WebSite\",\"@id\":\"https:\\\/\\\/patagoniambiental.com.ar\\\/info\\\/#website\",\"url\":\"https:\\\/\\\/patagoniambiental.com.ar\\\/info\\\/\",\"name\":\"Patagonia Ambiental\",\"description\":\"Monitoreo y an\u00e1lisis de la situaci\u00f3n geopol\u00edtica en el mundo y su implicancia en la Patagonia\",\"publisher\":{\"@id\":\"https:\\\/\\\/patagoniambiental.com.ar\\\/info\\\/#organization\"},\"potentialAction\":[{\"@type\":\"SearchAction\",\"target\":{\"@type\":\"EntryPoint\",\"urlTemplate\":\"https:\\\/\\\/patagoniambiental.com.ar\\\/info\\\/?s={search_term_string}\"},\"query-input\":{\"@type\":\"PropertyValueSpecification\",\"valueRequired\":true,\"valueName\":\"search_term_string\"}}],\"inLanguage\":\"es\"},{\"@type\":\"Organization\",\"@id\":\"https:\\\/\\\/patagoniambiental.com.ar\\\/info\\\/#organization\",\"name\":\"Patagonia Ambiental\",\"url\":\"https:\\\/\\\/patagoniambiental.com.ar\\\/info\\\/\",\"logo\":{\"@type\":\"ImageObject\",\"inLanguage\":\"es\",\"@id\":\"https:\\\/\\\/patagoniambiental.com.ar\\\/info\\\/#\\\/schema\\\/logo\\\/image\\\/\",\"url\":\"https:\\\/\\\/patagoniambiental.com.ar\\\/info\\\/wp-content\\\/uploads\\\/2025\\\/05\\\/LOGO-PATAGONIA-AMBIENTAL.png\",\"contentUrl\":\"https:\\\/\\\/patagoniambiental.com.ar\\\/info\\\/wp-content\\\/uploads\\\/2025\\\/05\\\/LOGO-PATAGONIA-AMBIENTAL.png\",\"width\":433,\"height\":250,\"caption\":\"Patagonia Ambiental\"},\"image\":{\"@id\":\"https:\\\/\\\/patagoniambiental.com.ar\\\/info\\\/#\\\/schema\\\/logo\\\/image\\\/\"},\"sameAs\":[\"https:\\\/\\\/www.facebook.com\\\/patagonia.ambiental\",\"https:\\\/\\\/x.com\\\/PatAmb\"]},{\"@type\":\"Person\",\"@id\":\"https:\\\/\\\/patagoniambiental.com.ar\\\/info\\\/#\\\/schema\\\/person\\\/db12bff64bbcbf6a253710bf0ea37b5d\",\"name\":\"Patagonia Ambiental\",\"description\":\"Andr\u00e9s Nievas T\u00e9cnico en manejo ambiental, consultor Ambiental y escritor para medios locales e internacionales sobre temas de geopolitica y medio ambiente.\",\"sameAs\":[\"http:\\\/\\\/www.patagoniambiental.com.ar\",\"https:\\\/\\\/www.facebook.com\\\/share\\\/1C1V8Gv9BX\\\/?mibextid=qi2Omg\",\"@patagoniambiental\",\"https:\\\/\\\/youtube.com\\\/@patagoniaambiental2023?si=BLt58t0wuXquxlYZ\"]}]}<\/script>\n<!-- \/ Yoast SEO Premium plugin. -->","yoast_head_json":{"title":"Inaugurar\u00e1n centro de acopio de envases de agroqu\u00edmicos en La Pampa","robots":{"index":"index","follow":"follow","max-snippet":"max-snippet:-1","max-image-preview":"max-image-preview:large","max-video-preview":"max-video-preview:-1"},"canonical":"https:\/\/patagoniambiental.com.ar\/info\/inauguraran-centro-de-acopio-de-envases-de-agroquimicos-en-la-pampa\/","og_locale":"es_ES","og_type":"article","og_title":"Inaugurar\u00e1n centro de acopio de envases de agroqu\u00edmicos en La Pampa","og_description":"El ingeniero y docente de la Facultad de Agronom\u00eda de la UNLPam, Jos\u00e9 Sosa, confirm\u00f3 la inauguraci\u00f3n\u00a0 en Eduardo Castex [&hellip;]","og_url":"https:\/\/patagoniambiental.com.ar\/info\/inauguraran-centro-de-acopio-de-envases-de-agroquimicos-en-la-pampa\/","og_site_name":"Patagonia Ambiental","article_publisher":"https:\/\/www.facebook.com\/patagonia.ambiental","article_author":"https:\/\/www.facebook.com\/share\/1C1V8Gv9BX\/?mibextid=qi2Omg","article_published_time":"2016-02-03T12:00:10+00:00","author":"Patagonia Ambiental","twitter_card":"summary_large_image","twitter_creator":"@PatAmb","twitter_site":"@PatAmb","schema":{"@context":"https:\/\/schema.org","@graph":[{"@type":"Article","@id":"https:\/\/patagoniambiental.com.ar\/info\/inauguraran-centro-de-acopio-de-envases-de-agroquimicos-en-la-pampa\/#article","isPartOf":{"@id":"https:\/\/patagoniambiental.com.ar\/info\/inauguraran-centro-de-acopio-de-envases-de-agroquimicos-en-la-pampa\/"},"author":{"name":"Patagonia Ambiental","@id":"https:\/\/patagoniambiental.com.ar\/info\/#\/schema\/person\/db12bff64bbcbf6a253710bf0ea37b5d"},"headline":"Inaugurar\u00e1n centro de acopio de envases de agroqu\u00edmicos en La Pampa","datePublished":"2016-02-03T12:00:10+00:00","mainEntityOfPage":{"@id":"https:\/\/patagoniambiental.com.ar\/info\/inauguraran-centro-de-acopio-de-envases-de-agroquimicos-en-la-pampa\/"},"wordCount":360,"publisher":{"@id":"https:\/\/patagoniambiental.com.ar\/info\/#organization"},"articleSection":["Noticias"],"inLanguage":"es"},{"@type":"WebPage","@id":"https:\/\/patagoniambiental.com.ar\/info\/inauguraran-centro-de-acopio-de-envases-de-agroquimicos-en-la-pampa\/","url":"https:\/\/patagoniambiental.com.ar\/info\/inauguraran-centro-de-acopio-de-envases-de-agroquimicos-en-la-pampa\/","name":"Inaugurar\u00e1n centro de acopio de envases de agroqu\u00edmicos en La Pampa","isPartOf":{"@id":"https:\/\/patagoniambiental.com.ar\/info\/#website"},"datePublished":"2016-02-03T12:00:10+00:00","breadcrumb":{"@id":"https:\/\/patagoniambiental.com.ar\/info\/inauguraran-centro-de-acopio-de-envases-de-agroquimicos-en-la-pampa\/#breadcrumb"},"inLanguage":"es","potentialAction":[{"@type":"ReadAction","target":["https:\/\/patagoniambiental.com.ar\/info\/inauguraran-centro-de-acopio-de-envases-de-agroquimicos-en-la-pampa\/"]}]},{"@type":"BreadcrumbList","@id":"https:\/\/patagoniambiental.com.ar\/info\/inauguraran-centro-de-acopio-de-envases-de-agroquimicos-en-la-pampa\/#breadcrumb","itemListElement":[{"@type":"ListItem","position":1,"name":"Inicio","item":"https:\/\/patagoniambiental.com.ar\/info\/"},{"@type":"ListItem","position":2,"name":"Inaugurar\u00e1n centro de acopio de envases de agroqu\u00edmicos en La Pampa"}]},{"@type":"WebSite","@id":"https:\/\/patagoniambiental.com.ar\/info\/#website","url":"https:\/\/patagoniambiental.com.ar\/info\/","name":"Patagonia Ambiental","description":"Monitoreo y an\u00e1lisis de la situaci\u00f3n geopol\u00edtica en el mundo y su implicancia en la Patagonia","publisher":{"@id":"https:\/\/patagoniambiental.com.ar\/info\/#organization"},"potentialAction":[{"@type":"SearchAction","target":{"@type":"EntryPoint","urlTemplate":"https:\/\/patagoniambiental.com.ar\/info\/?s={search_term_string}"},"query-input":{"@type":"PropertyValueSpecification","valueRequired":true,"valueName":"search_term_string"}}],"inLanguage":"es"},{"@type":"Organization","@id":"https:\/\/patagoniambiental.com.ar\/info\/#organization","name":"Patagonia Ambiental","url":"https:\/\/patagoniambiental.com.ar\/info\/","logo":{"@type":"ImageObject","inLanguage":"es","@id":"https:\/\/patagoniambiental.com.ar\/info\/#\/schema\/logo\/image\/","url":"https:\/\/patagoniambiental.com.ar\/info\/wp-content\/uploads\/2025\/05\/LOGO-PATAGONIA-AMBIENTAL.png","contentUrl":"https:\/\/patagoniambiental.com.ar\/info\/wp-content\/uploads\/2025\/05\/LOGO-PATAGONIA-AMBIENTAL.png","width":433,"height":250,"caption":"Patagonia Ambiental"},"image":{"@id":"https:\/\/patagoniambiental.com.ar\/info\/#\/schema\/logo\/image\/"},"sameAs":["https:\/\/www.facebook.com\/patagonia.ambiental","https:\/\/x.com\/PatAmb"]},{"@type":"Person","@id":"https:\/\/patagoniambiental.com.ar\/info\/#\/schema\/person\/db12bff64bbcbf6a253710bf0ea37b5d","name":"Patagonia Ambiental","description":"Andr\u00e9s Nievas T\u00e9cnico en manejo ambiental, consultor Ambiental y escritor para medios locales e internacionales sobre temas de geopolitica y medio ambiente.","sameAs":["http:\/\/www.patagoniambiental.com.ar","https:\/\/www.facebook.com\/share\/1C1V8Gv9BX\/?mibextid=qi2Omg","@patagoniambiental","https:\/\/youtube.com\/@patagoniaambiental2023?si=BLt58t0wuXquxlYZ"]}]}},"_links":{"self":[{"href":"https:\/\/patagoniambiental.com.ar\/info\/wp-json\/wp\/v2\/posts\/16579","targetHints":{"allow":["GET"]}}],"collection":[{"href":"https:\/\/patagoniambiental.com.ar\/info\/wp-json\/wp\/v2\/posts"}],"about":[{"href":"https:\/\/patagoniambiental.com.ar\/info\/wp-json\/wp\/v2\/types\/post"}],"author":[{"embeddable":true,"href":"https:\/\/patagoniambiental.com.ar\/info\/wp-json\/wp\/v2\/users\/2"}],"replies":[{"embeddable":true,"href":"https:\/\/patagoniambiental.com.ar\/info\/wp-json\/wp\/v2\/comments?post=16579"}],"version-history":[{"count":0,"href":"https:\/\/patagoniambiental.com.ar\/info\/wp-json\/wp\/v2\/posts\/16579\/revisions"}],"wp:attachment":[{"href":"https:\/\/patagoniambiental.com.ar\/info\/wp-json\/wp\/v2\/media?parent=16579"}],"wp:term":[{"taxonomy":"category","embeddable":true,"href":"https:\/\/patagoniambiental.com.ar\/info\/wp-json\/wp\/v2\/categories?post=16579"},{"taxonomy":"post_tag","embeddable":true,"href":"https:\/\/patagoniambiental.com.ar\/info\/wp-json\/wp\/v2\/tags?post=16579"}],"curies":[{"name":"wp","href":"https:\/\/api.w.org\/{rel}","templated":true}]}}