{"id":16582,"date":"2016-02-04T09:00:42","date_gmt":"2016-02-04T12:00:42","guid":{"rendered":"http:\/\/patagoniambiental.com.ar\/?p=16582"},"modified":"2016-02-04T09:00:42","modified_gmt":"2016-02-04T12:00:42","slug":"bahia-blanca-podria-albergar-el-parque-eolico-mas-grande-de-la-argentina","status":"publish","type":"post","link":"https:\/\/patagoniambiental.com.ar\/info\/bahia-blanca-podria-albergar-el-parque-eolico-mas-grande-de-la-argentina\/","title":{"rendered":"Bah\u00eda Blanca podr\u00eda albergar el parque e\u00f3lico m\u00e1s grande de la Argentina"},"content":{"rendered":"<div>Pampa Energ\u00eda analiza inversi\u00f3n en parque e\u00f3lico por US$ 200 millones en Bah\u00eda Blanca. El grupo inversor asegur\u00f3 que analiza varios proyectos, todos ellos cercanos a la ciudad del sur de la provincia de Buenos Aires. Hay expectativas sobre la aplicaci\u00f3n de la Ley de Energ\u00edas Renovables (Ley Guinle).<\/div>\n<div><\/div>\n<div>La inversi\u00f3n de US$ 200 millones en los pr\u00f3ximos 24 meses para construir cerca de la ciudad lo que ser\u00e1 el mayor parque e\u00f3lico de la Argentina, anunci\u00f3 Marcelo Mindin, CEO de Pampa Energ\u00eda, la empresa que desde agosto de 2007 es propietaria de la usina termoel\u00e9ctrica Luis Piedra Buena.<\/div>\n<div><\/div>\n<div>El directivo se\u00f1al\u00f3 que la compa\u00f1\u00eda, que tambi\u00e9n est\u00e1 interesada en la refiner\u00eda de Petrobras, entre otros activos de la petrolera brasile\u00f1a, se encuentra analizando varias iniciativas, todas ellas cercanas a Bah\u00eda Blanca.<\/div>\n<div><\/div>\n<div>En una entrevista concedida al diario porte\u00f1o \u201cEl Cronista Comercial\u201d, tras la reciente conferencia econ\u00f3mica mundial de Davos, Suiza, Mindin hizo alusi\u00f3n a la denominada ley Guinle, de energ\u00edas renovables, que fue propuesta por el kirchnerismo y aprobada.<\/div>\n<div><\/div>\n<div>\u201cEntiendo que el gobierno de Macri estar\u00eda por reglamentarla pr\u00f3ximamente. Es muy positiva porque le obliga al sector privado a consumir energ\u00eda e\u00f3lica. Eso le va a dar estabilidad y rentabilidad a una inversi\u00f3n que tiene un per\u00edodo muy largo de maduraci\u00f3n. La ley 27.191, bien reglamentada por el gobierno, va a abrir oportunidades de inversi\u00f3n en energ\u00eda e\u00f3lica.\u00bb<\/div>\n<div><\/div>\n<div>\u201cEstaba el otro d\u00eda en un panel de Davos sobre energ\u00eda y escuchaba que el 50% de la nueva generaci\u00f3n que se ha instalado en los \u00faltimos a\u00f1os ha sido renovable, entre e\u00f3lico, solar e hidroel\u00e9ctrico. Por eso esta ley es muy positiva. Estamos esperando la reglamentaci\u00f3n pero Pampa ya ha decidido lanzar lo que nosotros creemos que ser\u00e1 el mayor parque e\u00f3lico en la Argentina\u201d, sostuvo.<\/div>\n<div><\/div>\n<div>Dijo que Pampa Energ\u00eda, una de las empresas de electricidad m\u00e1s grandes de la Argentina, que a trav\u00e9s de subsidiarias (entre ellas Edenor), participa en la generaci\u00f3n, transmisi\u00f3n y distribuci\u00f3n, apunta a construir un parque e\u00f3lico de aproximadamente entre 100 a 150 MW de capacidad.<\/div>\n<div><\/div>\n<div>\u201cVamos solos, pero si encontramos inversores interesados en coinvertir o en dar financiamiento, podr\u00edamos llegar a duplicar el tama\u00f1o del parque e\u00f3lico\u201d, indic\u00f3.<\/div>\n<div><\/div>\n<div>En los \u00faltimos a\u00f1os, al menos 13 proyectos de energ\u00eda e\u00f3lica, con distinto grado de desarrollo, vienen siendo impulsados para una amplia regi\u00f3n con cabecera en Bah\u00eda Blanca.<\/div>\n<div><\/div>\n<div>Nueve de estas iniciativas ya cuentan con los respectivos informes t\u00e9cnicos realizados, mientras que cuatro se encuentran en tr\u00e1mite ante el Organismo Provincial de Desarrollo Sustentable, (OPDS).<\/div>\n<div><\/div>\n<div>Entre los m\u00e1s importantes figura uno a 17 kil\u00f3metros de Bah\u00eda Blanca, por la ruta provincial 51, con medio centenar de molinos de viento capaces de generar un total de 100 MW.<\/div>\n<div><\/div>\n<div>Al momento de ser lanzado algunos a\u00f1os atr\u00e1s por la firma Greenwind S.A, se anunci\u00f3 que llevar\u00eda por nombre \u201cParque E\u00f3lico Corti\u201d y abarcar\u00eda una superficie total de 718 hect\u00e1reas.<\/div>\n<div><\/div>\n<div>A estos debe sumarse el proyecto que la empresa estatal Enersa pens\u00f3 para la zona de Tres Picos, partido de Tornquist, con 73 molinos de viento agrupados en dos parques, uno de 35 unidades y el restante de 38, que llevar\u00e1n por nombre \u201cCentral E\u00f3lica Tres Picos I\u201d y \u201cCentral E\u00f3lica Tres Picos II\u201d, respectivamente. Los parques contarian con una capacidad instalada de 52.5 MW y 57 MW.<\/div>\n<div><\/div>\n<div>A su vez, habr\u00e1 un tercero en la zona de Garc\u00eda del R\u00edo, a 36 kil\u00f3metros de Bah\u00eda por la ruta nacional 33, con la instalaci\u00f3n de cinco molinos y una potencia total de 10 MW.<\/div>\n<div><\/div>\n<div>Tambi\u00e9n est\u00e1 el proyecto de CEASA, en M\u00e9danos, con 30 molinos en el futuro Parque E\u00f3lico Argerich, y una potencia total de 60 MW y a este se suma el de Vientos Reta, con medio centenar.<\/div>\n<div>\n<table class=\"contentpaneopen\">\n<tbody>\n<tr>\n<td colspan=\"2\" valign=\"top\"><\/td>\n<\/tr>\n<\/tbody>\n<\/table>\n<p><span class=\"article_seperator\">\u00a0<\/span><\/p>\n<\/div>\n","protected":false},"excerpt":{"rendered":"<p>Pampa Energ\u00eda analiza inversi\u00f3n en parque e\u00f3lico por US$ 200 millones en Bah\u00eda Blanca. El grupo inversor asegur\u00f3 que analiza [&hellip;]<\/p>\n","protected":false},"author":2,"featured_media":0,"comment_status":"closed","ping_status":"closed","sticky":false,"template":"","format":"standard","meta":{"site-sidebar-layout":"default","site-content-layout":"","ast-site-content-layout":"default","site-content-style":"default","site-sidebar-style":"default","ast-global-header-display":"","ast-banner-title-visibility":"","ast-main-header-display":"","ast-hfb-above-header-display":"","ast-hfb-below-header-display":"","ast-hfb-mobile-header-display":"","site-post-title":"","ast-breadcrumbs-content":"","ast-featured-img":"","footer-sml-layout":"","ast-disable-related-posts":"","theme-transparent-header-meta":"","adv-header-id-meta":"","stick-header-meta":"","header-above-stick-meta":"","header-main-stick-meta":"","header-below-stick-meta":"","astra-migrate-meta-layouts":"default","ast-page-background-enabled":"default","ast-page-background-meta":{"desktop":{"background-color":"var(--ast-global-color-5)","background-image":"","background-repeat":"repeat","background-position":"center center","background-size":"auto","background-attachment":"scroll","background-type":"","background-media":"","overlay-type":"","overlay-color":"","overlay-opacity":"","overlay-gradient":""},"tablet":{"background-color":"","background-image":"","background-repeat":"repeat","background-position":"center center","background-size":"auto","background-attachment":"scroll","background-type":"","background-media":"","overlay-type":"","overlay-color":"","overlay-opacity":"","overlay-gradient":""},"mobile":{"background-color":"","background-image":"","background-repeat":"repeat","background-position":"center center","background-size":"auto","background-attachment":"scroll","background-type":"","background-media":"","overlay-type":"","overlay-color":"","overlay-opacity":"","overlay-gradient":""}},"ast-content-background-meta":{"desktop":{"background-color":"var(--ast-global-color-4)","background-image":"","background-repeat":"repeat","background-position":"center center","background-size":"auto","background-attachment":"scroll","background-type":"","background-media":"","overlay-type":"","overlay-color":"","overlay-opacity":"","overlay-gradient":""},"tablet":{"background-color":"var(--ast-global-color-4)","background-image":"","background-repeat":"repeat","background-position":"center center","background-size":"auto","background-attachment":"scroll","background-type":"","background-media":"","overlay-type":"","overlay-color":"","overlay-opacity":"","overlay-gradient":""},"mobile":{"background-color":"var(--ast-global-color-4)","background-image":"","background-repeat":"repeat","background-position":"center center","background-size":"auto","background-attachment":"scroll","background-type":"","background-media":"","overlay-type":"","overlay-color":"","overlay-opacity":"","overlay-gradient":""}},"footnotes":""},"categories":[1],"tags":[],"class_list":["post-16582","post","type-post","status-publish","format-standard","hentry","category-noticias"],"yoast_head":"<!-- This site is optimized with the Yoast SEO Premium plugin v23.0 (Yoast SEO v27.5) - https:\/\/yoast.com\/product\/yoast-seo-premium-wordpress\/ -->\n<title>Bah\u00eda Blanca podr\u00eda albergar el parque e\u00f3lico m\u00e1s grande de la Argentina<\/title>\n<meta name=\"robots\" content=\"index, follow, max-snippet:-1, max-image-preview:large, max-video-preview:-1\" \/>\n<link rel=\"canonical\" href=\"https:\/\/patagoniambiental.com.ar\/info\/bahia-blanca-podria-albergar-el-parque-eolico-mas-grande-de-la-argentina\/\" \/>\n<meta property=\"og:locale\" content=\"es_ES\" \/>\n<meta property=\"og:type\" content=\"article\" \/>\n<meta property=\"og:title\" content=\"Bah\u00eda Blanca podr\u00eda albergar el parque e\u00f3lico m\u00e1s grande de la Argentina\" \/>\n<meta property=\"og:description\" content=\"Pampa Energ\u00eda analiza inversi\u00f3n en parque e\u00f3lico por US$ 200 millones en Bah\u00eda Blanca. El grupo inversor asegur\u00f3 que analiza [&hellip;]\" \/>\n<meta property=\"og:url\" content=\"https:\/\/patagoniambiental.com.ar\/info\/bahia-blanca-podria-albergar-el-parque-eolico-mas-grande-de-la-argentina\/\" \/>\n<meta property=\"og:site_name\" content=\"Patagonia Ambiental\" \/>\n<meta property=\"article:publisher\" content=\"https:\/\/www.facebook.com\/patagonia.ambiental\" \/>\n<meta property=\"article:author\" content=\"https:\/\/www.facebook.com\/share\/1C1V8Gv9BX\/?mibextid=qi2Omg\" \/>\n<meta property=\"article:published_time\" content=\"2016-02-04T12:00:42+00:00\" \/>\n<meta name=\"author\" content=\"Patagonia Ambiental\" \/>\n<meta name=\"twitter:card\" content=\"summary_large_image\" \/>\n<meta name=\"twitter:creator\" content=\"@PatAmb\" \/>\n<meta name=\"twitter:site\" content=\"@PatAmb\" \/>\n<script type=\"application\/ld+json\" class=\"yoast-schema-graph\">{\"@context\":\"https:\\\/\\\/schema.org\",\"@graph\":[{\"@type\":\"Article\",\"@id\":\"https:\\\/\\\/patagoniambiental.com.ar\\\/info\\\/bahia-blanca-podria-albergar-el-parque-eolico-mas-grande-de-la-argentina\\\/#article\",\"isPartOf\":{\"@id\":\"https:\\\/\\\/patagoniambiental.com.ar\\\/info\\\/bahia-blanca-podria-albergar-el-parque-eolico-mas-grande-de-la-argentina\\\/\"},\"author\":{\"name\":\"Patagonia Ambiental\",\"@id\":\"https:\\\/\\\/patagoniambiental.com.ar\\\/info\\\/#\\\/schema\\\/person\\\/db12bff64bbcbf6a253710bf0ea37b5d\"},\"headline\":\"Bah\u00eda Blanca podr\u00eda albergar el parque e\u00f3lico m\u00e1s grande de la Argentina\",\"datePublished\":\"2016-02-04T12:00:42+00:00\",\"mainEntityOfPage\":{\"@id\":\"https:\\\/\\\/patagoniambiental.com.ar\\\/info\\\/bahia-blanca-podria-albergar-el-parque-eolico-mas-grande-de-la-argentina\\\/\"},\"wordCount\":691,\"publisher\":{\"@id\":\"https:\\\/\\\/patagoniambiental.com.ar\\\/info\\\/#organization\"},\"articleSection\":[\"Noticias\"],\"inLanguage\":\"es\"},{\"@type\":\"WebPage\",\"@id\":\"https:\\\/\\\/patagoniambiental.com.ar\\\/info\\\/bahia-blanca-podria-albergar-el-parque-eolico-mas-grande-de-la-argentina\\\/\",\"url\":\"https:\\\/\\\/patagoniambiental.com.ar\\\/info\\\/bahia-blanca-podria-albergar-el-parque-eolico-mas-grande-de-la-argentina\\\/\",\"name\":\"Bah\u00eda Blanca podr\u00eda albergar el parque e\u00f3lico m\u00e1s grande de la Argentina\",\"isPartOf\":{\"@id\":\"https:\\\/\\\/patagoniambiental.com.ar\\\/info\\\/#website\"},\"datePublished\":\"2016-02-04T12:00:42+00:00\",\"breadcrumb\":{\"@id\":\"https:\\\/\\\/patagoniambiental.com.ar\\\/info\\\/bahia-blanca-podria-albergar-el-parque-eolico-mas-grande-de-la-argentina\\\/#breadcrumb\"},\"inLanguage\":\"es\",\"potentialAction\":[{\"@type\":\"ReadAction\",\"target\":[\"https:\\\/\\\/patagoniambiental.com.ar\\\/info\\\/bahia-blanca-podria-albergar-el-parque-eolico-mas-grande-de-la-argentina\\\/\"]}]},{\"@type\":\"BreadcrumbList\",\"@id\":\"https:\\\/\\\/patagoniambiental.com.ar\\\/info\\\/bahia-blanca-podria-albergar-el-parque-eolico-mas-grande-de-la-argentina\\\/#breadcrumb\",\"itemListElement\":[{\"@type\":\"ListItem\",\"position\":1,\"name\":\"Inicio\",\"item\":\"https:\\\/\\\/patagoniambiental.com.ar\\\/info\\\/\"},{\"@type\":\"ListItem\",\"position\":2,\"name\":\"Bah\u00eda Blanca podr\u00eda albergar el parque e\u00f3lico m\u00e1s grande de la Argentina\"}]},{\"@type\":\"WebSite\",\"@id\":\"https:\\\/\\\/patagoniambiental.com.ar\\\/info\\\/#website\",\"url\":\"https:\\\/\\\/patagoniambiental.com.ar\\\/info\\\/\",\"name\":\"Patagonia Ambiental\",\"description\":\"Monitoreo y an\u00e1lisis de la situaci\u00f3n geopol\u00edtica en el mundo y su implicancia en la Patagonia\",\"publisher\":{\"@id\":\"https:\\\/\\\/patagoniambiental.com.ar\\\/info\\\/#organization\"},\"potentialAction\":[{\"@type\":\"SearchAction\",\"target\":{\"@type\":\"EntryPoint\",\"urlTemplate\":\"https:\\\/\\\/patagoniambiental.com.ar\\\/info\\\/?s={search_term_string}\"},\"query-input\":{\"@type\":\"PropertyValueSpecification\",\"valueRequired\":true,\"valueName\":\"search_term_string\"}}],\"inLanguage\":\"es\"},{\"@type\":\"Organization\",\"@id\":\"https:\\\/\\\/patagoniambiental.com.ar\\\/info\\\/#organization\",\"name\":\"Patagonia Ambiental\",\"url\":\"https:\\\/\\\/patagoniambiental.com.ar\\\/info\\\/\",\"logo\":{\"@type\":\"ImageObject\",\"inLanguage\":\"es\",\"@id\":\"https:\\\/\\\/patagoniambiental.com.ar\\\/info\\\/#\\\/schema\\\/logo\\\/image\\\/\",\"url\":\"https:\\\/\\\/patagoniambiental.com.ar\\\/info\\\/wp-content\\\/uploads\\\/2025\\\/05\\\/LOGO-PATAGONIA-AMBIENTAL.png\",\"contentUrl\":\"https:\\\/\\\/patagoniambiental.com.ar\\\/info\\\/wp-content\\\/uploads\\\/2025\\\/05\\\/LOGO-PATAGONIA-AMBIENTAL.png\",\"width\":433,\"height\":250,\"caption\":\"Patagonia Ambiental\"},\"image\":{\"@id\":\"https:\\\/\\\/patagoniambiental.com.ar\\\/info\\\/#\\\/schema\\\/logo\\\/image\\\/\"},\"sameAs\":[\"https:\\\/\\\/www.facebook.com\\\/patagonia.ambiental\",\"https:\\\/\\\/x.com\\\/PatAmb\"]},{\"@type\":\"Person\",\"@id\":\"https:\\\/\\\/patagoniambiental.com.ar\\\/info\\\/#\\\/schema\\\/person\\\/db12bff64bbcbf6a253710bf0ea37b5d\",\"name\":\"Patagonia Ambiental\",\"description\":\"Andr\u00e9s Nievas T\u00e9cnico en manejo ambiental, consultor Ambiental y escritor para medios locales e internacionales sobre temas de geopolitica y medio ambiente.\",\"sameAs\":[\"http:\\\/\\\/www.patagoniambiental.com.ar\",\"https:\\\/\\\/www.facebook.com\\\/share\\\/1C1V8Gv9BX\\\/?mibextid=qi2Omg\",\"@patagoniambiental\",\"https:\\\/\\\/youtube.com\\\/@patagoniaambiental2023?si=BLt58t0wuXquxlYZ\"]}]}<\/script>\n<!-- \/ Yoast SEO Premium plugin. -->","yoast_head_json":{"title":"Bah\u00eda Blanca podr\u00eda albergar el parque e\u00f3lico m\u00e1s grande de la Argentina","robots":{"index":"index","follow":"follow","max-snippet":"max-snippet:-1","max-image-preview":"max-image-preview:large","max-video-preview":"max-video-preview:-1"},"canonical":"https:\/\/patagoniambiental.com.ar\/info\/bahia-blanca-podria-albergar-el-parque-eolico-mas-grande-de-la-argentina\/","og_locale":"es_ES","og_type":"article","og_title":"Bah\u00eda Blanca podr\u00eda albergar el parque e\u00f3lico m\u00e1s grande de la Argentina","og_description":"Pampa Energ\u00eda analiza inversi\u00f3n en parque e\u00f3lico por US$ 200 millones en Bah\u00eda Blanca. El grupo inversor asegur\u00f3 que analiza [&hellip;]","og_url":"https:\/\/patagoniambiental.com.ar\/info\/bahia-blanca-podria-albergar-el-parque-eolico-mas-grande-de-la-argentina\/","og_site_name":"Patagonia Ambiental","article_publisher":"https:\/\/www.facebook.com\/patagonia.ambiental","article_author":"https:\/\/www.facebook.com\/share\/1C1V8Gv9BX\/?mibextid=qi2Omg","article_published_time":"2016-02-04T12:00:42+00:00","author":"Patagonia Ambiental","twitter_card":"summary_large_image","twitter_creator":"@PatAmb","twitter_site":"@PatAmb","schema":{"@context":"https:\/\/schema.org","@graph":[{"@type":"Article","@id":"https:\/\/patagoniambiental.com.ar\/info\/bahia-blanca-podria-albergar-el-parque-eolico-mas-grande-de-la-argentina\/#article","isPartOf":{"@id":"https:\/\/patagoniambiental.com.ar\/info\/bahia-blanca-podria-albergar-el-parque-eolico-mas-grande-de-la-argentina\/"},"author":{"name":"Patagonia Ambiental","@id":"https:\/\/patagoniambiental.com.ar\/info\/#\/schema\/person\/db12bff64bbcbf6a253710bf0ea37b5d"},"headline":"Bah\u00eda Blanca podr\u00eda albergar el parque e\u00f3lico m\u00e1s grande de la Argentina","datePublished":"2016-02-04T12:00:42+00:00","mainEntityOfPage":{"@id":"https:\/\/patagoniambiental.com.ar\/info\/bahia-blanca-podria-albergar-el-parque-eolico-mas-grande-de-la-argentina\/"},"wordCount":691,"publisher":{"@id":"https:\/\/patagoniambiental.com.ar\/info\/#organization"},"articleSection":["Noticias"],"inLanguage":"es"},{"@type":"WebPage","@id":"https:\/\/patagoniambiental.com.ar\/info\/bahia-blanca-podria-albergar-el-parque-eolico-mas-grande-de-la-argentina\/","url":"https:\/\/patagoniambiental.com.ar\/info\/bahia-blanca-podria-albergar-el-parque-eolico-mas-grande-de-la-argentina\/","name":"Bah\u00eda Blanca podr\u00eda albergar el parque e\u00f3lico m\u00e1s grande de la Argentina","isPartOf":{"@id":"https:\/\/patagoniambiental.com.ar\/info\/#website"},"datePublished":"2016-02-04T12:00:42+00:00","breadcrumb":{"@id":"https:\/\/patagoniambiental.com.ar\/info\/bahia-blanca-podria-albergar-el-parque-eolico-mas-grande-de-la-argentina\/#breadcrumb"},"inLanguage":"es","potentialAction":[{"@type":"ReadAction","target":["https:\/\/patagoniambiental.com.ar\/info\/bahia-blanca-podria-albergar-el-parque-eolico-mas-grande-de-la-argentina\/"]}]},{"@type":"BreadcrumbList","@id":"https:\/\/patagoniambiental.com.ar\/info\/bahia-blanca-podria-albergar-el-parque-eolico-mas-grande-de-la-argentina\/#breadcrumb","itemListElement":[{"@type":"ListItem","position":1,"name":"Inicio","item":"https:\/\/patagoniambiental.com.ar\/info\/"},{"@type":"ListItem","position":2,"name":"Bah\u00eda Blanca podr\u00eda albergar el parque e\u00f3lico m\u00e1s grande de la Argentina"}]},{"@type":"WebSite","@id":"https:\/\/patagoniambiental.com.ar\/info\/#website","url":"https:\/\/patagoniambiental.com.ar\/info\/","name":"Patagonia Ambiental","description":"Monitoreo y an\u00e1lisis de la situaci\u00f3n geopol\u00edtica en el mundo y su implicancia en la Patagonia","publisher":{"@id":"https:\/\/patagoniambiental.com.ar\/info\/#organization"},"potentialAction":[{"@type":"SearchAction","target":{"@type":"EntryPoint","urlTemplate":"https:\/\/patagoniambiental.com.ar\/info\/?s={search_term_string}"},"query-input":{"@type":"PropertyValueSpecification","valueRequired":true,"valueName":"search_term_string"}}],"inLanguage":"es"},{"@type":"Organization","@id":"https:\/\/patagoniambiental.com.ar\/info\/#organization","name":"Patagonia Ambiental","url":"https:\/\/patagoniambiental.com.ar\/info\/","logo":{"@type":"ImageObject","inLanguage":"es","@id":"https:\/\/patagoniambiental.com.ar\/info\/#\/schema\/logo\/image\/","url":"https:\/\/patagoniambiental.com.ar\/info\/wp-content\/uploads\/2025\/05\/LOGO-PATAGONIA-AMBIENTAL.png","contentUrl":"https:\/\/patagoniambiental.com.ar\/info\/wp-content\/uploads\/2025\/05\/LOGO-PATAGONIA-AMBIENTAL.png","width":433,"height":250,"caption":"Patagonia Ambiental"},"image":{"@id":"https:\/\/patagoniambiental.com.ar\/info\/#\/schema\/logo\/image\/"},"sameAs":["https:\/\/www.facebook.com\/patagonia.ambiental","https:\/\/x.com\/PatAmb"]},{"@type":"Person","@id":"https:\/\/patagoniambiental.com.ar\/info\/#\/schema\/person\/db12bff64bbcbf6a253710bf0ea37b5d","name":"Patagonia Ambiental","description":"Andr\u00e9s Nievas T\u00e9cnico en manejo ambiental, consultor Ambiental y escritor para medios locales e internacionales sobre temas de geopolitica y medio ambiente.","sameAs":["http:\/\/www.patagoniambiental.com.ar","https:\/\/www.facebook.com\/share\/1C1V8Gv9BX\/?mibextid=qi2Omg","@patagoniambiental","https:\/\/youtube.com\/@patagoniaambiental2023?si=BLt58t0wuXquxlYZ"]}]}},"_links":{"self":[{"href":"https:\/\/patagoniambiental.com.ar\/info\/wp-json\/wp\/v2\/posts\/16582","targetHints":{"allow":["GET"]}}],"collection":[{"href":"https:\/\/patagoniambiental.com.ar\/info\/wp-json\/wp\/v2\/posts"}],"about":[{"href":"https:\/\/patagoniambiental.com.ar\/info\/wp-json\/wp\/v2\/types\/post"}],"author":[{"embeddable":true,"href":"https:\/\/patagoniambiental.com.ar\/info\/wp-json\/wp\/v2\/users\/2"}],"replies":[{"embeddable":true,"href":"https:\/\/patagoniambiental.com.ar\/info\/wp-json\/wp\/v2\/comments?post=16582"}],"version-history":[{"count":0,"href":"https:\/\/patagoniambiental.com.ar\/info\/wp-json\/wp\/v2\/posts\/16582\/revisions"}],"wp:attachment":[{"href":"https:\/\/patagoniambiental.com.ar\/info\/wp-json\/wp\/v2\/media?parent=16582"}],"wp:term":[{"taxonomy":"category","embeddable":true,"href":"https:\/\/patagoniambiental.com.ar\/info\/wp-json\/wp\/v2\/categories?post=16582"},{"taxonomy":"post_tag","embeddable":true,"href":"https:\/\/patagoniambiental.com.ar\/info\/wp-json\/wp\/v2\/tags?post=16582"}],"curies":[{"name":"wp","href":"https:\/\/api.w.org\/{rel}","templated":true}]}}