{"id":16617,"date":"2016-02-08T09:13:09","date_gmt":"2016-02-08T12:13:09","guid":{"rendered":"http:\/\/patagoniambiental.com.ar\/?p=16617"},"modified":"2016-02-08T09:13:09","modified_gmt":"2016-02-08T12:13:09","slug":"turismo-trabaja-en-la-actualizacion-del-plan-estrategico-de-turismo-sustentable","status":"publish","type":"post","link":"https:\/\/patagoniambiental.com.ar\/info\/turismo-trabaja-en-la-actualizacion-del-plan-estrategico-de-turismo-sustentable\/","title":{"rendered":"Turismo trabaja en la actualizaci\u00f3n del Plan Estrat\u00e9gico de Turismo Sustentable"},"content":{"rendered":"<p align=\"JUSTIFY\"><span style=\"font-family: Asap;\"><span style=\"font-size: large;\">La secretaria de Turismo de R\u00edo Negro, Silvia Luzzardi, y el equipo t\u00e9cnico de la cartera mantuvieron, durante la presente semana, distintas reuniones de trabajo con la finalidad de actualizar y readecuar el Plan Estrat\u00e9gico de Turismo Sustentable incorpor\u00e1ndole nuevos conceptos referidos a la inclusi\u00f3n de nuevas tendencias y a la reformulaci\u00f3n de algunos de los objetivos.<\/span><\/span><\/p>\n<p align=\"JUSTIFY\"><span style=\"font-family: Asap;\"><span style=\"font-size: large;\">El<\/span><\/span> <span style=\"font-family: Asap;\"><span style=\"font-size: large;\">Plan<\/span><\/span> <span style=\"font-family: Asap;\"><span style=\"font-size: large;\">Estrat\u00e9gico<\/span><\/span> <span style=\"font-family: Asap;\"><span style=\"font-size: large;\">es<\/span><\/span> <span style=\"font-family: Asap;\"><span style=\"font-size: large;\">la<\/span><\/span> <span style=\"font-family: Asap;\"><span style=\"font-size: large;\">herramienta<\/span><\/span> <span style=\"font-family: Asap;\"><span style=\"font-size: large;\">de<\/span><\/span> <span style=\"font-family: Asap;\"><span style=\"font-size: large;\">planificaci\u00f3n<\/span><\/span> <span style=\"font-family: Asap;\"><span style=\"font-size: large;\">de<\/span><\/span> <span style=\"font-family: Asap;\"><span style=\"font-size: large;\">las<\/span><\/span> <span style=\"font-family: Asap;\"><span style=\"font-size: large;\">metas<\/span><\/span> <span style=\"font-family: Asap;\"><span style=\"font-size: large;\">a<\/span><\/span> <span style=\"font-family: Asap;\"><span style=\"font-size: large;\">alcanzar<\/span><\/span> <span style=\"font-family: Asap;\"><span style=\"font-size: large;\">por<\/span><\/span> <span style=\"font-family: Asap;\"><span style=\"font-size: large;\">el<\/span><\/span> <span style=\"font-family: Asap;\"><span style=\"font-size: large;\">organismo<\/span><\/span> <span style=\"font-family: Asap;\"><span style=\"font-size: large;\">como<\/span><\/span> <span style=\"font-family: Asap;\"><span style=\"font-size: large;\">pol\u00edtica<\/span><\/span> <span style=\"font-family: Asap;\"><span style=\"font-size: large;\">de<\/span><\/span> <span style=\"font-family: Asap;\"><span style=\"font-size: large;\">estado<\/span><\/span> <span style=\"font-family: Asap;\"><span style=\"font-size: large;\">tendiente<\/span><\/span> <span style=\"font-family: Asap;\"><span style=\"font-size: large;\">a<\/span><\/span><span style=\"font-family: Asap;\"><span style=\"font-size: large;\">aprovechar<\/span><\/span> <span style=\"font-family: Asap;\"><span style=\"font-size: large;\">las<\/span><\/span> <span style=\"font-family: Asap;\"><span style=\"font-size: large;\">condiciones<\/span><\/span> <span style=\"font-family: Asap;\"><span style=\"font-size: large;\">naturales<\/span><\/span> <span style=\"font-family: Asap;\"><span style=\"font-size: large;\">de<\/span><\/span> <span style=\"font-family: Asap;\"><span style=\"font-size: large;\">cada<\/span><\/span> <span style=\"font-family: Asap;\"><span style=\"font-size: large;\">una<\/span><\/span> <span style=\"font-family: Asap;\"><span style=\"font-size: large;\">de<\/span><\/span> <span style=\"font-family: Asap;\"><span style=\"font-size: large;\">las<\/span><\/span> <span style=\"font-family: Asap;\"><span style=\"font-size: large;\">regiones<\/span><\/span> <span style=\"font-family: Asap;\"><span style=\"font-size: large;\">de<\/span><\/span> <span style=\"font-family: Asap;\"><span style=\"font-size: large;\">la<\/span><\/span> <span style=\"font-family: Asap;\"><span style=\"font-size: large;\">Provincia<\/span><\/span> <span style=\"font-family: Asap;\"><span style=\"font-size: large;\">en<\/span><\/span> <span style=\"font-family: Asap;\"><span style=\"font-size: large;\">cuestiones<\/span><\/span> <span style=\"font-family: Asap;\"><span style=\"font-size: large;\">de<\/span><\/span> <span style=\"font-family: Asap;\"><span style=\"font-size: large;\">gastronom\u00eda,<\/span><\/span> <span style=\"font-family: Asap;\"><span style=\"font-size: large;\">hospitalidad,<\/span><\/span><span style=\"font-family: Asap;\"><span style=\"font-size: large;\">paisajes,<\/span><\/span> <span style=\"font-family: Asap;\"><span style=\"font-size: large;\">cultura<\/span><\/span> <span style=\"font-family: Asap;\"><span style=\"font-size: large;\">y<\/span><\/span> <span style=\"font-family: Asap;\"><span style=\"font-size: large;\">econom\u00eda.<\/span><\/span><\/p>\n<p align=\"JUSTIFY\"><span style=\"font-family: Asap;\"><span style=\"font-size: large;\">Esta herramienta busca crear un contexto en el cual las zonas menos desarrolladas tur\u00edsticamente tengan la oportunidad de crear nuevas ocupaciones, la generaci\u00f3n de nuevas oportunidades de trabajo y establecerse como destinos tur\u00edsticos emergentes<\/span><\/span><\/p>\n<p align=\"JUSTIFY\"><span style=\"font-family: Asap;\"><span style=\"font-size: large;\">La planificaci\u00f3n de los mecanismos de trabajo para la implementaci\u00f3n del nuevo Plan Estrat\u00e9gico de Turismo Sustentable destinado a la provincia, hace \u00e9nfasis en el desarrollo del turismo religioso y la consolidaci\u00f3n del turismo activo.<\/span><\/span><\/p>\n<p align=\"JUSTIFY\"><span style=\"font-family: Asap;\"><span style=\"font-size: large;\">El Plan Estrat\u00e9gico tiene como objetivo alcanzar las metas necesarias para el desarrollo tur\u00edstico de R\u00edo Negro, para lo cual sigue la l\u00ednea del Plan Federal Estrat\u00e9gico de Turismo Sustentable 2020 implementado a nivel nacional que, a su vez, contin\u00faa en constante desarrollo desde que fue aprobado en el a\u00f1o 2005. Este plan ha establecido patrones de trabajo que orientan las acciones que en materia tur\u00edstica se est\u00e1n llevando a cabo en todo el pa\u00eds.<\/span><\/span><\/p>\n<p align=\"JUSTIFY\"><span style=\"font-family: Asap;\"><span style=\"font-size: large;\">El Plan Federal Estrat\u00e9gico de Turismo Sustentable tiene una visi\u00f3n integradora para el sector, optimizando los recursos y esfuerzos necesarios para confluir en desarrollo tur\u00edstico sustentable e inclusivo en Argentina.<\/span><\/span><\/p>\n","protected":false},"excerpt":{"rendered":"<p>La secretaria de Turismo de R\u00edo Negro, Silvia Luzzardi, y el equipo t\u00e9cnico de la cartera mantuvieron, durante la presente [&hellip;]<\/p>\n","protected":false},"author":2,"featured_media":0,"comment_status":"closed","ping_status":"closed","sticky":false,"template":"","format":"standard","meta":{"site-sidebar-layout":"default","site-content-layout":"","ast-site-content-layout":"default","site-content-style":"default","site-sidebar-style":"default","ast-global-header-display":"","ast-banner-title-visibility":"","ast-main-header-display":"","ast-hfb-above-header-display":"","ast-hfb-below-header-display":"","ast-hfb-mobile-header-display":"","site-post-title":"","ast-breadcrumbs-content":"","ast-featured-img":"","footer-sml-layout":"","ast-disable-related-posts":"","theme-transparent-header-meta":"","adv-header-id-meta":"","stick-header-meta":"","header-above-stick-meta":"","header-main-stick-meta":"","header-below-stick-meta":"","astra-migrate-meta-layouts":"default","ast-page-background-enabled":"default","ast-page-background-meta":{"desktop":{"background-color":"var(--ast-global-color-5)","background-image":"","background-repeat":"repeat","background-position":"center center","background-size":"auto","background-attachment":"scroll","background-type":"","background-media":"","overlay-type":"","overlay-color":"","overlay-opacity":"","overlay-gradient":""},"tablet":{"background-color":"","background-image":"","background-repeat":"repeat","background-position":"center center","background-size":"auto","background-attachment":"scroll","background-type":"","background-media":"","overlay-type":"","overlay-color":"","overlay-opacity":"","overlay-gradient":""},"mobile":{"background-color":"","background-image":"","background-repeat":"repeat","background-position":"center center","background-size":"auto","background-attachment":"scroll","background-type":"","background-media":"","overlay-type":"","overlay-color":"","overlay-opacity":"","overlay-gradient":""}},"ast-content-background-meta":{"desktop":{"background-color":"var(--ast-global-color-4)","background-image":"","background-repeat":"repeat","background-position":"center center","background-size":"auto","background-attachment":"scroll","background-type":"","background-media":"","overlay-type":"","overlay-color":"","overlay-opacity":"","overlay-gradient":""},"tablet":{"background-color":"var(--ast-global-color-4)","background-image":"","background-repeat":"repeat","background-position":"center center","background-size":"auto","background-attachment":"scroll","background-type":"","background-media":"","overlay-type":"","overlay-color":"","overlay-opacity":"","overlay-gradient":""},"mobile":{"background-color":"var(--ast-global-color-4)","background-image":"","background-repeat":"repeat","background-position":"center center","background-size":"auto","background-attachment":"scroll","background-type":"","background-media":"","overlay-type":"","overlay-color":"","overlay-opacity":"","overlay-gradient":""}},"footnotes":""},"categories":[1],"tags":[],"class_list":["post-16617","post","type-post","status-publish","format-standard","hentry","category-noticias"],"yoast_head":"<!-- This site is optimized with the Yoast SEO Premium plugin v23.0 (Yoast SEO v27.5) - https:\/\/yoast.com\/product\/yoast-seo-premium-wordpress\/ -->\n<title>Turismo trabaja en la actualizaci\u00f3n del Plan Estrat\u00e9gico de Turismo Sustentable<\/title>\n<meta name=\"robots\" content=\"index, follow, max-snippet:-1, max-image-preview:large, max-video-preview:-1\" \/>\n<link rel=\"canonical\" href=\"https:\/\/patagoniambiental.com.ar\/info\/turismo-trabaja-en-la-actualizacion-del-plan-estrategico-de-turismo-sustentable\/\" \/>\n<meta property=\"og:locale\" content=\"es_ES\" \/>\n<meta property=\"og:type\" content=\"article\" \/>\n<meta property=\"og:title\" content=\"Turismo trabaja en la actualizaci\u00f3n del Plan Estrat\u00e9gico de Turismo Sustentable\" \/>\n<meta property=\"og:description\" content=\"La secretaria de Turismo de R\u00edo Negro, Silvia Luzzardi, y el equipo t\u00e9cnico de la cartera mantuvieron, durante la presente [&hellip;]\" \/>\n<meta property=\"og:url\" content=\"https:\/\/patagoniambiental.com.ar\/info\/turismo-trabaja-en-la-actualizacion-del-plan-estrategico-de-turismo-sustentable\/\" \/>\n<meta property=\"og:site_name\" content=\"Patagonia Ambiental\" \/>\n<meta property=\"article:publisher\" content=\"https:\/\/www.facebook.com\/patagonia.ambiental\" \/>\n<meta property=\"article:author\" content=\"https:\/\/www.facebook.com\/share\/1C1V8Gv9BX\/?mibextid=qi2Omg\" \/>\n<meta property=\"article:published_time\" content=\"2016-02-08T12:13:09+00:00\" \/>\n<meta name=\"author\" content=\"Patagonia Ambiental\" \/>\n<meta name=\"twitter:card\" content=\"summary_large_image\" \/>\n<meta name=\"twitter:creator\" content=\"@PatAmb\" \/>\n<meta name=\"twitter:site\" content=\"@PatAmb\" \/>\n<script type=\"application\/ld+json\" class=\"yoast-schema-graph\">{\"@context\":\"https:\\\/\\\/schema.org\",\"@graph\":[{\"@type\":\"Article\",\"@id\":\"https:\\\/\\\/patagoniambiental.com.ar\\\/info\\\/turismo-trabaja-en-la-actualizacion-del-plan-estrategico-de-turismo-sustentable\\\/#article\",\"isPartOf\":{\"@id\":\"https:\\\/\\\/patagoniambiental.com.ar\\\/info\\\/turismo-trabaja-en-la-actualizacion-del-plan-estrategico-de-turismo-sustentable\\\/\"},\"author\":{\"name\":\"Patagonia Ambiental\",\"@id\":\"https:\\\/\\\/patagoniambiental.com.ar\\\/info\\\/#\\\/schema\\\/person\\\/db12bff64bbcbf6a253710bf0ea37b5d\"},\"headline\":\"Turismo trabaja en la actualizaci\u00f3n del Plan Estrat\u00e9gico de Turismo Sustentable\",\"datePublished\":\"2016-02-08T12:13:09+00:00\",\"mainEntityOfPage\":{\"@id\":\"https:\\\/\\\/patagoniambiental.com.ar\\\/info\\\/turismo-trabaja-en-la-actualizacion-del-plan-estrategico-de-turismo-sustentable\\\/\"},\"wordCount\":317,\"publisher\":{\"@id\":\"https:\\\/\\\/patagoniambiental.com.ar\\\/info\\\/#organization\"},\"articleSection\":[\"Noticias\"],\"inLanguage\":\"es\"},{\"@type\":\"WebPage\",\"@id\":\"https:\\\/\\\/patagoniambiental.com.ar\\\/info\\\/turismo-trabaja-en-la-actualizacion-del-plan-estrategico-de-turismo-sustentable\\\/\",\"url\":\"https:\\\/\\\/patagoniambiental.com.ar\\\/info\\\/turismo-trabaja-en-la-actualizacion-del-plan-estrategico-de-turismo-sustentable\\\/\",\"name\":\"Turismo trabaja en la actualizaci\u00f3n del Plan Estrat\u00e9gico de Turismo Sustentable\",\"isPartOf\":{\"@id\":\"https:\\\/\\\/patagoniambiental.com.ar\\\/info\\\/#website\"},\"datePublished\":\"2016-02-08T12:13:09+00:00\",\"breadcrumb\":{\"@id\":\"https:\\\/\\\/patagoniambiental.com.ar\\\/info\\\/turismo-trabaja-en-la-actualizacion-del-plan-estrategico-de-turismo-sustentable\\\/#breadcrumb\"},\"inLanguage\":\"es\",\"potentialAction\":[{\"@type\":\"ReadAction\",\"target\":[\"https:\\\/\\\/patagoniambiental.com.ar\\\/info\\\/turismo-trabaja-en-la-actualizacion-del-plan-estrategico-de-turismo-sustentable\\\/\"]}]},{\"@type\":\"BreadcrumbList\",\"@id\":\"https:\\\/\\\/patagoniambiental.com.ar\\\/info\\\/turismo-trabaja-en-la-actualizacion-del-plan-estrategico-de-turismo-sustentable\\\/#breadcrumb\",\"itemListElement\":[{\"@type\":\"ListItem\",\"position\":1,\"name\":\"Inicio\",\"item\":\"https:\\\/\\\/patagoniambiental.com.ar\\\/info\\\/\"},{\"@type\":\"ListItem\",\"position\":2,\"name\":\"Turismo trabaja en la actualizaci\u00f3n del Plan Estrat\u00e9gico de Turismo Sustentable\"}]},{\"@type\":\"WebSite\",\"@id\":\"https:\\\/\\\/patagoniambiental.com.ar\\\/info\\\/#website\",\"url\":\"https:\\\/\\\/patagoniambiental.com.ar\\\/info\\\/\",\"name\":\"Patagonia Ambiental\",\"description\":\"Monitoreo y an\u00e1lisis de la situaci\u00f3n geopol\u00edtica en el mundo y su implicancia en la Patagonia\",\"publisher\":{\"@id\":\"https:\\\/\\\/patagoniambiental.com.ar\\\/info\\\/#organization\"},\"potentialAction\":[{\"@type\":\"SearchAction\",\"target\":{\"@type\":\"EntryPoint\",\"urlTemplate\":\"https:\\\/\\\/patagoniambiental.com.ar\\\/info\\\/?s={search_term_string}\"},\"query-input\":{\"@type\":\"PropertyValueSpecification\",\"valueRequired\":true,\"valueName\":\"search_term_string\"}}],\"inLanguage\":\"es\"},{\"@type\":\"Organization\",\"@id\":\"https:\\\/\\\/patagoniambiental.com.ar\\\/info\\\/#organization\",\"name\":\"Patagonia Ambiental\",\"url\":\"https:\\\/\\\/patagoniambiental.com.ar\\\/info\\\/\",\"logo\":{\"@type\":\"ImageObject\",\"inLanguage\":\"es\",\"@id\":\"https:\\\/\\\/patagoniambiental.com.ar\\\/info\\\/#\\\/schema\\\/logo\\\/image\\\/\",\"url\":\"https:\\\/\\\/patagoniambiental.com.ar\\\/info\\\/wp-content\\\/uploads\\\/2025\\\/05\\\/LOGO-PATAGONIA-AMBIENTAL.png\",\"contentUrl\":\"https:\\\/\\\/patagoniambiental.com.ar\\\/info\\\/wp-content\\\/uploads\\\/2025\\\/05\\\/LOGO-PATAGONIA-AMBIENTAL.png\",\"width\":433,\"height\":250,\"caption\":\"Patagonia Ambiental\"},\"image\":{\"@id\":\"https:\\\/\\\/patagoniambiental.com.ar\\\/info\\\/#\\\/schema\\\/logo\\\/image\\\/\"},\"sameAs\":[\"https:\\\/\\\/www.facebook.com\\\/patagonia.ambiental\",\"https:\\\/\\\/x.com\\\/PatAmb\"]},{\"@type\":\"Person\",\"@id\":\"https:\\\/\\\/patagoniambiental.com.ar\\\/info\\\/#\\\/schema\\\/person\\\/db12bff64bbcbf6a253710bf0ea37b5d\",\"name\":\"Patagonia Ambiental\",\"description\":\"Andr\u00e9s Nievas T\u00e9cnico en manejo ambiental, consultor Ambiental y escritor para medios locales e internacionales sobre temas de geopolitica y medio ambiente.\",\"sameAs\":[\"http:\\\/\\\/www.patagoniambiental.com.ar\",\"https:\\\/\\\/www.facebook.com\\\/share\\\/1C1V8Gv9BX\\\/?mibextid=qi2Omg\",\"@patagoniambiental\",\"https:\\\/\\\/youtube.com\\\/@patagoniaambiental2023?si=BLt58t0wuXquxlYZ\"]}]}<\/script>\n<!-- \/ Yoast SEO Premium plugin. -->","yoast_head_json":{"title":"Turismo trabaja en la actualizaci\u00f3n del Plan Estrat\u00e9gico de Turismo Sustentable","robots":{"index":"index","follow":"follow","max-snippet":"max-snippet:-1","max-image-preview":"max-image-preview:large","max-video-preview":"max-video-preview:-1"},"canonical":"https:\/\/patagoniambiental.com.ar\/info\/turismo-trabaja-en-la-actualizacion-del-plan-estrategico-de-turismo-sustentable\/","og_locale":"es_ES","og_type":"article","og_title":"Turismo trabaja en la actualizaci\u00f3n del Plan Estrat\u00e9gico de Turismo Sustentable","og_description":"La secretaria de Turismo de R\u00edo Negro, Silvia Luzzardi, y el equipo t\u00e9cnico de la cartera mantuvieron, durante la presente [&hellip;]","og_url":"https:\/\/patagoniambiental.com.ar\/info\/turismo-trabaja-en-la-actualizacion-del-plan-estrategico-de-turismo-sustentable\/","og_site_name":"Patagonia Ambiental","article_publisher":"https:\/\/www.facebook.com\/patagonia.ambiental","article_author":"https:\/\/www.facebook.com\/share\/1C1V8Gv9BX\/?mibextid=qi2Omg","article_published_time":"2016-02-08T12:13:09+00:00","author":"Patagonia Ambiental","twitter_card":"summary_large_image","twitter_creator":"@PatAmb","twitter_site":"@PatAmb","schema":{"@context":"https:\/\/schema.org","@graph":[{"@type":"Article","@id":"https:\/\/patagoniambiental.com.ar\/info\/turismo-trabaja-en-la-actualizacion-del-plan-estrategico-de-turismo-sustentable\/#article","isPartOf":{"@id":"https:\/\/patagoniambiental.com.ar\/info\/turismo-trabaja-en-la-actualizacion-del-plan-estrategico-de-turismo-sustentable\/"},"author":{"name":"Patagonia Ambiental","@id":"https:\/\/patagoniambiental.com.ar\/info\/#\/schema\/person\/db12bff64bbcbf6a253710bf0ea37b5d"},"headline":"Turismo trabaja en la actualizaci\u00f3n del Plan Estrat\u00e9gico de Turismo Sustentable","datePublished":"2016-02-08T12:13:09+00:00","mainEntityOfPage":{"@id":"https:\/\/patagoniambiental.com.ar\/info\/turismo-trabaja-en-la-actualizacion-del-plan-estrategico-de-turismo-sustentable\/"},"wordCount":317,"publisher":{"@id":"https:\/\/patagoniambiental.com.ar\/info\/#organization"},"articleSection":["Noticias"],"inLanguage":"es"},{"@type":"WebPage","@id":"https:\/\/patagoniambiental.com.ar\/info\/turismo-trabaja-en-la-actualizacion-del-plan-estrategico-de-turismo-sustentable\/","url":"https:\/\/patagoniambiental.com.ar\/info\/turismo-trabaja-en-la-actualizacion-del-plan-estrategico-de-turismo-sustentable\/","name":"Turismo trabaja en la actualizaci\u00f3n del Plan Estrat\u00e9gico de Turismo Sustentable","isPartOf":{"@id":"https:\/\/patagoniambiental.com.ar\/info\/#website"},"datePublished":"2016-02-08T12:13:09+00:00","breadcrumb":{"@id":"https:\/\/patagoniambiental.com.ar\/info\/turismo-trabaja-en-la-actualizacion-del-plan-estrategico-de-turismo-sustentable\/#breadcrumb"},"inLanguage":"es","potentialAction":[{"@type":"ReadAction","target":["https:\/\/patagoniambiental.com.ar\/info\/turismo-trabaja-en-la-actualizacion-del-plan-estrategico-de-turismo-sustentable\/"]}]},{"@type":"BreadcrumbList","@id":"https:\/\/patagoniambiental.com.ar\/info\/turismo-trabaja-en-la-actualizacion-del-plan-estrategico-de-turismo-sustentable\/#breadcrumb","itemListElement":[{"@type":"ListItem","position":1,"name":"Inicio","item":"https:\/\/patagoniambiental.com.ar\/info\/"},{"@type":"ListItem","position":2,"name":"Turismo trabaja en la actualizaci\u00f3n del Plan Estrat\u00e9gico de Turismo Sustentable"}]},{"@type":"WebSite","@id":"https:\/\/patagoniambiental.com.ar\/info\/#website","url":"https:\/\/patagoniambiental.com.ar\/info\/","name":"Patagonia Ambiental","description":"Monitoreo y an\u00e1lisis de la situaci\u00f3n geopol\u00edtica en el mundo y su implicancia en la Patagonia","publisher":{"@id":"https:\/\/patagoniambiental.com.ar\/info\/#organization"},"potentialAction":[{"@type":"SearchAction","target":{"@type":"EntryPoint","urlTemplate":"https:\/\/patagoniambiental.com.ar\/info\/?s={search_term_string}"},"query-input":{"@type":"PropertyValueSpecification","valueRequired":true,"valueName":"search_term_string"}}],"inLanguage":"es"},{"@type":"Organization","@id":"https:\/\/patagoniambiental.com.ar\/info\/#organization","name":"Patagonia Ambiental","url":"https:\/\/patagoniambiental.com.ar\/info\/","logo":{"@type":"ImageObject","inLanguage":"es","@id":"https:\/\/patagoniambiental.com.ar\/info\/#\/schema\/logo\/image\/","url":"https:\/\/patagoniambiental.com.ar\/info\/wp-content\/uploads\/2025\/05\/LOGO-PATAGONIA-AMBIENTAL.png","contentUrl":"https:\/\/patagoniambiental.com.ar\/info\/wp-content\/uploads\/2025\/05\/LOGO-PATAGONIA-AMBIENTAL.png","width":433,"height":250,"caption":"Patagonia Ambiental"},"image":{"@id":"https:\/\/patagoniambiental.com.ar\/info\/#\/schema\/logo\/image\/"},"sameAs":["https:\/\/www.facebook.com\/patagonia.ambiental","https:\/\/x.com\/PatAmb"]},{"@type":"Person","@id":"https:\/\/patagoniambiental.com.ar\/info\/#\/schema\/person\/db12bff64bbcbf6a253710bf0ea37b5d","name":"Patagonia Ambiental","description":"Andr\u00e9s Nievas T\u00e9cnico en manejo ambiental, consultor Ambiental y escritor para medios locales e internacionales sobre temas de geopolitica y medio ambiente.","sameAs":["http:\/\/www.patagoniambiental.com.ar","https:\/\/www.facebook.com\/share\/1C1V8Gv9BX\/?mibextid=qi2Omg","@patagoniambiental","https:\/\/youtube.com\/@patagoniaambiental2023?si=BLt58t0wuXquxlYZ"]}]}},"_links":{"self":[{"href":"https:\/\/patagoniambiental.com.ar\/info\/wp-json\/wp\/v2\/posts\/16617","targetHints":{"allow":["GET"]}}],"collection":[{"href":"https:\/\/patagoniambiental.com.ar\/info\/wp-json\/wp\/v2\/posts"}],"about":[{"href":"https:\/\/patagoniambiental.com.ar\/info\/wp-json\/wp\/v2\/types\/post"}],"author":[{"embeddable":true,"href":"https:\/\/patagoniambiental.com.ar\/info\/wp-json\/wp\/v2\/users\/2"}],"replies":[{"embeddable":true,"href":"https:\/\/patagoniambiental.com.ar\/info\/wp-json\/wp\/v2\/comments?post=16617"}],"version-history":[{"count":0,"href":"https:\/\/patagoniambiental.com.ar\/info\/wp-json\/wp\/v2\/posts\/16617\/revisions"}],"wp:attachment":[{"href":"https:\/\/patagoniambiental.com.ar\/info\/wp-json\/wp\/v2\/media?parent=16617"}],"wp:term":[{"taxonomy":"category","embeddable":true,"href":"https:\/\/patagoniambiental.com.ar\/info\/wp-json\/wp\/v2\/categories?post=16617"},{"taxonomy":"post_tag","embeddable":true,"href":"https:\/\/patagoniambiental.com.ar\/info\/wp-json\/wp\/v2\/tags?post=16617"}],"curies":[{"name":"wp","href":"https:\/\/api.w.org\/{rel}","templated":true}]}}