{"id":16620,"date":"2016-02-08T09:17:29","date_gmt":"2016-02-08T12:17:29","guid":{"rendered":"http:\/\/patagoniambiental.com.ar\/?p=16620"},"modified":"2016-02-08T09:17:29","modified_gmt":"2016-02-08T12:17:29","slug":"el-papa-pide-en-videomensaje-un-nuevo-estilo-de-vida-que-proteja-el-medio-ambiente","status":"publish","type":"post","link":"https:\/\/patagoniambiental.com.ar\/info\/el-papa-pide-en-videomensaje-un-nuevo-estilo-de-vida-que-proteja-el-medio-ambiente\/","title":{"rendered":"El Papa pide en videomensaje un nuevo estilo de vida que proteja el medio ambiente"},"content":{"rendered":"<p class=\"entradilla\">El papa Francisco ha instado mediante un videomensaje publicado hoy a cuidar del medio ambiente y, para ello, recomienda promover un nuevo estilo de vida que libere al mundo de \u00abla esclavitud del consumismo\u00bb.<\/p>\n<p>\u201cEstamos de acuerdo en que la tierra es una herencia com\u00fan cuyos frutos deben beneficiar a todos. Sin embargo, \u00bfqu\u00e9 pasa en el mundo donde vivimos?\u201d, se cuestion\u00f3 en este segundo \u201cv\u00eddeo del papa\u201d, con el que cada mes quiere abordar un tema concreto.<\/p>\n<p>Francisco subray\u00f3 que \u201cla relaci\u00f3n entre la pobreza y la fragilidad del planeta requiere otro modo de ejercer la econom\u00eda y el progreso consiguiendo un nuevo estilo de vida\u201d.<\/p>\n<p>El pont\u00edfice, mirando a c\u00e1mara y en espa\u00f1ol, asegur\u00f3 que \u201cnecesitamos una conversi\u00f3n que nos una a todos: liberarnos de la esclavitud del consumismo\u201d.<\/p>\n<p>\u201cEste mes te hago una petici\u00f3n especial: que cuidemos de la creaci\u00f3n recibida como un don que hay que cultivar y proteger para las generaciones futuras. Cuidar la casa com\u00fan\u201d, concluy\u00f3.<\/p>\n<p>La grabaci\u00f3n, de 1,25 minutos, intercala im\u00e1genes relacionadas con el medioambiente como monta\u00f1as o prados y las intercala con algunas escenas que ponen en evidencia el fen\u00f3meno de la contaminaci\u00f3n, como ciclistas con mascarillas o playas sucias.<\/p>\n<p>El papa aparece nuevamente sentado en un escritorio, bajo una luz cenital, mirando a c\u00e1mara y pronunciando su mensaje pausadamente.<\/p>\n<p>La cuesti\u00f3n de la protecci\u00f3n del medioambiente, de \u201cla casa com\u00fan\u201d, ha sido objeto de gran atenci\u00f3n por parte de Francisco durante su pontificado y adem\u00e1s centr\u00f3 su primera enc\u00edclica, \u201cLaudato S\u00ec\u201d (2015).<\/p>\n<p>\u201cEl v\u00eddeo del papa\u201d, como ha sido denominada esta iniciativa, se difunde en las redes sociales y, aunque su versi\u00f3n original es en la lengua materna del papa argentino, se subtitula tambi\u00e9n en otros diez idiomas.<\/p>\n<p>Tiene como objetivo sensibilizar sobre los desaf\u00edos de la humanidad e indicar a los fieles de todo el mundo las intenciones de oraci\u00f3n para cada mes que, en el caso de febrero, ser\u00e1 el \u201ccuidado de la Creaci\u00f3n\u201d.<\/p>\n<p>La idea se enmarca dentro de los actos del A\u00f1o Santo Extraordinario de la Misericordia y ha sido promovida por la Red Mundial de Oraci\u00f3n del papa, que se encarga de \u201corar y vivir por los desaf\u00edos de la humanidad que preocupan al Santo Padre\u201d.<\/p>\n<p>&nbsp;<\/p>\n","protected":false},"excerpt":{"rendered":"<p>El papa Francisco ha instado mediante un videomensaje publicado hoy a cuidar del medio ambiente y, para ello, recomienda promover [&hellip;]<\/p>\n","protected":false},"author":2,"featured_media":0,"comment_status":"closed","ping_status":"closed","sticky":false,"template":"","format":"standard","meta":{"site-sidebar-layout":"default","site-content-layout":"","ast-site-content-layout":"default","site-content-style":"default","site-sidebar-style":"default","ast-global-header-display":"","ast-banner-title-visibility":"","ast-main-header-display":"","ast-hfb-above-header-display":"","ast-hfb-below-header-display":"","ast-hfb-mobile-header-display":"","site-post-title":"","ast-breadcrumbs-content":"","ast-featured-img":"","footer-sml-layout":"","ast-disable-related-posts":"","theme-transparent-header-meta":"","adv-header-id-meta":"","stick-header-meta":"","header-above-stick-meta":"","header-main-stick-meta":"","header-below-stick-meta":"","astra-migrate-meta-layouts":"default","ast-page-background-enabled":"default","ast-page-background-meta":{"desktop":{"background-color":"var(--ast-global-color-5)","background-image":"","background-repeat":"repeat","background-position":"center center","background-size":"auto","background-attachment":"scroll","background-type":"","background-media":"","overlay-type":"","overlay-color":"","overlay-opacity":"","overlay-gradient":""},"tablet":{"background-color":"","background-image":"","background-repeat":"repeat","background-position":"center center","background-size":"auto","background-attachment":"scroll","background-type":"","background-media":"","overlay-type":"","overlay-color":"","overlay-opacity":"","overlay-gradient":""},"mobile":{"background-color":"","background-image":"","background-repeat":"repeat","background-position":"center center","background-size":"auto","background-attachment":"scroll","background-type":"","background-media":"","overlay-type":"","overlay-color":"","overlay-opacity":"","overlay-gradient":""}},"ast-content-background-meta":{"desktop":{"background-color":"var(--ast-global-color-4)","background-image":"","background-repeat":"repeat","background-position":"center center","background-size":"auto","background-attachment":"scroll","background-type":"","background-media":"","overlay-type":"","overlay-color":"","overlay-opacity":"","overlay-gradient":""},"tablet":{"background-color":"var(--ast-global-color-4)","background-image":"","background-repeat":"repeat","background-position":"center center","background-size":"auto","background-attachment":"scroll","background-type":"","background-media":"","overlay-type":"","overlay-color":"","overlay-opacity":"","overlay-gradient":""},"mobile":{"background-color":"var(--ast-global-color-4)","background-image":"","background-repeat":"repeat","background-position":"center center","background-size":"auto","background-attachment":"scroll","background-type":"","background-media":"","overlay-type":"","overlay-color":"","overlay-opacity":"","overlay-gradient":""}},"footnotes":""},"categories":[1],"tags":[],"class_list":["post-16620","post","type-post","status-publish","format-standard","hentry","category-noticias"],"yoast_head":"<!-- This site is optimized with the Yoast SEO Premium plugin v23.0 (Yoast SEO v27.5) - https:\/\/yoast.com\/product\/yoast-seo-premium-wordpress\/ -->\n<title>El Papa pide en videomensaje un nuevo estilo de vida que proteja el medio ambiente<\/title>\n<meta name=\"robots\" content=\"index, follow, max-snippet:-1, max-image-preview:large, max-video-preview:-1\" \/>\n<link rel=\"canonical\" href=\"https:\/\/patagoniambiental.com.ar\/info\/el-papa-pide-en-videomensaje-un-nuevo-estilo-de-vida-que-proteja-el-medio-ambiente\/\" \/>\n<meta property=\"og:locale\" content=\"es_ES\" \/>\n<meta property=\"og:type\" content=\"article\" \/>\n<meta property=\"og:title\" content=\"El Papa pide en videomensaje un nuevo estilo de vida que proteja el medio ambiente\" \/>\n<meta property=\"og:description\" content=\"El papa Francisco ha instado mediante un videomensaje publicado hoy a cuidar del medio ambiente y, para ello, recomienda promover [&hellip;]\" \/>\n<meta property=\"og:url\" content=\"https:\/\/patagoniambiental.com.ar\/info\/el-papa-pide-en-videomensaje-un-nuevo-estilo-de-vida-que-proteja-el-medio-ambiente\/\" \/>\n<meta property=\"og:site_name\" content=\"Patagonia Ambiental\" \/>\n<meta property=\"article:publisher\" content=\"https:\/\/www.facebook.com\/patagonia.ambiental\" \/>\n<meta property=\"article:author\" content=\"https:\/\/www.facebook.com\/share\/1C1V8Gv9BX\/?mibextid=qi2Omg\" \/>\n<meta property=\"article:published_time\" content=\"2016-02-08T12:17:29+00:00\" \/>\n<meta name=\"author\" content=\"Patagonia Ambiental\" \/>\n<meta name=\"twitter:card\" content=\"summary_large_image\" \/>\n<meta name=\"twitter:creator\" content=\"@PatAmb\" \/>\n<meta name=\"twitter:site\" content=\"@PatAmb\" \/>\n<script type=\"application\/ld+json\" class=\"yoast-schema-graph\">{\"@context\":\"https:\\\/\\\/schema.org\",\"@graph\":[{\"@type\":\"Article\",\"@id\":\"https:\\\/\\\/patagoniambiental.com.ar\\\/info\\\/el-papa-pide-en-videomensaje-un-nuevo-estilo-de-vida-que-proteja-el-medio-ambiente\\\/#article\",\"isPartOf\":{\"@id\":\"https:\\\/\\\/patagoniambiental.com.ar\\\/info\\\/el-papa-pide-en-videomensaje-un-nuevo-estilo-de-vida-que-proteja-el-medio-ambiente\\\/\"},\"author\":{\"name\":\"Patagonia Ambiental\",\"@id\":\"https:\\\/\\\/patagoniambiental.com.ar\\\/info\\\/#\\\/schema\\\/person\\\/db12bff64bbcbf6a253710bf0ea37b5d\"},\"headline\":\"El Papa pide en videomensaje un nuevo estilo de vida que proteja el medio ambiente\",\"datePublished\":\"2016-02-08T12:17:29+00:00\",\"mainEntityOfPage\":{\"@id\":\"https:\\\/\\\/patagoniambiental.com.ar\\\/info\\\/el-papa-pide-en-videomensaje-un-nuevo-estilo-de-vida-que-proteja-el-medio-ambiente\\\/\"},\"wordCount\":417,\"publisher\":{\"@id\":\"https:\\\/\\\/patagoniambiental.com.ar\\\/info\\\/#organization\"},\"articleSection\":[\"Noticias\"],\"inLanguage\":\"es\"},{\"@type\":\"WebPage\",\"@id\":\"https:\\\/\\\/patagoniambiental.com.ar\\\/info\\\/el-papa-pide-en-videomensaje-un-nuevo-estilo-de-vida-que-proteja-el-medio-ambiente\\\/\",\"url\":\"https:\\\/\\\/patagoniambiental.com.ar\\\/info\\\/el-papa-pide-en-videomensaje-un-nuevo-estilo-de-vida-que-proteja-el-medio-ambiente\\\/\",\"name\":\"El Papa pide en videomensaje un nuevo estilo de vida que proteja el medio ambiente\",\"isPartOf\":{\"@id\":\"https:\\\/\\\/patagoniambiental.com.ar\\\/info\\\/#website\"},\"datePublished\":\"2016-02-08T12:17:29+00:00\",\"breadcrumb\":{\"@id\":\"https:\\\/\\\/patagoniambiental.com.ar\\\/info\\\/el-papa-pide-en-videomensaje-un-nuevo-estilo-de-vida-que-proteja-el-medio-ambiente\\\/#breadcrumb\"},\"inLanguage\":\"es\",\"potentialAction\":[{\"@type\":\"ReadAction\",\"target\":[\"https:\\\/\\\/patagoniambiental.com.ar\\\/info\\\/el-papa-pide-en-videomensaje-un-nuevo-estilo-de-vida-que-proteja-el-medio-ambiente\\\/\"]}]},{\"@type\":\"BreadcrumbList\",\"@id\":\"https:\\\/\\\/patagoniambiental.com.ar\\\/info\\\/el-papa-pide-en-videomensaje-un-nuevo-estilo-de-vida-que-proteja-el-medio-ambiente\\\/#breadcrumb\",\"itemListElement\":[{\"@type\":\"ListItem\",\"position\":1,\"name\":\"Inicio\",\"item\":\"https:\\\/\\\/patagoniambiental.com.ar\\\/info\\\/\"},{\"@type\":\"ListItem\",\"position\":2,\"name\":\"El Papa pide en videomensaje un nuevo estilo de vida que proteja el medio ambiente\"}]},{\"@type\":\"WebSite\",\"@id\":\"https:\\\/\\\/patagoniambiental.com.ar\\\/info\\\/#website\",\"url\":\"https:\\\/\\\/patagoniambiental.com.ar\\\/info\\\/\",\"name\":\"Patagonia Ambiental\",\"description\":\"Monitoreo y an\u00e1lisis de la situaci\u00f3n geopol\u00edtica en el mundo y su implicancia en la Patagonia\",\"publisher\":{\"@id\":\"https:\\\/\\\/patagoniambiental.com.ar\\\/info\\\/#organization\"},\"potentialAction\":[{\"@type\":\"SearchAction\",\"target\":{\"@type\":\"EntryPoint\",\"urlTemplate\":\"https:\\\/\\\/patagoniambiental.com.ar\\\/info\\\/?s={search_term_string}\"},\"query-input\":{\"@type\":\"PropertyValueSpecification\",\"valueRequired\":true,\"valueName\":\"search_term_string\"}}],\"inLanguage\":\"es\"},{\"@type\":\"Organization\",\"@id\":\"https:\\\/\\\/patagoniambiental.com.ar\\\/info\\\/#organization\",\"name\":\"Patagonia Ambiental\",\"url\":\"https:\\\/\\\/patagoniambiental.com.ar\\\/info\\\/\",\"logo\":{\"@type\":\"ImageObject\",\"inLanguage\":\"es\",\"@id\":\"https:\\\/\\\/patagoniambiental.com.ar\\\/info\\\/#\\\/schema\\\/logo\\\/image\\\/\",\"url\":\"https:\\\/\\\/patagoniambiental.com.ar\\\/info\\\/wp-content\\\/uploads\\\/2025\\\/05\\\/LOGO-PATAGONIA-AMBIENTAL.png\",\"contentUrl\":\"https:\\\/\\\/patagoniambiental.com.ar\\\/info\\\/wp-content\\\/uploads\\\/2025\\\/05\\\/LOGO-PATAGONIA-AMBIENTAL.png\",\"width\":433,\"height\":250,\"caption\":\"Patagonia Ambiental\"},\"image\":{\"@id\":\"https:\\\/\\\/patagoniambiental.com.ar\\\/info\\\/#\\\/schema\\\/logo\\\/image\\\/\"},\"sameAs\":[\"https:\\\/\\\/www.facebook.com\\\/patagonia.ambiental\",\"https:\\\/\\\/x.com\\\/PatAmb\"]},{\"@type\":\"Person\",\"@id\":\"https:\\\/\\\/patagoniambiental.com.ar\\\/info\\\/#\\\/schema\\\/person\\\/db12bff64bbcbf6a253710bf0ea37b5d\",\"name\":\"Patagonia Ambiental\",\"description\":\"Andr\u00e9s Nievas T\u00e9cnico en manejo ambiental, consultor Ambiental y escritor para medios locales e internacionales sobre temas de geopolitica y medio ambiente.\",\"sameAs\":[\"http:\\\/\\\/www.patagoniambiental.com.ar\",\"https:\\\/\\\/www.facebook.com\\\/share\\\/1C1V8Gv9BX\\\/?mibextid=qi2Omg\",\"@patagoniambiental\",\"https:\\\/\\\/youtube.com\\\/@patagoniaambiental2023?si=BLt58t0wuXquxlYZ\"]}]}<\/script>\n<!-- \/ Yoast SEO Premium plugin. -->","yoast_head_json":{"title":"El Papa pide en videomensaje un nuevo estilo de vida que proteja el medio ambiente","robots":{"index":"index","follow":"follow","max-snippet":"max-snippet:-1","max-image-preview":"max-image-preview:large","max-video-preview":"max-video-preview:-1"},"canonical":"https:\/\/patagoniambiental.com.ar\/info\/el-papa-pide-en-videomensaje-un-nuevo-estilo-de-vida-que-proteja-el-medio-ambiente\/","og_locale":"es_ES","og_type":"article","og_title":"El Papa pide en videomensaje un nuevo estilo de vida que proteja el medio ambiente","og_description":"El papa Francisco ha instado mediante un videomensaje publicado hoy a cuidar del medio ambiente y, para ello, recomienda promover [&hellip;]","og_url":"https:\/\/patagoniambiental.com.ar\/info\/el-papa-pide-en-videomensaje-un-nuevo-estilo-de-vida-que-proteja-el-medio-ambiente\/","og_site_name":"Patagonia Ambiental","article_publisher":"https:\/\/www.facebook.com\/patagonia.ambiental","article_author":"https:\/\/www.facebook.com\/share\/1C1V8Gv9BX\/?mibextid=qi2Omg","article_published_time":"2016-02-08T12:17:29+00:00","author":"Patagonia Ambiental","twitter_card":"summary_large_image","twitter_creator":"@PatAmb","twitter_site":"@PatAmb","schema":{"@context":"https:\/\/schema.org","@graph":[{"@type":"Article","@id":"https:\/\/patagoniambiental.com.ar\/info\/el-papa-pide-en-videomensaje-un-nuevo-estilo-de-vida-que-proteja-el-medio-ambiente\/#article","isPartOf":{"@id":"https:\/\/patagoniambiental.com.ar\/info\/el-papa-pide-en-videomensaje-un-nuevo-estilo-de-vida-que-proteja-el-medio-ambiente\/"},"author":{"name":"Patagonia Ambiental","@id":"https:\/\/patagoniambiental.com.ar\/info\/#\/schema\/person\/db12bff64bbcbf6a253710bf0ea37b5d"},"headline":"El Papa pide en videomensaje un nuevo estilo de vida que proteja el medio ambiente","datePublished":"2016-02-08T12:17:29+00:00","mainEntityOfPage":{"@id":"https:\/\/patagoniambiental.com.ar\/info\/el-papa-pide-en-videomensaje-un-nuevo-estilo-de-vida-que-proteja-el-medio-ambiente\/"},"wordCount":417,"publisher":{"@id":"https:\/\/patagoniambiental.com.ar\/info\/#organization"},"articleSection":["Noticias"],"inLanguage":"es"},{"@type":"WebPage","@id":"https:\/\/patagoniambiental.com.ar\/info\/el-papa-pide-en-videomensaje-un-nuevo-estilo-de-vida-que-proteja-el-medio-ambiente\/","url":"https:\/\/patagoniambiental.com.ar\/info\/el-papa-pide-en-videomensaje-un-nuevo-estilo-de-vida-que-proteja-el-medio-ambiente\/","name":"El Papa pide en videomensaje un nuevo estilo de vida que proteja el medio ambiente","isPartOf":{"@id":"https:\/\/patagoniambiental.com.ar\/info\/#website"},"datePublished":"2016-02-08T12:17:29+00:00","breadcrumb":{"@id":"https:\/\/patagoniambiental.com.ar\/info\/el-papa-pide-en-videomensaje-un-nuevo-estilo-de-vida-que-proteja-el-medio-ambiente\/#breadcrumb"},"inLanguage":"es","potentialAction":[{"@type":"ReadAction","target":["https:\/\/patagoniambiental.com.ar\/info\/el-papa-pide-en-videomensaje-un-nuevo-estilo-de-vida-que-proteja-el-medio-ambiente\/"]}]},{"@type":"BreadcrumbList","@id":"https:\/\/patagoniambiental.com.ar\/info\/el-papa-pide-en-videomensaje-un-nuevo-estilo-de-vida-que-proteja-el-medio-ambiente\/#breadcrumb","itemListElement":[{"@type":"ListItem","position":1,"name":"Inicio","item":"https:\/\/patagoniambiental.com.ar\/info\/"},{"@type":"ListItem","position":2,"name":"El Papa pide en videomensaje un nuevo estilo de vida que proteja el medio ambiente"}]},{"@type":"WebSite","@id":"https:\/\/patagoniambiental.com.ar\/info\/#website","url":"https:\/\/patagoniambiental.com.ar\/info\/","name":"Patagonia Ambiental","description":"Monitoreo y an\u00e1lisis de la situaci\u00f3n geopol\u00edtica en el mundo y su implicancia en la Patagonia","publisher":{"@id":"https:\/\/patagoniambiental.com.ar\/info\/#organization"},"potentialAction":[{"@type":"SearchAction","target":{"@type":"EntryPoint","urlTemplate":"https:\/\/patagoniambiental.com.ar\/info\/?s={search_term_string}"},"query-input":{"@type":"PropertyValueSpecification","valueRequired":true,"valueName":"search_term_string"}}],"inLanguage":"es"},{"@type":"Organization","@id":"https:\/\/patagoniambiental.com.ar\/info\/#organization","name":"Patagonia Ambiental","url":"https:\/\/patagoniambiental.com.ar\/info\/","logo":{"@type":"ImageObject","inLanguage":"es","@id":"https:\/\/patagoniambiental.com.ar\/info\/#\/schema\/logo\/image\/","url":"https:\/\/patagoniambiental.com.ar\/info\/wp-content\/uploads\/2025\/05\/LOGO-PATAGONIA-AMBIENTAL.png","contentUrl":"https:\/\/patagoniambiental.com.ar\/info\/wp-content\/uploads\/2025\/05\/LOGO-PATAGONIA-AMBIENTAL.png","width":433,"height":250,"caption":"Patagonia Ambiental"},"image":{"@id":"https:\/\/patagoniambiental.com.ar\/info\/#\/schema\/logo\/image\/"},"sameAs":["https:\/\/www.facebook.com\/patagonia.ambiental","https:\/\/x.com\/PatAmb"]},{"@type":"Person","@id":"https:\/\/patagoniambiental.com.ar\/info\/#\/schema\/person\/db12bff64bbcbf6a253710bf0ea37b5d","name":"Patagonia Ambiental","description":"Andr\u00e9s Nievas T\u00e9cnico en manejo ambiental, consultor Ambiental y escritor para medios locales e internacionales sobre temas de geopolitica y medio ambiente.","sameAs":["http:\/\/www.patagoniambiental.com.ar","https:\/\/www.facebook.com\/share\/1C1V8Gv9BX\/?mibextid=qi2Omg","@patagoniambiental","https:\/\/youtube.com\/@patagoniaambiental2023?si=BLt58t0wuXquxlYZ"]}]}},"_links":{"self":[{"href":"https:\/\/patagoniambiental.com.ar\/info\/wp-json\/wp\/v2\/posts\/16620","targetHints":{"allow":["GET"]}}],"collection":[{"href":"https:\/\/patagoniambiental.com.ar\/info\/wp-json\/wp\/v2\/posts"}],"about":[{"href":"https:\/\/patagoniambiental.com.ar\/info\/wp-json\/wp\/v2\/types\/post"}],"author":[{"embeddable":true,"href":"https:\/\/patagoniambiental.com.ar\/info\/wp-json\/wp\/v2\/users\/2"}],"replies":[{"embeddable":true,"href":"https:\/\/patagoniambiental.com.ar\/info\/wp-json\/wp\/v2\/comments?post=16620"}],"version-history":[{"count":0,"href":"https:\/\/patagoniambiental.com.ar\/info\/wp-json\/wp\/v2\/posts\/16620\/revisions"}],"wp:attachment":[{"href":"https:\/\/patagoniambiental.com.ar\/info\/wp-json\/wp\/v2\/media?parent=16620"}],"wp:term":[{"taxonomy":"category","embeddable":true,"href":"https:\/\/patagoniambiental.com.ar\/info\/wp-json\/wp\/v2\/categories?post=16620"},{"taxonomy":"post_tag","embeddable":true,"href":"https:\/\/patagoniambiental.com.ar\/info\/wp-json\/wp\/v2\/tags?post=16620"}],"curies":[{"name":"wp","href":"https:\/\/api.w.org\/{rel}","templated":true}]}}