{"id":16624,"date":"2016-02-08T09:27:07","date_gmt":"2016-02-08T12:27:07","guid":{"rendered":"http:\/\/patagoniambiental.com.ar\/?p=16624"},"modified":"2016-02-08T09:27:07","modified_gmt":"2016-02-08T12:27:07","slug":"reaparece-un-ocelote-el-felino-que-se-creia-extinto-hace-diez-anos-en-argentina","status":"publish","type":"post","link":"https:\/\/patagoniambiental.com.ar\/info\/reaparece-un-ocelote-el-felino-que-se-creia-extinto-hace-diez-anos-en-argentina\/","title":{"rendered":"Reaparece un ocelote, el felino que se cre\u00eda extinto hace diez a\u00f1os en Argentina"},"content":{"rendered":"<p class=\"entradilla\">Un ejemplar de ocelote, un felino que se consideraba extinto hace una d\u00e9cada en la provincia argentina de Corrientes fue localizado el pasado diciembre en la isla San Alonso, inform\u00f3 la organizaci\u00f3n no gubernamental Conservation Land Trust.<\/p>\n<p>La organizaci\u00f3n CLT trabaja en conjunto con el gobierno de Corrientes para recuperar la flora y fauna de los<strong> Esteros del Iber\u00e1<\/strong>, un extenso humedal que abarca entre 15.000 y 25.000 kil\u00f3metros cuadrados donde se encuentra la<strong> isla de San Alonso<\/strong>, lugar donde fue encontrado el animal.<\/p>\n<p>El hallazgo se realiz\u00f3 gracias a fotograf\u00edas registradas por c\u00e1maras \u201ctrampa\u201d, que luego fueron analizadas por bi\u00f3logos del Instituto de Biolog\u00eda Subtropical del Consejo Nacional de Investigaciones Cient\u00edficas y T\u00e9cnicas (CONICET), quienes confirmaron que se trataba de un ejemplar de ocelote.<\/p>\n<p>\u201dEl ocelote es un felino salvaje de tama\u00f1o mediano que habita en Am\u00e9rica, cuyo rango de distribuci\u00f3n original iba desde el sur de Estados Unidos hasta el centro de Argentina\u201d, explic\u00f3 a Efe Sebasti\u00e1n di Martino, coordinador de programas de reintroducci\u00f3n de especies de Conservation Land Trust.<\/p>\n<p>El experto describi\u00f3 al animal como \u201cun gato con manchas oceladas, alargadas, con un borde negro y con una coloraci\u00f3n marr\u00f3n rojiza en su interior\u201d.<\/p>\n<p>\u201cComo casi todos los felinos, son dif\u00edciles de ver a simple vista, sino que se registran a trav\u00e9s de huellas o por presencia de pelos o de heces\u201d, a\u00f1adi\u00f3, y detall\u00f3 que \u201cen este caso el hallazgo es m\u00e1s entretenido\u201d porque se le ha sacado una foto que permite confirmar la presencia del animal.<\/p>\n<p>En el pasado, se\u00f1al\u00f3, fue una especie \u201cmuy perseguida\u201d por el valor de su piel, que se vend\u00eda para hacer abrigos.<\/p>\n<p>Otro problema que contribuy\u00f3 a la desaparici\u00f3n del ocelote en Corrientes fue \u201cla destrucci\u00f3n del h\u00e1bitat\u201d.<\/p>\n<p>Por la forma en la que lo encontraron, \u201cde casualidad\u201d mientras trabajaban en el seguimiento de <strong>osos hormigueros<\/strong> <strong>gigantes<\/strong> reinsertados con \u00e9xito en el Iber\u00e1, los investigadores albergan la esperanza de que no sea un \u00fanico individuo.<\/p>\n<p>\u201cLo que nosotros esperamos es que este individuo no sea uno solo, sino que haya otros que permitan que la especie pueda reproducirse en ese lugar, y que no sea \u00fanicamente un remanente de una poblaci\u00f3n que se ha extinguido\u201d, concluy\u00f3 Di Martino. EFEverde<\/p>\n","protected":false},"excerpt":{"rendered":"<p>Un ejemplar de ocelote, un felino que se consideraba extinto hace una d\u00e9cada en la provincia argentina de Corrientes fue [&hellip;]<\/p>\n","protected":false},"author":2,"featured_media":0,"comment_status":"closed","ping_status":"closed","sticky":false,"template":"","format":"standard","meta":{"site-sidebar-layout":"default","site-content-layout":"","ast-site-content-layout":"default","site-content-style":"default","site-sidebar-style":"default","ast-global-header-display":"","ast-banner-title-visibility":"","ast-main-header-display":"","ast-hfb-above-header-display":"","ast-hfb-below-header-display":"","ast-hfb-mobile-header-display":"","site-post-title":"","ast-breadcrumbs-content":"","ast-featured-img":"","footer-sml-layout":"","ast-disable-related-posts":"","theme-transparent-header-meta":"","adv-header-id-meta":"","stick-header-meta":"","header-above-stick-meta":"","header-main-stick-meta":"","header-below-stick-meta":"","astra-migrate-meta-layouts":"default","ast-page-background-enabled":"default","ast-page-background-meta":{"desktop":{"background-color":"var(--ast-global-color-5)","background-image":"","background-repeat":"repeat","background-position":"center center","background-size":"auto","background-attachment":"scroll","background-type":"","background-media":"","overlay-type":"","overlay-color":"","overlay-opacity":"","overlay-gradient":""},"tablet":{"background-color":"","background-image":"","background-repeat":"repeat","background-position":"center center","background-size":"auto","background-attachment":"scroll","background-type":"","background-media":"","overlay-type":"","overlay-color":"","overlay-opacity":"","overlay-gradient":""},"mobile":{"background-color":"","background-image":"","background-repeat":"repeat","background-position":"center center","background-size":"auto","background-attachment":"scroll","background-type":"","background-media":"","overlay-type":"","overlay-color":"","overlay-opacity":"","overlay-gradient":""}},"ast-content-background-meta":{"desktop":{"background-color":"var(--ast-global-color-4)","background-image":"","background-repeat":"repeat","background-position":"center center","background-size":"auto","background-attachment":"scroll","background-type":"","background-media":"","overlay-type":"","overlay-color":"","overlay-opacity":"","overlay-gradient":""},"tablet":{"background-color":"var(--ast-global-color-4)","background-image":"","background-repeat":"repeat","background-position":"center center","background-size":"auto","background-attachment":"scroll","background-type":"","background-media":"","overlay-type":"","overlay-color":"","overlay-opacity":"","overlay-gradient":""},"mobile":{"background-color":"var(--ast-global-color-4)","background-image":"","background-repeat":"repeat","background-position":"center center","background-size":"auto","background-attachment":"scroll","background-type":"","background-media":"","overlay-type":"","overlay-color":"","overlay-opacity":"","overlay-gradient":""}},"footnotes":""},"categories":[1],"tags":[],"class_list":["post-16624","post","type-post","status-publish","format-standard","hentry","category-noticias"],"yoast_head":"<!-- This site is optimized with the Yoast SEO Premium plugin v23.0 (Yoast SEO v27.5) - https:\/\/yoast.com\/product\/yoast-seo-premium-wordpress\/ -->\n<title>Reaparece un ocelote, el felino que se cre\u00eda extinto hace diez a\u00f1os en Argentina<\/title>\n<meta name=\"robots\" content=\"index, follow, max-snippet:-1, max-image-preview:large, max-video-preview:-1\" \/>\n<link rel=\"canonical\" href=\"https:\/\/patagoniambiental.com.ar\/info\/reaparece-un-ocelote-el-felino-que-se-creia-extinto-hace-diez-anos-en-argentina\/\" \/>\n<meta property=\"og:locale\" content=\"es_ES\" \/>\n<meta property=\"og:type\" content=\"article\" \/>\n<meta property=\"og:title\" content=\"Reaparece un ocelote, el felino que se cre\u00eda extinto hace diez a\u00f1os en Argentina\" \/>\n<meta property=\"og:description\" content=\"Un ejemplar de ocelote, un felino que se consideraba extinto hace una d\u00e9cada en la provincia argentina de Corrientes fue [&hellip;]\" \/>\n<meta property=\"og:url\" content=\"https:\/\/patagoniambiental.com.ar\/info\/reaparece-un-ocelote-el-felino-que-se-creia-extinto-hace-diez-anos-en-argentina\/\" \/>\n<meta property=\"og:site_name\" content=\"Patagonia Ambiental\" \/>\n<meta property=\"article:publisher\" content=\"https:\/\/www.facebook.com\/patagonia.ambiental\" \/>\n<meta property=\"article:author\" content=\"https:\/\/www.facebook.com\/share\/1C1V8Gv9BX\/?mibextid=qi2Omg\" \/>\n<meta property=\"article:published_time\" content=\"2016-02-08T12:27:07+00:00\" \/>\n<meta name=\"author\" content=\"Patagonia Ambiental\" \/>\n<meta name=\"twitter:card\" content=\"summary_large_image\" \/>\n<meta name=\"twitter:creator\" content=\"@PatAmb\" \/>\n<meta name=\"twitter:site\" content=\"@PatAmb\" \/>\n<script type=\"application\/ld+json\" class=\"yoast-schema-graph\">{\"@context\":\"https:\\\/\\\/schema.org\",\"@graph\":[{\"@type\":\"Article\",\"@id\":\"https:\\\/\\\/patagoniambiental.com.ar\\\/info\\\/reaparece-un-ocelote-el-felino-que-se-creia-extinto-hace-diez-anos-en-argentina\\\/#article\",\"isPartOf\":{\"@id\":\"https:\\\/\\\/patagoniambiental.com.ar\\\/info\\\/reaparece-un-ocelote-el-felino-que-se-creia-extinto-hace-diez-anos-en-argentina\\\/\"},\"author\":{\"name\":\"Patagonia Ambiental\",\"@id\":\"https:\\\/\\\/patagoniambiental.com.ar\\\/info\\\/#\\\/schema\\\/person\\\/db12bff64bbcbf6a253710bf0ea37b5d\"},\"headline\":\"Reaparece un ocelote, el felino que se cre\u00eda extinto hace diez a\u00f1os en Argentina\",\"datePublished\":\"2016-02-08T12:27:07+00:00\",\"mainEntityOfPage\":{\"@id\":\"https:\\\/\\\/patagoniambiental.com.ar\\\/info\\\/reaparece-un-ocelote-el-felino-que-se-creia-extinto-hace-diez-anos-en-argentina\\\/\"},\"wordCount\":410,\"publisher\":{\"@id\":\"https:\\\/\\\/patagoniambiental.com.ar\\\/info\\\/#organization\"},\"articleSection\":[\"Noticias\"],\"inLanguage\":\"es\"},{\"@type\":\"WebPage\",\"@id\":\"https:\\\/\\\/patagoniambiental.com.ar\\\/info\\\/reaparece-un-ocelote-el-felino-que-se-creia-extinto-hace-diez-anos-en-argentina\\\/\",\"url\":\"https:\\\/\\\/patagoniambiental.com.ar\\\/info\\\/reaparece-un-ocelote-el-felino-que-se-creia-extinto-hace-diez-anos-en-argentina\\\/\",\"name\":\"Reaparece un ocelote, el felino que se cre\u00eda extinto hace diez a\u00f1os en Argentina\",\"isPartOf\":{\"@id\":\"https:\\\/\\\/patagoniambiental.com.ar\\\/info\\\/#website\"},\"datePublished\":\"2016-02-08T12:27:07+00:00\",\"breadcrumb\":{\"@id\":\"https:\\\/\\\/patagoniambiental.com.ar\\\/info\\\/reaparece-un-ocelote-el-felino-que-se-creia-extinto-hace-diez-anos-en-argentina\\\/#breadcrumb\"},\"inLanguage\":\"es\",\"potentialAction\":[{\"@type\":\"ReadAction\",\"target\":[\"https:\\\/\\\/patagoniambiental.com.ar\\\/info\\\/reaparece-un-ocelote-el-felino-que-se-creia-extinto-hace-diez-anos-en-argentina\\\/\"]}]},{\"@type\":\"BreadcrumbList\",\"@id\":\"https:\\\/\\\/patagoniambiental.com.ar\\\/info\\\/reaparece-un-ocelote-el-felino-que-se-creia-extinto-hace-diez-anos-en-argentina\\\/#breadcrumb\",\"itemListElement\":[{\"@type\":\"ListItem\",\"position\":1,\"name\":\"Inicio\",\"item\":\"https:\\\/\\\/patagoniambiental.com.ar\\\/info\\\/\"},{\"@type\":\"ListItem\",\"position\":2,\"name\":\"Reaparece un ocelote, el felino que se cre\u00eda extinto hace diez a\u00f1os en Argentina\"}]},{\"@type\":\"WebSite\",\"@id\":\"https:\\\/\\\/patagoniambiental.com.ar\\\/info\\\/#website\",\"url\":\"https:\\\/\\\/patagoniambiental.com.ar\\\/info\\\/\",\"name\":\"Patagonia Ambiental\",\"description\":\"Monitoreo y an\u00e1lisis de la situaci\u00f3n geopol\u00edtica en el mundo y su implicancia en la Patagonia\",\"publisher\":{\"@id\":\"https:\\\/\\\/patagoniambiental.com.ar\\\/info\\\/#organization\"},\"potentialAction\":[{\"@type\":\"SearchAction\",\"target\":{\"@type\":\"EntryPoint\",\"urlTemplate\":\"https:\\\/\\\/patagoniambiental.com.ar\\\/info\\\/?s={search_term_string}\"},\"query-input\":{\"@type\":\"PropertyValueSpecification\",\"valueRequired\":true,\"valueName\":\"search_term_string\"}}],\"inLanguage\":\"es\"},{\"@type\":\"Organization\",\"@id\":\"https:\\\/\\\/patagoniambiental.com.ar\\\/info\\\/#organization\",\"name\":\"Patagonia Ambiental\",\"url\":\"https:\\\/\\\/patagoniambiental.com.ar\\\/info\\\/\",\"logo\":{\"@type\":\"ImageObject\",\"inLanguage\":\"es\",\"@id\":\"https:\\\/\\\/patagoniambiental.com.ar\\\/info\\\/#\\\/schema\\\/logo\\\/image\\\/\",\"url\":\"https:\\\/\\\/patagoniambiental.com.ar\\\/info\\\/wp-content\\\/uploads\\\/2025\\\/05\\\/LOGO-PATAGONIA-AMBIENTAL.png\",\"contentUrl\":\"https:\\\/\\\/patagoniambiental.com.ar\\\/info\\\/wp-content\\\/uploads\\\/2025\\\/05\\\/LOGO-PATAGONIA-AMBIENTAL.png\",\"width\":433,\"height\":250,\"caption\":\"Patagonia Ambiental\"},\"image\":{\"@id\":\"https:\\\/\\\/patagoniambiental.com.ar\\\/info\\\/#\\\/schema\\\/logo\\\/image\\\/\"},\"sameAs\":[\"https:\\\/\\\/www.facebook.com\\\/patagonia.ambiental\",\"https:\\\/\\\/x.com\\\/PatAmb\"]},{\"@type\":\"Person\",\"@id\":\"https:\\\/\\\/patagoniambiental.com.ar\\\/info\\\/#\\\/schema\\\/person\\\/db12bff64bbcbf6a253710bf0ea37b5d\",\"name\":\"Patagonia Ambiental\",\"description\":\"Andr\u00e9s Nievas T\u00e9cnico en manejo ambiental, consultor Ambiental y escritor para medios locales e internacionales sobre temas de geopolitica y medio ambiente.\",\"sameAs\":[\"http:\\\/\\\/www.patagoniambiental.com.ar\",\"https:\\\/\\\/www.facebook.com\\\/share\\\/1C1V8Gv9BX\\\/?mibextid=qi2Omg\",\"@patagoniambiental\",\"https:\\\/\\\/youtube.com\\\/@patagoniaambiental2023?si=BLt58t0wuXquxlYZ\"]}]}<\/script>\n<!-- \/ Yoast SEO Premium plugin. -->","yoast_head_json":{"title":"Reaparece un ocelote, el felino que se cre\u00eda extinto hace diez a\u00f1os en Argentina","robots":{"index":"index","follow":"follow","max-snippet":"max-snippet:-1","max-image-preview":"max-image-preview:large","max-video-preview":"max-video-preview:-1"},"canonical":"https:\/\/patagoniambiental.com.ar\/info\/reaparece-un-ocelote-el-felino-que-se-creia-extinto-hace-diez-anos-en-argentina\/","og_locale":"es_ES","og_type":"article","og_title":"Reaparece un ocelote, el felino que se cre\u00eda extinto hace diez a\u00f1os en Argentina","og_description":"Un ejemplar de ocelote, un felino que se consideraba extinto hace una d\u00e9cada en la provincia argentina de Corrientes fue [&hellip;]","og_url":"https:\/\/patagoniambiental.com.ar\/info\/reaparece-un-ocelote-el-felino-que-se-creia-extinto-hace-diez-anos-en-argentina\/","og_site_name":"Patagonia Ambiental","article_publisher":"https:\/\/www.facebook.com\/patagonia.ambiental","article_author":"https:\/\/www.facebook.com\/share\/1C1V8Gv9BX\/?mibextid=qi2Omg","article_published_time":"2016-02-08T12:27:07+00:00","author":"Patagonia Ambiental","twitter_card":"summary_large_image","twitter_creator":"@PatAmb","twitter_site":"@PatAmb","schema":{"@context":"https:\/\/schema.org","@graph":[{"@type":"Article","@id":"https:\/\/patagoniambiental.com.ar\/info\/reaparece-un-ocelote-el-felino-que-se-creia-extinto-hace-diez-anos-en-argentina\/#article","isPartOf":{"@id":"https:\/\/patagoniambiental.com.ar\/info\/reaparece-un-ocelote-el-felino-que-se-creia-extinto-hace-diez-anos-en-argentina\/"},"author":{"name":"Patagonia Ambiental","@id":"https:\/\/patagoniambiental.com.ar\/info\/#\/schema\/person\/db12bff64bbcbf6a253710bf0ea37b5d"},"headline":"Reaparece un ocelote, el felino que se cre\u00eda extinto hace diez a\u00f1os en Argentina","datePublished":"2016-02-08T12:27:07+00:00","mainEntityOfPage":{"@id":"https:\/\/patagoniambiental.com.ar\/info\/reaparece-un-ocelote-el-felino-que-se-creia-extinto-hace-diez-anos-en-argentina\/"},"wordCount":410,"publisher":{"@id":"https:\/\/patagoniambiental.com.ar\/info\/#organization"},"articleSection":["Noticias"],"inLanguage":"es"},{"@type":"WebPage","@id":"https:\/\/patagoniambiental.com.ar\/info\/reaparece-un-ocelote-el-felino-que-se-creia-extinto-hace-diez-anos-en-argentina\/","url":"https:\/\/patagoniambiental.com.ar\/info\/reaparece-un-ocelote-el-felino-que-se-creia-extinto-hace-diez-anos-en-argentina\/","name":"Reaparece un ocelote, el felino que se cre\u00eda extinto hace diez a\u00f1os en Argentina","isPartOf":{"@id":"https:\/\/patagoniambiental.com.ar\/info\/#website"},"datePublished":"2016-02-08T12:27:07+00:00","breadcrumb":{"@id":"https:\/\/patagoniambiental.com.ar\/info\/reaparece-un-ocelote-el-felino-que-se-creia-extinto-hace-diez-anos-en-argentina\/#breadcrumb"},"inLanguage":"es","potentialAction":[{"@type":"ReadAction","target":["https:\/\/patagoniambiental.com.ar\/info\/reaparece-un-ocelote-el-felino-que-se-creia-extinto-hace-diez-anos-en-argentina\/"]}]},{"@type":"BreadcrumbList","@id":"https:\/\/patagoniambiental.com.ar\/info\/reaparece-un-ocelote-el-felino-que-se-creia-extinto-hace-diez-anos-en-argentina\/#breadcrumb","itemListElement":[{"@type":"ListItem","position":1,"name":"Inicio","item":"https:\/\/patagoniambiental.com.ar\/info\/"},{"@type":"ListItem","position":2,"name":"Reaparece un ocelote, el felino que se cre\u00eda extinto hace diez a\u00f1os en Argentina"}]},{"@type":"WebSite","@id":"https:\/\/patagoniambiental.com.ar\/info\/#website","url":"https:\/\/patagoniambiental.com.ar\/info\/","name":"Patagonia Ambiental","description":"Monitoreo y an\u00e1lisis de la situaci\u00f3n geopol\u00edtica en el mundo y su implicancia en la Patagonia","publisher":{"@id":"https:\/\/patagoniambiental.com.ar\/info\/#organization"},"potentialAction":[{"@type":"SearchAction","target":{"@type":"EntryPoint","urlTemplate":"https:\/\/patagoniambiental.com.ar\/info\/?s={search_term_string}"},"query-input":{"@type":"PropertyValueSpecification","valueRequired":true,"valueName":"search_term_string"}}],"inLanguage":"es"},{"@type":"Organization","@id":"https:\/\/patagoniambiental.com.ar\/info\/#organization","name":"Patagonia Ambiental","url":"https:\/\/patagoniambiental.com.ar\/info\/","logo":{"@type":"ImageObject","inLanguage":"es","@id":"https:\/\/patagoniambiental.com.ar\/info\/#\/schema\/logo\/image\/","url":"https:\/\/patagoniambiental.com.ar\/info\/wp-content\/uploads\/2025\/05\/LOGO-PATAGONIA-AMBIENTAL.png","contentUrl":"https:\/\/patagoniambiental.com.ar\/info\/wp-content\/uploads\/2025\/05\/LOGO-PATAGONIA-AMBIENTAL.png","width":433,"height":250,"caption":"Patagonia Ambiental"},"image":{"@id":"https:\/\/patagoniambiental.com.ar\/info\/#\/schema\/logo\/image\/"},"sameAs":["https:\/\/www.facebook.com\/patagonia.ambiental","https:\/\/x.com\/PatAmb"]},{"@type":"Person","@id":"https:\/\/patagoniambiental.com.ar\/info\/#\/schema\/person\/db12bff64bbcbf6a253710bf0ea37b5d","name":"Patagonia Ambiental","description":"Andr\u00e9s Nievas T\u00e9cnico en manejo ambiental, consultor Ambiental y escritor para medios locales e internacionales sobre temas de geopolitica y medio ambiente.","sameAs":["http:\/\/www.patagoniambiental.com.ar","https:\/\/www.facebook.com\/share\/1C1V8Gv9BX\/?mibextid=qi2Omg","@patagoniambiental","https:\/\/youtube.com\/@patagoniaambiental2023?si=BLt58t0wuXquxlYZ"]}]}},"_links":{"self":[{"href":"https:\/\/patagoniambiental.com.ar\/info\/wp-json\/wp\/v2\/posts\/16624","targetHints":{"allow":["GET"]}}],"collection":[{"href":"https:\/\/patagoniambiental.com.ar\/info\/wp-json\/wp\/v2\/posts"}],"about":[{"href":"https:\/\/patagoniambiental.com.ar\/info\/wp-json\/wp\/v2\/types\/post"}],"author":[{"embeddable":true,"href":"https:\/\/patagoniambiental.com.ar\/info\/wp-json\/wp\/v2\/users\/2"}],"replies":[{"embeddable":true,"href":"https:\/\/patagoniambiental.com.ar\/info\/wp-json\/wp\/v2\/comments?post=16624"}],"version-history":[{"count":0,"href":"https:\/\/patagoniambiental.com.ar\/info\/wp-json\/wp\/v2\/posts\/16624\/revisions"}],"wp:attachment":[{"href":"https:\/\/patagoniambiental.com.ar\/info\/wp-json\/wp\/v2\/media?parent=16624"}],"wp:term":[{"taxonomy":"category","embeddable":true,"href":"https:\/\/patagoniambiental.com.ar\/info\/wp-json\/wp\/v2\/categories?post=16624"},{"taxonomy":"post_tag","embeddable":true,"href":"https:\/\/patagoniambiental.com.ar\/info\/wp-json\/wp\/v2\/tags?post=16624"}],"curies":[{"name":"wp","href":"https:\/\/api.w.org\/{rel}","templated":true}]}}