{"id":16635,"date":"2016-02-09T10:14:55","date_gmt":"2016-02-09T13:14:55","guid":{"rendered":"http:\/\/patagoniambiental.com.ar\/?p=16635"},"modified":"2016-02-09T10:14:55","modified_gmt":"2016-02-09T13:14:55","slug":"neuquen-firma-proyecto-multiproposito-de-riego-con-los-emiratos-arabes","status":"publish","type":"post","link":"https:\/\/patagoniambiental.com.ar\/info\/neuquen-firma-proyecto-multiproposito-de-riego-con-los-emiratos-arabes\/","title":{"rendered":"Neuquen firma proyecto multiprop\u00f3sito de riego con los Emiratos Arabes"},"content":{"rendered":"<p>El gobernador Omar Guti\u00e9rrez y SE Mohamemed Saif Al Suwaidi, director del Fondo de Abu Dhabi para el Desarrollo (ADFD), firmaron hoy en la Canciller\u00eda argentina el acuerdo que posibilitar\u00e1 el financiamiento de la construcci\u00f3n del proyecto hidroel\u00e9ctrico multiprop\u00f3sito Nahueve.<\/p>\n<p>Mediante este acuerdo, el ADFD otorgar\u00e1 un pr\u00e9stamo a la provincia del Neuqu\u00e9n de 15 millones de d\u00f3lares, con un plazo de amortizaci\u00f3n de 20 a\u00f1os, 5 a\u00f1os de gracia y una tasa de inter\u00e9s del 2 por ciento anual.<\/p>\n<p>La firma se concret\u00f3 al mediod\u00eda en el Palacio San Mart\u00edn de la Capital Federal.<\/p>\n<p>La comitiva emirat\u00ed \u00a0estuvo encabezada por el pr\u00edncipe heredero y ministro de Relaciones Exteriores del gobierno de los Emiratos Arabes Unidos, Sheikh Abdullah bin Zayed Al Nahyan.<\/p>\n<p>Adem\u00e1s del gobernador Guti\u00e9rrez, por la provincia asistieron el ministro de Econom\u00eda e Infraestructura, Norberto Bruno; el vicepresidente de la Agencia de Desarrollo (ADINQN) \u00a0Luis Galardi y la directora de esa agencia, Yolanda Maiolo.<\/p>\n<p>Por el gobierno nacional participaron el ministro de Hacienda y Finanza P\u00fablicas de la Naci\u00f3n, Alfonso Prat Gay; la canciller Susana Malcorra.<\/p>\n<p>El aprovechamiento multiprop\u00f3sito Nahueve permitir\u00e1 generar 4 megavatios de potencia energ\u00e9tica, que servir\u00e1n para aportar mayor cantidad de energ\u00eda al sistema operado por el EPEN, proveer de agua potable a la poblaci\u00f3n e incorporar al riego agr\u00edcola unas 70 hect\u00e1reas de tierras productivas, todo ello mediante el aprovechamiento de un recurso renovable y no contaminante.<\/p>\n<p>El costo de esta obra asciende a 18 millones de d\u00f3lares, de los cuales el 83 por ciento, o sea 15 millones ser\u00e1n aportados por el ADFD\u00a0 y el resto por la provincia, conforme lo autorizado por la ley 2950.<\/p>\n<p>Las condiciones del cr\u00e9dito son muy favorables para la provincia: 20 a\u00f1os como plazo de devoluci\u00f3n, 2 por ciento de tasa de inter\u00e9s y 5 a\u00f1os de gracia. De este modo se obtiene un costo de generaci\u00f3n sumamente competitivo y beneficioso para la poblaci\u00f3n, no igualable por cualquier otra fuente.<\/p>\n","protected":false},"excerpt":{"rendered":"<p>El gobernador Omar Guti\u00e9rrez y SE Mohamemed Saif Al Suwaidi, director del Fondo de Abu Dhabi para el Desarrollo (ADFD), [&hellip;]<\/p>\n","protected":false},"author":2,"featured_media":0,"comment_status":"closed","ping_status":"closed","sticky":false,"template":"","format":"standard","meta":{"site-sidebar-layout":"default","site-content-layout":"","ast-site-content-layout":"default","site-content-style":"default","site-sidebar-style":"default","ast-global-header-display":"","ast-banner-title-visibility":"","ast-main-header-display":"","ast-hfb-above-header-display":"","ast-hfb-below-header-display":"","ast-hfb-mobile-header-display":"","site-post-title":"","ast-breadcrumbs-content":"","ast-featured-img":"","footer-sml-layout":"","ast-disable-related-posts":"","theme-transparent-header-meta":"","adv-header-id-meta":"","stick-header-meta":"","header-above-stick-meta":"","header-main-stick-meta":"","header-below-stick-meta":"","astra-migrate-meta-layouts":"default","ast-page-background-enabled":"default","ast-page-background-meta":{"desktop":{"background-color":"var(--ast-global-color-5)","background-image":"","background-repeat":"repeat","background-position":"center center","background-size":"auto","background-attachment":"scroll","background-type":"","background-media":"","overlay-type":"","overlay-color":"","overlay-opacity":"","overlay-gradient":""},"tablet":{"background-color":"","background-image":"","background-repeat":"repeat","background-position":"center center","background-size":"auto","background-attachment":"scroll","background-type":"","background-media":"","overlay-type":"","overlay-color":"","overlay-opacity":"","overlay-gradient":""},"mobile":{"background-color":"","background-image":"","background-repeat":"repeat","background-position":"center center","background-size":"auto","background-attachment":"scroll","background-type":"","background-media":"","overlay-type":"","overlay-color":"","overlay-opacity":"","overlay-gradient":""}},"ast-content-background-meta":{"desktop":{"background-color":"var(--ast-global-color-4)","background-image":"","background-repeat":"repeat","background-position":"center center","background-size":"auto","background-attachment":"scroll","background-type":"","background-media":"","overlay-type":"","overlay-color":"","overlay-opacity":"","overlay-gradient":""},"tablet":{"background-color":"var(--ast-global-color-4)","background-image":"","background-repeat":"repeat","background-position":"center center","background-size":"auto","background-attachment":"scroll","background-type":"","background-media":"","overlay-type":"","overlay-color":"","overlay-opacity":"","overlay-gradient":""},"mobile":{"background-color":"var(--ast-global-color-4)","background-image":"","background-repeat":"repeat","background-position":"center center","background-size":"auto","background-attachment":"scroll","background-type":"","background-media":"","overlay-type":"","overlay-color":"","overlay-opacity":"","overlay-gradient":""}},"footnotes":""},"categories":[1],"tags":[],"class_list":["post-16635","post","type-post","status-publish","format-standard","hentry","category-noticias"],"yoast_head":"<!-- This site is optimized with the Yoast SEO Premium plugin v23.0 (Yoast SEO v27.5) - https:\/\/yoast.com\/product\/yoast-seo-premium-wordpress\/ -->\n<title>Neuquen firma proyecto multiprop\u00f3sito de riego con los Emiratos Arabes<\/title>\n<meta name=\"robots\" content=\"index, follow, max-snippet:-1, max-image-preview:large, max-video-preview:-1\" \/>\n<link rel=\"canonical\" href=\"https:\/\/patagoniambiental.com.ar\/info\/neuquen-firma-proyecto-multiproposito-de-riego-con-los-emiratos-arabes\/\" \/>\n<meta property=\"og:locale\" content=\"es_ES\" \/>\n<meta property=\"og:type\" content=\"article\" \/>\n<meta property=\"og:title\" content=\"Neuquen firma proyecto multiprop\u00f3sito de riego con los Emiratos Arabes\" \/>\n<meta property=\"og:description\" content=\"El gobernador Omar Guti\u00e9rrez y SE Mohamemed Saif Al Suwaidi, director del Fondo de Abu Dhabi para el Desarrollo (ADFD), [&hellip;]\" \/>\n<meta property=\"og:url\" content=\"https:\/\/patagoniambiental.com.ar\/info\/neuquen-firma-proyecto-multiproposito-de-riego-con-los-emiratos-arabes\/\" \/>\n<meta property=\"og:site_name\" content=\"Patagonia Ambiental\" \/>\n<meta property=\"article:publisher\" content=\"https:\/\/www.facebook.com\/patagonia.ambiental\" \/>\n<meta property=\"article:author\" content=\"https:\/\/www.facebook.com\/share\/1C1V8Gv9BX\/?mibextid=qi2Omg\" \/>\n<meta property=\"article:published_time\" content=\"2016-02-09T13:14:55+00:00\" \/>\n<meta name=\"author\" content=\"Patagonia Ambiental\" \/>\n<meta name=\"twitter:card\" content=\"summary_large_image\" \/>\n<meta name=\"twitter:creator\" content=\"@PatAmb\" \/>\n<meta name=\"twitter:site\" content=\"@PatAmb\" \/>\n<script type=\"application\/ld+json\" class=\"yoast-schema-graph\">{\"@context\":\"https:\\\/\\\/schema.org\",\"@graph\":[{\"@type\":\"Article\",\"@id\":\"https:\\\/\\\/patagoniambiental.com.ar\\\/info\\\/neuquen-firma-proyecto-multiproposito-de-riego-con-los-emiratos-arabes\\\/#article\",\"isPartOf\":{\"@id\":\"https:\\\/\\\/patagoniambiental.com.ar\\\/info\\\/neuquen-firma-proyecto-multiproposito-de-riego-con-los-emiratos-arabes\\\/\"},\"author\":{\"name\":\"Patagonia Ambiental\",\"@id\":\"https:\\\/\\\/patagoniambiental.com.ar\\\/info\\\/#\\\/schema\\\/person\\\/db12bff64bbcbf6a253710bf0ea37b5d\"},\"headline\":\"Neuquen firma proyecto multiprop\u00f3sito de riego con los Emiratos Arabes\",\"datePublished\":\"2016-02-09T13:14:55+00:00\",\"mainEntityOfPage\":{\"@id\":\"https:\\\/\\\/patagoniambiental.com.ar\\\/info\\\/neuquen-firma-proyecto-multiproposito-de-riego-con-los-emiratos-arabes\\\/\"},\"wordCount\":357,\"publisher\":{\"@id\":\"https:\\\/\\\/patagoniambiental.com.ar\\\/info\\\/#organization\"},\"articleSection\":[\"Noticias\"],\"inLanguage\":\"es\"},{\"@type\":\"WebPage\",\"@id\":\"https:\\\/\\\/patagoniambiental.com.ar\\\/info\\\/neuquen-firma-proyecto-multiproposito-de-riego-con-los-emiratos-arabes\\\/\",\"url\":\"https:\\\/\\\/patagoniambiental.com.ar\\\/info\\\/neuquen-firma-proyecto-multiproposito-de-riego-con-los-emiratos-arabes\\\/\",\"name\":\"Neuquen firma proyecto multiprop\u00f3sito de riego con los Emiratos Arabes\",\"isPartOf\":{\"@id\":\"https:\\\/\\\/patagoniambiental.com.ar\\\/info\\\/#website\"},\"datePublished\":\"2016-02-09T13:14:55+00:00\",\"breadcrumb\":{\"@id\":\"https:\\\/\\\/patagoniambiental.com.ar\\\/info\\\/neuquen-firma-proyecto-multiproposito-de-riego-con-los-emiratos-arabes\\\/#breadcrumb\"},\"inLanguage\":\"es\",\"potentialAction\":[{\"@type\":\"ReadAction\",\"target\":[\"https:\\\/\\\/patagoniambiental.com.ar\\\/info\\\/neuquen-firma-proyecto-multiproposito-de-riego-con-los-emiratos-arabes\\\/\"]}]},{\"@type\":\"BreadcrumbList\",\"@id\":\"https:\\\/\\\/patagoniambiental.com.ar\\\/info\\\/neuquen-firma-proyecto-multiproposito-de-riego-con-los-emiratos-arabes\\\/#breadcrumb\",\"itemListElement\":[{\"@type\":\"ListItem\",\"position\":1,\"name\":\"Inicio\",\"item\":\"https:\\\/\\\/patagoniambiental.com.ar\\\/info\\\/\"},{\"@type\":\"ListItem\",\"position\":2,\"name\":\"Neuquen firma proyecto multiprop\u00f3sito de riego con los Emiratos Arabes\"}]},{\"@type\":\"WebSite\",\"@id\":\"https:\\\/\\\/patagoniambiental.com.ar\\\/info\\\/#website\",\"url\":\"https:\\\/\\\/patagoniambiental.com.ar\\\/info\\\/\",\"name\":\"Patagonia Ambiental\",\"description\":\"Monitoreo y an\u00e1lisis de la situaci\u00f3n geopol\u00edtica en el mundo y su implicancia en la Patagonia\",\"publisher\":{\"@id\":\"https:\\\/\\\/patagoniambiental.com.ar\\\/info\\\/#organization\"},\"potentialAction\":[{\"@type\":\"SearchAction\",\"target\":{\"@type\":\"EntryPoint\",\"urlTemplate\":\"https:\\\/\\\/patagoniambiental.com.ar\\\/info\\\/?s={search_term_string}\"},\"query-input\":{\"@type\":\"PropertyValueSpecification\",\"valueRequired\":true,\"valueName\":\"search_term_string\"}}],\"inLanguage\":\"es\"},{\"@type\":\"Organization\",\"@id\":\"https:\\\/\\\/patagoniambiental.com.ar\\\/info\\\/#organization\",\"name\":\"Patagonia Ambiental\",\"url\":\"https:\\\/\\\/patagoniambiental.com.ar\\\/info\\\/\",\"logo\":{\"@type\":\"ImageObject\",\"inLanguage\":\"es\",\"@id\":\"https:\\\/\\\/patagoniambiental.com.ar\\\/info\\\/#\\\/schema\\\/logo\\\/image\\\/\",\"url\":\"https:\\\/\\\/patagoniambiental.com.ar\\\/info\\\/wp-content\\\/uploads\\\/2025\\\/05\\\/LOGO-PATAGONIA-AMBIENTAL.png\",\"contentUrl\":\"https:\\\/\\\/patagoniambiental.com.ar\\\/info\\\/wp-content\\\/uploads\\\/2025\\\/05\\\/LOGO-PATAGONIA-AMBIENTAL.png\",\"width\":433,\"height\":250,\"caption\":\"Patagonia Ambiental\"},\"image\":{\"@id\":\"https:\\\/\\\/patagoniambiental.com.ar\\\/info\\\/#\\\/schema\\\/logo\\\/image\\\/\"},\"sameAs\":[\"https:\\\/\\\/www.facebook.com\\\/patagonia.ambiental\",\"https:\\\/\\\/x.com\\\/PatAmb\"]},{\"@type\":\"Person\",\"@id\":\"https:\\\/\\\/patagoniambiental.com.ar\\\/info\\\/#\\\/schema\\\/person\\\/db12bff64bbcbf6a253710bf0ea37b5d\",\"name\":\"Patagonia Ambiental\",\"description\":\"Andr\u00e9s Nievas T\u00e9cnico en manejo ambiental, consultor Ambiental y escritor para medios locales e internacionales sobre temas de geopolitica y medio ambiente.\",\"sameAs\":[\"http:\\\/\\\/www.patagoniambiental.com.ar\",\"https:\\\/\\\/www.facebook.com\\\/share\\\/1C1V8Gv9BX\\\/?mibextid=qi2Omg\",\"@patagoniambiental\",\"https:\\\/\\\/youtube.com\\\/@patagoniaambiental2023?si=BLt58t0wuXquxlYZ\"]}]}<\/script>\n<!-- \/ Yoast SEO Premium plugin. -->","yoast_head_json":{"title":"Neuquen firma proyecto multiprop\u00f3sito de riego con los Emiratos Arabes","robots":{"index":"index","follow":"follow","max-snippet":"max-snippet:-1","max-image-preview":"max-image-preview:large","max-video-preview":"max-video-preview:-1"},"canonical":"https:\/\/patagoniambiental.com.ar\/info\/neuquen-firma-proyecto-multiproposito-de-riego-con-los-emiratos-arabes\/","og_locale":"es_ES","og_type":"article","og_title":"Neuquen firma proyecto multiprop\u00f3sito de riego con los Emiratos Arabes","og_description":"El gobernador Omar Guti\u00e9rrez y SE Mohamemed Saif Al Suwaidi, director del Fondo de Abu Dhabi para el Desarrollo (ADFD), [&hellip;]","og_url":"https:\/\/patagoniambiental.com.ar\/info\/neuquen-firma-proyecto-multiproposito-de-riego-con-los-emiratos-arabes\/","og_site_name":"Patagonia Ambiental","article_publisher":"https:\/\/www.facebook.com\/patagonia.ambiental","article_author":"https:\/\/www.facebook.com\/share\/1C1V8Gv9BX\/?mibextid=qi2Omg","article_published_time":"2016-02-09T13:14:55+00:00","author":"Patagonia Ambiental","twitter_card":"summary_large_image","twitter_creator":"@PatAmb","twitter_site":"@PatAmb","schema":{"@context":"https:\/\/schema.org","@graph":[{"@type":"Article","@id":"https:\/\/patagoniambiental.com.ar\/info\/neuquen-firma-proyecto-multiproposito-de-riego-con-los-emiratos-arabes\/#article","isPartOf":{"@id":"https:\/\/patagoniambiental.com.ar\/info\/neuquen-firma-proyecto-multiproposito-de-riego-con-los-emiratos-arabes\/"},"author":{"name":"Patagonia Ambiental","@id":"https:\/\/patagoniambiental.com.ar\/info\/#\/schema\/person\/db12bff64bbcbf6a253710bf0ea37b5d"},"headline":"Neuquen firma proyecto multiprop\u00f3sito de riego con los Emiratos Arabes","datePublished":"2016-02-09T13:14:55+00:00","mainEntityOfPage":{"@id":"https:\/\/patagoniambiental.com.ar\/info\/neuquen-firma-proyecto-multiproposito-de-riego-con-los-emiratos-arabes\/"},"wordCount":357,"publisher":{"@id":"https:\/\/patagoniambiental.com.ar\/info\/#organization"},"articleSection":["Noticias"],"inLanguage":"es"},{"@type":"WebPage","@id":"https:\/\/patagoniambiental.com.ar\/info\/neuquen-firma-proyecto-multiproposito-de-riego-con-los-emiratos-arabes\/","url":"https:\/\/patagoniambiental.com.ar\/info\/neuquen-firma-proyecto-multiproposito-de-riego-con-los-emiratos-arabes\/","name":"Neuquen firma proyecto multiprop\u00f3sito de riego con los Emiratos Arabes","isPartOf":{"@id":"https:\/\/patagoniambiental.com.ar\/info\/#website"},"datePublished":"2016-02-09T13:14:55+00:00","breadcrumb":{"@id":"https:\/\/patagoniambiental.com.ar\/info\/neuquen-firma-proyecto-multiproposito-de-riego-con-los-emiratos-arabes\/#breadcrumb"},"inLanguage":"es","potentialAction":[{"@type":"ReadAction","target":["https:\/\/patagoniambiental.com.ar\/info\/neuquen-firma-proyecto-multiproposito-de-riego-con-los-emiratos-arabes\/"]}]},{"@type":"BreadcrumbList","@id":"https:\/\/patagoniambiental.com.ar\/info\/neuquen-firma-proyecto-multiproposito-de-riego-con-los-emiratos-arabes\/#breadcrumb","itemListElement":[{"@type":"ListItem","position":1,"name":"Inicio","item":"https:\/\/patagoniambiental.com.ar\/info\/"},{"@type":"ListItem","position":2,"name":"Neuquen firma proyecto multiprop\u00f3sito de riego con los Emiratos Arabes"}]},{"@type":"WebSite","@id":"https:\/\/patagoniambiental.com.ar\/info\/#website","url":"https:\/\/patagoniambiental.com.ar\/info\/","name":"Patagonia Ambiental","description":"Monitoreo y an\u00e1lisis de la situaci\u00f3n geopol\u00edtica en el mundo y su implicancia en la Patagonia","publisher":{"@id":"https:\/\/patagoniambiental.com.ar\/info\/#organization"},"potentialAction":[{"@type":"SearchAction","target":{"@type":"EntryPoint","urlTemplate":"https:\/\/patagoniambiental.com.ar\/info\/?s={search_term_string}"},"query-input":{"@type":"PropertyValueSpecification","valueRequired":true,"valueName":"search_term_string"}}],"inLanguage":"es"},{"@type":"Organization","@id":"https:\/\/patagoniambiental.com.ar\/info\/#organization","name":"Patagonia Ambiental","url":"https:\/\/patagoniambiental.com.ar\/info\/","logo":{"@type":"ImageObject","inLanguage":"es","@id":"https:\/\/patagoniambiental.com.ar\/info\/#\/schema\/logo\/image\/","url":"https:\/\/patagoniambiental.com.ar\/info\/wp-content\/uploads\/2025\/05\/LOGO-PATAGONIA-AMBIENTAL.png","contentUrl":"https:\/\/patagoniambiental.com.ar\/info\/wp-content\/uploads\/2025\/05\/LOGO-PATAGONIA-AMBIENTAL.png","width":433,"height":250,"caption":"Patagonia Ambiental"},"image":{"@id":"https:\/\/patagoniambiental.com.ar\/info\/#\/schema\/logo\/image\/"},"sameAs":["https:\/\/www.facebook.com\/patagonia.ambiental","https:\/\/x.com\/PatAmb"]},{"@type":"Person","@id":"https:\/\/patagoniambiental.com.ar\/info\/#\/schema\/person\/db12bff64bbcbf6a253710bf0ea37b5d","name":"Patagonia Ambiental","description":"Andr\u00e9s Nievas T\u00e9cnico en manejo ambiental, consultor Ambiental y escritor para medios locales e internacionales sobre temas de geopolitica y medio ambiente.","sameAs":["http:\/\/www.patagoniambiental.com.ar","https:\/\/www.facebook.com\/share\/1C1V8Gv9BX\/?mibextid=qi2Omg","@patagoniambiental","https:\/\/youtube.com\/@patagoniaambiental2023?si=BLt58t0wuXquxlYZ"]}]}},"_links":{"self":[{"href":"https:\/\/patagoniambiental.com.ar\/info\/wp-json\/wp\/v2\/posts\/16635","targetHints":{"allow":["GET"]}}],"collection":[{"href":"https:\/\/patagoniambiental.com.ar\/info\/wp-json\/wp\/v2\/posts"}],"about":[{"href":"https:\/\/patagoniambiental.com.ar\/info\/wp-json\/wp\/v2\/types\/post"}],"author":[{"embeddable":true,"href":"https:\/\/patagoniambiental.com.ar\/info\/wp-json\/wp\/v2\/users\/2"}],"replies":[{"embeddable":true,"href":"https:\/\/patagoniambiental.com.ar\/info\/wp-json\/wp\/v2\/comments?post=16635"}],"version-history":[{"count":0,"href":"https:\/\/patagoniambiental.com.ar\/info\/wp-json\/wp\/v2\/posts\/16635\/revisions"}],"wp:attachment":[{"href":"https:\/\/patagoniambiental.com.ar\/info\/wp-json\/wp\/v2\/media?parent=16635"}],"wp:term":[{"taxonomy":"category","embeddable":true,"href":"https:\/\/patagoniambiental.com.ar\/info\/wp-json\/wp\/v2\/categories?post=16635"},{"taxonomy":"post_tag","embeddable":true,"href":"https:\/\/patagoniambiental.com.ar\/info\/wp-json\/wp\/v2\/tags?post=16635"}],"curies":[{"name":"wp","href":"https:\/\/api.w.org\/{rel}","templated":true}]}}