{"id":16649,"date":"2016-02-10T19:00:56","date_gmt":"2016-02-10T22:00:56","guid":{"rendered":"http:\/\/patagoniambiental.com.ar\/?p=16649"},"modified":"2016-02-10T19:00:56","modified_gmt":"2016-02-10T22:00:56","slug":"medio-ambiente-gobierno-dispuso-patrullajes-aereos-para-prevenir-incendios-forestales","status":"publish","type":"post","link":"https:\/\/patagoniambiental.com.ar\/info\/medio-ambiente-gobierno-dispuso-patrullajes-aereos-para-prevenir-incendios-forestales\/","title":{"rendered":"MEDIO AMBIENTE Gobierno dispuso patrullajes a\u00e9reos para prevenir incendios forestales"},"content":{"rendered":"<p class=\"top-header\">Ushuaia.-Un grupo de observadores a\u00e9reos conformado por brigadistas y personal t\u00e9cnico de la Secretar\u00eda de Ambiente, realizaron patrullajes a\u00e9reos durante todo el fin de semana a bordo del avi\u00f3n Arava, con el objetivo de lograr una detecci\u00f3n temprana<!--more--><\/p>\n<p class=\"top-header\">de posibles incendios forestales, producidos por fogones mal apagados o fuegos intencionales.<\/p>\n<p>Esta nueva modalidad de prevenci\u00f3n incendios se realiza en forma coordinada con las tres Brigadas de Incendios Forestales de la Unidad Provincial de Manejo de Fuego (UPMF) con base en las tres ciudades de la Provincia, quienes ante una alerta dada de los observadores a\u00e9reos acuden de inmediato al lugar, ya que existe comunicaci\u00f3n en tiempo real entre los equipos de emergencia. De esta forma el Gobierno logra mayor eficacia en el combate de incendios forestales, que han producido la destrucci\u00f3n de importante cantidad de superficie de bosque nativo, producto de la desidia de algunas personas que hacen un mal uso de los espacios naturales.<\/p>\n<p>Durante toda la temporada de verano, el Gobierno continuar\u00e1 trabajando en la prevenci\u00f3n, coordinando los medios a\u00e9reos y terrestres, ya que es el periodo del a\u00f1o de mayor riesgo de incendios.<\/p>\n<p>La tripulaci\u00f3n del avi\u00f3n Arava, que traslad\u00f3 al grupo de observadores, estuvo conformada formada por el comandante Carlos Lavado; y los copilotos, Javier Vera y Claudio Isetta.<\/p>\n<p class=\"top-header\">Fuente: Ushuaia Noticias<\/p>\n<h1><\/h1>\n","protected":false},"excerpt":{"rendered":"<p>Ushuaia.-Un grupo de observadores a\u00e9reos conformado por brigadistas y personal t\u00e9cnico de la Secretar\u00eda de Ambiente, realizaron patrullajes a\u00e9reos durante [&hellip;]<\/p>\n","protected":false},"author":2,"featured_media":0,"comment_status":"closed","ping_status":"closed","sticky":false,"template":"","format":"standard","meta":{"site-sidebar-layout":"default","site-content-layout":"","ast-site-content-layout":"default","site-content-style":"default","site-sidebar-style":"default","ast-global-header-display":"","ast-banner-title-visibility":"","ast-main-header-display":"","ast-hfb-above-header-display":"","ast-hfb-below-header-display":"","ast-hfb-mobile-header-display":"","site-post-title":"","ast-breadcrumbs-content":"","ast-featured-img":"","footer-sml-layout":"","ast-disable-related-posts":"","theme-transparent-header-meta":"","adv-header-id-meta":"","stick-header-meta":"","header-above-stick-meta":"","header-main-stick-meta":"","header-below-stick-meta":"","astra-migrate-meta-layouts":"default","ast-page-background-enabled":"default","ast-page-background-meta":{"desktop":{"background-color":"var(--ast-global-color-5)","background-image":"","background-repeat":"repeat","background-position":"center center","background-size":"auto","background-attachment":"scroll","background-type":"","background-media":"","overlay-type":"","overlay-color":"","overlay-opacity":"","overlay-gradient":""},"tablet":{"background-color":"","background-image":"","background-repeat":"repeat","background-position":"center center","background-size":"auto","background-attachment":"scroll","background-type":"","background-media":"","overlay-type":"","overlay-color":"","overlay-opacity":"","overlay-gradient":""},"mobile":{"background-color":"","background-image":"","background-repeat":"repeat","background-position":"center center","background-size":"auto","background-attachment":"scroll","background-type":"","background-media":"","overlay-type":"","overlay-color":"","overlay-opacity":"","overlay-gradient":""}},"ast-content-background-meta":{"desktop":{"background-color":"var(--ast-global-color-4)","background-image":"","background-repeat":"repeat","background-position":"center center","background-size":"auto","background-attachment":"scroll","background-type":"","background-media":"","overlay-type":"","overlay-color":"","overlay-opacity":"","overlay-gradient":""},"tablet":{"background-color":"var(--ast-global-color-4)","background-image":"","background-repeat":"repeat","background-position":"center center","background-size":"auto","background-attachment":"scroll","background-type":"","background-media":"","overlay-type":"","overlay-color":"","overlay-opacity":"","overlay-gradient":""},"mobile":{"background-color":"var(--ast-global-color-4)","background-image":"","background-repeat":"repeat","background-position":"center center","background-size":"auto","background-attachment":"scroll","background-type":"","background-media":"","overlay-type":"","overlay-color":"","overlay-opacity":"","overlay-gradient":""}},"footnotes":""},"categories":[1,13,25],"tags":[],"class_list":["post-16649","post","type-post","status-publish","format-standard","hentry","category-noticias","category-provinciales","category-tierra-del-fuego"],"yoast_head":"<!-- This site is optimized with the Yoast SEO Premium plugin v23.0 (Yoast SEO v27.5) - https:\/\/yoast.com\/product\/yoast-seo-premium-wordpress\/ -->\n<title>MEDIO AMBIENTE Gobierno dispuso patrullajes a\u00e9reos para prevenir incendios forestales<\/title>\n<meta name=\"robots\" content=\"index, follow, max-snippet:-1, max-image-preview:large, max-video-preview:-1\" \/>\n<link rel=\"canonical\" href=\"https:\/\/patagoniambiental.com.ar\/info\/medio-ambiente-gobierno-dispuso-patrullajes-aereos-para-prevenir-incendios-forestales\/\" \/>\n<meta property=\"og:locale\" content=\"es_ES\" \/>\n<meta property=\"og:type\" content=\"article\" \/>\n<meta property=\"og:title\" content=\"MEDIO AMBIENTE Gobierno dispuso patrullajes a\u00e9reos para prevenir incendios forestales\" \/>\n<meta property=\"og:description\" content=\"Ushuaia.-Un grupo de observadores a\u00e9reos conformado por brigadistas y personal t\u00e9cnico de la Secretar\u00eda de Ambiente, realizaron patrullajes a\u00e9reos durante [&hellip;]\" \/>\n<meta property=\"og:url\" content=\"https:\/\/patagoniambiental.com.ar\/info\/medio-ambiente-gobierno-dispuso-patrullajes-aereos-para-prevenir-incendios-forestales\/\" \/>\n<meta property=\"og:site_name\" content=\"Patagonia Ambiental\" \/>\n<meta property=\"article:publisher\" content=\"https:\/\/www.facebook.com\/patagonia.ambiental\" \/>\n<meta property=\"article:author\" content=\"https:\/\/www.facebook.com\/share\/1C1V8Gv9BX\/?mibextid=qi2Omg\" \/>\n<meta property=\"article:published_time\" content=\"2016-02-10T22:00:56+00:00\" \/>\n<meta name=\"author\" content=\"Patagonia Ambiental\" \/>\n<meta name=\"twitter:card\" content=\"summary_large_image\" \/>\n<meta name=\"twitter:creator\" content=\"@PatAmb\" \/>\n<meta name=\"twitter:site\" content=\"@PatAmb\" \/>\n<script type=\"application\/ld+json\" class=\"yoast-schema-graph\">{\"@context\":\"https:\\\/\\\/schema.org\",\"@graph\":[{\"@type\":\"Article\",\"@id\":\"https:\\\/\\\/patagoniambiental.com.ar\\\/info\\\/medio-ambiente-gobierno-dispuso-patrullajes-aereos-para-prevenir-incendios-forestales\\\/#article\",\"isPartOf\":{\"@id\":\"https:\\\/\\\/patagoniambiental.com.ar\\\/info\\\/medio-ambiente-gobierno-dispuso-patrullajes-aereos-para-prevenir-incendios-forestales\\\/\"},\"author\":{\"name\":\"Patagonia Ambiental\",\"@id\":\"https:\\\/\\\/patagoniambiental.com.ar\\\/info\\\/#\\\/schema\\\/person\\\/db12bff64bbcbf6a253710bf0ea37b5d\"},\"headline\":\"MEDIO AMBIENTE Gobierno dispuso patrullajes a\u00e9reos para prevenir incendios forestales\",\"datePublished\":\"2016-02-10T22:00:56+00:00\",\"mainEntityOfPage\":{\"@id\":\"https:\\\/\\\/patagoniambiental.com.ar\\\/info\\\/medio-ambiente-gobierno-dispuso-patrullajes-aereos-para-prevenir-incendios-forestales\\\/\"},\"wordCount\":243,\"publisher\":{\"@id\":\"https:\\\/\\\/patagoniambiental.com.ar\\\/info\\\/#organization\"},\"articleSection\":[\"Noticias\",\"Provinciales\",\"Tierra del Fuego\"],\"inLanguage\":\"es\"},{\"@type\":\"WebPage\",\"@id\":\"https:\\\/\\\/patagoniambiental.com.ar\\\/info\\\/medio-ambiente-gobierno-dispuso-patrullajes-aereos-para-prevenir-incendios-forestales\\\/\",\"url\":\"https:\\\/\\\/patagoniambiental.com.ar\\\/info\\\/medio-ambiente-gobierno-dispuso-patrullajes-aereos-para-prevenir-incendios-forestales\\\/\",\"name\":\"MEDIO AMBIENTE Gobierno dispuso patrullajes a\u00e9reos para prevenir incendios forestales\",\"isPartOf\":{\"@id\":\"https:\\\/\\\/patagoniambiental.com.ar\\\/info\\\/#website\"},\"datePublished\":\"2016-02-10T22:00:56+00:00\",\"breadcrumb\":{\"@id\":\"https:\\\/\\\/patagoniambiental.com.ar\\\/info\\\/medio-ambiente-gobierno-dispuso-patrullajes-aereos-para-prevenir-incendios-forestales\\\/#breadcrumb\"},\"inLanguage\":\"es\",\"potentialAction\":[{\"@type\":\"ReadAction\",\"target\":[\"https:\\\/\\\/patagoniambiental.com.ar\\\/info\\\/medio-ambiente-gobierno-dispuso-patrullajes-aereos-para-prevenir-incendios-forestales\\\/\"]}]},{\"@type\":\"BreadcrumbList\",\"@id\":\"https:\\\/\\\/patagoniambiental.com.ar\\\/info\\\/medio-ambiente-gobierno-dispuso-patrullajes-aereos-para-prevenir-incendios-forestales\\\/#breadcrumb\",\"itemListElement\":[{\"@type\":\"ListItem\",\"position\":1,\"name\":\"Inicio\",\"item\":\"https:\\\/\\\/patagoniambiental.com.ar\\\/info\\\/\"},{\"@type\":\"ListItem\",\"position\":2,\"name\":\"MEDIO AMBIENTE Gobierno dispuso patrullajes a\u00e9reos para prevenir incendios forestales\"}]},{\"@type\":\"WebSite\",\"@id\":\"https:\\\/\\\/patagoniambiental.com.ar\\\/info\\\/#website\",\"url\":\"https:\\\/\\\/patagoniambiental.com.ar\\\/info\\\/\",\"name\":\"Patagonia Ambiental\",\"description\":\"Monitoreo y an\u00e1lisis de la situaci\u00f3n geopol\u00edtica en el mundo y su implicancia en la Patagonia\",\"publisher\":{\"@id\":\"https:\\\/\\\/patagoniambiental.com.ar\\\/info\\\/#organization\"},\"potentialAction\":[{\"@type\":\"SearchAction\",\"target\":{\"@type\":\"EntryPoint\",\"urlTemplate\":\"https:\\\/\\\/patagoniambiental.com.ar\\\/info\\\/?s={search_term_string}\"},\"query-input\":{\"@type\":\"PropertyValueSpecification\",\"valueRequired\":true,\"valueName\":\"search_term_string\"}}],\"inLanguage\":\"es\"},{\"@type\":\"Organization\",\"@id\":\"https:\\\/\\\/patagoniambiental.com.ar\\\/info\\\/#organization\",\"name\":\"Patagonia Ambiental\",\"url\":\"https:\\\/\\\/patagoniambiental.com.ar\\\/info\\\/\",\"logo\":{\"@type\":\"ImageObject\",\"inLanguage\":\"es\",\"@id\":\"https:\\\/\\\/patagoniambiental.com.ar\\\/info\\\/#\\\/schema\\\/logo\\\/image\\\/\",\"url\":\"https:\\\/\\\/patagoniambiental.com.ar\\\/info\\\/wp-content\\\/uploads\\\/2025\\\/05\\\/LOGO-PATAGONIA-AMBIENTAL.png\",\"contentUrl\":\"https:\\\/\\\/patagoniambiental.com.ar\\\/info\\\/wp-content\\\/uploads\\\/2025\\\/05\\\/LOGO-PATAGONIA-AMBIENTAL.png\",\"width\":433,\"height\":250,\"caption\":\"Patagonia Ambiental\"},\"image\":{\"@id\":\"https:\\\/\\\/patagoniambiental.com.ar\\\/info\\\/#\\\/schema\\\/logo\\\/image\\\/\"},\"sameAs\":[\"https:\\\/\\\/www.facebook.com\\\/patagonia.ambiental\",\"https:\\\/\\\/x.com\\\/PatAmb\"]},{\"@type\":\"Person\",\"@id\":\"https:\\\/\\\/patagoniambiental.com.ar\\\/info\\\/#\\\/schema\\\/person\\\/db12bff64bbcbf6a253710bf0ea37b5d\",\"name\":\"Patagonia Ambiental\",\"description\":\"Andr\u00e9s Nievas T\u00e9cnico en manejo ambiental, consultor Ambiental y escritor para medios locales e internacionales sobre temas de geopolitica y medio ambiente.\",\"sameAs\":[\"http:\\\/\\\/www.patagoniambiental.com.ar\",\"https:\\\/\\\/www.facebook.com\\\/share\\\/1C1V8Gv9BX\\\/?mibextid=qi2Omg\",\"@patagoniambiental\",\"https:\\\/\\\/youtube.com\\\/@patagoniaambiental2023?si=BLt58t0wuXquxlYZ\"]}]}<\/script>\n<!-- \/ Yoast SEO Premium plugin. -->","yoast_head_json":{"title":"MEDIO AMBIENTE Gobierno dispuso patrullajes a\u00e9reos para prevenir incendios forestales","robots":{"index":"index","follow":"follow","max-snippet":"max-snippet:-1","max-image-preview":"max-image-preview:large","max-video-preview":"max-video-preview:-1"},"canonical":"https:\/\/patagoniambiental.com.ar\/info\/medio-ambiente-gobierno-dispuso-patrullajes-aereos-para-prevenir-incendios-forestales\/","og_locale":"es_ES","og_type":"article","og_title":"MEDIO AMBIENTE Gobierno dispuso patrullajes a\u00e9reos para prevenir incendios forestales","og_description":"Ushuaia.-Un grupo de observadores a\u00e9reos conformado por brigadistas y personal t\u00e9cnico de la Secretar\u00eda de Ambiente, realizaron patrullajes a\u00e9reos durante [&hellip;]","og_url":"https:\/\/patagoniambiental.com.ar\/info\/medio-ambiente-gobierno-dispuso-patrullajes-aereos-para-prevenir-incendios-forestales\/","og_site_name":"Patagonia Ambiental","article_publisher":"https:\/\/www.facebook.com\/patagonia.ambiental","article_author":"https:\/\/www.facebook.com\/share\/1C1V8Gv9BX\/?mibextid=qi2Omg","article_published_time":"2016-02-10T22:00:56+00:00","author":"Patagonia Ambiental","twitter_card":"summary_large_image","twitter_creator":"@PatAmb","twitter_site":"@PatAmb","schema":{"@context":"https:\/\/schema.org","@graph":[{"@type":"Article","@id":"https:\/\/patagoniambiental.com.ar\/info\/medio-ambiente-gobierno-dispuso-patrullajes-aereos-para-prevenir-incendios-forestales\/#article","isPartOf":{"@id":"https:\/\/patagoniambiental.com.ar\/info\/medio-ambiente-gobierno-dispuso-patrullajes-aereos-para-prevenir-incendios-forestales\/"},"author":{"name":"Patagonia Ambiental","@id":"https:\/\/patagoniambiental.com.ar\/info\/#\/schema\/person\/db12bff64bbcbf6a253710bf0ea37b5d"},"headline":"MEDIO AMBIENTE Gobierno dispuso patrullajes a\u00e9reos para prevenir incendios forestales","datePublished":"2016-02-10T22:00:56+00:00","mainEntityOfPage":{"@id":"https:\/\/patagoniambiental.com.ar\/info\/medio-ambiente-gobierno-dispuso-patrullajes-aereos-para-prevenir-incendios-forestales\/"},"wordCount":243,"publisher":{"@id":"https:\/\/patagoniambiental.com.ar\/info\/#organization"},"articleSection":["Noticias","Provinciales","Tierra del Fuego"],"inLanguage":"es"},{"@type":"WebPage","@id":"https:\/\/patagoniambiental.com.ar\/info\/medio-ambiente-gobierno-dispuso-patrullajes-aereos-para-prevenir-incendios-forestales\/","url":"https:\/\/patagoniambiental.com.ar\/info\/medio-ambiente-gobierno-dispuso-patrullajes-aereos-para-prevenir-incendios-forestales\/","name":"MEDIO AMBIENTE Gobierno dispuso patrullajes a\u00e9reos para prevenir incendios forestales","isPartOf":{"@id":"https:\/\/patagoniambiental.com.ar\/info\/#website"},"datePublished":"2016-02-10T22:00:56+00:00","breadcrumb":{"@id":"https:\/\/patagoniambiental.com.ar\/info\/medio-ambiente-gobierno-dispuso-patrullajes-aereos-para-prevenir-incendios-forestales\/#breadcrumb"},"inLanguage":"es","potentialAction":[{"@type":"ReadAction","target":["https:\/\/patagoniambiental.com.ar\/info\/medio-ambiente-gobierno-dispuso-patrullajes-aereos-para-prevenir-incendios-forestales\/"]}]},{"@type":"BreadcrumbList","@id":"https:\/\/patagoniambiental.com.ar\/info\/medio-ambiente-gobierno-dispuso-patrullajes-aereos-para-prevenir-incendios-forestales\/#breadcrumb","itemListElement":[{"@type":"ListItem","position":1,"name":"Inicio","item":"https:\/\/patagoniambiental.com.ar\/info\/"},{"@type":"ListItem","position":2,"name":"MEDIO AMBIENTE Gobierno dispuso patrullajes a\u00e9reos para prevenir incendios forestales"}]},{"@type":"WebSite","@id":"https:\/\/patagoniambiental.com.ar\/info\/#website","url":"https:\/\/patagoniambiental.com.ar\/info\/","name":"Patagonia Ambiental","description":"Monitoreo y an\u00e1lisis de la situaci\u00f3n geopol\u00edtica en el mundo y su implicancia en la Patagonia","publisher":{"@id":"https:\/\/patagoniambiental.com.ar\/info\/#organization"},"potentialAction":[{"@type":"SearchAction","target":{"@type":"EntryPoint","urlTemplate":"https:\/\/patagoniambiental.com.ar\/info\/?s={search_term_string}"},"query-input":{"@type":"PropertyValueSpecification","valueRequired":true,"valueName":"search_term_string"}}],"inLanguage":"es"},{"@type":"Organization","@id":"https:\/\/patagoniambiental.com.ar\/info\/#organization","name":"Patagonia Ambiental","url":"https:\/\/patagoniambiental.com.ar\/info\/","logo":{"@type":"ImageObject","inLanguage":"es","@id":"https:\/\/patagoniambiental.com.ar\/info\/#\/schema\/logo\/image\/","url":"https:\/\/patagoniambiental.com.ar\/info\/wp-content\/uploads\/2025\/05\/LOGO-PATAGONIA-AMBIENTAL.png","contentUrl":"https:\/\/patagoniambiental.com.ar\/info\/wp-content\/uploads\/2025\/05\/LOGO-PATAGONIA-AMBIENTAL.png","width":433,"height":250,"caption":"Patagonia Ambiental"},"image":{"@id":"https:\/\/patagoniambiental.com.ar\/info\/#\/schema\/logo\/image\/"},"sameAs":["https:\/\/www.facebook.com\/patagonia.ambiental","https:\/\/x.com\/PatAmb"]},{"@type":"Person","@id":"https:\/\/patagoniambiental.com.ar\/info\/#\/schema\/person\/db12bff64bbcbf6a253710bf0ea37b5d","name":"Patagonia Ambiental","description":"Andr\u00e9s Nievas T\u00e9cnico en manejo ambiental, consultor Ambiental y escritor para medios locales e internacionales sobre temas de geopolitica y medio ambiente.","sameAs":["http:\/\/www.patagoniambiental.com.ar","https:\/\/www.facebook.com\/share\/1C1V8Gv9BX\/?mibextid=qi2Omg","@patagoniambiental","https:\/\/youtube.com\/@patagoniaambiental2023?si=BLt58t0wuXquxlYZ"]}]}},"_links":{"self":[{"href":"https:\/\/patagoniambiental.com.ar\/info\/wp-json\/wp\/v2\/posts\/16649","targetHints":{"allow":["GET"]}}],"collection":[{"href":"https:\/\/patagoniambiental.com.ar\/info\/wp-json\/wp\/v2\/posts"}],"about":[{"href":"https:\/\/patagoniambiental.com.ar\/info\/wp-json\/wp\/v2\/types\/post"}],"author":[{"embeddable":true,"href":"https:\/\/patagoniambiental.com.ar\/info\/wp-json\/wp\/v2\/users\/2"}],"replies":[{"embeddable":true,"href":"https:\/\/patagoniambiental.com.ar\/info\/wp-json\/wp\/v2\/comments?post=16649"}],"version-history":[{"count":0,"href":"https:\/\/patagoniambiental.com.ar\/info\/wp-json\/wp\/v2\/posts\/16649\/revisions"}],"wp:attachment":[{"href":"https:\/\/patagoniambiental.com.ar\/info\/wp-json\/wp\/v2\/media?parent=16649"}],"wp:term":[{"taxonomy":"category","embeddable":true,"href":"https:\/\/patagoniambiental.com.ar\/info\/wp-json\/wp\/v2\/categories?post=16649"},{"taxonomy":"post_tag","embeddable":true,"href":"https:\/\/patagoniambiental.com.ar\/info\/wp-json\/wp\/v2\/tags?post=16649"}],"curies":[{"name":"wp","href":"https:\/\/api.w.org\/{rel}","templated":true}]}}