{"id":16652,"date":"2016-02-10T19:00:56","date_gmt":"2016-02-10T22:00:56","guid":{"rendered":"http:\/\/patagoniambiental.com.ar\/?p=16652"},"modified":"2016-02-10T19:00:56","modified_gmt":"2016-02-10T22:00:56","slug":"antartida-el-vicegobernador-mantuvo-una-reunion-con-el-secretario-de-logistica-del-ministerio-de-defensa","status":"publish","type":"post","link":"https:\/\/patagoniambiental.com.ar\/info\/antartida-el-vicegobernador-mantuvo-una-reunion-con-el-secretario-de-logistica-del-ministerio-de-defensa\/","title":{"rendered":"ANT\u00c1RTIDA: El Vicegobernador mantuvo una reuni\u00f3n con el Secretario de log\u00edstica del Ministerio de Defensa"},"content":{"rendered":"<p>Ushuaia.-PorArmando Cabral.- La Presidencia del Poder Legislativo recibi\u00f3 este martes al secretario de Log\u00edstica, Cooperaci\u00f3n en Emergencias y Gesti\u00f3n Cultural del Ministerio de Defensa, ingeniero Walter Ceballos.<!--more--> El funcionario se encuentra en la ciudad con parte de su equipo de trabajo, en el marco de las acciones de abastecimiento a la base Belgrano II dentro de la campa\u00f1a ant\u00e1rtica 2015-2016.<\/p>\n<p><span class=\"first-letter\">F<\/span>inalizado el encuentro protocolar que mantuvo con el vicegobernador a cargo del Poder Ejecutivo, Juan Carlos Arcando y los legisladores Liliana Mart\u00ednez Allende y Oscar Rubinos (UCR); se consult\u00f3 sobre los puntos abordados. Arcando destac\u00f3 que, \u201cla voluntad de llevar adelantes acciones articuladas entre el Ministerio de Defensa y la Provincia, entre las que se destacaron la decisi\u00f3n de avanzar en la concreci\u00f3n del Polo Log\u00edstico Ant\u00e1rtico en la Provincia\u201d.<\/p>\n<p>Asimismo, Arcando cont\u00f3 que \u201cCeballos dio detalles sobre la organizaci\u00f3n de la Campa\u00f1a Ant\u00e1rtica del pr\u00f3ximo verano y las cuestiones sobre log\u00edsticas Ant\u00e1rtica\u201d. Adem\u00e1s, se refiri\u00f3 a la situaci\u00f3n actual del rompehielos ARA Almirante Irizar, y adelant\u00f3 que, \u201cen poco tiempo m\u00e1s se iniciara una etapa de pruebas en el mar y en el hielo\u201d.<\/p>\n<p>\u201cAbordamos, el tema pendiente sobre el convenio de intercambio de tierras entre la Armada Argentina y la Legislatura, esto permitir\u00eda a nuestra instituci\u00f3n legislativa planificar la construcci\u00f3n del edificio propio, en el predio en donde actualmente se desarrollan las sesiones\u201d, sostuvo el titular del Parlamento.<\/p>\n<p>Por \u00faltimo, el Vicegobernador resalt\u00f3 que, \u201cestos temas est\u00e1n relacionados con la agenda de trabajo que lleva adelante la gobernadora, Rosana Bertone, d\u00eda a d\u00eda con las Autoridades Nacionales\u201d.<\/p>\n<p>Por otro lado, en di\u00e1logo con Prensa Legislativa, el secretario Walter Ceballos, agradeci\u00f3 la posibilidad de reunirse con el Vicegobernador y los Legisladores. En este sentido, Ceballos destac\u00f3 \u201cla responsabilidad de coordinar la Secretar\u00eda. Hoy estamos participando del abastecimiento de la base Belgrano II, que se hace a trav\u00e9s de un sistema log\u00edstico de aerolanzamiento\u201d, donde participan los equipos t\u00e9cnicos de la Secretar\u00eda y la Fuerza A\u00e9rea Argentina.<\/p>\n<p>El funcionario nacional detall\u00f3 que en el encuentro se abordaron temas que est\u00e1n vinculados con responsabilidades comunes entre Naci\u00f3n y Provincia. \u201cHay un proyecto de desarrollo del polo log\u00edstico Ant\u00e1rtico en la ciudad y el presidente Macri tiene un compromiso de llevar adelante \u00e9ste proyecto, y as\u00ed se lo indic\u00f3 al Ministro de Defensa y en m\u00ed caso que tengo a cargo la misi\u00f3n de la log\u00edstica Ant\u00e1rtica Argentina\u201d.<\/p>\n<p>Por otro lado, el Secretario mencion\u00f3 la infraestructura con la que cuenta el Ministerio en Ushuaia y entendi\u00f3 la necesidad de trabajar de manera conjunta y aprovechar la capacidad operativa de la Provincia.<\/p>\n<p>Por \u00faltimo el funcionario nacional se refiri\u00f3 a la puesta en funcionamiento del buque \u201cAlmirante Irizar\u201d. Ceballos calific\u00f3 como, \u201cindispensable\u201d su regreso a las aguas argentinas. \u201cTenemos bases que, para acceder tenemos que contar con el rompehielos. Ha sido tanto lo que se demor\u00f3 en la reparaci\u00f3n del barco, que no queremos dar fechas\u201d.<\/p>\n<p>De este modo, el Ingeniero subray\u00f3 que \u201cel presidente Mauricio Macri estuvo presente, con quienes est\u00e1n a cargo no solo de la reparaci\u00f3n, sino de la reingenier\u00eda del buque\u201d, en referencia a la visita que hizo el Primer Mandatario al Complejo Industrial Naval Argentino (CINAR). \u201cSe mejor\u00f3 su capacidad, la tecnolog\u00eda de navegaci\u00f3n y de comunicaci\u00f3n, por lo que estamos deseosos de que este a\u00f1o podamos contar nuevamente con esta navegaci\u00f3n\u201d, cont\u00f3 el Secretario de Log\u00edstica.<\/p>\n<p>\u201cEstamos programando la campa\u00f1a 2016-2017, queremos fortalecer la campa\u00f1a de invierno, que si bien requiere de menos personal y es menor su repercusi\u00f3n, es igual o m\u00e1s importante que las campa\u00f1as de verano\u201d, finaliz\u00f3 Ceballos.<\/p>\n<p>Tambi\u00e9n, particip\u00f3 de la reuni\u00f3n, el secretario de Asuntos Relativos a Ant\u00e1rtida, Islas Malvinas y del Atl\u00e1ntico Sur y sus espacios mar\u00edtimos circundantes, Jorge Ernesto L\u00f3pez.<\/p>\n<p><em>Con informaci\u00f3n y fotograf\u00edas de Prensa Legislativa.<\/em><\/p>\n<p>Fuente: la LicuadoraTF<\/p>\n","protected":false},"excerpt":{"rendered":"<p>Ushuaia.-PorArmando Cabral.- La Presidencia del Poder Legislativo recibi\u00f3 este martes al secretario de Log\u00edstica, Cooperaci\u00f3n en Emergencias y Gesti\u00f3n Cultural [&hellip;]<\/p>\n","protected":false},"author":2,"featured_media":0,"comment_status":"closed","ping_status":"closed","sticky":false,"template":"","format":"standard","meta":{"site-sidebar-layout":"default","site-content-layout":"","ast-site-content-layout":"default","site-content-style":"default","site-sidebar-style":"default","ast-global-header-display":"","ast-banner-title-visibility":"","ast-main-header-display":"","ast-hfb-above-header-display":"","ast-hfb-below-header-display":"","ast-hfb-mobile-header-display":"","site-post-title":"","ast-breadcrumbs-content":"","ast-featured-img":"","footer-sml-layout":"","ast-disable-related-posts":"","theme-transparent-header-meta":"","adv-header-id-meta":"","stick-header-meta":"","header-above-stick-meta":"","header-main-stick-meta":"","header-below-stick-meta":"","astra-migrate-meta-layouts":"default","ast-page-background-enabled":"default","ast-page-background-meta":{"desktop":{"background-color":"var(--ast-global-color-5)","background-image":"","background-repeat":"repeat","background-position":"center center","background-size":"auto","background-attachment":"scroll","background-type":"","background-media":"","overlay-type":"","overlay-color":"","overlay-opacity":"","overlay-gradient":""},"tablet":{"background-color":"","background-image":"","background-repeat":"repeat","background-position":"center center","background-size":"auto","background-attachment":"scroll","background-type":"","background-media":"","overlay-type":"","overlay-color":"","overlay-opacity":"","overlay-gradient":""},"mobile":{"background-color":"","background-image":"","background-repeat":"repeat","background-position":"center center","background-size":"auto","background-attachment":"scroll","background-type":"","background-media":"","overlay-type":"","overlay-color":"","overlay-opacity":"","overlay-gradient":""}},"ast-content-background-meta":{"desktop":{"background-color":"var(--ast-global-color-4)","background-image":"","background-repeat":"repeat","background-position":"center center","background-size":"auto","background-attachment":"scroll","background-type":"","background-media":"","overlay-type":"","overlay-color":"","overlay-opacity":"","overlay-gradient":""},"tablet":{"background-color":"var(--ast-global-color-4)","background-image":"","background-repeat":"repeat","background-position":"center center","background-size":"auto","background-attachment":"scroll","background-type":"","background-media":"","overlay-type":"","overlay-color":"","overlay-opacity":"","overlay-gradient":""},"mobile":{"background-color":"var(--ast-global-color-4)","background-image":"","background-repeat":"repeat","background-position":"center center","background-size":"auto","background-attachment":"scroll","background-type":"","background-media":"","overlay-type":"","overlay-color":"","overlay-opacity":"","overlay-gradient":""}},"footnotes":""},"categories":[1,13,25],"tags":[],"class_list":["post-16652","post","type-post","status-publish","format-standard","hentry","category-noticias","category-provinciales","category-tierra-del-fuego"],"yoast_head":"<!-- This site is optimized with the Yoast SEO Premium plugin v23.0 (Yoast SEO v27.5) - https:\/\/yoast.com\/product\/yoast-seo-premium-wordpress\/ -->\n<title>ANT\u00c1RTIDA: El Vicegobernador mantuvo una reuni\u00f3n con el Secretario de log\u00edstica del Ministerio de Defensa<\/title>\n<meta name=\"robots\" content=\"index, follow, max-snippet:-1, max-image-preview:large, max-video-preview:-1\" \/>\n<link rel=\"canonical\" href=\"https:\/\/patagoniambiental.com.ar\/info\/antartida-el-vicegobernador-mantuvo-una-reunion-con-el-secretario-de-logistica-del-ministerio-de-defensa\/\" \/>\n<meta property=\"og:locale\" content=\"es_ES\" \/>\n<meta property=\"og:type\" content=\"article\" \/>\n<meta property=\"og:title\" content=\"ANT\u00c1RTIDA: El Vicegobernador mantuvo una reuni\u00f3n con el Secretario de log\u00edstica del Ministerio de Defensa\" \/>\n<meta property=\"og:description\" content=\"Ushuaia.-PorArmando Cabral.- La Presidencia del Poder Legislativo recibi\u00f3 este martes al secretario de Log\u00edstica, Cooperaci\u00f3n en Emergencias y Gesti\u00f3n Cultural [&hellip;]\" \/>\n<meta property=\"og:url\" content=\"https:\/\/patagoniambiental.com.ar\/info\/antartida-el-vicegobernador-mantuvo-una-reunion-con-el-secretario-de-logistica-del-ministerio-de-defensa\/\" \/>\n<meta property=\"og:site_name\" content=\"Patagonia Ambiental\" \/>\n<meta property=\"article:publisher\" content=\"https:\/\/www.facebook.com\/patagonia.ambiental\" \/>\n<meta property=\"article:author\" content=\"https:\/\/www.facebook.com\/share\/1C1V8Gv9BX\/?mibextid=qi2Omg\" \/>\n<meta property=\"article:published_time\" content=\"2016-02-10T22:00:56+00:00\" \/>\n<meta name=\"author\" content=\"Patagonia Ambiental\" \/>\n<meta name=\"twitter:card\" content=\"summary_large_image\" \/>\n<meta name=\"twitter:creator\" content=\"@PatAmb\" \/>\n<meta name=\"twitter:site\" content=\"@PatAmb\" \/>\n<script type=\"application\/ld+json\" class=\"yoast-schema-graph\">{\"@context\":\"https:\\\/\\\/schema.org\",\"@graph\":[{\"@type\":\"Article\",\"@id\":\"https:\\\/\\\/patagoniambiental.com.ar\\\/info\\\/antartida-el-vicegobernador-mantuvo-una-reunion-con-el-secretario-de-logistica-del-ministerio-de-defensa\\\/#article\",\"isPartOf\":{\"@id\":\"https:\\\/\\\/patagoniambiental.com.ar\\\/info\\\/antartida-el-vicegobernador-mantuvo-una-reunion-con-el-secretario-de-logistica-del-ministerio-de-defensa\\\/\"},\"author\":{\"name\":\"Patagonia Ambiental\",\"@id\":\"https:\\\/\\\/patagoniambiental.com.ar\\\/info\\\/#\\\/schema\\\/person\\\/db12bff64bbcbf6a253710bf0ea37b5d\"},\"headline\":\"ANT\u00c1RTIDA: El Vicegobernador mantuvo una reuni\u00f3n con el Secretario de log\u00edstica del Ministerio de Defensa\",\"datePublished\":\"2016-02-10T22:00:56+00:00\",\"mainEntityOfPage\":{\"@id\":\"https:\\\/\\\/patagoniambiental.com.ar\\\/info\\\/antartida-el-vicegobernador-mantuvo-una-reunion-con-el-secretario-de-logistica-del-ministerio-de-defensa\\\/\"},\"wordCount\":712,\"publisher\":{\"@id\":\"https:\\\/\\\/patagoniambiental.com.ar\\\/info\\\/#organization\"},\"articleSection\":[\"Noticias\",\"Provinciales\",\"Tierra del Fuego\"],\"inLanguage\":\"es\"},{\"@type\":\"WebPage\",\"@id\":\"https:\\\/\\\/patagoniambiental.com.ar\\\/info\\\/antartida-el-vicegobernador-mantuvo-una-reunion-con-el-secretario-de-logistica-del-ministerio-de-defensa\\\/\",\"url\":\"https:\\\/\\\/patagoniambiental.com.ar\\\/info\\\/antartida-el-vicegobernador-mantuvo-una-reunion-con-el-secretario-de-logistica-del-ministerio-de-defensa\\\/\",\"name\":\"ANT\u00c1RTIDA: El Vicegobernador mantuvo una reuni\u00f3n con el Secretario de log\u00edstica del Ministerio de Defensa\",\"isPartOf\":{\"@id\":\"https:\\\/\\\/patagoniambiental.com.ar\\\/info\\\/#website\"},\"datePublished\":\"2016-02-10T22:00:56+00:00\",\"breadcrumb\":{\"@id\":\"https:\\\/\\\/patagoniambiental.com.ar\\\/info\\\/antartida-el-vicegobernador-mantuvo-una-reunion-con-el-secretario-de-logistica-del-ministerio-de-defensa\\\/#breadcrumb\"},\"inLanguage\":\"es\",\"potentialAction\":[{\"@type\":\"ReadAction\",\"target\":[\"https:\\\/\\\/patagoniambiental.com.ar\\\/info\\\/antartida-el-vicegobernador-mantuvo-una-reunion-con-el-secretario-de-logistica-del-ministerio-de-defensa\\\/\"]}]},{\"@type\":\"BreadcrumbList\",\"@id\":\"https:\\\/\\\/patagoniambiental.com.ar\\\/info\\\/antartida-el-vicegobernador-mantuvo-una-reunion-con-el-secretario-de-logistica-del-ministerio-de-defensa\\\/#breadcrumb\",\"itemListElement\":[{\"@type\":\"ListItem\",\"position\":1,\"name\":\"Inicio\",\"item\":\"https:\\\/\\\/patagoniambiental.com.ar\\\/info\\\/\"},{\"@type\":\"ListItem\",\"position\":2,\"name\":\"ANT\u00c1RTIDA: El Vicegobernador mantuvo una reuni\u00f3n con el Secretario de log\u00edstica del Ministerio de Defensa\"}]},{\"@type\":\"WebSite\",\"@id\":\"https:\\\/\\\/patagoniambiental.com.ar\\\/info\\\/#website\",\"url\":\"https:\\\/\\\/patagoniambiental.com.ar\\\/info\\\/\",\"name\":\"Patagonia Ambiental\",\"description\":\"Monitoreo y an\u00e1lisis de la situaci\u00f3n geopol\u00edtica en el mundo y su implicancia en la Patagonia\",\"publisher\":{\"@id\":\"https:\\\/\\\/patagoniambiental.com.ar\\\/info\\\/#organization\"},\"potentialAction\":[{\"@type\":\"SearchAction\",\"target\":{\"@type\":\"EntryPoint\",\"urlTemplate\":\"https:\\\/\\\/patagoniambiental.com.ar\\\/info\\\/?s={search_term_string}\"},\"query-input\":{\"@type\":\"PropertyValueSpecification\",\"valueRequired\":true,\"valueName\":\"search_term_string\"}}],\"inLanguage\":\"es\"},{\"@type\":\"Organization\",\"@id\":\"https:\\\/\\\/patagoniambiental.com.ar\\\/info\\\/#organization\",\"name\":\"Patagonia Ambiental\",\"url\":\"https:\\\/\\\/patagoniambiental.com.ar\\\/info\\\/\",\"logo\":{\"@type\":\"ImageObject\",\"inLanguage\":\"es\",\"@id\":\"https:\\\/\\\/patagoniambiental.com.ar\\\/info\\\/#\\\/schema\\\/logo\\\/image\\\/\",\"url\":\"https:\\\/\\\/patagoniambiental.com.ar\\\/info\\\/wp-content\\\/uploads\\\/2025\\\/05\\\/LOGO-PATAGONIA-AMBIENTAL.png\",\"contentUrl\":\"https:\\\/\\\/patagoniambiental.com.ar\\\/info\\\/wp-content\\\/uploads\\\/2025\\\/05\\\/LOGO-PATAGONIA-AMBIENTAL.png\",\"width\":433,\"height\":250,\"caption\":\"Patagonia Ambiental\"},\"image\":{\"@id\":\"https:\\\/\\\/patagoniambiental.com.ar\\\/info\\\/#\\\/schema\\\/logo\\\/image\\\/\"},\"sameAs\":[\"https:\\\/\\\/www.facebook.com\\\/patagonia.ambiental\",\"https:\\\/\\\/x.com\\\/PatAmb\"]},{\"@type\":\"Person\",\"@id\":\"https:\\\/\\\/patagoniambiental.com.ar\\\/info\\\/#\\\/schema\\\/person\\\/db12bff64bbcbf6a253710bf0ea37b5d\",\"name\":\"Patagonia Ambiental\",\"description\":\"Andr\u00e9s Nievas T\u00e9cnico en manejo ambiental, consultor Ambiental y escritor para medios locales e internacionales sobre temas de geopolitica y medio ambiente.\",\"sameAs\":[\"http:\\\/\\\/www.patagoniambiental.com.ar\",\"https:\\\/\\\/www.facebook.com\\\/share\\\/1C1V8Gv9BX\\\/?mibextid=qi2Omg\",\"@patagoniambiental\",\"https:\\\/\\\/youtube.com\\\/@patagoniaambiental2023?si=BLt58t0wuXquxlYZ\"]}]}<\/script>\n<!-- \/ Yoast SEO Premium plugin. -->","yoast_head_json":{"title":"ANT\u00c1RTIDA: El Vicegobernador mantuvo una reuni\u00f3n con el Secretario de log\u00edstica del Ministerio de Defensa","robots":{"index":"index","follow":"follow","max-snippet":"max-snippet:-1","max-image-preview":"max-image-preview:large","max-video-preview":"max-video-preview:-1"},"canonical":"https:\/\/patagoniambiental.com.ar\/info\/antartida-el-vicegobernador-mantuvo-una-reunion-con-el-secretario-de-logistica-del-ministerio-de-defensa\/","og_locale":"es_ES","og_type":"article","og_title":"ANT\u00c1RTIDA: El Vicegobernador mantuvo una reuni\u00f3n con el Secretario de log\u00edstica del Ministerio de Defensa","og_description":"Ushuaia.-PorArmando Cabral.- La Presidencia del Poder Legislativo recibi\u00f3 este martes al secretario de Log\u00edstica, Cooperaci\u00f3n en Emergencias y Gesti\u00f3n Cultural [&hellip;]","og_url":"https:\/\/patagoniambiental.com.ar\/info\/antartida-el-vicegobernador-mantuvo-una-reunion-con-el-secretario-de-logistica-del-ministerio-de-defensa\/","og_site_name":"Patagonia Ambiental","article_publisher":"https:\/\/www.facebook.com\/patagonia.ambiental","article_author":"https:\/\/www.facebook.com\/share\/1C1V8Gv9BX\/?mibextid=qi2Omg","article_published_time":"2016-02-10T22:00:56+00:00","author":"Patagonia Ambiental","twitter_card":"summary_large_image","twitter_creator":"@PatAmb","twitter_site":"@PatAmb","schema":{"@context":"https:\/\/schema.org","@graph":[{"@type":"Article","@id":"https:\/\/patagoniambiental.com.ar\/info\/antartida-el-vicegobernador-mantuvo-una-reunion-con-el-secretario-de-logistica-del-ministerio-de-defensa\/#article","isPartOf":{"@id":"https:\/\/patagoniambiental.com.ar\/info\/antartida-el-vicegobernador-mantuvo-una-reunion-con-el-secretario-de-logistica-del-ministerio-de-defensa\/"},"author":{"name":"Patagonia Ambiental","@id":"https:\/\/patagoniambiental.com.ar\/info\/#\/schema\/person\/db12bff64bbcbf6a253710bf0ea37b5d"},"headline":"ANT\u00c1RTIDA: El Vicegobernador mantuvo una reuni\u00f3n con el Secretario de log\u00edstica del Ministerio de Defensa","datePublished":"2016-02-10T22:00:56+00:00","mainEntityOfPage":{"@id":"https:\/\/patagoniambiental.com.ar\/info\/antartida-el-vicegobernador-mantuvo-una-reunion-con-el-secretario-de-logistica-del-ministerio-de-defensa\/"},"wordCount":712,"publisher":{"@id":"https:\/\/patagoniambiental.com.ar\/info\/#organization"},"articleSection":["Noticias","Provinciales","Tierra del Fuego"],"inLanguage":"es"},{"@type":"WebPage","@id":"https:\/\/patagoniambiental.com.ar\/info\/antartida-el-vicegobernador-mantuvo-una-reunion-con-el-secretario-de-logistica-del-ministerio-de-defensa\/","url":"https:\/\/patagoniambiental.com.ar\/info\/antartida-el-vicegobernador-mantuvo-una-reunion-con-el-secretario-de-logistica-del-ministerio-de-defensa\/","name":"ANT\u00c1RTIDA: El Vicegobernador mantuvo una reuni\u00f3n con el Secretario de log\u00edstica del Ministerio de Defensa","isPartOf":{"@id":"https:\/\/patagoniambiental.com.ar\/info\/#website"},"datePublished":"2016-02-10T22:00:56+00:00","breadcrumb":{"@id":"https:\/\/patagoniambiental.com.ar\/info\/antartida-el-vicegobernador-mantuvo-una-reunion-con-el-secretario-de-logistica-del-ministerio-de-defensa\/#breadcrumb"},"inLanguage":"es","potentialAction":[{"@type":"ReadAction","target":["https:\/\/patagoniambiental.com.ar\/info\/antartida-el-vicegobernador-mantuvo-una-reunion-con-el-secretario-de-logistica-del-ministerio-de-defensa\/"]}]},{"@type":"BreadcrumbList","@id":"https:\/\/patagoniambiental.com.ar\/info\/antartida-el-vicegobernador-mantuvo-una-reunion-con-el-secretario-de-logistica-del-ministerio-de-defensa\/#breadcrumb","itemListElement":[{"@type":"ListItem","position":1,"name":"Inicio","item":"https:\/\/patagoniambiental.com.ar\/info\/"},{"@type":"ListItem","position":2,"name":"ANT\u00c1RTIDA: El Vicegobernador mantuvo una reuni\u00f3n con el Secretario de log\u00edstica del Ministerio de Defensa"}]},{"@type":"WebSite","@id":"https:\/\/patagoniambiental.com.ar\/info\/#website","url":"https:\/\/patagoniambiental.com.ar\/info\/","name":"Patagonia Ambiental","description":"Monitoreo y an\u00e1lisis de la situaci\u00f3n geopol\u00edtica en el mundo y su implicancia en la Patagonia","publisher":{"@id":"https:\/\/patagoniambiental.com.ar\/info\/#organization"},"potentialAction":[{"@type":"SearchAction","target":{"@type":"EntryPoint","urlTemplate":"https:\/\/patagoniambiental.com.ar\/info\/?s={search_term_string}"},"query-input":{"@type":"PropertyValueSpecification","valueRequired":true,"valueName":"search_term_string"}}],"inLanguage":"es"},{"@type":"Organization","@id":"https:\/\/patagoniambiental.com.ar\/info\/#organization","name":"Patagonia Ambiental","url":"https:\/\/patagoniambiental.com.ar\/info\/","logo":{"@type":"ImageObject","inLanguage":"es","@id":"https:\/\/patagoniambiental.com.ar\/info\/#\/schema\/logo\/image\/","url":"https:\/\/patagoniambiental.com.ar\/info\/wp-content\/uploads\/2025\/05\/LOGO-PATAGONIA-AMBIENTAL.png","contentUrl":"https:\/\/patagoniambiental.com.ar\/info\/wp-content\/uploads\/2025\/05\/LOGO-PATAGONIA-AMBIENTAL.png","width":433,"height":250,"caption":"Patagonia Ambiental"},"image":{"@id":"https:\/\/patagoniambiental.com.ar\/info\/#\/schema\/logo\/image\/"},"sameAs":["https:\/\/www.facebook.com\/patagonia.ambiental","https:\/\/x.com\/PatAmb"]},{"@type":"Person","@id":"https:\/\/patagoniambiental.com.ar\/info\/#\/schema\/person\/db12bff64bbcbf6a253710bf0ea37b5d","name":"Patagonia Ambiental","description":"Andr\u00e9s Nievas T\u00e9cnico en manejo ambiental, consultor Ambiental y escritor para medios locales e internacionales sobre temas de geopolitica y medio ambiente.","sameAs":["http:\/\/www.patagoniambiental.com.ar","https:\/\/www.facebook.com\/share\/1C1V8Gv9BX\/?mibextid=qi2Omg","@patagoniambiental","https:\/\/youtube.com\/@patagoniaambiental2023?si=BLt58t0wuXquxlYZ"]}]}},"_links":{"self":[{"href":"https:\/\/patagoniambiental.com.ar\/info\/wp-json\/wp\/v2\/posts\/16652","targetHints":{"allow":["GET"]}}],"collection":[{"href":"https:\/\/patagoniambiental.com.ar\/info\/wp-json\/wp\/v2\/posts"}],"about":[{"href":"https:\/\/patagoniambiental.com.ar\/info\/wp-json\/wp\/v2\/types\/post"}],"author":[{"embeddable":true,"href":"https:\/\/patagoniambiental.com.ar\/info\/wp-json\/wp\/v2\/users\/2"}],"replies":[{"embeddable":true,"href":"https:\/\/patagoniambiental.com.ar\/info\/wp-json\/wp\/v2\/comments?post=16652"}],"version-history":[{"count":0,"href":"https:\/\/patagoniambiental.com.ar\/info\/wp-json\/wp\/v2\/posts\/16652\/revisions"}],"wp:attachment":[{"href":"https:\/\/patagoniambiental.com.ar\/info\/wp-json\/wp\/v2\/media?parent=16652"}],"wp:term":[{"taxonomy":"category","embeddable":true,"href":"https:\/\/patagoniambiental.com.ar\/info\/wp-json\/wp\/v2\/categories?post=16652"},{"taxonomy":"post_tag","embeddable":true,"href":"https:\/\/patagoniambiental.com.ar\/info\/wp-json\/wp\/v2\/tags?post=16652"}],"curies":[{"name":"wp","href":"https:\/\/api.w.org\/{rel}","templated":true}]}}