{"id":16668,"date":"2016-02-12T09:00:51","date_gmt":"2016-02-12T12:00:51","guid":{"rendered":"http:\/\/patagoniambiental.com.ar\/?p=16668"},"modified":"2016-02-12T09:00:51","modified_gmt":"2016-02-12T12:00:51","slug":"el-gobernador-de-rio-negro-recorrio-obras-hidricas-en-bariloche","status":"publish","type":"post","link":"https:\/\/patagoniambiental.com.ar\/info\/el-gobernador-de-rio-negro-recorrio-obras-hidricas-en-bariloche\/","title":{"rendered":"El Gobernador de R\u00edo Negro recorri\u00f3 obras h\u00eddricas en Bariloche"},"content":{"rendered":"<p align=\"JUSTIFY\"><b><\/b><span style=\"font-family: Asap;\"><span style=\"font-size: large;\">El<\/span><\/span> <span style=\"font-family: Asap;\"><span style=\"font-size: large;\">gobernador<\/span><\/span> <span style=\"font-family: Asap;\"><span style=\"font-size: large;\">de<\/span><\/span> <span style=\"font-family: Asap;\"><span style=\"font-size: large;\">R\u00edo<\/span><\/span> <span style=\"font-family: Asap;\"><span style=\"font-size: large;\">Negro,<\/span><\/span> <span style=\"font-family: Asap;\"><span style=\"font-size: large;\">Alberto<\/span><\/span> <span style=\"font-family: Asap;\"><span style=\"font-size: large;\">Weretilneck,<\/span><\/span> <span style=\"font-family: Asap;\"><span style=\"font-size: large;\">recorri\u00f3<\/span><\/span> <span style=\"font-family: Asap;\"><span style=\"font-size: large;\">hoy<\/span><\/span> <span style=\"font-family: Asap;\"><span style=\"font-size: large;\">en<\/span><\/span> <span style=\"font-family: Asap;\"><span style=\"font-size: large;\">San<\/span><\/span> <span style=\"font-family: Asap;\"><span style=\"font-size: large;\">Carlos<\/span><\/span> <span style=\"font-family: Asap;\"><span style=\"font-size: large;\">de<\/span><\/span> <span style=\"font-family: Asap;\"><span style=\"font-size: large;\">Bariloche<\/span><\/span> <span style=\"font-family: Asap;\"><span style=\"font-size: large;\">diferentes<\/span><\/span> <span style=\"font-family: Asap;\"><span style=\"font-size: large;\">obras<\/span><\/span> <span style=\"font-family: Asap;\"><span style=\"font-size: large;\">h\u00eddricas<\/span><\/span><span style=\"font-family: Asap;\"><span style=\"font-size: large;\">desarrolladas<\/span><\/span> <span style=\"font-family: Asap;\"><span style=\"font-size: large;\">por<\/span><\/span> <span style=\"font-family: Asap;\"><span style=\"font-size: large;\">la<\/span><\/span> <span style=\"font-family: Asap;\"><span style=\"font-size: large;\">Provincia<\/span><\/span> <span style=\"font-family: Asap;\"><span style=\"font-size: large;\">con<\/span><\/span> <span style=\"font-family: Asap;\"><span style=\"font-size: large;\">el<\/span><\/span> <span style=\"font-family: Asap;\"><span style=\"font-size: large;\">financiamiento<\/span><\/span> <span style=\"font-family: Asap;\"><span style=\"font-size: large;\">de<\/span><\/span> <span style=\"font-family: Asap;\"><span style=\"font-size: large;\">la<\/span><\/span> <span style=\"font-family: Asap;\"><span style=\"font-size: large;\">Unidad<\/span><\/span> <span style=\"font-family: Asap;\"><span style=\"font-size: large;\">Provincial<\/span><\/span> <span style=\"font-family: Asap;\"><span style=\"font-size: large;\">de<\/span><\/span> <span style=\"font-family: Asap;\"><span style=\"font-size: large;\">Coordinaci\u00f3n<\/span><\/span> <span style=\"font-family: Asap;\"><span style=\"font-size: large;\">y<\/span><\/span> <span style=\"font-family: Asap;\"><span style=\"font-size: large;\">Ejecuci\u00f3n<\/span><\/span> <span style=\"font-family: Asap;\"><span style=\"font-size: large;\">de<\/span><\/span><span style=\"font-family: Asap;\"><span style=\"font-size: large;\">Financiamiento<\/span><\/span> <span style=\"font-family: Asap;\"><span style=\"font-size: large;\">Externo<\/span><\/span> <span style=\"font-family: Asap;\"><span style=\"font-size: large;\">(UPCEFE).<\/span><\/span><\/p>\n<p align=\"JUSTIFY\"><span style=\"font-family: Asap;\"><span style=\"font-size: large;\">En la oportunidad visit\u00f3 junto al ministro de Obras y Servicios P\u00fablicos, Carlos Valeri, los trabajos de pavimentaci\u00f3n y nueva traza de la Ruta Provincial N\u00b0 82.<\/span><\/span><\/p>\n<p align=\"JUSTIFY\"><span style=\"font-family: Asap;\"><span style=\"font-size: large;\">Del recorrido tambi\u00e9n formaron parte el gerente de Obras y Proyectos de Aguas Rionegrinas zona Andina, Daniel Pe\u00f1a; el subgerente, Mart\u00edn Descalzo, y el jefe de servicios, Omar Grill.<\/span><\/span><\/p>\n<p align=\"JUSTIFY\"><span style=\"font-family: Asap;\"><span style=\"font-size: large;\">En primera instancia el Mandatario y los funcionarios recorrieron la obra de Adecuaci\u00f3n Sistema de Agua toma del Lago Nahuel Huapi. Asimismo, se hizo lo propio con los trabajos en el barrio Villa Lago Guti\u00e9rrez, donde se realiza la captaci\u00f3n, impulsi\u00f3n, dos cisternas de almacenamiento de 250 y 350 metros c\u00fabicos, redes y 250 conexiones domiciliarias. Los trabajos brindar\u00e1n beneficios a unos 1000 habitantes que no pose\u00edan agua potable. Por \u00faltimo, se visit\u00f3 la obra de Adecuaci\u00f3n del Sistema de Agua del KM 23 ubicada al oeste de la ciudad lacustre.<\/span><\/span><\/p>\n<p align=\"JUSTIFY\"><span style=\"font-family: Asap;\"><span style=\"font-size: large;\">En este sentido y con respecto a la obra de Adecuaci\u00f3n Sistema de Agua toma del Lago Nahuel Huapi, el gobernador Alberto Weretilneck indic\u00f3 que\u201d se trata de la instalaci\u00f3n de dos nuevas bombas que llevan el agua a la Planta potabilizadora que est\u00e1 en el Km 1, con lo cual se est\u00e1 teniendo m\u00e1s previsibilidad, no solo m\u00e1s cantidad, que sirve para el resguardo del recurso\u201d.<\/span><\/span><\/p>\n<p align=\"JUSTIFY\"><span style=\"font-family: Asap;\"><span style=\"font-size: large;\">Agreg\u00f3 que estas \u201cson obras e inversiones que a veces se ven poco, pero que son necesarias hacerlas sobre todo en una ciudad como Bariloche que crece tanto\u201d.<\/span><\/span><\/p>\n<p align=\"JUSTIFY\"><span style=\"font-family: Asap;\"><span style=\"font-size: large;\">Finalmente destac\u00f3 los trabajos e indic\u00f3 que \u201cvamos lentamente completando todas las obras, que durante mucho tiempo tuvieron serias dificultades en la provisi\u00f3n de agua\u201d.<\/span><\/span><\/p>\n<p align=\"JUSTIFY\"><span style=\"font-family: Asap;\"><span style=\"font-size: large;\">Por su parte el Ministro Valeri, indic\u00f3 que \u201cson obras finalizadas que tienen que ver con el agua que se hicieron con financiamiento a ra\u00edz de lo que fue la crisis por la erupci\u00f3n del volc\u00e1n\u201d.<\/span><\/span><\/p>\n<p align=\"JUSTIFY\"><span style=\"font-family: Asap;\"><span style=\"font-size: large;\">Detall\u00f3 que \u201cvisitamos las instalaciones de las nuevas bombas en el kil\u00f3metro 2 desde el Lago Nahuel Huapi que provee a las cisternas de Avenida los Pioneros. Es una obra que da agua a casi todo el barrio Oeste, hasta el Km 8\u201d.<\/span><\/span><\/p>\n<p align=\"JUSTIFY\">\u201c<span style=\"font-family: Asap;\"><span style=\"font-size: large;\">Despu\u00e9s recorrimos los trabajos de captaci\u00f3n de agua para los barrios Suyay, Don Bosco, en el Km 23, y por \u00faltimo lo que es la obra finalizada en el Villa Lago Guti\u00e9rrez; una gran obra para toda esa zona\u201d, expres\u00f3.<\/span><\/span><\/p>\n<p align=\"JUSTIFY\"><span style=\"font-family: Asap;\"><span style=\"font-size: large;\">Al respecto, el Ministro remarc\u00f3 que \u201cson trabajos importantes sobre una poblaci\u00f3n que crece y que ha quedado atrasada en lo son ese tipo de infraestructura tan necesaria\u201d.<\/span><\/span><\/p>\n<p align=\"JUSTIFY\"><span style=\"font-family: Asap;\"><span style=\"font-size: large;\">Sobre los trabajos de pavimentaci\u00f3n expres\u00f3 que \u201cson trabajos importantes para la ciudad con fondos provinciales y que el Gobernador tuvo siempre en cuenta\u201d.<\/span><\/span><\/p>\n<p align=\"JUSTIFY\">\u201c<span style=\"font-family: Asap;\"><span style=\"font-size: large;\">Es una obra importante que va a hacer al desarrollo de esa zona pero por sobre todo al tr\u00e1nsito de la ciudad\u201d, a\u00f1adi\u00f3.<\/span><\/span><\/p>\n<p align=\"JUSTIFY\"><span style=\"font-family: Asap;\"><span style=\"font-size: large;\">Finalmente<\/span><\/span> <span style=\"font-family: Asap;\"><span style=\"font-size: large;\">indic\u00f3<\/span><\/span> <span style=\"font-family: Asap;\"><span style=\"font-size: large;\">que<\/span><\/span><span style=\"font-family: Asap;\"><span style=\"font-size: large;\"> \u201c<\/span><\/span><span style=\"font-family: Asap;\"><span style=\"font-size: large;\">es<\/span><\/span> <span style=\"font-family: Asap;\"><span style=\"font-size: large;\">una<\/span><\/span> <span style=\"font-family: Asap;\"><span style=\"font-size: large;\">obra<\/span><\/span> <span style=\"font-family: Asap;\"><span style=\"font-size: large;\">clave<\/span><\/span> <span style=\"font-family: Asap;\"><span style=\"font-size: large;\">de<\/span><\/span> <span style=\"font-family: Asap;\"><span style=\"font-size: large;\">tres<\/span><\/span> <span style=\"font-family: Asap;\"><span style=\"font-size: large;\">km<\/span><\/span> <span style=\"font-family: Asap;\"><span style=\"font-size: large;\">de<\/span><\/span> <span style=\"font-family: Asap;\"><span style=\"font-size: large;\">extensi\u00f3n<\/span><\/span> <span style=\"font-family: Asap;\"><span style=\"font-size: large;\">que<\/span><\/span> <span style=\"font-family: Asap;\"><span style=\"font-size: large;\">cuando<\/span><\/span> <span style=\"font-family: Asap;\"><span style=\"font-size: large;\">se<\/span><\/span> <span style=\"font-family: Asap;\"><span style=\"font-size: large;\">complete<\/span><\/span> <span style=\"font-family: Asap;\"><span style=\"font-size: large;\">va<\/span><\/span> <span style=\"font-family: Asap;\"><span style=\"font-size: large;\">a<\/span><\/span> <span style=\"font-family: Asap;\"><span style=\"font-size: large;\">descomprimir<\/span><\/span> <span style=\"font-family: Asap;\"><span style=\"font-size: large;\">el<\/span><\/span><span style=\"font-family: Asap;\"><span style=\"font-size: large;\">tr\u00e1nsito<\/span><\/span> <span style=\"font-family: Asap;\"><span style=\"font-size: large;\">y<\/span><\/span> <span style=\"font-family: Asap;\"><span style=\"font-size: large;\">esto<\/span><\/span> <span style=\"font-family: Asap;\"><span style=\"font-size: large;\">ayudar\u00eda<\/span><\/span> <span style=\"font-family: Asap;\"><span style=\"font-size: large;\">much\u00edsimo,<\/span><\/span> <span style=\"font-family: Asap;\"><span style=\"font-size: large;\">sobre<\/span><\/span> <span style=\"font-family: Asap;\"><span style=\"font-size: large;\">todo<\/span><\/span> <span style=\"font-family: Asap;\"><span style=\"font-size: large;\">al<\/span><\/span> <span style=\"font-family: Asap;\"><span style=\"font-size: large;\">Turismo<\/span><\/span><span style=\"font-family: Asap;\"><span style=\"font-size: large;\">\u201d<\/span><\/span><span style=\"font-family: Asap;\"><span style=\"font-size: large;\">.<\/span><\/span><\/p>\n<p>&nbsp;<\/p>\n","protected":false},"excerpt":{"rendered":"<p>El gobernador de R\u00edo Negro, Alberto Weretilneck, recorri\u00f3 hoy en San Carlos de Bariloche diferentes obras h\u00eddricasdesarrolladas por la Provincia [&hellip;]<\/p>\n","protected":false},"author":2,"featured_media":0,"comment_status":"closed","ping_status":"closed","sticky":false,"template":"","format":"standard","meta":{"site-sidebar-layout":"default","site-content-layout":"","ast-site-content-layout":"default","site-content-style":"default","site-sidebar-style":"default","ast-global-header-display":"","ast-banner-title-visibility":"","ast-main-header-display":"","ast-hfb-above-header-display":"","ast-hfb-below-header-display":"","ast-hfb-mobile-header-display":"","site-post-title":"","ast-breadcrumbs-content":"","ast-featured-img":"","footer-sml-layout":"","ast-disable-related-posts":"","theme-transparent-header-meta":"","adv-header-id-meta":"","stick-header-meta":"","header-above-stick-meta":"","header-main-stick-meta":"","header-below-stick-meta":"","astra-migrate-meta-layouts":"default","ast-page-background-enabled":"default","ast-page-background-meta":{"desktop":{"background-color":"var(--ast-global-color-5)","background-image":"","background-repeat":"repeat","background-position":"center center","background-size":"auto","background-attachment":"scroll","background-type":"","background-media":"","overlay-type":"","overlay-color":"","overlay-opacity":"","overlay-gradient":""},"tablet":{"background-color":"","background-image":"","background-repeat":"repeat","background-position":"center center","background-size":"auto","background-attachment":"scroll","background-type":"","background-media":"","overlay-type":"","overlay-color":"","overlay-opacity":"","overlay-gradient":""},"mobile":{"background-color":"","background-image":"","background-repeat":"repeat","background-position":"center center","background-size":"auto","background-attachment":"scroll","background-type":"","background-media":"","overlay-type":"","overlay-color":"","overlay-opacity":"","overlay-gradient":""}},"ast-content-background-meta":{"desktop":{"background-color":"var(--ast-global-color-4)","background-image":"","background-repeat":"repeat","background-position":"center center","background-size":"auto","background-attachment":"scroll","background-type":"","background-media":"","overlay-type":"","overlay-color":"","overlay-opacity":"","overlay-gradient":""},"tablet":{"background-color":"var(--ast-global-color-4)","background-image":"","background-repeat":"repeat","background-position":"center center","background-size":"auto","background-attachment":"scroll","background-type":"","background-media":"","overlay-type":"","overlay-color":"","overlay-opacity":"","overlay-gradient":""},"mobile":{"background-color":"var(--ast-global-color-4)","background-image":"","background-repeat":"repeat","background-position":"center center","background-size":"auto","background-attachment":"scroll","background-type":"","background-media":"","overlay-type":"","overlay-color":"","overlay-opacity":"","overlay-gradient":""}},"footnotes":""},"categories":[1],"tags":[],"class_list":["post-16668","post","type-post","status-publish","format-standard","hentry","category-noticias"],"yoast_head":"<!-- This site is optimized with the Yoast SEO Premium plugin v23.0 (Yoast SEO v27.5) - https:\/\/yoast.com\/product\/yoast-seo-premium-wordpress\/ -->\n<title>El Gobernador de R\u00edo Negro recorri\u00f3 obras h\u00eddricas en Bariloche<\/title>\n<meta name=\"robots\" content=\"index, follow, max-snippet:-1, max-image-preview:large, max-video-preview:-1\" \/>\n<link rel=\"canonical\" href=\"https:\/\/patagoniambiental.com.ar\/info\/el-gobernador-de-rio-negro-recorrio-obras-hidricas-en-bariloche\/\" \/>\n<meta property=\"og:locale\" content=\"es_ES\" \/>\n<meta property=\"og:type\" content=\"article\" \/>\n<meta property=\"og:title\" content=\"El Gobernador de R\u00edo Negro recorri\u00f3 obras h\u00eddricas en Bariloche\" \/>\n<meta property=\"og:description\" content=\"El gobernador de R\u00edo Negro, Alberto Weretilneck, recorri\u00f3 hoy en San Carlos de Bariloche diferentes obras h\u00eddricasdesarrolladas por la Provincia [&hellip;]\" \/>\n<meta property=\"og:url\" content=\"https:\/\/patagoniambiental.com.ar\/info\/el-gobernador-de-rio-negro-recorrio-obras-hidricas-en-bariloche\/\" \/>\n<meta property=\"og:site_name\" content=\"Patagonia Ambiental\" \/>\n<meta property=\"article:publisher\" content=\"https:\/\/www.facebook.com\/patagonia.ambiental\" \/>\n<meta property=\"article:author\" content=\"https:\/\/www.facebook.com\/share\/1C1V8Gv9BX\/?mibextid=qi2Omg\" \/>\n<meta property=\"article:published_time\" content=\"2016-02-12T12:00:51+00:00\" \/>\n<meta name=\"author\" content=\"Patagonia Ambiental\" \/>\n<meta name=\"twitter:card\" content=\"summary_large_image\" \/>\n<meta name=\"twitter:creator\" content=\"@PatAmb\" \/>\n<meta name=\"twitter:site\" content=\"@PatAmb\" \/>\n<script type=\"application\/ld+json\" class=\"yoast-schema-graph\">{\"@context\":\"https:\\\/\\\/schema.org\",\"@graph\":[{\"@type\":\"Article\",\"@id\":\"https:\\\/\\\/patagoniambiental.com.ar\\\/info\\\/el-gobernador-de-rio-negro-recorrio-obras-hidricas-en-bariloche\\\/#article\",\"isPartOf\":{\"@id\":\"https:\\\/\\\/patagoniambiental.com.ar\\\/info\\\/el-gobernador-de-rio-negro-recorrio-obras-hidricas-en-bariloche\\\/\"},\"author\":{\"name\":\"Patagonia Ambiental\",\"@id\":\"https:\\\/\\\/patagoniambiental.com.ar\\\/info\\\/#\\\/schema\\\/person\\\/db12bff64bbcbf6a253710bf0ea37b5d\"},\"headline\":\"El Gobernador de R\u00edo Negro recorri\u00f3 obras h\u00eddricas en Bariloche\",\"datePublished\":\"2016-02-12T12:00:51+00:00\",\"mainEntityOfPage\":{\"@id\":\"https:\\\/\\\/patagoniambiental.com.ar\\\/info\\\/el-gobernador-de-rio-negro-recorrio-obras-hidricas-en-bariloche\\\/\"},\"wordCount\":566,\"publisher\":{\"@id\":\"https:\\\/\\\/patagoniambiental.com.ar\\\/info\\\/#organization\"},\"articleSection\":[\"Noticias\"],\"inLanguage\":\"es\"},{\"@type\":\"WebPage\",\"@id\":\"https:\\\/\\\/patagoniambiental.com.ar\\\/info\\\/el-gobernador-de-rio-negro-recorrio-obras-hidricas-en-bariloche\\\/\",\"url\":\"https:\\\/\\\/patagoniambiental.com.ar\\\/info\\\/el-gobernador-de-rio-negro-recorrio-obras-hidricas-en-bariloche\\\/\",\"name\":\"El Gobernador de R\u00edo Negro recorri\u00f3 obras h\u00eddricas en Bariloche\",\"isPartOf\":{\"@id\":\"https:\\\/\\\/patagoniambiental.com.ar\\\/info\\\/#website\"},\"datePublished\":\"2016-02-12T12:00:51+00:00\",\"breadcrumb\":{\"@id\":\"https:\\\/\\\/patagoniambiental.com.ar\\\/info\\\/el-gobernador-de-rio-negro-recorrio-obras-hidricas-en-bariloche\\\/#breadcrumb\"},\"inLanguage\":\"es\",\"potentialAction\":[{\"@type\":\"ReadAction\",\"target\":[\"https:\\\/\\\/patagoniambiental.com.ar\\\/info\\\/el-gobernador-de-rio-negro-recorrio-obras-hidricas-en-bariloche\\\/\"]}]},{\"@type\":\"BreadcrumbList\",\"@id\":\"https:\\\/\\\/patagoniambiental.com.ar\\\/info\\\/el-gobernador-de-rio-negro-recorrio-obras-hidricas-en-bariloche\\\/#breadcrumb\",\"itemListElement\":[{\"@type\":\"ListItem\",\"position\":1,\"name\":\"Inicio\",\"item\":\"https:\\\/\\\/patagoniambiental.com.ar\\\/info\\\/\"},{\"@type\":\"ListItem\",\"position\":2,\"name\":\"El Gobernador de R\u00edo Negro recorri\u00f3 obras h\u00eddricas en Bariloche\"}]},{\"@type\":\"WebSite\",\"@id\":\"https:\\\/\\\/patagoniambiental.com.ar\\\/info\\\/#website\",\"url\":\"https:\\\/\\\/patagoniambiental.com.ar\\\/info\\\/\",\"name\":\"Patagonia Ambiental\",\"description\":\"Monitoreo y an\u00e1lisis de la situaci\u00f3n geopol\u00edtica en el mundo y su implicancia en la Patagonia\",\"publisher\":{\"@id\":\"https:\\\/\\\/patagoniambiental.com.ar\\\/info\\\/#organization\"},\"potentialAction\":[{\"@type\":\"SearchAction\",\"target\":{\"@type\":\"EntryPoint\",\"urlTemplate\":\"https:\\\/\\\/patagoniambiental.com.ar\\\/info\\\/?s={search_term_string}\"},\"query-input\":{\"@type\":\"PropertyValueSpecification\",\"valueRequired\":true,\"valueName\":\"search_term_string\"}}],\"inLanguage\":\"es\"},{\"@type\":\"Organization\",\"@id\":\"https:\\\/\\\/patagoniambiental.com.ar\\\/info\\\/#organization\",\"name\":\"Patagonia Ambiental\",\"url\":\"https:\\\/\\\/patagoniambiental.com.ar\\\/info\\\/\",\"logo\":{\"@type\":\"ImageObject\",\"inLanguage\":\"es\",\"@id\":\"https:\\\/\\\/patagoniambiental.com.ar\\\/info\\\/#\\\/schema\\\/logo\\\/image\\\/\",\"url\":\"https:\\\/\\\/patagoniambiental.com.ar\\\/info\\\/wp-content\\\/uploads\\\/2025\\\/05\\\/LOGO-PATAGONIA-AMBIENTAL.png\",\"contentUrl\":\"https:\\\/\\\/patagoniambiental.com.ar\\\/info\\\/wp-content\\\/uploads\\\/2025\\\/05\\\/LOGO-PATAGONIA-AMBIENTAL.png\",\"width\":433,\"height\":250,\"caption\":\"Patagonia Ambiental\"},\"image\":{\"@id\":\"https:\\\/\\\/patagoniambiental.com.ar\\\/info\\\/#\\\/schema\\\/logo\\\/image\\\/\"},\"sameAs\":[\"https:\\\/\\\/www.facebook.com\\\/patagonia.ambiental\",\"https:\\\/\\\/x.com\\\/PatAmb\"]},{\"@type\":\"Person\",\"@id\":\"https:\\\/\\\/patagoniambiental.com.ar\\\/info\\\/#\\\/schema\\\/person\\\/db12bff64bbcbf6a253710bf0ea37b5d\",\"name\":\"Patagonia Ambiental\",\"description\":\"Andr\u00e9s Nievas T\u00e9cnico en manejo ambiental, consultor Ambiental y escritor para medios locales e internacionales sobre temas de geopolitica y medio ambiente.\",\"sameAs\":[\"http:\\\/\\\/www.patagoniambiental.com.ar\",\"https:\\\/\\\/www.facebook.com\\\/share\\\/1C1V8Gv9BX\\\/?mibextid=qi2Omg\",\"@patagoniambiental\",\"https:\\\/\\\/youtube.com\\\/@patagoniaambiental2023?si=BLt58t0wuXquxlYZ\"]}]}<\/script>\n<!-- \/ Yoast SEO Premium plugin. -->","yoast_head_json":{"title":"El Gobernador de R\u00edo Negro recorri\u00f3 obras h\u00eddricas en Bariloche","robots":{"index":"index","follow":"follow","max-snippet":"max-snippet:-1","max-image-preview":"max-image-preview:large","max-video-preview":"max-video-preview:-1"},"canonical":"https:\/\/patagoniambiental.com.ar\/info\/el-gobernador-de-rio-negro-recorrio-obras-hidricas-en-bariloche\/","og_locale":"es_ES","og_type":"article","og_title":"El Gobernador de R\u00edo Negro recorri\u00f3 obras h\u00eddricas en Bariloche","og_description":"El gobernador de R\u00edo Negro, Alberto Weretilneck, recorri\u00f3 hoy en San Carlos de Bariloche diferentes obras h\u00eddricasdesarrolladas por la Provincia [&hellip;]","og_url":"https:\/\/patagoniambiental.com.ar\/info\/el-gobernador-de-rio-negro-recorrio-obras-hidricas-en-bariloche\/","og_site_name":"Patagonia Ambiental","article_publisher":"https:\/\/www.facebook.com\/patagonia.ambiental","article_author":"https:\/\/www.facebook.com\/share\/1C1V8Gv9BX\/?mibextid=qi2Omg","article_published_time":"2016-02-12T12:00:51+00:00","author":"Patagonia Ambiental","twitter_card":"summary_large_image","twitter_creator":"@PatAmb","twitter_site":"@PatAmb","schema":{"@context":"https:\/\/schema.org","@graph":[{"@type":"Article","@id":"https:\/\/patagoniambiental.com.ar\/info\/el-gobernador-de-rio-negro-recorrio-obras-hidricas-en-bariloche\/#article","isPartOf":{"@id":"https:\/\/patagoniambiental.com.ar\/info\/el-gobernador-de-rio-negro-recorrio-obras-hidricas-en-bariloche\/"},"author":{"name":"Patagonia Ambiental","@id":"https:\/\/patagoniambiental.com.ar\/info\/#\/schema\/person\/db12bff64bbcbf6a253710bf0ea37b5d"},"headline":"El Gobernador de R\u00edo Negro recorri\u00f3 obras h\u00eddricas en Bariloche","datePublished":"2016-02-12T12:00:51+00:00","mainEntityOfPage":{"@id":"https:\/\/patagoniambiental.com.ar\/info\/el-gobernador-de-rio-negro-recorrio-obras-hidricas-en-bariloche\/"},"wordCount":566,"publisher":{"@id":"https:\/\/patagoniambiental.com.ar\/info\/#organization"},"articleSection":["Noticias"],"inLanguage":"es"},{"@type":"WebPage","@id":"https:\/\/patagoniambiental.com.ar\/info\/el-gobernador-de-rio-negro-recorrio-obras-hidricas-en-bariloche\/","url":"https:\/\/patagoniambiental.com.ar\/info\/el-gobernador-de-rio-negro-recorrio-obras-hidricas-en-bariloche\/","name":"El Gobernador de R\u00edo Negro recorri\u00f3 obras h\u00eddricas en Bariloche","isPartOf":{"@id":"https:\/\/patagoniambiental.com.ar\/info\/#website"},"datePublished":"2016-02-12T12:00:51+00:00","breadcrumb":{"@id":"https:\/\/patagoniambiental.com.ar\/info\/el-gobernador-de-rio-negro-recorrio-obras-hidricas-en-bariloche\/#breadcrumb"},"inLanguage":"es","potentialAction":[{"@type":"ReadAction","target":["https:\/\/patagoniambiental.com.ar\/info\/el-gobernador-de-rio-negro-recorrio-obras-hidricas-en-bariloche\/"]}]},{"@type":"BreadcrumbList","@id":"https:\/\/patagoniambiental.com.ar\/info\/el-gobernador-de-rio-negro-recorrio-obras-hidricas-en-bariloche\/#breadcrumb","itemListElement":[{"@type":"ListItem","position":1,"name":"Inicio","item":"https:\/\/patagoniambiental.com.ar\/info\/"},{"@type":"ListItem","position":2,"name":"El Gobernador de R\u00edo Negro recorri\u00f3 obras h\u00eddricas en Bariloche"}]},{"@type":"WebSite","@id":"https:\/\/patagoniambiental.com.ar\/info\/#website","url":"https:\/\/patagoniambiental.com.ar\/info\/","name":"Patagonia Ambiental","description":"Monitoreo y an\u00e1lisis de la situaci\u00f3n geopol\u00edtica en el mundo y su implicancia en la Patagonia","publisher":{"@id":"https:\/\/patagoniambiental.com.ar\/info\/#organization"},"potentialAction":[{"@type":"SearchAction","target":{"@type":"EntryPoint","urlTemplate":"https:\/\/patagoniambiental.com.ar\/info\/?s={search_term_string}"},"query-input":{"@type":"PropertyValueSpecification","valueRequired":true,"valueName":"search_term_string"}}],"inLanguage":"es"},{"@type":"Organization","@id":"https:\/\/patagoniambiental.com.ar\/info\/#organization","name":"Patagonia Ambiental","url":"https:\/\/patagoniambiental.com.ar\/info\/","logo":{"@type":"ImageObject","inLanguage":"es","@id":"https:\/\/patagoniambiental.com.ar\/info\/#\/schema\/logo\/image\/","url":"https:\/\/patagoniambiental.com.ar\/info\/wp-content\/uploads\/2025\/05\/LOGO-PATAGONIA-AMBIENTAL.png","contentUrl":"https:\/\/patagoniambiental.com.ar\/info\/wp-content\/uploads\/2025\/05\/LOGO-PATAGONIA-AMBIENTAL.png","width":433,"height":250,"caption":"Patagonia Ambiental"},"image":{"@id":"https:\/\/patagoniambiental.com.ar\/info\/#\/schema\/logo\/image\/"},"sameAs":["https:\/\/www.facebook.com\/patagonia.ambiental","https:\/\/x.com\/PatAmb"]},{"@type":"Person","@id":"https:\/\/patagoniambiental.com.ar\/info\/#\/schema\/person\/db12bff64bbcbf6a253710bf0ea37b5d","name":"Patagonia Ambiental","description":"Andr\u00e9s Nievas T\u00e9cnico en manejo ambiental, consultor Ambiental y escritor para medios locales e internacionales sobre temas de geopolitica y medio ambiente.","sameAs":["http:\/\/www.patagoniambiental.com.ar","https:\/\/www.facebook.com\/share\/1C1V8Gv9BX\/?mibextid=qi2Omg","@patagoniambiental","https:\/\/youtube.com\/@patagoniaambiental2023?si=BLt58t0wuXquxlYZ"]}]}},"_links":{"self":[{"href":"https:\/\/patagoniambiental.com.ar\/info\/wp-json\/wp\/v2\/posts\/16668","targetHints":{"allow":["GET"]}}],"collection":[{"href":"https:\/\/patagoniambiental.com.ar\/info\/wp-json\/wp\/v2\/posts"}],"about":[{"href":"https:\/\/patagoniambiental.com.ar\/info\/wp-json\/wp\/v2\/types\/post"}],"author":[{"embeddable":true,"href":"https:\/\/patagoniambiental.com.ar\/info\/wp-json\/wp\/v2\/users\/2"}],"replies":[{"embeddable":true,"href":"https:\/\/patagoniambiental.com.ar\/info\/wp-json\/wp\/v2\/comments?post=16668"}],"version-history":[{"count":0,"href":"https:\/\/patagoniambiental.com.ar\/info\/wp-json\/wp\/v2\/posts\/16668\/revisions"}],"wp:attachment":[{"href":"https:\/\/patagoniambiental.com.ar\/info\/wp-json\/wp\/v2\/media?parent=16668"}],"wp:term":[{"taxonomy":"category","embeddable":true,"href":"https:\/\/patagoniambiental.com.ar\/info\/wp-json\/wp\/v2\/categories?post=16668"},{"taxonomy":"post_tag","embeddable":true,"href":"https:\/\/patagoniambiental.com.ar\/info\/wp-json\/wp\/v2\/tags?post=16668"}],"curies":[{"name":"wp","href":"https:\/\/api.w.org\/{rel}","templated":true}]}}