{"id":16671,"date":"2016-02-12T09:00:22","date_gmt":"2016-02-12T12:00:22","guid":{"rendered":"http:\/\/patagoniambiental.com.ar\/?p=16671"},"modified":"2016-02-12T09:00:22","modified_gmt":"2016-02-12T12:00:22","slug":"el-mercado-artesanal-de-rio-negro-continua-con-la-exposicion-de-sus-productos-en-toda-la-provincia","status":"publish","type":"post","link":"https:\/\/patagoniambiental.com.ar\/info\/el-mercado-artesanal-de-rio-negro-continua-con-la-exposicion-de-sus-productos-en-toda-la-provincia\/","title":{"rendered":"El Mercado Artesanal de R\u00edo Negro contin\u00faa con la exposici\u00f3n de sus productos en toda la provincia"},"content":{"rendered":"<p align=\"JUSTIFY\"><b><\/b><span style=\"font-family: Asap;\"><span style=\"font-size: large;\">E<\/span><\/span><span style=\"font-family: Asap;\"><span style=\"font-size: large;\">l<\/span><\/span> <span style=\"font-family: Asap;\"><span style=\"font-size: large;\">Mercado<\/span><\/span> <span style=\"font-family: Asap;\"><span style=\"font-size: large;\">Artesanal<\/span><\/span> <span style=\"font-family: Asap;\"><span style=\"font-size: large;\">contin\u00faa<\/span><\/span> <span style=\"font-family: Asap;\"><span style=\"font-size: large;\">con<\/span><\/span> <span style=\"font-family: Asap;\"><span style=\"font-size: large;\">la<\/span><\/span> <span style=\"font-family: Asap;\"><span style=\"font-size: large;\">exposici\u00f3n<\/span><\/span> <span style=\"font-family: Asap;\"><span style=\"font-size: large;\">y<\/span><\/span> <span style=\"font-family: Asap;\"><span style=\"font-size: large;\">venta<\/span><\/span> <span style=\"font-family: Asap;\"><span style=\"font-size: large;\">de<\/span><\/span><span style=\"font-family: Asap;\"><span style=\"font-size: large;\">productos<\/span><\/span> <span style=\"font-family: Asap;\"><span style=\"font-size: large;\">regionales<\/span><\/span> <span style=\"font-family: Asap;\"><span style=\"font-size: large;\">de<\/span><\/span> <span style=\"font-family: Asap;\"><span style=\"font-size: large;\">artesanos<\/span><\/span> <span style=\"font-family: Asap;\"><span style=\"font-size: large;\">rionegrinos.<\/span><\/span> <span style=\"font-family: Asap;\"><span style=\"font-size: large;\">La<\/span><\/span> <span style=\"font-family: Asap;\"><span style=\"font-size: large;\">Zona<\/span><\/span> <span style=\"font-family: Asap;\"><span style=\"font-size: large;\">Atl\u00e1ntica,<\/span><\/span> <span style=\"font-family: Asap;\"><span style=\"font-size: large;\">el<\/span><\/span> <span style=\"font-family: Asap;\"><span style=\"font-size: large;\">Alto<\/span><\/span> <span style=\"font-family: Asap;\"><span style=\"font-size: large;\">Valle<\/span><\/span> <span style=\"font-family: Asap;\"><span style=\"font-size: large;\">y<\/span><\/span> <span style=\"font-family: Asap;\"><span style=\"font-size: large;\">la<\/span><\/span> <span style=\"font-family: Asap;\"><span style=\"font-size: large;\">Regi\u00f3n<\/span><\/span> <span style=\"font-family: Asap;\"><span style=\"font-size: large;\">Sur,<\/span><\/span> <span style=\"font-family: Asap;\"><span style=\"font-size: large;\">son<\/span><\/span> <span style=\"font-family: Asap;\"><span style=\"font-size: large;\">los<\/span><\/span> <span style=\"font-family: Asap;\"><span style=\"font-size: large;\">lugares<\/span><\/span><span style=\"font-family: Asap;\"><span style=\"font-size: large;\">elegidos<\/span><\/span> <span style=\"font-family: Asap;\"><span style=\"font-size: large;\">para<\/span><\/span> <span style=\"font-family: Asap;\"><span style=\"font-size: large;\">esta<\/span><\/span> <span style=\"font-family: Asap;\"><span style=\"font-size: large;\">temporada.<\/span><\/span><\/p>\n<p align=\"JUSTIFY\"><span style=\"font-family: Asap;\"><span style=\"font-size: large;\">En<\/span><\/span> <span style=\"font-family: Asap;\"><span style=\"font-size: large;\">este<\/span><\/span> <span style=\"font-family: Asap;\"><span style=\"font-size: large;\">sentido,<\/span><\/span> <span style=\"font-family: Asap;\"><span style=\"font-size: large;\">las<\/span><\/span> <span style=\"font-family: Asap;\"><span style=\"font-size: large;\">actividades<\/span><\/span> <span style=\"font-family: Asap;\"><span style=\"font-size: large;\">se<\/span><\/span> <span style=\"font-family: Asap;\"><span style=\"font-size: large;\">enmarcan<\/span><\/span> <span style=\"font-family: Asap;\"><span style=\"font-size: large;\">un<\/span><\/span> <span style=\"font-family: Asap;\"><span style=\"font-size: large;\">conjunto<\/span><\/span> <span style=\"font-family: Asap;\"><span style=\"font-size: large;\">de<\/span><\/span> <span style=\"font-family: Asap;\"><span style=\"font-size: large;\">gestiones<\/span><\/span> <span style=\"font-family: Asap;\"><span style=\"font-size: large;\">destinadas<\/span><\/span> <span style=\"font-family: Asap;\"><span style=\"font-size: large;\">al<\/span><\/span> <span style=\"font-family: Asap;\"><span style=\"font-size: large;\">crecimiento<\/span><\/span> <span style=\"font-family: Asap;\"><span style=\"font-size: large;\">y<\/span><\/span> <span style=\"font-family: Asap;\"><span style=\"font-size: large;\">desarrollo<\/span><\/span> <span style=\"font-family: Asap;\"><span style=\"font-size: large;\">de<\/span><\/span> <span style=\"font-family: Asap;\"><span style=\"font-size: large;\">la<\/span><\/span><span style=\"font-family: Asap;\"><span style=\"font-size: large;\">propuesta,<\/span><\/span> <span style=\"font-family: Asap;\"><span style=\"font-size: large;\">que<\/span><\/span> <span style=\"font-family: Asap;\"><span style=\"font-size: large;\">contempl\u00f3<\/span><\/span> <span style=\"font-family: Asap;\"><span style=\"font-size: large;\">la<\/span><\/span> <span style=\"font-family: Asap;\"><span style=\"font-size: large;\">apertura<\/span><\/span> <span style=\"font-family: Asap;\"><span style=\"font-size: large;\">de<\/span><\/span> <span style=\"font-family: Asap;\"><span style=\"font-size: large;\">un<\/span><\/span> <span style=\"font-family: Asap;\"><span style=\"font-size: large;\">local<\/span><\/span> <span style=\"font-family: Asap;\"><span style=\"font-size: large;\">comercial<\/span><\/span> <span style=\"font-family: Asap;\"><span style=\"font-size: large;\">en<\/span><\/span> <span style=\"font-family: Asap;\"><span style=\"font-size: large;\">el<\/span><\/span> <span style=\"font-family: Asap;\"><span style=\"font-size: large;\">balneario<\/span><\/span><span style=\"font-family: Asap;\"><span style=\"font-size: large;\"> \u201c<\/span><\/span><span style=\"font-family: Asap;\"><span style=\"font-size: large;\">El<\/span><\/span> <span style=\"font-family: Asap;\"><span style=\"font-size: large;\">C\u00f3ndor<\/span><\/span><span style=\"font-family: Asap;\"><span style=\"font-size: large;\">\u201d <\/span><\/span><span style=\"font-family: Asap;\"><span style=\"font-size: large;\">a<\/span><\/span> <span style=\"font-family: Asap;\"><span style=\"font-size: large;\">30<\/span><\/span> <span style=\"font-family: Asap;\"><span style=\"font-size: large;\">kil\u00f3metros<\/span><\/span> <span style=\"font-family: Asap;\"><span style=\"font-size: large;\">de<\/span><\/span> <span style=\"font-family: Asap;\"><span style=\"font-size: large;\">la<\/span><\/span> <span style=\"font-family: Asap;\"><span style=\"font-size: large;\">capital<\/span><\/span><span style=\"font-family: Asap;\"><span style=\"font-size: large;\">provincial,<\/span><\/span> <span style=\"font-family: Asap;\"><span style=\"font-size: large;\">considerada<\/span><\/span> <span style=\"font-family: Asap;\"><span style=\"font-size: large;\">una<\/span><\/span> <span style=\"font-family: Asap;\"><span style=\"font-size: large;\">excelente<\/span><\/span> <span style=\"font-family: Asap;\"><span style=\"font-size: large;\">opci\u00f3n<\/span><\/span> <span style=\"font-family: Asap;\"><span style=\"font-size: large;\">para<\/span><\/span> <span style=\"font-family: Asap;\"><span style=\"font-size: large;\">los<\/span><\/span> <span style=\"font-family: Asap;\"><span style=\"font-size: large;\">turistas<\/span><\/span> <span style=\"font-family: Asap;\"><span style=\"font-size: large;\">y<\/span><\/span> <span style=\"font-family: Asap;\"><span style=\"font-size: large;\">vecinos<\/span><\/span> <span style=\"font-family: Asap;\"><span style=\"font-size: large;\">a<\/span><\/span> <span style=\"font-family: Asap;\"><span style=\"font-size: large;\">la<\/span><\/span> <span style=\"font-family: Asap;\"><span style=\"font-size: large;\">hora<\/span><\/span> <span style=\"font-family: Asap;\"><span style=\"font-size: large;\">de<\/span><\/span> <span style=\"font-family: Asap;\"><span style=\"font-size: large;\">elegir<\/span><\/span> <span style=\"font-family: Asap;\"><span style=\"font-size: large;\">productos<\/span><\/span> <span style=\"font-family: Asap;\"><span style=\"font-size: large;\">locales.<\/span><\/span><\/p>\n<p align=\"JUSTIFY\"><span style=\"font-family: Asap;\"><span style=\"font-size: large;\">Asimismo, y en el marco de los festejos de la Fiesta de la Manzana en General Roca, se llev\u00f3 a cabo un stand comercial, donde se exhibieron artesan\u00edas textiles, tallados en madera, cuero, hilado, tejido y telar mapuche entre otros trabajos, obteniendo excelentes ventas.<\/span><\/span><\/p>\n<p align=\"JUSTIFY\"><span style=\"font-family: Asap;\"><span style=\"font-size: large;\">Por<\/span><\/span> <span style=\"font-family: Asap;\"><span style=\"font-size: large;\">\u00faltimo<\/span><\/span> <span style=\"font-family: Asap;\"><span style=\"font-size: large;\">integrantes<\/span><\/span> <span style=\"font-family: Asap;\"><span style=\"font-size: large;\">del<\/span><\/span> <span style=\"font-family: Asap;\"><span style=\"font-size: large;\">Mercado<\/span><\/span> <span style=\"font-family: Asap;\"><span style=\"font-size: large;\">hicieron<\/span><\/span> <span style=\"font-family: Asap;\"><span style=\"font-size: large;\">una<\/span><\/span> <span style=\"font-family: Asap;\"><span style=\"font-size: large;\">recorrida<\/span><\/span> <span style=\"font-family: Asap;\"><span style=\"font-size: large;\">por<\/span><\/span> <span style=\"font-family: Asap;\"><span style=\"font-size: large;\">la<\/span><\/span> <span style=\"font-family: Asap;\"><span style=\"font-size: large;\">Regi\u00f3n<\/span><\/span> <span style=\"font-family: Asap;\"><span style=\"font-size: large;\">Sur<\/span><\/span> <span style=\"font-family: Asap;\"><span style=\"font-size: large;\">de<\/span><\/span> <span style=\"font-family: Asap;\"><span style=\"font-size: large;\">la<\/span><\/span> <span style=\"font-family: Asap;\"><span style=\"font-size: large;\">Provincia,<\/span><\/span> <span style=\"font-family: Asap;\"><span style=\"font-size: large;\">visitando<\/span><\/span> <span style=\"font-family: Asap;\"><span style=\"font-size: large;\">a<\/span><\/span><span style=\"font-family: Asap;\"><span style=\"font-size: large;\">microemprendedores<\/span><\/span> <span style=\"font-family: Asap;\"><span style=\"font-size: large;\">de<\/span><\/span> <span style=\"font-family: Asap;\"><span style=\"font-size: large;\">pueblos<\/span><\/span> <span style=\"font-family: Asap;\"><span style=\"font-size: large;\">y<\/span><\/span> <span style=\"font-family: Asap;\"><span style=\"font-size: large;\">parajes,<\/span><\/span> <span style=\"font-family: Asap;\"><span style=\"font-size: large;\">retomando<\/span><\/span> <span style=\"font-family: Asap;\"><span style=\"font-size: large;\">el<\/span><\/span> <span style=\"font-family: Asap;\"><span style=\"font-size: large;\">contacto<\/span><\/span> <span style=\"font-family: Asap;\"><span style=\"font-size: large;\">con<\/span><\/span> <span style=\"font-family: Asap;\"><span style=\"font-size: large;\">artesanas<\/span><\/span> <span style=\"font-family: Asap;\"><span style=\"font-size: large;\">tejedoras<\/span><\/span> <span style=\"font-family: Asap;\"><span style=\"font-size: large;\">y<\/span><\/span> <span style=\"font-family: Asap;\"><span style=\"font-size: large;\">dem\u00e1s<\/span><\/span> <span style=\"font-family: Asap;\"><span style=\"font-size: large;\">artistas<\/span><\/span> <span style=\"font-family: Asap;\"><span style=\"font-size: large;\">lugare\u00f1os<\/span><\/span><span style=\"font-family: Asap;\"><span style=\"font-size: large;\">para<\/span><\/span> <span style=\"font-family: Asap;\"><span style=\"font-size: large;\">coordinar<\/span><\/span> <span style=\"font-family: Asap;\"><span style=\"font-size: large;\">acciones<\/span><\/span> <span style=\"font-family: Asap;\"><span style=\"font-size: large;\">en<\/span><\/span> <span style=\"font-family: Asap;\"><span style=\"font-size: large;\">conjunto<\/span><\/span> <span style=\"font-family: Asap;\"><span style=\"font-size: large;\">durante<\/span><\/span> <span style=\"font-family: Asap;\"><span style=\"font-size: large;\">2016.<\/span><\/span><\/p>\n<p align=\"JUSTIFY\"><span style=\"font-family: Asap;\"><span style=\"font-size: large;\">Cabe<\/span><\/span> <span style=\"font-family: Asap;\"><span style=\"font-size: large;\">se\u00f1alar<\/span><\/span> <span style=\"font-family: Asap;\"><span style=\"font-size: large;\">que<\/span><\/span> <span style=\"font-family: Asap;\"><span style=\"font-size: large;\">el<\/span><\/span> <span style=\"font-family: Asap;\"><span style=\"font-size: large;\">Mercado<\/span><\/span> <span style=\"font-family: Asap;\"><span style=\"font-size: large;\">Artesanal<\/span><\/span> <span style=\"font-family: Asap;\"><span style=\"font-size: large;\">fue<\/span><\/span> <span style=\"font-family: Asap;\"><span style=\"font-size: large;\">creado<\/span><\/span> <span style=\"font-family: Asap;\"><span style=\"font-size: large;\">en<\/span><\/span> <span style=\"font-family: Asap;\"><span style=\"font-size: large;\">1974,<\/span><\/span> <span style=\"font-family: Asap;\"><span style=\"font-size: large;\">siendo<\/span><\/span> <span style=\"font-family: Asap;\"><span style=\"font-size: large;\">sus<\/span><\/span> <span style=\"font-family: Asap;\"><span style=\"font-size: large;\">objetivos<\/span><\/span> <span style=\"font-family: Asap;\"><span style=\"font-size: large;\">centrales<\/span><\/span> <span style=\"font-family: Asap;\"><span style=\"font-size: large;\">velar<\/span><\/span> <span style=\"font-family: Asap;\"><span style=\"font-size: large;\">por<\/span><\/span> <span style=\"font-family: Asap;\"><span style=\"font-size: large;\">la<\/span><\/span> <span style=\"font-family: Asap;\"><span style=\"font-size: large;\">calidad<\/span><\/span> <span style=\"font-family: Asap;\"><span style=\"font-size: large;\">de<\/span><\/span> <span style=\"font-family: Asap;\"><span style=\"font-size: large;\">vida<\/span><\/span><span style=\"font-family: Asap;\"><span style=\"font-size: large;\">de<\/span><\/span> <span style=\"font-family: Asap;\"><span style=\"font-size: large;\">artesanos<\/span><\/span> <span style=\"font-family: Asap;\"><span style=\"font-size: large;\">y<\/span><\/span> <span style=\"font-family: Asap;\"><span style=\"font-size: large;\">artesanas<\/span><\/span> <span style=\"font-family: Asap;\"><span style=\"font-size: large;\">y<\/span><\/span> <span style=\"font-family: Asap;\"><span style=\"font-size: large;\">hacer<\/span><\/span> <span style=\"font-family: Asap;\"><span style=\"font-size: large;\">conocer<\/span><\/span> <span style=\"font-family: Asap;\"><span style=\"font-size: large;\">su<\/span><\/span> <span style=\"font-family: Asap;\"><span style=\"font-size: large;\">historia<\/span><\/span> <span style=\"font-family: Asap;\"><span style=\"font-size: large;\">cultural<\/span><\/span> <span style=\"font-family: Asap;\"><span style=\"font-size: large;\">y<\/span><\/span> <span style=\"font-family: Asap;\"><span style=\"font-size: large;\">laboral<\/span><\/span> <span style=\"font-family: Asap;\"><span style=\"font-size: large;\">a<\/span><\/span> <span style=\"font-family: Asap;\"><span style=\"font-size: large;\">trav\u00e9s<\/span><\/span> <span style=\"font-family: Asap;\"><span style=\"font-size: large;\">de<\/span><\/span> <span style=\"font-family: Asap;\"><span style=\"font-size: large;\">sus<\/span><\/span> <span style=\"font-family: Asap;\"><span style=\"font-size: large;\">productos<\/span><\/span> <span style=\"font-family: Asap;\"><span style=\"font-size: large;\">ancestrales<\/span><\/span> <span style=\"font-family: Asap;\"><span style=\"font-size: large;\">y<\/span><\/span> <span style=\"font-family: Asap;\"><span style=\"font-size: large;\">\u00fanicos,<\/span><\/span><span style=\"font-family: Asap;\"><span style=\"font-size: large;\">los<\/span><\/span> <span style=\"font-family: Asap;\"><span style=\"font-size: large;\">que<\/span><\/span> <span style=\"font-family: Asap;\"><span style=\"font-size: large;\">forman<\/span><\/span> <span style=\"font-family: Asap;\"><span style=\"font-size: large;\">parte<\/span><\/span> <span style=\"font-family: Asap;\"><span style=\"font-size: large;\">de<\/span><\/span> <span style=\"font-family: Asap;\"><span style=\"font-size: large;\">activos<\/span><\/span> <span style=\"font-family: Asap;\"><span style=\"font-size: large;\">culturales<\/span><\/span> <span style=\"font-family: Asap;\"><span style=\"font-size: large;\">propios.<\/span><\/span><\/p>\n","protected":false},"excerpt":{"rendered":"<p>El Mercado Artesanal contin\u00faa con la exposici\u00f3n y venta deproductos regionales de artesanos rionegrinos. La Zona Atl\u00e1ntica, el Alto Valle [&hellip;]<\/p>\n","protected":false},"author":2,"featured_media":0,"comment_status":"closed","ping_status":"closed","sticky":false,"template":"","format":"standard","meta":{"site-sidebar-layout":"default","site-content-layout":"","ast-site-content-layout":"default","site-content-style":"default","site-sidebar-style":"default","ast-global-header-display":"","ast-banner-title-visibility":"","ast-main-header-display":"","ast-hfb-above-header-display":"","ast-hfb-below-header-display":"","ast-hfb-mobile-header-display":"","site-post-title":"","ast-breadcrumbs-content":"","ast-featured-img":"","footer-sml-layout":"","ast-disable-related-posts":"","theme-transparent-header-meta":"","adv-header-id-meta":"","stick-header-meta":"","header-above-stick-meta":"","header-main-stick-meta":"","header-below-stick-meta":"","astra-migrate-meta-layouts":"default","ast-page-background-enabled":"default","ast-page-background-meta":{"desktop":{"background-color":"var(--ast-global-color-5)","background-image":"","background-repeat":"repeat","background-position":"center center","background-size":"auto","background-attachment":"scroll","background-type":"","background-media":"","overlay-type":"","overlay-color":"","overlay-opacity":"","overlay-gradient":""},"tablet":{"background-color":"","background-image":"","background-repeat":"repeat","background-position":"center center","background-size":"auto","background-attachment":"scroll","background-type":"","background-media":"","overlay-type":"","overlay-color":"","overlay-opacity":"","overlay-gradient":""},"mobile":{"background-color":"","background-image":"","background-repeat":"repeat","background-position":"center center","background-size":"auto","background-attachment":"scroll","background-type":"","background-media":"","overlay-type":"","overlay-color":"","overlay-opacity":"","overlay-gradient":""}},"ast-content-background-meta":{"desktop":{"background-color":"var(--ast-global-color-4)","background-image":"","background-repeat":"repeat","background-position":"center center","background-size":"auto","background-attachment":"scroll","background-type":"","background-media":"","overlay-type":"","overlay-color":"","overlay-opacity":"","overlay-gradient":""},"tablet":{"background-color":"var(--ast-global-color-4)","background-image":"","background-repeat":"repeat","background-position":"center center","background-size":"auto","background-attachment":"scroll","background-type":"","background-media":"","overlay-type":"","overlay-color":"","overlay-opacity":"","overlay-gradient":""},"mobile":{"background-color":"var(--ast-global-color-4)","background-image":"","background-repeat":"repeat","background-position":"center center","background-size":"auto","background-attachment":"scroll","background-type":"","background-media":"","overlay-type":"","overlay-color":"","overlay-opacity":"","overlay-gradient":""}},"footnotes":""},"categories":[1],"tags":[],"class_list":["post-16671","post","type-post","status-publish","format-standard","hentry","category-noticias"],"yoast_head":"<!-- This site is optimized with the Yoast SEO Premium plugin v23.0 (Yoast SEO v27.5) - https:\/\/yoast.com\/product\/yoast-seo-premium-wordpress\/ -->\n<title>El Mercado Artesanal de R\u00edo Negro contin\u00faa con la exposici\u00f3n de sus productos en toda la provincia<\/title>\n<meta name=\"robots\" content=\"index, follow, max-snippet:-1, max-image-preview:large, max-video-preview:-1\" \/>\n<link rel=\"canonical\" href=\"https:\/\/patagoniambiental.com.ar\/info\/el-mercado-artesanal-de-rio-negro-continua-con-la-exposicion-de-sus-productos-en-toda-la-provincia\/\" \/>\n<meta property=\"og:locale\" content=\"es_ES\" \/>\n<meta property=\"og:type\" content=\"article\" \/>\n<meta property=\"og:title\" content=\"El Mercado Artesanal de R\u00edo Negro contin\u00faa con la exposici\u00f3n de sus productos en toda la provincia\" \/>\n<meta property=\"og:description\" content=\"El Mercado Artesanal contin\u00faa con la exposici\u00f3n y venta deproductos regionales de artesanos rionegrinos. La Zona Atl\u00e1ntica, el Alto Valle [&hellip;]\" \/>\n<meta property=\"og:url\" content=\"https:\/\/patagoniambiental.com.ar\/info\/el-mercado-artesanal-de-rio-negro-continua-con-la-exposicion-de-sus-productos-en-toda-la-provincia\/\" \/>\n<meta property=\"og:site_name\" content=\"Patagonia Ambiental\" \/>\n<meta property=\"article:publisher\" content=\"https:\/\/www.facebook.com\/patagonia.ambiental\" \/>\n<meta property=\"article:author\" content=\"https:\/\/www.facebook.com\/share\/1C1V8Gv9BX\/?mibextid=qi2Omg\" \/>\n<meta property=\"article:published_time\" content=\"2016-02-12T12:00:22+00:00\" \/>\n<meta name=\"author\" content=\"Patagonia Ambiental\" \/>\n<meta name=\"twitter:card\" content=\"summary_large_image\" \/>\n<meta name=\"twitter:creator\" content=\"@PatAmb\" \/>\n<meta name=\"twitter:site\" content=\"@PatAmb\" \/>\n<script type=\"application\/ld+json\" class=\"yoast-schema-graph\">{\"@context\":\"https:\\\/\\\/schema.org\",\"@graph\":[{\"@type\":\"Article\",\"@id\":\"https:\\\/\\\/patagoniambiental.com.ar\\\/info\\\/el-mercado-artesanal-de-rio-negro-continua-con-la-exposicion-de-sus-productos-en-toda-la-provincia\\\/#article\",\"isPartOf\":{\"@id\":\"https:\\\/\\\/patagoniambiental.com.ar\\\/info\\\/el-mercado-artesanal-de-rio-negro-continua-con-la-exposicion-de-sus-productos-en-toda-la-provincia\\\/\"},\"author\":{\"name\":\"Patagonia Ambiental\",\"@id\":\"https:\\\/\\\/patagoniambiental.com.ar\\\/info\\\/#\\\/schema\\\/person\\\/db12bff64bbcbf6a253710bf0ea37b5d\"},\"headline\":\"El Mercado Artesanal de R\u00edo Negro contin\u00faa con la exposici\u00f3n de sus productos en toda la provincia\",\"datePublished\":\"2016-02-12T12:00:22+00:00\",\"mainEntityOfPage\":{\"@id\":\"https:\\\/\\\/patagoniambiental.com.ar\\\/info\\\/el-mercado-artesanal-de-rio-negro-continua-con-la-exposicion-de-sus-productos-en-toda-la-provincia\\\/\"},\"wordCount\":249,\"publisher\":{\"@id\":\"https:\\\/\\\/patagoniambiental.com.ar\\\/info\\\/#organization\"},\"articleSection\":[\"Noticias\"],\"inLanguage\":\"es\"},{\"@type\":\"WebPage\",\"@id\":\"https:\\\/\\\/patagoniambiental.com.ar\\\/info\\\/el-mercado-artesanal-de-rio-negro-continua-con-la-exposicion-de-sus-productos-en-toda-la-provincia\\\/\",\"url\":\"https:\\\/\\\/patagoniambiental.com.ar\\\/info\\\/el-mercado-artesanal-de-rio-negro-continua-con-la-exposicion-de-sus-productos-en-toda-la-provincia\\\/\",\"name\":\"El Mercado Artesanal de R\u00edo Negro contin\u00faa con la exposici\u00f3n de sus productos en toda la provincia\",\"isPartOf\":{\"@id\":\"https:\\\/\\\/patagoniambiental.com.ar\\\/info\\\/#website\"},\"datePublished\":\"2016-02-12T12:00:22+00:00\",\"breadcrumb\":{\"@id\":\"https:\\\/\\\/patagoniambiental.com.ar\\\/info\\\/el-mercado-artesanal-de-rio-negro-continua-con-la-exposicion-de-sus-productos-en-toda-la-provincia\\\/#breadcrumb\"},\"inLanguage\":\"es\",\"potentialAction\":[{\"@type\":\"ReadAction\",\"target\":[\"https:\\\/\\\/patagoniambiental.com.ar\\\/info\\\/el-mercado-artesanal-de-rio-negro-continua-con-la-exposicion-de-sus-productos-en-toda-la-provincia\\\/\"]}]},{\"@type\":\"BreadcrumbList\",\"@id\":\"https:\\\/\\\/patagoniambiental.com.ar\\\/info\\\/el-mercado-artesanal-de-rio-negro-continua-con-la-exposicion-de-sus-productos-en-toda-la-provincia\\\/#breadcrumb\",\"itemListElement\":[{\"@type\":\"ListItem\",\"position\":1,\"name\":\"Inicio\",\"item\":\"https:\\\/\\\/patagoniambiental.com.ar\\\/info\\\/\"},{\"@type\":\"ListItem\",\"position\":2,\"name\":\"El Mercado Artesanal de R\u00edo Negro contin\u00faa con la exposici\u00f3n de sus productos en toda la provincia\"}]},{\"@type\":\"WebSite\",\"@id\":\"https:\\\/\\\/patagoniambiental.com.ar\\\/info\\\/#website\",\"url\":\"https:\\\/\\\/patagoniambiental.com.ar\\\/info\\\/\",\"name\":\"Patagonia Ambiental\",\"description\":\"Monitoreo y an\u00e1lisis de la situaci\u00f3n geopol\u00edtica en el mundo y su implicancia en la Patagonia\",\"publisher\":{\"@id\":\"https:\\\/\\\/patagoniambiental.com.ar\\\/info\\\/#organization\"},\"potentialAction\":[{\"@type\":\"SearchAction\",\"target\":{\"@type\":\"EntryPoint\",\"urlTemplate\":\"https:\\\/\\\/patagoniambiental.com.ar\\\/info\\\/?s={search_term_string}\"},\"query-input\":{\"@type\":\"PropertyValueSpecification\",\"valueRequired\":true,\"valueName\":\"search_term_string\"}}],\"inLanguage\":\"es\"},{\"@type\":\"Organization\",\"@id\":\"https:\\\/\\\/patagoniambiental.com.ar\\\/info\\\/#organization\",\"name\":\"Patagonia Ambiental\",\"url\":\"https:\\\/\\\/patagoniambiental.com.ar\\\/info\\\/\",\"logo\":{\"@type\":\"ImageObject\",\"inLanguage\":\"es\",\"@id\":\"https:\\\/\\\/patagoniambiental.com.ar\\\/info\\\/#\\\/schema\\\/logo\\\/image\\\/\",\"url\":\"https:\\\/\\\/patagoniambiental.com.ar\\\/info\\\/wp-content\\\/uploads\\\/2025\\\/05\\\/LOGO-PATAGONIA-AMBIENTAL.png\",\"contentUrl\":\"https:\\\/\\\/patagoniambiental.com.ar\\\/info\\\/wp-content\\\/uploads\\\/2025\\\/05\\\/LOGO-PATAGONIA-AMBIENTAL.png\",\"width\":433,\"height\":250,\"caption\":\"Patagonia Ambiental\"},\"image\":{\"@id\":\"https:\\\/\\\/patagoniambiental.com.ar\\\/info\\\/#\\\/schema\\\/logo\\\/image\\\/\"},\"sameAs\":[\"https:\\\/\\\/www.facebook.com\\\/patagonia.ambiental\",\"https:\\\/\\\/x.com\\\/PatAmb\"]},{\"@type\":\"Person\",\"@id\":\"https:\\\/\\\/patagoniambiental.com.ar\\\/info\\\/#\\\/schema\\\/person\\\/db12bff64bbcbf6a253710bf0ea37b5d\",\"name\":\"Patagonia Ambiental\",\"description\":\"Andr\u00e9s Nievas T\u00e9cnico en manejo ambiental, consultor Ambiental y escritor para medios locales e internacionales sobre temas de geopolitica y medio ambiente.\",\"sameAs\":[\"http:\\\/\\\/www.patagoniambiental.com.ar\",\"https:\\\/\\\/www.facebook.com\\\/share\\\/1C1V8Gv9BX\\\/?mibextid=qi2Omg\",\"@patagoniambiental\",\"https:\\\/\\\/youtube.com\\\/@patagoniaambiental2023?si=BLt58t0wuXquxlYZ\"]}]}<\/script>\n<!-- \/ Yoast SEO Premium plugin. -->","yoast_head_json":{"title":"El Mercado Artesanal de R\u00edo Negro contin\u00faa con la exposici\u00f3n de sus productos en toda la provincia","robots":{"index":"index","follow":"follow","max-snippet":"max-snippet:-1","max-image-preview":"max-image-preview:large","max-video-preview":"max-video-preview:-1"},"canonical":"https:\/\/patagoniambiental.com.ar\/info\/el-mercado-artesanal-de-rio-negro-continua-con-la-exposicion-de-sus-productos-en-toda-la-provincia\/","og_locale":"es_ES","og_type":"article","og_title":"El Mercado Artesanal de R\u00edo Negro contin\u00faa con la exposici\u00f3n de sus productos en toda la provincia","og_description":"El Mercado Artesanal contin\u00faa con la exposici\u00f3n y venta deproductos regionales de artesanos rionegrinos. La Zona Atl\u00e1ntica, el Alto Valle [&hellip;]","og_url":"https:\/\/patagoniambiental.com.ar\/info\/el-mercado-artesanal-de-rio-negro-continua-con-la-exposicion-de-sus-productos-en-toda-la-provincia\/","og_site_name":"Patagonia Ambiental","article_publisher":"https:\/\/www.facebook.com\/patagonia.ambiental","article_author":"https:\/\/www.facebook.com\/share\/1C1V8Gv9BX\/?mibextid=qi2Omg","article_published_time":"2016-02-12T12:00:22+00:00","author":"Patagonia Ambiental","twitter_card":"summary_large_image","twitter_creator":"@PatAmb","twitter_site":"@PatAmb","schema":{"@context":"https:\/\/schema.org","@graph":[{"@type":"Article","@id":"https:\/\/patagoniambiental.com.ar\/info\/el-mercado-artesanal-de-rio-negro-continua-con-la-exposicion-de-sus-productos-en-toda-la-provincia\/#article","isPartOf":{"@id":"https:\/\/patagoniambiental.com.ar\/info\/el-mercado-artesanal-de-rio-negro-continua-con-la-exposicion-de-sus-productos-en-toda-la-provincia\/"},"author":{"name":"Patagonia Ambiental","@id":"https:\/\/patagoniambiental.com.ar\/info\/#\/schema\/person\/db12bff64bbcbf6a253710bf0ea37b5d"},"headline":"El Mercado Artesanal de R\u00edo Negro contin\u00faa con la exposici\u00f3n de sus productos en toda la provincia","datePublished":"2016-02-12T12:00:22+00:00","mainEntityOfPage":{"@id":"https:\/\/patagoniambiental.com.ar\/info\/el-mercado-artesanal-de-rio-negro-continua-con-la-exposicion-de-sus-productos-en-toda-la-provincia\/"},"wordCount":249,"publisher":{"@id":"https:\/\/patagoniambiental.com.ar\/info\/#organization"},"articleSection":["Noticias"],"inLanguage":"es"},{"@type":"WebPage","@id":"https:\/\/patagoniambiental.com.ar\/info\/el-mercado-artesanal-de-rio-negro-continua-con-la-exposicion-de-sus-productos-en-toda-la-provincia\/","url":"https:\/\/patagoniambiental.com.ar\/info\/el-mercado-artesanal-de-rio-negro-continua-con-la-exposicion-de-sus-productos-en-toda-la-provincia\/","name":"El Mercado Artesanal de R\u00edo Negro contin\u00faa con la exposici\u00f3n de sus productos en toda la provincia","isPartOf":{"@id":"https:\/\/patagoniambiental.com.ar\/info\/#website"},"datePublished":"2016-02-12T12:00:22+00:00","breadcrumb":{"@id":"https:\/\/patagoniambiental.com.ar\/info\/el-mercado-artesanal-de-rio-negro-continua-con-la-exposicion-de-sus-productos-en-toda-la-provincia\/#breadcrumb"},"inLanguage":"es","potentialAction":[{"@type":"ReadAction","target":["https:\/\/patagoniambiental.com.ar\/info\/el-mercado-artesanal-de-rio-negro-continua-con-la-exposicion-de-sus-productos-en-toda-la-provincia\/"]}]},{"@type":"BreadcrumbList","@id":"https:\/\/patagoniambiental.com.ar\/info\/el-mercado-artesanal-de-rio-negro-continua-con-la-exposicion-de-sus-productos-en-toda-la-provincia\/#breadcrumb","itemListElement":[{"@type":"ListItem","position":1,"name":"Inicio","item":"https:\/\/patagoniambiental.com.ar\/info\/"},{"@type":"ListItem","position":2,"name":"El Mercado Artesanal de R\u00edo Negro contin\u00faa con la exposici\u00f3n de sus productos en toda la provincia"}]},{"@type":"WebSite","@id":"https:\/\/patagoniambiental.com.ar\/info\/#website","url":"https:\/\/patagoniambiental.com.ar\/info\/","name":"Patagonia Ambiental","description":"Monitoreo y an\u00e1lisis de la situaci\u00f3n geopol\u00edtica en el mundo y su implicancia en la Patagonia","publisher":{"@id":"https:\/\/patagoniambiental.com.ar\/info\/#organization"},"potentialAction":[{"@type":"SearchAction","target":{"@type":"EntryPoint","urlTemplate":"https:\/\/patagoniambiental.com.ar\/info\/?s={search_term_string}"},"query-input":{"@type":"PropertyValueSpecification","valueRequired":true,"valueName":"search_term_string"}}],"inLanguage":"es"},{"@type":"Organization","@id":"https:\/\/patagoniambiental.com.ar\/info\/#organization","name":"Patagonia Ambiental","url":"https:\/\/patagoniambiental.com.ar\/info\/","logo":{"@type":"ImageObject","inLanguage":"es","@id":"https:\/\/patagoniambiental.com.ar\/info\/#\/schema\/logo\/image\/","url":"https:\/\/patagoniambiental.com.ar\/info\/wp-content\/uploads\/2025\/05\/LOGO-PATAGONIA-AMBIENTAL.png","contentUrl":"https:\/\/patagoniambiental.com.ar\/info\/wp-content\/uploads\/2025\/05\/LOGO-PATAGONIA-AMBIENTAL.png","width":433,"height":250,"caption":"Patagonia Ambiental"},"image":{"@id":"https:\/\/patagoniambiental.com.ar\/info\/#\/schema\/logo\/image\/"},"sameAs":["https:\/\/www.facebook.com\/patagonia.ambiental","https:\/\/x.com\/PatAmb"]},{"@type":"Person","@id":"https:\/\/patagoniambiental.com.ar\/info\/#\/schema\/person\/db12bff64bbcbf6a253710bf0ea37b5d","name":"Patagonia Ambiental","description":"Andr\u00e9s Nievas T\u00e9cnico en manejo ambiental, consultor Ambiental y escritor para medios locales e internacionales sobre temas de geopolitica y medio ambiente.","sameAs":["http:\/\/www.patagoniambiental.com.ar","https:\/\/www.facebook.com\/share\/1C1V8Gv9BX\/?mibextid=qi2Omg","@patagoniambiental","https:\/\/youtube.com\/@patagoniaambiental2023?si=BLt58t0wuXquxlYZ"]}]}},"_links":{"self":[{"href":"https:\/\/patagoniambiental.com.ar\/info\/wp-json\/wp\/v2\/posts\/16671","targetHints":{"allow":["GET"]}}],"collection":[{"href":"https:\/\/patagoniambiental.com.ar\/info\/wp-json\/wp\/v2\/posts"}],"about":[{"href":"https:\/\/patagoniambiental.com.ar\/info\/wp-json\/wp\/v2\/types\/post"}],"author":[{"embeddable":true,"href":"https:\/\/patagoniambiental.com.ar\/info\/wp-json\/wp\/v2\/users\/2"}],"replies":[{"embeddable":true,"href":"https:\/\/patagoniambiental.com.ar\/info\/wp-json\/wp\/v2\/comments?post=16671"}],"version-history":[{"count":0,"href":"https:\/\/patagoniambiental.com.ar\/info\/wp-json\/wp\/v2\/posts\/16671\/revisions"}],"wp:attachment":[{"href":"https:\/\/patagoniambiental.com.ar\/info\/wp-json\/wp\/v2\/media?parent=16671"}],"wp:term":[{"taxonomy":"category","embeddable":true,"href":"https:\/\/patagoniambiental.com.ar\/info\/wp-json\/wp\/v2\/categories?post=16671"},{"taxonomy":"post_tag","embeddable":true,"href":"https:\/\/patagoniambiental.com.ar\/info\/wp-json\/wp\/v2\/tags?post=16671"}],"curies":[{"name":"wp","href":"https:\/\/api.w.org\/{rel}","templated":true}]}}