{"id":16700,"date":"2016-02-15T09:00:35","date_gmt":"2016-02-15T12:00:35","guid":{"rendered":"http:\/\/patagoniambiental.com.ar\/?p=16700"},"modified":"2016-02-15T09:00:35","modified_gmt":"2016-02-15T12:00:35","slug":"senadora-neuquina-habla-con-nacion-por-el-fomento-de-las-energias-renovables","status":"publish","type":"post","link":"https:\/\/patagoniambiental.com.ar\/info\/senadora-neuquina-habla-con-nacion-por-el-fomento-de-las-energias-renovables\/","title":{"rendered":"Senadora neuquina habla con Naci\u00f3n por el fomento de las energ\u00edas renovables"},"content":{"rendered":"<div class=\"cuerpo\">\n<p>La senadora nacional Lucila Crexell se reuni\u00f3 con el ministro de Energ\u00eda y Miner\u00eda, Juan Aranguren, para tratar la reglamentaci\u00f3n de la norma que reforma la Ley 26.190 del R\u00e9gimen de Fomento Nacional para el Uso de Fuentes Renovables de Energ\u00eda.<\/p>\n<p>\u00abTratamos temas vinculados con la reglamentaci\u00f3n de la denominada &#8216;Ley Guinle&#8217;, que no s\u00f3lo apunta a promover los grandes desarrollos hidroel\u00e9ctricos sino tambi\u00e9n a viabilizar los peque\u00f1os y medianos aprovechamientos que pueden abastecer a comunidades del interior alejadas de los centros urbanos\u00bb, expres\u00f3 la senadora.<\/p>\n<p>\u00abCoincidimos con el ministro en la necesidad de avanzar en el fomento de fuentes de energ\u00edas renovables en Argentina para apuntalar la diversificaci\u00f3n de nuestra matriz energ\u00e9tica\u00bb, detall\u00f3 Crexell.<\/p>\n<p>Aranguren se mostr\u00f3 interesado en el contacto que mantuvo la senadora con representantes del gobierno de los Emiratos \u00c1rabes Unidos durante su visita a Abu Dhabi en el marco de la Semana de la Sostenibilidad.<\/p>\n<p>En tal sentido, Crexell expres\u00f3 que \u00abse abren muchas puertas de intercambio en materia tecnol\u00f3gica, de inversi\u00f3n y educativa, como por ejemplo la posibilidad de realizar convenios de cooperaci\u00f3n entre universidades nacionales y el instituto Masdar, que es la primera instituci\u00f3n de posgrado en el mundo dedicada a energ\u00edas renovables y tecnolog\u00edas sostenibles\u00bb.<\/p>\n<p>\u00abLa reuni\u00f3n fue muy productiva y vamos a seguir trabajando en conjunto para desarrollar y acompa\u00f1ar desde el Congreso todos los proyectos que se generen en este sentido\u00bb, concluy\u00f3.<\/p>\n<\/div>\n<div class=\"poll-nota\"><\/div>\n","protected":false},"excerpt":{"rendered":"<p>La senadora nacional Lucila Crexell se reuni\u00f3 con el ministro de Energ\u00eda y Miner\u00eda, Juan Aranguren, para tratar la reglamentaci\u00f3n [&hellip;]<\/p>\n","protected":false},"author":2,"featured_media":0,"comment_status":"closed","ping_status":"closed","sticky":false,"template":"","format":"standard","meta":{"site-sidebar-layout":"default","site-content-layout":"","ast-site-content-layout":"default","site-content-style":"default","site-sidebar-style":"default","ast-global-header-display":"","ast-banner-title-visibility":"","ast-main-header-display":"","ast-hfb-above-header-display":"","ast-hfb-below-header-display":"","ast-hfb-mobile-header-display":"","site-post-title":"","ast-breadcrumbs-content":"","ast-featured-img":"","footer-sml-layout":"","ast-disable-related-posts":"","theme-transparent-header-meta":"","adv-header-id-meta":"","stick-header-meta":"","header-above-stick-meta":"","header-main-stick-meta":"","header-below-stick-meta":"","astra-migrate-meta-layouts":"default","ast-page-background-enabled":"default","ast-page-background-meta":{"desktop":{"background-color":"var(--ast-global-color-5)","background-image":"","background-repeat":"repeat","background-position":"center center","background-size":"auto","background-attachment":"scroll","background-type":"","background-media":"","overlay-type":"","overlay-color":"","overlay-opacity":"","overlay-gradient":""},"tablet":{"background-color":"","background-image":"","background-repeat":"repeat","background-position":"center center","background-size":"auto","background-attachment":"scroll","background-type":"","background-media":"","overlay-type":"","overlay-color":"","overlay-opacity":"","overlay-gradient":""},"mobile":{"background-color":"","background-image":"","background-repeat":"repeat","background-position":"center center","background-size":"auto","background-attachment":"scroll","background-type":"","background-media":"","overlay-type":"","overlay-color":"","overlay-opacity":"","overlay-gradient":""}},"ast-content-background-meta":{"desktop":{"background-color":"var(--ast-global-color-4)","background-image":"","background-repeat":"repeat","background-position":"center center","background-size":"auto","background-attachment":"scroll","background-type":"","background-media":"","overlay-type":"","overlay-color":"","overlay-opacity":"","overlay-gradient":""},"tablet":{"background-color":"var(--ast-global-color-4)","background-image":"","background-repeat":"repeat","background-position":"center center","background-size":"auto","background-attachment":"scroll","background-type":"","background-media":"","overlay-type":"","overlay-color":"","overlay-opacity":"","overlay-gradient":""},"mobile":{"background-color":"var(--ast-global-color-4)","background-image":"","background-repeat":"repeat","background-position":"center center","background-size":"auto","background-attachment":"scroll","background-type":"","background-media":"","overlay-type":"","overlay-color":"","overlay-opacity":"","overlay-gradient":""}},"footnotes":""},"categories":[1],"tags":[],"class_list":["post-16700","post","type-post","status-publish","format-standard","hentry","category-noticias"],"yoast_head":"<!-- This site is optimized with the Yoast SEO Premium plugin v23.0 (Yoast SEO v27.5) - https:\/\/yoast.com\/product\/yoast-seo-premium-wordpress\/ -->\n<title>Senadora neuquina habla con Naci\u00f3n por el fomento de las energ\u00edas renovables<\/title>\n<meta name=\"robots\" content=\"index, follow, max-snippet:-1, max-image-preview:large, max-video-preview:-1\" \/>\n<link rel=\"canonical\" href=\"https:\/\/patagoniambiental.com.ar\/info\/senadora-neuquina-habla-con-nacion-por-el-fomento-de-las-energias-renovables\/\" \/>\n<meta property=\"og:locale\" content=\"es_ES\" \/>\n<meta property=\"og:type\" content=\"article\" \/>\n<meta property=\"og:title\" content=\"Senadora neuquina habla con Naci\u00f3n por el fomento de las energ\u00edas renovables\" \/>\n<meta property=\"og:description\" content=\"La senadora nacional Lucila Crexell se reuni\u00f3 con el ministro de Energ\u00eda y Miner\u00eda, Juan Aranguren, para tratar la reglamentaci\u00f3n [&hellip;]\" \/>\n<meta property=\"og:url\" content=\"https:\/\/patagoniambiental.com.ar\/info\/senadora-neuquina-habla-con-nacion-por-el-fomento-de-las-energias-renovables\/\" \/>\n<meta property=\"og:site_name\" content=\"Patagonia Ambiental\" \/>\n<meta property=\"article:publisher\" content=\"https:\/\/www.facebook.com\/patagonia.ambiental\" \/>\n<meta property=\"article:author\" content=\"https:\/\/www.facebook.com\/share\/1C1V8Gv9BX\/?mibextid=qi2Omg\" \/>\n<meta property=\"article:published_time\" content=\"2016-02-15T12:00:35+00:00\" \/>\n<meta name=\"author\" content=\"Patagonia Ambiental\" \/>\n<meta name=\"twitter:card\" content=\"summary_large_image\" \/>\n<meta name=\"twitter:creator\" content=\"@PatAmb\" \/>\n<meta name=\"twitter:site\" content=\"@PatAmb\" \/>\n<script type=\"application\/ld+json\" class=\"yoast-schema-graph\">{\"@context\":\"https:\\\/\\\/schema.org\",\"@graph\":[{\"@type\":\"Article\",\"@id\":\"https:\\\/\\\/patagoniambiental.com.ar\\\/info\\\/senadora-neuquina-habla-con-nacion-por-el-fomento-de-las-energias-renovables\\\/#article\",\"isPartOf\":{\"@id\":\"https:\\\/\\\/patagoniambiental.com.ar\\\/info\\\/senadora-neuquina-habla-con-nacion-por-el-fomento-de-las-energias-renovables\\\/\"},\"author\":{\"name\":\"Patagonia Ambiental\",\"@id\":\"https:\\\/\\\/patagoniambiental.com.ar\\\/info\\\/#\\\/schema\\\/person\\\/db12bff64bbcbf6a253710bf0ea37b5d\"},\"headline\":\"Senadora neuquina habla con Naci\u00f3n por el fomento de las energ\u00edas renovables\",\"datePublished\":\"2016-02-15T12:00:35+00:00\",\"mainEntityOfPage\":{\"@id\":\"https:\\\/\\\/patagoniambiental.com.ar\\\/info\\\/senadora-neuquina-habla-con-nacion-por-el-fomento-de-las-energias-renovables\\\/\"},\"wordCount\":266,\"publisher\":{\"@id\":\"https:\\\/\\\/patagoniambiental.com.ar\\\/info\\\/#organization\"},\"articleSection\":[\"Noticias\"],\"inLanguage\":\"es\"},{\"@type\":\"WebPage\",\"@id\":\"https:\\\/\\\/patagoniambiental.com.ar\\\/info\\\/senadora-neuquina-habla-con-nacion-por-el-fomento-de-las-energias-renovables\\\/\",\"url\":\"https:\\\/\\\/patagoniambiental.com.ar\\\/info\\\/senadora-neuquina-habla-con-nacion-por-el-fomento-de-las-energias-renovables\\\/\",\"name\":\"Senadora neuquina habla con Naci\u00f3n por el fomento de las energ\u00edas renovables\",\"isPartOf\":{\"@id\":\"https:\\\/\\\/patagoniambiental.com.ar\\\/info\\\/#website\"},\"datePublished\":\"2016-02-15T12:00:35+00:00\",\"breadcrumb\":{\"@id\":\"https:\\\/\\\/patagoniambiental.com.ar\\\/info\\\/senadora-neuquina-habla-con-nacion-por-el-fomento-de-las-energias-renovables\\\/#breadcrumb\"},\"inLanguage\":\"es\",\"potentialAction\":[{\"@type\":\"ReadAction\",\"target\":[\"https:\\\/\\\/patagoniambiental.com.ar\\\/info\\\/senadora-neuquina-habla-con-nacion-por-el-fomento-de-las-energias-renovables\\\/\"]}]},{\"@type\":\"BreadcrumbList\",\"@id\":\"https:\\\/\\\/patagoniambiental.com.ar\\\/info\\\/senadora-neuquina-habla-con-nacion-por-el-fomento-de-las-energias-renovables\\\/#breadcrumb\",\"itemListElement\":[{\"@type\":\"ListItem\",\"position\":1,\"name\":\"Inicio\",\"item\":\"https:\\\/\\\/patagoniambiental.com.ar\\\/info\\\/\"},{\"@type\":\"ListItem\",\"position\":2,\"name\":\"Senadora neuquina habla con Naci\u00f3n por el fomento de las energ\u00edas renovables\"}]},{\"@type\":\"WebSite\",\"@id\":\"https:\\\/\\\/patagoniambiental.com.ar\\\/info\\\/#website\",\"url\":\"https:\\\/\\\/patagoniambiental.com.ar\\\/info\\\/\",\"name\":\"Patagonia Ambiental\",\"description\":\"Monitoreo y an\u00e1lisis de la situaci\u00f3n geopol\u00edtica en el mundo y su implicancia en la Patagonia\",\"publisher\":{\"@id\":\"https:\\\/\\\/patagoniambiental.com.ar\\\/info\\\/#organization\"},\"potentialAction\":[{\"@type\":\"SearchAction\",\"target\":{\"@type\":\"EntryPoint\",\"urlTemplate\":\"https:\\\/\\\/patagoniambiental.com.ar\\\/info\\\/?s={search_term_string}\"},\"query-input\":{\"@type\":\"PropertyValueSpecification\",\"valueRequired\":true,\"valueName\":\"search_term_string\"}}],\"inLanguage\":\"es\"},{\"@type\":\"Organization\",\"@id\":\"https:\\\/\\\/patagoniambiental.com.ar\\\/info\\\/#organization\",\"name\":\"Patagonia Ambiental\",\"url\":\"https:\\\/\\\/patagoniambiental.com.ar\\\/info\\\/\",\"logo\":{\"@type\":\"ImageObject\",\"inLanguage\":\"es\",\"@id\":\"https:\\\/\\\/patagoniambiental.com.ar\\\/info\\\/#\\\/schema\\\/logo\\\/image\\\/\",\"url\":\"https:\\\/\\\/patagoniambiental.com.ar\\\/info\\\/wp-content\\\/uploads\\\/2025\\\/05\\\/LOGO-PATAGONIA-AMBIENTAL.png\",\"contentUrl\":\"https:\\\/\\\/patagoniambiental.com.ar\\\/info\\\/wp-content\\\/uploads\\\/2025\\\/05\\\/LOGO-PATAGONIA-AMBIENTAL.png\",\"width\":433,\"height\":250,\"caption\":\"Patagonia Ambiental\"},\"image\":{\"@id\":\"https:\\\/\\\/patagoniambiental.com.ar\\\/info\\\/#\\\/schema\\\/logo\\\/image\\\/\"},\"sameAs\":[\"https:\\\/\\\/www.facebook.com\\\/patagonia.ambiental\",\"https:\\\/\\\/x.com\\\/PatAmb\"]},{\"@type\":\"Person\",\"@id\":\"https:\\\/\\\/patagoniambiental.com.ar\\\/info\\\/#\\\/schema\\\/person\\\/db12bff64bbcbf6a253710bf0ea37b5d\",\"name\":\"Patagonia Ambiental\",\"description\":\"Andr\u00e9s Nievas T\u00e9cnico en manejo ambiental, consultor Ambiental y escritor para medios locales e internacionales sobre temas de geopolitica y medio ambiente.\",\"sameAs\":[\"http:\\\/\\\/www.patagoniambiental.com.ar\",\"https:\\\/\\\/www.facebook.com\\\/share\\\/1C1V8Gv9BX\\\/?mibextid=qi2Omg\",\"@patagoniambiental\",\"https:\\\/\\\/youtube.com\\\/@patagoniaambiental2023?si=BLt58t0wuXquxlYZ\"]}]}<\/script>\n<!-- \/ Yoast SEO Premium plugin. -->","yoast_head_json":{"title":"Senadora neuquina habla con Naci\u00f3n por el fomento de las energ\u00edas renovables","robots":{"index":"index","follow":"follow","max-snippet":"max-snippet:-1","max-image-preview":"max-image-preview:large","max-video-preview":"max-video-preview:-1"},"canonical":"https:\/\/patagoniambiental.com.ar\/info\/senadora-neuquina-habla-con-nacion-por-el-fomento-de-las-energias-renovables\/","og_locale":"es_ES","og_type":"article","og_title":"Senadora neuquina habla con Naci\u00f3n por el fomento de las energ\u00edas renovables","og_description":"La senadora nacional Lucila Crexell se reuni\u00f3 con el ministro de Energ\u00eda y Miner\u00eda, Juan Aranguren, para tratar la reglamentaci\u00f3n [&hellip;]","og_url":"https:\/\/patagoniambiental.com.ar\/info\/senadora-neuquina-habla-con-nacion-por-el-fomento-de-las-energias-renovables\/","og_site_name":"Patagonia Ambiental","article_publisher":"https:\/\/www.facebook.com\/patagonia.ambiental","article_author":"https:\/\/www.facebook.com\/share\/1C1V8Gv9BX\/?mibextid=qi2Omg","article_published_time":"2016-02-15T12:00:35+00:00","author":"Patagonia Ambiental","twitter_card":"summary_large_image","twitter_creator":"@PatAmb","twitter_site":"@PatAmb","schema":{"@context":"https:\/\/schema.org","@graph":[{"@type":"Article","@id":"https:\/\/patagoniambiental.com.ar\/info\/senadora-neuquina-habla-con-nacion-por-el-fomento-de-las-energias-renovables\/#article","isPartOf":{"@id":"https:\/\/patagoniambiental.com.ar\/info\/senadora-neuquina-habla-con-nacion-por-el-fomento-de-las-energias-renovables\/"},"author":{"name":"Patagonia Ambiental","@id":"https:\/\/patagoniambiental.com.ar\/info\/#\/schema\/person\/db12bff64bbcbf6a253710bf0ea37b5d"},"headline":"Senadora neuquina habla con Naci\u00f3n por el fomento de las energ\u00edas renovables","datePublished":"2016-02-15T12:00:35+00:00","mainEntityOfPage":{"@id":"https:\/\/patagoniambiental.com.ar\/info\/senadora-neuquina-habla-con-nacion-por-el-fomento-de-las-energias-renovables\/"},"wordCount":266,"publisher":{"@id":"https:\/\/patagoniambiental.com.ar\/info\/#organization"},"articleSection":["Noticias"],"inLanguage":"es"},{"@type":"WebPage","@id":"https:\/\/patagoniambiental.com.ar\/info\/senadora-neuquina-habla-con-nacion-por-el-fomento-de-las-energias-renovables\/","url":"https:\/\/patagoniambiental.com.ar\/info\/senadora-neuquina-habla-con-nacion-por-el-fomento-de-las-energias-renovables\/","name":"Senadora neuquina habla con Naci\u00f3n por el fomento de las energ\u00edas renovables","isPartOf":{"@id":"https:\/\/patagoniambiental.com.ar\/info\/#website"},"datePublished":"2016-02-15T12:00:35+00:00","breadcrumb":{"@id":"https:\/\/patagoniambiental.com.ar\/info\/senadora-neuquina-habla-con-nacion-por-el-fomento-de-las-energias-renovables\/#breadcrumb"},"inLanguage":"es","potentialAction":[{"@type":"ReadAction","target":["https:\/\/patagoniambiental.com.ar\/info\/senadora-neuquina-habla-con-nacion-por-el-fomento-de-las-energias-renovables\/"]}]},{"@type":"BreadcrumbList","@id":"https:\/\/patagoniambiental.com.ar\/info\/senadora-neuquina-habla-con-nacion-por-el-fomento-de-las-energias-renovables\/#breadcrumb","itemListElement":[{"@type":"ListItem","position":1,"name":"Inicio","item":"https:\/\/patagoniambiental.com.ar\/info\/"},{"@type":"ListItem","position":2,"name":"Senadora neuquina habla con Naci\u00f3n por el fomento de las energ\u00edas renovables"}]},{"@type":"WebSite","@id":"https:\/\/patagoniambiental.com.ar\/info\/#website","url":"https:\/\/patagoniambiental.com.ar\/info\/","name":"Patagonia Ambiental","description":"Monitoreo y an\u00e1lisis de la situaci\u00f3n geopol\u00edtica en el mundo y su implicancia en la Patagonia","publisher":{"@id":"https:\/\/patagoniambiental.com.ar\/info\/#organization"},"potentialAction":[{"@type":"SearchAction","target":{"@type":"EntryPoint","urlTemplate":"https:\/\/patagoniambiental.com.ar\/info\/?s={search_term_string}"},"query-input":{"@type":"PropertyValueSpecification","valueRequired":true,"valueName":"search_term_string"}}],"inLanguage":"es"},{"@type":"Organization","@id":"https:\/\/patagoniambiental.com.ar\/info\/#organization","name":"Patagonia Ambiental","url":"https:\/\/patagoniambiental.com.ar\/info\/","logo":{"@type":"ImageObject","inLanguage":"es","@id":"https:\/\/patagoniambiental.com.ar\/info\/#\/schema\/logo\/image\/","url":"https:\/\/patagoniambiental.com.ar\/info\/wp-content\/uploads\/2025\/05\/LOGO-PATAGONIA-AMBIENTAL.png","contentUrl":"https:\/\/patagoniambiental.com.ar\/info\/wp-content\/uploads\/2025\/05\/LOGO-PATAGONIA-AMBIENTAL.png","width":433,"height":250,"caption":"Patagonia Ambiental"},"image":{"@id":"https:\/\/patagoniambiental.com.ar\/info\/#\/schema\/logo\/image\/"},"sameAs":["https:\/\/www.facebook.com\/patagonia.ambiental","https:\/\/x.com\/PatAmb"]},{"@type":"Person","@id":"https:\/\/patagoniambiental.com.ar\/info\/#\/schema\/person\/db12bff64bbcbf6a253710bf0ea37b5d","name":"Patagonia Ambiental","description":"Andr\u00e9s Nievas T\u00e9cnico en manejo ambiental, consultor Ambiental y escritor para medios locales e internacionales sobre temas de geopolitica y medio ambiente.","sameAs":["http:\/\/www.patagoniambiental.com.ar","https:\/\/www.facebook.com\/share\/1C1V8Gv9BX\/?mibextid=qi2Omg","@patagoniambiental","https:\/\/youtube.com\/@patagoniaambiental2023?si=BLt58t0wuXquxlYZ"]}]}},"_links":{"self":[{"href":"https:\/\/patagoniambiental.com.ar\/info\/wp-json\/wp\/v2\/posts\/16700","targetHints":{"allow":["GET"]}}],"collection":[{"href":"https:\/\/patagoniambiental.com.ar\/info\/wp-json\/wp\/v2\/posts"}],"about":[{"href":"https:\/\/patagoniambiental.com.ar\/info\/wp-json\/wp\/v2\/types\/post"}],"author":[{"embeddable":true,"href":"https:\/\/patagoniambiental.com.ar\/info\/wp-json\/wp\/v2\/users\/2"}],"replies":[{"embeddable":true,"href":"https:\/\/patagoniambiental.com.ar\/info\/wp-json\/wp\/v2\/comments?post=16700"}],"version-history":[{"count":0,"href":"https:\/\/patagoniambiental.com.ar\/info\/wp-json\/wp\/v2\/posts\/16700\/revisions"}],"wp:attachment":[{"href":"https:\/\/patagoniambiental.com.ar\/info\/wp-json\/wp\/v2\/media?parent=16700"}],"wp:term":[{"taxonomy":"category","embeddable":true,"href":"https:\/\/patagoniambiental.com.ar\/info\/wp-json\/wp\/v2\/categories?post=16700"},{"taxonomy":"post_tag","embeddable":true,"href":"https:\/\/patagoniambiental.com.ar\/info\/wp-json\/wp\/v2\/tags?post=16700"}],"curies":[{"name":"wp","href":"https:\/\/api.w.org\/{rel}","templated":true}]}}