{"id":16714,"date":"2016-02-16T09:00:56","date_gmt":"2016-02-16T12:00:56","guid":{"rendered":"http:\/\/patagoniambiental.com.ar\/?p=16714"},"modified":"2016-02-16T09:00:56","modified_gmt":"2016-02-16T12:00:56","slug":"china-adelanta-a-europa-como-lider-mundial-en-eolica","status":"publish","type":"post","link":"https:\/\/patagoniambiental.com.ar\/info\/china-adelanta-a-europa-como-lider-mundial-en-eolica\/","title":{"rendered":"China adelanta a Europa como l\u00edder mundial en e\u00f3lica"},"content":{"rendered":"<div class=\"itemIntroText\">\n<p>Nada menos que 30.500 nuevos megavatios e\u00f3licos en un a\u00f1o. Eso es lo que ha instalado China en 2015, m\u00e1s que Espa\u00f1a en toda su historia (22.988 MW). Como consecuencia, el gigante asi\u00e1tico ha superado a Europa en potencia instalada e\u00f3lica \u2013145.100 MW frente a 141.600 MW\u2013, arrebat\u00e1ndole el liderazgo mundial, seg\u00fan los datos del Global Wind Energy Council (GWEC), difundidos hoy.<\/p>\n<\/div>\n<div class=\"itemFullText\">\n<p>En total, se han instalado 63.013 MW e\u00f3licos en el mundo en 2015, lo que supone un aumento del 17% de la potencia acumulada, que alcanza los 432.419 MW.<\/p>\n<p>Con 2.623 nuevos megavatios instalados y un total de 25.088 MW, India ha superado a Espa\u00f1a como el cuarto pa\u00eds del mundo en potencia instalada, por detr\u00e1s de China, Estados Unidos y Alemania. Nuestro pa\u00eds, con 0 MW instalados en 2015 como consecuencia de la inseguridad jur\u00eddica sobrevenida tras la Reforma Energ\u00e9tica, pasa a la quinta posici\u00f3n.<\/p>\n<p>En Asia, tambi\u00e9n Jap\u00f3n, Corea del Sur y Taiwan han sumado nueva potencia. En Europa, con 6.013 nuevos megavatios, Alemania acapar\u00f3 casi la mitad (el 47%) de la potencia instalada en el a\u00f1o, seguida por Polonia (1.300 MW), Francia (1.000 MW) y Reino Unido (975 MW).<\/p>\n<p>En el continente americano, Estados Unidos ha instalado m\u00e1s de 5.000 MW, hasta 74.471 MW. M\u00e9xico se anot\u00f3 714 MW y termin\u00f3 el a\u00f1o con 3.073 MW. A pesar de sus problemas econ\u00f3micos y pol\u00edticos, Brasil instal\u00f3 2.754 MW, y su potencia acumulada llega a 8.700 MW. Uruguay dio un paso gigante hacia su objetivo de energ\u00eda 100% renovable con 316 MW instalados en 2015, y una potencia acumulada de 845 MW. Tambi\u00e9n se instal\u00f3 nueva potencia e\u00f3lica en Panam\u00e1, Chile, Costa Rica, Honduras, Guatemala y Argentina.<\/p>\n<p>La zona de Oriente Medio y \u00c1frica estuvo encabezada por los 483 MW instalados en Sud\u00e1frica en 2015. Jordania instal\u00f3 su primer parque e\u00f3lico y Etiop\u00eda suma una nueva planta, con lo que la regi\u00f3n alcanz\u00f3 los 3.289 MW e\u00f3licos. Australia ha instalado 380 MW nuevos que hacen que la suma total de potencia acumulada supere los 4.000 MW.<\/p>\n<p>\u00abLa energ\u00eda e\u00f3lica est\u00e1 liderando la transici\u00f3n desde los combustibles f\u00f3siles\u00bb, ha indicado Steve Sawyer, secretario general de GWEC. \u00abEn 2015, la energ\u00eda e\u00f3lica fue la tecnolog\u00eda m\u00e1s instalada, tanto en Europa como en Estados Unidos. Estamos viendo nuevos mercados que se abren en \u00c1frica, Asia y Am\u00e9rica Latina, que se convertir\u00e1n en los l\u00edderes del mercado de la pr\u00f3xima d\u00e9cada\u00bb.<\/p>\n<\/div>\n","protected":false},"excerpt":{"rendered":"<p>Nada menos que 30.500 nuevos megavatios e\u00f3licos en un a\u00f1o. Eso es lo que ha instalado China en 2015, m\u00e1s [&hellip;]<\/p>\n","protected":false},"author":2,"featured_media":0,"comment_status":"closed","ping_status":"closed","sticky":false,"template":"","format":"standard","meta":{"site-sidebar-layout":"default","site-content-layout":"","ast-site-content-layout":"default","site-content-style":"default","site-sidebar-style":"default","ast-global-header-display":"","ast-banner-title-visibility":"","ast-main-header-display":"","ast-hfb-above-header-display":"","ast-hfb-below-header-display":"","ast-hfb-mobile-header-display":"","site-post-title":"","ast-breadcrumbs-content":"","ast-featured-img":"","footer-sml-layout":"","ast-disable-related-posts":"","theme-transparent-header-meta":"","adv-header-id-meta":"","stick-header-meta":"","header-above-stick-meta":"","header-main-stick-meta":"","header-below-stick-meta":"","astra-migrate-meta-layouts":"default","ast-page-background-enabled":"default","ast-page-background-meta":{"desktop":{"background-color":"var(--ast-global-color-5)","background-image":"","background-repeat":"repeat","background-position":"center center","background-size":"auto","background-attachment":"scroll","background-type":"","background-media":"","overlay-type":"","overlay-color":"","overlay-opacity":"","overlay-gradient":""},"tablet":{"background-color":"","background-image":"","background-repeat":"repeat","background-position":"center center","background-size":"auto","background-attachment":"scroll","background-type":"","background-media":"","overlay-type":"","overlay-color":"","overlay-opacity":"","overlay-gradient":""},"mobile":{"background-color":"","background-image":"","background-repeat":"repeat","background-position":"center center","background-size":"auto","background-attachment":"scroll","background-type":"","background-media":"","overlay-type":"","overlay-color":"","overlay-opacity":"","overlay-gradient":""}},"ast-content-background-meta":{"desktop":{"background-color":"var(--ast-global-color-4)","background-image":"","background-repeat":"repeat","background-position":"center center","background-size":"auto","background-attachment":"scroll","background-type":"","background-media":"","overlay-type":"","overlay-color":"","overlay-opacity":"","overlay-gradient":""},"tablet":{"background-color":"var(--ast-global-color-4)","background-image":"","background-repeat":"repeat","background-position":"center center","background-size":"auto","background-attachment":"scroll","background-type":"","background-media":"","overlay-type":"","overlay-color":"","overlay-opacity":"","overlay-gradient":""},"mobile":{"background-color":"var(--ast-global-color-4)","background-image":"","background-repeat":"repeat","background-position":"center center","background-size":"auto","background-attachment":"scroll","background-type":"","background-media":"","overlay-type":"","overlay-color":"","overlay-opacity":"","overlay-gradient":""}},"footnotes":""},"categories":[1],"tags":[],"class_list":["post-16714","post","type-post","status-publish","format-standard","hentry","category-noticias"],"yoast_head":"<!-- This site is optimized with the Yoast SEO Premium plugin v23.0 (Yoast SEO v27.5) - https:\/\/yoast.com\/product\/yoast-seo-premium-wordpress\/ -->\n<title>China adelanta a Europa como l\u00edder mundial en e\u00f3lica<\/title>\n<meta name=\"robots\" content=\"index, follow, max-snippet:-1, max-image-preview:large, max-video-preview:-1\" \/>\n<link rel=\"canonical\" href=\"https:\/\/patagoniambiental.com.ar\/info\/china-adelanta-a-europa-como-lider-mundial-en-eolica\/\" \/>\n<meta property=\"og:locale\" content=\"es_ES\" \/>\n<meta property=\"og:type\" content=\"article\" \/>\n<meta property=\"og:title\" content=\"China adelanta a Europa como l\u00edder mundial en e\u00f3lica\" \/>\n<meta property=\"og:description\" content=\"Nada menos que 30.500 nuevos megavatios e\u00f3licos en un a\u00f1o. Eso es lo que ha instalado China en 2015, m\u00e1s [&hellip;]\" \/>\n<meta property=\"og:url\" content=\"https:\/\/patagoniambiental.com.ar\/info\/china-adelanta-a-europa-como-lider-mundial-en-eolica\/\" \/>\n<meta property=\"og:site_name\" content=\"Patagonia Ambiental\" \/>\n<meta property=\"article:publisher\" content=\"https:\/\/www.facebook.com\/patagonia.ambiental\" \/>\n<meta property=\"article:author\" content=\"https:\/\/www.facebook.com\/share\/1C1V8Gv9BX\/?mibextid=qi2Omg\" \/>\n<meta property=\"article:published_time\" content=\"2016-02-16T12:00:56+00:00\" \/>\n<meta name=\"author\" content=\"Patagonia Ambiental\" \/>\n<meta name=\"twitter:card\" content=\"summary_large_image\" \/>\n<meta name=\"twitter:creator\" content=\"@PatAmb\" \/>\n<meta name=\"twitter:site\" content=\"@PatAmb\" \/>\n<script type=\"application\/ld+json\" class=\"yoast-schema-graph\">{\"@context\":\"https:\\\/\\\/schema.org\",\"@graph\":[{\"@type\":\"Article\",\"@id\":\"https:\\\/\\\/patagoniambiental.com.ar\\\/info\\\/china-adelanta-a-europa-como-lider-mundial-en-eolica\\\/#article\",\"isPartOf\":{\"@id\":\"https:\\\/\\\/patagoniambiental.com.ar\\\/info\\\/china-adelanta-a-europa-como-lider-mundial-en-eolica\\\/\"},\"author\":{\"name\":\"Patagonia Ambiental\",\"@id\":\"https:\\\/\\\/patagoniambiental.com.ar\\\/info\\\/#\\\/schema\\\/person\\\/db12bff64bbcbf6a253710bf0ea37b5d\"},\"headline\":\"China adelanta a Europa como l\u00edder mundial en e\u00f3lica\",\"datePublished\":\"2016-02-16T12:00:56+00:00\",\"mainEntityOfPage\":{\"@id\":\"https:\\\/\\\/patagoniambiental.com.ar\\\/info\\\/china-adelanta-a-europa-como-lider-mundial-en-eolica\\\/\"},\"wordCount\":423,\"publisher\":{\"@id\":\"https:\\\/\\\/patagoniambiental.com.ar\\\/info\\\/#organization\"},\"articleSection\":[\"Noticias\"],\"inLanguage\":\"es\"},{\"@type\":\"WebPage\",\"@id\":\"https:\\\/\\\/patagoniambiental.com.ar\\\/info\\\/china-adelanta-a-europa-como-lider-mundial-en-eolica\\\/\",\"url\":\"https:\\\/\\\/patagoniambiental.com.ar\\\/info\\\/china-adelanta-a-europa-como-lider-mundial-en-eolica\\\/\",\"name\":\"China adelanta a Europa como l\u00edder mundial en e\u00f3lica\",\"isPartOf\":{\"@id\":\"https:\\\/\\\/patagoniambiental.com.ar\\\/info\\\/#website\"},\"datePublished\":\"2016-02-16T12:00:56+00:00\",\"breadcrumb\":{\"@id\":\"https:\\\/\\\/patagoniambiental.com.ar\\\/info\\\/china-adelanta-a-europa-como-lider-mundial-en-eolica\\\/#breadcrumb\"},\"inLanguage\":\"es\",\"potentialAction\":[{\"@type\":\"ReadAction\",\"target\":[\"https:\\\/\\\/patagoniambiental.com.ar\\\/info\\\/china-adelanta-a-europa-como-lider-mundial-en-eolica\\\/\"]}]},{\"@type\":\"BreadcrumbList\",\"@id\":\"https:\\\/\\\/patagoniambiental.com.ar\\\/info\\\/china-adelanta-a-europa-como-lider-mundial-en-eolica\\\/#breadcrumb\",\"itemListElement\":[{\"@type\":\"ListItem\",\"position\":1,\"name\":\"Inicio\",\"item\":\"https:\\\/\\\/patagoniambiental.com.ar\\\/info\\\/\"},{\"@type\":\"ListItem\",\"position\":2,\"name\":\"China adelanta a Europa como l\u00edder mundial en e\u00f3lica\"}]},{\"@type\":\"WebSite\",\"@id\":\"https:\\\/\\\/patagoniambiental.com.ar\\\/info\\\/#website\",\"url\":\"https:\\\/\\\/patagoniambiental.com.ar\\\/info\\\/\",\"name\":\"Patagonia Ambiental\",\"description\":\"Monitoreo y an\u00e1lisis de la situaci\u00f3n geopol\u00edtica en el mundo y su implicancia en la Patagonia\",\"publisher\":{\"@id\":\"https:\\\/\\\/patagoniambiental.com.ar\\\/info\\\/#organization\"},\"potentialAction\":[{\"@type\":\"SearchAction\",\"target\":{\"@type\":\"EntryPoint\",\"urlTemplate\":\"https:\\\/\\\/patagoniambiental.com.ar\\\/info\\\/?s={search_term_string}\"},\"query-input\":{\"@type\":\"PropertyValueSpecification\",\"valueRequired\":true,\"valueName\":\"search_term_string\"}}],\"inLanguage\":\"es\"},{\"@type\":\"Organization\",\"@id\":\"https:\\\/\\\/patagoniambiental.com.ar\\\/info\\\/#organization\",\"name\":\"Patagonia Ambiental\",\"url\":\"https:\\\/\\\/patagoniambiental.com.ar\\\/info\\\/\",\"logo\":{\"@type\":\"ImageObject\",\"inLanguage\":\"es\",\"@id\":\"https:\\\/\\\/patagoniambiental.com.ar\\\/info\\\/#\\\/schema\\\/logo\\\/image\\\/\",\"url\":\"https:\\\/\\\/patagoniambiental.com.ar\\\/info\\\/wp-content\\\/uploads\\\/2025\\\/05\\\/LOGO-PATAGONIA-AMBIENTAL.png\",\"contentUrl\":\"https:\\\/\\\/patagoniambiental.com.ar\\\/info\\\/wp-content\\\/uploads\\\/2025\\\/05\\\/LOGO-PATAGONIA-AMBIENTAL.png\",\"width\":433,\"height\":250,\"caption\":\"Patagonia Ambiental\"},\"image\":{\"@id\":\"https:\\\/\\\/patagoniambiental.com.ar\\\/info\\\/#\\\/schema\\\/logo\\\/image\\\/\"},\"sameAs\":[\"https:\\\/\\\/www.facebook.com\\\/patagonia.ambiental\",\"https:\\\/\\\/x.com\\\/PatAmb\"]},{\"@type\":\"Person\",\"@id\":\"https:\\\/\\\/patagoniambiental.com.ar\\\/info\\\/#\\\/schema\\\/person\\\/db12bff64bbcbf6a253710bf0ea37b5d\",\"name\":\"Patagonia Ambiental\",\"description\":\"Andr\u00e9s Nievas T\u00e9cnico en manejo ambiental, consultor Ambiental y escritor para medios locales e internacionales sobre temas de geopolitica y medio ambiente.\",\"sameAs\":[\"http:\\\/\\\/www.patagoniambiental.com.ar\",\"https:\\\/\\\/www.facebook.com\\\/share\\\/1C1V8Gv9BX\\\/?mibextid=qi2Omg\",\"@patagoniambiental\",\"https:\\\/\\\/youtube.com\\\/@patagoniaambiental2023?si=BLt58t0wuXquxlYZ\"]}]}<\/script>\n<!-- \/ Yoast SEO Premium plugin. -->","yoast_head_json":{"title":"China adelanta a Europa como l\u00edder mundial en e\u00f3lica","robots":{"index":"index","follow":"follow","max-snippet":"max-snippet:-1","max-image-preview":"max-image-preview:large","max-video-preview":"max-video-preview:-1"},"canonical":"https:\/\/patagoniambiental.com.ar\/info\/china-adelanta-a-europa-como-lider-mundial-en-eolica\/","og_locale":"es_ES","og_type":"article","og_title":"China adelanta a Europa como l\u00edder mundial en e\u00f3lica","og_description":"Nada menos que 30.500 nuevos megavatios e\u00f3licos en un a\u00f1o. Eso es lo que ha instalado China en 2015, m\u00e1s [&hellip;]","og_url":"https:\/\/patagoniambiental.com.ar\/info\/china-adelanta-a-europa-como-lider-mundial-en-eolica\/","og_site_name":"Patagonia Ambiental","article_publisher":"https:\/\/www.facebook.com\/patagonia.ambiental","article_author":"https:\/\/www.facebook.com\/share\/1C1V8Gv9BX\/?mibextid=qi2Omg","article_published_time":"2016-02-16T12:00:56+00:00","author":"Patagonia Ambiental","twitter_card":"summary_large_image","twitter_creator":"@PatAmb","twitter_site":"@PatAmb","schema":{"@context":"https:\/\/schema.org","@graph":[{"@type":"Article","@id":"https:\/\/patagoniambiental.com.ar\/info\/china-adelanta-a-europa-como-lider-mundial-en-eolica\/#article","isPartOf":{"@id":"https:\/\/patagoniambiental.com.ar\/info\/china-adelanta-a-europa-como-lider-mundial-en-eolica\/"},"author":{"name":"Patagonia Ambiental","@id":"https:\/\/patagoniambiental.com.ar\/info\/#\/schema\/person\/db12bff64bbcbf6a253710bf0ea37b5d"},"headline":"China adelanta a Europa como l\u00edder mundial en e\u00f3lica","datePublished":"2016-02-16T12:00:56+00:00","mainEntityOfPage":{"@id":"https:\/\/patagoniambiental.com.ar\/info\/china-adelanta-a-europa-como-lider-mundial-en-eolica\/"},"wordCount":423,"publisher":{"@id":"https:\/\/patagoniambiental.com.ar\/info\/#organization"},"articleSection":["Noticias"],"inLanguage":"es"},{"@type":"WebPage","@id":"https:\/\/patagoniambiental.com.ar\/info\/china-adelanta-a-europa-como-lider-mundial-en-eolica\/","url":"https:\/\/patagoniambiental.com.ar\/info\/china-adelanta-a-europa-como-lider-mundial-en-eolica\/","name":"China adelanta a Europa como l\u00edder mundial en e\u00f3lica","isPartOf":{"@id":"https:\/\/patagoniambiental.com.ar\/info\/#website"},"datePublished":"2016-02-16T12:00:56+00:00","breadcrumb":{"@id":"https:\/\/patagoniambiental.com.ar\/info\/china-adelanta-a-europa-como-lider-mundial-en-eolica\/#breadcrumb"},"inLanguage":"es","potentialAction":[{"@type":"ReadAction","target":["https:\/\/patagoniambiental.com.ar\/info\/china-adelanta-a-europa-como-lider-mundial-en-eolica\/"]}]},{"@type":"BreadcrumbList","@id":"https:\/\/patagoniambiental.com.ar\/info\/china-adelanta-a-europa-como-lider-mundial-en-eolica\/#breadcrumb","itemListElement":[{"@type":"ListItem","position":1,"name":"Inicio","item":"https:\/\/patagoniambiental.com.ar\/info\/"},{"@type":"ListItem","position":2,"name":"China adelanta a Europa como l\u00edder mundial en e\u00f3lica"}]},{"@type":"WebSite","@id":"https:\/\/patagoniambiental.com.ar\/info\/#website","url":"https:\/\/patagoniambiental.com.ar\/info\/","name":"Patagonia Ambiental","description":"Monitoreo y an\u00e1lisis de la situaci\u00f3n geopol\u00edtica en el mundo y su implicancia en la Patagonia","publisher":{"@id":"https:\/\/patagoniambiental.com.ar\/info\/#organization"},"potentialAction":[{"@type":"SearchAction","target":{"@type":"EntryPoint","urlTemplate":"https:\/\/patagoniambiental.com.ar\/info\/?s={search_term_string}"},"query-input":{"@type":"PropertyValueSpecification","valueRequired":true,"valueName":"search_term_string"}}],"inLanguage":"es"},{"@type":"Organization","@id":"https:\/\/patagoniambiental.com.ar\/info\/#organization","name":"Patagonia Ambiental","url":"https:\/\/patagoniambiental.com.ar\/info\/","logo":{"@type":"ImageObject","inLanguage":"es","@id":"https:\/\/patagoniambiental.com.ar\/info\/#\/schema\/logo\/image\/","url":"https:\/\/patagoniambiental.com.ar\/info\/wp-content\/uploads\/2025\/05\/LOGO-PATAGONIA-AMBIENTAL.png","contentUrl":"https:\/\/patagoniambiental.com.ar\/info\/wp-content\/uploads\/2025\/05\/LOGO-PATAGONIA-AMBIENTAL.png","width":433,"height":250,"caption":"Patagonia Ambiental"},"image":{"@id":"https:\/\/patagoniambiental.com.ar\/info\/#\/schema\/logo\/image\/"},"sameAs":["https:\/\/www.facebook.com\/patagonia.ambiental","https:\/\/x.com\/PatAmb"]},{"@type":"Person","@id":"https:\/\/patagoniambiental.com.ar\/info\/#\/schema\/person\/db12bff64bbcbf6a253710bf0ea37b5d","name":"Patagonia Ambiental","description":"Andr\u00e9s Nievas T\u00e9cnico en manejo ambiental, consultor Ambiental y escritor para medios locales e internacionales sobre temas de geopolitica y medio ambiente.","sameAs":["http:\/\/www.patagoniambiental.com.ar","https:\/\/www.facebook.com\/share\/1C1V8Gv9BX\/?mibextid=qi2Omg","@patagoniambiental","https:\/\/youtube.com\/@patagoniaambiental2023?si=BLt58t0wuXquxlYZ"]}]}},"_links":{"self":[{"href":"https:\/\/patagoniambiental.com.ar\/info\/wp-json\/wp\/v2\/posts\/16714","targetHints":{"allow":["GET"]}}],"collection":[{"href":"https:\/\/patagoniambiental.com.ar\/info\/wp-json\/wp\/v2\/posts"}],"about":[{"href":"https:\/\/patagoniambiental.com.ar\/info\/wp-json\/wp\/v2\/types\/post"}],"author":[{"embeddable":true,"href":"https:\/\/patagoniambiental.com.ar\/info\/wp-json\/wp\/v2\/users\/2"}],"replies":[{"embeddable":true,"href":"https:\/\/patagoniambiental.com.ar\/info\/wp-json\/wp\/v2\/comments?post=16714"}],"version-history":[{"count":0,"href":"https:\/\/patagoniambiental.com.ar\/info\/wp-json\/wp\/v2\/posts\/16714\/revisions"}],"wp:attachment":[{"href":"https:\/\/patagoniambiental.com.ar\/info\/wp-json\/wp\/v2\/media?parent=16714"}],"wp:term":[{"taxonomy":"category","embeddable":true,"href":"https:\/\/patagoniambiental.com.ar\/info\/wp-json\/wp\/v2\/categories?post=16714"},{"taxonomy":"post_tag","embeddable":true,"href":"https:\/\/patagoniambiental.com.ar\/info\/wp-json\/wp\/v2\/tags?post=16714"}],"curies":[{"name":"wp","href":"https:\/\/api.w.org\/{rel}","templated":true}]}}