{"id":16717,"date":"2016-02-16T09:00:45","date_gmt":"2016-02-16T12:00:45","guid":{"rendered":"http:\/\/patagoniambiental.com.ar\/?p=16717"},"modified":"2016-02-16T09:00:45","modified_gmt":"2016-02-16T12:00:45","slug":"neuquen-hoy-reunion-para-proteger-el-arbolado-urbano","status":"publish","type":"post","link":"https:\/\/patagoniambiental.com.ar\/info\/neuquen-hoy-reunion-para-proteger-el-arbolado-urbano\/","title":{"rendered":"Neuquen: Hoy  reuni\u00f3n para proteger el arbolado urbano"},"content":{"rendered":"<div class=\"adn ads\">\n<div class=\"gs\">\n<div id=\":1de\" class=\"ii gt m152e5bde0a4d718b adP adO\">\n<div id=\":1c9\" class=\"a3s\">\n<div dir=\"ltr\">\n<p>Con el inter\u00e9s de promover y proteger el arbolado urbano, hoy\u00a0a las 10.30 horas se realizar\u00e1 en la Defensor\u00eda del Pueblo una reuni\u00f3n preparatoria. Para ello, la Defensor\u00eda convoc\u00f3 a organismos p\u00fablicos, comisiones vecinales, asociaciones civiles y especialistas en el tema. Los organizadores tienen el prop\u00f3sito de elaborar un programa de protecci\u00f3n y cuidado del arbolado p\u00fablico, a los fines de generar conciencia sobre la importancia del \u00e1rbol en el paisaje urbano.<\/p>\n<div>\n<p>Se trata de una actividad que la Defensor\u00eda ha impulsado desde los inicios del organismo. Vecinos de distintos barrios han presentando sus reclamos en estos a\u00f1os por la falta de cuidado del arbolado p\u00fablico. Se ha observado que en el centro de la ciudad se han realizado extracciones de \u00e1rboles por parte de frentistas de diversos comercios y entidades, sin implantaci\u00f3n de nuevas especies.<\/p>\n<p>\u00abDesde sus inicios la Defensor\u00eda viene bregando por la protecci\u00f3n y promoci\u00f3n de los \u00e1rboles de veredas y espacios p\u00fablicos. Numerosos vecinos han presentado sus reclamos en estos a\u00f1os atento a la preocupaci\u00f3n generada por la falta de cuidado del arbolado. De hecho, se ha observado que en el centro de la ciudad, se han realizado extracciones de \u00e1rboles por parte de frentistas de diversos comercios, sin implantaci\u00f3n de nuevas especies\u00bb, aseguraron desde la Defensor\u00eda del Pueblo.<\/p>\n<p>El objetivo del programa es trabajar con los principales actores involucrados con esta problem\u00e1tica para generar peque\u00f1os espacios en la ciudad que muestren el ideal a lograr. Las tareas implican la participaci\u00f3n del municipio, la Asociaci\u00f3n Amigos de la Jardiner\u00eda, sociedades vecinales, asociaciones de comerciantes, establecimientos educativos, profesionales y la defensor\u00eda.<\/p>\n<p>\u00abEn el contexto de una ciudad que crece a un ritmo acelerado, donde las construcciones est\u00e1n modificando el paisaje urbano, es imperioso proteger el arbolado urbano\u00bb, se advirti\u00f3.<\/p>\n<\/div>\n<\/div>\n<div class=\"yj6qo\"><\/div>\n<\/div>\n<\/div>\n<div class=\"hi\"><\/div>\n<\/div>\n<div class=\"ajx\"><\/div>\n<\/div>\n<div class=\"gA gt acV\"><\/div>\n","protected":false},"excerpt":{"rendered":"<p>Con el inter\u00e9s de promover y proteger el arbolado urbano, hoy\u00a0a las 10.30 horas se realizar\u00e1 en la Defensor\u00eda del [&hellip;]<\/p>\n","protected":false},"author":2,"featured_media":0,"comment_status":"closed","ping_status":"closed","sticky":false,"template":"","format":"standard","meta":{"site-sidebar-layout":"default","site-content-layout":"","ast-site-content-layout":"default","site-content-style":"default","site-sidebar-style":"default","ast-global-header-display":"","ast-banner-title-visibility":"","ast-main-header-display":"","ast-hfb-above-header-display":"","ast-hfb-below-header-display":"","ast-hfb-mobile-header-display":"","site-post-title":"","ast-breadcrumbs-content":"","ast-featured-img":"","footer-sml-layout":"","ast-disable-related-posts":"","theme-transparent-header-meta":"","adv-header-id-meta":"","stick-header-meta":"","header-above-stick-meta":"","header-main-stick-meta":"","header-below-stick-meta":"","astra-migrate-meta-layouts":"default","ast-page-background-enabled":"default","ast-page-background-meta":{"desktop":{"background-color":"var(--ast-global-color-5)","background-image":"","background-repeat":"repeat","background-position":"center center","background-size":"auto","background-attachment":"scroll","background-type":"","background-media":"","overlay-type":"","overlay-color":"","overlay-opacity":"","overlay-gradient":""},"tablet":{"background-color":"","background-image":"","background-repeat":"repeat","background-position":"center center","background-size":"auto","background-attachment":"scroll","background-type":"","background-media":"","overlay-type":"","overlay-color":"","overlay-opacity":"","overlay-gradient":""},"mobile":{"background-color":"","background-image":"","background-repeat":"repeat","background-position":"center center","background-size":"auto","background-attachment":"scroll","background-type":"","background-media":"","overlay-type":"","overlay-color":"","overlay-opacity":"","overlay-gradient":""}},"ast-content-background-meta":{"desktop":{"background-color":"var(--ast-global-color-4)","background-image":"","background-repeat":"repeat","background-position":"center center","background-size":"auto","background-attachment":"scroll","background-type":"","background-media":"","overlay-type":"","overlay-color":"","overlay-opacity":"","overlay-gradient":""},"tablet":{"background-color":"var(--ast-global-color-4)","background-image":"","background-repeat":"repeat","background-position":"center center","background-size":"auto","background-attachment":"scroll","background-type":"","background-media":"","overlay-type":"","overlay-color":"","overlay-opacity":"","overlay-gradient":""},"mobile":{"background-color":"var(--ast-global-color-4)","background-image":"","background-repeat":"repeat","background-position":"center center","background-size":"auto","background-attachment":"scroll","background-type":"","background-media":"","overlay-type":"","overlay-color":"","overlay-opacity":"","overlay-gradient":""}},"footnotes":""},"categories":[1],"tags":[],"class_list":["post-16717","post","type-post","status-publish","format-standard","hentry","category-noticias"],"yoast_head":"<!-- This site is optimized with the Yoast SEO Premium plugin v23.0 (Yoast SEO v27.5) - https:\/\/yoast.com\/product\/yoast-seo-premium-wordpress\/ -->\n<title>Neuquen: Hoy reuni\u00f3n para proteger el arbolado urbano<\/title>\n<meta name=\"robots\" content=\"index, follow, max-snippet:-1, max-image-preview:large, max-video-preview:-1\" \/>\n<link rel=\"canonical\" href=\"https:\/\/patagoniambiental.com.ar\/info\/neuquen-hoy-reunion-para-proteger-el-arbolado-urbano\/\" \/>\n<meta property=\"og:locale\" content=\"es_ES\" \/>\n<meta property=\"og:type\" content=\"article\" \/>\n<meta property=\"og:title\" content=\"Neuquen: Hoy reuni\u00f3n para proteger el arbolado urbano\" \/>\n<meta property=\"og:description\" content=\"Con el inter\u00e9s de promover y proteger el arbolado urbano, hoy\u00a0a las 10.30 horas se realizar\u00e1 en la Defensor\u00eda del [&hellip;]\" \/>\n<meta property=\"og:url\" content=\"https:\/\/patagoniambiental.com.ar\/info\/neuquen-hoy-reunion-para-proteger-el-arbolado-urbano\/\" \/>\n<meta property=\"og:site_name\" content=\"Patagonia Ambiental\" \/>\n<meta property=\"article:publisher\" content=\"https:\/\/www.facebook.com\/patagonia.ambiental\" \/>\n<meta property=\"article:author\" content=\"https:\/\/www.facebook.com\/share\/1C1V8Gv9BX\/?mibextid=qi2Omg\" \/>\n<meta property=\"article:published_time\" content=\"2016-02-16T12:00:45+00:00\" \/>\n<meta name=\"author\" content=\"Patagonia Ambiental\" \/>\n<meta name=\"twitter:card\" content=\"summary_large_image\" \/>\n<meta name=\"twitter:creator\" content=\"@PatAmb\" \/>\n<meta name=\"twitter:site\" content=\"@PatAmb\" \/>\n<script type=\"application\/ld+json\" class=\"yoast-schema-graph\">{\"@context\":\"https:\\\/\\\/schema.org\",\"@graph\":[{\"@type\":\"Article\",\"@id\":\"https:\\\/\\\/patagoniambiental.com.ar\\\/info\\\/neuquen-hoy-reunion-para-proteger-el-arbolado-urbano\\\/#article\",\"isPartOf\":{\"@id\":\"https:\\\/\\\/patagoniambiental.com.ar\\\/info\\\/neuquen-hoy-reunion-para-proteger-el-arbolado-urbano\\\/\"},\"author\":{\"name\":\"Patagonia Ambiental\",\"@id\":\"https:\\\/\\\/patagoniambiental.com.ar\\\/info\\\/#\\\/schema\\\/person\\\/db12bff64bbcbf6a253710bf0ea37b5d\"},\"headline\":\"Neuquen: Hoy reuni\u00f3n para proteger el arbolado urbano\",\"datePublished\":\"2016-02-16T12:00:45+00:00\",\"mainEntityOfPage\":{\"@id\":\"https:\\\/\\\/patagoniambiental.com.ar\\\/info\\\/neuquen-hoy-reunion-para-proteger-el-arbolado-urbano\\\/\"},\"wordCount\":328,\"publisher\":{\"@id\":\"https:\\\/\\\/patagoniambiental.com.ar\\\/info\\\/#organization\"},\"articleSection\":[\"Noticias\"],\"inLanguage\":\"es\"},{\"@type\":\"WebPage\",\"@id\":\"https:\\\/\\\/patagoniambiental.com.ar\\\/info\\\/neuquen-hoy-reunion-para-proteger-el-arbolado-urbano\\\/\",\"url\":\"https:\\\/\\\/patagoniambiental.com.ar\\\/info\\\/neuquen-hoy-reunion-para-proteger-el-arbolado-urbano\\\/\",\"name\":\"Neuquen: Hoy reuni\u00f3n para proteger el arbolado urbano\",\"isPartOf\":{\"@id\":\"https:\\\/\\\/patagoniambiental.com.ar\\\/info\\\/#website\"},\"datePublished\":\"2016-02-16T12:00:45+00:00\",\"breadcrumb\":{\"@id\":\"https:\\\/\\\/patagoniambiental.com.ar\\\/info\\\/neuquen-hoy-reunion-para-proteger-el-arbolado-urbano\\\/#breadcrumb\"},\"inLanguage\":\"es\",\"potentialAction\":[{\"@type\":\"ReadAction\",\"target\":[\"https:\\\/\\\/patagoniambiental.com.ar\\\/info\\\/neuquen-hoy-reunion-para-proteger-el-arbolado-urbano\\\/\"]}]},{\"@type\":\"BreadcrumbList\",\"@id\":\"https:\\\/\\\/patagoniambiental.com.ar\\\/info\\\/neuquen-hoy-reunion-para-proteger-el-arbolado-urbano\\\/#breadcrumb\",\"itemListElement\":[{\"@type\":\"ListItem\",\"position\":1,\"name\":\"Inicio\",\"item\":\"https:\\\/\\\/patagoniambiental.com.ar\\\/info\\\/\"},{\"@type\":\"ListItem\",\"position\":2,\"name\":\"Neuquen: Hoy reuni\u00f3n para proteger el arbolado urbano\"}]},{\"@type\":\"WebSite\",\"@id\":\"https:\\\/\\\/patagoniambiental.com.ar\\\/info\\\/#website\",\"url\":\"https:\\\/\\\/patagoniambiental.com.ar\\\/info\\\/\",\"name\":\"Patagonia Ambiental\",\"description\":\"Monitoreo y an\u00e1lisis de la situaci\u00f3n geopol\u00edtica en el mundo y su implicancia en la Patagonia\",\"publisher\":{\"@id\":\"https:\\\/\\\/patagoniambiental.com.ar\\\/info\\\/#organization\"},\"potentialAction\":[{\"@type\":\"SearchAction\",\"target\":{\"@type\":\"EntryPoint\",\"urlTemplate\":\"https:\\\/\\\/patagoniambiental.com.ar\\\/info\\\/?s={search_term_string}\"},\"query-input\":{\"@type\":\"PropertyValueSpecification\",\"valueRequired\":true,\"valueName\":\"search_term_string\"}}],\"inLanguage\":\"es\"},{\"@type\":\"Organization\",\"@id\":\"https:\\\/\\\/patagoniambiental.com.ar\\\/info\\\/#organization\",\"name\":\"Patagonia Ambiental\",\"url\":\"https:\\\/\\\/patagoniambiental.com.ar\\\/info\\\/\",\"logo\":{\"@type\":\"ImageObject\",\"inLanguage\":\"es\",\"@id\":\"https:\\\/\\\/patagoniambiental.com.ar\\\/info\\\/#\\\/schema\\\/logo\\\/image\\\/\",\"url\":\"https:\\\/\\\/patagoniambiental.com.ar\\\/info\\\/wp-content\\\/uploads\\\/2025\\\/05\\\/LOGO-PATAGONIA-AMBIENTAL.png\",\"contentUrl\":\"https:\\\/\\\/patagoniambiental.com.ar\\\/info\\\/wp-content\\\/uploads\\\/2025\\\/05\\\/LOGO-PATAGONIA-AMBIENTAL.png\",\"width\":433,\"height\":250,\"caption\":\"Patagonia Ambiental\"},\"image\":{\"@id\":\"https:\\\/\\\/patagoniambiental.com.ar\\\/info\\\/#\\\/schema\\\/logo\\\/image\\\/\"},\"sameAs\":[\"https:\\\/\\\/www.facebook.com\\\/patagonia.ambiental\",\"https:\\\/\\\/x.com\\\/PatAmb\"]},{\"@type\":\"Person\",\"@id\":\"https:\\\/\\\/patagoniambiental.com.ar\\\/info\\\/#\\\/schema\\\/person\\\/db12bff64bbcbf6a253710bf0ea37b5d\",\"name\":\"Patagonia Ambiental\",\"description\":\"Andr\u00e9s Nievas T\u00e9cnico en manejo ambiental, consultor Ambiental y escritor para medios locales e internacionales sobre temas de geopolitica y medio ambiente.\",\"sameAs\":[\"http:\\\/\\\/www.patagoniambiental.com.ar\",\"https:\\\/\\\/www.facebook.com\\\/share\\\/1C1V8Gv9BX\\\/?mibextid=qi2Omg\",\"@patagoniambiental\",\"https:\\\/\\\/youtube.com\\\/@patagoniaambiental2023?si=BLt58t0wuXquxlYZ\"]}]}<\/script>\n<!-- \/ Yoast SEO Premium plugin. -->","yoast_head_json":{"title":"Neuquen: Hoy reuni\u00f3n para proteger el arbolado urbano","robots":{"index":"index","follow":"follow","max-snippet":"max-snippet:-1","max-image-preview":"max-image-preview:large","max-video-preview":"max-video-preview:-1"},"canonical":"https:\/\/patagoniambiental.com.ar\/info\/neuquen-hoy-reunion-para-proteger-el-arbolado-urbano\/","og_locale":"es_ES","og_type":"article","og_title":"Neuquen: Hoy reuni\u00f3n para proteger el arbolado urbano","og_description":"Con el inter\u00e9s de promover y proteger el arbolado urbano, hoy\u00a0a las 10.30 horas se realizar\u00e1 en la Defensor\u00eda del [&hellip;]","og_url":"https:\/\/patagoniambiental.com.ar\/info\/neuquen-hoy-reunion-para-proteger-el-arbolado-urbano\/","og_site_name":"Patagonia Ambiental","article_publisher":"https:\/\/www.facebook.com\/patagonia.ambiental","article_author":"https:\/\/www.facebook.com\/share\/1C1V8Gv9BX\/?mibextid=qi2Omg","article_published_time":"2016-02-16T12:00:45+00:00","author":"Patagonia Ambiental","twitter_card":"summary_large_image","twitter_creator":"@PatAmb","twitter_site":"@PatAmb","schema":{"@context":"https:\/\/schema.org","@graph":[{"@type":"Article","@id":"https:\/\/patagoniambiental.com.ar\/info\/neuquen-hoy-reunion-para-proteger-el-arbolado-urbano\/#article","isPartOf":{"@id":"https:\/\/patagoniambiental.com.ar\/info\/neuquen-hoy-reunion-para-proteger-el-arbolado-urbano\/"},"author":{"name":"Patagonia Ambiental","@id":"https:\/\/patagoniambiental.com.ar\/info\/#\/schema\/person\/db12bff64bbcbf6a253710bf0ea37b5d"},"headline":"Neuquen: Hoy reuni\u00f3n para proteger el arbolado urbano","datePublished":"2016-02-16T12:00:45+00:00","mainEntityOfPage":{"@id":"https:\/\/patagoniambiental.com.ar\/info\/neuquen-hoy-reunion-para-proteger-el-arbolado-urbano\/"},"wordCount":328,"publisher":{"@id":"https:\/\/patagoniambiental.com.ar\/info\/#organization"},"articleSection":["Noticias"],"inLanguage":"es"},{"@type":"WebPage","@id":"https:\/\/patagoniambiental.com.ar\/info\/neuquen-hoy-reunion-para-proteger-el-arbolado-urbano\/","url":"https:\/\/patagoniambiental.com.ar\/info\/neuquen-hoy-reunion-para-proteger-el-arbolado-urbano\/","name":"Neuquen: Hoy reuni\u00f3n para proteger el arbolado urbano","isPartOf":{"@id":"https:\/\/patagoniambiental.com.ar\/info\/#website"},"datePublished":"2016-02-16T12:00:45+00:00","breadcrumb":{"@id":"https:\/\/patagoniambiental.com.ar\/info\/neuquen-hoy-reunion-para-proteger-el-arbolado-urbano\/#breadcrumb"},"inLanguage":"es","potentialAction":[{"@type":"ReadAction","target":["https:\/\/patagoniambiental.com.ar\/info\/neuquen-hoy-reunion-para-proteger-el-arbolado-urbano\/"]}]},{"@type":"BreadcrumbList","@id":"https:\/\/patagoniambiental.com.ar\/info\/neuquen-hoy-reunion-para-proteger-el-arbolado-urbano\/#breadcrumb","itemListElement":[{"@type":"ListItem","position":1,"name":"Inicio","item":"https:\/\/patagoniambiental.com.ar\/info\/"},{"@type":"ListItem","position":2,"name":"Neuquen: Hoy reuni\u00f3n para proteger el arbolado urbano"}]},{"@type":"WebSite","@id":"https:\/\/patagoniambiental.com.ar\/info\/#website","url":"https:\/\/patagoniambiental.com.ar\/info\/","name":"Patagonia Ambiental","description":"Monitoreo y an\u00e1lisis de la situaci\u00f3n geopol\u00edtica en el mundo y su implicancia en la Patagonia","publisher":{"@id":"https:\/\/patagoniambiental.com.ar\/info\/#organization"},"potentialAction":[{"@type":"SearchAction","target":{"@type":"EntryPoint","urlTemplate":"https:\/\/patagoniambiental.com.ar\/info\/?s={search_term_string}"},"query-input":{"@type":"PropertyValueSpecification","valueRequired":true,"valueName":"search_term_string"}}],"inLanguage":"es"},{"@type":"Organization","@id":"https:\/\/patagoniambiental.com.ar\/info\/#organization","name":"Patagonia Ambiental","url":"https:\/\/patagoniambiental.com.ar\/info\/","logo":{"@type":"ImageObject","inLanguage":"es","@id":"https:\/\/patagoniambiental.com.ar\/info\/#\/schema\/logo\/image\/","url":"https:\/\/patagoniambiental.com.ar\/info\/wp-content\/uploads\/2025\/05\/LOGO-PATAGONIA-AMBIENTAL.png","contentUrl":"https:\/\/patagoniambiental.com.ar\/info\/wp-content\/uploads\/2025\/05\/LOGO-PATAGONIA-AMBIENTAL.png","width":433,"height":250,"caption":"Patagonia Ambiental"},"image":{"@id":"https:\/\/patagoniambiental.com.ar\/info\/#\/schema\/logo\/image\/"},"sameAs":["https:\/\/www.facebook.com\/patagonia.ambiental","https:\/\/x.com\/PatAmb"]},{"@type":"Person","@id":"https:\/\/patagoniambiental.com.ar\/info\/#\/schema\/person\/db12bff64bbcbf6a253710bf0ea37b5d","name":"Patagonia Ambiental","description":"Andr\u00e9s Nievas T\u00e9cnico en manejo ambiental, consultor Ambiental y escritor para medios locales e internacionales sobre temas de geopolitica y medio ambiente.","sameAs":["http:\/\/www.patagoniambiental.com.ar","https:\/\/www.facebook.com\/share\/1C1V8Gv9BX\/?mibextid=qi2Omg","@patagoniambiental","https:\/\/youtube.com\/@patagoniaambiental2023?si=BLt58t0wuXquxlYZ"]}]}},"_links":{"self":[{"href":"https:\/\/patagoniambiental.com.ar\/info\/wp-json\/wp\/v2\/posts\/16717","targetHints":{"allow":["GET"]}}],"collection":[{"href":"https:\/\/patagoniambiental.com.ar\/info\/wp-json\/wp\/v2\/posts"}],"about":[{"href":"https:\/\/patagoniambiental.com.ar\/info\/wp-json\/wp\/v2\/types\/post"}],"author":[{"embeddable":true,"href":"https:\/\/patagoniambiental.com.ar\/info\/wp-json\/wp\/v2\/users\/2"}],"replies":[{"embeddable":true,"href":"https:\/\/patagoniambiental.com.ar\/info\/wp-json\/wp\/v2\/comments?post=16717"}],"version-history":[{"count":0,"href":"https:\/\/patagoniambiental.com.ar\/info\/wp-json\/wp\/v2\/posts\/16717\/revisions"}],"wp:attachment":[{"href":"https:\/\/patagoniambiental.com.ar\/info\/wp-json\/wp\/v2\/media?parent=16717"}],"wp:term":[{"taxonomy":"category","embeddable":true,"href":"https:\/\/patagoniambiental.com.ar\/info\/wp-json\/wp\/v2\/categories?post=16717"},{"taxonomy":"post_tag","embeddable":true,"href":"https:\/\/patagoniambiental.com.ar\/info\/wp-json\/wp\/v2\/tags?post=16717"}],"curies":[{"name":"wp","href":"https:\/\/api.w.org\/{rel}","templated":true}]}}