{"id":16756,"date":"2016-02-18T09:00:51","date_gmt":"2016-02-18T12:00:51","guid":{"rendered":"http:\/\/patagoniambiental.com.ar\/?p=16756"},"modified":"2016-02-18T09:00:51","modified_gmt":"2016-02-18T12:00:51","slug":"argentina-firmara-el-acuerdo-climatico-de-paris-el-proximo-22-de-abril","status":"publish","type":"post","link":"https:\/\/patagoniambiental.com.ar\/info\/argentina-firmara-el-acuerdo-climatico-de-paris-el-proximo-22-de-abril\/","title":{"rendered":"Argentina firmar\u00e1 el acuerdo clim\u00e1tico de Par\u00eds el pr\u00f3ximo 22 de abril"},"content":{"rendered":"<div class=\"itemIntroText\">\n<p>El gobierno nacional ratificar\u00e1 el Acuerdo de Par\u00eds, por el que se compromete a reducir las emisiones de gases de efecto invernadero hasta 2030. As\u00ed lo confirm\u00f3 la Canciller\u00eda. Se trabaja en un en un plan para aumentar el nivel de reducci\u00f3n que se propuso anteriormente.<\/p>\n<\/div>\n<div class=\"itemFullText\">\n<p>As\u00ed lo confirm\u00f3 la Canciller\u00eda, que indic\u00f3 que el presidente, viajar\u00e1 a Nueva York el 22 de abril a firmar el compromiso en la sede de las Naciones Unidas.<\/p>\n<p>El gobierno nacional ratificar\u00e1 el Acuerdo de Par\u00eds, por el que se compromete a reducir las emisiones de gases de efecto invernadero hasta 2030. As\u00ed lo confirm\u00f3 la Canciller\u00eda, que indic\u00f3 que el presidente, Mauricio Macri, viajar\u00e1 a Nueva York el 22 de abril a firmar el compromiso en la sede de las Naciones Unidas.<\/p>\n<p>Paralelamente, la Argentina trabajar\u00e1 en un plan para aumentar el nivel de reducci\u00f3n que propuso la gesti\u00f3n anterior. El detalle se conocer\u00e1 reci\u00e9n dentro de un a\u00f1o aproximadamente.<\/p>\n<p>El proceso de adhesiones al acuerdo mundial, que comenzar\u00e1 formalmente el 21 de abril, se prolongar\u00e1 durante un a\u00f1o. \u00abEl acuerdo entrar\u00e1 en vigor 30 d\u00edas despu\u00e9s de la fecha en la que al menos 55 partes (pa\u00edses) de la Convenci\u00f3n, que sumen al menos el 55% del total de las emisiones de gases de efecto invernadero, hayan depositado sus instrumentos de ratificaci\u00f3n, aceptaci\u00f3n, aprobaci\u00f3n o adhesi\u00f3n. El Secretario General de las Naciones Unidas actuar\u00e1 como depositario del acuerdo\u00bb, indica el proceso del compromiso por el cual 195 pa\u00edses tomar\u00e1n medidas en conjunto para luchar contra el cambio clim\u00e1tico.<\/p>\n<p>En diciembre pasado, en Par\u00eds, tras una negociaci\u00f3n que se prolong\u00f3 por m\u00e1s de dos semanas, los pa\u00edses acordaron que dise\u00f1ar\u00e1n pol\u00edticas para intentar detener el aumento promedio global de la temperatura en 2\u00b0C. Incluso, en el texto oficial, figura como objetivo deseable el tope de 1\u00b0 5 para fines de este siglo.<\/p>\n<p>El plan de reducci\u00f3n de emisiones de efecto invernadero fue presentado por cada pa\u00eds que dispuso, libremente, el tope que alcanzar\u00e1 para fines de este siglo. Las iniciativas se denominan Contribuciones Previstas Determinadas a Nivel Nacional (INDC) y se convertir\u00e1n en obligatorias una vez que se presenten ante el organismo internacional.<\/p>\n<p><strong>Metas de cada pa\u00eds<\/strong><\/p>\n<p>Cada pa\u00eds tiene la oportunidad de presentar una Contribuci\u00f3n Determinada a Nivel Nacional m\u00e1s ambiciosa antes o en el momento de depositar su respectivo instrumento de ratificaci\u00f3n, aceptaci\u00f3n, aprobaci\u00f3n o adhesi\u00f3n.<\/p>\n<p>En ese sentido, seg\u00fan confirmaron en la Secretar\u00eda de Ambiente y Desarrollo Sustentable de la Naci\u00f3n, se reformular\u00e1 el plan que present\u00f3 el gobierno kirchnerista.<\/p>\n<p>La propuesta, realizada por expertos de la Canciller\u00eda y la secretar\u00eda, se compromete a bajar las emisiones contaminantes en un 15 por ciento para 2030 respecto de un escenario sin cambios (business as usual, BAU). Esta propuesta es incondicional, es decir que se llevar\u00eda a cabo sin mediar ninguna ayuda internacional.<\/p>\n<p>A su vez, el anuncio incluye una meta condicional de un 15 por ciento m\u00e1s, si hay financiamiento internacional \u00abadecuado y predecible\u00bb y si existe apoyo a la transferencia, la innovaci\u00f3n, el desarrollo de tecnolog\u00eda y la creaci\u00f3n de capacidades.<\/p>\n<p>Entre otras acciones, la meta incluye: promover el manejo sostenible de los bosques y promover la eficiencia energ\u00e9tica, los biocombustibles, la energ\u00eda nuclear, las energ\u00edas renovables y el cambio modal en el transporte.<br \/>\nSeg\u00fan pudo saber LA NACION, los expertos, junto con los organismos gubernamentales, presentar\u00e1n una nueva propuesta que estar\u00eda a fines de este a\u00f1o.<\/p>\n<p>Aunque no se conoce de antemano en cu\u00e1nto podr\u00eda aumentar el porcentaje de reducci\u00f3n, se calcula que las inversiones proyectadas en energ\u00edas renovables podr\u00edan dar un impulso a la menor cantidad de emisiones.<\/p>\n<p>Fuente: La Naci\u00f3n<\/p>\n<\/div>\n<div class=\"clr\"><\/div>\n","protected":false},"excerpt":{"rendered":"<p>El gobierno nacional ratificar\u00e1 el Acuerdo de Par\u00eds, por el que se compromete a reducir las emisiones de gases de [&hellip;]<\/p>\n","protected":false},"author":2,"featured_media":0,"comment_status":"closed","ping_status":"closed","sticky":false,"template":"","format":"standard","meta":{"site-sidebar-layout":"default","site-content-layout":"","ast-site-content-layout":"default","site-content-style":"default","site-sidebar-style":"default","ast-global-header-display":"","ast-banner-title-visibility":"","ast-main-header-display":"","ast-hfb-above-header-display":"","ast-hfb-below-header-display":"","ast-hfb-mobile-header-display":"","site-post-title":"","ast-breadcrumbs-content":"","ast-featured-img":"","footer-sml-layout":"","ast-disable-related-posts":"","theme-transparent-header-meta":"","adv-header-id-meta":"","stick-header-meta":"","header-above-stick-meta":"","header-main-stick-meta":"","header-below-stick-meta":"","astra-migrate-meta-layouts":"default","ast-page-background-enabled":"default","ast-page-background-meta":{"desktop":{"background-color":"var(--ast-global-color-5)","background-image":"","background-repeat":"repeat","background-position":"center center","background-size":"auto","background-attachment":"scroll","background-type":"","background-media":"","overlay-type":"","overlay-color":"","overlay-opacity":"","overlay-gradient":""},"tablet":{"background-color":"","background-image":"","background-repeat":"repeat","background-position":"center center","background-size":"auto","background-attachment":"scroll","background-type":"","background-media":"","overlay-type":"","overlay-color":"","overlay-opacity":"","overlay-gradient":""},"mobile":{"background-color":"","background-image":"","background-repeat":"repeat","background-position":"center center","background-size":"auto","background-attachment":"scroll","background-type":"","background-media":"","overlay-type":"","overlay-color":"","overlay-opacity":"","overlay-gradient":""}},"ast-content-background-meta":{"desktop":{"background-color":"var(--ast-global-color-4)","background-image":"","background-repeat":"repeat","background-position":"center center","background-size":"auto","background-attachment":"scroll","background-type":"","background-media":"","overlay-type":"","overlay-color":"","overlay-opacity":"","overlay-gradient":""},"tablet":{"background-color":"var(--ast-global-color-4)","background-image":"","background-repeat":"repeat","background-position":"center center","background-size":"auto","background-attachment":"scroll","background-type":"","background-media":"","overlay-type":"","overlay-color":"","overlay-opacity":"","overlay-gradient":""},"mobile":{"background-color":"var(--ast-global-color-4)","background-image":"","background-repeat":"repeat","background-position":"center center","background-size":"auto","background-attachment":"scroll","background-type":"","background-media":"","overlay-type":"","overlay-color":"","overlay-opacity":"","overlay-gradient":""}},"footnotes":""},"categories":[1],"tags":[],"class_list":["post-16756","post","type-post","status-publish","format-standard","hentry","category-noticias"],"yoast_head":"<!-- This site is optimized with the Yoast SEO Premium plugin v23.0 (Yoast SEO v27.5) - https:\/\/yoast.com\/product\/yoast-seo-premium-wordpress\/ -->\n<title>Argentina firmar\u00e1 el acuerdo clim\u00e1tico de Par\u00eds el pr\u00f3ximo 22 de abril<\/title>\n<meta name=\"robots\" content=\"index, follow, max-snippet:-1, max-image-preview:large, max-video-preview:-1\" \/>\n<link rel=\"canonical\" href=\"https:\/\/patagoniambiental.com.ar\/info\/argentina-firmara-el-acuerdo-climatico-de-paris-el-proximo-22-de-abril\/\" \/>\n<meta property=\"og:locale\" content=\"es_ES\" \/>\n<meta property=\"og:type\" content=\"article\" \/>\n<meta property=\"og:title\" content=\"Argentina firmar\u00e1 el acuerdo clim\u00e1tico de Par\u00eds el pr\u00f3ximo 22 de abril\" \/>\n<meta property=\"og:description\" content=\"El gobierno nacional ratificar\u00e1 el Acuerdo de Par\u00eds, por el que se compromete a reducir las emisiones de gases de [&hellip;]\" \/>\n<meta property=\"og:url\" content=\"https:\/\/patagoniambiental.com.ar\/info\/argentina-firmara-el-acuerdo-climatico-de-paris-el-proximo-22-de-abril\/\" \/>\n<meta property=\"og:site_name\" content=\"Patagonia Ambiental\" \/>\n<meta property=\"article:publisher\" content=\"https:\/\/www.facebook.com\/patagonia.ambiental\" \/>\n<meta property=\"article:author\" content=\"https:\/\/www.facebook.com\/share\/1C1V8Gv9BX\/?mibextid=qi2Omg\" \/>\n<meta property=\"article:published_time\" content=\"2016-02-18T12:00:51+00:00\" \/>\n<meta name=\"author\" content=\"Patagonia Ambiental\" \/>\n<meta name=\"twitter:card\" content=\"summary_large_image\" \/>\n<meta name=\"twitter:creator\" content=\"@PatAmb\" \/>\n<meta name=\"twitter:site\" content=\"@PatAmb\" \/>\n<script type=\"application\/ld+json\" class=\"yoast-schema-graph\">{\"@context\":\"https:\\\/\\\/schema.org\",\"@graph\":[{\"@type\":\"Article\",\"@id\":\"https:\\\/\\\/patagoniambiental.com.ar\\\/info\\\/argentina-firmara-el-acuerdo-climatico-de-paris-el-proximo-22-de-abril\\\/#article\",\"isPartOf\":{\"@id\":\"https:\\\/\\\/patagoniambiental.com.ar\\\/info\\\/argentina-firmara-el-acuerdo-climatico-de-paris-el-proximo-22-de-abril\\\/\"},\"author\":{\"name\":\"Patagonia Ambiental\",\"@id\":\"https:\\\/\\\/patagoniambiental.com.ar\\\/info\\\/#\\\/schema\\\/person\\\/db12bff64bbcbf6a253710bf0ea37b5d\"},\"headline\":\"Argentina firmar\u00e1 el acuerdo clim\u00e1tico de Par\u00eds el pr\u00f3ximo 22 de abril\",\"datePublished\":\"2016-02-18T12:00:51+00:00\",\"mainEntityOfPage\":{\"@id\":\"https:\\\/\\\/patagoniambiental.com.ar\\\/info\\\/argentina-firmara-el-acuerdo-climatico-de-paris-el-proximo-22-de-abril\\\/\"},\"wordCount\":667,\"publisher\":{\"@id\":\"https:\\\/\\\/patagoniambiental.com.ar\\\/info\\\/#organization\"},\"articleSection\":[\"Noticias\"],\"inLanguage\":\"es\"},{\"@type\":\"WebPage\",\"@id\":\"https:\\\/\\\/patagoniambiental.com.ar\\\/info\\\/argentina-firmara-el-acuerdo-climatico-de-paris-el-proximo-22-de-abril\\\/\",\"url\":\"https:\\\/\\\/patagoniambiental.com.ar\\\/info\\\/argentina-firmara-el-acuerdo-climatico-de-paris-el-proximo-22-de-abril\\\/\",\"name\":\"Argentina firmar\u00e1 el acuerdo clim\u00e1tico de Par\u00eds el pr\u00f3ximo 22 de abril\",\"isPartOf\":{\"@id\":\"https:\\\/\\\/patagoniambiental.com.ar\\\/info\\\/#website\"},\"datePublished\":\"2016-02-18T12:00:51+00:00\",\"breadcrumb\":{\"@id\":\"https:\\\/\\\/patagoniambiental.com.ar\\\/info\\\/argentina-firmara-el-acuerdo-climatico-de-paris-el-proximo-22-de-abril\\\/#breadcrumb\"},\"inLanguage\":\"es\",\"potentialAction\":[{\"@type\":\"ReadAction\",\"target\":[\"https:\\\/\\\/patagoniambiental.com.ar\\\/info\\\/argentina-firmara-el-acuerdo-climatico-de-paris-el-proximo-22-de-abril\\\/\"]}]},{\"@type\":\"BreadcrumbList\",\"@id\":\"https:\\\/\\\/patagoniambiental.com.ar\\\/info\\\/argentina-firmara-el-acuerdo-climatico-de-paris-el-proximo-22-de-abril\\\/#breadcrumb\",\"itemListElement\":[{\"@type\":\"ListItem\",\"position\":1,\"name\":\"Inicio\",\"item\":\"https:\\\/\\\/patagoniambiental.com.ar\\\/info\\\/\"},{\"@type\":\"ListItem\",\"position\":2,\"name\":\"Argentina firmar\u00e1 el acuerdo clim\u00e1tico de Par\u00eds el pr\u00f3ximo 22 de abril\"}]},{\"@type\":\"WebSite\",\"@id\":\"https:\\\/\\\/patagoniambiental.com.ar\\\/info\\\/#website\",\"url\":\"https:\\\/\\\/patagoniambiental.com.ar\\\/info\\\/\",\"name\":\"Patagonia Ambiental\",\"description\":\"Monitoreo y an\u00e1lisis de la situaci\u00f3n geopol\u00edtica en el mundo y su implicancia en la Patagonia\",\"publisher\":{\"@id\":\"https:\\\/\\\/patagoniambiental.com.ar\\\/info\\\/#organization\"},\"potentialAction\":[{\"@type\":\"SearchAction\",\"target\":{\"@type\":\"EntryPoint\",\"urlTemplate\":\"https:\\\/\\\/patagoniambiental.com.ar\\\/info\\\/?s={search_term_string}\"},\"query-input\":{\"@type\":\"PropertyValueSpecification\",\"valueRequired\":true,\"valueName\":\"search_term_string\"}}],\"inLanguage\":\"es\"},{\"@type\":\"Organization\",\"@id\":\"https:\\\/\\\/patagoniambiental.com.ar\\\/info\\\/#organization\",\"name\":\"Patagonia Ambiental\",\"url\":\"https:\\\/\\\/patagoniambiental.com.ar\\\/info\\\/\",\"logo\":{\"@type\":\"ImageObject\",\"inLanguage\":\"es\",\"@id\":\"https:\\\/\\\/patagoniambiental.com.ar\\\/info\\\/#\\\/schema\\\/logo\\\/image\\\/\",\"url\":\"https:\\\/\\\/patagoniambiental.com.ar\\\/info\\\/wp-content\\\/uploads\\\/2025\\\/05\\\/LOGO-PATAGONIA-AMBIENTAL.png\",\"contentUrl\":\"https:\\\/\\\/patagoniambiental.com.ar\\\/info\\\/wp-content\\\/uploads\\\/2025\\\/05\\\/LOGO-PATAGONIA-AMBIENTAL.png\",\"width\":433,\"height\":250,\"caption\":\"Patagonia Ambiental\"},\"image\":{\"@id\":\"https:\\\/\\\/patagoniambiental.com.ar\\\/info\\\/#\\\/schema\\\/logo\\\/image\\\/\"},\"sameAs\":[\"https:\\\/\\\/www.facebook.com\\\/patagonia.ambiental\",\"https:\\\/\\\/x.com\\\/PatAmb\"]},{\"@type\":\"Person\",\"@id\":\"https:\\\/\\\/patagoniambiental.com.ar\\\/info\\\/#\\\/schema\\\/person\\\/db12bff64bbcbf6a253710bf0ea37b5d\",\"name\":\"Patagonia Ambiental\",\"description\":\"Andr\u00e9s Nievas T\u00e9cnico en manejo ambiental, consultor Ambiental y escritor para medios locales e internacionales sobre temas de geopolitica y medio ambiente.\",\"sameAs\":[\"http:\\\/\\\/www.patagoniambiental.com.ar\",\"https:\\\/\\\/www.facebook.com\\\/share\\\/1C1V8Gv9BX\\\/?mibextid=qi2Omg\",\"@patagoniambiental\",\"https:\\\/\\\/youtube.com\\\/@patagoniaambiental2023?si=BLt58t0wuXquxlYZ\"]}]}<\/script>\n<!-- \/ Yoast SEO Premium plugin. -->","yoast_head_json":{"title":"Argentina firmar\u00e1 el acuerdo clim\u00e1tico de Par\u00eds el pr\u00f3ximo 22 de abril","robots":{"index":"index","follow":"follow","max-snippet":"max-snippet:-1","max-image-preview":"max-image-preview:large","max-video-preview":"max-video-preview:-1"},"canonical":"https:\/\/patagoniambiental.com.ar\/info\/argentina-firmara-el-acuerdo-climatico-de-paris-el-proximo-22-de-abril\/","og_locale":"es_ES","og_type":"article","og_title":"Argentina firmar\u00e1 el acuerdo clim\u00e1tico de Par\u00eds el pr\u00f3ximo 22 de abril","og_description":"El gobierno nacional ratificar\u00e1 el Acuerdo de Par\u00eds, por el que se compromete a reducir las emisiones de gases de [&hellip;]","og_url":"https:\/\/patagoniambiental.com.ar\/info\/argentina-firmara-el-acuerdo-climatico-de-paris-el-proximo-22-de-abril\/","og_site_name":"Patagonia Ambiental","article_publisher":"https:\/\/www.facebook.com\/patagonia.ambiental","article_author":"https:\/\/www.facebook.com\/share\/1C1V8Gv9BX\/?mibextid=qi2Omg","article_published_time":"2016-02-18T12:00:51+00:00","author":"Patagonia Ambiental","twitter_card":"summary_large_image","twitter_creator":"@PatAmb","twitter_site":"@PatAmb","schema":{"@context":"https:\/\/schema.org","@graph":[{"@type":"Article","@id":"https:\/\/patagoniambiental.com.ar\/info\/argentina-firmara-el-acuerdo-climatico-de-paris-el-proximo-22-de-abril\/#article","isPartOf":{"@id":"https:\/\/patagoniambiental.com.ar\/info\/argentina-firmara-el-acuerdo-climatico-de-paris-el-proximo-22-de-abril\/"},"author":{"name":"Patagonia Ambiental","@id":"https:\/\/patagoniambiental.com.ar\/info\/#\/schema\/person\/db12bff64bbcbf6a253710bf0ea37b5d"},"headline":"Argentina firmar\u00e1 el acuerdo clim\u00e1tico de Par\u00eds el pr\u00f3ximo 22 de abril","datePublished":"2016-02-18T12:00:51+00:00","mainEntityOfPage":{"@id":"https:\/\/patagoniambiental.com.ar\/info\/argentina-firmara-el-acuerdo-climatico-de-paris-el-proximo-22-de-abril\/"},"wordCount":667,"publisher":{"@id":"https:\/\/patagoniambiental.com.ar\/info\/#organization"},"articleSection":["Noticias"],"inLanguage":"es"},{"@type":"WebPage","@id":"https:\/\/patagoniambiental.com.ar\/info\/argentina-firmara-el-acuerdo-climatico-de-paris-el-proximo-22-de-abril\/","url":"https:\/\/patagoniambiental.com.ar\/info\/argentina-firmara-el-acuerdo-climatico-de-paris-el-proximo-22-de-abril\/","name":"Argentina firmar\u00e1 el acuerdo clim\u00e1tico de Par\u00eds el pr\u00f3ximo 22 de abril","isPartOf":{"@id":"https:\/\/patagoniambiental.com.ar\/info\/#website"},"datePublished":"2016-02-18T12:00:51+00:00","breadcrumb":{"@id":"https:\/\/patagoniambiental.com.ar\/info\/argentina-firmara-el-acuerdo-climatico-de-paris-el-proximo-22-de-abril\/#breadcrumb"},"inLanguage":"es","potentialAction":[{"@type":"ReadAction","target":["https:\/\/patagoniambiental.com.ar\/info\/argentina-firmara-el-acuerdo-climatico-de-paris-el-proximo-22-de-abril\/"]}]},{"@type":"BreadcrumbList","@id":"https:\/\/patagoniambiental.com.ar\/info\/argentina-firmara-el-acuerdo-climatico-de-paris-el-proximo-22-de-abril\/#breadcrumb","itemListElement":[{"@type":"ListItem","position":1,"name":"Inicio","item":"https:\/\/patagoniambiental.com.ar\/info\/"},{"@type":"ListItem","position":2,"name":"Argentina firmar\u00e1 el acuerdo clim\u00e1tico de Par\u00eds el pr\u00f3ximo 22 de abril"}]},{"@type":"WebSite","@id":"https:\/\/patagoniambiental.com.ar\/info\/#website","url":"https:\/\/patagoniambiental.com.ar\/info\/","name":"Patagonia Ambiental","description":"Monitoreo y an\u00e1lisis de la situaci\u00f3n geopol\u00edtica en el mundo y su implicancia en la Patagonia","publisher":{"@id":"https:\/\/patagoniambiental.com.ar\/info\/#organization"},"potentialAction":[{"@type":"SearchAction","target":{"@type":"EntryPoint","urlTemplate":"https:\/\/patagoniambiental.com.ar\/info\/?s={search_term_string}"},"query-input":{"@type":"PropertyValueSpecification","valueRequired":true,"valueName":"search_term_string"}}],"inLanguage":"es"},{"@type":"Organization","@id":"https:\/\/patagoniambiental.com.ar\/info\/#organization","name":"Patagonia Ambiental","url":"https:\/\/patagoniambiental.com.ar\/info\/","logo":{"@type":"ImageObject","inLanguage":"es","@id":"https:\/\/patagoniambiental.com.ar\/info\/#\/schema\/logo\/image\/","url":"https:\/\/patagoniambiental.com.ar\/info\/wp-content\/uploads\/2025\/05\/LOGO-PATAGONIA-AMBIENTAL.png","contentUrl":"https:\/\/patagoniambiental.com.ar\/info\/wp-content\/uploads\/2025\/05\/LOGO-PATAGONIA-AMBIENTAL.png","width":433,"height":250,"caption":"Patagonia Ambiental"},"image":{"@id":"https:\/\/patagoniambiental.com.ar\/info\/#\/schema\/logo\/image\/"},"sameAs":["https:\/\/www.facebook.com\/patagonia.ambiental","https:\/\/x.com\/PatAmb"]},{"@type":"Person","@id":"https:\/\/patagoniambiental.com.ar\/info\/#\/schema\/person\/db12bff64bbcbf6a253710bf0ea37b5d","name":"Patagonia Ambiental","description":"Andr\u00e9s Nievas T\u00e9cnico en manejo ambiental, consultor Ambiental y escritor para medios locales e internacionales sobre temas de geopolitica y medio ambiente.","sameAs":["http:\/\/www.patagoniambiental.com.ar","https:\/\/www.facebook.com\/share\/1C1V8Gv9BX\/?mibextid=qi2Omg","@patagoniambiental","https:\/\/youtube.com\/@patagoniaambiental2023?si=BLt58t0wuXquxlYZ"]}]}},"_links":{"self":[{"href":"https:\/\/patagoniambiental.com.ar\/info\/wp-json\/wp\/v2\/posts\/16756","targetHints":{"allow":["GET"]}}],"collection":[{"href":"https:\/\/patagoniambiental.com.ar\/info\/wp-json\/wp\/v2\/posts"}],"about":[{"href":"https:\/\/patagoniambiental.com.ar\/info\/wp-json\/wp\/v2\/types\/post"}],"author":[{"embeddable":true,"href":"https:\/\/patagoniambiental.com.ar\/info\/wp-json\/wp\/v2\/users\/2"}],"replies":[{"embeddable":true,"href":"https:\/\/patagoniambiental.com.ar\/info\/wp-json\/wp\/v2\/comments?post=16756"}],"version-history":[{"count":0,"href":"https:\/\/patagoniambiental.com.ar\/info\/wp-json\/wp\/v2\/posts\/16756\/revisions"}],"wp:attachment":[{"href":"https:\/\/patagoniambiental.com.ar\/info\/wp-json\/wp\/v2\/media?parent=16756"}],"wp:term":[{"taxonomy":"category","embeddable":true,"href":"https:\/\/patagoniambiental.com.ar\/info\/wp-json\/wp\/v2\/categories?post=16756"},{"taxonomy":"post_tag","embeddable":true,"href":"https:\/\/patagoniambiental.com.ar\/info\/wp-json\/wp\/v2\/tags?post=16756"}],"curies":[{"name":"wp","href":"https:\/\/api.w.org\/{rel}","templated":true}]}}