{"id":16770,"date":"2016-02-18T09:00:40","date_gmt":"2016-02-18T12:00:40","guid":{"rendered":"http:\/\/patagoniambiental.com.ar\/?p=16770"},"modified":"2016-02-18T09:00:40","modified_gmt":"2016-02-18T12:00:40","slug":"la-unesco-visito-cuevas-de-las-manos-y-la-cuenca-del-rio-pinturas","status":"publish","type":"post","link":"https:\/\/patagoniambiental.com.ar\/info\/la-unesco-visito-cuevas-de-las-manos-y-la-cuenca-del-rio-pinturas\/","title":{"rendered":"Santa Cruz: La UNESCO visit\u00f3 cuevas de las Manos y la cuenca del r\u00edo Pinturas"},"content":{"rendered":"<div id=\"js_a2\" class=\"_5pbx userContent\" data-ft=\"{&quot;tn&quot;:&quot;K&quot;}\">\n<div id=\"id_56c5147dcfeb79838239471\" class=\"text_exposed_root text_exposed\">\n<p>D\u00edas atr\u00e1s, el organismo internacional se hizo presente en la localidad de Perito Moreno, a los efectos de recorrer los sitios m\u00e1s emblem\u00e1ticos de la provincia de Santa Cruz y acordar con la Secretar\u00eda de Estado de Cultura, la colaboraci\u00f3n para efectuar un inventario que luego ser\u00e1 volcado en una plataforma digital.<\/p>\n<p>La Direcci\u00f3n de Patrimonio Cultural, dependiente de la Secretar\u00eda de Estado de Cultura de la Pr<span class=\"text_exposed_show\">ovincia de Santa Cruz, recibi\u00f3 y acompa\u00f1\u00f3 en la localidad de Perito Moreno durante los d\u00edas 14, 15 y 16 de Febrero, a la Representante de la Organizaci\u00f3n de Naciones Unidas para la Educaci\u00f3n, Ciencia y la Cultura (UNESCO) para Am\u00e9rica Latina y el Caribe, Dra. en Arqueolog\u00eda Nuria Sanz.<br \/>\nEsta visita tuvo como objetivo, la concreci\u00f3n de un trabajo de inventario de los sitios de arte rupestre a nivel mundial, a trav\u00e9s del Programa RAWA (Rock Art World Archive).<\/span><\/p>\n<div class=\"text_exposed_show\">\n<p>En este sentido, el Sitio Cuevas de las Manos representa un icono a nivel mundial debido a su antig\u00fcedad, originalidad y la belleza singular del paisaje donde se ubican las cuevas, declarado como un Patrimonio Cultural de la Humanidad y siendo Paisaje Cultural de la Provincia de Santa Cruz.<\/p>\n<p>La representante de UNESCO, Dra. Nuria Sanz, adem\u00e1s de visitar Cueva de las Manos, pudo recorrer tambi\u00e9n, los sitios m\u00e1s emblem\u00e1ticos de la Cuenca del R\u00edo Pinturas, acordando con la Secretar\u00eda de Estado de Cultura, la continuidad de un trabajo de intercambio y colaboraci\u00f3n en la realizaci\u00f3n del inventario y plataforma digital, ya que la Direcci\u00f3n de Patrimonio Cultural cuenta con un inventario realizado de los 69 sitios localizados en la Cuenca del R\u00edo Pinturas, y desde la UNESCO se tomar\u00e1 el Sitio Cuevas de las Manos para el proyecto piloto de la realizaci\u00f3n de una plataforma digital de car\u00e1cter archivistico, did\u00e1ctico y de difusi\u00f3n.<\/p>\n<\/div>\n<\/div>\n<div class=\"_5wpt\"><\/div>\n<\/div>\n<div class=\"_3x-2\"><\/div>\n","protected":false},"excerpt":{"rendered":"<p>D\u00edas atr\u00e1s, el organismo internacional se hizo presente en la localidad de Perito Moreno, a los efectos de recorrer los [&hellip;]<\/p>\n","protected":false},"author":2,"featured_media":0,"comment_status":"closed","ping_status":"closed","sticky":false,"template":"","format":"standard","meta":{"site-sidebar-layout":"default","site-content-layout":"","ast-site-content-layout":"default","site-content-style":"default","site-sidebar-style":"default","ast-global-header-display":"","ast-banner-title-visibility":"","ast-main-header-display":"","ast-hfb-above-header-display":"","ast-hfb-below-header-display":"","ast-hfb-mobile-header-display":"","site-post-title":"","ast-breadcrumbs-content":"","ast-featured-img":"","footer-sml-layout":"","ast-disable-related-posts":"","theme-transparent-header-meta":"","adv-header-id-meta":"","stick-header-meta":"","header-above-stick-meta":"","header-main-stick-meta":"","header-below-stick-meta":"","astra-migrate-meta-layouts":"default","ast-page-background-enabled":"default","ast-page-background-meta":{"desktop":{"background-color":"var(--ast-global-color-5)","background-image":"","background-repeat":"repeat","background-position":"center center","background-size":"auto","background-attachment":"scroll","background-type":"","background-media":"","overlay-type":"","overlay-color":"","overlay-opacity":"","overlay-gradient":""},"tablet":{"background-color":"","background-image":"","background-repeat":"repeat","background-position":"center center","background-size":"auto","background-attachment":"scroll","background-type":"","background-media":"","overlay-type":"","overlay-color":"","overlay-opacity":"","overlay-gradient":""},"mobile":{"background-color":"","background-image":"","background-repeat":"repeat","background-position":"center center","background-size":"auto","background-attachment":"scroll","background-type":"","background-media":"","overlay-type":"","overlay-color":"","overlay-opacity":"","overlay-gradient":""}},"ast-content-background-meta":{"desktop":{"background-color":"var(--ast-global-color-4)","background-image":"","background-repeat":"repeat","background-position":"center center","background-size":"auto","background-attachment":"scroll","background-type":"","background-media":"","overlay-type":"","overlay-color":"","overlay-opacity":"","overlay-gradient":""},"tablet":{"background-color":"var(--ast-global-color-4)","background-image":"","background-repeat":"repeat","background-position":"center center","background-size":"auto","background-attachment":"scroll","background-type":"","background-media":"","overlay-type":"","overlay-color":"","overlay-opacity":"","overlay-gradient":""},"mobile":{"background-color":"var(--ast-global-color-4)","background-image":"","background-repeat":"repeat","background-position":"center center","background-size":"auto","background-attachment":"scroll","background-type":"","background-media":"","overlay-type":"","overlay-color":"","overlay-opacity":"","overlay-gradient":""}},"footnotes":""},"categories":[1],"tags":[],"class_list":["post-16770","post","type-post","status-publish","format-standard","hentry","category-noticias"],"yoast_head":"<!-- This site is optimized with the Yoast SEO Premium plugin v23.0 (Yoast SEO v27.5) - https:\/\/yoast.com\/product\/yoast-seo-premium-wordpress\/ -->\n<title>Santa Cruz: La UNESCO visit\u00f3 cuevas de las Manos y la cuenca del r\u00edo Pinturas<\/title>\n<meta name=\"robots\" content=\"index, follow, max-snippet:-1, max-image-preview:large, max-video-preview:-1\" \/>\n<link rel=\"canonical\" href=\"https:\/\/patagoniambiental.com.ar\/info\/la-unesco-visito-cuevas-de-las-manos-y-la-cuenca-del-rio-pinturas\/\" \/>\n<meta property=\"og:locale\" content=\"es_ES\" \/>\n<meta property=\"og:type\" content=\"article\" \/>\n<meta property=\"og:title\" content=\"Santa Cruz: La UNESCO visit\u00f3 cuevas de las Manos y la cuenca del r\u00edo Pinturas\" \/>\n<meta property=\"og:description\" content=\"D\u00edas atr\u00e1s, el organismo internacional se hizo presente en la localidad de Perito Moreno, a los efectos de recorrer los [&hellip;]\" \/>\n<meta property=\"og:url\" content=\"https:\/\/patagoniambiental.com.ar\/info\/la-unesco-visito-cuevas-de-las-manos-y-la-cuenca-del-rio-pinturas\/\" \/>\n<meta property=\"og:site_name\" content=\"Patagonia Ambiental\" \/>\n<meta property=\"article:publisher\" content=\"https:\/\/www.facebook.com\/patagonia.ambiental\" \/>\n<meta property=\"article:author\" content=\"https:\/\/www.facebook.com\/share\/1C1V8Gv9BX\/?mibextid=qi2Omg\" \/>\n<meta property=\"article:published_time\" content=\"2016-02-18T12:00:40+00:00\" \/>\n<meta name=\"author\" content=\"Patagonia Ambiental\" \/>\n<meta name=\"twitter:card\" content=\"summary_large_image\" \/>\n<meta name=\"twitter:creator\" content=\"@PatAmb\" \/>\n<meta name=\"twitter:site\" content=\"@PatAmb\" \/>\n<script type=\"application\/ld+json\" class=\"yoast-schema-graph\">{\"@context\":\"https:\\\/\\\/schema.org\",\"@graph\":[{\"@type\":\"Article\",\"@id\":\"https:\\\/\\\/patagoniambiental.com.ar\\\/info\\\/la-unesco-visito-cuevas-de-las-manos-y-la-cuenca-del-rio-pinturas\\\/#article\",\"isPartOf\":{\"@id\":\"https:\\\/\\\/patagoniambiental.com.ar\\\/info\\\/la-unesco-visito-cuevas-de-las-manos-y-la-cuenca-del-rio-pinturas\\\/\"},\"author\":{\"name\":\"Patagonia Ambiental\",\"@id\":\"https:\\\/\\\/patagoniambiental.com.ar\\\/info\\\/#\\\/schema\\\/person\\\/db12bff64bbcbf6a253710bf0ea37b5d\"},\"headline\":\"Santa Cruz: La UNESCO visit\u00f3 cuevas de las Manos y la cuenca del r\u00edo Pinturas\",\"datePublished\":\"2016-02-18T12:00:40+00:00\",\"mainEntityOfPage\":{\"@id\":\"https:\\\/\\\/patagoniambiental.com.ar\\\/info\\\/la-unesco-visito-cuevas-de-las-manos-y-la-cuenca-del-rio-pinturas\\\/\"},\"wordCount\":343,\"publisher\":{\"@id\":\"https:\\\/\\\/patagoniambiental.com.ar\\\/info\\\/#organization\"},\"articleSection\":[\"Noticias\"],\"inLanguage\":\"es\"},{\"@type\":\"WebPage\",\"@id\":\"https:\\\/\\\/patagoniambiental.com.ar\\\/info\\\/la-unesco-visito-cuevas-de-las-manos-y-la-cuenca-del-rio-pinturas\\\/\",\"url\":\"https:\\\/\\\/patagoniambiental.com.ar\\\/info\\\/la-unesco-visito-cuevas-de-las-manos-y-la-cuenca-del-rio-pinturas\\\/\",\"name\":\"Santa Cruz: La UNESCO visit\u00f3 cuevas de las Manos y la cuenca del r\u00edo Pinturas\",\"isPartOf\":{\"@id\":\"https:\\\/\\\/patagoniambiental.com.ar\\\/info\\\/#website\"},\"datePublished\":\"2016-02-18T12:00:40+00:00\",\"breadcrumb\":{\"@id\":\"https:\\\/\\\/patagoniambiental.com.ar\\\/info\\\/la-unesco-visito-cuevas-de-las-manos-y-la-cuenca-del-rio-pinturas\\\/#breadcrumb\"},\"inLanguage\":\"es\",\"potentialAction\":[{\"@type\":\"ReadAction\",\"target\":[\"https:\\\/\\\/patagoniambiental.com.ar\\\/info\\\/la-unesco-visito-cuevas-de-las-manos-y-la-cuenca-del-rio-pinturas\\\/\"]}]},{\"@type\":\"BreadcrumbList\",\"@id\":\"https:\\\/\\\/patagoniambiental.com.ar\\\/info\\\/la-unesco-visito-cuevas-de-las-manos-y-la-cuenca-del-rio-pinturas\\\/#breadcrumb\",\"itemListElement\":[{\"@type\":\"ListItem\",\"position\":1,\"name\":\"Inicio\",\"item\":\"https:\\\/\\\/patagoniambiental.com.ar\\\/info\\\/\"},{\"@type\":\"ListItem\",\"position\":2,\"name\":\"Santa Cruz: La UNESCO visit\u00f3 cuevas de las Manos y la cuenca del r\u00edo Pinturas\"}]},{\"@type\":\"WebSite\",\"@id\":\"https:\\\/\\\/patagoniambiental.com.ar\\\/info\\\/#website\",\"url\":\"https:\\\/\\\/patagoniambiental.com.ar\\\/info\\\/\",\"name\":\"Patagonia Ambiental\",\"description\":\"Monitoreo y an\u00e1lisis de la situaci\u00f3n geopol\u00edtica en el mundo y su implicancia en la Patagonia\",\"publisher\":{\"@id\":\"https:\\\/\\\/patagoniambiental.com.ar\\\/info\\\/#organization\"},\"potentialAction\":[{\"@type\":\"SearchAction\",\"target\":{\"@type\":\"EntryPoint\",\"urlTemplate\":\"https:\\\/\\\/patagoniambiental.com.ar\\\/info\\\/?s={search_term_string}\"},\"query-input\":{\"@type\":\"PropertyValueSpecification\",\"valueRequired\":true,\"valueName\":\"search_term_string\"}}],\"inLanguage\":\"es\"},{\"@type\":\"Organization\",\"@id\":\"https:\\\/\\\/patagoniambiental.com.ar\\\/info\\\/#organization\",\"name\":\"Patagonia Ambiental\",\"url\":\"https:\\\/\\\/patagoniambiental.com.ar\\\/info\\\/\",\"logo\":{\"@type\":\"ImageObject\",\"inLanguage\":\"es\",\"@id\":\"https:\\\/\\\/patagoniambiental.com.ar\\\/info\\\/#\\\/schema\\\/logo\\\/image\\\/\",\"url\":\"https:\\\/\\\/patagoniambiental.com.ar\\\/info\\\/wp-content\\\/uploads\\\/2025\\\/05\\\/LOGO-PATAGONIA-AMBIENTAL.png\",\"contentUrl\":\"https:\\\/\\\/patagoniambiental.com.ar\\\/info\\\/wp-content\\\/uploads\\\/2025\\\/05\\\/LOGO-PATAGONIA-AMBIENTAL.png\",\"width\":433,\"height\":250,\"caption\":\"Patagonia Ambiental\"},\"image\":{\"@id\":\"https:\\\/\\\/patagoniambiental.com.ar\\\/info\\\/#\\\/schema\\\/logo\\\/image\\\/\"},\"sameAs\":[\"https:\\\/\\\/www.facebook.com\\\/patagonia.ambiental\",\"https:\\\/\\\/x.com\\\/PatAmb\"]},{\"@type\":\"Person\",\"@id\":\"https:\\\/\\\/patagoniambiental.com.ar\\\/info\\\/#\\\/schema\\\/person\\\/db12bff64bbcbf6a253710bf0ea37b5d\",\"name\":\"Patagonia Ambiental\",\"description\":\"Andr\u00e9s Nievas T\u00e9cnico en manejo ambiental, consultor Ambiental y escritor para medios locales e internacionales sobre temas de geopolitica y medio ambiente.\",\"sameAs\":[\"http:\\\/\\\/www.patagoniambiental.com.ar\",\"https:\\\/\\\/www.facebook.com\\\/share\\\/1C1V8Gv9BX\\\/?mibextid=qi2Omg\",\"@patagoniambiental\",\"https:\\\/\\\/youtube.com\\\/@patagoniaambiental2023?si=BLt58t0wuXquxlYZ\"]}]}<\/script>\n<!-- \/ Yoast SEO Premium plugin. -->","yoast_head_json":{"title":"Santa Cruz: La UNESCO visit\u00f3 cuevas de las Manos y la cuenca del r\u00edo Pinturas","robots":{"index":"index","follow":"follow","max-snippet":"max-snippet:-1","max-image-preview":"max-image-preview:large","max-video-preview":"max-video-preview:-1"},"canonical":"https:\/\/patagoniambiental.com.ar\/info\/la-unesco-visito-cuevas-de-las-manos-y-la-cuenca-del-rio-pinturas\/","og_locale":"es_ES","og_type":"article","og_title":"Santa Cruz: La UNESCO visit\u00f3 cuevas de las Manos y la cuenca del r\u00edo Pinturas","og_description":"D\u00edas atr\u00e1s, el organismo internacional se hizo presente en la localidad de Perito Moreno, a los efectos de recorrer los [&hellip;]","og_url":"https:\/\/patagoniambiental.com.ar\/info\/la-unesco-visito-cuevas-de-las-manos-y-la-cuenca-del-rio-pinturas\/","og_site_name":"Patagonia Ambiental","article_publisher":"https:\/\/www.facebook.com\/patagonia.ambiental","article_author":"https:\/\/www.facebook.com\/share\/1C1V8Gv9BX\/?mibextid=qi2Omg","article_published_time":"2016-02-18T12:00:40+00:00","author":"Patagonia Ambiental","twitter_card":"summary_large_image","twitter_creator":"@PatAmb","twitter_site":"@PatAmb","schema":{"@context":"https:\/\/schema.org","@graph":[{"@type":"Article","@id":"https:\/\/patagoniambiental.com.ar\/info\/la-unesco-visito-cuevas-de-las-manos-y-la-cuenca-del-rio-pinturas\/#article","isPartOf":{"@id":"https:\/\/patagoniambiental.com.ar\/info\/la-unesco-visito-cuevas-de-las-manos-y-la-cuenca-del-rio-pinturas\/"},"author":{"name":"Patagonia Ambiental","@id":"https:\/\/patagoniambiental.com.ar\/info\/#\/schema\/person\/db12bff64bbcbf6a253710bf0ea37b5d"},"headline":"Santa Cruz: La UNESCO visit\u00f3 cuevas de las Manos y la cuenca del r\u00edo Pinturas","datePublished":"2016-02-18T12:00:40+00:00","mainEntityOfPage":{"@id":"https:\/\/patagoniambiental.com.ar\/info\/la-unesco-visito-cuevas-de-las-manos-y-la-cuenca-del-rio-pinturas\/"},"wordCount":343,"publisher":{"@id":"https:\/\/patagoniambiental.com.ar\/info\/#organization"},"articleSection":["Noticias"],"inLanguage":"es"},{"@type":"WebPage","@id":"https:\/\/patagoniambiental.com.ar\/info\/la-unesco-visito-cuevas-de-las-manos-y-la-cuenca-del-rio-pinturas\/","url":"https:\/\/patagoniambiental.com.ar\/info\/la-unesco-visito-cuevas-de-las-manos-y-la-cuenca-del-rio-pinturas\/","name":"Santa Cruz: La UNESCO visit\u00f3 cuevas de las Manos y la cuenca del r\u00edo Pinturas","isPartOf":{"@id":"https:\/\/patagoniambiental.com.ar\/info\/#website"},"datePublished":"2016-02-18T12:00:40+00:00","breadcrumb":{"@id":"https:\/\/patagoniambiental.com.ar\/info\/la-unesco-visito-cuevas-de-las-manos-y-la-cuenca-del-rio-pinturas\/#breadcrumb"},"inLanguage":"es","potentialAction":[{"@type":"ReadAction","target":["https:\/\/patagoniambiental.com.ar\/info\/la-unesco-visito-cuevas-de-las-manos-y-la-cuenca-del-rio-pinturas\/"]}]},{"@type":"BreadcrumbList","@id":"https:\/\/patagoniambiental.com.ar\/info\/la-unesco-visito-cuevas-de-las-manos-y-la-cuenca-del-rio-pinturas\/#breadcrumb","itemListElement":[{"@type":"ListItem","position":1,"name":"Inicio","item":"https:\/\/patagoniambiental.com.ar\/info\/"},{"@type":"ListItem","position":2,"name":"Santa Cruz: La UNESCO visit\u00f3 cuevas de las Manos y la cuenca del r\u00edo Pinturas"}]},{"@type":"WebSite","@id":"https:\/\/patagoniambiental.com.ar\/info\/#website","url":"https:\/\/patagoniambiental.com.ar\/info\/","name":"Patagonia Ambiental","description":"Monitoreo y an\u00e1lisis de la situaci\u00f3n geopol\u00edtica en el mundo y su implicancia en la Patagonia","publisher":{"@id":"https:\/\/patagoniambiental.com.ar\/info\/#organization"},"potentialAction":[{"@type":"SearchAction","target":{"@type":"EntryPoint","urlTemplate":"https:\/\/patagoniambiental.com.ar\/info\/?s={search_term_string}"},"query-input":{"@type":"PropertyValueSpecification","valueRequired":true,"valueName":"search_term_string"}}],"inLanguage":"es"},{"@type":"Organization","@id":"https:\/\/patagoniambiental.com.ar\/info\/#organization","name":"Patagonia Ambiental","url":"https:\/\/patagoniambiental.com.ar\/info\/","logo":{"@type":"ImageObject","inLanguage":"es","@id":"https:\/\/patagoniambiental.com.ar\/info\/#\/schema\/logo\/image\/","url":"https:\/\/patagoniambiental.com.ar\/info\/wp-content\/uploads\/2025\/05\/LOGO-PATAGONIA-AMBIENTAL.png","contentUrl":"https:\/\/patagoniambiental.com.ar\/info\/wp-content\/uploads\/2025\/05\/LOGO-PATAGONIA-AMBIENTAL.png","width":433,"height":250,"caption":"Patagonia Ambiental"},"image":{"@id":"https:\/\/patagoniambiental.com.ar\/info\/#\/schema\/logo\/image\/"},"sameAs":["https:\/\/www.facebook.com\/patagonia.ambiental","https:\/\/x.com\/PatAmb"]},{"@type":"Person","@id":"https:\/\/patagoniambiental.com.ar\/info\/#\/schema\/person\/db12bff64bbcbf6a253710bf0ea37b5d","name":"Patagonia Ambiental","description":"Andr\u00e9s Nievas T\u00e9cnico en manejo ambiental, consultor Ambiental y escritor para medios locales e internacionales sobre temas de geopolitica y medio ambiente.","sameAs":["http:\/\/www.patagoniambiental.com.ar","https:\/\/www.facebook.com\/share\/1C1V8Gv9BX\/?mibextid=qi2Omg","@patagoniambiental","https:\/\/youtube.com\/@patagoniaambiental2023?si=BLt58t0wuXquxlYZ"]}]}},"_links":{"self":[{"href":"https:\/\/patagoniambiental.com.ar\/info\/wp-json\/wp\/v2\/posts\/16770","targetHints":{"allow":["GET"]}}],"collection":[{"href":"https:\/\/patagoniambiental.com.ar\/info\/wp-json\/wp\/v2\/posts"}],"about":[{"href":"https:\/\/patagoniambiental.com.ar\/info\/wp-json\/wp\/v2\/types\/post"}],"author":[{"embeddable":true,"href":"https:\/\/patagoniambiental.com.ar\/info\/wp-json\/wp\/v2\/users\/2"}],"replies":[{"embeddable":true,"href":"https:\/\/patagoniambiental.com.ar\/info\/wp-json\/wp\/v2\/comments?post=16770"}],"version-history":[{"count":0,"href":"https:\/\/patagoniambiental.com.ar\/info\/wp-json\/wp\/v2\/posts\/16770\/revisions"}],"wp:attachment":[{"href":"https:\/\/patagoniambiental.com.ar\/info\/wp-json\/wp\/v2\/media?parent=16770"}],"wp:term":[{"taxonomy":"category","embeddable":true,"href":"https:\/\/patagoniambiental.com.ar\/info\/wp-json\/wp\/v2\/categories?post=16770"},{"taxonomy":"post_tag","embeddable":true,"href":"https:\/\/patagoniambiental.com.ar\/info\/wp-json\/wp\/v2\/tags?post=16770"}],"curies":[{"name":"wp","href":"https:\/\/api.w.org\/{rel}","templated":true}]}}