{"id":16792,"date":"2016-02-19T09:00:15","date_gmt":"2016-02-19T12:00:15","guid":{"rendered":"http:\/\/patagoniambiental.com.ar\/?p=16792"},"modified":"2016-02-19T09:00:15","modified_gmt":"2016-02-19T12:00:15","slug":"alemania-esta-impulsando-una-revolucion-renovable-con-la-energia-eolica-y-solar","status":"publish","type":"post","link":"https:\/\/patagoniambiental.com.ar\/info\/alemania-esta-impulsando-una-revolucion-renovable-con-la-energia-eolica-y-solar\/","title":{"rendered":"Alemania esta impulsando una revoluci\u00f3n renovable con la energ\u00eda e\u00f3lica y solar"},"content":{"rendered":"<div id=\"cuerpo\">\n<p>Alemania.-En 2009 el pa\u00eds ten\u00eda 3mil 800 megavatios de capacidad instalada y en 2015 alcanz\u00f3 una capacidad instalada de m\u00e1s de 43GW la capacidad m\u00e1s alta de Europa y una de las m\u00e1s altas del mundo.<\/p>\n<\/div>\n<p><!--more--><\/p>\n<p>En 2012 durante dos d\u00edas consecutivos las plantas de energ\u00eda solar fotovoltaicas instaladas en Alemania produjeron 22 000 MWh en la hora del mediod\u00eda, equivalentes a la potencia de generaci\u00f3n de veinte centrales nucleares.<\/p>\n<div id=\"cuerpo\">\n<p>La revoluci\u00f3n renovable de Alemania llamada Energiewende est\u00e1 en apogeo y estar\u00eda dejando al carb\u00f3n, petr\u00f3leo y nuclear para remplazarlas por energ\u00eda e\u00f3lica, solar, biomasa y otras renovables. En septiembre pasado la Asociaci\u00f3n Alemana de Agua y Energ\u00eda report\u00f3 que la energ\u00eda limpia, principalmente e\u00f3lica y solar, ya duplica la generaci\u00f3n con energ\u00eda nuclear.<\/p>\n<p>Adem\u00e1s la energ\u00eda solar ya es m\u00e1s barata que los combustibles f\u00f3siles. Este pa\u00eds est\u00e1 otorgando incentivos y subsidios para la instalaci\u00f3n de paneles solares en los sistemas de calefacci\u00f3n. En 2010 las energ\u00edas renovables generaron m\u00e1s de 370 mil empleos en Alemania demostrando la importancia de este sector, m\u00e1s all\u00e1 de la reducci\u00f3n de las emisiones de gases de efecto invernadero.<\/p>\n<p>Alemania es el pa\u00eds que m\u00e1s comprometido ha estado con este cambio mediante su famoso \u201cEnergiewende\u201d, o plan de reconversi\u00f3n energ\u00e9tica aprobado hace cuatro a\u00f1os, tiene como objetivo reemplazar la energ\u00eda nuclear y de origen f\u00f3sil (es decir, el gas natural, el carb\u00f3n y el petr\u00f3leo, carb\u00f3n) por energ\u00edas renovables (como la e\u00f3lica, la solar y la biomasa) buscando la protecci\u00f3n del medio ambiente, costos asequibles para la poblaci\u00f3n alemana y la seguridad energ\u00e9tica del pa\u00eds.<\/p>\n<p>Es en este contexto que durante los \u00faltimos a\u00f1os Alemania ha alcanzado un nuevo r\u00e9cord mundial al producir sus centrales de energ\u00eda solar fotovoltaica 22 gigavatios de electricidad por hora, lo equivalente a la producci\u00f3n de 20 centrales nucleares. Actualmente la capacidad instalada de Alemania para generar esta energ\u00eda fotovoltaica es similar a la del total del resto del mundo y provee cerca del 20% de la energ\u00eda que consume dicha naci\u00f3n.<\/p>\n<\/div>\n<p>Fuente: Asociacion Argentina de Energia Eolica<\/p>\n<p>&nbsp;<\/p>\n","protected":false},"excerpt":{"rendered":"<p>Alemania.-En 2009 el pa\u00eds ten\u00eda 3mil 800 megavatios de capacidad instalada y en 2015 alcanz\u00f3 una capacidad instalada de m\u00e1s [&hellip;]<\/p>\n","protected":false},"author":2,"featured_media":0,"comment_status":"closed","ping_status":"closed","sticky":false,"template":"","format":"standard","meta":{"site-sidebar-layout":"default","site-content-layout":"","ast-site-content-layout":"default","site-content-style":"default","site-sidebar-style":"default","ast-global-header-display":"","ast-banner-title-visibility":"","ast-main-header-display":"","ast-hfb-above-header-display":"","ast-hfb-below-header-display":"","ast-hfb-mobile-header-display":"","site-post-title":"","ast-breadcrumbs-content":"","ast-featured-img":"","footer-sml-layout":"","ast-disable-related-posts":"","theme-transparent-header-meta":"","adv-header-id-meta":"","stick-header-meta":"","header-above-stick-meta":"","header-main-stick-meta":"","header-below-stick-meta":"","astra-migrate-meta-layouts":"default","ast-page-background-enabled":"default","ast-page-background-meta":{"desktop":{"background-color":"var(--ast-global-color-5)","background-image":"","background-repeat":"repeat","background-position":"center center","background-size":"auto","background-attachment":"scroll","background-type":"","background-media":"","overlay-type":"","overlay-color":"","overlay-opacity":"","overlay-gradient":""},"tablet":{"background-color":"","background-image":"","background-repeat":"repeat","background-position":"center center","background-size":"auto","background-attachment":"scroll","background-type":"","background-media":"","overlay-type":"","overlay-color":"","overlay-opacity":"","overlay-gradient":""},"mobile":{"background-color":"","background-image":"","background-repeat":"repeat","background-position":"center center","background-size":"auto","background-attachment":"scroll","background-type":"","background-media":"","overlay-type":"","overlay-color":"","overlay-opacity":"","overlay-gradient":""}},"ast-content-background-meta":{"desktop":{"background-color":"var(--ast-global-color-4)","background-image":"","background-repeat":"repeat","background-position":"center center","background-size":"auto","background-attachment":"scroll","background-type":"","background-media":"","overlay-type":"","overlay-color":"","overlay-opacity":"","overlay-gradient":""},"tablet":{"background-color":"var(--ast-global-color-4)","background-image":"","background-repeat":"repeat","background-position":"center center","background-size":"auto","background-attachment":"scroll","background-type":"","background-media":"","overlay-type":"","overlay-color":"","overlay-opacity":"","overlay-gradient":""},"mobile":{"background-color":"var(--ast-global-color-4)","background-image":"","background-repeat":"repeat","background-position":"center center","background-size":"auto","background-attachment":"scroll","background-type":"","background-media":"","overlay-type":"","overlay-color":"","overlay-opacity":"","overlay-gradient":""}},"footnotes":""},"categories":[23,1],"tags":[],"class_list":["post-16792","post","type-post","status-publish","format-standard","hentry","category-internacionales","category-noticias"],"yoast_head":"<!-- This site is optimized with the Yoast SEO Premium plugin v23.0 (Yoast SEO v27.5) - https:\/\/yoast.com\/product\/yoast-seo-premium-wordpress\/ -->\n<title>Alemania esta impulsando una revoluci\u00f3n renovable con la energ\u00eda e\u00f3lica y solar<\/title>\n<meta name=\"robots\" content=\"index, follow, max-snippet:-1, max-image-preview:large, max-video-preview:-1\" \/>\n<link rel=\"canonical\" href=\"https:\/\/patagoniambiental.com.ar\/info\/alemania-esta-impulsando-una-revolucion-renovable-con-la-energia-eolica-y-solar\/\" \/>\n<meta property=\"og:locale\" content=\"es_ES\" \/>\n<meta property=\"og:type\" content=\"article\" \/>\n<meta property=\"og:title\" content=\"Alemania esta impulsando una revoluci\u00f3n renovable con la energ\u00eda e\u00f3lica y solar\" \/>\n<meta property=\"og:description\" content=\"Alemania.-En 2009 el pa\u00eds ten\u00eda 3mil 800 megavatios de capacidad instalada y en 2015 alcanz\u00f3 una capacidad instalada de m\u00e1s [&hellip;]\" \/>\n<meta property=\"og:url\" content=\"https:\/\/patagoniambiental.com.ar\/info\/alemania-esta-impulsando-una-revolucion-renovable-con-la-energia-eolica-y-solar\/\" \/>\n<meta property=\"og:site_name\" content=\"Patagonia Ambiental\" \/>\n<meta property=\"article:publisher\" content=\"https:\/\/www.facebook.com\/patagonia.ambiental\" \/>\n<meta property=\"article:author\" content=\"https:\/\/www.facebook.com\/share\/1C1V8Gv9BX\/?mibextid=qi2Omg\" \/>\n<meta property=\"article:published_time\" content=\"2016-02-19T12:00:15+00:00\" \/>\n<meta name=\"author\" content=\"Patagonia Ambiental\" \/>\n<meta name=\"twitter:card\" content=\"summary_large_image\" \/>\n<meta name=\"twitter:creator\" content=\"@PatAmb\" \/>\n<meta name=\"twitter:site\" content=\"@PatAmb\" \/>\n<script type=\"application\/ld+json\" class=\"yoast-schema-graph\">{\"@context\":\"https:\\\/\\\/schema.org\",\"@graph\":[{\"@type\":\"Article\",\"@id\":\"https:\\\/\\\/patagoniambiental.com.ar\\\/info\\\/alemania-esta-impulsando-una-revolucion-renovable-con-la-energia-eolica-y-solar\\\/#article\",\"isPartOf\":{\"@id\":\"https:\\\/\\\/patagoniambiental.com.ar\\\/info\\\/alemania-esta-impulsando-una-revolucion-renovable-con-la-energia-eolica-y-solar\\\/\"},\"author\":{\"name\":\"Patagonia Ambiental\",\"@id\":\"https:\\\/\\\/patagoniambiental.com.ar\\\/info\\\/#\\\/schema\\\/person\\\/db12bff64bbcbf6a253710bf0ea37b5d\"},\"headline\":\"Alemania esta impulsando una revoluci\u00f3n renovable con la energ\u00eda e\u00f3lica y solar\",\"datePublished\":\"2016-02-19T12:00:15+00:00\",\"mainEntityOfPage\":{\"@id\":\"https:\\\/\\\/patagoniambiental.com.ar\\\/info\\\/alemania-esta-impulsando-una-revolucion-renovable-con-la-energia-eolica-y-solar\\\/\"},\"wordCount\":401,\"publisher\":{\"@id\":\"https:\\\/\\\/patagoniambiental.com.ar\\\/info\\\/#organization\"},\"articleSection\":[\"Internacionales\",\"Noticias\"],\"inLanguage\":\"es\"},{\"@type\":\"WebPage\",\"@id\":\"https:\\\/\\\/patagoniambiental.com.ar\\\/info\\\/alemania-esta-impulsando-una-revolucion-renovable-con-la-energia-eolica-y-solar\\\/\",\"url\":\"https:\\\/\\\/patagoniambiental.com.ar\\\/info\\\/alemania-esta-impulsando-una-revolucion-renovable-con-la-energia-eolica-y-solar\\\/\",\"name\":\"Alemania esta impulsando una revoluci\u00f3n renovable con la energ\u00eda e\u00f3lica y solar\",\"isPartOf\":{\"@id\":\"https:\\\/\\\/patagoniambiental.com.ar\\\/info\\\/#website\"},\"datePublished\":\"2016-02-19T12:00:15+00:00\",\"breadcrumb\":{\"@id\":\"https:\\\/\\\/patagoniambiental.com.ar\\\/info\\\/alemania-esta-impulsando-una-revolucion-renovable-con-la-energia-eolica-y-solar\\\/#breadcrumb\"},\"inLanguage\":\"es\",\"potentialAction\":[{\"@type\":\"ReadAction\",\"target\":[\"https:\\\/\\\/patagoniambiental.com.ar\\\/info\\\/alemania-esta-impulsando-una-revolucion-renovable-con-la-energia-eolica-y-solar\\\/\"]}]},{\"@type\":\"BreadcrumbList\",\"@id\":\"https:\\\/\\\/patagoniambiental.com.ar\\\/info\\\/alemania-esta-impulsando-una-revolucion-renovable-con-la-energia-eolica-y-solar\\\/#breadcrumb\",\"itemListElement\":[{\"@type\":\"ListItem\",\"position\":1,\"name\":\"Inicio\",\"item\":\"https:\\\/\\\/patagoniambiental.com.ar\\\/info\\\/\"},{\"@type\":\"ListItem\",\"position\":2,\"name\":\"Alemania esta impulsando una revoluci\u00f3n renovable con la energ\u00eda e\u00f3lica y solar\"}]},{\"@type\":\"WebSite\",\"@id\":\"https:\\\/\\\/patagoniambiental.com.ar\\\/info\\\/#website\",\"url\":\"https:\\\/\\\/patagoniambiental.com.ar\\\/info\\\/\",\"name\":\"Patagonia Ambiental\",\"description\":\"Monitoreo y an\u00e1lisis de la situaci\u00f3n geopol\u00edtica en el mundo y su implicancia en la Patagonia\",\"publisher\":{\"@id\":\"https:\\\/\\\/patagoniambiental.com.ar\\\/info\\\/#organization\"},\"potentialAction\":[{\"@type\":\"SearchAction\",\"target\":{\"@type\":\"EntryPoint\",\"urlTemplate\":\"https:\\\/\\\/patagoniambiental.com.ar\\\/info\\\/?s={search_term_string}\"},\"query-input\":{\"@type\":\"PropertyValueSpecification\",\"valueRequired\":true,\"valueName\":\"search_term_string\"}}],\"inLanguage\":\"es\"},{\"@type\":\"Organization\",\"@id\":\"https:\\\/\\\/patagoniambiental.com.ar\\\/info\\\/#organization\",\"name\":\"Patagonia Ambiental\",\"url\":\"https:\\\/\\\/patagoniambiental.com.ar\\\/info\\\/\",\"logo\":{\"@type\":\"ImageObject\",\"inLanguage\":\"es\",\"@id\":\"https:\\\/\\\/patagoniambiental.com.ar\\\/info\\\/#\\\/schema\\\/logo\\\/image\\\/\",\"url\":\"https:\\\/\\\/patagoniambiental.com.ar\\\/info\\\/wp-content\\\/uploads\\\/2025\\\/05\\\/LOGO-PATAGONIA-AMBIENTAL.png\",\"contentUrl\":\"https:\\\/\\\/patagoniambiental.com.ar\\\/info\\\/wp-content\\\/uploads\\\/2025\\\/05\\\/LOGO-PATAGONIA-AMBIENTAL.png\",\"width\":433,\"height\":250,\"caption\":\"Patagonia Ambiental\"},\"image\":{\"@id\":\"https:\\\/\\\/patagoniambiental.com.ar\\\/info\\\/#\\\/schema\\\/logo\\\/image\\\/\"},\"sameAs\":[\"https:\\\/\\\/www.facebook.com\\\/patagonia.ambiental\",\"https:\\\/\\\/x.com\\\/PatAmb\"]},{\"@type\":\"Person\",\"@id\":\"https:\\\/\\\/patagoniambiental.com.ar\\\/info\\\/#\\\/schema\\\/person\\\/db12bff64bbcbf6a253710bf0ea37b5d\",\"name\":\"Patagonia Ambiental\",\"description\":\"Andr\u00e9s Nievas T\u00e9cnico en manejo ambiental, consultor Ambiental y escritor para medios locales e internacionales sobre temas de geopolitica y medio ambiente.\",\"sameAs\":[\"http:\\\/\\\/www.patagoniambiental.com.ar\",\"https:\\\/\\\/www.facebook.com\\\/share\\\/1C1V8Gv9BX\\\/?mibextid=qi2Omg\",\"@patagoniambiental\",\"https:\\\/\\\/youtube.com\\\/@patagoniaambiental2023?si=BLt58t0wuXquxlYZ\"]}]}<\/script>\n<!-- \/ Yoast SEO Premium plugin. -->","yoast_head_json":{"title":"Alemania esta impulsando una revoluci\u00f3n renovable con la energ\u00eda e\u00f3lica y solar","robots":{"index":"index","follow":"follow","max-snippet":"max-snippet:-1","max-image-preview":"max-image-preview:large","max-video-preview":"max-video-preview:-1"},"canonical":"https:\/\/patagoniambiental.com.ar\/info\/alemania-esta-impulsando-una-revolucion-renovable-con-la-energia-eolica-y-solar\/","og_locale":"es_ES","og_type":"article","og_title":"Alemania esta impulsando una revoluci\u00f3n renovable con la energ\u00eda e\u00f3lica y solar","og_description":"Alemania.-En 2009 el pa\u00eds ten\u00eda 3mil 800 megavatios de capacidad instalada y en 2015 alcanz\u00f3 una capacidad instalada de m\u00e1s [&hellip;]","og_url":"https:\/\/patagoniambiental.com.ar\/info\/alemania-esta-impulsando-una-revolucion-renovable-con-la-energia-eolica-y-solar\/","og_site_name":"Patagonia Ambiental","article_publisher":"https:\/\/www.facebook.com\/patagonia.ambiental","article_author":"https:\/\/www.facebook.com\/share\/1C1V8Gv9BX\/?mibextid=qi2Omg","article_published_time":"2016-02-19T12:00:15+00:00","author":"Patagonia Ambiental","twitter_card":"summary_large_image","twitter_creator":"@PatAmb","twitter_site":"@PatAmb","schema":{"@context":"https:\/\/schema.org","@graph":[{"@type":"Article","@id":"https:\/\/patagoniambiental.com.ar\/info\/alemania-esta-impulsando-una-revolucion-renovable-con-la-energia-eolica-y-solar\/#article","isPartOf":{"@id":"https:\/\/patagoniambiental.com.ar\/info\/alemania-esta-impulsando-una-revolucion-renovable-con-la-energia-eolica-y-solar\/"},"author":{"name":"Patagonia Ambiental","@id":"https:\/\/patagoniambiental.com.ar\/info\/#\/schema\/person\/db12bff64bbcbf6a253710bf0ea37b5d"},"headline":"Alemania esta impulsando una revoluci\u00f3n renovable con la energ\u00eda e\u00f3lica y solar","datePublished":"2016-02-19T12:00:15+00:00","mainEntityOfPage":{"@id":"https:\/\/patagoniambiental.com.ar\/info\/alemania-esta-impulsando-una-revolucion-renovable-con-la-energia-eolica-y-solar\/"},"wordCount":401,"publisher":{"@id":"https:\/\/patagoniambiental.com.ar\/info\/#organization"},"articleSection":["Internacionales","Noticias"],"inLanguage":"es"},{"@type":"WebPage","@id":"https:\/\/patagoniambiental.com.ar\/info\/alemania-esta-impulsando-una-revolucion-renovable-con-la-energia-eolica-y-solar\/","url":"https:\/\/patagoniambiental.com.ar\/info\/alemania-esta-impulsando-una-revolucion-renovable-con-la-energia-eolica-y-solar\/","name":"Alemania esta impulsando una revoluci\u00f3n renovable con la energ\u00eda e\u00f3lica y solar","isPartOf":{"@id":"https:\/\/patagoniambiental.com.ar\/info\/#website"},"datePublished":"2016-02-19T12:00:15+00:00","breadcrumb":{"@id":"https:\/\/patagoniambiental.com.ar\/info\/alemania-esta-impulsando-una-revolucion-renovable-con-la-energia-eolica-y-solar\/#breadcrumb"},"inLanguage":"es","potentialAction":[{"@type":"ReadAction","target":["https:\/\/patagoniambiental.com.ar\/info\/alemania-esta-impulsando-una-revolucion-renovable-con-la-energia-eolica-y-solar\/"]}]},{"@type":"BreadcrumbList","@id":"https:\/\/patagoniambiental.com.ar\/info\/alemania-esta-impulsando-una-revolucion-renovable-con-la-energia-eolica-y-solar\/#breadcrumb","itemListElement":[{"@type":"ListItem","position":1,"name":"Inicio","item":"https:\/\/patagoniambiental.com.ar\/info\/"},{"@type":"ListItem","position":2,"name":"Alemania esta impulsando una revoluci\u00f3n renovable con la energ\u00eda e\u00f3lica y solar"}]},{"@type":"WebSite","@id":"https:\/\/patagoniambiental.com.ar\/info\/#website","url":"https:\/\/patagoniambiental.com.ar\/info\/","name":"Patagonia Ambiental","description":"Monitoreo y an\u00e1lisis de la situaci\u00f3n geopol\u00edtica en el mundo y su implicancia en la Patagonia","publisher":{"@id":"https:\/\/patagoniambiental.com.ar\/info\/#organization"},"potentialAction":[{"@type":"SearchAction","target":{"@type":"EntryPoint","urlTemplate":"https:\/\/patagoniambiental.com.ar\/info\/?s={search_term_string}"},"query-input":{"@type":"PropertyValueSpecification","valueRequired":true,"valueName":"search_term_string"}}],"inLanguage":"es"},{"@type":"Organization","@id":"https:\/\/patagoniambiental.com.ar\/info\/#organization","name":"Patagonia Ambiental","url":"https:\/\/patagoniambiental.com.ar\/info\/","logo":{"@type":"ImageObject","inLanguage":"es","@id":"https:\/\/patagoniambiental.com.ar\/info\/#\/schema\/logo\/image\/","url":"https:\/\/patagoniambiental.com.ar\/info\/wp-content\/uploads\/2025\/05\/LOGO-PATAGONIA-AMBIENTAL.png","contentUrl":"https:\/\/patagoniambiental.com.ar\/info\/wp-content\/uploads\/2025\/05\/LOGO-PATAGONIA-AMBIENTAL.png","width":433,"height":250,"caption":"Patagonia Ambiental"},"image":{"@id":"https:\/\/patagoniambiental.com.ar\/info\/#\/schema\/logo\/image\/"},"sameAs":["https:\/\/www.facebook.com\/patagonia.ambiental","https:\/\/x.com\/PatAmb"]},{"@type":"Person","@id":"https:\/\/patagoniambiental.com.ar\/info\/#\/schema\/person\/db12bff64bbcbf6a253710bf0ea37b5d","name":"Patagonia Ambiental","description":"Andr\u00e9s Nievas T\u00e9cnico en manejo ambiental, consultor Ambiental y escritor para medios locales e internacionales sobre temas de geopolitica y medio ambiente.","sameAs":["http:\/\/www.patagoniambiental.com.ar","https:\/\/www.facebook.com\/share\/1C1V8Gv9BX\/?mibextid=qi2Omg","@patagoniambiental","https:\/\/youtube.com\/@patagoniaambiental2023?si=BLt58t0wuXquxlYZ"]}]}},"_links":{"self":[{"href":"https:\/\/patagoniambiental.com.ar\/info\/wp-json\/wp\/v2\/posts\/16792","targetHints":{"allow":["GET"]}}],"collection":[{"href":"https:\/\/patagoniambiental.com.ar\/info\/wp-json\/wp\/v2\/posts"}],"about":[{"href":"https:\/\/patagoniambiental.com.ar\/info\/wp-json\/wp\/v2\/types\/post"}],"author":[{"embeddable":true,"href":"https:\/\/patagoniambiental.com.ar\/info\/wp-json\/wp\/v2\/users\/2"}],"replies":[{"embeddable":true,"href":"https:\/\/patagoniambiental.com.ar\/info\/wp-json\/wp\/v2\/comments?post=16792"}],"version-history":[{"count":0,"href":"https:\/\/patagoniambiental.com.ar\/info\/wp-json\/wp\/v2\/posts\/16792\/revisions"}],"wp:attachment":[{"href":"https:\/\/patagoniambiental.com.ar\/info\/wp-json\/wp\/v2\/media?parent=16792"}],"wp:term":[{"taxonomy":"category","embeddable":true,"href":"https:\/\/patagoniambiental.com.ar\/info\/wp-json\/wp\/v2\/categories?post=16792"},{"taxonomy":"post_tag","embeddable":true,"href":"https:\/\/patagoniambiental.com.ar\/info\/wp-json\/wp\/v2\/tags?post=16792"}],"curies":[{"name":"wp","href":"https:\/\/api.w.org\/{rel}","templated":true}]}}