{"id":16812,"date":"2016-02-20T09:07:33","date_gmt":"2016-02-20T12:07:33","guid":{"rendered":"http:\/\/patagoniambiental.com.ar\/?p=16812"},"modified":"2016-02-20T09:07:33","modified_gmt":"2016-02-20T12:07:33","slug":"antartida-desarrollan-aerogenerador-para-climas-extremos","status":"publish","type":"post","link":"https:\/\/patagoniambiental.com.ar\/info\/antartida-desarrollan-aerogenerador-para-climas-extremos\/","title":{"rendered":"Ant\u00e1rtida: desarrollan aerogenerador para climas extremos"},"content":{"rendered":"<div>El 22 de febrero de 2016, d\u00eda de la Ant\u00e1rtida Argentina se cumplen 112 a\u00f1os de permanencia argentina ininterrumpida en \u00a0ese continente, fecha en que se conmemora el primer izamiento de la Bandera Argentina en la isla Laurie del grupo de Islas Orcadas, al ser inaugurada la actual Base Orcadas.<\/div>\n<div>Durante \u00a0los primeros cuarenta a\u00f1os Argentina fue el \u00fanico pa\u00eds ocupante permanente. Este hecho demuestra sobradamente nuestra soberan\u00eda en el \u00e1rea.\u00a0Pero no solo se habla de soberan\u00eda en pasado. En la actualidad un proyecto de energ\u00eda e\u00f3lica vuelve sobre el tema.<\/div>\n<div><\/div>\n<div>Los Ing Eduardo Martins Do Vale y Ricardo Bolzi miembros de la \u00a0DGID- Direcci\u00f3n General de Investigaci\u00f3n y desarrollo de \u00a0la FAA al mando del Comodoro Sacco, lideran el DESARROLLO DE UN AEROGENERADOR PARA CLIMAS EXTREMOS QUE \u00a0PUEDA OPERAR EN LA ANTARTIDA<\/div>\n<div><\/div>\n<div>Llevando adelante una tarea de gran complejidad ya que deben afrontar inconvenientes tales como idear un aerogenerador con condiciones para un clima aislado e inh\u00f3spito.<\/div>\n<div><\/div>\n<div>Las \u00a0temperaturas \u00a0y vientos extremos, especialmente en el \u00e1rea donde nuestro pa\u00eds tiene enfocada sus actividades, \u00a0alcanzan los \u00a0 -20\u00b0 C con sensaciones t\u00e9rmicas de -40\u00b0C \u00a0y las velocidades promedio de viento rondan los 14 m\/s, con r\u00e1fagas de 60 m\/s.<\/div>\n<div><\/div>\n<div>Bajo estas condiciones, la energ\u00eda es vital para la supervivencia humana. Normalmente dicha energ\u00eda se obtiene de combustibles f\u00f3siles.<\/div>\n<div>El trabajo de la DGID se desarrolla en la Base Marambio, administrada por la Fuerza A\u00e9rea, la cual est\u00e1 localizada en la Isla Marambio sobre la Pen\u00ednsula Ant\u00e1rtica rodeada por el Mar de Weddell .<\/div>\n<div><\/div>\n<div>La importancia de Marambio radica en que se considera el punto Argentino de ingreso permanente al Continente Blanco \u00a0desde donde se brinda \u00a0apoyo log\u00edstico a la comunidad cient\u00edfica Argentina e Internacional.<\/div>\n<div>Durante el verano Ant\u00e1rtico \u00a0todas las provisiones, el combustible y el resto de los elementos necesarios para la supervivencia humana se efect\u00faan en un puente a\u00e9reo entre el rompehielos y la Base mediante el uso de helic\u00f3pteros debido a que all\u00ed no existe un puerto.<\/div>\n<div><\/div>\n<div>\n<div>El aerogenerador desarrollado es un Clase \u201cS\u201d (special)(DNV) \u00a0Tipo Downwind, de potencia nominal 6 kW, velocidad nominal 12m\/s, di\u00e1metro del rotor 4.50 mts.s y est\u00e1 dise\u00f1ado para soportar r\u00e1fagas de 60 m\/s<\/div>\n<div><\/div>\n<div>La unidad de control es electr\u00f3nica y posee transmisi\u00f3n remota de funcionamiento y monitoreo online as\u00ed como un Subsistema de freno hidr\u00e1ulico para mayor seguridad.<\/div>\n<div><\/div>\n<div>En este momento el proyecto de encuentra en etapa de ensayo en R\u00edo Gallegos, donde se ajustara el sistema de telemetr\u00eda \u00a0y control online y un nuevo juego de palas y un sistema automatizado de izaje del aerogenerador tendiente a hacer m\u00e1s eficiente la operaci\u00f3n de montaje en Marambio<\/div>\n<div><\/div>\n<div>La FAA estima que para el mes de octubre del 2016 estar\u00e1 \u00a0en condiciones de trasladar el aerogenerador a la Ant\u00e1rtida.<\/div>\n<div><\/div>\n<div>Fuente: Comunicado de la AAEE<\/div>\n<\/div>\n","protected":false},"excerpt":{"rendered":"<p>El 22 de febrero de 2016, d\u00eda de la Ant\u00e1rtida Argentina se cumplen 112 a\u00f1os de permanencia argentina ininterrumpida en [&hellip;]<\/p>\n","protected":false},"author":2,"featured_media":0,"comment_status":"closed","ping_status":"closed","sticky":false,"template":"","format":"standard","meta":{"site-sidebar-layout":"default","site-content-layout":"","ast-site-content-layout":"default","site-content-style":"default","site-sidebar-style":"default","ast-global-header-display":"","ast-banner-title-visibility":"","ast-main-header-display":"","ast-hfb-above-header-display":"","ast-hfb-below-header-display":"","ast-hfb-mobile-header-display":"","site-post-title":"","ast-breadcrumbs-content":"","ast-featured-img":"","footer-sml-layout":"","ast-disable-related-posts":"","theme-transparent-header-meta":"","adv-header-id-meta":"","stick-header-meta":"","header-above-stick-meta":"","header-main-stick-meta":"","header-below-stick-meta":"","astra-migrate-meta-layouts":"default","ast-page-background-enabled":"default","ast-page-background-meta":{"desktop":{"background-color":"var(--ast-global-color-5)","background-image":"","background-repeat":"repeat","background-position":"center center","background-size":"auto","background-attachment":"scroll","background-type":"","background-media":"","overlay-type":"","overlay-color":"","overlay-opacity":"","overlay-gradient":""},"tablet":{"background-color":"","background-image":"","background-repeat":"repeat","background-position":"center center","background-size":"auto","background-attachment":"scroll","background-type":"","background-media":"","overlay-type":"","overlay-color":"","overlay-opacity":"","overlay-gradient":""},"mobile":{"background-color":"","background-image":"","background-repeat":"repeat","background-position":"center center","background-size":"auto","background-attachment":"scroll","background-type":"","background-media":"","overlay-type":"","overlay-color":"","overlay-opacity":"","overlay-gradient":""}},"ast-content-background-meta":{"desktop":{"background-color":"var(--ast-global-color-4)","background-image":"","background-repeat":"repeat","background-position":"center center","background-size":"auto","background-attachment":"scroll","background-type":"","background-media":"","overlay-type":"","overlay-color":"","overlay-opacity":"","overlay-gradient":""},"tablet":{"background-color":"var(--ast-global-color-4)","background-image":"","background-repeat":"repeat","background-position":"center center","background-size":"auto","background-attachment":"scroll","background-type":"","background-media":"","overlay-type":"","overlay-color":"","overlay-opacity":"","overlay-gradient":""},"mobile":{"background-color":"var(--ast-global-color-4)","background-image":"","background-repeat":"repeat","background-position":"center center","background-size":"auto","background-attachment":"scroll","background-type":"","background-media":"","overlay-type":"","overlay-color":"","overlay-opacity":"","overlay-gradient":""}},"footnotes":""},"categories":[1],"tags":[],"class_list":["post-16812","post","type-post","status-publish","format-standard","hentry","category-noticias"],"yoast_head":"<!-- This site is optimized with the Yoast SEO Premium plugin v23.0 (Yoast SEO v27.5) - https:\/\/yoast.com\/product\/yoast-seo-premium-wordpress\/ -->\n<title>Ant\u00e1rtida: desarrollan aerogenerador para climas extremos<\/title>\n<meta name=\"robots\" content=\"index, follow, max-snippet:-1, max-image-preview:large, max-video-preview:-1\" \/>\n<link rel=\"canonical\" href=\"https:\/\/patagoniambiental.com.ar\/info\/antartida-desarrollan-aerogenerador-para-climas-extremos\/\" \/>\n<meta property=\"og:locale\" content=\"es_ES\" \/>\n<meta property=\"og:type\" content=\"article\" \/>\n<meta property=\"og:title\" content=\"Ant\u00e1rtida: desarrollan aerogenerador para climas extremos\" \/>\n<meta property=\"og:description\" content=\"El 22 de febrero de 2016, d\u00eda de la Ant\u00e1rtida Argentina se cumplen 112 a\u00f1os de permanencia argentina ininterrumpida en [&hellip;]\" \/>\n<meta property=\"og:url\" content=\"https:\/\/patagoniambiental.com.ar\/info\/antartida-desarrollan-aerogenerador-para-climas-extremos\/\" \/>\n<meta property=\"og:site_name\" content=\"Patagonia Ambiental\" \/>\n<meta property=\"article:publisher\" content=\"https:\/\/www.facebook.com\/patagonia.ambiental\" \/>\n<meta property=\"article:author\" content=\"https:\/\/www.facebook.com\/share\/1C1V8Gv9BX\/?mibextid=qi2Omg\" \/>\n<meta property=\"article:published_time\" content=\"2016-02-20T12:07:33+00:00\" \/>\n<meta name=\"author\" content=\"Patagonia Ambiental\" \/>\n<meta name=\"twitter:card\" content=\"summary_large_image\" \/>\n<meta name=\"twitter:creator\" content=\"@PatAmb\" \/>\n<meta name=\"twitter:site\" content=\"@PatAmb\" \/>\n<script type=\"application\/ld+json\" class=\"yoast-schema-graph\">{\"@context\":\"https:\\\/\\\/schema.org\",\"@graph\":[{\"@type\":\"Article\",\"@id\":\"https:\\\/\\\/patagoniambiental.com.ar\\\/info\\\/antartida-desarrollan-aerogenerador-para-climas-extremos\\\/#article\",\"isPartOf\":{\"@id\":\"https:\\\/\\\/patagoniambiental.com.ar\\\/info\\\/antartida-desarrollan-aerogenerador-para-climas-extremos\\\/\"},\"author\":{\"name\":\"Patagonia Ambiental\",\"@id\":\"https:\\\/\\\/patagoniambiental.com.ar\\\/info\\\/#\\\/schema\\\/person\\\/db12bff64bbcbf6a253710bf0ea37b5d\"},\"headline\":\"Ant\u00e1rtida: desarrollan aerogenerador para climas extremos\",\"datePublished\":\"2016-02-20T12:07:33+00:00\",\"mainEntityOfPage\":{\"@id\":\"https:\\\/\\\/patagoniambiental.com.ar\\\/info\\\/antartida-desarrollan-aerogenerador-para-climas-extremos\\\/\"},\"wordCount\":503,\"publisher\":{\"@id\":\"https:\\\/\\\/patagoniambiental.com.ar\\\/info\\\/#organization\"},\"articleSection\":[\"Noticias\"],\"inLanguage\":\"es\"},{\"@type\":\"WebPage\",\"@id\":\"https:\\\/\\\/patagoniambiental.com.ar\\\/info\\\/antartida-desarrollan-aerogenerador-para-climas-extremos\\\/\",\"url\":\"https:\\\/\\\/patagoniambiental.com.ar\\\/info\\\/antartida-desarrollan-aerogenerador-para-climas-extremos\\\/\",\"name\":\"Ant\u00e1rtida: desarrollan aerogenerador para climas extremos\",\"isPartOf\":{\"@id\":\"https:\\\/\\\/patagoniambiental.com.ar\\\/info\\\/#website\"},\"datePublished\":\"2016-02-20T12:07:33+00:00\",\"breadcrumb\":{\"@id\":\"https:\\\/\\\/patagoniambiental.com.ar\\\/info\\\/antartida-desarrollan-aerogenerador-para-climas-extremos\\\/#breadcrumb\"},\"inLanguage\":\"es\",\"potentialAction\":[{\"@type\":\"ReadAction\",\"target\":[\"https:\\\/\\\/patagoniambiental.com.ar\\\/info\\\/antartida-desarrollan-aerogenerador-para-climas-extremos\\\/\"]}]},{\"@type\":\"BreadcrumbList\",\"@id\":\"https:\\\/\\\/patagoniambiental.com.ar\\\/info\\\/antartida-desarrollan-aerogenerador-para-climas-extremos\\\/#breadcrumb\",\"itemListElement\":[{\"@type\":\"ListItem\",\"position\":1,\"name\":\"Inicio\",\"item\":\"https:\\\/\\\/patagoniambiental.com.ar\\\/info\\\/\"},{\"@type\":\"ListItem\",\"position\":2,\"name\":\"Ant\u00e1rtida: desarrollan aerogenerador para climas extremos\"}]},{\"@type\":\"WebSite\",\"@id\":\"https:\\\/\\\/patagoniambiental.com.ar\\\/info\\\/#website\",\"url\":\"https:\\\/\\\/patagoniambiental.com.ar\\\/info\\\/\",\"name\":\"Patagonia Ambiental\",\"description\":\"Monitoreo y an\u00e1lisis de la situaci\u00f3n geopol\u00edtica en el mundo y su implicancia en la Patagonia\",\"publisher\":{\"@id\":\"https:\\\/\\\/patagoniambiental.com.ar\\\/info\\\/#organization\"},\"potentialAction\":[{\"@type\":\"SearchAction\",\"target\":{\"@type\":\"EntryPoint\",\"urlTemplate\":\"https:\\\/\\\/patagoniambiental.com.ar\\\/info\\\/?s={search_term_string}\"},\"query-input\":{\"@type\":\"PropertyValueSpecification\",\"valueRequired\":true,\"valueName\":\"search_term_string\"}}],\"inLanguage\":\"es\"},{\"@type\":\"Organization\",\"@id\":\"https:\\\/\\\/patagoniambiental.com.ar\\\/info\\\/#organization\",\"name\":\"Patagonia Ambiental\",\"url\":\"https:\\\/\\\/patagoniambiental.com.ar\\\/info\\\/\",\"logo\":{\"@type\":\"ImageObject\",\"inLanguage\":\"es\",\"@id\":\"https:\\\/\\\/patagoniambiental.com.ar\\\/info\\\/#\\\/schema\\\/logo\\\/image\\\/\",\"url\":\"https:\\\/\\\/patagoniambiental.com.ar\\\/info\\\/wp-content\\\/uploads\\\/2025\\\/05\\\/LOGO-PATAGONIA-AMBIENTAL.png\",\"contentUrl\":\"https:\\\/\\\/patagoniambiental.com.ar\\\/info\\\/wp-content\\\/uploads\\\/2025\\\/05\\\/LOGO-PATAGONIA-AMBIENTAL.png\",\"width\":433,\"height\":250,\"caption\":\"Patagonia Ambiental\"},\"image\":{\"@id\":\"https:\\\/\\\/patagoniambiental.com.ar\\\/info\\\/#\\\/schema\\\/logo\\\/image\\\/\"},\"sameAs\":[\"https:\\\/\\\/www.facebook.com\\\/patagonia.ambiental\",\"https:\\\/\\\/x.com\\\/PatAmb\"]},{\"@type\":\"Person\",\"@id\":\"https:\\\/\\\/patagoniambiental.com.ar\\\/info\\\/#\\\/schema\\\/person\\\/db12bff64bbcbf6a253710bf0ea37b5d\",\"name\":\"Patagonia Ambiental\",\"description\":\"Andr\u00e9s Nievas T\u00e9cnico en manejo ambiental, consultor Ambiental y escritor para medios locales e internacionales sobre temas de geopolitica y medio ambiente.\",\"sameAs\":[\"http:\\\/\\\/www.patagoniambiental.com.ar\",\"https:\\\/\\\/www.facebook.com\\\/share\\\/1C1V8Gv9BX\\\/?mibextid=qi2Omg\",\"@patagoniambiental\",\"https:\\\/\\\/youtube.com\\\/@patagoniaambiental2023?si=BLt58t0wuXquxlYZ\"]}]}<\/script>\n<!-- \/ Yoast SEO Premium plugin. -->","yoast_head_json":{"title":"Ant\u00e1rtida: desarrollan aerogenerador para climas extremos","robots":{"index":"index","follow":"follow","max-snippet":"max-snippet:-1","max-image-preview":"max-image-preview:large","max-video-preview":"max-video-preview:-1"},"canonical":"https:\/\/patagoniambiental.com.ar\/info\/antartida-desarrollan-aerogenerador-para-climas-extremos\/","og_locale":"es_ES","og_type":"article","og_title":"Ant\u00e1rtida: desarrollan aerogenerador para climas extremos","og_description":"El 22 de febrero de 2016, d\u00eda de la Ant\u00e1rtida Argentina se cumplen 112 a\u00f1os de permanencia argentina ininterrumpida en [&hellip;]","og_url":"https:\/\/patagoniambiental.com.ar\/info\/antartida-desarrollan-aerogenerador-para-climas-extremos\/","og_site_name":"Patagonia Ambiental","article_publisher":"https:\/\/www.facebook.com\/patagonia.ambiental","article_author":"https:\/\/www.facebook.com\/share\/1C1V8Gv9BX\/?mibextid=qi2Omg","article_published_time":"2016-02-20T12:07:33+00:00","author":"Patagonia Ambiental","twitter_card":"summary_large_image","twitter_creator":"@PatAmb","twitter_site":"@PatAmb","schema":{"@context":"https:\/\/schema.org","@graph":[{"@type":"Article","@id":"https:\/\/patagoniambiental.com.ar\/info\/antartida-desarrollan-aerogenerador-para-climas-extremos\/#article","isPartOf":{"@id":"https:\/\/patagoniambiental.com.ar\/info\/antartida-desarrollan-aerogenerador-para-climas-extremos\/"},"author":{"name":"Patagonia Ambiental","@id":"https:\/\/patagoniambiental.com.ar\/info\/#\/schema\/person\/db12bff64bbcbf6a253710bf0ea37b5d"},"headline":"Ant\u00e1rtida: desarrollan aerogenerador para climas extremos","datePublished":"2016-02-20T12:07:33+00:00","mainEntityOfPage":{"@id":"https:\/\/patagoniambiental.com.ar\/info\/antartida-desarrollan-aerogenerador-para-climas-extremos\/"},"wordCount":503,"publisher":{"@id":"https:\/\/patagoniambiental.com.ar\/info\/#organization"},"articleSection":["Noticias"],"inLanguage":"es"},{"@type":"WebPage","@id":"https:\/\/patagoniambiental.com.ar\/info\/antartida-desarrollan-aerogenerador-para-climas-extremos\/","url":"https:\/\/patagoniambiental.com.ar\/info\/antartida-desarrollan-aerogenerador-para-climas-extremos\/","name":"Ant\u00e1rtida: desarrollan aerogenerador para climas extremos","isPartOf":{"@id":"https:\/\/patagoniambiental.com.ar\/info\/#website"},"datePublished":"2016-02-20T12:07:33+00:00","breadcrumb":{"@id":"https:\/\/patagoniambiental.com.ar\/info\/antartida-desarrollan-aerogenerador-para-climas-extremos\/#breadcrumb"},"inLanguage":"es","potentialAction":[{"@type":"ReadAction","target":["https:\/\/patagoniambiental.com.ar\/info\/antartida-desarrollan-aerogenerador-para-climas-extremos\/"]}]},{"@type":"BreadcrumbList","@id":"https:\/\/patagoniambiental.com.ar\/info\/antartida-desarrollan-aerogenerador-para-climas-extremos\/#breadcrumb","itemListElement":[{"@type":"ListItem","position":1,"name":"Inicio","item":"https:\/\/patagoniambiental.com.ar\/info\/"},{"@type":"ListItem","position":2,"name":"Ant\u00e1rtida: desarrollan aerogenerador para climas extremos"}]},{"@type":"WebSite","@id":"https:\/\/patagoniambiental.com.ar\/info\/#website","url":"https:\/\/patagoniambiental.com.ar\/info\/","name":"Patagonia Ambiental","description":"Monitoreo y an\u00e1lisis de la situaci\u00f3n geopol\u00edtica en el mundo y su implicancia en la Patagonia","publisher":{"@id":"https:\/\/patagoniambiental.com.ar\/info\/#organization"},"potentialAction":[{"@type":"SearchAction","target":{"@type":"EntryPoint","urlTemplate":"https:\/\/patagoniambiental.com.ar\/info\/?s={search_term_string}"},"query-input":{"@type":"PropertyValueSpecification","valueRequired":true,"valueName":"search_term_string"}}],"inLanguage":"es"},{"@type":"Organization","@id":"https:\/\/patagoniambiental.com.ar\/info\/#organization","name":"Patagonia Ambiental","url":"https:\/\/patagoniambiental.com.ar\/info\/","logo":{"@type":"ImageObject","inLanguage":"es","@id":"https:\/\/patagoniambiental.com.ar\/info\/#\/schema\/logo\/image\/","url":"https:\/\/patagoniambiental.com.ar\/info\/wp-content\/uploads\/2025\/05\/LOGO-PATAGONIA-AMBIENTAL.png","contentUrl":"https:\/\/patagoniambiental.com.ar\/info\/wp-content\/uploads\/2025\/05\/LOGO-PATAGONIA-AMBIENTAL.png","width":433,"height":250,"caption":"Patagonia Ambiental"},"image":{"@id":"https:\/\/patagoniambiental.com.ar\/info\/#\/schema\/logo\/image\/"},"sameAs":["https:\/\/www.facebook.com\/patagonia.ambiental","https:\/\/x.com\/PatAmb"]},{"@type":"Person","@id":"https:\/\/patagoniambiental.com.ar\/info\/#\/schema\/person\/db12bff64bbcbf6a253710bf0ea37b5d","name":"Patagonia Ambiental","description":"Andr\u00e9s Nievas T\u00e9cnico en manejo ambiental, consultor Ambiental y escritor para medios locales e internacionales sobre temas de geopolitica y medio ambiente.","sameAs":["http:\/\/www.patagoniambiental.com.ar","https:\/\/www.facebook.com\/share\/1C1V8Gv9BX\/?mibextid=qi2Omg","@patagoniambiental","https:\/\/youtube.com\/@patagoniaambiental2023?si=BLt58t0wuXquxlYZ"]}]}},"_links":{"self":[{"href":"https:\/\/patagoniambiental.com.ar\/info\/wp-json\/wp\/v2\/posts\/16812","targetHints":{"allow":["GET"]}}],"collection":[{"href":"https:\/\/patagoniambiental.com.ar\/info\/wp-json\/wp\/v2\/posts"}],"about":[{"href":"https:\/\/patagoniambiental.com.ar\/info\/wp-json\/wp\/v2\/types\/post"}],"author":[{"embeddable":true,"href":"https:\/\/patagoniambiental.com.ar\/info\/wp-json\/wp\/v2\/users\/2"}],"replies":[{"embeddable":true,"href":"https:\/\/patagoniambiental.com.ar\/info\/wp-json\/wp\/v2\/comments?post=16812"}],"version-history":[{"count":0,"href":"https:\/\/patagoniambiental.com.ar\/info\/wp-json\/wp\/v2\/posts\/16812\/revisions"}],"wp:attachment":[{"href":"https:\/\/patagoniambiental.com.ar\/info\/wp-json\/wp\/v2\/media?parent=16812"}],"wp:term":[{"taxonomy":"category","embeddable":true,"href":"https:\/\/patagoniambiental.com.ar\/info\/wp-json\/wp\/v2\/categories?post=16812"},{"taxonomy":"post_tag","embeddable":true,"href":"https:\/\/patagoniambiental.com.ar\/info\/wp-json\/wp\/v2\/tags?post=16812"}],"curies":[{"name":"wp","href":"https:\/\/api.w.org\/{rel}","templated":true}]}}