{"id":16866,"date":"2016-02-23T09:00:20","date_gmt":"2016-02-23T12:00:20","guid":{"rendered":"http:\/\/patagoniambiental.com.ar\/?p=16866"},"modified":"2016-02-23T09:00:20","modified_gmt":"2016-02-23T12:00:20","slug":"francia-les-prohibe-a-los-supermercados-desperdiciar-alimentos","status":"publish","type":"post","link":"https:\/\/patagoniambiental.com.ar\/info\/francia-les-prohibe-a-los-supermercados-desperdiciar-alimentos\/","title":{"rendered":"Francia les proh\u00edbe a los supermercados desperdiciar alimentos"},"content":{"rendered":"<p>Francia &#8211;\u00a0En virtud de una ley aprobada por unanimidad en el Senado franc\u00e9s, a partir del pasado 10\/2 las grandes tiendas ya no podr\u00e1n almacenar comida\u00a0que est\u00e9 a punto de caducar. En vez de ello deber\u00e1n donarlas a organizaciones ben\u00e9ficas quienes ser\u00e1n capaces de preparar millones de comidas m\u00e1s cada a\u00f1o, con el fin de alimentar las personas que luchan por darse el lujo de comer.<\/p>\n<p>Una victoria popular La ley es consecuencia de una campa\u00f1a popular llevada a cabo por los compradores del vecino pa\u00eds, activistas contra la pobreza que se oponen a que los alimentos\u00a0que est\u00e1n en buen estado terminen en la basura. La campa\u00f1a fue iniciada por el concejal Arash Derambarsh y dio lugar a una petici\u00f3n, que en diciembre se transform\u00f3 en un proyecto de ley y fue presentado ante la Asamblea Nacional por el ex ministro de industria alimentaria Guillaume Garot.<\/p>\n<p>Los activistas ahora esperan persuadir a la UE a que adopte una legislaci\u00f3n similar que sea aplicable en todos los estados miembros ya que la ley ha sido bien recibida por los bancos de alimentos, que ya se han abocado a la tarea de encontrar voluntarios, camiones, almacenes frigor\u00edficos y espacio adicional para hacer frente a un aumento de las donaciones de tiendas y empresas de alimentos. A los supermercados\u00a0tambi\u00e9n se les proh\u00edbe que permitan de manera deliberada que alg\u00fan alimento se eche a perder con el fin de evitar que sea consumido por las personas que se alimentan de lo que hurgan en los contenedores de dichas tiendas.<\/p>\n<p>Acabar con los hurgadores En los \u00faltimos a\u00f1os, el n\u00famero de familias, desempleados, estudiantes y personas sin hogar de Francia que han encontrado en esta pr\u00e1ctica la forma de conseguir alimento es cada vez mayor y se los pod\u00eda ver por las noches cuando sal\u00edan a revisar los contenedores, donde rebuscaban en busca de algo con lo que alimentarse y muchas veces ni siquiera le prestaban atenci\u00f3n al vencimiento, con el consiguiente riesgo para su salud.<\/p>\n<p>Seg\u00fan los informes, algunos supermercados hab\u00edan tomado por costumbre rociar los productos desechados con lej\u00eda, para evitar la intoxicaci\u00f3n alimentaria por elementos tomados de contenedores. Otros supermercados deliberadamente dejaban los alimentos\u00a0a punto de caducar en dep\u00f3sitos cerrados, para que fueran recogidos por los camiones de basura. Con esta nueva ley, los jefes de los supermercados con una superficie m\u00ednima de 400 metros cuadrados tendr\u00e1n que firmar contratos de donaci\u00f3n con las organizaciones ben\u00e9ficas que lo requieran o que ellos mismos elijan o se enfrentan a una multa de \u20ac 3.750, por cada vez que se los encuentre en infracci\u00f3n.<\/p>\n<p>M\u00e1s comidas para repartir gratuitamente Jacques Bailet, el jefe de Banques Alimentarias, una red de bancos de alimentos\u00a0francesa, describe la ley como \u00abpositiva y simb\u00f3licamente muy importante\u201d, pues seg\u00fan su punto de vista \u00e9sta lograr\u00eda un aumento en la tendencia emergente de que los supermercados\u00a0donen sus excedentes a los bancos de alimentos.<\/p>\n<p>\u00abLo m\u00e1s importante, es que los supermercados estar\u00e1n obligados a firmar un acuerdo de donaci\u00f3n con determinadas organizaciones ben\u00e9ficas, por lo que seremos capaces de aumentar la diversidad y la calidad de la comida que distribuimos\u00bb, dijo. \u00abEn t\u00e9rminos de equilibrio nutricional, en la actualidad tenemos un d\u00e9ficit de carnes y nos faltan frutas y verduras\u00bb<\/p>\n<p>Hasta ahora los bancos de alimentos francesas recib\u00edan unas 100.000 toneladas de mercanc\u00edas en concepto de donaci\u00f3n, 35.000 de las cuales proced\u00edan de supermercados. Incluso un aumento del 15% en los alimentos que tienen ese origen significar\u00edan 10 millones de comidas m\u00e1s que se podr\u00edan repartir cada a\u00f1o, explic\u00f3 Bailet.<\/p>\n<p>Los bancos de alimentos y las organizaciones de caridad, por su parte, est\u00e1n obligados a recoger y almacenar los alimentos en perfectas condiciones de higiene y a distribuirlos de manera adecuada y con \u00abdignidad\u00bb. Esto significa que a los mismos se les debe dar salida a trav\u00e9s de un banco de alimentos adecuada o de un centro, donde se fomenta el contacto humano y la conversaci\u00f3n, en lugar de, por ejemplo, simplemente repartirlos.<\/p>\n<p>Fundamentalmente la ley tambi\u00e9n har\u00e1 que les sea m\u00e1s f\u00e1cil a las industrias alimenticias donar excesos de producci\u00f3n a directamente a los bancos de alimentos. Hasta ahora, si una f\u00e1brica de productos l\u00e1cteos ten\u00eda un excedente de yogures que llevaran la marca \u201cblanca\u201d de un supermercado, donar el excedente a la caridad era un proceso largo y complejo.<\/p>\n<p>A por la \u201ceuropeizaci\u00f3n\u201d de la Ley Derambarsh, es concejal del Ayuntamiento de Courbevoie, un poblado cercano a Par\u00eds y tras el \u00e9xito de la iniciativa dijo que: \u00abel siguiente paso es pedirle al presidente Fran\u00e7ois Hollande, que ejerza presi\u00f3n sobre Jean-Claude Juncker con el fin de extender esta ley a la totalidad delos miembros de la UE. Esta batalla no ha hecho m\u00e1s que empezar. Nuestra pr\u00f3xima meta es luchar contra el despilfarro que se produce en panader\u00edas, bares y restaurantes y comedores escolares y de empresas\u00bb.<\/p>\n<p>De los 7.1 millones de toneladas de alimentos desperdiciados cada a\u00f1o en Francia, el 67% lo desechan los consumidores, el 15% los restaurantes y el 11% las grandes superficies. Cada a\u00f1o, se desperdician m\u00e1s de 1,3 mil millones de toneladas de alimentos en todo el mundo.<\/p>\n<p>Fuente: Ecoportal.net<\/p>\n","protected":false},"excerpt":{"rendered":"<p>Francia &#8211;\u00a0En virtud de una ley aprobada por unanimidad en el Senado franc\u00e9s, a partir del pasado 10\/2 las grandes [&hellip;]<\/p>\n","protected":false},"author":2,"featured_media":0,"comment_status":"closed","ping_status":"closed","sticky":false,"template":"","format":"standard","meta":{"site-sidebar-layout":"default","site-content-layout":"","ast-site-content-layout":"default","site-content-style":"default","site-sidebar-style":"default","ast-global-header-display":"","ast-banner-title-visibility":"","ast-main-header-display":"","ast-hfb-above-header-display":"","ast-hfb-below-header-display":"","ast-hfb-mobile-header-display":"","site-post-title":"","ast-breadcrumbs-content":"","ast-featured-img":"","footer-sml-layout":"","ast-disable-related-posts":"","theme-transparent-header-meta":"","adv-header-id-meta":"","stick-header-meta":"","header-above-stick-meta":"","header-main-stick-meta":"","header-below-stick-meta":"","astra-migrate-meta-layouts":"default","ast-page-background-enabled":"default","ast-page-background-meta":{"desktop":{"background-color":"var(--ast-global-color-5)","background-image":"","background-repeat":"repeat","background-position":"center center","background-size":"auto","background-attachment":"scroll","background-type":"","background-media":"","overlay-type":"","overlay-color":"","overlay-opacity":"","overlay-gradient":""},"tablet":{"background-color":"","background-image":"","background-repeat":"repeat","background-position":"center center","background-size":"auto","background-attachment":"scroll","background-type":"","background-media":"","overlay-type":"","overlay-color":"","overlay-opacity":"","overlay-gradient":""},"mobile":{"background-color":"","background-image":"","background-repeat":"repeat","background-position":"center center","background-size":"auto","background-attachment":"scroll","background-type":"","background-media":"","overlay-type":"","overlay-color":"","overlay-opacity":"","overlay-gradient":""}},"ast-content-background-meta":{"desktop":{"background-color":"var(--ast-global-color-4)","background-image":"","background-repeat":"repeat","background-position":"center center","background-size":"auto","background-attachment":"scroll","background-type":"","background-media":"","overlay-type":"","overlay-color":"","overlay-opacity":"","overlay-gradient":""},"tablet":{"background-color":"var(--ast-global-color-4)","background-image":"","background-repeat":"repeat","background-position":"center center","background-size":"auto","background-attachment":"scroll","background-type":"","background-media":"","overlay-type":"","overlay-color":"","overlay-opacity":"","overlay-gradient":""},"mobile":{"background-color":"var(--ast-global-color-4)","background-image":"","background-repeat":"repeat","background-position":"center center","background-size":"auto","background-attachment":"scroll","background-type":"","background-media":"","overlay-type":"","overlay-color":"","overlay-opacity":"","overlay-gradient":""}},"footnotes":""},"categories":[23,1],"tags":[],"class_list":["post-16866","post","type-post","status-publish","format-standard","hentry","category-internacionales","category-noticias"],"yoast_head":"<!-- This site is optimized with the Yoast SEO Premium plugin v23.0 (Yoast SEO v27.5) - https:\/\/yoast.com\/product\/yoast-seo-premium-wordpress\/ -->\n<title>Francia les proh\u00edbe a los supermercados desperdiciar alimentos<\/title>\n<meta name=\"robots\" content=\"index, follow, max-snippet:-1, max-image-preview:large, max-video-preview:-1\" \/>\n<link rel=\"canonical\" href=\"https:\/\/patagoniambiental.com.ar\/info\/francia-les-prohibe-a-los-supermercados-desperdiciar-alimentos\/\" \/>\n<meta property=\"og:locale\" content=\"es_ES\" \/>\n<meta property=\"og:type\" content=\"article\" \/>\n<meta property=\"og:title\" content=\"Francia les proh\u00edbe a los supermercados desperdiciar alimentos\" \/>\n<meta property=\"og:description\" content=\"Francia &#8211;\u00a0En virtud de una ley aprobada por unanimidad en el Senado franc\u00e9s, a partir del pasado 10\/2 las grandes [&hellip;]\" \/>\n<meta property=\"og:url\" content=\"https:\/\/patagoniambiental.com.ar\/info\/francia-les-prohibe-a-los-supermercados-desperdiciar-alimentos\/\" \/>\n<meta property=\"og:site_name\" content=\"Patagonia Ambiental\" \/>\n<meta property=\"article:publisher\" content=\"https:\/\/www.facebook.com\/patagonia.ambiental\" \/>\n<meta property=\"article:author\" content=\"https:\/\/www.facebook.com\/share\/1C1V8Gv9BX\/?mibextid=qi2Omg\" \/>\n<meta property=\"article:published_time\" content=\"2016-02-23T12:00:20+00:00\" \/>\n<meta name=\"author\" content=\"Patagonia Ambiental\" \/>\n<meta name=\"twitter:card\" content=\"summary_large_image\" \/>\n<meta name=\"twitter:creator\" content=\"@PatAmb\" \/>\n<meta name=\"twitter:site\" content=\"@PatAmb\" \/>\n<script type=\"application\/ld+json\" class=\"yoast-schema-graph\">{\"@context\":\"https:\\\/\\\/schema.org\",\"@graph\":[{\"@type\":\"Article\",\"@id\":\"https:\\\/\\\/patagoniambiental.com.ar\\\/info\\\/francia-les-prohibe-a-los-supermercados-desperdiciar-alimentos\\\/#article\",\"isPartOf\":{\"@id\":\"https:\\\/\\\/patagoniambiental.com.ar\\\/info\\\/francia-les-prohibe-a-los-supermercados-desperdiciar-alimentos\\\/\"},\"author\":{\"name\":\"Patagonia Ambiental\",\"@id\":\"https:\\\/\\\/patagoniambiental.com.ar\\\/info\\\/#\\\/schema\\\/person\\\/db12bff64bbcbf6a253710bf0ea37b5d\"},\"headline\":\"Francia les proh\u00edbe a los supermercados desperdiciar alimentos\",\"datePublished\":\"2016-02-23T12:00:20+00:00\",\"mainEntityOfPage\":{\"@id\":\"https:\\\/\\\/patagoniambiental.com.ar\\\/info\\\/francia-les-prohibe-a-los-supermercados-desperdiciar-alimentos\\\/\"},\"wordCount\":930,\"publisher\":{\"@id\":\"https:\\\/\\\/patagoniambiental.com.ar\\\/info\\\/#organization\"},\"articleSection\":[\"Internacionales\",\"Noticias\"],\"inLanguage\":\"es\"},{\"@type\":\"WebPage\",\"@id\":\"https:\\\/\\\/patagoniambiental.com.ar\\\/info\\\/francia-les-prohibe-a-los-supermercados-desperdiciar-alimentos\\\/\",\"url\":\"https:\\\/\\\/patagoniambiental.com.ar\\\/info\\\/francia-les-prohibe-a-los-supermercados-desperdiciar-alimentos\\\/\",\"name\":\"Francia les proh\u00edbe a los supermercados desperdiciar alimentos\",\"isPartOf\":{\"@id\":\"https:\\\/\\\/patagoniambiental.com.ar\\\/info\\\/#website\"},\"datePublished\":\"2016-02-23T12:00:20+00:00\",\"breadcrumb\":{\"@id\":\"https:\\\/\\\/patagoniambiental.com.ar\\\/info\\\/francia-les-prohibe-a-los-supermercados-desperdiciar-alimentos\\\/#breadcrumb\"},\"inLanguage\":\"es\",\"potentialAction\":[{\"@type\":\"ReadAction\",\"target\":[\"https:\\\/\\\/patagoniambiental.com.ar\\\/info\\\/francia-les-prohibe-a-los-supermercados-desperdiciar-alimentos\\\/\"]}]},{\"@type\":\"BreadcrumbList\",\"@id\":\"https:\\\/\\\/patagoniambiental.com.ar\\\/info\\\/francia-les-prohibe-a-los-supermercados-desperdiciar-alimentos\\\/#breadcrumb\",\"itemListElement\":[{\"@type\":\"ListItem\",\"position\":1,\"name\":\"Inicio\",\"item\":\"https:\\\/\\\/patagoniambiental.com.ar\\\/info\\\/\"},{\"@type\":\"ListItem\",\"position\":2,\"name\":\"Francia les proh\u00edbe a los supermercados desperdiciar alimentos\"}]},{\"@type\":\"WebSite\",\"@id\":\"https:\\\/\\\/patagoniambiental.com.ar\\\/info\\\/#website\",\"url\":\"https:\\\/\\\/patagoniambiental.com.ar\\\/info\\\/\",\"name\":\"Patagonia Ambiental\",\"description\":\"Monitoreo y an\u00e1lisis de la situaci\u00f3n geopol\u00edtica en el mundo y su implicancia en la Patagonia\",\"publisher\":{\"@id\":\"https:\\\/\\\/patagoniambiental.com.ar\\\/info\\\/#organization\"},\"potentialAction\":[{\"@type\":\"SearchAction\",\"target\":{\"@type\":\"EntryPoint\",\"urlTemplate\":\"https:\\\/\\\/patagoniambiental.com.ar\\\/info\\\/?s={search_term_string}\"},\"query-input\":{\"@type\":\"PropertyValueSpecification\",\"valueRequired\":true,\"valueName\":\"search_term_string\"}}],\"inLanguage\":\"es\"},{\"@type\":\"Organization\",\"@id\":\"https:\\\/\\\/patagoniambiental.com.ar\\\/info\\\/#organization\",\"name\":\"Patagonia Ambiental\",\"url\":\"https:\\\/\\\/patagoniambiental.com.ar\\\/info\\\/\",\"logo\":{\"@type\":\"ImageObject\",\"inLanguage\":\"es\",\"@id\":\"https:\\\/\\\/patagoniambiental.com.ar\\\/info\\\/#\\\/schema\\\/logo\\\/image\\\/\",\"url\":\"https:\\\/\\\/patagoniambiental.com.ar\\\/info\\\/wp-content\\\/uploads\\\/2025\\\/05\\\/LOGO-PATAGONIA-AMBIENTAL.png\",\"contentUrl\":\"https:\\\/\\\/patagoniambiental.com.ar\\\/info\\\/wp-content\\\/uploads\\\/2025\\\/05\\\/LOGO-PATAGONIA-AMBIENTAL.png\",\"width\":433,\"height\":250,\"caption\":\"Patagonia Ambiental\"},\"image\":{\"@id\":\"https:\\\/\\\/patagoniambiental.com.ar\\\/info\\\/#\\\/schema\\\/logo\\\/image\\\/\"},\"sameAs\":[\"https:\\\/\\\/www.facebook.com\\\/patagonia.ambiental\",\"https:\\\/\\\/x.com\\\/PatAmb\"]},{\"@type\":\"Person\",\"@id\":\"https:\\\/\\\/patagoniambiental.com.ar\\\/info\\\/#\\\/schema\\\/person\\\/db12bff64bbcbf6a253710bf0ea37b5d\",\"name\":\"Patagonia Ambiental\",\"description\":\"Andr\u00e9s Nievas T\u00e9cnico en manejo ambiental, consultor Ambiental y escritor para medios locales e internacionales sobre temas de geopolitica y medio ambiente.\",\"sameAs\":[\"http:\\\/\\\/www.patagoniambiental.com.ar\",\"https:\\\/\\\/www.facebook.com\\\/share\\\/1C1V8Gv9BX\\\/?mibextid=qi2Omg\",\"@patagoniambiental\",\"https:\\\/\\\/youtube.com\\\/@patagoniaambiental2023?si=BLt58t0wuXquxlYZ\"]}]}<\/script>\n<!-- \/ Yoast SEO Premium plugin. -->","yoast_head_json":{"title":"Francia les proh\u00edbe a los supermercados desperdiciar alimentos","robots":{"index":"index","follow":"follow","max-snippet":"max-snippet:-1","max-image-preview":"max-image-preview:large","max-video-preview":"max-video-preview:-1"},"canonical":"https:\/\/patagoniambiental.com.ar\/info\/francia-les-prohibe-a-los-supermercados-desperdiciar-alimentos\/","og_locale":"es_ES","og_type":"article","og_title":"Francia les proh\u00edbe a los supermercados desperdiciar alimentos","og_description":"Francia &#8211;\u00a0En virtud de una ley aprobada por unanimidad en el Senado franc\u00e9s, a partir del pasado 10\/2 las grandes [&hellip;]","og_url":"https:\/\/patagoniambiental.com.ar\/info\/francia-les-prohibe-a-los-supermercados-desperdiciar-alimentos\/","og_site_name":"Patagonia Ambiental","article_publisher":"https:\/\/www.facebook.com\/patagonia.ambiental","article_author":"https:\/\/www.facebook.com\/share\/1C1V8Gv9BX\/?mibextid=qi2Omg","article_published_time":"2016-02-23T12:00:20+00:00","author":"Patagonia Ambiental","twitter_card":"summary_large_image","twitter_creator":"@PatAmb","twitter_site":"@PatAmb","schema":{"@context":"https:\/\/schema.org","@graph":[{"@type":"Article","@id":"https:\/\/patagoniambiental.com.ar\/info\/francia-les-prohibe-a-los-supermercados-desperdiciar-alimentos\/#article","isPartOf":{"@id":"https:\/\/patagoniambiental.com.ar\/info\/francia-les-prohibe-a-los-supermercados-desperdiciar-alimentos\/"},"author":{"name":"Patagonia Ambiental","@id":"https:\/\/patagoniambiental.com.ar\/info\/#\/schema\/person\/db12bff64bbcbf6a253710bf0ea37b5d"},"headline":"Francia les proh\u00edbe a los supermercados desperdiciar alimentos","datePublished":"2016-02-23T12:00:20+00:00","mainEntityOfPage":{"@id":"https:\/\/patagoniambiental.com.ar\/info\/francia-les-prohibe-a-los-supermercados-desperdiciar-alimentos\/"},"wordCount":930,"publisher":{"@id":"https:\/\/patagoniambiental.com.ar\/info\/#organization"},"articleSection":["Internacionales","Noticias"],"inLanguage":"es"},{"@type":"WebPage","@id":"https:\/\/patagoniambiental.com.ar\/info\/francia-les-prohibe-a-los-supermercados-desperdiciar-alimentos\/","url":"https:\/\/patagoniambiental.com.ar\/info\/francia-les-prohibe-a-los-supermercados-desperdiciar-alimentos\/","name":"Francia les proh\u00edbe a los supermercados desperdiciar alimentos","isPartOf":{"@id":"https:\/\/patagoniambiental.com.ar\/info\/#website"},"datePublished":"2016-02-23T12:00:20+00:00","breadcrumb":{"@id":"https:\/\/patagoniambiental.com.ar\/info\/francia-les-prohibe-a-los-supermercados-desperdiciar-alimentos\/#breadcrumb"},"inLanguage":"es","potentialAction":[{"@type":"ReadAction","target":["https:\/\/patagoniambiental.com.ar\/info\/francia-les-prohibe-a-los-supermercados-desperdiciar-alimentos\/"]}]},{"@type":"BreadcrumbList","@id":"https:\/\/patagoniambiental.com.ar\/info\/francia-les-prohibe-a-los-supermercados-desperdiciar-alimentos\/#breadcrumb","itemListElement":[{"@type":"ListItem","position":1,"name":"Inicio","item":"https:\/\/patagoniambiental.com.ar\/info\/"},{"@type":"ListItem","position":2,"name":"Francia les proh\u00edbe a los supermercados desperdiciar alimentos"}]},{"@type":"WebSite","@id":"https:\/\/patagoniambiental.com.ar\/info\/#website","url":"https:\/\/patagoniambiental.com.ar\/info\/","name":"Patagonia Ambiental","description":"Monitoreo y an\u00e1lisis de la situaci\u00f3n geopol\u00edtica en el mundo y su implicancia en la Patagonia","publisher":{"@id":"https:\/\/patagoniambiental.com.ar\/info\/#organization"},"potentialAction":[{"@type":"SearchAction","target":{"@type":"EntryPoint","urlTemplate":"https:\/\/patagoniambiental.com.ar\/info\/?s={search_term_string}"},"query-input":{"@type":"PropertyValueSpecification","valueRequired":true,"valueName":"search_term_string"}}],"inLanguage":"es"},{"@type":"Organization","@id":"https:\/\/patagoniambiental.com.ar\/info\/#organization","name":"Patagonia Ambiental","url":"https:\/\/patagoniambiental.com.ar\/info\/","logo":{"@type":"ImageObject","inLanguage":"es","@id":"https:\/\/patagoniambiental.com.ar\/info\/#\/schema\/logo\/image\/","url":"https:\/\/patagoniambiental.com.ar\/info\/wp-content\/uploads\/2025\/05\/LOGO-PATAGONIA-AMBIENTAL.png","contentUrl":"https:\/\/patagoniambiental.com.ar\/info\/wp-content\/uploads\/2025\/05\/LOGO-PATAGONIA-AMBIENTAL.png","width":433,"height":250,"caption":"Patagonia Ambiental"},"image":{"@id":"https:\/\/patagoniambiental.com.ar\/info\/#\/schema\/logo\/image\/"},"sameAs":["https:\/\/www.facebook.com\/patagonia.ambiental","https:\/\/x.com\/PatAmb"]},{"@type":"Person","@id":"https:\/\/patagoniambiental.com.ar\/info\/#\/schema\/person\/db12bff64bbcbf6a253710bf0ea37b5d","name":"Patagonia Ambiental","description":"Andr\u00e9s Nievas T\u00e9cnico en manejo ambiental, consultor Ambiental y escritor para medios locales e internacionales sobre temas de geopolitica y medio ambiente.","sameAs":["http:\/\/www.patagoniambiental.com.ar","https:\/\/www.facebook.com\/share\/1C1V8Gv9BX\/?mibextid=qi2Omg","@patagoniambiental","https:\/\/youtube.com\/@patagoniaambiental2023?si=BLt58t0wuXquxlYZ"]}]}},"_links":{"self":[{"href":"https:\/\/patagoniambiental.com.ar\/info\/wp-json\/wp\/v2\/posts\/16866","targetHints":{"allow":["GET"]}}],"collection":[{"href":"https:\/\/patagoniambiental.com.ar\/info\/wp-json\/wp\/v2\/posts"}],"about":[{"href":"https:\/\/patagoniambiental.com.ar\/info\/wp-json\/wp\/v2\/types\/post"}],"author":[{"embeddable":true,"href":"https:\/\/patagoniambiental.com.ar\/info\/wp-json\/wp\/v2\/users\/2"}],"replies":[{"embeddable":true,"href":"https:\/\/patagoniambiental.com.ar\/info\/wp-json\/wp\/v2\/comments?post=16866"}],"version-history":[{"count":0,"href":"https:\/\/patagoniambiental.com.ar\/info\/wp-json\/wp\/v2\/posts\/16866\/revisions"}],"wp:attachment":[{"href":"https:\/\/patagoniambiental.com.ar\/info\/wp-json\/wp\/v2\/media?parent=16866"}],"wp:term":[{"taxonomy":"category","embeddable":true,"href":"https:\/\/patagoniambiental.com.ar\/info\/wp-json\/wp\/v2\/categories?post=16866"},{"taxonomy":"post_tag","embeddable":true,"href":"https:\/\/patagoniambiental.com.ar\/info\/wp-json\/wp\/v2\/tags?post=16866"}],"curies":[{"name":"wp","href":"https:\/\/api.w.org\/{rel}","templated":true}]}}