{"id":16891,"date":"2016-02-24T09:00:43","date_gmt":"2016-02-24T12:00:43","guid":{"rendered":"http:\/\/patagoniambiental.com.ar\/?p=16891"},"modified":"2016-02-24T09:00:43","modified_gmt":"2016-02-24T12:00:43","slug":"la-hora-del-planeta-el-sabado-19-de-marzo-de-2030-a-2130","status":"publish","type":"post","link":"https:\/\/patagoniambiental.com.ar\/info\/la-hora-del-planeta-el-sabado-19-de-marzo-de-2030-a-2130\/","title":{"rendered":"La Hora del Planeta, el s\u00e1bado 19 de marzo, de 20:30 a 21:30"},"content":{"rendered":"<p class=\"entradilla\">Efeverde.-\u00a0La Hora del Planeta, impulsada por el Fondo Mundial de la Naturaleza (WWF), se celebrar\u00e1 el pr\u00f3ximo 19 de marzo entre 20:30 y 21:30 hora local en cada pa\u00eds seg\u00fan ha anunciado hoy esta ong en un comunicado que se ha distribuido de forma simult\u00e1nea en todo el mundo.<\/p>\n<p>La d\u00e9cima edici\u00f3n de esta convocatoria destinada a todo tipo de entidades y empresas as\u00ed como a ciudadanos particulares <em>\u201ccobra especial importancia tras la firma del <strong>Acuerdo de Par\u00eds<\/strong>\u201c<\/em> del pasado mes de diciembre, en el que por primera vez m\u00e1s de 180 pa\u00edses se pusieron de acuerdo para impulsar acciones concretas contra el cambio clim\u00e1tico.<\/p>\n<p>El lema de esta edici\u00f3n, <em>\u201cAhora es el momento. Cambia por el clima\u201d<\/em>, quiere llamar la atenci\u00f3n adem\u00e1s sobre el hecho de que 2015 ha sido <strong>el a\u00f1o m\u00e1s c\u00e1lido<\/strong> de los registros oficiales contempor\u00e1neos, as\u00ed como promover acciones que \u201caseguren un futuro 100 % renovable\u201d.<\/p>\n<p>Entre ellas, la promoci\u00f3n de legislaciones respetuosas con el medio ambiente en pa\u00edses como Espa\u00f1a, Chipre e Indonesia o el impulso al acceso de energ\u00edas renovables en India y varios pa\u00edses africanos.<\/p>\n<p>El secretario general de WWF Espa\u00f1a,<strong> Juan Carlos del Olmo<\/strong>, ha asegurado a EFE que <em>\u201cvamos a intentar que el nuevo gobierno que se forme (tras las \u00faltimas elecciones generales que se celebraron pocos d\u00edas despu\u00e9s de la cumbre de Par\u00eds) apruebe una nueva legislaci\u00f3n que permita un cambio r\u00e1pido de las energ\u00edas sucias a las limpias\u201d<\/em>.<\/p>\n<p>A su juicio, hay posibilidades de conseguirlo como demuestra el hecho de que <em>\u201chace 10 a\u00f1os era impensable que estuvi\u00e9ramos hablando de una ley de transici\u00f3n energ\u00e9tica como la que hemos pedido en Espa\u00f1a\u201d<\/em>.<\/p>\n<p>La Hora del Planeta ser\u00e1 una manera de impulsar este prop\u00f3sito porque <em>\u201ccon temperaturas en m\u00e1ximos hist\u00f3ricos, tanto en verano como en invierno, el planeta nos est\u00e1 lanzando un mensaje claro y tenemos que responder de forma urgente y contundente\u201d<\/em>, ha indicado Del Olmo, ya que de lo contrario, las consecuencias <em>\u201cser\u00e1n irreversibles\u201d<\/em>.<\/p>\n<p>Fuente-EFE Verde<\/p>\n","protected":false},"excerpt":{"rendered":"<p>Efeverde.-\u00a0La Hora del Planeta, impulsada por el Fondo Mundial de la Naturaleza (WWF), se celebrar\u00e1 el pr\u00f3ximo 19 de marzo [&hellip;]<\/p>\n","protected":false},"author":2,"featured_media":0,"comment_status":"closed","ping_status":"closed","sticky":false,"template":"","format":"standard","meta":{"site-sidebar-layout":"default","site-content-layout":"","ast-site-content-layout":"default","site-content-style":"default","site-sidebar-style":"default","ast-global-header-display":"","ast-banner-title-visibility":"","ast-main-header-display":"","ast-hfb-above-header-display":"","ast-hfb-below-header-display":"","ast-hfb-mobile-header-display":"","site-post-title":"","ast-breadcrumbs-content":"","ast-featured-img":"","footer-sml-layout":"","ast-disable-related-posts":"","theme-transparent-header-meta":"","adv-header-id-meta":"","stick-header-meta":"","header-above-stick-meta":"","header-main-stick-meta":"","header-below-stick-meta":"","astra-migrate-meta-layouts":"default","ast-page-background-enabled":"default","ast-page-background-meta":{"desktop":{"background-color":"var(--ast-global-color-5)","background-image":"","background-repeat":"repeat","background-position":"center center","background-size":"auto","background-attachment":"scroll","background-type":"","background-media":"","overlay-type":"","overlay-color":"","overlay-opacity":"","overlay-gradient":""},"tablet":{"background-color":"","background-image":"","background-repeat":"repeat","background-position":"center center","background-size":"auto","background-attachment":"scroll","background-type":"","background-media":"","overlay-type":"","overlay-color":"","overlay-opacity":"","overlay-gradient":""},"mobile":{"background-color":"","background-image":"","background-repeat":"repeat","background-position":"center center","background-size":"auto","background-attachment":"scroll","background-type":"","background-media":"","overlay-type":"","overlay-color":"","overlay-opacity":"","overlay-gradient":""}},"ast-content-background-meta":{"desktop":{"background-color":"var(--ast-global-color-4)","background-image":"","background-repeat":"repeat","background-position":"center center","background-size":"auto","background-attachment":"scroll","background-type":"","background-media":"","overlay-type":"","overlay-color":"","overlay-opacity":"","overlay-gradient":""},"tablet":{"background-color":"var(--ast-global-color-4)","background-image":"","background-repeat":"repeat","background-position":"center center","background-size":"auto","background-attachment":"scroll","background-type":"","background-media":"","overlay-type":"","overlay-color":"","overlay-opacity":"","overlay-gradient":""},"mobile":{"background-color":"var(--ast-global-color-4)","background-image":"","background-repeat":"repeat","background-position":"center center","background-size":"auto","background-attachment":"scroll","background-type":"","background-media":"","overlay-type":"","overlay-color":"","overlay-opacity":"","overlay-gradient":""}},"footnotes":""},"categories":[1],"tags":[],"class_list":["post-16891","post","type-post","status-publish","format-standard","hentry","category-noticias"],"yoast_head":"<!-- This site is optimized with the Yoast SEO Premium plugin v23.0 (Yoast SEO v27.5) - https:\/\/yoast.com\/product\/yoast-seo-premium-wordpress\/ -->\n<title>La Hora del Planeta, el s\u00e1bado 19 de marzo, de 20:30 a 21:30<\/title>\n<meta name=\"robots\" content=\"index, follow, max-snippet:-1, max-image-preview:large, max-video-preview:-1\" \/>\n<link rel=\"canonical\" href=\"https:\/\/patagoniambiental.com.ar\/info\/la-hora-del-planeta-el-sabado-19-de-marzo-de-2030-a-2130\/\" \/>\n<meta property=\"og:locale\" content=\"es_ES\" \/>\n<meta property=\"og:type\" content=\"article\" \/>\n<meta property=\"og:title\" content=\"La Hora del Planeta, el s\u00e1bado 19 de marzo, de 20:30 a 21:30\" \/>\n<meta property=\"og:description\" content=\"Efeverde.-\u00a0La Hora del Planeta, impulsada por el Fondo Mundial de la Naturaleza (WWF), se celebrar\u00e1 el pr\u00f3ximo 19 de marzo [&hellip;]\" \/>\n<meta property=\"og:url\" content=\"https:\/\/patagoniambiental.com.ar\/info\/la-hora-del-planeta-el-sabado-19-de-marzo-de-2030-a-2130\/\" \/>\n<meta property=\"og:site_name\" content=\"Patagonia Ambiental\" \/>\n<meta property=\"article:publisher\" content=\"https:\/\/www.facebook.com\/patagonia.ambiental\" \/>\n<meta property=\"article:author\" content=\"https:\/\/www.facebook.com\/share\/1C1V8Gv9BX\/?mibextid=qi2Omg\" \/>\n<meta property=\"article:published_time\" content=\"2016-02-24T12:00:43+00:00\" \/>\n<meta name=\"author\" content=\"Patagonia Ambiental\" \/>\n<meta name=\"twitter:card\" content=\"summary_large_image\" \/>\n<meta name=\"twitter:creator\" content=\"@PatAmb\" \/>\n<meta name=\"twitter:site\" content=\"@PatAmb\" \/>\n<script type=\"application\/ld+json\" class=\"yoast-schema-graph\">{\"@context\":\"https:\\\/\\\/schema.org\",\"@graph\":[{\"@type\":\"Article\",\"@id\":\"https:\\\/\\\/patagoniambiental.com.ar\\\/info\\\/la-hora-del-planeta-el-sabado-19-de-marzo-de-2030-a-2130\\\/#article\",\"isPartOf\":{\"@id\":\"https:\\\/\\\/patagoniambiental.com.ar\\\/info\\\/la-hora-del-planeta-el-sabado-19-de-marzo-de-2030-a-2130\\\/\"},\"author\":{\"name\":\"Patagonia Ambiental\",\"@id\":\"https:\\\/\\\/patagoniambiental.com.ar\\\/info\\\/#\\\/schema\\\/person\\\/db12bff64bbcbf6a253710bf0ea37b5d\"},\"headline\":\"La Hora del Planeta, el s\u00e1bado 19 de marzo, de 20:30 a 21:30\",\"datePublished\":\"2016-02-24T12:00:43+00:00\",\"mainEntityOfPage\":{\"@id\":\"https:\\\/\\\/patagoniambiental.com.ar\\\/info\\\/la-hora-del-planeta-el-sabado-19-de-marzo-de-2030-a-2130\\\/\"},\"wordCount\":372,\"publisher\":{\"@id\":\"https:\\\/\\\/patagoniambiental.com.ar\\\/info\\\/#organization\"},\"articleSection\":[\"Noticias\"],\"inLanguage\":\"es\"},{\"@type\":\"WebPage\",\"@id\":\"https:\\\/\\\/patagoniambiental.com.ar\\\/info\\\/la-hora-del-planeta-el-sabado-19-de-marzo-de-2030-a-2130\\\/\",\"url\":\"https:\\\/\\\/patagoniambiental.com.ar\\\/info\\\/la-hora-del-planeta-el-sabado-19-de-marzo-de-2030-a-2130\\\/\",\"name\":\"La Hora del Planeta, el s\u00e1bado 19 de marzo, de 20:30 a 21:30\",\"isPartOf\":{\"@id\":\"https:\\\/\\\/patagoniambiental.com.ar\\\/info\\\/#website\"},\"datePublished\":\"2016-02-24T12:00:43+00:00\",\"breadcrumb\":{\"@id\":\"https:\\\/\\\/patagoniambiental.com.ar\\\/info\\\/la-hora-del-planeta-el-sabado-19-de-marzo-de-2030-a-2130\\\/#breadcrumb\"},\"inLanguage\":\"es\",\"potentialAction\":[{\"@type\":\"ReadAction\",\"target\":[\"https:\\\/\\\/patagoniambiental.com.ar\\\/info\\\/la-hora-del-planeta-el-sabado-19-de-marzo-de-2030-a-2130\\\/\"]}]},{\"@type\":\"BreadcrumbList\",\"@id\":\"https:\\\/\\\/patagoniambiental.com.ar\\\/info\\\/la-hora-del-planeta-el-sabado-19-de-marzo-de-2030-a-2130\\\/#breadcrumb\",\"itemListElement\":[{\"@type\":\"ListItem\",\"position\":1,\"name\":\"Inicio\",\"item\":\"https:\\\/\\\/patagoniambiental.com.ar\\\/info\\\/\"},{\"@type\":\"ListItem\",\"position\":2,\"name\":\"La Hora del Planeta, el s\u00e1bado 19 de marzo, de 20:30 a 21:30\"}]},{\"@type\":\"WebSite\",\"@id\":\"https:\\\/\\\/patagoniambiental.com.ar\\\/info\\\/#website\",\"url\":\"https:\\\/\\\/patagoniambiental.com.ar\\\/info\\\/\",\"name\":\"Patagonia Ambiental\",\"description\":\"Monitoreo y an\u00e1lisis de la situaci\u00f3n geopol\u00edtica en el mundo y su implicancia en la Patagonia\",\"publisher\":{\"@id\":\"https:\\\/\\\/patagoniambiental.com.ar\\\/info\\\/#organization\"},\"potentialAction\":[{\"@type\":\"SearchAction\",\"target\":{\"@type\":\"EntryPoint\",\"urlTemplate\":\"https:\\\/\\\/patagoniambiental.com.ar\\\/info\\\/?s={search_term_string}\"},\"query-input\":{\"@type\":\"PropertyValueSpecification\",\"valueRequired\":true,\"valueName\":\"search_term_string\"}}],\"inLanguage\":\"es\"},{\"@type\":\"Organization\",\"@id\":\"https:\\\/\\\/patagoniambiental.com.ar\\\/info\\\/#organization\",\"name\":\"Patagonia Ambiental\",\"url\":\"https:\\\/\\\/patagoniambiental.com.ar\\\/info\\\/\",\"logo\":{\"@type\":\"ImageObject\",\"inLanguage\":\"es\",\"@id\":\"https:\\\/\\\/patagoniambiental.com.ar\\\/info\\\/#\\\/schema\\\/logo\\\/image\\\/\",\"url\":\"https:\\\/\\\/patagoniambiental.com.ar\\\/info\\\/wp-content\\\/uploads\\\/2025\\\/05\\\/LOGO-PATAGONIA-AMBIENTAL.png\",\"contentUrl\":\"https:\\\/\\\/patagoniambiental.com.ar\\\/info\\\/wp-content\\\/uploads\\\/2025\\\/05\\\/LOGO-PATAGONIA-AMBIENTAL.png\",\"width\":433,\"height\":250,\"caption\":\"Patagonia Ambiental\"},\"image\":{\"@id\":\"https:\\\/\\\/patagoniambiental.com.ar\\\/info\\\/#\\\/schema\\\/logo\\\/image\\\/\"},\"sameAs\":[\"https:\\\/\\\/www.facebook.com\\\/patagonia.ambiental\",\"https:\\\/\\\/x.com\\\/PatAmb\"]},{\"@type\":\"Person\",\"@id\":\"https:\\\/\\\/patagoniambiental.com.ar\\\/info\\\/#\\\/schema\\\/person\\\/db12bff64bbcbf6a253710bf0ea37b5d\",\"name\":\"Patagonia Ambiental\",\"description\":\"Andr\u00e9s Nievas T\u00e9cnico en manejo ambiental, consultor Ambiental y escritor para medios locales e internacionales sobre temas de geopolitica y medio ambiente.\",\"sameAs\":[\"http:\\\/\\\/www.patagoniambiental.com.ar\",\"https:\\\/\\\/www.facebook.com\\\/share\\\/1C1V8Gv9BX\\\/?mibextid=qi2Omg\",\"@patagoniambiental\",\"https:\\\/\\\/youtube.com\\\/@patagoniaambiental2023?si=BLt58t0wuXquxlYZ\"]}]}<\/script>\n<!-- \/ Yoast SEO Premium plugin. -->","yoast_head_json":{"title":"La Hora del Planeta, el s\u00e1bado 19 de marzo, de 20:30 a 21:30","robots":{"index":"index","follow":"follow","max-snippet":"max-snippet:-1","max-image-preview":"max-image-preview:large","max-video-preview":"max-video-preview:-1"},"canonical":"https:\/\/patagoniambiental.com.ar\/info\/la-hora-del-planeta-el-sabado-19-de-marzo-de-2030-a-2130\/","og_locale":"es_ES","og_type":"article","og_title":"La Hora del Planeta, el s\u00e1bado 19 de marzo, de 20:30 a 21:30","og_description":"Efeverde.-\u00a0La Hora del Planeta, impulsada por el Fondo Mundial de la Naturaleza (WWF), se celebrar\u00e1 el pr\u00f3ximo 19 de marzo [&hellip;]","og_url":"https:\/\/patagoniambiental.com.ar\/info\/la-hora-del-planeta-el-sabado-19-de-marzo-de-2030-a-2130\/","og_site_name":"Patagonia Ambiental","article_publisher":"https:\/\/www.facebook.com\/patagonia.ambiental","article_author":"https:\/\/www.facebook.com\/share\/1C1V8Gv9BX\/?mibextid=qi2Omg","article_published_time":"2016-02-24T12:00:43+00:00","author":"Patagonia Ambiental","twitter_card":"summary_large_image","twitter_creator":"@PatAmb","twitter_site":"@PatAmb","schema":{"@context":"https:\/\/schema.org","@graph":[{"@type":"Article","@id":"https:\/\/patagoniambiental.com.ar\/info\/la-hora-del-planeta-el-sabado-19-de-marzo-de-2030-a-2130\/#article","isPartOf":{"@id":"https:\/\/patagoniambiental.com.ar\/info\/la-hora-del-planeta-el-sabado-19-de-marzo-de-2030-a-2130\/"},"author":{"name":"Patagonia Ambiental","@id":"https:\/\/patagoniambiental.com.ar\/info\/#\/schema\/person\/db12bff64bbcbf6a253710bf0ea37b5d"},"headline":"La Hora del Planeta, el s\u00e1bado 19 de marzo, de 20:30 a 21:30","datePublished":"2016-02-24T12:00:43+00:00","mainEntityOfPage":{"@id":"https:\/\/patagoniambiental.com.ar\/info\/la-hora-del-planeta-el-sabado-19-de-marzo-de-2030-a-2130\/"},"wordCount":372,"publisher":{"@id":"https:\/\/patagoniambiental.com.ar\/info\/#organization"},"articleSection":["Noticias"],"inLanguage":"es"},{"@type":"WebPage","@id":"https:\/\/patagoniambiental.com.ar\/info\/la-hora-del-planeta-el-sabado-19-de-marzo-de-2030-a-2130\/","url":"https:\/\/patagoniambiental.com.ar\/info\/la-hora-del-planeta-el-sabado-19-de-marzo-de-2030-a-2130\/","name":"La Hora del Planeta, el s\u00e1bado 19 de marzo, de 20:30 a 21:30","isPartOf":{"@id":"https:\/\/patagoniambiental.com.ar\/info\/#website"},"datePublished":"2016-02-24T12:00:43+00:00","breadcrumb":{"@id":"https:\/\/patagoniambiental.com.ar\/info\/la-hora-del-planeta-el-sabado-19-de-marzo-de-2030-a-2130\/#breadcrumb"},"inLanguage":"es","potentialAction":[{"@type":"ReadAction","target":["https:\/\/patagoniambiental.com.ar\/info\/la-hora-del-planeta-el-sabado-19-de-marzo-de-2030-a-2130\/"]}]},{"@type":"BreadcrumbList","@id":"https:\/\/patagoniambiental.com.ar\/info\/la-hora-del-planeta-el-sabado-19-de-marzo-de-2030-a-2130\/#breadcrumb","itemListElement":[{"@type":"ListItem","position":1,"name":"Inicio","item":"https:\/\/patagoniambiental.com.ar\/info\/"},{"@type":"ListItem","position":2,"name":"La Hora del Planeta, el s\u00e1bado 19 de marzo, de 20:30 a 21:30"}]},{"@type":"WebSite","@id":"https:\/\/patagoniambiental.com.ar\/info\/#website","url":"https:\/\/patagoniambiental.com.ar\/info\/","name":"Patagonia Ambiental","description":"Monitoreo y an\u00e1lisis de la situaci\u00f3n geopol\u00edtica en el mundo y su implicancia en la Patagonia","publisher":{"@id":"https:\/\/patagoniambiental.com.ar\/info\/#organization"},"potentialAction":[{"@type":"SearchAction","target":{"@type":"EntryPoint","urlTemplate":"https:\/\/patagoniambiental.com.ar\/info\/?s={search_term_string}"},"query-input":{"@type":"PropertyValueSpecification","valueRequired":true,"valueName":"search_term_string"}}],"inLanguage":"es"},{"@type":"Organization","@id":"https:\/\/patagoniambiental.com.ar\/info\/#organization","name":"Patagonia Ambiental","url":"https:\/\/patagoniambiental.com.ar\/info\/","logo":{"@type":"ImageObject","inLanguage":"es","@id":"https:\/\/patagoniambiental.com.ar\/info\/#\/schema\/logo\/image\/","url":"https:\/\/patagoniambiental.com.ar\/info\/wp-content\/uploads\/2025\/05\/LOGO-PATAGONIA-AMBIENTAL.png","contentUrl":"https:\/\/patagoniambiental.com.ar\/info\/wp-content\/uploads\/2025\/05\/LOGO-PATAGONIA-AMBIENTAL.png","width":433,"height":250,"caption":"Patagonia Ambiental"},"image":{"@id":"https:\/\/patagoniambiental.com.ar\/info\/#\/schema\/logo\/image\/"},"sameAs":["https:\/\/www.facebook.com\/patagonia.ambiental","https:\/\/x.com\/PatAmb"]},{"@type":"Person","@id":"https:\/\/patagoniambiental.com.ar\/info\/#\/schema\/person\/db12bff64bbcbf6a253710bf0ea37b5d","name":"Patagonia Ambiental","description":"Andr\u00e9s Nievas T\u00e9cnico en manejo ambiental, consultor Ambiental y escritor para medios locales e internacionales sobre temas de geopolitica y medio ambiente.","sameAs":["http:\/\/www.patagoniambiental.com.ar","https:\/\/www.facebook.com\/share\/1C1V8Gv9BX\/?mibextid=qi2Omg","@patagoniambiental","https:\/\/youtube.com\/@patagoniaambiental2023?si=BLt58t0wuXquxlYZ"]}]}},"_links":{"self":[{"href":"https:\/\/patagoniambiental.com.ar\/info\/wp-json\/wp\/v2\/posts\/16891","targetHints":{"allow":["GET"]}}],"collection":[{"href":"https:\/\/patagoniambiental.com.ar\/info\/wp-json\/wp\/v2\/posts"}],"about":[{"href":"https:\/\/patagoniambiental.com.ar\/info\/wp-json\/wp\/v2\/types\/post"}],"author":[{"embeddable":true,"href":"https:\/\/patagoniambiental.com.ar\/info\/wp-json\/wp\/v2\/users\/2"}],"replies":[{"embeddable":true,"href":"https:\/\/patagoniambiental.com.ar\/info\/wp-json\/wp\/v2\/comments?post=16891"}],"version-history":[{"count":0,"href":"https:\/\/patagoniambiental.com.ar\/info\/wp-json\/wp\/v2\/posts\/16891\/revisions"}],"wp:attachment":[{"href":"https:\/\/patagoniambiental.com.ar\/info\/wp-json\/wp\/v2\/media?parent=16891"}],"wp:term":[{"taxonomy":"category","embeddable":true,"href":"https:\/\/patagoniambiental.com.ar\/info\/wp-json\/wp\/v2\/categories?post=16891"},{"taxonomy":"post_tag","embeddable":true,"href":"https:\/\/patagoniambiental.com.ar\/info\/wp-json\/wp\/v2\/tags?post=16891"}],"curies":[{"name":"wp","href":"https:\/\/api.w.org\/{rel}","templated":true}]}}