{"id":17100,"date":"2026-03-05T07:00:00","date_gmt":"2026-03-05T10:00:00","guid":{"rendered":"http:\/\/patagoniambiental.com.ar\/?p=17100"},"modified":"2026-03-05T11:36:15","modified_gmt":"2026-03-05T14:36:15","slug":"5-marzo-dia-mundial-eficiencia-energetica","status":"publish","type":"post","link":"https:\/\/patagoniambiental.com.ar\/info\/5-marzo-dia-mundial-eficiencia-energetica\/","title":{"rendered":"D\u00eda Mundial de la Eficiencia Energ\u00e9tica 2026: la revoluci\u00f3n silenciosa que puede salvar al planeta y reducir tu factura de luz"},"content":{"rendered":"\n<!--more-->\n\n\n<p dir=\"ltr\"><strong>D\u00eda Mundial de la Eficiencia Energ\u00e9tica 2026: la revoluci\u00f3n silenciosa que puede salvar al planeta y reducir tu factura de luz.<\/strong><\/p>\n<p dir=\"ltr\">El 5 de marzo que cambi\u00f3 la conversaci\u00f3n sobre energ\u00eda en todo el mundo<\/p>\n<p dir=\"ltr\">Viedma, Rio Negro, 5 de marzo de 2025. Cada 5 de marzo se celebra el D\u00eda Mundial de la Eficiencia Energ\u00e9tica, una fecha que con el paso de los a\u00f1os dej\u00f3 de ser un simple recordatorio simb\u00f3lico para transformarse en un verdadero llamado global a repensar c\u00f3mo usamos la energ\u00eda en nuestras vidas. En 2026, el contexto mundial vuelve a poner este tema en el centro de la agenda p\u00fablica: la crisis clim\u00e1tica se intensifica, los costos energ\u00e9ticos siguen siendo una preocupaci\u00f3n para hogares y empresas, y la transici\u00f3n hacia energ\u00edas m\u00e1s limpias se acelera en todos los continentes.<\/p>\n<p dir=\"ltr\">La eficiencia energ\u00e9tica aparece entonces como una de las soluciones m\u00e1s concretas y accesibles para enfrentar estos desaf\u00edos. A diferencia de otras medidas que requieren grandes inversiones o cambios estructurales complejos, mejorar la forma en que consumimos energ\u00eda puede generar resultados inmediatos. Desde una vivienda que optimiza su aislamiento t\u00e9rmico hasta una ciudad que moderniza su alumbrado p\u00fablico, cada decisi\u00f3n influye directamente en la reducci\u00f3n del consumo energ\u00e9tico global.<\/p>\n<p dir=\"ltr\">Pero hay un dato que suele sorprender incluso a especialistas: seg\u00fan estimaciones de organismos internacionales de energ\u00eda, la eficiencia energ\u00e9tica podr\u00eda aportar hasta el 40% de las reducciones necesarias de emisiones para cumplir los objetivos clim\u00e1ticos globales. Esto significa que optimizar el uso de la energ\u00eda no solo reduce costos econ\u00f3micos, sino que tambi\u00e9n se convierte en una herramienta clave para frenar el cambio clim\u00e1tico.<\/p>\n<p dir=\"ltr\">Por eso, el D\u00eda Mundial de la Eficiencia Energ\u00e9tica funciona cada a\u00f1o como un punto de encuentro entre gobiernos, empresas, cient\u00edficos, organizaciones ambientales y ciudadanos. M\u00e1s que una fecha en el calendario, es una oportunidad para analizar avances, identificar desaf\u00edos y promover pol\u00edticas p\u00fablicas que impulsen un uso m\u00e1s inteligente de los recursos energ\u00e9ticos.<\/p>\n<p dir=\"ltr\"><strong>Qu\u00e9 es la eficiencia energ\u00e9tica y por qu\u00e9 es clave para el futuro del planeta<\/strong><\/p>\n<p dir=\"ltr\">La eficiencia energ\u00e9tica se define como la capacidad de obtener los mismos resultados \u2014o incluso mejores\u2014 utilizando menos energ\u00eda. En otras palabras, se trata de aprovechar al m\u00e1ximo cada unidad energ\u00e9tica disponible, reduciendo p\u00e9rdidas y eliminando consumos innecesarios.<\/p>\n<p dir=\"ltr\">Este concepto puede aplicarse pr\u00e1cticamente a todos los \u00e1mbitos de la vida moderna. En los hogares, por ejemplo, la eficiencia energ\u00e9tica se refleja en el uso de electrodom\u00e9sticos de bajo consumo, iluminaci\u00f3n LED o sistemas de calefacci\u00f3n m\u00e1s eficientes. En la industria, implica modernizar equipos, optimizar procesos productivos y reducir desperdicios energ\u00e9ticos. En las ciudades, se traduce en infraestructuras inteligentes, transporte sostenible y edificios con dise\u00f1o bioclim\u00e1tico.<\/p>\n<p dir=\"ltr\">El impacto de estas mejoras puede ser enorme. Cuando una vivienda mejora su aislamiento t\u00e9rmico, por ejemplo, puede reducir hasta un 40% su consumo de energ\u00eda para calefacci\u00f3n o refrigeraci\u00f3n. En el caso de las ciudades, la modernizaci\u00f3n del alumbrado p\u00fablico con tecnolog\u00eda LED puede disminuir el consumo el\u00e9ctrico hasta en un 70%, generando adem\u00e1s importantes ahorros para los presupuestos municipales.<\/p>\n<p dir=\"ltr\">En este contexto, la eficiencia energ\u00e9tica se convierte en una herramienta estrat\u00e9gica para alcanzar un equilibrio entre desarrollo econ\u00f3mico, bienestar social y protecci\u00f3n ambiental. No se trata \u00fanicamente de ahorrar energ\u00eda, sino de construir un modelo energ\u00e9tico m\u00e1s inteligente y sostenible.<\/p>\n<p dir=\"ltr\"><strong>La eficiencia energ\u00e9tica como herramienta clave contra el cambio clim\u00e1tico<\/strong><\/p>\n<p dir=\"ltr\">Uno de los grandes desaf\u00edos del siglo XXI es la lucha contra el cambio clim\u00e1tico, y la eficiencia energ\u00e9tica ocupa un lugar central en esa batalla. Cada kilovatio de energ\u00eda que logramos ahorrar representa menos combustibles f\u00f3siles quemados y, por lo tanto, menos emisiones de gases de efecto invernadero liberadas a la atm\u00f3sfera.<\/p>\n<p dir=\"ltr\">El v\u00ednculo entre eficiencia energ\u00e9tica y clima es directo. Si las industrias, los edificios y los sistemas de transporte consumen menos energ\u00eda para realizar las mismas actividades, la presi\u00f3n sobre los recursos naturales disminuye considerablemente. Esto se traduce en una menor contaminaci\u00f3n del aire, menos extracci\u00f3n de combustibles f\u00f3siles y ecosistemas m\u00e1s saludables.<\/p>\n<p dir=\"ltr\">En muchos pa\u00edses, las pol\u00edticas clim\u00e1ticas m\u00e1s ambiciosas incluyen programas masivos de eficiencia energ\u00e9tica. Desde incentivos para la rehabilitaci\u00f3n de viviendas hasta normativas m\u00e1s estrictas para la construcci\u00f3n de edificios, los gobiernos buscan acelerar la transici\u00f3n hacia un modelo energ\u00e9tico m\u00e1s eficiente.<\/p>\n<p dir=\"ltr\">Adem\u00e1s, la eficiencia energ\u00e9tica tambi\u00e9n mejora la resiliencia de las comunidades frente a eventos clim\u00e1ticos extremos. Ciudades con infraestructuras energ\u00e9ticas m\u00e1s modernas y eficientes pueden responder mejor ante olas de calor, cortes de energ\u00eda o fen\u00f3menos clim\u00e1ticos intensos.<\/p>\n<p dir=\"ltr\"><strong>Beneficios econ\u00f3micos de la eficiencia energ\u00e9tica para hogares y empresas<\/strong><\/p>\n<p dir=\"ltr\">Uno de los aspectos m\u00e1s tangibles de la eficiencia energ\u00e9tica es su impacto directo en la econom\u00eda cotidiana. Para millones de familias en todo el mundo, reducir el consumo energ\u00e9tico significa facturas de electricidad y gas m\u00e1s bajas.<\/p>\n<p dir=\"ltr\">Cuando un hogar reemplaza bombillas tradicionales por iluminaci\u00f3n LED, instala electrodom\u00e9sticos eficientes o mejora el aislamiento de su vivienda, el ahorro energ\u00e9tico puede ser significativo a lo largo del tiempo. Estas decisiones, aparentemente simples, generan beneficios econ\u00f3micos que se acumulan mes a mes.<\/p>\n<p dir=\"ltr\">En el sector empresarial, la eficiencia energ\u00e9tica tambi\u00e9n se convierte en una ventaja competitiva. Las empresas que optimizan su consumo energ\u00e9tico logran reducir costos operativos, mejorar su productividad y fortalecer su sostenibilidad ambiental. En industrias intensivas en energ\u00eda, estas mejoras pueden representar millones de d\u00f3lares en ahorro anual.<\/p>\n<p dir=\"ltr\">Incluso para los gobiernos locales, invertir en eficiencia energ\u00e9tica puede resultar altamente rentable. La modernizaci\u00f3n del alumbrado p\u00fablico, la optimizaci\u00f3n de edificios estatales o la implementaci\u00f3n de sistemas inteligentes de gesti\u00f3n energ\u00e9tica permiten reducir gastos p\u00fablicos y liberar recursos para otras \u00e1reas prioritarias.<\/p>\n<p dir=\"ltr\"><strong>Tecnolog\u00edas que est\u00e1n impulsando la eficiencia energ\u00e9tica en el mundo<\/strong><\/p>\n<p dir=\"ltr\">El avance tecnol\u00f3gico ha ampliado enormemente las posibilidades para mejorar la eficiencia energ\u00e9tica. Hoy existen soluciones innovadoras que permiten optimizar el consumo energ\u00e9tico en pr\u00e1cticamente todos los sectores.<\/p>\n<p dir=\"ltr\">Entre las tecnolog\u00edas m\u00e1s destacadas se encuentran:<\/p>\n<p dir=\"ltr\">Iluminaci\u00f3n LED de alta eficiencia<\/p>\n<p dir=\"ltr\">Sistemas inteligentes de gesti\u00f3n energ\u00e9tica<\/p>\n<p dir=\"ltr\">Electrodom\u00e9sticos de bajo consumo<\/p>\n<p dir=\"ltr\">Edificios bioclim\u00e1ticos y arquitectura sostenible<\/p>\n<p dir=\"ltr\">Paneles solares y energ\u00edas renovables<\/p>\n<p dir=\"ltr\">Veh\u00edculos el\u00e9ctricos y movilidad sostenible<\/p>\n<p dir=\"ltr\">La digitalizaci\u00f3n tambi\u00e9n juega un papel cada vez m\u00e1s importante. Los sensores inteligentes y los sistemas de monitoreo en tiempo real permiten analizar c\u00f3mo se consume la energ\u00eda en edificios, f\u00e1bricas o ciudades completas. Con esta informaci\u00f3n, es posible identificar desperdicios y aplicar soluciones m\u00e1s eficientes.<\/p>\n<p dir=\"ltr\">Las llamadas \u201cciudades inteligentes\u201d est\u00e1n integrando estas tecnolog\u00edas para mejorar su eficiencia energ\u00e9tica. Sistemas de alumbrado que se ajustan autom\u00e1ticamente seg\u00fan la presencia de personas, redes el\u00e9ctricas inteligentes y transporte urbano m\u00e1s eficiente son solo algunos ejemplos del futuro energ\u00e9tico que comienza a consolidarse.<\/p>\n<p dir=\"ltr\"><strong>Educaci\u00f3n ambiental y eficiencia energ\u00e9tica: el motor del cambio cultural<\/strong><\/p>\n<p dir=\"ltr\">Si bien la tecnolog\u00eda y las pol\u00edticas p\u00fablicas son fundamentales, la transici\u00f3n hacia un modelo energ\u00e9tico m\u00e1s eficiente tambi\u00e9n requiere un cambio cultural profundo. En este sentido, la educaci\u00f3n ambiental se convierte en una herramienta clave.<\/p>\n<p dir=\"ltr\">Las campa\u00f1as de concientizaci\u00f3n, los programas educativos y las iniciativas comunitarias ayudan a que la sociedad comprenda la importancia de consumir energ\u00eda de forma responsable. Desde apagar las luces innecesarias hasta elegir productos eficientes, cada decisi\u00f3n individual contribuye a un cambio colectivo.<\/p>\n<p dir=\"ltr\">Las escuelas, universidades y centros de formaci\u00f3n t\u00e9cnica tambi\u00e9n cumplen un papel estrat\u00e9gico. La formaci\u00f3n de profesionales especializados en energ\u00edas renovables, eficiencia energ\u00e9tica y gesti\u00f3n ambiental es esencial para impulsar la transici\u00f3n energ\u00e9tica.<\/p>\n<p dir=\"ltr\">Adem\u00e1s, la educaci\u00f3n en este \u00e1mbito tambi\u00e9n abre nuevas oportunidades laborales. A medida que crece la demanda de soluciones energ\u00e9ticas sostenibles, surge un mercado laboral cada vez m\u00e1s amplio vinculado a los llamados empleos verdes.<\/p>\n<p dir=\"ltr\"><strong>Empleos verdes y nuevas oportunidades econ\u00f3micas<\/strong><\/p>\n<p dir=\"ltr\">La transici\u00f3n hacia un sistema energ\u00e9tico m\u00e1s eficiente no solo protege el ambiente, sino que tambi\u00e9n impulsa el desarrollo econ\u00f3mico. En todo el mundo est\u00e1 creciendo la demanda de profesionales especializados en \u00e1reas vinculadas a la energ\u00eda sostenible.<\/p>\n<p dir=\"ltr\">Ingenieros en energ\u00edas renovables, arquitectos especializados en dise\u00f1o bioclim\u00e1tico, t\u00e9cnicos instaladores de paneles solares y expertos en eficiencia energ\u00e9tica son solo algunos de los perfiles cada vez m\u00e1s solicitados.<\/p>\n<p dir=\"ltr\">Seg\u00fan diversos informes internacionales sobre transici\u00f3n energ\u00e9tica, el sector de las energ\u00edas limpias podr\u00eda generar millones de nuevos empleos en las pr\u00f3ximas d\u00e9cadas. Estos trabajos no solo contribuyen a reducir las emisiones contaminantes, sino que tambi\u00e9n promueven econom\u00edas m\u00e1s resilientes e innovadoras.<\/p>\n<p dir=\"ltr\">En regiones con gran potencial solar o e\u00f3lico, como gran parte de Am\u00e9rica Latina, el desarrollo de estas industrias representa una oportunidad estrat\u00e9gica para impulsar el crecimiento econ\u00f3mico sostenible.<\/p>\n<p dir=\"ltr\"><strong>El rol de los gobiernos en la transici\u00f3n hacia la eficiencia energ\u00e9tica<\/strong><\/p>\n<p dir=\"ltr\">Aunque las decisiones individuales son importantes, la transici\u00f3n hacia un sistema energ\u00e9tico eficiente requiere pol\u00edticas p\u00fablicas claras y sostenidas en el tiempo.<\/p>\n<p dir=\"ltr\">Los gobiernos tienen la capacidad de impulsar cambios estructurales mediante regulaciones, incentivos fiscales y programas de financiamiento. Algunas de las pol\u00edticas m\u00e1s efectivas incluyen:<\/p>\n<p dir=\"ltr\">Normativas de eficiencia energ\u00e9tica para edificios<\/p>\n<p dir=\"ltr\">Etiquetado energ\u00e9tico obligatorio en electrodom\u00e9sticos<\/p>\n<p dir=\"ltr\">Programas de rehabilitaci\u00f3n energ\u00e9tica de viviendas<\/p>\n<p dir=\"ltr\">Incentivos para energ\u00edas renovables<\/p>\n<p dir=\"ltr\">Modernizaci\u00f3n de infraestructuras p\u00fablicas<\/p>\n<p dir=\"ltr\">Adem\u00e1s, la cooperaci\u00f3n internacional es fundamental para compartir conocimientos, transferir tecnolog\u00edas y financiar proyectos de transici\u00f3n energ\u00e9tica en pa\u00edses en desarrollo.<\/p>\n<p dir=\"ltr\">En este sentido, acuerdos globales como los compromisos clim\u00e1ticos internacionales buscan acelerar el proceso de transformaci\u00f3n energ\u00e9tica a nivel mundial.<\/p>\n<p dir=\"ltr\">C\u00f3mo pueden participar los ciudadanos en la eficiencia energ\u00e9tica<\/p>\n<p dir=\"ltr\">Aunque muchas soluciones dependen de gobiernos y empresas, los ciudadanos tambi\u00e9n tienen un papel fundamental en la construcci\u00f3n de un modelo energ\u00e9tico m\u00e1s eficiente.<\/p>\n<p dir=\"ltr\">Algunas acciones simples pueden marcar una gran diferencia:<\/p>\n<p dir=\"ltr\">Utilizar electrodom\u00e9sticos eficientes<\/p>\n<p dir=\"ltr\">Apagar dispositivos en modo standby<\/p>\n<p dir=\"ltr\">Mejorar el aislamiento del hogar<\/p>\n<p dir=\"ltr\">Elegir iluminaci\u00f3n LED<\/p>\n<p dir=\"ltr\">Priorizar el transporte p\u00fablico o la movilidad sostenible<\/p>\n<p dir=\"ltr\">Cuando millones de personas adoptan estos h\u00e1bitos, el impacto acumulado puede ser enorme. La eficiencia energ\u00e9tica se convierte as\u00ed en un movimiento colectivo que involucra a toda la sociedad.<\/p>\n<p dir=\"ltr\"><strong>El D\u00eda Mundial de la Eficiencia Energ\u00e9tica como recordatorio global<\/strong><\/p>\n<p dir=\"ltr\">El D\u00eda Mundial de la Eficiencia Energ\u00e9tica no es solo una fecha simb\u00f3lica. Es un recordatorio anual de que el uso inteligente de la energ\u00eda es una de las herramientas m\u00e1s poderosas para enfrentar los desaf\u00edos ambientales del siglo XXI.<\/p>\n<p dir=\"ltr\">Cada a\u00f1o, gobiernos, organizaciones ambientales, empresas y ciudadanos aprovechan esta jornada para promover iniciativas, lanzar proyectos y renovar compromisos con la sostenibilidad.<\/p>\n<p dir=\"ltr\">En un mundo donde la demanda energ\u00e9tica contin\u00faa creciendo, mejorar la eficiencia energ\u00e9tica puede marcar la diferencia entre un futuro sostenible y uno marcado por crisis ambientales cada vez m\u00e1s intensas.<\/p>\n<p dir=\"ltr\"><b>R\u00edo Negro impulsa la eficiencia energ\u00e9tica y la incluye en su agenda ambiental<\/b><\/p>\n<p dir=\"ltr\">En la <b>provincia de R\u00edo Negro<\/b>, el <b>D\u00eda Mundial de la Eficiencia Energ\u00e9tica<\/b>, que se conmemora cada 5 de marzo, tambi\u00e9n ocupa un lugar relevante dentro de las pol\u00edticas ambientales y energ\u00e9ticas que el gobierno provincial impulsa en los \u00faltimos a\u00f1os. La fecha forma parte de las efem\u00e9rides ambientales que integran el calendario de actividades de educaci\u00f3n y concientizaci\u00f3n ambiental promovido por organismos p\u00fablicos, instituciones educativas y organizaciones sociales. En este contexto, la jornada se utiliza como una oportunidad estrat\u00e9gica para promover el uso responsable de la energ\u00eda, difundir tecnolog\u00edas m\u00e1s eficientes y fortalecer el compromiso de la sociedad con un modelo energ\u00e9tico m\u00e1s sostenible.<\/p>\n<p dir=\"ltr\">Desde la <b>Secretar\u00eda de Energ\u00eda y Ambiente de R\u00edo Negro<\/b>, se desarrollan distintas acciones vinculadas con esta tem\u00e1tica, muchas de ellas impulsadas justamente en el marco del D\u00eda Mundial de la Eficiencia Energ\u00e9tica. Entre estas iniciativas se destacan programas de asesoramiento t\u00e9cnico destinados a empresas, clubes deportivos, instituciones y organismos p\u00fablicos para mejorar el uso de la energ\u00eda en instalaciones el\u00e9ctricas, sistemas de iluminaci\u00f3n, climatizaci\u00f3n y equipamiento industrial. Estas medidas buscan no solo reducir el consumo energ\u00e9tico y los costos operativos, sino tambi\u00e9n disminuir el impacto ambiental asociado al uso de la energ\u00eda.<\/p>\n<p dir=\"ltr\">Uno de los ejes centrales de estas pol\u00edticas es la promoci\u00f3n de diagn\u00f3sticos energ\u00e9ticos que permitan identificar oportunidades de mejora en edificios, instalaciones deportivas, comercios y peque\u00f1as industrias. A trav\u00e9s de este tipo de evaluaciones t\u00e9cnicas, especialistas del \u00e1rea energ\u00e9tica provincial analizan los patrones de consumo el\u00e9ctrico y elaboran recomendaciones concretas para optimizar el rendimiento energ\u00e9tico. Este enfoque permite que muchas instituciones puedan reducir su gasto energ\u00e9tico sin necesidad de realizar grandes inversiones, simplemente aplicando medidas de eficiencia y modernizaci\u00f3n tecnol\u00f3gica.<\/p>\n<p dir=\"ltr\">Adem\u00e1s, la provincia ha impulsado acuerdos con universidades e instituciones acad\u00e9micas para fortalecer la investigaci\u00f3n y la capacitaci\u00f3n en materia energ\u00e9tica. En este marco, se firmaron convenios de colaboraci\u00f3n orientados a desarrollar estudios t\u00e9cnicos, programas de formaci\u00f3n y proyectos vinculados con la eficiencia energ\u00e9tica y la generaci\u00f3n distribuida de energ\u00eda. Estas alianzas buscan ampliar el conocimiento cient\u00edfico aplicado a la gesti\u00f3n energ\u00e9tica y generar nuevas capacidades profesionales en la regi\u00f3n.<\/p>\n<p dir=\"ltr\">La inclusi\u00f3n del <b>D\u00eda Mundial de la Eficiencia Energ\u00e9tica dentro del calendario ambiental que se difunde en R\u00edo Negro<\/b> tambi\u00e9n tiene un fuerte componente educativo. Durante esta jornada se promueven campa\u00f1as de sensibilizaci\u00f3n destinadas a escuelas, comunidades y ciudadanos en general, con el objetivo de fomentar h\u00e1bitos responsables en el consumo de energ\u00eda. Actividades educativas, charlas t\u00e9cnicas, talleres y campa\u00f1as de comunicaci\u00f3n forman parte de las estrategias utilizadas para acercar este tema a la vida cotidiana de la poblaci\u00f3n.<\/p>\n<p dir=\"ltr\">En este sentido, el enfoque provincial reconoce que la transici\u00f3n energ\u00e9tica no depende \u00fanicamente de grandes inversiones en infraestructura o de decisiones gubernamentales. Tambi\u00e9n requiere un cambio cultural que involucre a toda la sociedad. Por ello, las pol\u00edticas ambientales y energ\u00e9ticas de R\u00edo Negro buscan integrar la eficiencia energ\u00e9tica como un concepto transversal que atraviesa la educaci\u00f3n ambiental, la planificaci\u00f3n urbana, el desarrollo productivo y la innovaci\u00f3n tecnol\u00f3gica.<\/p>\n<p dir=\"ltr\">La provincia, adem\u00e1s, posee un enorme potencial energ\u00e9tico debido a sus recursos naturales, que incluyen fuentes renovables como la energ\u00eda e\u00f3lica y solar, adem\u00e1s de su rol estrat\u00e9gico en el sistema energ\u00e9tico nacional. En este contexto, mejorar la eficiencia energ\u00e9tica se vuelve a\u00fan m\u00e1s importante para garantizar que el crecimiento econ\u00f3mico y productivo se desarrolle de manera sostenible y con menor impacto ambiental.<\/p>\n<p dir=\"ltr\">Por estas razones, el <b>D\u00eda Mundial de la Eficiencia Energ\u00e9tica<\/b> se ha transformado en una fecha clave dentro de la agenda ambiental rionegrina. M\u00e1s all\u00e1 de su car\u00e1cter simb\u00f3lico, representa una oportunidad para fortalecer pol\u00edticas p\u00fablicas, impulsar proyectos de innovaci\u00f3n energ\u00e9tica y promover una ciudadan\u00eda m\u00e1s consciente del impacto que tiene el consumo de energ\u00eda sobre el ambiente y el desarrollo sostenible.<\/p>\n<p dir=\"ltr\">En definitiva, la participaci\u00f3n de R\u00edo Negro en esta conmemoraci\u00f3n refleja una tendencia cada vez m\u00e1s marcada en muchas regiones del mundo: entender que la eficiencia energ\u00e9tica no es solo una herramienta t\u00e9cnica, sino tambi\u00e9n una estrategia fundamental para enfrentar los desaf\u00edos ambientales, econ\u00f3micos y clim\u00e1ticos del presente y del futuro.<\/p>\n\n\n<p><\/p>\n","protected":false},"excerpt":{"rendered":"","protected":false},"author":2,"featured_media":99166,"comment_status":"closed","ping_status":"closed","sticky":false,"template":"","format":"standard","meta":{"site-sidebar-layout":"default","site-content-layout":"","ast-site-content-layout":"default","site-content-style":"default","site-sidebar-style":"default","ast-global-header-display":"","ast-banner-title-visibility":"","ast-main-header-display":"","ast-hfb-above-header-display":"","ast-hfb-below-header-display":"","ast-hfb-mobile-header-display":"","site-post-title":"","ast-breadcrumbs-content":"","ast-featured-img":"","footer-sml-layout":"","ast-disable-related-posts":"","theme-transparent-header-meta":"","adv-header-id-meta":"","stick-header-meta":"","header-above-stick-meta":"","header-main-stick-meta":"","header-below-stick-meta":"","astra-migrate-meta-layouts":"default","ast-page-background-enabled":"default","ast-page-background-meta":{"desktop":{"background-color":"var(--ast-global-color-5)","background-image":"","background-repeat":"repeat","background-position":"center center","background-size":"auto","background-attachment":"scroll","background-type":"","background-media":"","overlay-type":"","overlay-color":"","overlay-opacity":"","overlay-gradient":""},"tablet":{"background-color":"","background-image":"","background-repeat":"repeat","background-position":"center center","background-size":"auto","background-attachment":"scroll","background-type":"","background-media":"","overlay-type":"","overlay-color":"","overlay-opacity":"","overlay-gradient":""},"mobile":{"background-color":"","background-image":"","background-repeat":"repeat","background-position":"center center","background-size":"auto","background-attachment":"scroll","background-type":"","background-media":"","overlay-type":"","overlay-color":"","overlay-opacity":"","overlay-gradient":""}},"ast-content-background-meta":{"desktop":{"background-color":"var(--ast-global-color-4)","background-image":"","background-repeat":"repeat","background-position":"center center","background-size":"auto","background-attachment":"scroll","background-type":"","background-media":"","overlay-type":"","overlay-color":"","overlay-opacity":"","overlay-gradient":""},"tablet":{"background-color":"var(--ast-global-color-4)","background-image":"","background-repeat":"repeat","background-position":"center center","background-size":"auto","background-attachment":"scroll","background-type":"","background-media":"","overlay-type":"","overlay-color":"","overlay-opacity":"","overlay-gradient":""},"mobile":{"background-color":"var(--ast-global-color-4)","background-image":"","background-repeat":"repeat","background-position":"center center","background-size":"auto","background-attachment":"scroll","background-type":"","background-media":"","overlay-type":"","overlay-color":"","overlay-opacity":"","overlay-gradient":""}},"footnotes":""},"categories":[12,1],"tags":[],"class_list":["post-17100","post","type-post","status-publish","format-standard","has-post-thumbnail","hentry","category-agenda-ambiental","category-noticias"],"yoast_head":"<!-- This site is optimized with the Yoast SEO Premium plugin v23.0 (Yoast SEO v27.5) - https:\/\/yoast.com\/product\/yoast-seo-premium-wordpress\/ -->\n<title>D\u00eda Mundial de la Eficiencia Energ\u00e9tica 2026: la revoluci\u00f3n silenciosa que puede salvar al planeta y reducir tu factura de luz Eficiencia Energ\u00e9tica: claves del D\u00eda Mundial que marcan el futuro del planeta<\/title>\n<meta name=\"description\" content=\"Cada 5 de marzo se celebra el D\u00eda Mundial de la Eficiencia Energ\u00e9tica, una fecha que invita a reflexionar sobre la forma en que utilizamos\" \/>\n<meta name=\"robots\" content=\"index, follow, max-snippet:-1, max-image-preview:large, max-video-preview:-1\" \/>\n<link rel=\"canonical\" href=\"https:\/\/patagoniambiental.com.ar\/info\/5-marzo-dia-mundial-eficiencia-energetica\/\" \/>\n<meta property=\"og:locale\" content=\"es_ES\" \/>\n<meta property=\"og:type\" content=\"article\" \/>\n<meta property=\"og:title\" content=\"D\u00eda Mundial de la Eficiencia Energ\u00e9tica 2026: la revoluci\u00f3n silenciosa que puede salvar al planeta y reducir tu factura de luz\" \/>\n<meta property=\"og:description\" content=\"Cada 5 de marzo se celebra el D\u00eda Mundial de la Eficiencia Energ\u00e9tica, una fecha que invita a reflexionar sobre la forma en que utilizamos\" \/>\n<meta property=\"og:url\" content=\"https:\/\/patagoniambiental.com.ar\/info\/5-marzo-dia-mundial-eficiencia-energetica\/\" \/>\n<meta property=\"og:site_name\" content=\"Patagonia Ambiental\" \/>\n<meta property=\"article:publisher\" content=\"https:\/\/www.facebook.com\/patagonia.ambiental\" \/>\n<meta property=\"article:author\" content=\"https:\/\/www.facebook.com\/share\/1C1V8Gv9BX\/?mibextid=qi2Omg\" \/>\n<meta property=\"article:published_time\" content=\"2026-03-05T10:00:00+00:00\" \/>\n<meta property=\"article:modified_time\" content=\"2026-03-05T14:36:15+00:00\" \/>\n<meta property=\"og:image\" content=\"https:\/\/patagoniambiental.com.ar\/info\/wp-content\/uploads\/2016\/03\/156227640_2922447714742922_6693687097489011725_o-1536x1324-1.jpg\" \/>\n\t<meta property=\"og:image:width\" content=\"696\" \/>\n\t<meta property=\"og:image:height\" content=\"600\" \/>\n\t<meta property=\"og:image:type\" content=\"image\/jpeg\" \/>\n<meta name=\"author\" content=\"Patagonia Ambiental\" \/>\n<meta name=\"twitter:card\" content=\"summary_large_image\" \/>\n<meta name=\"twitter:creator\" content=\"@PatAmb\" \/>\n<meta name=\"twitter:site\" content=\"@PatAmb\" \/>\n<script type=\"application\/ld+json\" class=\"yoast-schema-graph\">{\"@context\":\"https:\\\/\\\/schema.org\",\"@graph\":[{\"@type\":\"Article\",\"@id\":\"https:\\\/\\\/patagoniambiental.com.ar\\\/info\\\/5-marzo-dia-mundial-eficiencia-energetica\\\/#article\",\"isPartOf\":{\"@id\":\"https:\\\/\\\/patagoniambiental.com.ar\\\/info\\\/5-marzo-dia-mundial-eficiencia-energetica\\\/\"},\"author\":{\"name\":\"Patagonia Ambiental\",\"@id\":\"https:\\\/\\\/patagoniambiental.com.ar\\\/info\\\/#\\\/schema\\\/person\\\/db12bff64bbcbf6a253710bf0ea37b5d\"},\"headline\":\"D\u00eda Mundial de la Eficiencia Energ\u00e9tica 2026: la revoluci\u00f3n silenciosa que puede salvar al planeta y reducir tu factura de luz\",\"datePublished\":\"2026-03-05T10:00:00+00:00\",\"dateModified\":\"2026-03-05T14:36:15+00:00\",\"mainEntityOfPage\":{\"@id\":\"https:\\\/\\\/patagoniambiental.com.ar\\\/info\\\/5-marzo-dia-mundial-eficiencia-energetica\\\/\"},\"wordCount\":2799,\"publisher\":{\"@id\":\"https:\\\/\\\/patagoniambiental.com.ar\\\/info\\\/#organization\"},\"image\":{\"@id\":\"https:\\\/\\\/patagoniambiental.com.ar\\\/info\\\/5-marzo-dia-mundial-eficiencia-energetica\\\/#primaryimage\"},\"thumbnailUrl\":\"https:\\\/\\\/patagoniambiental.com.ar\\\/info\\\/wp-content\\\/uploads\\\/2016\\\/03\\\/156227640_2922447714742922_6693687097489011725_o-1536x1324-1.jpg\",\"articleSection\":[\"Agenda Ambiental\",\"Noticias\"],\"inLanguage\":\"es\"},{\"@type\":\"WebPage\",\"@id\":\"https:\\\/\\\/patagoniambiental.com.ar\\\/info\\\/5-marzo-dia-mundial-eficiencia-energetica\\\/\",\"url\":\"https:\\\/\\\/patagoniambiental.com.ar\\\/info\\\/5-marzo-dia-mundial-eficiencia-energetica\\\/\",\"name\":\"D\u00eda Mundial de la Eficiencia Energ\u00e9tica 2026: la revoluci\u00f3n silenciosa que puede salvar al planeta y reducir tu factura de luz Eficiencia Energ\u00e9tica: claves del D\u00eda Mundial que marcan el futuro del planeta\",\"isPartOf\":{\"@id\":\"https:\\\/\\\/patagoniambiental.com.ar\\\/info\\\/#website\"},\"primaryImageOfPage\":{\"@id\":\"https:\\\/\\\/patagoniambiental.com.ar\\\/info\\\/5-marzo-dia-mundial-eficiencia-energetica\\\/#primaryimage\"},\"image\":{\"@id\":\"https:\\\/\\\/patagoniambiental.com.ar\\\/info\\\/5-marzo-dia-mundial-eficiencia-energetica\\\/#primaryimage\"},\"thumbnailUrl\":\"https:\\\/\\\/patagoniambiental.com.ar\\\/info\\\/wp-content\\\/uploads\\\/2016\\\/03\\\/156227640_2922447714742922_6693687097489011725_o-1536x1324-1.jpg\",\"datePublished\":\"2026-03-05T10:00:00+00:00\",\"dateModified\":\"2026-03-05T14:36:15+00:00\",\"description\":\"Cada 5 de marzo se celebra el D\u00eda Mundial de la Eficiencia Energ\u00e9tica, una fecha que invita a reflexionar sobre la forma en que utilizamos\",\"breadcrumb\":{\"@id\":\"https:\\\/\\\/patagoniambiental.com.ar\\\/info\\\/5-marzo-dia-mundial-eficiencia-energetica\\\/#breadcrumb\"},\"inLanguage\":\"es\",\"potentialAction\":[{\"@type\":\"ReadAction\",\"target\":[\"https:\\\/\\\/patagoniambiental.com.ar\\\/info\\\/5-marzo-dia-mundial-eficiencia-energetica\\\/\"]}]},{\"@type\":\"ImageObject\",\"inLanguage\":\"es\",\"@id\":\"https:\\\/\\\/patagoniambiental.com.ar\\\/info\\\/5-marzo-dia-mundial-eficiencia-energetica\\\/#primaryimage\",\"url\":\"https:\\\/\\\/patagoniambiental.com.ar\\\/info\\\/wp-content\\\/uploads\\\/2016\\\/03\\\/156227640_2922447714742922_6693687097489011725_o-1536x1324-1.jpg\",\"contentUrl\":\"https:\\\/\\\/patagoniambiental.com.ar\\\/info\\\/wp-content\\\/uploads\\\/2016\\\/03\\\/156227640_2922447714742922_6693687097489011725_o-1536x1324-1.jpg\",\"width\":696,\"height\":600,\"caption\":\"Cr\u00e9dito: Gobierno de Rio Negro\"},{\"@type\":\"BreadcrumbList\",\"@id\":\"https:\\\/\\\/patagoniambiental.com.ar\\\/info\\\/5-marzo-dia-mundial-eficiencia-energetica\\\/#breadcrumb\",\"itemListElement\":[{\"@type\":\"ListItem\",\"position\":1,\"name\":\"Inicio\",\"item\":\"https:\\\/\\\/patagoniambiental.com.ar\\\/info\\\/\"},{\"@type\":\"ListItem\",\"position\":2,\"name\":\"D\u00eda Mundial de la Eficiencia Energ\u00e9tica 2026: la revoluci\u00f3n silenciosa que puede salvar al planeta y reducir tu factura de luz\"}]},{\"@type\":\"WebSite\",\"@id\":\"https:\\\/\\\/patagoniambiental.com.ar\\\/info\\\/#website\",\"url\":\"https:\\\/\\\/patagoniambiental.com.ar\\\/info\\\/\",\"name\":\"Patagonia Ambiental\",\"description\":\"Monitoreo y an\u00e1lisis de la situaci\u00f3n geopol\u00edtica en el mundo y su implicancia en la Patagonia\",\"publisher\":{\"@id\":\"https:\\\/\\\/patagoniambiental.com.ar\\\/info\\\/#organization\"},\"potentialAction\":[{\"@type\":\"SearchAction\",\"target\":{\"@type\":\"EntryPoint\",\"urlTemplate\":\"https:\\\/\\\/patagoniambiental.com.ar\\\/info\\\/?s={search_term_string}\"},\"query-input\":{\"@type\":\"PropertyValueSpecification\",\"valueRequired\":true,\"valueName\":\"search_term_string\"}}],\"inLanguage\":\"es\"},{\"@type\":\"Organization\",\"@id\":\"https:\\\/\\\/patagoniambiental.com.ar\\\/info\\\/#organization\",\"name\":\"Patagonia Ambiental\",\"url\":\"https:\\\/\\\/patagoniambiental.com.ar\\\/info\\\/\",\"logo\":{\"@type\":\"ImageObject\",\"inLanguage\":\"es\",\"@id\":\"https:\\\/\\\/patagoniambiental.com.ar\\\/info\\\/#\\\/schema\\\/logo\\\/image\\\/\",\"url\":\"https:\\\/\\\/patagoniambiental.com.ar\\\/info\\\/wp-content\\\/uploads\\\/2025\\\/05\\\/LOGO-PATAGONIA-AMBIENTAL.png\",\"contentUrl\":\"https:\\\/\\\/patagoniambiental.com.ar\\\/info\\\/wp-content\\\/uploads\\\/2025\\\/05\\\/LOGO-PATAGONIA-AMBIENTAL.png\",\"width\":433,\"height\":250,\"caption\":\"Patagonia Ambiental\"},\"image\":{\"@id\":\"https:\\\/\\\/patagoniambiental.com.ar\\\/info\\\/#\\\/schema\\\/logo\\\/image\\\/\"},\"sameAs\":[\"https:\\\/\\\/www.facebook.com\\\/patagonia.ambiental\",\"https:\\\/\\\/x.com\\\/PatAmb\"]},{\"@type\":\"Person\",\"@id\":\"https:\\\/\\\/patagoniambiental.com.ar\\\/info\\\/#\\\/schema\\\/person\\\/db12bff64bbcbf6a253710bf0ea37b5d\",\"name\":\"Patagonia Ambiental\",\"description\":\"Andr\u00e9s Nievas T\u00e9cnico en manejo ambiental, consultor Ambiental y escritor para medios locales e internacionales sobre temas de geopolitica y medio ambiente.\",\"sameAs\":[\"http:\\\/\\\/www.patagoniambiental.com.ar\",\"https:\\\/\\\/www.facebook.com\\\/share\\\/1C1V8Gv9BX\\\/?mibextid=qi2Omg\",\"@patagoniambiental\",\"https:\\\/\\\/youtube.com\\\/@patagoniaambiental2023?si=BLt58t0wuXquxlYZ\"]}]}<\/script>\n<!-- \/ Yoast SEO Premium plugin. -->","yoast_head_json":{"title":"D\u00eda Mundial de la Eficiencia Energ\u00e9tica 2026: la revoluci\u00f3n silenciosa que puede salvar al planeta y reducir tu factura de luz Eficiencia Energ\u00e9tica: claves del D\u00eda Mundial que marcan el futuro del planeta","description":"Cada 5 de marzo se celebra el D\u00eda Mundial de la Eficiencia Energ\u00e9tica, una fecha que invita a reflexionar sobre la forma en que utilizamos","robots":{"index":"index","follow":"follow","max-snippet":"max-snippet:-1","max-image-preview":"max-image-preview:large","max-video-preview":"max-video-preview:-1"},"canonical":"https:\/\/patagoniambiental.com.ar\/info\/5-marzo-dia-mundial-eficiencia-energetica\/","og_locale":"es_ES","og_type":"article","og_title":"D\u00eda Mundial de la Eficiencia Energ\u00e9tica 2026: la revoluci\u00f3n silenciosa que puede salvar al planeta y reducir tu factura de luz","og_description":"Cada 5 de marzo se celebra el D\u00eda Mundial de la Eficiencia Energ\u00e9tica, una fecha que invita a reflexionar sobre la forma en que utilizamos","og_url":"https:\/\/patagoniambiental.com.ar\/info\/5-marzo-dia-mundial-eficiencia-energetica\/","og_site_name":"Patagonia Ambiental","article_publisher":"https:\/\/www.facebook.com\/patagonia.ambiental","article_author":"https:\/\/www.facebook.com\/share\/1C1V8Gv9BX\/?mibextid=qi2Omg","article_published_time":"2026-03-05T10:00:00+00:00","article_modified_time":"2026-03-05T14:36:15+00:00","og_image":[{"width":696,"height":600,"url":"https:\/\/patagoniambiental.com.ar\/info\/wp-content\/uploads\/2016\/03\/156227640_2922447714742922_6693687097489011725_o-1536x1324-1.jpg","type":"image\/jpeg"}],"author":"Patagonia Ambiental","twitter_card":"summary_large_image","twitter_creator":"@PatAmb","twitter_site":"@PatAmb","schema":{"@context":"https:\/\/schema.org","@graph":[{"@type":"Article","@id":"https:\/\/patagoniambiental.com.ar\/info\/5-marzo-dia-mundial-eficiencia-energetica\/#article","isPartOf":{"@id":"https:\/\/patagoniambiental.com.ar\/info\/5-marzo-dia-mundial-eficiencia-energetica\/"},"author":{"name":"Patagonia Ambiental","@id":"https:\/\/patagoniambiental.com.ar\/info\/#\/schema\/person\/db12bff64bbcbf6a253710bf0ea37b5d"},"headline":"D\u00eda Mundial de la Eficiencia Energ\u00e9tica 2026: la revoluci\u00f3n silenciosa que puede salvar al planeta y reducir tu factura de luz","datePublished":"2026-03-05T10:00:00+00:00","dateModified":"2026-03-05T14:36:15+00:00","mainEntityOfPage":{"@id":"https:\/\/patagoniambiental.com.ar\/info\/5-marzo-dia-mundial-eficiencia-energetica\/"},"wordCount":2799,"publisher":{"@id":"https:\/\/patagoniambiental.com.ar\/info\/#organization"},"image":{"@id":"https:\/\/patagoniambiental.com.ar\/info\/5-marzo-dia-mundial-eficiencia-energetica\/#primaryimage"},"thumbnailUrl":"https:\/\/patagoniambiental.com.ar\/info\/wp-content\/uploads\/2016\/03\/156227640_2922447714742922_6693687097489011725_o-1536x1324-1.jpg","articleSection":["Agenda Ambiental","Noticias"],"inLanguage":"es"},{"@type":"WebPage","@id":"https:\/\/patagoniambiental.com.ar\/info\/5-marzo-dia-mundial-eficiencia-energetica\/","url":"https:\/\/patagoniambiental.com.ar\/info\/5-marzo-dia-mundial-eficiencia-energetica\/","name":"D\u00eda Mundial de la Eficiencia Energ\u00e9tica 2026: la revoluci\u00f3n silenciosa que puede salvar al planeta y reducir tu factura de luz Eficiencia Energ\u00e9tica: claves del D\u00eda Mundial que marcan el futuro del planeta","isPartOf":{"@id":"https:\/\/patagoniambiental.com.ar\/info\/#website"},"primaryImageOfPage":{"@id":"https:\/\/patagoniambiental.com.ar\/info\/5-marzo-dia-mundial-eficiencia-energetica\/#primaryimage"},"image":{"@id":"https:\/\/patagoniambiental.com.ar\/info\/5-marzo-dia-mundial-eficiencia-energetica\/#primaryimage"},"thumbnailUrl":"https:\/\/patagoniambiental.com.ar\/info\/wp-content\/uploads\/2016\/03\/156227640_2922447714742922_6693687097489011725_o-1536x1324-1.jpg","datePublished":"2026-03-05T10:00:00+00:00","dateModified":"2026-03-05T14:36:15+00:00","description":"Cada 5 de marzo se celebra el D\u00eda Mundial de la Eficiencia Energ\u00e9tica, una fecha que invita a reflexionar sobre la forma en que utilizamos","breadcrumb":{"@id":"https:\/\/patagoniambiental.com.ar\/info\/5-marzo-dia-mundial-eficiencia-energetica\/#breadcrumb"},"inLanguage":"es","potentialAction":[{"@type":"ReadAction","target":["https:\/\/patagoniambiental.com.ar\/info\/5-marzo-dia-mundial-eficiencia-energetica\/"]}]},{"@type":"ImageObject","inLanguage":"es","@id":"https:\/\/patagoniambiental.com.ar\/info\/5-marzo-dia-mundial-eficiencia-energetica\/#primaryimage","url":"https:\/\/patagoniambiental.com.ar\/info\/wp-content\/uploads\/2016\/03\/156227640_2922447714742922_6693687097489011725_o-1536x1324-1.jpg","contentUrl":"https:\/\/patagoniambiental.com.ar\/info\/wp-content\/uploads\/2016\/03\/156227640_2922447714742922_6693687097489011725_o-1536x1324-1.jpg","width":696,"height":600,"caption":"Cr\u00e9dito: Gobierno de Rio Negro"},{"@type":"BreadcrumbList","@id":"https:\/\/patagoniambiental.com.ar\/info\/5-marzo-dia-mundial-eficiencia-energetica\/#breadcrumb","itemListElement":[{"@type":"ListItem","position":1,"name":"Inicio","item":"https:\/\/patagoniambiental.com.ar\/info\/"},{"@type":"ListItem","position":2,"name":"D\u00eda Mundial de la Eficiencia Energ\u00e9tica 2026: la revoluci\u00f3n silenciosa que puede salvar al planeta y reducir tu factura de luz"}]},{"@type":"WebSite","@id":"https:\/\/patagoniambiental.com.ar\/info\/#website","url":"https:\/\/patagoniambiental.com.ar\/info\/","name":"Patagonia Ambiental","description":"Monitoreo y an\u00e1lisis de la situaci\u00f3n geopol\u00edtica en el mundo y su implicancia en la Patagonia","publisher":{"@id":"https:\/\/patagoniambiental.com.ar\/info\/#organization"},"potentialAction":[{"@type":"SearchAction","target":{"@type":"EntryPoint","urlTemplate":"https:\/\/patagoniambiental.com.ar\/info\/?s={search_term_string}"},"query-input":{"@type":"PropertyValueSpecification","valueRequired":true,"valueName":"search_term_string"}}],"inLanguage":"es"},{"@type":"Organization","@id":"https:\/\/patagoniambiental.com.ar\/info\/#organization","name":"Patagonia Ambiental","url":"https:\/\/patagoniambiental.com.ar\/info\/","logo":{"@type":"ImageObject","inLanguage":"es","@id":"https:\/\/patagoniambiental.com.ar\/info\/#\/schema\/logo\/image\/","url":"https:\/\/patagoniambiental.com.ar\/info\/wp-content\/uploads\/2025\/05\/LOGO-PATAGONIA-AMBIENTAL.png","contentUrl":"https:\/\/patagoniambiental.com.ar\/info\/wp-content\/uploads\/2025\/05\/LOGO-PATAGONIA-AMBIENTAL.png","width":433,"height":250,"caption":"Patagonia Ambiental"},"image":{"@id":"https:\/\/patagoniambiental.com.ar\/info\/#\/schema\/logo\/image\/"},"sameAs":["https:\/\/www.facebook.com\/patagonia.ambiental","https:\/\/x.com\/PatAmb"]},{"@type":"Person","@id":"https:\/\/patagoniambiental.com.ar\/info\/#\/schema\/person\/db12bff64bbcbf6a253710bf0ea37b5d","name":"Patagonia Ambiental","description":"Andr\u00e9s Nievas T\u00e9cnico en manejo ambiental, consultor Ambiental y escritor para medios locales e internacionales sobre temas de geopolitica y medio ambiente.","sameAs":["http:\/\/www.patagoniambiental.com.ar","https:\/\/www.facebook.com\/share\/1C1V8Gv9BX\/?mibextid=qi2Omg","@patagoniambiental","https:\/\/youtube.com\/@patagoniaambiental2023?si=BLt58t0wuXquxlYZ"]}]}},"_links":{"self":[{"href":"https:\/\/patagoniambiental.com.ar\/info\/wp-json\/wp\/v2\/posts\/17100","targetHints":{"allow":["GET"]}}],"collection":[{"href":"https:\/\/patagoniambiental.com.ar\/info\/wp-json\/wp\/v2\/posts"}],"about":[{"href":"https:\/\/patagoniambiental.com.ar\/info\/wp-json\/wp\/v2\/types\/post"}],"author":[{"embeddable":true,"href":"https:\/\/patagoniambiental.com.ar\/info\/wp-json\/wp\/v2\/users\/2"}],"replies":[{"embeddable":true,"href":"https:\/\/patagoniambiental.com.ar\/info\/wp-json\/wp\/v2\/comments?post=17100"}],"version-history":[{"count":3,"href":"https:\/\/patagoniambiental.com.ar\/info\/wp-json\/wp\/v2\/posts\/17100\/revisions"}],"predecessor-version":[{"id":100815,"href":"https:\/\/patagoniambiental.com.ar\/info\/wp-json\/wp\/v2\/posts\/17100\/revisions\/100815"}],"wp:featuredmedia":[{"embeddable":true,"href":"https:\/\/patagoniambiental.com.ar\/info\/wp-json\/wp\/v2\/media\/99166"}],"wp:attachment":[{"href":"https:\/\/patagoniambiental.com.ar\/info\/wp-json\/wp\/v2\/media?parent=17100"}],"wp:term":[{"taxonomy":"category","embeddable":true,"href":"https:\/\/patagoniambiental.com.ar\/info\/wp-json\/wp\/v2\/categories?post=17100"},{"taxonomy":"post_tag","embeddable":true,"href":"https:\/\/patagoniambiental.com.ar\/info\/wp-json\/wp\/v2\/tags?post=17100"}],"curies":[{"name":"wp","href":"https:\/\/api.w.org\/{rel}","templated":true}]}}