{"id":18037,"date":"2016-04-27T09:00:43","date_gmt":"2016-04-27T12:00:43","guid":{"rendered":"http:\/\/patagoniambiental.com.ar\/?p=18037"},"modified":"2016-04-27T09:00:43","modified_gmt":"2016-04-27T12:00:43","slug":"ushuaia-gobierno-selecciono-cinco-proyectos-de-conservacion-de-bosques","status":"publish","type":"post","link":"https:\/\/patagoniambiental.com.ar\/info\/ushuaia-gobierno-selecciono-cinco-proyectos-de-conservacion-de-bosques\/","title":{"rendered":"Ushuaia: Gobierno seleccion\u00f3 cinco proyectos de conservaci\u00f3n de bosques"},"content":{"rendered":"<p>USHUAIA.- La conservaci\u00f3n y uso sostenible de los bosques nativos de Tierra del Fuego, es una clara pol\u00edtica ambiental que lleva adelante el Gobierno provincial. En funci\u00f3n de esto, el pasado viernes 22 de abril, fecha en la que se celebr\u00f3 el D\u00eda Mundial de la Tierra, la Comisi\u00f3n Consultiva de Bosque Nativo se reuni\u00f3 con el fin de analizar los planes de conservaci\u00f3n presentados por asociaciones civiles, privados y organismos del Estado para la convocatoria del a\u00f1o 2016 y que se financiar\u00e1n a trav\u00e9s la Ley de Bosques.<\/p>\n<div id=\"content\" class=\"site-content\">\n<article id=\"post-40346\" class=\"post-40346 post type-post status-publish format-standard has-post-thumbnail hentry category-actualidad tag-ushuaia\">\n<div class=\"post-mainpart\">\n<div class=\"entry-content\">\n<p>Creada por esta Ley, la Comisi\u00f3n Consultiva de Bosque Nativo es un espacio de participaci\u00f3n y debate sobre el uso de los bosques de Tierra del Fuego, y est\u00e1 conformado por la Secretar\u00eda de Ambiente Desarrollo Sostenible y Cambio Clim\u00e1tico (y otros organismos del Estado provincial vinculados con el recurso, municipios, ONG y CADIC-CONICET.<\/p>\n<p>En relaci\u00f3n a los planes presentados para el a\u00f1o 2016, el secretario Mauro P\u00e9rez Toscani se\u00f1al\u00f3 que \u201ccon el equipo t\u00e9cnico de la Direcci\u00f3n General de Bosques encabezado por su director, el Ingeniero Gustavo Cortes, junto a los referentes que asistieron, se efectu\u00f3 un trabajo de an\u00e1lisis exhaustivo, uno a uno, de los objetivos de los planes de manejo y proyectos presentados, que ser\u00e1n financiados con fondos de la Ley de Bosques\u201d.<\/p>\n<p>La Comisi\u00f3n realiza la evaluaci\u00f3n de los planes de acuerdo al listado de prioridades consideradas para la Convocatoria del a\u00f1o 2016, que se detallan en la Resoluci\u00f3n N\u00b0 25\/16 de la SADSYCC, que en su art\u00edculo N\u00ba 15, se\u00f1ala: \u201cSer\u00e1 prioritaria la selecci\u00f3n de los planes y proyectos que contemplen los siguientes objetivos: Restauraci\u00f3n de bosques nativos afectados por incendios forestales; control de especies ex\u00f3ticas con \u00e9nfasis en castor; manejo forestal de estructuras juveniles de boques nativos; manejo silvopastoril sobre la base de Planes de Manejo Prediales; manejo y puesta en valor de bosques urbanos y periurbanos y aplicaci\u00f3n de buenas pr\u00e1cticas en el manejo forestal con fines de productivos\u201d.<\/p>\n<p>En relaci\u00f3n a las prioridades de selecci\u00f3n, P\u00e9rez Toscani detall\u00f3 que \u201cel an\u00e1lisis tambi\u00e9n se realiz\u00f3 sobre la estructura financiera de los planes, ya que hay que tener en cuenta los recursos escasos con que se cuentan para asistir a todos. Por eso, este an\u00e1lisis fue muy prudente, haciendo hincapi\u00e9 en el rol del Estado en esta Comisi\u00f3n, en busca del beneficio para toda la sociedad\u201d.<\/p>\n<p>\u201cSi bien desde la Ley de Bosques se fomentan tambi\u00e9n los planes privados en estancias; los planes presentados desde el Estado y la sociedad civil para nosotros tienen mayor peso, ya que contribuyen a fomentar y sociabilizar el uso y disfrute de los bosques nativos fueguinos y sus recursos, para que todos los fueguinos tengan acceso. Igualmente lo son los proyectos que protegen de manera probada y eficiente el bosque, como los de Control de Incendios de Interface, que se desarrollar\u00eda en la ciudad de Tolhuin\u201d.<\/p>\n<p>Sobre los fondos correspondientes al a\u00f1o 2015, el Secretario explic\u00f3 que \u201cdurante la \u00faltima reuni\u00f3n del Consejo Federal de Medio Ambiente, se confirm\u00f3 el env\u00edo de fondos correspondientes a la Ley de Bosques por aproximadamente 5 millones de pesos\u201d.<\/p>\n<p>Por otro lado, sobre los planes presentados para la Convocatoria del a\u00f1o 2016, el director de Manejo y Conservaci\u00f3n de Bosques Nativos, Leonardo Collado coment\u00f3 que \u201cse presentaron ocho planes, de los cuales fueron seleccionados cinco que contemplan proyectos sobre superficie de bosque nativo en tierras p\u00fablicas gestionadas por ONG, \u00c1reas Protegidas, bosque quemado por incendios, dos en estancias, y una instituci\u00f3n sobre la prevenci\u00f3n de incendios forestales de interface\u201d<\/p>\n<p>Fuente: El Sure\u00f1o<\/p>\n<\/div>\n<\/div>\n<\/article>\n<\/div>\n<div id=\"tertiary\" class=\"sidebar-container\">\n<div class=\"sidebar-inner\">\n<div class=\"widget-area\">\n<div id=\"adrotate_widgets-2\" class=\"widget adrotate_widgets\">\n<div class=\"g g-1\"><\/div>\n<\/div>\n<\/div>\n<\/div>\n<\/div>\n","protected":false},"excerpt":{"rendered":"<p>USHUAIA.- La conservaci\u00f3n y uso sostenible de los bosques nativos de Tierra del Fuego, es una clara pol\u00edtica ambiental que [&hellip;]<\/p>\n","protected":false},"author":2,"featured_media":0,"comment_status":"closed","ping_status":"closed","sticky":false,"template":"","format":"standard","meta":{"site-sidebar-layout":"default","site-content-layout":"","ast-site-content-layout":"default","site-content-style":"default","site-sidebar-style":"default","ast-global-header-display":"","ast-banner-title-visibility":"","ast-main-header-display":"","ast-hfb-above-header-display":"","ast-hfb-below-header-display":"","ast-hfb-mobile-header-display":"","site-post-title":"","ast-breadcrumbs-content":"","ast-featured-img":"","footer-sml-layout":"","ast-disable-related-posts":"","theme-transparent-header-meta":"","adv-header-id-meta":"","stick-header-meta":"","header-above-stick-meta":"","header-main-stick-meta":"","header-below-stick-meta":"","astra-migrate-meta-layouts":"default","ast-page-background-enabled":"default","ast-page-background-meta":{"desktop":{"background-color":"var(--ast-global-color-5)","background-image":"","background-repeat":"repeat","background-position":"center center","background-size":"auto","background-attachment":"scroll","background-type":"","background-media":"","overlay-type":"","overlay-color":"","overlay-opacity":"","overlay-gradient":""},"tablet":{"background-color":"","background-image":"","background-repeat":"repeat","background-position":"center center","background-size":"auto","background-attachment":"scroll","background-type":"","background-media":"","overlay-type":"","overlay-color":"","overlay-opacity":"","overlay-gradient":""},"mobile":{"background-color":"","background-image":"","background-repeat":"repeat","background-position":"center center","background-size":"auto","background-attachment":"scroll","background-type":"","background-media":"","overlay-type":"","overlay-color":"","overlay-opacity":"","overlay-gradient":""}},"ast-content-background-meta":{"desktop":{"background-color":"var(--ast-global-color-4)","background-image":"","background-repeat":"repeat","background-position":"center center","background-size":"auto","background-attachment":"scroll","background-type":"","background-media":"","overlay-type":"","overlay-color":"","overlay-opacity":"","overlay-gradient":""},"tablet":{"background-color":"var(--ast-global-color-4)","background-image":"","background-repeat":"repeat","background-position":"center center","background-size":"auto","background-attachment":"scroll","background-type":"","background-media":"","overlay-type":"","overlay-color":"","overlay-opacity":"","overlay-gradient":""},"mobile":{"background-color":"var(--ast-global-color-4)","background-image":"","background-repeat":"repeat","background-position":"center center","background-size":"auto","background-attachment":"scroll","background-type":"","background-media":"","overlay-type":"","overlay-color":"","overlay-opacity":"","overlay-gradient":""}},"footnotes":""},"categories":[1,13,25],"tags":[],"class_list":["post-18037","post","type-post","status-publish","format-standard","hentry","category-noticias","category-provinciales","category-tierra-del-fuego"],"yoast_head":"<!-- This site is optimized with the Yoast SEO Premium plugin v23.0 (Yoast SEO v27.5) - https:\/\/yoast.com\/product\/yoast-seo-premium-wordpress\/ -->\n<title>Ushuaia: Gobierno seleccion\u00f3 cinco proyectos de conservaci\u00f3n de bosques<\/title>\n<meta name=\"robots\" content=\"index, follow, max-snippet:-1, max-image-preview:large, max-video-preview:-1\" \/>\n<link rel=\"canonical\" href=\"https:\/\/patagoniambiental.com.ar\/info\/ushuaia-gobierno-selecciono-cinco-proyectos-de-conservacion-de-bosques\/\" \/>\n<meta property=\"og:locale\" content=\"es_ES\" \/>\n<meta property=\"og:type\" content=\"article\" \/>\n<meta property=\"og:title\" content=\"Ushuaia: Gobierno seleccion\u00f3 cinco proyectos de conservaci\u00f3n de bosques\" \/>\n<meta property=\"og:description\" content=\"USHUAIA.- La conservaci\u00f3n y uso sostenible de los bosques nativos de Tierra del Fuego, es una clara pol\u00edtica ambiental que [&hellip;]\" \/>\n<meta property=\"og:url\" content=\"https:\/\/patagoniambiental.com.ar\/info\/ushuaia-gobierno-selecciono-cinco-proyectos-de-conservacion-de-bosques\/\" \/>\n<meta property=\"og:site_name\" content=\"Patagonia Ambiental\" \/>\n<meta property=\"article:publisher\" content=\"https:\/\/www.facebook.com\/patagonia.ambiental\" \/>\n<meta property=\"article:author\" content=\"https:\/\/www.facebook.com\/share\/1C1V8Gv9BX\/?mibextid=qi2Omg\" \/>\n<meta property=\"article:published_time\" content=\"2016-04-27T12:00:43+00:00\" \/>\n<meta name=\"author\" content=\"Patagonia Ambiental\" \/>\n<meta name=\"twitter:card\" content=\"summary_large_image\" \/>\n<meta name=\"twitter:creator\" content=\"@PatAmb\" \/>\n<meta name=\"twitter:site\" content=\"@PatAmb\" \/>\n<script type=\"application\/ld+json\" class=\"yoast-schema-graph\">{\"@context\":\"https:\\\/\\\/schema.org\",\"@graph\":[{\"@type\":\"Article\",\"@id\":\"https:\\\/\\\/patagoniambiental.com.ar\\\/info\\\/ushuaia-gobierno-selecciono-cinco-proyectos-de-conservacion-de-bosques\\\/#article\",\"isPartOf\":{\"@id\":\"https:\\\/\\\/patagoniambiental.com.ar\\\/info\\\/ushuaia-gobierno-selecciono-cinco-proyectos-de-conservacion-de-bosques\\\/\"},\"author\":{\"name\":\"Patagonia Ambiental\",\"@id\":\"https:\\\/\\\/patagoniambiental.com.ar\\\/info\\\/#\\\/schema\\\/person\\\/db12bff64bbcbf6a253710bf0ea37b5d\"},\"headline\":\"Ushuaia: Gobierno seleccion\u00f3 cinco proyectos de conservaci\u00f3n de bosques\",\"datePublished\":\"2016-04-27T12:00:43+00:00\",\"mainEntityOfPage\":{\"@id\":\"https:\\\/\\\/patagoniambiental.com.ar\\\/info\\\/ushuaia-gobierno-selecciono-cinco-proyectos-de-conservacion-de-bosques\\\/\"},\"wordCount\":641,\"publisher\":{\"@id\":\"https:\\\/\\\/patagoniambiental.com.ar\\\/info\\\/#organization\"},\"articleSection\":[\"Noticias\",\"Provinciales\",\"Tierra del Fuego\"],\"inLanguage\":\"es\"},{\"@type\":\"WebPage\",\"@id\":\"https:\\\/\\\/patagoniambiental.com.ar\\\/info\\\/ushuaia-gobierno-selecciono-cinco-proyectos-de-conservacion-de-bosques\\\/\",\"url\":\"https:\\\/\\\/patagoniambiental.com.ar\\\/info\\\/ushuaia-gobierno-selecciono-cinco-proyectos-de-conservacion-de-bosques\\\/\",\"name\":\"Ushuaia: Gobierno seleccion\u00f3 cinco proyectos de conservaci\u00f3n de bosques\",\"isPartOf\":{\"@id\":\"https:\\\/\\\/patagoniambiental.com.ar\\\/info\\\/#website\"},\"datePublished\":\"2016-04-27T12:00:43+00:00\",\"breadcrumb\":{\"@id\":\"https:\\\/\\\/patagoniambiental.com.ar\\\/info\\\/ushuaia-gobierno-selecciono-cinco-proyectos-de-conservacion-de-bosques\\\/#breadcrumb\"},\"inLanguage\":\"es\",\"potentialAction\":[{\"@type\":\"ReadAction\",\"target\":[\"https:\\\/\\\/patagoniambiental.com.ar\\\/info\\\/ushuaia-gobierno-selecciono-cinco-proyectos-de-conservacion-de-bosques\\\/\"]}]},{\"@type\":\"BreadcrumbList\",\"@id\":\"https:\\\/\\\/patagoniambiental.com.ar\\\/info\\\/ushuaia-gobierno-selecciono-cinco-proyectos-de-conservacion-de-bosques\\\/#breadcrumb\",\"itemListElement\":[{\"@type\":\"ListItem\",\"position\":1,\"name\":\"Inicio\",\"item\":\"https:\\\/\\\/patagoniambiental.com.ar\\\/info\\\/\"},{\"@type\":\"ListItem\",\"position\":2,\"name\":\"Ushuaia: Gobierno seleccion\u00f3 cinco proyectos de conservaci\u00f3n de bosques\"}]},{\"@type\":\"WebSite\",\"@id\":\"https:\\\/\\\/patagoniambiental.com.ar\\\/info\\\/#website\",\"url\":\"https:\\\/\\\/patagoniambiental.com.ar\\\/info\\\/\",\"name\":\"Patagonia Ambiental\",\"description\":\"Monitoreo y an\u00e1lisis de la situaci\u00f3n geopol\u00edtica en el mundo y su implicancia en la Patagonia\",\"publisher\":{\"@id\":\"https:\\\/\\\/patagoniambiental.com.ar\\\/info\\\/#organization\"},\"potentialAction\":[{\"@type\":\"SearchAction\",\"target\":{\"@type\":\"EntryPoint\",\"urlTemplate\":\"https:\\\/\\\/patagoniambiental.com.ar\\\/info\\\/?s={search_term_string}\"},\"query-input\":{\"@type\":\"PropertyValueSpecification\",\"valueRequired\":true,\"valueName\":\"search_term_string\"}}],\"inLanguage\":\"es\"},{\"@type\":\"Organization\",\"@id\":\"https:\\\/\\\/patagoniambiental.com.ar\\\/info\\\/#organization\",\"name\":\"Patagonia Ambiental\",\"url\":\"https:\\\/\\\/patagoniambiental.com.ar\\\/info\\\/\",\"logo\":{\"@type\":\"ImageObject\",\"inLanguage\":\"es\",\"@id\":\"https:\\\/\\\/patagoniambiental.com.ar\\\/info\\\/#\\\/schema\\\/logo\\\/image\\\/\",\"url\":\"https:\\\/\\\/patagoniambiental.com.ar\\\/info\\\/wp-content\\\/uploads\\\/2025\\\/05\\\/LOGO-PATAGONIA-AMBIENTAL.png\",\"contentUrl\":\"https:\\\/\\\/patagoniambiental.com.ar\\\/info\\\/wp-content\\\/uploads\\\/2025\\\/05\\\/LOGO-PATAGONIA-AMBIENTAL.png\",\"width\":433,\"height\":250,\"caption\":\"Patagonia Ambiental\"},\"image\":{\"@id\":\"https:\\\/\\\/patagoniambiental.com.ar\\\/info\\\/#\\\/schema\\\/logo\\\/image\\\/\"},\"sameAs\":[\"https:\\\/\\\/www.facebook.com\\\/patagonia.ambiental\",\"https:\\\/\\\/x.com\\\/PatAmb\"]},{\"@type\":\"Person\",\"@id\":\"https:\\\/\\\/patagoniambiental.com.ar\\\/info\\\/#\\\/schema\\\/person\\\/db12bff64bbcbf6a253710bf0ea37b5d\",\"name\":\"Patagonia Ambiental\",\"description\":\"Andr\u00e9s Nievas T\u00e9cnico en manejo ambiental, consultor Ambiental y escritor para medios locales e internacionales sobre temas de geopolitica y medio ambiente.\",\"sameAs\":[\"http:\\\/\\\/www.patagoniambiental.com.ar\",\"https:\\\/\\\/www.facebook.com\\\/share\\\/1C1V8Gv9BX\\\/?mibextid=qi2Omg\",\"@patagoniambiental\",\"https:\\\/\\\/youtube.com\\\/@patagoniaambiental2023?si=BLt58t0wuXquxlYZ\"]}]}<\/script>\n<!-- \/ Yoast SEO Premium plugin. -->","yoast_head_json":{"title":"Ushuaia: Gobierno seleccion\u00f3 cinco proyectos de conservaci\u00f3n de bosques","robots":{"index":"index","follow":"follow","max-snippet":"max-snippet:-1","max-image-preview":"max-image-preview:large","max-video-preview":"max-video-preview:-1"},"canonical":"https:\/\/patagoniambiental.com.ar\/info\/ushuaia-gobierno-selecciono-cinco-proyectos-de-conservacion-de-bosques\/","og_locale":"es_ES","og_type":"article","og_title":"Ushuaia: Gobierno seleccion\u00f3 cinco proyectos de conservaci\u00f3n de bosques","og_description":"USHUAIA.- La conservaci\u00f3n y uso sostenible de los bosques nativos de Tierra del Fuego, es una clara pol\u00edtica ambiental que [&hellip;]","og_url":"https:\/\/patagoniambiental.com.ar\/info\/ushuaia-gobierno-selecciono-cinco-proyectos-de-conservacion-de-bosques\/","og_site_name":"Patagonia Ambiental","article_publisher":"https:\/\/www.facebook.com\/patagonia.ambiental","article_author":"https:\/\/www.facebook.com\/share\/1C1V8Gv9BX\/?mibextid=qi2Omg","article_published_time":"2016-04-27T12:00:43+00:00","author":"Patagonia Ambiental","twitter_card":"summary_large_image","twitter_creator":"@PatAmb","twitter_site":"@PatAmb","schema":{"@context":"https:\/\/schema.org","@graph":[{"@type":"Article","@id":"https:\/\/patagoniambiental.com.ar\/info\/ushuaia-gobierno-selecciono-cinco-proyectos-de-conservacion-de-bosques\/#article","isPartOf":{"@id":"https:\/\/patagoniambiental.com.ar\/info\/ushuaia-gobierno-selecciono-cinco-proyectos-de-conservacion-de-bosques\/"},"author":{"name":"Patagonia Ambiental","@id":"https:\/\/patagoniambiental.com.ar\/info\/#\/schema\/person\/db12bff64bbcbf6a253710bf0ea37b5d"},"headline":"Ushuaia: Gobierno seleccion\u00f3 cinco proyectos de conservaci\u00f3n de bosques","datePublished":"2016-04-27T12:00:43+00:00","mainEntityOfPage":{"@id":"https:\/\/patagoniambiental.com.ar\/info\/ushuaia-gobierno-selecciono-cinco-proyectos-de-conservacion-de-bosques\/"},"wordCount":641,"publisher":{"@id":"https:\/\/patagoniambiental.com.ar\/info\/#organization"},"articleSection":["Noticias","Provinciales","Tierra del Fuego"],"inLanguage":"es"},{"@type":"WebPage","@id":"https:\/\/patagoniambiental.com.ar\/info\/ushuaia-gobierno-selecciono-cinco-proyectos-de-conservacion-de-bosques\/","url":"https:\/\/patagoniambiental.com.ar\/info\/ushuaia-gobierno-selecciono-cinco-proyectos-de-conservacion-de-bosques\/","name":"Ushuaia: Gobierno seleccion\u00f3 cinco proyectos de conservaci\u00f3n de bosques","isPartOf":{"@id":"https:\/\/patagoniambiental.com.ar\/info\/#website"},"datePublished":"2016-04-27T12:00:43+00:00","breadcrumb":{"@id":"https:\/\/patagoniambiental.com.ar\/info\/ushuaia-gobierno-selecciono-cinco-proyectos-de-conservacion-de-bosques\/#breadcrumb"},"inLanguage":"es","potentialAction":[{"@type":"ReadAction","target":["https:\/\/patagoniambiental.com.ar\/info\/ushuaia-gobierno-selecciono-cinco-proyectos-de-conservacion-de-bosques\/"]}]},{"@type":"BreadcrumbList","@id":"https:\/\/patagoniambiental.com.ar\/info\/ushuaia-gobierno-selecciono-cinco-proyectos-de-conservacion-de-bosques\/#breadcrumb","itemListElement":[{"@type":"ListItem","position":1,"name":"Inicio","item":"https:\/\/patagoniambiental.com.ar\/info\/"},{"@type":"ListItem","position":2,"name":"Ushuaia: Gobierno seleccion\u00f3 cinco proyectos de conservaci\u00f3n de bosques"}]},{"@type":"WebSite","@id":"https:\/\/patagoniambiental.com.ar\/info\/#website","url":"https:\/\/patagoniambiental.com.ar\/info\/","name":"Patagonia Ambiental","description":"Monitoreo y an\u00e1lisis de la situaci\u00f3n geopol\u00edtica en el mundo y su implicancia en la Patagonia","publisher":{"@id":"https:\/\/patagoniambiental.com.ar\/info\/#organization"},"potentialAction":[{"@type":"SearchAction","target":{"@type":"EntryPoint","urlTemplate":"https:\/\/patagoniambiental.com.ar\/info\/?s={search_term_string}"},"query-input":{"@type":"PropertyValueSpecification","valueRequired":true,"valueName":"search_term_string"}}],"inLanguage":"es"},{"@type":"Organization","@id":"https:\/\/patagoniambiental.com.ar\/info\/#organization","name":"Patagonia Ambiental","url":"https:\/\/patagoniambiental.com.ar\/info\/","logo":{"@type":"ImageObject","inLanguage":"es","@id":"https:\/\/patagoniambiental.com.ar\/info\/#\/schema\/logo\/image\/","url":"https:\/\/patagoniambiental.com.ar\/info\/wp-content\/uploads\/2025\/05\/LOGO-PATAGONIA-AMBIENTAL.png","contentUrl":"https:\/\/patagoniambiental.com.ar\/info\/wp-content\/uploads\/2025\/05\/LOGO-PATAGONIA-AMBIENTAL.png","width":433,"height":250,"caption":"Patagonia Ambiental"},"image":{"@id":"https:\/\/patagoniambiental.com.ar\/info\/#\/schema\/logo\/image\/"},"sameAs":["https:\/\/www.facebook.com\/patagonia.ambiental","https:\/\/x.com\/PatAmb"]},{"@type":"Person","@id":"https:\/\/patagoniambiental.com.ar\/info\/#\/schema\/person\/db12bff64bbcbf6a253710bf0ea37b5d","name":"Patagonia Ambiental","description":"Andr\u00e9s Nievas T\u00e9cnico en manejo ambiental, consultor Ambiental y escritor para medios locales e internacionales sobre temas de geopolitica y medio ambiente.","sameAs":["http:\/\/www.patagoniambiental.com.ar","https:\/\/www.facebook.com\/share\/1C1V8Gv9BX\/?mibextid=qi2Omg","@patagoniambiental","https:\/\/youtube.com\/@patagoniaambiental2023?si=BLt58t0wuXquxlYZ"]}]}},"_links":{"self":[{"href":"https:\/\/patagoniambiental.com.ar\/info\/wp-json\/wp\/v2\/posts\/18037","targetHints":{"allow":["GET"]}}],"collection":[{"href":"https:\/\/patagoniambiental.com.ar\/info\/wp-json\/wp\/v2\/posts"}],"about":[{"href":"https:\/\/patagoniambiental.com.ar\/info\/wp-json\/wp\/v2\/types\/post"}],"author":[{"embeddable":true,"href":"https:\/\/patagoniambiental.com.ar\/info\/wp-json\/wp\/v2\/users\/2"}],"replies":[{"embeddable":true,"href":"https:\/\/patagoniambiental.com.ar\/info\/wp-json\/wp\/v2\/comments?post=18037"}],"version-history":[{"count":0,"href":"https:\/\/patagoniambiental.com.ar\/info\/wp-json\/wp\/v2\/posts\/18037\/revisions"}],"wp:attachment":[{"href":"https:\/\/patagoniambiental.com.ar\/info\/wp-json\/wp\/v2\/media?parent=18037"}],"wp:term":[{"taxonomy":"category","embeddable":true,"href":"https:\/\/patagoniambiental.com.ar\/info\/wp-json\/wp\/v2\/categories?post=18037"},{"taxonomy":"post_tag","embeddable":true,"href":"https:\/\/patagoniambiental.com.ar\/info\/wp-json\/wp\/v2\/tags?post=18037"}],"curies":[{"name":"wp","href":"https:\/\/api.w.org\/{rel}","templated":true}]}}