{"id":18052,"date":"2016-04-28T09:00:45","date_gmt":"2016-04-28T12:00:45","guid":{"rendered":"http:\/\/patagoniambiental.com.ar\/?p=18052"},"modified":"2016-04-28T09:00:45","modified_gmt":"2016-04-28T12:00:45","slug":"bariloche-quiere-despertar-el-interes-privado-en-su-parque-tecnologico","status":"publish","type":"post","link":"https:\/\/patagoniambiental.com.ar\/info\/bariloche-quiere-despertar-el-interes-privado-en-su-parque-tecnologico\/","title":{"rendered":"Bariloche quiere despertar el inter\u00e9s privado en su Parque Tecnol\u00f3gico"},"content":{"rendered":"<p>BARILOCHE.- Bariloche quiere su Parque Tecnol\u00f3gico y Productivo, un paso hacia la necesaria diversificaci\u00f3n de su matriz productiva.\u00a0El proyecto data del a\u00f1o 1986 pero reci\u00e9n despu\u00e9s de tres d\u00e9cadas comienza a concretarse, aseguran desde el municipio. En junio de 2015 la Legislatura de R\u00edo Negro aprob\u00f3 el proyecto de ley que propicia su creaci\u00f3n y del <strong>Ente Productivo, Tecnol\u00f3gico e Industrial de Bariloche<\/strong>.<\/p>\n<p>Adem\u00e1s, la Legislatura ya declar\u00f3 la utilidad p\u00fablica de 319 hect\u00e1reas situadas a pocos metros del aeropuerto de la ciudad.\u00a0All\u00ed tendr\u00e1 lugar un <strong>Sector Industrial<\/strong> para la radicaci\u00f3n de establecimientos manufactureros y de servicios; una\u00a0<strong>incubadora de empresas<\/strong>, para el asentamiento de microempresas; y un <strong>Parque Tecnol\u00f3gico<\/strong>, con empresas vinculadas a la generaci\u00f3n y transferencia de conocimiento y tecnolog\u00eda.<\/p>\n<p>El pasado 13 de abril, integrantes del organismo detallaron el estado de la situaci\u00f3n actual del proyecto y los pr\u00f3ximos pasos para su concreci\u00f3n. Estiman que en septiembre de este a\u00f1o presentar\u00e1n la iniciativa para que los ediles le otorguen par\u00e1metros urban\u00edsticos a las 319 hect\u00e1reas.<\/p>\n<p>Seg\u00fan Briloche2000.com, el ente ya tuvo reuniones con autoridades nacionales y encuentros con diversos actores. El objetivo, en palabras del gerente del Ente Promotor del Polo, <strong>Lorenzo Raggio<\/strong>, \u00abcrear un proyecto que despierte inter\u00e9s de las empresas, para la generaci\u00f3n de fuentes laborales, la formaci\u00f3n de recursos humanos y la diversificaci\u00f3n de la matriz productiva\u00bb.<\/p>\n<p>Seg\u00fan el municipio, la concreci\u00f3n del proyecto contribuir\u00e1 a la diversificaci\u00f3n de la econom\u00eda y la creaci\u00f3n de nuevas fuentes de trabajo para los barilochenses.<\/p>\n<p><strong>\u00abUn hito hist\u00f3rico\u00bb<\/strong><\/p>\n<p>El pasado martes 19 de abril, el intendente de Bariloche <strong>Gustavo Gennuso<\/strong> calific\u00f3 de un \u00abhito hist\u00f3rico\u00bb el proyecto del Polo, durante la apertura del segundo taller, en las instalaciones de INVAP. Para le mismo fueronconvocados diversos actores vinculados al proyecto.<\/p>\n<p>\u00abAl fin vamos a poder estar orgullosos de participar en algo, que para el municipio, para la provincia y para ustedes es un norte para la ciudad. Nos dejamos de hablar de c\u00f3mo tendr\u00edan que ser las cosas para poder hacerlo, todos juntos, por eso est\u00e1n ustedes ac\u00e1 hoy\u00bb dijo el gobernador, seg\u00fan public\u00f3 ElCordillerano.com.ar<\/p>\n<p>Fuente: Canal AR<\/p>\n","protected":false},"excerpt":{"rendered":"<p>BARILOCHE.- Bariloche quiere su Parque Tecnol\u00f3gico y Productivo, un paso hacia la necesaria diversificaci\u00f3n de su matriz productiva.\u00a0El proyecto data [&hellip;]<\/p>\n","protected":false},"author":2,"featured_media":0,"comment_status":"closed","ping_status":"closed","sticky":false,"template":"","format":"standard","meta":{"site-sidebar-layout":"default","site-content-layout":"","ast-site-content-layout":"default","site-content-style":"default","site-sidebar-style":"default","ast-global-header-display":"","ast-banner-title-visibility":"","ast-main-header-display":"","ast-hfb-above-header-display":"","ast-hfb-below-header-display":"","ast-hfb-mobile-header-display":"","site-post-title":"","ast-breadcrumbs-content":"","ast-featured-img":"","footer-sml-layout":"","ast-disable-related-posts":"","theme-transparent-header-meta":"","adv-header-id-meta":"","stick-header-meta":"","header-above-stick-meta":"","header-main-stick-meta":"","header-below-stick-meta":"","astra-migrate-meta-layouts":"default","ast-page-background-enabled":"default","ast-page-background-meta":{"desktop":{"background-color":"var(--ast-global-color-5)","background-image":"","background-repeat":"repeat","background-position":"center center","background-size":"auto","background-attachment":"scroll","background-type":"","background-media":"","overlay-type":"","overlay-color":"","overlay-opacity":"","overlay-gradient":""},"tablet":{"background-color":"","background-image":"","background-repeat":"repeat","background-position":"center center","background-size":"auto","background-attachment":"scroll","background-type":"","background-media":"","overlay-type":"","overlay-color":"","overlay-opacity":"","overlay-gradient":""},"mobile":{"background-color":"","background-image":"","background-repeat":"repeat","background-position":"center center","background-size":"auto","background-attachment":"scroll","background-type":"","background-media":"","overlay-type":"","overlay-color":"","overlay-opacity":"","overlay-gradient":""}},"ast-content-background-meta":{"desktop":{"background-color":"var(--ast-global-color-4)","background-image":"","background-repeat":"repeat","background-position":"center center","background-size":"auto","background-attachment":"scroll","background-type":"","background-media":"","overlay-type":"","overlay-color":"","overlay-opacity":"","overlay-gradient":""},"tablet":{"background-color":"var(--ast-global-color-4)","background-image":"","background-repeat":"repeat","background-position":"center center","background-size":"auto","background-attachment":"scroll","background-type":"","background-media":"","overlay-type":"","overlay-color":"","overlay-opacity":"","overlay-gradient":""},"mobile":{"background-color":"var(--ast-global-color-4)","background-image":"","background-repeat":"repeat","background-position":"center center","background-size":"auto","background-attachment":"scroll","background-type":"","background-media":"","overlay-type":"","overlay-color":"","overlay-opacity":"","overlay-gradient":""}},"footnotes":""},"categories":[1,14],"tags":[],"class_list":["post-18052","post","type-post","status-publish","format-standard","hentry","category-noticias","category-rio-negro"],"yoast_head":"<!-- This site is optimized with the Yoast SEO Premium plugin v23.0 (Yoast SEO v27.5) - https:\/\/yoast.com\/product\/yoast-seo-premium-wordpress\/ -->\n<title>Bariloche quiere despertar el inter\u00e9s privado en su Parque Tecnol\u00f3gico<\/title>\n<meta name=\"robots\" content=\"index, follow, max-snippet:-1, max-image-preview:large, max-video-preview:-1\" \/>\n<link rel=\"canonical\" href=\"https:\/\/patagoniambiental.com.ar\/info\/bariloche-quiere-despertar-el-interes-privado-en-su-parque-tecnologico\/\" \/>\n<meta property=\"og:locale\" content=\"es_ES\" \/>\n<meta property=\"og:type\" content=\"article\" \/>\n<meta property=\"og:title\" content=\"Bariloche quiere despertar el inter\u00e9s privado en su Parque Tecnol\u00f3gico\" \/>\n<meta property=\"og:description\" content=\"BARILOCHE.- Bariloche quiere su Parque Tecnol\u00f3gico y Productivo, un paso hacia la necesaria diversificaci\u00f3n de su matriz productiva.\u00a0El proyecto data [&hellip;]\" \/>\n<meta property=\"og:url\" content=\"https:\/\/patagoniambiental.com.ar\/info\/bariloche-quiere-despertar-el-interes-privado-en-su-parque-tecnologico\/\" \/>\n<meta property=\"og:site_name\" content=\"Patagonia Ambiental\" \/>\n<meta property=\"article:publisher\" content=\"https:\/\/www.facebook.com\/patagonia.ambiental\" \/>\n<meta property=\"article:author\" content=\"https:\/\/www.facebook.com\/share\/1C1V8Gv9BX\/?mibextid=qi2Omg\" \/>\n<meta property=\"article:published_time\" content=\"2016-04-28T12:00:45+00:00\" \/>\n<meta name=\"author\" content=\"Patagonia Ambiental\" \/>\n<meta name=\"twitter:card\" content=\"summary_large_image\" \/>\n<meta name=\"twitter:creator\" content=\"@PatAmb\" \/>\n<meta name=\"twitter:site\" content=\"@PatAmb\" \/>\n<script type=\"application\/ld+json\" class=\"yoast-schema-graph\">{\"@context\":\"https:\\\/\\\/schema.org\",\"@graph\":[{\"@type\":\"Article\",\"@id\":\"https:\\\/\\\/patagoniambiental.com.ar\\\/info\\\/bariloche-quiere-despertar-el-interes-privado-en-su-parque-tecnologico\\\/#article\",\"isPartOf\":{\"@id\":\"https:\\\/\\\/patagoniambiental.com.ar\\\/info\\\/bariloche-quiere-despertar-el-interes-privado-en-su-parque-tecnologico\\\/\"},\"author\":{\"name\":\"Patagonia Ambiental\",\"@id\":\"https:\\\/\\\/patagoniambiental.com.ar\\\/info\\\/#\\\/schema\\\/person\\\/db12bff64bbcbf6a253710bf0ea37b5d\"},\"headline\":\"Bariloche quiere despertar el inter\u00e9s privado en su Parque Tecnol\u00f3gico\",\"datePublished\":\"2016-04-28T12:00:45+00:00\",\"mainEntityOfPage\":{\"@id\":\"https:\\\/\\\/patagoniambiental.com.ar\\\/info\\\/bariloche-quiere-despertar-el-interes-privado-en-su-parque-tecnologico\\\/\"},\"wordCount\":402,\"publisher\":{\"@id\":\"https:\\\/\\\/patagoniambiental.com.ar\\\/info\\\/#organization\"},\"articleSection\":[\"Noticias\",\"R\u00edo Negro\"],\"inLanguage\":\"es\"},{\"@type\":\"WebPage\",\"@id\":\"https:\\\/\\\/patagoniambiental.com.ar\\\/info\\\/bariloche-quiere-despertar-el-interes-privado-en-su-parque-tecnologico\\\/\",\"url\":\"https:\\\/\\\/patagoniambiental.com.ar\\\/info\\\/bariloche-quiere-despertar-el-interes-privado-en-su-parque-tecnologico\\\/\",\"name\":\"Bariloche quiere despertar el inter\u00e9s privado en su Parque Tecnol\u00f3gico\",\"isPartOf\":{\"@id\":\"https:\\\/\\\/patagoniambiental.com.ar\\\/info\\\/#website\"},\"datePublished\":\"2016-04-28T12:00:45+00:00\",\"breadcrumb\":{\"@id\":\"https:\\\/\\\/patagoniambiental.com.ar\\\/info\\\/bariloche-quiere-despertar-el-interes-privado-en-su-parque-tecnologico\\\/#breadcrumb\"},\"inLanguage\":\"es\",\"potentialAction\":[{\"@type\":\"ReadAction\",\"target\":[\"https:\\\/\\\/patagoniambiental.com.ar\\\/info\\\/bariloche-quiere-despertar-el-interes-privado-en-su-parque-tecnologico\\\/\"]}]},{\"@type\":\"BreadcrumbList\",\"@id\":\"https:\\\/\\\/patagoniambiental.com.ar\\\/info\\\/bariloche-quiere-despertar-el-interes-privado-en-su-parque-tecnologico\\\/#breadcrumb\",\"itemListElement\":[{\"@type\":\"ListItem\",\"position\":1,\"name\":\"Inicio\",\"item\":\"https:\\\/\\\/patagoniambiental.com.ar\\\/info\\\/\"},{\"@type\":\"ListItem\",\"position\":2,\"name\":\"Bariloche quiere despertar el inter\u00e9s privado en su Parque Tecnol\u00f3gico\"}]},{\"@type\":\"WebSite\",\"@id\":\"https:\\\/\\\/patagoniambiental.com.ar\\\/info\\\/#website\",\"url\":\"https:\\\/\\\/patagoniambiental.com.ar\\\/info\\\/\",\"name\":\"Patagonia Ambiental\",\"description\":\"Monitoreo y an\u00e1lisis de la situaci\u00f3n geopol\u00edtica en el mundo y su implicancia en la Patagonia\",\"publisher\":{\"@id\":\"https:\\\/\\\/patagoniambiental.com.ar\\\/info\\\/#organization\"},\"potentialAction\":[{\"@type\":\"SearchAction\",\"target\":{\"@type\":\"EntryPoint\",\"urlTemplate\":\"https:\\\/\\\/patagoniambiental.com.ar\\\/info\\\/?s={search_term_string}\"},\"query-input\":{\"@type\":\"PropertyValueSpecification\",\"valueRequired\":true,\"valueName\":\"search_term_string\"}}],\"inLanguage\":\"es\"},{\"@type\":\"Organization\",\"@id\":\"https:\\\/\\\/patagoniambiental.com.ar\\\/info\\\/#organization\",\"name\":\"Patagonia Ambiental\",\"url\":\"https:\\\/\\\/patagoniambiental.com.ar\\\/info\\\/\",\"logo\":{\"@type\":\"ImageObject\",\"inLanguage\":\"es\",\"@id\":\"https:\\\/\\\/patagoniambiental.com.ar\\\/info\\\/#\\\/schema\\\/logo\\\/image\\\/\",\"url\":\"https:\\\/\\\/patagoniambiental.com.ar\\\/info\\\/wp-content\\\/uploads\\\/2025\\\/05\\\/LOGO-PATAGONIA-AMBIENTAL.png\",\"contentUrl\":\"https:\\\/\\\/patagoniambiental.com.ar\\\/info\\\/wp-content\\\/uploads\\\/2025\\\/05\\\/LOGO-PATAGONIA-AMBIENTAL.png\",\"width\":433,\"height\":250,\"caption\":\"Patagonia Ambiental\"},\"image\":{\"@id\":\"https:\\\/\\\/patagoniambiental.com.ar\\\/info\\\/#\\\/schema\\\/logo\\\/image\\\/\"},\"sameAs\":[\"https:\\\/\\\/www.facebook.com\\\/patagonia.ambiental\",\"https:\\\/\\\/x.com\\\/PatAmb\"]},{\"@type\":\"Person\",\"@id\":\"https:\\\/\\\/patagoniambiental.com.ar\\\/info\\\/#\\\/schema\\\/person\\\/db12bff64bbcbf6a253710bf0ea37b5d\",\"name\":\"Patagonia Ambiental\",\"description\":\"Andr\u00e9s Nievas T\u00e9cnico en manejo ambiental, consultor Ambiental y escritor para medios locales e internacionales sobre temas de geopolitica y medio ambiente.\",\"sameAs\":[\"http:\\\/\\\/www.patagoniambiental.com.ar\",\"https:\\\/\\\/www.facebook.com\\\/share\\\/1C1V8Gv9BX\\\/?mibextid=qi2Omg\",\"@patagoniambiental\",\"https:\\\/\\\/youtube.com\\\/@patagoniaambiental2023?si=BLt58t0wuXquxlYZ\"]}]}<\/script>\n<!-- \/ Yoast SEO Premium plugin. -->","yoast_head_json":{"title":"Bariloche quiere despertar el inter\u00e9s privado en su Parque Tecnol\u00f3gico","robots":{"index":"index","follow":"follow","max-snippet":"max-snippet:-1","max-image-preview":"max-image-preview:large","max-video-preview":"max-video-preview:-1"},"canonical":"https:\/\/patagoniambiental.com.ar\/info\/bariloche-quiere-despertar-el-interes-privado-en-su-parque-tecnologico\/","og_locale":"es_ES","og_type":"article","og_title":"Bariloche quiere despertar el inter\u00e9s privado en su Parque Tecnol\u00f3gico","og_description":"BARILOCHE.- Bariloche quiere su Parque Tecnol\u00f3gico y Productivo, un paso hacia la necesaria diversificaci\u00f3n de su matriz productiva.\u00a0El proyecto data [&hellip;]","og_url":"https:\/\/patagoniambiental.com.ar\/info\/bariloche-quiere-despertar-el-interes-privado-en-su-parque-tecnologico\/","og_site_name":"Patagonia Ambiental","article_publisher":"https:\/\/www.facebook.com\/patagonia.ambiental","article_author":"https:\/\/www.facebook.com\/share\/1C1V8Gv9BX\/?mibextid=qi2Omg","article_published_time":"2016-04-28T12:00:45+00:00","author":"Patagonia Ambiental","twitter_card":"summary_large_image","twitter_creator":"@PatAmb","twitter_site":"@PatAmb","schema":{"@context":"https:\/\/schema.org","@graph":[{"@type":"Article","@id":"https:\/\/patagoniambiental.com.ar\/info\/bariloche-quiere-despertar-el-interes-privado-en-su-parque-tecnologico\/#article","isPartOf":{"@id":"https:\/\/patagoniambiental.com.ar\/info\/bariloche-quiere-despertar-el-interes-privado-en-su-parque-tecnologico\/"},"author":{"name":"Patagonia Ambiental","@id":"https:\/\/patagoniambiental.com.ar\/info\/#\/schema\/person\/db12bff64bbcbf6a253710bf0ea37b5d"},"headline":"Bariloche quiere despertar el inter\u00e9s privado en su Parque Tecnol\u00f3gico","datePublished":"2016-04-28T12:00:45+00:00","mainEntityOfPage":{"@id":"https:\/\/patagoniambiental.com.ar\/info\/bariloche-quiere-despertar-el-interes-privado-en-su-parque-tecnologico\/"},"wordCount":402,"publisher":{"@id":"https:\/\/patagoniambiental.com.ar\/info\/#organization"},"articleSection":["Noticias","R\u00edo Negro"],"inLanguage":"es"},{"@type":"WebPage","@id":"https:\/\/patagoniambiental.com.ar\/info\/bariloche-quiere-despertar-el-interes-privado-en-su-parque-tecnologico\/","url":"https:\/\/patagoniambiental.com.ar\/info\/bariloche-quiere-despertar-el-interes-privado-en-su-parque-tecnologico\/","name":"Bariloche quiere despertar el inter\u00e9s privado en su Parque Tecnol\u00f3gico","isPartOf":{"@id":"https:\/\/patagoniambiental.com.ar\/info\/#website"},"datePublished":"2016-04-28T12:00:45+00:00","breadcrumb":{"@id":"https:\/\/patagoniambiental.com.ar\/info\/bariloche-quiere-despertar-el-interes-privado-en-su-parque-tecnologico\/#breadcrumb"},"inLanguage":"es","potentialAction":[{"@type":"ReadAction","target":["https:\/\/patagoniambiental.com.ar\/info\/bariloche-quiere-despertar-el-interes-privado-en-su-parque-tecnologico\/"]}]},{"@type":"BreadcrumbList","@id":"https:\/\/patagoniambiental.com.ar\/info\/bariloche-quiere-despertar-el-interes-privado-en-su-parque-tecnologico\/#breadcrumb","itemListElement":[{"@type":"ListItem","position":1,"name":"Inicio","item":"https:\/\/patagoniambiental.com.ar\/info\/"},{"@type":"ListItem","position":2,"name":"Bariloche quiere despertar el inter\u00e9s privado en su Parque Tecnol\u00f3gico"}]},{"@type":"WebSite","@id":"https:\/\/patagoniambiental.com.ar\/info\/#website","url":"https:\/\/patagoniambiental.com.ar\/info\/","name":"Patagonia Ambiental","description":"Monitoreo y an\u00e1lisis de la situaci\u00f3n geopol\u00edtica en el mundo y su implicancia en la Patagonia","publisher":{"@id":"https:\/\/patagoniambiental.com.ar\/info\/#organization"},"potentialAction":[{"@type":"SearchAction","target":{"@type":"EntryPoint","urlTemplate":"https:\/\/patagoniambiental.com.ar\/info\/?s={search_term_string}"},"query-input":{"@type":"PropertyValueSpecification","valueRequired":true,"valueName":"search_term_string"}}],"inLanguage":"es"},{"@type":"Organization","@id":"https:\/\/patagoniambiental.com.ar\/info\/#organization","name":"Patagonia Ambiental","url":"https:\/\/patagoniambiental.com.ar\/info\/","logo":{"@type":"ImageObject","inLanguage":"es","@id":"https:\/\/patagoniambiental.com.ar\/info\/#\/schema\/logo\/image\/","url":"https:\/\/patagoniambiental.com.ar\/info\/wp-content\/uploads\/2025\/05\/LOGO-PATAGONIA-AMBIENTAL.png","contentUrl":"https:\/\/patagoniambiental.com.ar\/info\/wp-content\/uploads\/2025\/05\/LOGO-PATAGONIA-AMBIENTAL.png","width":433,"height":250,"caption":"Patagonia Ambiental"},"image":{"@id":"https:\/\/patagoniambiental.com.ar\/info\/#\/schema\/logo\/image\/"},"sameAs":["https:\/\/www.facebook.com\/patagonia.ambiental","https:\/\/x.com\/PatAmb"]},{"@type":"Person","@id":"https:\/\/patagoniambiental.com.ar\/info\/#\/schema\/person\/db12bff64bbcbf6a253710bf0ea37b5d","name":"Patagonia Ambiental","description":"Andr\u00e9s Nievas T\u00e9cnico en manejo ambiental, consultor Ambiental y escritor para medios locales e internacionales sobre temas de geopolitica y medio ambiente.","sameAs":["http:\/\/www.patagoniambiental.com.ar","https:\/\/www.facebook.com\/share\/1C1V8Gv9BX\/?mibextid=qi2Omg","@patagoniambiental","https:\/\/youtube.com\/@patagoniaambiental2023?si=BLt58t0wuXquxlYZ"]}]}},"_links":{"self":[{"href":"https:\/\/patagoniambiental.com.ar\/info\/wp-json\/wp\/v2\/posts\/18052","targetHints":{"allow":["GET"]}}],"collection":[{"href":"https:\/\/patagoniambiental.com.ar\/info\/wp-json\/wp\/v2\/posts"}],"about":[{"href":"https:\/\/patagoniambiental.com.ar\/info\/wp-json\/wp\/v2\/types\/post"}],"author":[{"embeddable":true,"href":"https:\/\/patagoniambiental.com.ar\/info\/wp-json\/wp\/v2\/users\/2"}],"replies":[{"embeddable":true,"href":"https:\/\/patagoniambiental.com.ar\/info\/wp-json\/wp\/v2\/comments?post=18052"}],"version-history":[{"count":0,"href":"https:\/\/patagoniambiental.com.ar\/info\/wp-json\/wp\/v2\/posts\/18052\/revisions"}],"wp:attachment":[{"href":"https:\/\/patagoniambiental.com.ar\/info\/wp-json\/wp\/v2\/media?parent=18052"}],"wp:term":[{"taxonomy":"category","embeddable":true,"href":"https:\/\/patagoniambiental.com.ar\/info\/wp-json\/wp\/v2\/categories?post=18052"},{"taxonomy":"post_tag","embeddable":true,"href":"https:\/\/patagoniambiental.com.ar\/info\/wp-json\/wp\/v2\/tags?post=18052"}],"curies":[{"name":"wp","href":"https:\/\/api.w.org\/{rel}","templated":true}]}}